{"id":28669,"date":"2024-02-02T12:00:04","date_gmt":"2024-02-02T12:00:04","guid":{"rendered":"https:\/\/kibrisdakik.com\/index.php\/2024\/02\/02\/tore-gazi-universitesi-rektoru-prof-dr-musa-yildizi-kabul-etti\/"},"modified":"2024-02-02T12:00:04","modified_gmt":"2024-02-02T12:00:04","slug":"tore-gazi-universitesi-rektoru-prof-dr-musa-yildizi-kabul-etti","status":"publish","type":"post","link":"https:\/\/kibrisdakik.com\/?p=28669","title":{"rendered":"T\u00f6re, Gazi \u00dcniversitesi Rekt\u00f6r\u00fc Prof. Dr. Musa Y\u0131ld\u0131z\u2019\u0131 kabul etti"},"content":{"rendered":"<p><img decoding=\"async\" src=\"https:\/\/www.kibristurk.com\/images\/haberler\/2024\/02\/tore-gazi-universitesi-rektoru-prof-dr-musa-yildizi-kabul-etti-1706871489.webp\" \/><\/p>\n<p style=\"text-align:left\"><span style=\"font-size:16px\"><span style=\"font-family:Merriweather,serif !important\"><span style=\"color:#000000\"><span style=\"background-color:#ffffff\"><span style=\"font-size:16px !important\"><span style=\"font-family:Merriweather,serif !important\"><span style=\"color:#000000 !important\">Meclis\u2019ten verilen bilgiye g\u00f6re, Meclis \u015eeref Salonu\u2019nda ger\u00e7ekle\u015fen kabulde konu\u015fan T\u00f6re, gazili\u011fin \u00e7ok \u015ferefli bir unvan oldu\u011funu ve \u00fcniversitenin ad\u0131n\u0131n Gazi olmas\u0131n\u0131n kendilerini mutlu etti\u011fini s\u00f6yledi.<\/span><\/span><\/span><\/span><\/span><\/span><\/span><\/p>\n<p style=\"text-align:left\"><span style=\"font-size:16px\"><span style=\"font-family:Merriweather,serif !important\"><span style=\"color:#000000\"><span style=\"background-color:#ffffff\"><span style=\"font-size:16px !important\"><span style=\"font-family:Merriweather,serif !important\"><span style=\"color:#000000 !important\">T\u00f6re, vatan\u0131n sadece KKTC ile T\u00fcrkiye Cumhuriyeti\u2019nin s\u0131n\u0131rlar\u0131ndan ibaret olmad\u0131\u011f\u0131n\u0131 vurgulayarak, can verdikleri her yerin kendileri i\u00e7in kutsal oldu\u011funu kaydetti. T\u00f6re, t\u00fcm Gazi \u00dcniversitesi \u00e7al\u0131\u015fanlar\u0131na ve akademik personeline de ba\u015far\u0131lar diledi.<\/span><\/span><\/span><\/span><\/span><\/span><\/span><\/p>\n<p style=\"text-align:left\"><span style=\"font-size:16px\"><span style=\"font-family:Merriweather,serif !important\"><span style=\"color:#000000\"><span style=\"background-color:#ffffff\"><span style=\"font-size:16px !important\"><span style=\"font-family:Merriweather,serif !important\"><span style=\"color:#000000 !important\">Gazi \u00dcniversitesi Rekt\u00f6r\u00fc Prof. Dr. Musa Y\u0131ld\u0131z da, Do\u011fu Akdeniz \u00dcniversitesi ile ili\u015fkilerinin iyi seviyede oldu\u011funu, bunu daha da art\u0131racaklar\u0131n\u0131 ifade etti.<\/span><\/span><\/span><\/span><\/span><\/span><\/span><\/p>\n<p style=\"text-align:left\"><span style=\"font-size:16px\"><span style=\"font-family:Merriweather,serif !important\"><span style=\"color:#000000\"><span style=\"background-color:#ffffff\"><span style=\"font-size:16px !important\"><span style=\"font-family:Merriweather,serif !important\"><span style=\"color:#000000 !important\">Konu\u015fmalar\u0131n ard\u0131ndan kar\u015f\u0131l\u0131kl\u0131 hediye teatisinde bulunuldu.<\/span><\/span><\/span><\/span><\/span><\/span><\/span><\/p>\n","protected":false},"excerpt":{"rendered":"<p>Meclis\u2019ten verilen bilgiye g\u00f6re, Meclis \u015eeref Salonu\u2019nda ger\u00e7ekle\u015fen kabulde konu\u015fan T\u00f6re, gazili\u011fin \u00e7ok \u015ferefli bir unvan oldu\u011funu ve \u00fcniversitenin ad\u0131n\u0131n Gazi olmas\u0131n\u0131n kendilerini mutlu etti\u011fini s\u00f6yledi. T\u00f6re, vatan\u0131n sadece KKTC ile T\u00fcrkiye Cumhuriyeti\u2019nin s\u0131n\u0131rlar\u0131ndan ibaret olmad\u0131\u011f\u0131n\u0131 vurgulayarak, can verdikleri her yerin kendileri i\u00e7in kutsal oldu\u011funu kaydetti. T\u00f6re, t\u00fcm Gazi \u00dcniversitesi \u00e7al\u0131\u015fanlar\u0131na ve akademik personeline de<\/p>\n","protected":false},"author":1,"featured_media":28670,"comment_status":"open","ping_status":"open","sticky":false,"template":"","format":"standard","meta":{"footnotes":""},"categories":[1],"tags":[],"class_list":["post-28669","post","type-post","status-publish","format-standard","has-post-thumbnail","hentry","category-gundem"],"yoast_head":"<!-- This site is optimized with the Yoast SEO plugin v27.4 - https:\/\/yoast.com\/product\/yoast-seo-wordpress\/ -->\n<title>T\u00f6re, Gazi \u00dcniversitesi Rekt\u00f6r\u00fc Prof. Dr. Musa Y\u0131ld\u0131z\u2019\u0131 kabul etti -<\/title>\n<meta name=\"robots\" content=\"index, follow, max-snippet:-1, max-image-preview:large, max-video-preview:-1\" \/>\n<link rel=\"canonical\" href=\"https:\/\/kibrisdakik.com\/?p=28669\" \/>\n<meta property=\"og:locale\" content=\"tr_TR\" \/>\n<meta property=\"og:type\" content=\"article\" \/>\n<meta property=\"og:title\" content=\"T\u00f6re, Gazi \u00dcniversitesi Rekt\u00f6r\u00fc Prof. Dr. Musa Y\u0131ld\u0131z\u2019\u0131 kabul etti -\" \/>\n<meta property=\"og:description\" content=\"Meclis\u2019ten verilen bilgiye g\u00f6re, Meclis \u015eeref Salonu\u2019nda ger\u00e7ekle\u015fen kabulde konu\u015fan T\u00f6re, gazili\u011fin \u00e7ok \u015ferefli bir unvan oldu\u011funu ve \u00fcniversitenin ad\u0131n\u0131n Gazi olmas\u0131n\u0131n kendilerini mutlu etti\u011fini s\u00f6yledi. T\u00f6re, vatan\u0131n sadece KKTC ile T\u00fcrkiye Cumhuriyeti\u2019nin s\u0131n\u0131rlar\u0131ndan ibaret olmad\u0131\u011f\u0131n\u0131 vurgulayarak, can verdikleri her yerin kendileri i\u00e7in kutsal oldu\u011funu kaydetti. T\u00f6re, t\u00fcm Gazi \u00dcniversitesi \u00e7al\u0131\u015fanlar\u0131na ve akademik personeline de\" \/>\n<meta property=\"og:url\" content=\"https:\/\/kibrisdakik.com\/?p=28669\" \/>\n<meta property=\"article:published_time\" content=\"2024-02-02T12:00:04+00:00\" \/>\n<meta property=\"og:image\" content=\"https:\/\/kibrisdakik.com\/wp-content\/uploads\/2024\/02\/tore-gazi-universitesi-rektoru-prof-dr-musa-yildizi-kabul-etti-1706871489.webp.webp\" \/>\n\t<meta property=\"og:image:width\" content=\"710\" \/>\n\t<meta property=\"og:image:height\" content=\"370\" \/>\n\t<meta property=\"og:image:type\" content=\"image\/webp\" \/>\n<meta name=\"author\" content=\"admin\" \/>\n<meta name=\"twitter:card\" content=\"summary_large_image\" \/>\n<meta name=\"twitter:label1\" content=\"Yazan:\" \/>\n\t<meta name=\"twitter:data1\" content=\"admin\" \/>\n\t<meta name=\"twitter:label2\" content=\"Tahmini okuma s\u00fcresi\" \/>\n\t<meta name=\"twitter:data2\" content=\"1 dakika\" \/>\n<script type=\"application\/ld+json\" class=\"yoast-schema-graph\">{\"@context\":\"https:\\\/\\\/schema.org\",\"@graph\":[{\"@type\":\"Article\",\"@id\":\"https:\\\/\\\/kibrisdakik.com\\\/?p=28669#article\",\"isPartOf\":{\"@id\":\"https:\\\/\\\/kibrisdakik.com\\\/?p=28669\"},\"author\":{\"name\":\"admin\",\"@id\":\"https:\\\/\\\/kibrisdakik.com\\\/#\\\/schema\\\/person\\\/9cd9d437bbb44f72b73ba127e06d8e79\"},\"headline\":\"T\u00f6re, Gazi \u00dcniversitesi Rekt\u00f6r\u00fc Prof. Dr. Musa Y\u0131ld\u0131z\u2019\u0131 kabul etti\",\"datePublished\":\"2024-02-02T12:00:04+00:00\",\"mainEntityOfPage\":{\"@id\":\"https:\\\/\\\/kibrisdakik.com\\\/?p=28669\"},\"wordCount\":143,\"commentCount\":0,\"image\":{\"@id\":\"https:\\\/\\\/kibrisdakik.com\\\/?p=28669#primaryimage\"},\"thumbnailUrl\":\"https:\\\/\\\/kibrisdakik.com\\\/wp-content\\\/uploads\\\/2024\\\/02\\\/tore-gazi-universitesi-rektoru-prof-dr-musa-yildizi-kabul-etti-1706871489.webp.webp\",\"articleSection\":[\"G\u00fcndem\"],\"inLanguage\":\"tr\",\"potentialAction\":[{\"@type\":\"CommentAction\",\"name\":\"Comment\",\"target\":[\"https:\\\/\\\/kibrisdakik.com\\\/?p=28669#respond\"]}]},{\"@type\":\"WebPage\",\"@id\":\"https:\\\/\\\/kibrisdakik.com\\\/?p=28669\",\"url\":\"https:\\\/\\\/kibrisdakik.com\\\/?p=28669\",\"name\":\"T\u00f6re, Gazi \u00dcniversitesi Rekt\u00f6r\u00fc Prof. Dr. Musa Y\u0131ld\u0131z\u2019\u0131 kabul etti -\",\"isPartOf\":{\"@id\":\"https:\\\/\\\/kibrisdakik.com\\\/#website\"},\"primaryImageOfPage\":{\"@id\":\"https:\\\/\\\/kibrisdakik.com\\\/?p=28669#primaryimage\"},\"image\":{\"@id\":\"https:\\\/\\\/kibrisdakik.com\\\/?p=28669#primaryimage\"},\"thumbnailUrl\":\"https:\\\/\\\/kibrisdakik.com\\\/wp-content\\\/uploads\\\/2024\\\/02\\\/tore-gazi-universitesi-rektoru-prof-dr-musa-yildizi-kabul-etti-1706871489.webp.webp\",\"datePublished\":\"2024-02-02T12:00:04+00:00\",\"author\":{\"@id\":\"https:\\\/\\\/kibrisdakik.com\\\/#\\\/schema\\\/person\\\/9cd9d437bbb44f72b73ba127e06d8e79\"},\"breadcrumb\":{\"@id\":\"https:\\\/\\\/kibrisdakik.com\\\/?p=28669#breadcrumb\"},\"inLanguage\":\"tr\",\"potentialAction\":[{\"@type\":\"ReadAction\",\"target\":[\"https:\\\/\\\/kibrisdakik.com\\\/?p=28669\"]}]},{\"@type\":\"ImageObject\",\"inLanguage\":\"tr\",\"@id\":\"https:\\\/\\\/kibrisdakik.com\\\/?p=28669#primaryimage\",\"url\":\"https:\\\/\\\/kibrisdakik.com\\\/wp-content\\\/uploads\\\/2024\\\/02\\\/tore-gazi-universitesi-rektoru-prof-dr-musa-yildizi-kabul-etti-1706871489.webp.webp\",\"contentUrl\":\"https:\\\/\\\/kibrisdakik.com\\\/wp-content\\\/uploads\\\/2024\\\/02\\\/tore-gazi-universitesi-rektoru-prof-dr-musa-yildizi-kabul-etti-1706871489.webp.webp\",\"width\":710,\"height\":370},{\"@type\":\"BreadcrumbList\",\"@id\":\"https:\\\/\\\/kibrisdakik.com\\\/?p=28669#breadcrumb\",\"itemListElement\":[{\"@type\":\"ListItem\",\"position\":1,\"name\":\"Home\",\"item\":\"https:\\\/\\\/kibrisdakik.com\\\/\"},{\"@type\":\"ListItem\",\"position\":2,\"name\":\"T\u00f6re, Gazi \u00dcniversitesi Rekt\u00f6r\u00fc Prof. Dr. Musa Y\u0131ld\u0131z\u2019\u0131 kabul etti\"}]},{\"@type\":\"WebSite\",\"@id\":\"https:\\\/\\\/kibrisdakik.com\\\/#website\",\"url\":\"https:\\\/\\\/kibrisdakik.com\\\/\",\"name\":\"\",\"description\":\"Tam vaktinde haber\",\"potentialAction\":[{\"@type\":\"SearchAction\",\"target\":{\"@type\":\"EntryPoint\",\"urlTemplate\":\"https:\\\/\\\/kibrisdakik.com\\\/?s={search_term_string}\"},\"query-input\":{\"@type\":\"PropertyValueSpecification\",\"valueRequired\":true,\"valueName\":\"search_term_string\"}}],\"inLanguage\":\"tr\"},{\"@type\":\"Person\",\"@id\":\"https:\\\/\\\/kibrisdakik.com\\\/#\\\/schema\\\/person\\\/9cd9d437bbb44f72b73ba127e06d8e79\",\"name\":\"admin\",\"image\":{\"@type\":\"ImageObject\",\"inLanguage\":\"tr\",\"@id\":\"https:\\\/\\\/secure.gravatar.com\\\/avatar\\\/ccc17943b9d660506c869530f897617f7cb1c21a4bf30023f252596d83e1f007?s=96&d=mm&r=g\",\"url\":\"https:\\\/\\\/secure.gravatar.com\\\/avatar\\\/ccc17943b9d660506c869530f897617f7cb1c21a4bf30023f252596d83e1f007?s=96&d=mm&r=g\",\"contentUrl\":\"https:\\\/\\\/secure.gravatar.com\\\/avatar\\\/ccc17943b9d660506c869530f897617f7cb1c21a4bf30023f252596d83e1f007?s=96&d=mm&r=g\",\"caption\":\"admin\"},\"sameAs\":[\"https:\\\/\\\/kibrisdakik.com\"],\"url\":\"https:\\\/\\\/kibrisdakik.com\\\/?author=1\"}]}<\/script>\n<!-- \/ Yoast SEO plugin. -->","yoast_head_json":{"title":"T\u00f6re, Gazi \u00dcniversitesi Rekt\u00f6r\u00fc Prof. Dr. Musa Y\u0131ld\u0131z\u2019\u0131 kabul etti -","robots":{"index":"index","follow":"follow","max-snippet":"max-snippet:-1","max-image-preview":"max-image-preview:large","max-video-preview":"max-video-preview:-1"},"canonical":"https:\/\/kibrisdakik.com\/?p=28669","og_locale":"tr_TR","og_type":"article","og_title":"T\u00f6re, Gazi \u00dcniversitesi Rekt\u00f6r\u00fc Prof. Dr. Musa Y\u0131ld\u0131z\u2019\u0131 kabul etti -","og_description":"Meclis\u2019ten verilen bilgiye g\u00f6re, Meclis \u015eeref Salonu\u2019nda ger\u00e7ekle\u015fen kabulde konu\u015fan T\u00f6re, gazili\u011fin \u00e7ok \u015ferefli bir unvan oldu\u011funu ve \u00fcniversitenin ad\u0131n\u0131n Gazi olmas\u0131n\u0131n kendilerini mutlu etti\u011fini s\u00f6yledi. T\u00f6re, vatan\u0131n sadece KKTC ile T\u00fcrkiye Cumhuriyeti\u2019nin s\u0131n\u0131rlar\u0131ndan ibaret olmad\u0131\u011f\u0131n\u0131 vurgulayarak, can verdikleri her yerin kendileri i\u00e7in kutsal oldu\u011funu kaydetti. T\u00f6re, t\u00fcm Gazi \u00dcniversitesi \u00e7al\u0131\u015fanlar\u0131na ve akademik personeline de","og_url":"https:\/\/kibrisdakik.com\/?p=28669","article_published_time":"2024-02-02T12:00:04+00:00","og_image":[{"width":710,"height":370,"url":"https:\/\/kibrisdakik.com\/wp-content\/uploads\/2024\/02\/tore-gazi-universitesi-rektoru-prof-dr-musa-yildizi-kabul-etti-1706871489.webp.webp","type":"image\/webp"}],"author":"admin","twitter_card":"summary_large_image","twitter_misc":{"Yazan:":"admin","Tahmini okuma s\u00fcresi":"1 dakika"},"schema":{"@context":"https:\/\/schema.org","@graph":[{"@type":"Article","@id":"https:\/\/kibrisdakik.com\/?p=28669#article","isPartOf":{"@id":"https:\/\/kibrisdakik.com\/?p=28669"},"author":{"name":"admin","@id":"https:\/\/kibrisdakik.com\/#\/schema\/person\/9cd9d437bbb44f72b73ba127e06d8e79"},"headline":"T\u00f6re, Gazi \u00dcniversitesi Rekt\u00f6r\u00fc Prof. Dr. Musa Y\u0131ld\u0131z\u2019\u0131 kabul etti","datePublished":"2024-02-02T12:00:04+00:00","mainEntityOfPage":{"@id":"https:\/\/kibrisdakik.com\/?p=28669"},"wordCount":143,"commentCount":0,"image":{"@id":"https:\/\/kibrisdakik.com\/?p=28669#primaryimage"},"thumbnailUrl":"https:\/\/kibrisdakik.com\/wp-content\/uploads\/2024\/02\/tore-gazi-universitesi-rektoru-prof-dr-musa-yildizi-kabul-etti-1706871489.webp.webp","articleSection":["G\u00fcndem"],"inLanguage":"tr","potentialAction":[{"@type":"CommentAction","name":"Comment","target":["https:\/\/kibrisdakik.com\/?p=28669#respond"]}]},{"@type":"WebPage","@id":"https:\/\/kibrisdakik.com\/?p=28669","url":"https:\/\/kibrisdakik.com\/?p=28669","name":"T\u00f6re, Gazi \u00dcniversitesi Rekt\u00f6r\u00fc Prof. Dr. Musa Y\u0131ld\u0131z\u2019\u0131 kabul etti -","isPartOf":{"@id":"https:\/\/kibrisdakik.com\/#website"},"primaryImageOfPage":{"@id":"https:\/\/kibrisdakik.com\/?p=28669#primaryimage"},"image":{"@id":"https:\/\/kibrisdakik.com\/?p=28669#primaryimage"},"thumbnailUrl":"https:\/\/kibrisdakik.com\/wp-content\/uploads\/2024\/02\/tore-gazi-universitesi-rektoru-prof-dr-musa-yildizi-kabul-etti-1706871489.webp.webp","datePublished":"2024-02-02T12:00:04+00:00","author":{"@id":"https:\/\/kibrisdakik.com\/#\/schema\/person\/9cd9d437bbb44f72b73ba127e06d8e79"},"breadcrumb":{"@id":"https:\/\/kibrisdakik.com\/?p=28669#breadcrumb"},"inLanguage":"tr","potentialAction":[{"@type":"ReadAction","target":["https:\/\/kibrisdakik.com\/?p=28669"]}]},{"@type":"ImageObject","inLanguage":"tr","@id":"https:\/\/kibrisdakik.com\/?p=28669#primaryimage","url":"https:\/\/kibrisdakik.com\/wp-content\/uploads\/2024\/02\/tore-gazi-universitesi-rektoru-prof-dr-musa-yildizi-kabul-etti-1706871489.webp.webp","contentUrl":"https:\/\/kibrisdakik.com\/wp-content\/uploads\/2024\/02\/tore-gazi-universitesi-rektoru-prof-dr-musa-yildizi-kabul-etti-1706871489.webp.webp","width":710,"height":370},{"@type":"BreadcrumbList","@id":"https:\/\/kibrisdakik.com\/?p=28669#breadcrumb","itemListElement":[{"@type":"ListItem","position":1,"name":"Home","item":"https:\/\/kibrisdakik.com\/"},{"@type":"ListItem","position":2,"name":"T\u00f6re, Gazi \u00dcniversitesi Rekt\u00f6r\u00fc Prof. Dr. Musa Y\u0131ld\u0131z\u2019\u0131 kabul etti"}]},{"@type":"WebSite","@id":"https:\/\/kibrisdakik.com\/#website","url":"https:\/\/kibrisdakik.com\/","name":"","description":"Tam vaktinde haber","potentialAction":[{"@type":"SearchAction","target":{"@type":"EntryPoint","urlTemplate":"https:\/\/kibrisdakik.com\/?s={search_term_string}"},"query-input":{"@type":"PropertyValueSpecification","valueRequired":true,"valueName":"search_term_string"}}],"inLanguage":"tr"},{"@type":"Person","@id":"https:\/\/kibrisdakik.com\/#\/schema\/person\/9cd9d437bbb44f72b73ba127e06d8e79","name":"admin","image":{"@type":"ImageObject","inLanguage":"tr","@id":"https:\/\/secure.gravatar.com\/avatar\/ccc17943b9d660506c869530f897617f7cb1c21a4bf30023f252596d83e1f007?s=96&d=mm&r=g","url":"https:\/\/secure.gravatar.com\/avatar\/ccc17943b9d660506c869530f897617f7cb1c21a4bf30023f252596d83e1f007?s=96&d=mm&r=g","contentUrl":"https:\/\/secure.gravatar.com\/avatar\/ccc17943b9d660506c869530f897617f7cb1c21a4bf30023f252596d83e1f007?s=96&d=mm&r=g","caption":"admin"},"sameAs":["https:\/\/kibrisdakik.com"],"url":"https:\/\/kibrisdakik.com\/?author=1"}]}},"_links":{"self":[{"href":"https:\/\/kibrisdakik.com\/index.php?rest_route=\/wp\/v2\/posts\/28669","targetHints":{"allow":["GET"]}}],"collection":[{"href":"https:\/\/kibrisdakik.com\/index.php?rest_route=\/wp\/v2\/posts"}],"about":[{"href":"https:\/\/kibrisdakik.com\/index.php?rest_route=\/wp\/v2\/types\/post"}],"author":[{"embeddable":true,"href":"https:\/\/kibrisdakik.com\/index.php?rest_route=\/wp\/v2\/users\/1"}],"replies":[{"embeddable":true,"href":"https:\/\/kibrisdakik.com\/index.php?rest_route=%2Fwp%2Fv2%2Fcomments&post=28669"}],"version-history":[{"count":0,"href":"https:\/\/kibrisdakik.com\/index.php?rest_route=\/wp\/v2\/posts\/28669\/revisions"}],"wp:featuredmedia":[{"embeddable":true,"href":"https:\/\/kibrisdakik.com\/index.php?rest_route=\/wp\/v2\/media\/28670"}],"wp:attachment":[{"href":"https:\/\/kibrisdakik.com\/index.php?rest_route=%2Fwp%2Fv2%2Fmedia&parent=28669"}],"wp:term":[{"taxonomy":"category","embeddable":true,"href":"https:\/\/kibrisdakik.com\/index.php?rest_route=%2Fwp%2Fv2%2Fcategories&post=28669"},{"taxonomy":"post_tag","embeddable":true,"href":"https:\/\/kibrisdakik.com\/index.php?rest_route=%2Fwp%2Fv2%2Ftags&post=28669"}],"curies":[{"name":"wp","href":"https:\/\/api.w.org\/{rel}","templated":true}]}}