{"id":28691,"date":"2024-02-02T14:15:00","date_gmt":"2024-02-02T14:15:00","guid":{"rendered":"https:\/\/kibrisdakik.com\/index.php\/2024\/02\/02\/ltbde-yeni-toplu-is-sozlesmesi-imzaladi\/"},"modified":"2024-02-02T14:15:00","modified_gmt":"2024-02-02T14:15:00","slug":"ltbde-yeni-toplu-is-sozlesmesi-imzaladi","status":"publish","type":"post","link":"https:\/\/kibrisdakik.com\/?p=28691","title":{"rendered":"LTB&#039;de yeni toplu i\u015f s\u00f6zle\u015fmesi imzalad\u0131"},"content":{"rendered":"<p><img decoding=\"async\" src=\"https:\/\/www.kibristurk.com\/images\/haberler\/2024\/02\/ltbde-yeni-toplu-is-sozlesmesi-imzaladi-1706883464.webp\" \/><\/p>\n<p style=\"text-align:left\"><span style=\"font-size:16px\"><span style=\"font-family:Merriweather,serif !important\"><span style=\"color:#000000\"><span style=\"background-color:#ffffff\">LTB\u2019den verilen bilgiye g\u00f6re, 1 Ocak 2024-31 Aral\u0131k 2025 tarihlerini kapsayan toplu i\u015f s\u00f6zle\u015fmesine LTB Ba\u015fkan\u0131 Mehmet Harmanc\u0131 ile BES Ba\u015fkan\u0131 Mustafa Yal\u0131nkaya imza koydu.<\/span><\/span><\/span><\/span><\/p>\n<p style=\"text-align:left\"><span style=\"font-size:16px\"><span style=\"font-family:Merriweather,serif !important\"><span style=\"color:#000000\"><span style=\"background-color:#ffffff\">LTB Ba\u015fkan\u0131 Mehmet Harmanc\u0131 ile BES Ba\u015fkan\u0131 Mustafa Yal\u0131nkaya, Belediyeler Yasas\u0131&#8217;n\u0131n belediyelere ma\u011fduriyet yaratt\u0131\u011f\u0131n\u0131 ve hayat\u0131 ucuzlatmak d\u00fc\u015f\u00fcncesiyle belediyelere ek gelir getirecek baz\u0131 d\u00fczenlemeler yap\u0131lmas\u0131 gerekti\u011fini a\u00e7\u0131klad\u0131.<\/span><\/span><\/span><\/span><\/p>\n<p style=\"text-align:left\"><span style=\"font-size:16px\"><span style=\"font-family:Merriweather,serif !important\"><span style=\"color:#000000\"><span style=\"background-color:#ffffff\">&nbsp;-Harmanc\u0131<\/span><\/span><\/span><\/span><\/p>\n<p style=\"text-align:left\"><span style=\"font-size:16px\"><span style=\"font-family:Merriweather,serif !important\"><span style=\"color:#000000\"><span style=\"background-color:#ffffff\">LTB Ba\u015fkan\u0131 Mehmet Harmanc\u0131, \u201c\u00c7al\u0131\u015fanlar\u0131ma bug\u00fcne kadar koyduklar\u0131 katk\u0131lardan dolay\u0131 te\u015fekk\u00fcr ediyorum. Eminim ki bu T\u0130S ile birlikte performans olarak da arkada\u015flar\u0131m\u0131z motive olacakt\u0131r ve Lefko\u015fal\u0131lara daha iyi hizmet sa\u011flamaya her zaman oldu\u011fu gibi devam edecektir. Herkese te\u015fekk\u00fcr ederim.\u201d dedi.<\/span><\/span><\/span><\/span><\/p>\n<p style=\"text-align:left\"><span style=\"font-size:16px\"><span style=\"font-family:Merriweather,serif !important\"><span style=\"color:#000000\"><span style=\"background-color:#ffffff\">\u015eehirde hayat\u0131n ucuzlamas\u0131 i\u00e7in att\u0131klar\u0131 ad\u0131mlara da de\u011finen Harmanc\u0131, LTB Meclisinin hizmet resmini y\u00fczde 25\u2019ten y\u00fczde 21\u2019e indirme karar\u0131 ald\u0131\u011f\u0131n\u0131 kaydetti.<\/span><\/span><\/span><\/span><\/p>\n<p style=\"text-align:left\"><span style=\"font-size:16px\"><span style=\"font-family:Merriweather,serif !important\"><span style=\"color:#000000\"><span style=\"background-color:#ffffff\">Her bir y\u00fczdelik diliminin ciddi bir mebla\u011f kar\u015f\u0131l\u0131\u011f\u0131 bulundu\u011funu belirten Harmanc\u0131, \u201cEkonomik ak\u0131l ve kararl\u0131 \u00e7al\u0131\u015fmalar\u0131m\u0131z sayesinde konutlar i\u00e7in hizmet resminde 2024 y\u0131l\u0131 i\u00e7in ortaya \u00e7\u0131kan \u00fccrette indirime gidebiliyoruz.\u201d dedi.<\/span><\/span><\/span><\/span><\/p>\n<p style=\"text-align:left\"><span style=\"font-size:16px\"><span style=\"font-family:Merriweather,serif !important\"><span style=\"color:#000000\"><span style=\"background-color:#ffffff\">Belediyeler Yasas\u0131&#8217;n\u0131n LTB i\u00e7in ma\u011fduriyet yaratt\u0131\u011f\u0131n\u0131 kaydeden Ba\u015fkan Harmanc\u0131 \u015f\u00f6yle konu\u015ftu:<\/span><\/span><\/span><\/span><\/p>\n<p style=\"text-align:left\"><span style=\"font-size:16px\"><span style=\"font-family:Merriweather,serif !important\"><span style=\"color:#000000\"><span style=\"background-color:#ffffff\">\u201cE\u011fer hayat\u0131n daha da ucuzlamas\u0131n\u0131 istiyorsak 2022 yaz\u0131nda sundu\u011fumuz somut \u00f6nerilerimiz masadad\u0131r. Bug\u00fcn ana muhalefet ile iktidar Meclis\u2019in nerede ise y\u00fczde 90\u2019\u0131na sahiptirler. E\u011fer bu \u00f6nerilerimizi dikkate al\u0131rlarsa Lefko\u015fal\u0131lara daha etkin hizmeti daha ucuza verme \u015fans\u0131m\u0131z olacak\u201d<\/span><\/span><\/span><\/span><\/p>\n<p style=\"text-align:left\"><span style=\"font-size:16px\"><span style=\"font-family:Merriweather,serif !important\"><span style=\"color:#000000\"><span style=\"background-color:#ffffff\">S\u00f6z konusu \u00f6nerilerini de hat\u0131rlatan Harmanc\u0131, \u015f\u00f6yle dedi:<\/span><\/span><\/span><\/span><\/p>\n<p style=\"text-align:left\"><span style=\"font-size:16px\"><span style=\"font-family:Merriweather,serif !important\"><span style=\"color:#000000\"><span style=\"background-color:#ffffff\">\u201cG\u00fcney K\u0131br\u0131s\u2019taki ara\u00e7lar i\u00e7in kesilen sigortalar\u0131n y\u00fczde &nbsp;10\u2019unun ilgili belediyeye aktar\u0131lmas\u0131, bunun kar\u015f\u0131l\u0131\u011f\u0131 y\u0131ll\u0131k ortalama 2 Milyon Euro\u2019dur. \u015eehirdeki \u00fcniversitelere kay\u0131t yapan her yabanc\u0131 \u00f6\u011frenciden bir akademik y\u0131l i\u00e7in 50 Euro al\u0131nmas\u0131 ki bunun da kar\u015f\u0131l\u0131\u011f\u0131 2 Milyon Euro civar\u0131ndad\u0131r. Alt\u0131n\u0131 \u00e7izmek isterim ki, bu iki gelir kaleminin hi\u00e7biri \u015fehirde ya\u015fayan insanlardan de\u011fildir. \u00dc\u00e7\u00fcnc\u00fc \u00f6nerimiz emlak vergilerinde vergi adaletin sa\u011flanmas\u0131. Pahal\u0131 evde oturan biri varsa pahal\u0131dan \u00f6desin, vergi adaleti sa\u011flans\u0131n, emin olun ki buradan da \u00f6nemli bir ihtiya\u00e7 kar\u015f\u0131lanacakt\u0131r. Devlet kurumlar\u0131 da emlak vergisi versin ya da belediyelerle mahsupla\u015fs\u0131n. D\u00f6rd\u00fcnc\u00fc olarak da e\u011fer co\u011frafya ve n\u00fcfus paralelli\u011finde bir devlet katk\u0131s\u0131 var ise, o zaman devlet y\u00fck\u00fcn\u00fc \u00e7eken kaymakaml\u0131k sahibi belediyelere de yerel gelirlerden %1 daha fazla kaynak aktar\u0131ls\u0131n\u201d<\/span><\/span><\/span><\/span><\/p>\n<p style=\"text-align:left\"><span style=\"font-size:16px\"><span style=\"font-family:Merriweather,serif !important\"><span style=\"color:#000000\"><span style=\"background-color:#ffffff\">Harmanc\u0131, s\u00f6z konusu maddelerin hayat bulmas\u0131 i\u00e7in hem muhalefet hem de iktidar partisine \u00e7a\u011fr\u0131da bulundu.<\/span><\/span><\/span><\/span><\/p>\n<p style=\"text-align:left\"><span style=\"font-size:16px\"><span style=\"font-family:Merriweather,serif !important\"><span style=\"color:#000000\"><span style=\"background-color:#ffffff\">&nbsp;-Yal\u0131nkaya<\/span><\/span><\/span><\/span><\/p>\n<p style=\"text-align:left\"><span style=\"font-size:16px\"><span style=\"font-family:Merriweather,serif !important\"><span style=\"color:#000000\"><span style=\"background-color:#ffffff\">BES Ba\u015fkan\u0131 Mustafa Yal\u0131nkaya \u201c2014\u2019te b\u00fcy\u00fck bir enkazdan belediyeyi devralan \u015fimdiki y\u00f6netim ile gerek belediyenin s\u00fcrd\u00fcr\u00fclebilmesi gerekse emek\u00e7ilerin hak ve menfaatlerinin korunmas\u0131 konusunda adeta i\u011fneyle kuyu kazar gibi bu g\u00fcnlere geldik\u201d dedi.<\/span><\/span><\/span><\/span><\/p>\n<p style=\"text-align:left\"><span style=\"font-size:16px\"><span style=\"font-family:Merriweather,serif !important\"><span style=\"color:#000000\"><span style=\"background-color:#ffffff\">Mehmet Harmanc\u0131\u2019ya \u00e7al\u0131\u015fandan yana koydu\u011fu iradeden dolay\u0131 te\u015fekk\u00fcr eden Yal\u0131nkaya \u201cDe\u011fi\u015ftirilen yasa ile LTB\u2019nin ma\u011fduriyeti olu\u015ftu. H\u00fck\u00fcmetten bu yasay\u0131 tekrar ele alarak daha ger\u00e7ek\u00e7i, daha somut kararlarla ve t\u00fcm belediyeleri mutlu edebilecek \u015fekilde, halka hizmet verebilecek konuma getirmelerini talep ediyoruz.\u201d dedi.<\/span><\/span><\/span><\/span><\/p>\n","protected":false},"excerpt":{"rendered":"<p>LTB\u2019den verilen bilgiye g\u00f6re, 1 Ocak 2024-31 Aral\u0131k 2025 tarihlerini kapsayan toplu i\u015f s\u00f6zle\u015fmesine LTB Ba\u015fkan\u0131 Mehmet Harmanc\u0131 ile BES Ba\u015fkan\u0131 Mustafa Yal\u0131nkaya imza koydu. LTB Ba\u015fkan\u0131 Mehmet Harmanc\u0131 ile BES Ba\u015fkan\u0131 Mustafa Yal\u0131nkaya, Belediyeler Yasas\u0131&#8217;n\u0131n belediyelere ma\u011fduriyet yaratt\u0131\u011f\u0131n\u0131 ve hayat\u0131 ucuzlatmak d\u00fc\u015f\u00fcncesiyle belediyelere ek gelir getirecek baz\u0131 d\u00fczenlemeler yap\u0131lmas\u0131 gerekti\u011fini a\u00e7\u0131klad\u0131. &nbsp;-Harmanc\u0131 LTB Ba\u015fkan\u0131<\/p>\n","protected":false},"author":1,"featured_media":28692,"comment_status":"open","ping_status":"open","sticky":false,"template":"","format":"standard","meta":{"footnotes":""},"categories":[1],"tags":[],"class_list":["post-28691","post","type-post","status-publish","format-standard","has-post-thumbnail","hentry","category-gundem"],"yoast_head":"<!-- This site is optimized with the Yoast SEO plugin v27.5 - https:\/\/yoast.com\/product\/yoast-seo-wordpress\/ -->\n<title>LTB&#039;de yeni toplu i\u015f s\u00f6zle\u015fmesi imzalad\u0131 -<\/title>\n<meta name=\"robots\" content=\"index, follow, max-snippet:-1, max-image-preview:large, max-video-preview:-1\" \/>\n<link rel=\"canonical\" href=\"https:\/\/kibrisdakik.com\/?p=28691\" \/>\n<meta property=\"og:locale\" content=\"tr_TR\" \/>\n<meta property=\"og:type\" content=\"article\" \/>\n<meta property=\"og:title\" content=\"LTB&#039;de yeni toplu i\u015f s\u00f6zle\u015fmesi imzalad\u0131 -\" \/>\n<meta property=\"og:description\" content=\"LTB\u2019den verilen bilgiye g\u00f6re, 1 Ocak 2024-31 Aral\u0131k 2025 tarihlerini kapsayan toplu i\u015f s\u00f6zle\u015fmesine LTB Ba\u015fkan\u0131 Mehmet Harmanc\u0131 ile BES Ba\u015fkan\u0131 Mustafa Yal\u0131nkaya imza koydu. LTB Ba\u015fkan\u0131 Mehmet Harmanc\u0131 ile BES Ba\u015fkan\u0131 Mustafa Yal\u0131nkaya, Belediyeler Yasas\u0131&#8217;n\u0131n belediyelere ma\u011fduriyet yaratt\u0131\u011f\u0131n\u0131 ve hayat\u0131 ucuzlatmak d\u00fc\u015f\u00fcncesiyle belediyelere ek gelir getirecek baz\u0131 d\u00fczenlemeler yap\u0131lmas\u0131 gerekti\u011fini a\u00e7\u0131klad\u0131. &nbsp;-Harmanc\u0131 LTB Ba\u015fkan\u0131\" \/>\n<meta property=\"og:url\" content=\"https:\/\/kibrisdakik.com\/?p=28691\" \/>\n<meta property=\"article:published_time\" content=\"2024-02-02T14:15:00+00:00\" \/>\n<meta property=\"og:image\" content=\"https:\/\/kibrisdakik.com\/wp-content\/uploads\/2024\/02\/ltbde-yeni-toplu-is-sozlesmesi-imzaladi-1706883464.webp.webp\" \/>\n\t<meta property=\"og:image:width\" content=\"710\" \/>\n\t<meta property=\"og:image:height\" content=\"370\" \/>\n\t<meta property=\"og:image:type\" content=\"image\/webp\" \/>\n<meta name=\"author\" content=\"admin\" \/>\n<meta name=\"twitter:card\" content=\"summary_large_image\" \/>\n<meta name=\"twitter:label1\" content=\"Yazan:\" \/>\n\t<meta name=\"twitter:data1\" content=\"admin\" \/>\n\t<meta name=\"twitter:label2\" content=\"Tahmini okuma s\u00fcresi\" \/>\n\t<meta name=\"twitter:data2\" content=\"3 dakika\" \/>\n<script type=\"application\/ld+json\" class=\"yoast-schema-graph\">{\"@context\":\"https:\\\/\\\/schema.org\",\"@graph\":[{\"@type\":\"Article\",\"@id\":\"https:\\\/\\\/kibrisdakik.com\\\/?p=28691#article\",\"isPartOf\":{\"@id\":\"https:\\\/\\\/kibrisdakik.com\\\/?p=28691\"},\"author\":{\"name\":\"admin\",\"@id\":\"https:\\\/\\\/kibrisdakik.com\\\/#\\\/schema\\\/person\\\/9cd9d437bbb44f72b73ba127e06d8e79\"},\"headline\":\"LTB&#039;de yeni toplu i\u015f s\u00f6zle\u015fmesi imzalad\u0131\",\"datePublished\":\"2024-02-02T14:15:00+00:00\",\"mainEntityOfPage\":{\"@id\":\"https:\\\/\\\/kibrisdakik.com\\\/?p=28691\"},\"wordCount\":567,\"commentCount\":0,\"image\":{\"@id\":\"https:\\\/\\\/kibrisdakik.com\\\/?p=28691#primaryimage\"},\"thumbnailUrl\":\"https:\\\/\\\/kibrisdakik.com\\\/wp-content\\\/uploads\\\/2024\\\/02\\\/ltbde-yeni-toplu-is-sozlesmesi-imzaladi-1706883464.webp.webp\",\"articleSection\":[\"G\u00fcndem\"],\"inLanguage\":\"tr\",\"potentialAction\":[{\"@type\":\"CommentAction\",\"name\":\"Comment\",\"target\":[\"https:\\\/\\\/kibrisdakik.com\\\/?p=28691#respond\"]}]},{\"@type\":\"WebPage\",\"@id\":\"https:\\\/\\\/kibrisdakik.com\\\/?p=28691\",\"url\":\"https:\\\/\\\/kibrisdakik.com\\\/?p=28691\",\"name\":\"LTB&#039;de yeni toplu i\u015f s\u00f6zle\u015fmesi imzalad\u0131 -\",\"isPartOf\":{\"@id\":\"https:\\\/\\\/kibrisdakik.com\\\/#website\"},\"primaryImageOfPage\":{\"@id\":\"https:\\\/\\\/kibrisdakik.com\\\/?p=28691#primaryimage\"},\"image\":{\"@id\":\"https:\\\/\\\/kibrisdakik.com\\\/?p=28691#primaryimage\"},\"thumbnailUrl\":\"https:\\\/\\\/kibrisdakik.com\\\/wp-content\\\/uploads\\\/2024\\\/02\\\/ltbde-yeni-toplu-is-sozlesmesi-imzaladi-1706883464.webp.webp\",\"datePublished\":\"2024-02-02T14:15:00+00:00\",\"author\":{\"@id\":\"https:\\\/\\\/kibrisdakik.com\\\/#\\\/schema\\\/person\\\/9cd9d437bbb44f72b73ba127e06d8e79\"},\"breadcrumb\":{\"@id\":\"https:\\\/\\\/kibrisdakik.com\\\/?p=28691#breadcrumb\"},\"inLanguage\":\"tr\",\"potentialAction\":[{\"@type\":\"ReadAction\",\"target\":[\"https:\\\/\\\/kibrisdakik.com\\\/?p=28691\"]}]},{\"@type\":\"ImageObject\",\"inLanguage\":\"tr\",\"@id\":\"https:\\\/\\\/kibrisdakik.com\\\/?p=28691#primaryimage\",\"url\":\"https:\\\/\\\/kibrisdakik.com\\\/wp-content\\\/uploads\\\/2024\\\/02\\\/ltbde-yeni-toplu-is-sozlesmesi-imzaladi-1706883464.webp.webp\",\"contentUrl\":\"https:\\\/\\\/kibrisdakik.com\\\/wp-content\\\/uploads\\\/2024\\\/02\\\/ltbde-yeni-toplu-is-sozlesmesi-imzaladi-1706883464.webp.webp\",\"width\":710,\"height\":370},{\"@type\":\"BreadcrumbList\",\"@id\":\"https:\\\/\\\/kibrisdakik.com\\\/?p=28691#breadcrumb\",\"itemListElement\":[{\"@type\":\"ListItem\",\"position\":1,\"name\":\"Home\",\"item\":\"https:\\\/\\\/kibrisdakik.com\\\/\"},{\"@type\":\"ListItem\",\"position\":2,\"name\":\"LTB&#039;de yeni toplu i\u015f s\u00f6zle\u015fmesi imzalad\u0131\"}]},{\"@type\":\"WebSite\",\"@id\":\"https:\\\/\\\/kibrisdakik.com\\\/#website\",\"url\":\"https:\\\/\\\/kibrisdakik.com\\\/\",\"name\":\"\",\"description\":\"Tam vaktinde haber\",\"potentialAction\":[{\"@type\":\"SearchAction\",\"target\":{\"@type\":\"EntryPoint\",\"urlTemplate\":\"https:\\\/\\\/kibrisdakik.com\\\/?s={search_term_string}\"},\"query-input\":{\"@type\":\"PropertyValueSpecification\",\"valueRequired\":true,\"valueName\":\"search_term_string\"}}],\"inLanguage\":\"tr\"},{\"@type\":\"Person\",\"@id\":\"https:\\\/\\\/kibrisdakik.com\\\/#\\\/schema\\\/person\\\/9cd9d437bbb44f72b73ba127e06d8e79\",\"name\":\"admin\",\"image\":{\"@type\":\"ImageObject\",\"inLanguage\":\"tr\",\"@id\":\"https:\\\/\\\/secure.gravatar.com\\\/avatar\\\/ccc17943b9d660506c869530f897617f7cb1c21a4bf30023f252596d83e1f007?s=96&d=mm&r=g\",\"url\":\"https:\\\/\\\/secure.gravatar.com\\\/avatar\\\/ccc17943b9d660506c869530f897617f7cb1c21a4bf30023f252596d83e1f007?s=96&d=mm&r=g\",\"contentUrl\":\"https:\\\/\\\/secure.gravatar.com\\\/avatar\\\/ccc17943b9d660506c869530f897617f7cb1c21a4bf30023f252596d83e1f007?s=96&d=mm&r=g\",\"caption\":\"admin\"},\"sameAs\":[\"https:\\\/\\\/kibrisdakik.com\"],\"url\":\"https:\\\/\\\/kibrisdakik.com\\\/?author=1\"}]}<\/script>\n<!-- \/ Yoast SEO plugin. -->","yoast_head_json":{"title":"LTB&#039;de yeni toplu i\u015f s\u00f6zle\u015fmesi imzalad\u0131 -","robots":{"index":"index","follow":"follow","max-snippet":"max-snippet:-1","max-image-preview":"max-image-preview:large","max-video-preview":"max-video-preview:-1"},"canonical":"https:\/\/kibrisdakik.com\/?p=28691","og_locale":"tr_TR","og_type":"article","og_title":"LTB&#039;de yeni toplu i\u015f s\u00f6zle\u015fmesi imzalad\u0131 -","og_description":"LTB\u2019den verilen bilgiye g\u00f6re, 1 Ocak 2024-31 Aral\u0131k 2025 tarihlerini kapsayan toplu i\u015f s\u00f6zle\u015fmesine LTB Ba\u015fkan\u0131 Mehmet Harmanc\u0131 ile BES Ba\u015fkan\u0131 Mustafa Yal\u0131nkaya imza koydu. LTB Ba\u015fkan\u0131 Mehmet Harmanc\u0131 ile BES Ba\u015fkan\u0131 Mustafa Yal\u0131nkaya, Belediyeler Yasas\u0131&#8217;n\u0131n belediyelere ma\u011fduriyet yaratt\u0131\u011f\u0131n\u0131 ve hayat\u0131 ucuzlatmak d\u00fc\u015f\u00fcncesiyle belediyelere ek gelir getirecek baz\u0131 d\u00fczenlemeler yap\u0131lmas\u0131 gerekti\u011fini a\u00e7\u0131klad\u0131. &nbsp;-Harmanc\u0131 LTB Ba\u015fkan\u0131","og_url":"https:\/\/kibrisdakik.com\/?p=28691","article_published_time":"2024-02-02T14:15:00+00:00","og_image":[{"width":710,"height":370,"url":"https:\/\/kibrisdakik.com\/wp-content\/uploads\/2024\/02\/ltbde-yeni-toplu-is-sozlesmesi-imzaladi-1706883464.webp.webp","type":"image\/webp"}],"author":"admin","twitter_card":"summary_large_image","twitter_misc":{"Yazan:":"admin","Tahmini okuma s\u00fcresi":"3 dakika"},"schema":{"@context":"https:\/\/schema.org","@graph":[{"@type":"Article","@id":"https:\/\/kibrisdakik.com\/?p=28691#article","isPartOf":{"@id":"https:\/\/kibrisdakik.com\/?p=28691"},"author":{"name":"admin","@id":"https:\/\/kibrisdakik.com\/#\/schema\/person\/9cd9d437bbb44f72b73ba127e06d8e79"},"headline":"LTB&#039;de yeni toplu i\u015f s\u00f6zle\u015fmesi imzalad\u0131","datePublished":"2024-02-02T14:15:00+00:00","mainEntityOfPage":{"@id":"https:\/\/kibrisdakik.com\/?p=28691"},"wordCount":567,"commentCount":0,"image":{"@id":"https:\/\/kibrisdakik.com\/?p=28691#primaryimage"},"thumbnailUrl":"https:\/\/kibrisdakik.com\/wp-content\/uploads\/2024\/02\/ltbde-yeni-toplu-is-sozlesmesi-imzaladi-1706883464.webp.webp","articleSection":["G\u00fcndem"],"inLanguage":"tr","potentialAction":[{"@type":"CommentAction","name":"Comment","target":["https:\/\/kibrisdakik.com\/?p=28691#respond"]}]},{"@type":"WebPage","@id":"https:\/\/kibrisdakik.com\/?p=28691","url":"https:\/\/kibrisdakik.com\/?p=28691","name":"LTB&#039;de yeni toplu i\u015f s\u00f6zle\u015fmesi imzalad\u0131 -","isPartOf":{"@id":"https:\/\/kibrisdakik.com\/#website"},"primaryImageOfPage":{"@id":"https:\/\/kibrisdakik.com\/?p=28691#primaryimage"},"image":{"@id":"https:\/\/kibrisdakik.com\/?p=28691#primaryimage"},"thumbnailUrl":"https:\/\/kibrisdakik.com\/wp-content\/uploads\/2024\/02\/ltbde-yeni-toplu-is-sozlesmesi-imzaladi-1706883464.webp.webp","datePublished":"2024-02-02T14:15:00+00:00","author":{"@id":"https:\/\/kibrisdakik.com\/#\/schema\/person\/9cd9d437bbb44f72b73ba127e06d8e79"},"breadcrumb":{"@id":"https:\/\/kibrisdakik.com\/?p=28691#breadcrumb"},"inLanguage":"tr","potentialAction":[{"@type":"ReadAction","target":["https:\/\/kibrisdakik.com\/?p=28691"]}]},{"@type":"ImageObject","inLanguage":"tr","@id":"https:\/\/kibrisdakik.com\/?p=28691#primaryimage","url":"https:\/\/kibrisdakik.com\/wp-content\/uploads\/2024\/02\/ltbde-yeni-toplu-is-sozlesmesi-imzaladi-1706883464.webp.webp","contentUrl":"https:\/\/kibrisdakik.com\/wp-content\/uploads\/2024\/02\/ltbde-yeni-toplu-is-sozlesmesi-imzaladi-1706883464.webp.webp","width":710,"height":370},{"@type":"BreadcrumbList","@id":"https:\/\/kibrisdakik.com\/?p=28691#breadcrumb","itemListElement":[{"@type":"ListItem","position":1,"name":"Home","item":"https:\/\/kibrisdakik.com\/"},{"@type":"ListItem","position":2,"name":"LTB&#039;de yeni toplu i\u015f s\u00f6zle\u015fmesi imzalad\u0131"}]},{"@type":"WebSite","@id":"https:\/\/kibrisdakik.com\/#website","url":"https:\/\/kibrisdakik.com\/","name":"","description":"Tam vaktinde haber","potentialAction":[{"@type":"SearchAction","target":{"@type":"EntryPoint","urlTemplate":"https:\/\/kibrisdakik.com\/?s={search_term_string}"},"query-input":{"@type":"PropertyValueSpecification","valueRequired":true,"valueName":"search_term_string"}}],"inLanguage":"tr"},{"@type":"Person","@id":"https:\/\/kibrisdakik.com\/#\/schema\/person\/9cd9d437bbb44f72b73ba127e06d8e79","name":"admin","image":{"@type":"ImageObject","inLanguage":"tr","@id":"https:\/\/secure.gravatar.com\/avatar\/ccc17943b9d660506c869530f897617f7cb1c21a4bf30023f252596d83e1f007?s=96&d=mm&r=g","url":"https:\/\/secure.gravatar.com\/avatar\/ccc17943b9d660506c869530f897617f7cb1c21a4bf30023f252596d83e1f007?s=96&d=mm&r=g","contentUrl":"https:\/\/secure.gravatar.com\/avatar\/ccc17943b9d660506c869530f897617f7cb1c21a4bf30023f252596d83e1f007?s=96&d=mm&r=g","caption":"admin"},"sameAs":["https:\/\/kibrisdakik.com"],"url":"https:\/\/kibrisdakik.com\/?author=1"}]}},"_links":{"self":[{"href":"https:\/\/kibrisdakik.com\/index.php?rest_route=\/wp\/v2\/posts\/28691","targetHints":{"allow":["GET"]}}],"collection":[{"href":"https:\/\/kibrisdakik.com\/index.php?rest_route=\/wp\/v2\/posts"}],"about":[{"href":"https:\/\/kibrisdakik.com\/index.php?rest_route=\/wp\/v2\/types\/post"}],"author":[{"embeddable":true,"href":"https:\/\/kibrisdakik.com\/index.php?rest_route=\/wp\/v2\/users\/1"}],"replies":[{"embeddable":true,"href":"https:\/\/kibrisdakik.com\/index.php?rest_route=%2Fwp%2Fv2%2Fcomments&post=28691"}],"version-history":[{"count":0,"href":"https:\/\/kibrisdakik.com\/index.php?rest_route=\/wp\/v2\/posts\/28691\/revisions"}],"wp:featuredmedia":[{"embeddable":true,"href":"https:\/\/kibrisdakik.com\/index.php?rest_route=\/wp\/v2\/media\/28692"}],"wp:attachment":[{"href":"https:\/\/kibrisdakik.com\/index.php?rest_route=%2Fwp%2Fv2%2Fmedia&parent=28691"}],"wp:term":[{"taxonomy":"category","embeddable":true,"href":"https:\/\/kibrisdakik.com\/index.php?rest_route=%2Fwp%2Fv2%2Fcategories&post=28691"},{"taxonomy":"post_tag","embeddable":true,"href":"https:\/\/kibrisdakik.com\/index.php?rest_route=%2Fwp%2Fv2%2Ftags&post=28691"}],"curies":[{"name":"wp","href":"https:\/\/api.w.org\/{rel}","templated":true}]}}