{"id":28721,"date":"2024-02-02T17:05:08","date_gmt":"2024-02-02T17:05:08","guid":{"rendered":"https:\/\/kibrisdakik.com\/index.php\/2024\/02\/02\/ctp-genel-sekreteri-akansoy-cozum-icin-tek-zemin-federasyondur\/"},"modified":"2024-02-02T17:05:08","modified_gmt":"2024-02-02T17:05:08","slug":"ctp-genel-sekreteri-akansoy-cozum-icin-tek-zemin-federasyondur","status":"publish","type":"post","link":"https:\/\/kibrisdakik.com\/?p=28721","title":{"rendered":"CTP Genel Sekreteri Akansoy: \u201c\u00c7\u00f6z\u00fcm i\u00e7in tek zemin federasyondur\u201d"},"content":{"rendered":"<p><img decoding=\"async\" src=\"https:\/\/www.kibristurk.com\/images\/haberler\/2024\/02\/ctp-genel-sekreteri-akansoy-cozum-icin-tek-zemin-federasyondur-1706890705.webp\" \/><\/p>\n<p style=\"text-align:left\"><span style=\"font-size:16px\"><span style=\"font-family:Merriweather,serif !important\"><span style=\"color:#000000\"><span style=\"background-color:#ffffff\">CTP\u2019den yap\u0131lan a\u00e7\u0131klamaya g\u00f6re, Akansoy, d\u00fcn K\u0131br\u0131s Postas\u0131\u2019nda yay\u0131nlanan \u201cObjektif\u201d program\u0131na kat\u0131larak, g\u00fcndemdeki konular\u0131 de\u011ferlendirdi.<\/span><\/span><\/span><\/span><\/p>\n<p style=\"text-align:left\"><span style=\"font-size:16px\"><span style=\"font-family:Merriweather,serif !important\"><span style=\"color:#000000\"><span style=\"background-color:#ffffff\">Yeniden ba\u015flamas\u0131 muhtemel bir s\u00fcre\u00e7 i\u00e7in K\u0131br\u0131sl\u0131 T\u00fcrklerin hak ve \u00e7\u0131karlar\u0131n\u0131n en iyi \u00f6l\u00e7\u00fcde korunmas\u0131 gerekti\u011fini ifade eden As\u0131m Akansoy, \u201cCumhurba\u015fkan\u0131 Ersin Tatar\u2019\u0131n savundu\u011fu tezlerle ortak bir zeminde bulu\u015fulmas\u0131n\u0131n m\u00fcmk\u00fcn olmayaca\u011f\u0131n\u0131\u201d savundu.<\/span><\/span><\/span><\/span><\/p>\n<p style=\"text-align:left\"><span style=\"font-size:16px\"><span style=\"font-family:Merriweather,serif !important\"><span style=\"color:#000000\"><span style=\"background-color:#ffffff\">K\u0131br\u0131s sorununa \u00e7\u00f6z\u00fcm bulmak i\u00e7in bulu\u015fulmas\u0131 gereken ortak zeminin tek ve belli oldu\u011funu dile getiren Akansoy, \u201cBu zemin, BMGK kararlar\u0131nda oldu\u011fu gibi, iki toplumlu, iki kesimli ve siyasi e\u015fitli\u011fe dayal\u0131 federal anla\u015fmad\u0131r\u201d dedi.<\/span><\/span><\/span><\/span><\/p>\n<p style=\"text-align:left\"><span style=\"font-size:16px\"><span style=\"font-family:Merriweather,serif !important\"><span style=\"color:#000000\"><span style=\"background-color:#ffffff\">BM Genel Sekreteri\u2019nin Ki\u015fisel Temsilcisi&nbsp;<span style=\"font-size:14px\"><span style=\"font-family:Merriweather,serif !important\"><span style=\"color:#4d5156\">Maria Angela Holguin Cuellar&#8217;\u0131n<\/span><\/span><\/span><span style=\"font-size:12pt\"><span style=\"font-family:Merriweather,serif !important\"><span style=\"color:#000000 !important\">, K\u0131br\u0131s sorunu ekseninde hareket alan\u0131n\u0131n belli oldu\u011funu ifade eden Genel Sekreter Akansoy, \u201cbu alan\u0131n i\u00e7erisinde iki ayr\u0131 egemenlik ve e\u015fit uluslararas\u0131 temsiliyet bulunmad\u0131\u011f\u0131n\u0131\u201d kaydetti. Yeni bir zemin aray\u0131\u015f\u0131 olmad\u0131\u011f\u0131n\u0131 belirten Akansoy, s\u00fcrecin, akl\u0131selim ve sa\u011fduyulu bir \u015fekilde g\u00f6t\u00fcr\u00fclmesi gerekti\u011fini s\u00f6yledi.<\/span><\/span><\/span><\/span><\/span><\/span><\/span><\/p>\n<p style=\"text-align:left\">&nbsp;<\/p>\n<p style=\"text-align:left\"><span style=\"font-size:16px\"><span style=\"font-family:Merriweather,serif !important\"><span style=\"color:#000000\"><span style=\"background-color:#ffffff\">Holguin\u2019e kar\u015f\u0131 maksimalist g\u00f6r\u00fc\u015fler ortaya koyarak, zorluk \u00e7\u0131kar\u0131lmamas\u0131 gerekti\u011fini kaydeden Akansoy, t\u00fcm taraflar\u0131n Holguin\u2019e yard\u0131mc\u0131 oldu\u011fu, yap\u0131c\u0131 bir s\u00fcrecin in\u015fa edilmesi gerekti\u011fini belirtti.<\/span><\/span><\/span><\/span><\/p>\n<p style=\"text-align:left\"><span style=\"font-size:16px\"><span style=\"font-family:Merriweather,serif !important\"><span style=\"color:#000000\"><span style=\"background-color:#ffffff\">-\u201cHolguin eski temsilcilerden farkl\u0131 davran\u0131yor\u201d<\/span><\/span><\/span><\/span><\/p>\n<p style=\"text-align:left\"><span style=\"font-size:16px\"><span style=\"font-family:Merriweather,serif !important\"><span style=\"color:#000000\"><span style=\"background-color:#ffffff\">Maria Holguin\u2019in, daha \u00f6nceki temsilcilere g\u00f6re daha farkl\u0131 bir \u00e7al\u0131\u015fma prensibi ortaya koydu\u011funu ifade eden As\u0131m Akansoy, yeni ki\u015fisel temsilcinin sadece iki toplum liderleriyle de\u011fil, siyasi partiler ve sivil toplum \u00f6rg\u00fctleriyle de g\u00f6r\u00fc\u015ferek, toplumlar\u0131n t\u00fcm kesimlerinin g\u00f6r\u00fc\u015flerini almak istedi\u011fini s\u00f6yledi.<\/span><\/span><\/span><\/span><\/p>\n<p style=\"text-align:left\"><span style=\"font-size:16px\"><span style=\"font-family:Merriweather,serif !important\"><span style=\"color:#000000\"><span style=\"background-color:#ffffff\">\u201cHolguin\u2019e yol ve alan a\u00e7\u0131c\u0131 olmam\u0131z, kendisinin objektif, ger\u00e7ek\u00e7i rapor haz\u0131rlamas\u0131n\u0131, de\u011ferlendirme yapmas\u0131n\u0131 sa\u011flamam\u0131z gerekiyor\u201d diyen Akansoy, adil ve kal\u0131c\u0131 bir bar\u0131\u015f i\u00e7in, Holguin\u2019in yarat\u0131c\u0131l\u0131\u011f\u0131n\u0131 ortaya koymas\u0131n\u0131n sa\u011flanmas\u0131 gerekti\u011fini kaydetti.<\/span><\/span><\/span><\/span><\/p>\n<p style=\"text-align:left\"><span style=\"font-size:16px\"><span style=\"font-family:Merriweather,serif !important\"><span style=\"color:#000000\"><span style=\"background-color:#ffffff\">-\u201cM\u00fczakere edilsin diye m\u00fczakere s\u00fcreci ba\u015flamas\u0131na kar\u015f\u0131y\u0131z\u201d<\/span><\/span><\/span><\/span><\/p>\n<p style=\"text-align:left\"><span style=\"font-size:16px\"><span style=\"font-family:Merriweather,serif !important\"><span style=\"color:#000000\"><span style=\"background-color:#ffffff\">CTP olarak m\u00fczakere s\u00fcrecinin, bir takvimle s\u0131n\u0131rl\u0131 ve sonu\u00e7 odakl\u0131 olmas\u0131 gerekti\u011fini s\u00f6ylediklerine i\u015faret eden Akansoy, bunun BM Genel Sekreteri\u2019nin raporunda olan bir konu oldu\u011funu s\u00f6yledi. Akansoy, \u201cM\u00fczakere olsun diye m\u00fczakere edilmesine kar\u015f\u0131y\u0131z\u201d dedi.<\/span><\/span><\/span><\/span><\/p>\n<p style=\"text-align:left\"><span style=\"font-size:16px\"><span style=\"font-family:Merriweather,serif !important\"><span style=\"color:#000000\"><span style=\"background-color:#ffffff\">2006 y\u0131l\u0131ndan 2017 y\u0131l\u0131na kadar var\u0131lan mutabakatlar\u0131n dikkate al\u0131nmas\u0131 gerekti\u011fini belirten Akansoy, \u201cE\u015fitli\u011fimizin temeli, BM G\u00fcvenlik Konseyi\u2019nin ilgili kararlar\u0131nda ve 11 \u015eubat 2014 belgesindedir\u201d \u015feklinde konu\u015ftu. T\u00fcm bunlar\u0131n dikkate al\u0131n\u0131p, sona do\u011fru y\u00fcr\u00fcnen yeni bir final s\u00fcreci talep ettiklerini kaydeden Akansoy, s\u0131f\u0131rdan bir s\u00fcre\u00e7 istemediklerini s\u00f6yledi.<\/span><\/span><\/span><\/span><\/p>\n<p style=\"text-align:left\"><span style=\"font-size:16px\"><span style=\"font-family:Merriweather,serif !important\"><span style=\"color:#000000\"><span style=\"background-color:#ffffff\">-\u201cSiyasi e\u015fitlik temel parametredir\u201d<\/span><\/span><\/span><\/span><\/p>\n<p style=\"text-align:left\"><span style=\"font-size:16px\"><span style=\"font-family:Merriweather,serif !important\"><span style=\"color:#000000\"><span style=\"background-color:#ffffff\">Siyasi e\u015fitlik konusunun, K\u0131br\u0131sl\u0131 T\u00fcrkler a\u00e7\u0131s\u0131ndan temel bir parametre oldu\u011funu ifade eden Akansoy, \u015funlar\u0131 kaydetti:<\/span><\/span><\/span><\/span><\/p>\n<p style=\"text-align:left\"><span style=\"font-size:16px\"><span style=\"font-family:Merriweather,serif !important\"><span style=\"color:#000000\"><span style=\"background-color:#ffffff\">\u201cSiyasi e\u015fitli\u011fin pazarl\u0131k konusu yap\u0131lmas\u0131n\u0131 kabul etmiyoruz. Egemenli\u011fin iki halktan kaynaklanaca\u011f\u0131n\u0131 ve Bakanlar Kurulu\u2019nda K\u0131br\u0131s T\u00fcrklerin bir olumlu oyu olmas\u0131 yan\u0131nda t\u00fcm federal organlarda K\u0131br\u0131sl\u0131 T\u00fcrklerin olumlu oyunun ka\u00e7\u0131n\u0131lmaz oldu\u011fu bir d\u00fczenleme istiyoruz. Bizim parti olarak istedi\u011fimiz federal bir \u00e7\u00f6z\u00fcme gitmektir. K\u0131br\u0131sl\u0131 Rumlar\u0131 bilmiyorum ama K\u0131br\u0131sl\u0131 T\u00fcrklerin art\u0131k yeniden aylarca, y\u0131llarca m\u00fczakereye tahamm\u00fcl\u00fc kalmam\u0131\u015ft\u0131r.\u201d<\/span><\/span><\/span><\/span><\/p>\n","protected":false},"excerpt":{"rendered":"<p>CTP\u2019den yap\u0131lan a\u00e7\u0131klamaya g\u00f6re, Akansoy, d\u00fcn K\u0131br\u0131s Postas\u0131\u2019nda yay\u0131nlanan \u201cObjektif\u201d program\u0131na kat\u0131larak, g\u00fcndemdeki konular\u0131 de\u011ferlendirdi. Yeniden ba\u015flamas\u0131 muhtemel bir s\u00fcre\u00e7 i\u00e7in K\u0131br\u0131sl\u0131 T\u00fcrklerin hak ve \u00e7\u0131karlar\u0131n\u0131n en iyi \u00f6l\u00e7\u00fcde korunmas\u0131 gerekti\u011fini ifade eden As\u0131m Akansoy, \u201cCumhurba\u015fkan\u0131 Ersin Tatar\u2019\u0131n savundu\u011fu tezlerle ortak bir zeminde bulu\u015fulmas\u0131n\u0131n m\u00fcmk\u00fcn olmayaca\u011f\u0131n\u0131\u201d savundu. K\u0131br\u0131s sorununa \u00e7\u00f6z\u00fcm bulmak i\u00e7in bulu\u015fulmas\u0131 gereken ortak<\/p>\n","protected":false},"author":1,"featured_media":28722,"comment_status":"open","ping_status":"open","sticky":false,"template":"","format":"standard","meta":{"footnotes":""},"categories":[1],"tags":[],"class_list":["post-28721","post","type-post","status-publish","format-standard","has-post-thumbnail","hentry","category-gundem"],"yoast_head":"<!-- This site is optimized with the Yoast SEO plugin v27.4 - https:\/\/yoast.com\/product\/yoast-seo-wordpress\/ -->\n<title>CTP Genel Sekreteri Akansoy: \u201c\u00c7\u00f6z\u00fcm i\u00e7in tek zemin federasyondur\u201d -<\/title>\n<meta name=\"robots\" content=\"index, follow, max-snippet:-1, max-image-preview:large, max-video-preview:-1\" \/>\n<link rel=\"canonical\" href=\"https:\/\/kibrisdakik.com\/?p=28721\" \/>\n<meta property=\"og:locale\" content=\"tr_TR\" \/>\n<meta property=\"og:type\" content=\"article\" \/>\n<meta property=\"og:title\" content=\"CTP Genel Sekreteri Akansoy: \u201c\u00c7\u00f6z\u00fcm i\u00e7in tek zemin federasyondur\u201d -\" \/>\n<meta property=\"og:description\" content=\"CTP\u2019den yap\u0131lan a\u00e7\u0131klamaya g\u00f6re, Akansoy, d\u00fcn K\u0131br\u0131s Postas\u0131\u2019nda yay\u0131nlanan \u201cObjektif\u201d program\u0131na kat\u0131larak, g\u00fcndemdeki konular\u0131 de\u011ferlendirdi. Yeniden ba\u015flamas\u0131 muhtemel bir s\u00fcre\u00e7 i\u00e7in K\u0131br\u0131sl\u0131 T\u00fcrklerin hak ve \u00e7\u0131karlar\u0131n\u0131n en iyi \u00f6l\u00e7\u00fcde korunmas\u0131 gerekti\u011fini ifade eden As\u0131m Akansoy, \u201cCumhurba\u015fkan\u0131 Ersin Tatar\u2019\u0131n savundu\u011fu tezlerle ortak bir zeminde bulu\u015fulmas\u0131n\u0131n m\u00fcmk\u00fcn olmayaca\u011f\u0131n\u0131\u201d savundu. K\u0131br\u0131s sorununa \u00e7\u00f6z\u00fcm bulmak i\u00e7in bulu\u015fulmas\u0131 gereken ortak\" \/>\n<meta property=\"og:url\" content=\"https:\/\/kibrisdakik.com\/?p=28721\" \/>\n<meta property=\"article:published_time\" content=\"2024-02-02T17:05:08+00:00\" \/>\n<meta property=\"og:image\" content=\"https:\/\/kibrisdakik.com\/wp-content\/uploads\/2024\/02\/ctp-genel-sekreteri-akansoy-cozum-icin-tek-zemin-federasyondur-1706890705.webp.webp\" \/>\n\t<meta property=\"og:image:width\" content=\"710\" \/>\n\t<meta property=\"og:image:height\" content=\"370\" \/>\n\t<meta property=\"og:image:type\" content=\"image\/webp\" \/>\n<meta name=\"author\" content=\"admin\" \/>\n<meta name=\"twitter:card\" content=\"summary_large_image\" \/>\n<meta name=\"twitter:label1\" content=\"Yazan:\" \/>\n\t<meta name=\"twitter:data1\" content=\"admin\" \/>\n\t<meta name=\"twitter:label2\" content=\"Tahmini okuma s\u00fcresi\" \/>\n\t<meta name=\"twitter:data2\" content=\"3 dakika\" \/>\n<script type=\"application\/ld+json\" class=\"yoast-schema-graph\">{\"@context\":\"https:\\\/\\\/schema.org\",\"@graph\":[{\"@type\":\"Article\",\"@id\":\"https:\\\/\\\/kibrisdakik.com\\\/?p=28721#article\",\"isPartOf\":{\"@id\":\"https:\\\/\\\/kibrisdakik.com\\\/?p=28721\"},\"author\":{\"name\":\"admin\",\"@id\":\"https:\\\/\\\/kibrisdakik.com\\\/#\\\/schema\\\/person\\\/9cd9d437bbb44f72b73ba127e06d8e79\"},\"headline\":\"CTP Genel Sekreteri Akansoy: \u201c\u00c7\u00f6z\u00fcm i\u00e7in tek zemin federasyondur\u201d\",\"datePublished\":\"2024-02-02T17:05:08+00:00\",\"mainEntityOfPage\":{\"@id\":\"https:\\\/\\\/kibrisdakik.com\\\/?p=28721\"},\"wordCount\":605,\"commentCount\":0,\"image\":{\"@id\":\"https:\\\/\\\/kibrisdakik.com\\\/?p=28721#primaryimage\"},\"thumbnailUrl\":\"https:\\\/\\\/kibrisdakik.com\\\/wp-content\\\/uploads\\\/2024\\\/02\\\/ctp-genel-sekreteri-akansoy-cozum-icin-tek-zemin-federasyondur-1706890705.webp.webp\",\"articleSection\":[\"G\u00fcndem\"],\"inLanguage\":\"tr\",\"potentialAction\":[{\"@type\":\"CommentAction\",\"name\":\"Comment\",\"target\":[\"https:\\\/\\\/kibrisdakik.com\\\/?p=28721#respond\"]}]},{\"@type\":\"WebPage\",\"@id\":\"https:\\\/\\\/kibrisdakik.com\\\/?p=28721\",\"url\":\"https:\\\/\\\/kibrisdakik.com\\\/?p=28721\",\"name\":\"CTP Genel Sekreteri Akansoy: \u201c\u00c7\u00f6z\u00fcm i\u00e7in tek zemin federasyondur\u201d -\",\"isPartOf\":{\"@id\":\"https:\\\/\\\/kibrisdakik.com\\\/#website\"},\"primaryImageOfPage\":{\"@id\":\"https:\\\/\\\/kibrisdakik.com\\\/?p=28721#primaryimage\"},\"image\":{\"@id\":\"https:\\\/\\\/kibrisdakik.com\\\/?p=28721#primaryimage\"},\"thumbnailUrl\":\"https:\\\/\\\/kibrisdakik.com\\\/wp-content\\\/uploads\\\/2024\\\/02\\\/ctp-genel-sekreteri-akansoy-cozum-icin-tek-zemin-federasyondur-1706890705.webp.webp\",\"datePublished\":\"2024-02-02T17:05:08+00:00\",\"author\":{\"@id\":\"https:\\\/\\\/kibrisdakik.com\\\/#\\\/schema\\\/person\\\/9cd9d437bbb44f72b73ba127e06d8e79\"},\"breadcrumb\":{\"@id\":\"https:\\\/\\\/kibrisdakik.com\\\/?p=28721#breadcrumb\"},\"inLanguage\":\"tr\",\"potentialAction\":[{\"@type\":\"ReadAction\",\"target\":[\"https:\\\/\\\/kibrisdakik.com\\\/?p=28721\"]}]},{\"@type\":\"ImageObject\",\"inLanguage\":\"tr\",\"@id\":\"https:\\\/\\\/kibrisdakik.com\\\/?p=28721#primaryimage\",\"url\":\"https:\\\/\\\/kibrisdakik.com\\\/wp-content\\\/uploads\\\/2024\\\/02\\\/ctp-genel-sekreteri-akansoy-cozum-icin-tek-zemin-federasyondur-1706890705.webp.webp\",\"contentUrl\":\"https:\\\/\\\/kibrisdakik.com\\\/wp-content\\\/uploads\\\/2024\\\/02\\\/ctp-genel-sekreteri-akansoy-cozum-icin-tek-zemin-federasyondur-1706890705.webp.webp\",\"width\":710,\"height\":370},{\"@type\":\"BreadcrumbList\",\"@id\":\"https:\\\/\\\/kibrisdakik.com\\\/?p=28721#breadcrumb\",\"itemListElement\":[{\"@type\":\"ListItem\",\"position\":1,\"name\":\"Home\",\"item\":\"https:\\\/\\\/kibrisdakik.com\\\/\"},{\"@type\":\"ListItem\",\"position\":2,\"name\":\"CTP Genel Sekreteri Akansoy: \u201c\u00c7\u00f6z\u00fcm i\u00e7in tek zemin federasyondur\u201d\"}]},{\"@type\":\"WebSite\",\"@id\":\"https:\\\/\\\/kibrisdakik.com\\\/#website\",\"url\":\"https:\\\/\\\/kibrisdakik.com\\\/\",\"name\":\"\",\"description\":\"Tam vaktinde haber\",\"potentialAction\":[{\"@type\":\"SearchAction\",\"target\":{\"@type\":\"EntryPoint\",\"urlTemplate\":\"https:\\\/\\\/kibrisdakik.com\\\/?s={search_term_string}\"},\"query-input\":{\"@type\":\"PropertyValueSpecification\",\"valueRequired\":true,\"valueName\":\"search_term_string\"}}],\"inLanguage\":\"tr\"},{\"@type\":\"Person\",\"@id\":\"https:\\\/\\\/kibrisdakik.com\\\/#\\\/schema\\\/person\\\/9cd9d437bbb44f72b73ba127e06d8e79\",\"name\":\"admin\",\"image\":{\"@type\":\"ImageObject\",\"inLanguage\":\"tr\",\"@id\":\"https:\\\/\\\/secure.gravatar.com\\\/avatar\\\/ccc17943b9d660506c869530f897617f7cb1c21a4bf30023f252596d83e1f007?s=96&d=mm&r=g\",\"url\":\"https:\\\/\\\/secure.gravatar.com\\\/avatar\\\/ccc17943b9d660506c869530f897617f7cb1c21a4bf30023f252596d83e1f007?s=96&d=mm&r=g\",\"contentUrl\":\"https:\\\/\\\/secure.gravatar.com\\\/avatar\\\/ccc17943b9d660506c869530f897617f7cb1c21a4bf30023f252596d83e1f007?s=96&d=mm&r=g\",\"caption\":\"admin\"},\"sameAs\":[\"https:\\\/\\\/kibrisdakik.com\"],\"url\":\"https:\\\/\\\/kibrisdakik.com\\\/?author=1\"}]}<\/script>\n<!-- \/ Yoast SEO plugin. -->","yoast_head_json":{"title":"CTP Genel Sekreteri Akansoy: \u201c\u00c7\u00f6z\u00fcm i\u00e7in tek zemin federasyondur\u201d -","robots":{"index":"index","follow":"follow","max-snippet":"max-snippet:-1","max-image-preview":"max-image-preview:large","max-video-preview":"max-video-preview:-1"},"canonical":"https:\/\/kibrisdakik.com\/?p=28721","og_locale":"tr_TR","og_type":"article","og_title":"CTP Genel Sekreteri Akansoy: \u201c\u00c7\u00f6z\u00fcm i\u00e7in tek zemin federasyondur\u201d -","og_description":"CTP\u2019den yap\u0131lan a\u00e7\u0131klamaya g\u00f6re, Akansoy, d\u00fcn K\u0131br\u0131s Postas\u0131\u2019nda yay\u0131nlanan \u201cObjektif\u201d program\u0131na kat\u0131larak, g\u00fcndemdeki konular\u0131 de\u011ferlendirdi. Yeniden ba\u015flamas\u0131 muhtemel bir s\u00fcre\u00e7 i\u00e7in K\u0131br\u0131sl\u0131 T\u00fcrklerin hak ve \u00e7\u0131karlar\u0131n\u0131n en iyi \u00f6l\u00e7\u00fcde korunmas\u0131 gerekti\u011fini ifade eden As\u0131m Akansoy, \u201cCumhurba\u015fkan\u0131 Ersin Tatar\u2019\u0131n savundu\u011fu tezlerle ortak bir zeminde bulu\u015fulmas\u0131n\u0131n m\u00fcmk\u00fcn olmayaca\u011f\u0131n\u0131\u201d savundu. K\u0131br\u0131s sorununa \u00e7\u00f6z\u00fcm bulmak i\u00e7in bulu\u015fulmas\u0131 gereken ortak","og_url":"https:\/\/kibrisdakik.com\/?p=28721","article_published_time":"2024-02-02T17:05:08+00:00","og_image":[{"width":710,"height":370,"url":"https:\/\/kibrisdakik.com\/wp-content\/uploads\/2024\/02\/ctp-genel-sekreteri-akansoy-cozum-icin-tek-zemin-federasyondur-1706890705.webp.webp","type":"image\/webp"}],"author":"admin","twitter_card":"summary_large_image","twitter_misc":{"Yazan:":"admin","Tahmini okuma s\u00fcresi":"3 dakika"},"schema":{"@context":"https:\/\/schema.org","@graph":[{"@type":"Article","@id":"https:\/\/kibrisdakik.com\/?p=28721#article","isPartOf":{"@id":"https:\/\/kibrisdakik.com\/?p=28721"},"author":{"name":"admin","@id":"https:\/\/kibrisdakik.com\/#\/schema\/person\/9cd9d437bbb44f72b73ba127e06d8e79"},"headline":"CTP Genel Sekreteri Akansoy: \u201c\u00c7\u00f6z\u00fcm i\u00e7in tek zemin federasyondur\u201d","datePublished":"2024-02-02T17:05:08+00:00","mainEntityOfPage":{"@id":"https:\/\/kibrisdakik.com\/?p=28721"},"wordCount":605,"commentCount":0,"image":{"@id":"https:\/\/kibrisdakik.com\/?p=28721#primaryimage"},"thumbnailUrl":"https:\/\/kibrisdakik.com\/wp-content\/uploads\/2024\/02\/ctp-genel-sekreteri-akansoy-cozum-icin-tek-zemin-federasyondur-1706890705.webp.webp","articleSection":["G\u00fcndem"],"inLanguage":"tr","potentialAction":[{"@type":"CommentAction","name":"Comment","target":["https:\/\/kibrisdakik.com\/?p=28721#respond"]}]},{"@type":"WebPage","@id":"https:\/\/kibrisdakik.com\/?p=28721","url":"https:\/\/kibrisdakik.com\/?p=28721","name":"CTP Genel Sekreteri Akansoy: \u201c\u00c7\u00f6z\u00fcm i\u00e7in tek zemin federasyondur\u201d -","isPartOf":{"@id":"https:\/\/kibrisdakik.com\/#website"},"primaryImageOfPage":{"@id":"https:\/\/kibrisdakik.com\/?p=28721#primaryimage"},"image":{"@id":"https:\/\/kibrisdakik.com\/?p=28721#primaryimage"},"thumbnailUrl":"https:\/\/kibrisdakik.com\/wp-content\/uploads\/2024\/02\/ctp-genel-sekreteri-akansoy-cozum-icin-tek-zemin-federasyondur-1706890705.webp.webp","datePublished":"2024-02-02T17:05:08+00:00","author":{"@id":"https:\/\/kibrisdakik.com\/#\/schema\/person\/9cd9d437bbb44f72b73ba127e06d8e79"},"breadcrumb":{"@id":"https:\/\/kibrisdakik.com\/?p=28721#breadcrumb"},"inLanguage":"tr","potentialAction":[{"@type":"ReadAction","target":["https:\/\/kibrisdakik.com\/?p=28721"]}]},{"@type":"ImageObject","inLanguage":"tr","@id":"https:\/\/kibrisdakik.com\/?p=28721#primaryimage","url":"https:\/\/kibrisdakik.com\/wp-content\/uploads\/2024\/02\/ctp-genel-sekreteri-akansoy-cozum-icin-tek-zemin-federasyondur-1706890705.webp.webp","contentUrl":"https:\/\/kibrisdakik.com\/wp-content\/uploads\/2024\/02\/ctp-genel-sekreteri-akansoy-cozum-icin-tek-zemin-federasyondur-1706890705.webp.webp","width":710,"height":370},{"@type":"BreadcrumbList","@id":"https:\/\/kibrisdakik.com\/?p=28721#breadcrumb","itemListElement":[{"@type":"ListItem","position":1,"name":"Home","item":"https:\/\/kibrisdakik.com\/"},{"@type":"ListItem","position":2,"name":"CTP Genel Sekreteri Akansoy: \u201c\u00c7\u00f6z\u00fcm i\u00e7in tek zemin federasyondur\u201d"}]},{"@type":"WebSite","@id":"https:\/\/kibrisdakik.com\/#website","url":"https:\/\/kibrisdakik.com\/","name":"","description":"Tam vaktinde haber","potentialAction":[{"@type":"SearchAction","target":{"@type":"EntryPoint","urlTemplate":"https:\/\/kibrisdakik.com\/?s={search_term_string}"},"query-input":{"@type":"PropertyValueSpecification","valueRequired":true,"valueName":"search_term_string"}}],"inLanguage":"tr"},{"@type":"Person","@id":"https:\/\/kibrisdakik.com\/#\/schema\/person\/9cd9d437bbb44f72b73ba127e06d8e79","name":"admin","image":{"@type":"ImageObject","inLanguage":"tr","@id":"https:\/\/secure.gravatar.com\/avatar\/ccc17943b9d660506c869530f897617f7cb1c21a4bf30023f252596d83e1f007?s=96&d=mm&r=g","url":"https:\/\/secure.gravatar.com\/avatar\/ccc17943b9d660506c869530f897617f7cb1c21a4bf30023f252596d83e1f007?s=96&d=mm&r=g","contentUrl":"https:\/\/secure.gravatar.com\/avatar\/ccc17943b9d660506c869530f897617f7cb1c21a4bf30023f252596d83e1f007?s=96&d=mm&r=g","caption":"admin"},"sameAs":["https:\/\/kibrisdakik.com"],"url":"https:\/\/kibrisdakik.com\/?author=1"}]}},"_links":{"self":[{"href":"https:\/\/kibrisdakik.com\/index.php?rest_route=\/wp\/v2\/posts\/28721","targetHints":{"allow":["GET"]}}],"collection":[{"href":"https:\/\/kibrisdakik.com\/index.php?rest_route=\/wp\/v2\/posts"}],"about":[{"href":"https:\/\/kibrisdakik.com\/index.php?rest_route=\/wp\/v2\/types\/post"}],"author":[{"embeddable":true,"href":"https:\/\/kibrisdakik.com\/index.php?rest_route=\/wp\/v2\/users\/1"}],"replies":[{"embeddable":true,"href":"https:\/\/kibrisdakik.com\/index.php?rest_route=%2Fwp%2Fv2%2Fcomments&post=28721"}],"version-history":[{"count":0,"href":"https:\/\/kibrisdakik.com\/index.php?rest_route=\/wp\/v2\/posts\/28721\/revisions"}],"wp:featuredmedia":[{"embeddable":true,"href":"https:\/\/kibrisdakik.com\/index.php?rest_route=\/wp\/v2\/media\/28722"}],"wp:attachment":[{"href":"https:\/\/kibrisdakik.com\/index.php?rest_route=%2Fwp%2Fv2%2Fmedia&parent=28721"}],"wp:term":[{"taxonomy":"category","embeddable":true,"href":"https:\/\/kibrisdakik.com\/index.php?rest_route=%2Fwp%2Fv2%2Fcategories&post=28721"},{"taxonomy":"post_tag","embeddable":true,"href":"https:\/\/kibrisdakik.com\/index.php?rest_route=%2Fwp%2Fv2%2Ftags&post=28721"}],"curies":[{"name":"wp","href":"https:\/\/api.w.org\/{rel}","templated":true}]}}