{"id":28727,"date":"2024-02-02T18:01:52","date_gmt":"2024-02-02T18:01:52","guid":{"rendered":"https:\/\/kibrisdakik.com\/index.php\/2024\/02\/02\/kttb-birligi-dislayarak-atilan-adim-ile-gercekci-kapsayici-cozum-mumkun-olmayacak\/"},"modified":"2024-02-02T18:01:52","modified_gmt":"2024-02-02T18:01:52","slug":"kttb-birligi-dislayarak-atilan-adim-ile-gercekci-kapsayici-cozum-mumkun-olmayacak","status":"publish","type":"post","link":"https:\/\/kibrisdakik.com\/?p=28727","title":{"rendered":"KTTB: \u201cBirli\u011fi d\u0131\u015flayarak at\u0131lan ad\u0131m ile ger\u00e7ek\u00e7i, kapsay\u0131c\u0131 \u00e7\u00f6z\u00fcm m\u00fcmk\u00fcn olmayacak\u201d"},"content":{"rendered":"<p><img decoding=\"async\" src=\"https:\/\/www.kibristurk.com\/images\/haberler\/2024\/02\/kttb-birligi-dislayarak-atilan-adim-ile-gercekci-kapsayici-cozum-mumkun-olmayacak-1706893561.webp\" \/><\/p>\n<p style=\"text-align:left\"><span style=\"font-size:16px\"><span style=\"font-family:Merriweather,serif !important\"><span style=\"color:#000000\"><span style=\"background-color:#ffffff\"><span style=\"font-size:16px !important\"><span style=\"font-family:Merriweather,serif !important\"><span style=\"color:#000000 !important\">Birlikten yap\u0131lan a\u00e7\u0131klamada, \u00c7al\u0131\u015fma ve Sosyal G\u00fcvenlik Bakanl\u0131\u011f\u0131\u2019na ba\u011fl\u0131 Sosyal Sigortalar Dairesi b\u00fcnyesinde Eyl\u00fcl 2023 tarihinden beri s\u00fcrd\u00fcr\u00fclen re\u00e7ete soru\u015fturmas\u0131 kapsam\u0131nda ya\u015fanan sorunlar ve yeni sistem s\u00f6ylemleriyle birlikte halk\u0131n ilaca eri\u015fiminde sorunlar ya\u015fand\u0131\u011f\u0131 kaydedildi.&nbsp;<\/span><\/span><\/span><\/span><\/span><\/span><\/span><\/p>\n<p style=\"text-align:left\"><span style=\"font-size:16px\"><span style=\"font-family:Merriweather,serif !important\"><span style=\"color:#000000\"><span style=\"background-color:#ffffff\"><span style=\"font-size:16px !important\"><span style=\"font-family:Merriweather,serif !important\"><span style=\"color:#000000 !important\">Soru\u015fturman\u0131n d\u00fczg\u00fcn y\u00fcr\u00fct\u00fclmesi ve yeni planlanan sistemin do\u011fru ve yetkili meslek \u00f6rg\u00fctleri ile kurgulanmas\u0131 gerekti\u011fi belirtilen a\u00e7\u0131klamada,&nbsp; 31 Ocak tarihinde payda\u015flarla imzaland\u0131\u011f\u0131 a\u00e7\u0131klanan protokolde, K\u0131br\u0131sl\u0131 T\u00fcrk hekimlerin temsiliyetinin bulunmad\u0131\u011f\u0131 ifade edildi.<\/span><\/span><\/span><\/span><\/span><\/span><\/span><\/p>\n<p style=\"text-align:left\"><span style=\"font-size:16px\"><span style=\"font-family:Merriweather,serif !important\"><span style=\"color:#000000\"><span style=\"background-color:#ffffff\"><span style=\"font-size:16px !important\"><span style=\"font-family:Merriweather,serif !important\"><span style=\"color:#000000 !important\">Bakanl\u0131\u011fa \u00e7a\u011fr\u0131da bulunulan a\u00e7\u0131klamada, \u201cHekimlerin eksik oldu\u011fu bir sistem kurgulanmas\u0131nda her \u015feyin yoluna girmeyece\u011fini \u00c7al\u0131\u015fma ve Sosyal G\u00fcvenlik Bakan\u0131\u2019na a\u00e7\u0131k\u00e7a belirtmek ve yapt\u0131\u011f\u0131 bir\u00e7ok hataya yenilerini eklemekten vazge\u00e7meye a\u00e7\u0131k\u00e7a \u00e7a\u011fr\u0131da bulunuyoruz. \u00c7al\u0131\u015fma ve Sosyal G\u00fcvenlik Bakanl\u0131\u011f\u0131, t\u00fcm kamu ve serbest hekimlerin yasal stat\u00fcde \u00fcyesi bulunduklar\u0131 KTTB\u2019ni s\u00fcre\u00e7ten d\u0131\u015flayarak, hastalar\u0131n ilaca eri\u015fimini g\u00fc\u00e7le\u015ftirecektir\u201d denildi.<\/span><\/span><\/span><\/span><\/span><\/span><\/span><\/p>\n<p style=\"text-align:left\"><span style=\"font-size:16px\"><span style=\"font-family:Merriweather,serif !important\"><span style=\"color:#000000\"><span style=\"background-color:#ffffff\"><span style=\"font-size:16px !important\"><span style=\"font-family:Merriweather,serif !important\"><span style=\"color:#000000 !important\">Sistemin do\u011fru, g\u00fcvenilir ve i\u015flevsel olmas\u0131 i\u00e7in hekim baca\u011f\u0131n\u0131n temsiliyetinin do\u011fru zeminde olmas\u0131 gerekti\u011fi belirtilen a\u00e7\u0131klamada, t\u00fcm hekim ve di\u015f hekimlerini temsil eden \u00f6rg\u00fct\u00fcn, yasa ile kurulmu\u015f K\u0131br\u0131s T\u00fcrk Tabipleri Birli\u011fi oldu\u011fu vurguland\u0131.<\/span><\/span><\/span><\/span><\/span><\/span><\/span><\/p>\n<p style=\"text-align:left\"><span style=\"font-size:16px\"><span style=\"font-family:Merriweather,serif !important\"><span style=\"color:#000000\"><span style=\"background-color:#ffffff\"><span style=\"font-size:16px !important\"><span style=\"font-family:Merriweather,serif !important\"><span style=\"color:#000000 !important\">\u0130vedi \u015fekilde yap\u0131lacak yeni d\u00fczenleme ile Sigortalar Dairesi \u0130dari Meclisine, K\u0131br\u0131s T\u00fcrk Tabipleri Birli\u011fi ve KT Eczac\u0131lar Birli\u011fi temsilcilerinin tekrardan al\u0131nmas\u0131 gerekti\u011fi belirtilen a\u00e7\u0131klamada, \u015fu ifadelere yer verildi:<\/span><\/span><\/span><\/span><\/span><\/span><\/span><\/p>\n<p style=\"text-align:left\"><span style=\"font-size:16px\"><span style=\"font-family:Merriweather,serif !important\"><span style=\"color:#000000\"><span style=\"background-color:#ffffff\"><span style=\"font-size:16px !important\"><span style=\"font-family:Merriweather,serif !important\"><span style=\"color:#000000 !important\">\u201cYeni sistemde, 40 ya\u015f alt\u0131 sigortal\u0131 ki\u015fi ve bakmakla y\u00fck\u00fcml\u00fc oldu\u011fu ki\u015filere ayda 4 kalem, 40 ya\u015f \u00fcst\u00fc ki\u015filere ayda en fazla 8 kalem ila\u00e7 \u00f6denece\u011fi belirtilmektedir. Ayr\u0131ca oral antibiyotik tedavi s\u00fcresi 7 g\u00fcn, parenteral tedavi s\u00fcresi 5 g\u00fcn ile k\u0131s\u0131tlanm\u0131\u015ft\u0131r. Bu d\u00fczenlemeler, Sosyal Sigortalar Yasas\u0131\u2019n\u0131n sigortal\u0131lara sunulacak hizmetleri tan\u0131mlayan 73. maddesinin 4. f\u0131kras\u0131nda \u2018Tedavi s\u00fcresince ila\u00e7lar\u0131n sa\u011flanmas\u0131\u2019, maddesine a\u00e7\u0131k \u015fekilde ayk\u0131r\u0131 oldu\u011funu belirtmek isteriz. \u0130lgili bakanl\u0131k ve daireyi yasal y\u00fck\u00fcml\u00fcl\u00fcklerini tam yerine getirmeye \u00e7a\u011f\u0131r\u0131r, hastalar\u0131n her t\u00fcrl\u00fc tedavi k\u0131s\u0131tlamalar\u0131n\u0131n yasal olmad\u0131\u011f\u0131n\u0131 vurgular, hasta haklar\u0131na sayg\u0131l\u0131 kararlar \u00fcretmeye ve yasal zeminde d\u00fczenlemeler yapmaya a\u00e7\u0131k\u00e7a davet ederiz. Ayr\u0131ca bir re\u00e7etenin yasal olabilmesi i\u00e7in, yasal mevzuat gere\u011fi re\u00e7ete \u00fczerinde doktorun ka\u015fe ve \u0131slak imzas\u0131n\u0131n olmas\u0131 zorunludur. Aksi durumda \u00fczerinde doktor imza ve ka\u015fesi olmayan re\u00e7etenin yasal olmayaca\u011f\u0131n\u0131 eczac\u0131 ve sorumlu daireye tekrardan hat\u0131rlatmak isteriz.\u201d<\/span><\/span><\/span><\/span><\/span><\/span><\/span><\/p>\n<p style=\"text-align:left\"><span style=\"font-size:16px\"><span style=\"font-family:Merriweather,serif !important\"><span style=\"color:#000000\"><span style=\"background-color:#ffffff\"><span style=\"font-size:16px !important\"><span style=\"font-family:Merriweather,serif !important\"><span style=\"color:#000000 !important\">Kamu ve \u00f6zel sekt\u00f6rde \u00e7al\u0131\u015fan t\u00fcm hekimlerin yasa gere\u011fi \u00fcye oldu\u011fu ve t\u00fcm hekimleri temsil eden meslek \u00f6rg\u00fct\u00fc KTTB\u2019yi d\u0131\u015flayarak at\u0131lan ad\u0131m ile \u201cger\u00e7ek\u00e7i, kapsay\u0131c\u0131 \u00e7\u00f6z\u00fcm bulman\u0131n m\u00fcmk\u00fcn olmad\u0131\u011f\u0131\u201d savunulan a\u00e7\u0131klamada, yeni bir karma\u015faya neden olunaca\u011f\u0131 ve sigorta primi yat\u0131r\u0131p ilaca eri\u015femeyecek olan hastalar\u0131n ma\u011fdur olaca\u011f\u0131 ileri s\u00fcr\u00fcld\u00fc.<\/span><\/span><\/span><\/span><\/span><\/span><\/span><\/p>\n","protected":false},"excerpt":{"rendered":"<p>Birlikten yap\u0131lan a\u00e7\u0131klamada, \u00c7al\u0131\u015fma ve Sosyal G\u00fcvenlik Bakanl\u0131\u011f\u0131\u2019na ba\u011fl\u0131 Sosyal Sigortalar Dairesi b\u00fcnyesinde Eyl\u00fcl 2023 tarihinden beri s\u00fcrd\u00fcr\u00fclen re\u00e7ete soru\u015fturmas\u0131 kapsam\u0131nda ya\u015fanan sorunlar ve yeni sistem s\u00f6ylemleriyle birlikte halk\u0131n ilaca eri\u015fiminde sorunlar ya\u015fand\u0131\u011f\u0131 kaydedildi.&nbsp; Soru\u015fturman\u0131n d\u00fczg\u00fcn y\u00fcr\u00fct\u00fclmesi ve yeni planlanan sistemin do\u011fru ve yetkili meslek \u00f6rg\u00fctleri ile kurgulanmas\u0131 gerekti\u011fi belirtilen a\u00e7\u0131klamada,&nbsp; 31 Ocak tarihinde payda\u015flarla<\/p>\n","protected":false},"author":1,"featured_media":28728,"comment_status":"open","ping_status":"open","sticky":false,"template":"","format":"standard","meta":{"footnotes":""},"categories":[79],"tags":[],"class_list":["post-28727","post","type-post","status-publish","format-standard","has-post-thumbnail","hentry","category-ekonomi"],"yoast_head":"<!-- This site is optimized with the Yoast SEO plugin v27.4 - https:\/\/yoast.com\/product\/yoast-seo-wordpress\/ -->\n<title>KTTB: \u201cBirli\u011fi d\u0131\u015flayarak at\u0131lan ad\u0131m ile ger\u00e7ek\u00e7i, kapsay\u0131c\u0131 \u00e7\u00f6z\u00fcm m\u00fcmk\u00fcn olmayacak\u201d -<\/title>\n<meta name=\"robots\" content=\"index, follow, max-snippet:-1, max-image-preview:large, max-video-preview:-1\" \/>\n<link rel=\"canonical\" href=\"https:\/\/kibrisdakik.com\/?p=28727\" \/>\n<meta property=\"og:locale\" content=\"tr_TR\" \/>\n<meta property=\"og:type\" content=\"article\" \/>\n<meta property=\"og:title\" content=\"KTTB: \u201cBirli\u011fi d\u0131\u015flayarak at\u0131lan ad\u0131m ile ger\u00e7ek\u00e7i, kapsay\u0131c\u0131 \u00e7\u00f6z\u00fcm m\u00fcmk\u00fcn olmayacak\u201d -\" \/>\n<meta property=\"og:description\" content=\"Birlikten yap\u0131lan a\u00e7\u0131klamada, \u00c7al\u0131\u015fma ve Sosyal G\u00fcvenlik Bakanl\u0131\u011f\u0131\u2019na ba\u011fl\u0131 Sosyal Sigortalar Dairesi b\u00fcnyesinde Eyl\u00fcl 2023 tarihinden beri s\u00fcrd\u00fcr\u00fclen re\u00e7ete soru\u015fturmas\u0131 kapsam\u0131nda ya\u015fanan sorunlar ve yeni sistem s\u00f6ylemleriyle birlikte halk\u0131n ilaca eri\u015fiminde sorunlar ya\u015fand\u0131\u011f\u0131 kaydedildi.&nbsp; Soru\u015fturman\u0131n d\u00fczg\u00fcn y\u00fcr\u00fct\u00fclmesi ve yeni planlanan sistemin do\u011fru ve yetkili meslek \u00f6rg\u00fctleri ile kurgulanmas\u0131 gerekti\u011fi belirtilen a\u00e7\u0131klamada,&nbsp; 31 Ocak tarihinde payda\u015flarla\" \/>\n<meta property=\"og:url\" content=\"https:\/\/kibrisdakik.com\/?p=28727\" \/>\n<meta property=\"article:published_time\" content=\"2024-02-02T18:01:52+00:00\" \/>\n<meta property=\"og:image\" content=\"https:\/\/kibrisdakik.com\/wp-content\/uploads\/2024\/02\/kttb-birligi-dislayarak-atilan-adim-ile-gercekci-kapsayici-cozum-mumkun-olmayacak-1706893561.webp.webp\" \/>\n\t<meta property=\"og:image:width\" content=\"710\" \/>\n\t<meta property=\"og:image:height\" content=\"370\" \/>\n\t<meta property=\"og:image:type\" content=\"image\/webp\" \/>\n<meta name=\"author\" content=\"admin\" \/>\n<meta name=\"twitter:card\" content=\"summary_large_image\" \/>\n<meta name=\"twitter:label1\" content=\"Yazan:\" \/>\n\t<meta name=\"twitter:data1\" content=\"admin\" \/>\n\t<meta name=\"twitter:label2\" content=\"Tahmini okuma s\u00fcresi\" \/>\n\t<meta name=\"twitter:data2\" content=\"3 dakika\" \/>\n<script type=\"application\/ld+json\" class=\"yoast-schema-graph\">{\"@context\":\"https:\\\/\\\/schema.org\",\"@graph\":[{\"@type\":\"Article\",\"@id\":\"https:\\\/\\\/kibrisdakik.com\\\/?p=28727#article\",\"isPartOf\":{\"@id\":\"https:\\\/\\\/kibrisdakik.com\\\/?p=28727\"},\"author\":{\"name\":\"admin\",\"@id\":\"https:\\\/\\\/kibrisdakik.com\\\/#\\\/schema\\\/person\\\/9cd9d437bbb44f72b73ba127e06d8e79\"},\"headline\":\"KTTB: \u201cBirli\u011fi d\u0131\u015flayarak at\u0131lan ad\u0131m ile ger\u00e7ek\u00e7i, kapsay\u0131c\u0131 \u00e7\u00f6z\u00fcm m\u00fcmk\u00fcn olmayacak\u201d\",\"datePublished\":\"2024-02-02T18:01:52+00:00\",\"mainEntityOfPage\":{\"@id\":\"https:\\\/\\\/kibrisdakik.com\\\/?p=28727\"},\"wordCount\":553,\"commentCount\":0,\"image\":{\"@id\":\"https:\\\/\\\/kibrisdakik.com\\\/?p=28727#primaryimage\"},\"thumbnailUrl\":\"https:\\\/\\\/kibrisdakik.com\\\/wp-content\\\/uploads\\\/2024\\\/02\\\/kttb-birligi-dislayarak-atilan-adim-ile-gercekci-kapsayici-cozum-mumkun-olmayacak-1706893561.webp.webp\",\"articleSection\":[\"Ekonomi\"],\"inLanguage\":\"tr\",\"potentialAction\":[{\"@type\":\"CommentAction\",\"name\":\"Comment\",\"target\":[\"https:\\\/\\\/kibrisdakik.com\\\/?p=28727#respond\"]}]},{\"@type\":\"WebPage\",\"@id\":\"https:\\\/\\\/kibrisdakik.com\\\/?p=28727\",\"url\":\"https:\\\/\\\/kibrisdakik.com\\\/?p=28727\",\"name\":\"KTTB: \u201cBirli\u011fi d\u0131\u015flayarak at\u0131lan ad\u0131m ile ger\u00e7ek\u00e7i, kapsay\u0131c\u0131 \u00e7\u00f6z\u00fcm m\u00fcmk\u00fcn olmayacak\u201d -\",\"isPartOf\":{\"@id\":\"https:\\\/\\\/kibrisdakik.com\\\/#website\"},\"primaryImageOfPage\":{\"@id\":\"https:\\\/\\\/kibrisdakik.com\\\/?p=28727#primaryimage\"},\"image\":{\"@id\":\"https:\\\/\\\/kibrisdakik.com\\\/?p=28727#primaryimage\"},\"thumbnailUrl\":\"https:\\\/\\\/kibrisdakik.com\\\/wp-content\\\/uploads\\\/2024\\\/02\\\/kttb-birligi-dislayarak-atilan-adim-ile-gercekci-kapsayici-cozum-mumkun-olmayacak-1706893561.webp.webp\",\"datePublished\":\"2024-02-02T18:01:52+00:00\",\"author\":{\"@id\":\"https:\\\/\\\/kibrisdakik.com\\\/#\\\/schema\\\/person\\\/9cd9d437bbb44f72b73ba127e06d8e79\"},\"breadcrumb\":{\"@id\":\"https:\\\/\\\/kibrisdakik.com\\\/?p=28727#breadcrumb\"},\"inLanguage\":\"tr\",\"potentialAction\":[{\"@type\":\"ReadAction\",\"target\":[\"https:\\\/\\\/kibrisdakik.com\\\/?p=28727\"]}]},{\"@type\":\"ImageObject\",\"inLanguage\":\"tr\",\"@id\":\"https:\\\/\\\/kibrisdakik.com\\\/?p=28727#primaryimage\",\"url\":\"https:\\\/\\\/kibrisdakik.com\\\/wp-content\\\/uploads\\\/2024\\\/02\\\/kttb-birligi-dislayarak-atilan-adim-ile-gercekci-kapsayici-cozum-mumkun-olmayacak-1706893561.webp.webp\",\"contentUrl\":\"https:\\\/\\\/kibrisdakik.com\\\/wp-content\\\/uploads\\\/2024\\\/02\\\/kttb-birligi-dislayarak-atilan-adim-ile-gercekci-kapsayici-cozum-mumkun-olmayacak-1706893561.webp.webp\",\"width\":710,\"height\":370},{\"@type\":\"BreadcrumbList\",\"@id\":\"https:\\\/\\\/kibrisdakik.com\\\/?p=28727#breadcrumb\",\"itemListElement\":[{\"@type\":\"ListItem\",\"position\":1,\"name\":\"Home\",\"item\":\"https:\\\/\\\/kibrisdakik.com\\\/\"},{\"@type\":\"ListItem\",\"position\":2,\"name\":\"KTTB: \u201cBirli\u011fi d\u0131\u015flayarak at\u0131lan ad\u0131m ile ger\u00e7ek\u00e7i, kapsay\u0131c\u0131 \u00e7\u00f6z\u00fcm m\u00fcmk\u00fcn olmayacak\u201d\"}]},{\"@type\":\"WebSite\",\"@id\":\"https:\\\/\\\/kibrisdakik.com\\\/#website\",\"url\":\"https:\\\/\\\/kibrisdakik.com\\\/\",\"name\":\"\",\"description\":\"Tam vaktinde haber\",\"potentialAction\":[{\"@type\":\"SearchAction\",\"target\":{\"@type\":\"EntryPoint\",\"urlTemplate\":\"https:\\\/\\\/kibrisdakik.com\\\/?s={search_term_string}\"},\"query-input\":{\"@type\":\"PropertyValueSpecification\",\"valueRequired\":true,\"valueName\":\"search_term_string\"}}],\"inLanguage\":\"tr\"},{\"@type\":\"Person\",\"@id\":\"https:\\\/\\\/kibrisdakik.com\\\/#\\\/schema\\\/person\\\/9cd9d437bbb44f72b73ba127e06d8e79\",\"name\":\"admin\",\"image\":{\"@type\":\"ImageObject\",\"inLanguage\":\"tr\",\"@id\":\"https:\\\/\\\/secure.gravatar.com\\\/avatar\\\/ccc17943b9d660506c869530f897617f7cb1c21a4bf30023f252596d83e1f007?s=96&d=mm&r=g\",\"url\":\"https:\\\/\\\/secure.gravatar.com\\\/avatar\\\/ccc17943b9d660506c869530f897617f7cb1c21a4bf30023f252596d83e1f007?s=96&d=mm&r=g\",\"contentUrl\":\"https:\\\/\\\/secure.gravatar.com\\\/avatar\\\/ccc17943b9d660506c869530f897617f7cb1c21a4bf30023f252596d83e1f007?s=96&d=mm&r=g\",\"caption\":\"admin\"},\"sameAs\":[\"https:\\\/\\\/kibrisdakik.com\"],\"url\":\"https:\\\/\\\/kibrisdakik.com\\\/?author=1\"}]}<\/script>\n<!-- \/ Yoast SEO plugin. -->","yoast_head_json":{"title":"KTTB: \u201cBirli\u011fi d\u0131\u015flayarak at\u0131lan ad\u0131m ile ger\u00e7ek\u00e7i, kapsay\u0131c\u0131 \u00e7\u00f6z\u00fcm m\u00fcmk\u00fcn olmayacak\u201d -","robots":{"index":"index","follow":"follow","max-snippet":"max-snippet:-1","max-image-preview":"max-image-preview:large","max-video-preview":"max-video-preview:-1"},"canonical":"https:\/\/kibrisdakik.com\/?p=28727","og_locale":"tr_TR","og_type":"article","og_title":"KTTB: \u201cBirli\u011fi d\u0131\u015flayarak at\u0131lan ad\u0131m ile ger\u00e7ek\u00e7i, kapsay\u0131c\u0131 \u00e7\u00f6z\u00fcm m\u00fcmk\u00fcn olmayacak\u201d -","og_description":"Birlikten yap\u0131lan a\u00e7\u0131klamada, \u00c7al\u0131\u015fma ve Sosyal G\u00fcvenlik Bakanl\u0131\u011f\u0131\u2019na ba\u011fl\u0131 Sosyal Sigortalar Dairesi b\u00fcnyesinde Eyl\u00fcl 2023 tarihinden beri s\u00fcrd\u00fcr\u00fclen re\u00e7ete soru\u015fturmas\u0131 kapsam\u0131nda ya\u015fanan sorunlar ve yeni sistem s\u00f6ylemleriyle birlikte halk\u0131n ilaca eri\u015fiminde sorunlar ya\u015fand\u0131\u011f\u0131 kaydedildi.&nbsp; Soru\u015fturman\u0131n d\u00fczg\u00fcn y\u00fcr\u00fct\u00fclmesi ve yeni planlanan sistemin do\u011fru ve yetkili meslek \u00f6rg\u00fctleri ile kurgulanmas\u0131 gerekti\u011fi belirtilen a\u00e7\u0131klamada,&nbsp; 31 Ocak tarihinde payda\u015flarla","og_url":"https:\/\/kibrisdakik.com\/?p=28727","article_published_time":"2024-02-02T18:01:52+00:00","og_image":[{"width":710,"height":370,"url":"https:\/\/kibrisdakik.com\/wp-content\/uploads\/2024\/02\/kttb-birligi-dislayarak-atilan-adim-ile-gercekci-kapsayici-cozum-mumkun-olmayacak-1706893561.webp.webp","type":"image\/webp"}],"author":"admin","twitter_card":"summary_large_image","twitter_misc":{"Yazan:":"admin","Tahmini okuma s\u00fcresi":"3 dakika"},"schema":{"@context":"https:\/\/schema.org","@graph":[{"@type":"Article","@id":"https:\/\/kibrisdakik.com\/?p=28727#article","isPartOf":{"@id":"https:\/\/kibrisdakik.com\/?p=28727"},"author":{"name":"admin","@id":"https:\/\/kibrisdakik.com\/#\/schema\/person\/9cd9d437bbb44f72b73ba127e06d8e79"},"headline":"KTTB: \u201cBirli\u011fi d\u0131\u015flayarak at\u0131lan ad\u0131m ile ger\u00e7ek\u00e7i, kapsay\u0131c\u0131 \u00e7\u00f6z\u00fcm m\u00fcmk\u00fcn olmayacak\u201d","datePublished":"2024-02-02T18:01:52+00:00","mainEntityOfPage":{"@id":"https:\/\/kibrisdakik.com\/?p=28727"},"wordCount":553,"commentCount":0,"image":{"@id":"https:\/\/kibrisdakik.com\/?p=28727#primaryimage"},"thumbnailUrl":"https:\/\/kibrisdakik.com\/wp-content\/uploads\/2024\/02\/kttb-birligi-dislayarak-atilan-adim-ile-gercekci-kapsayici-cozum-mumkun-olmayacak-1706893561.webp.webp","articleSection":["Ekonomi"],"inLanguage":"tr","potentialAction":[{"@type":"CommentAction","name":"Comment","target":["https:\/\/kibrisdakik.com\/?p=28727#respond"]}]},{"@type":"WebPage","@id":"https:\/\/kibrisdakik.com\/?p=28727","url":"https:\/\/kibrisdakik.com\/?p=28727","name":"KTTB: \u201cBirli\u011fi d\u0131\u015flayarak at\u0131lan ad\u0131m ile ger\u00e7ek\u00e7i, kapsay\u0131c\u0131 \u00e7\u00f6z\u00fcm m\u00fcmk\u00fcn olmayacak\u201d -","isPartOf":{"@id":"https:\/\/kibrisdakik.com\/#website"},"primaryImageOfPage":{"@id":"https:\/\/kibrisdakik.com\/?p=28727#primaryimage"},"image":{"@id":"https:\/\/kibrisdakik.com\/?p=28727#primaryimage"},"thumbnailUrl":"https:\/\/kibrisdakik.com\/wp-content\/uploads\/2024\/02\/kttb-birligi-dislayarak-atilan-adim-ile-gercekci-kapsayici-cozum-mumkun-olmayacak-1706893561.webp.webp","datePublished":"2024-02-02T18:01:52+00:00","author":{"@id":"https:\/\/kibrisdakik.com\/#\/schema\/person\/9cd9d437bbb44f72b73ba127e06d8e79"},"breadcrumb":{"@id":"https:\/\/kibrisdakik.com\/?p=28727#breadcrumb"},"inLanguage":"tr","potentialAction":[{"@type":"ReadAction","target":["https:\/\/kibrisdakik.com\/?p=28727"]}]},{"@type":"ImageObject","inLanguage":"tr","@id":"https:\/\/kibrisdakik.com\/?p=28727#primaryimage","url":"https:\/\/kibrisdakik.com\/wp-content\/uploads\/2024\/02\/kttb-birligi-dislayarak-atilan-adim-ile-gercekci-kapsayici-cozum-mumkun-olmayacak-1706893561.webp.webp","contentUrl":"https:\/\/kibrisdakik.com\/wp-content\/uploads\/2024\/02\/kttb-birligi-dislayarak-atilan-adim-ile-gercekci-kapsayici-cozum-mumkun-olmayacak-1706893561.webp.webp","width":710,"height":370},{"@type":"BreadcrumbList","@id":"https:\/\/kibrisdakik.com\/?p=28727#breadcrumb","itemListElement":[{"@type":"ListItem","position":1,"name":"Home","item":"https:\/\/kibrisdakik.com\/"},{"@type":"ListItem","position":2,"name":"KTTB: \u201cBirli\u011fi d\u0131\u015flayarak at\u0131lan ad\u0131m ile ger\u00e7ek\u00e7i, kapsay\u0131c\u0131 \u00e7\u00f6z\u00fcm m\u00fcmk\u00fcn olmayacak\u201d"}]},{"@type":"WebSite","@id":"https:\/\/kibrisdakik.com\/#website","url":"https:\/\/kibrisdakik.com\/","name":"","description":"Tam vaktinde haber","potentialAction":[{"@type":"SearchAction","target":{"@type":"EntryPoint","urlTemplate":"https:\/\/kibrisdakik.com\/?s={search_term_string}"},"query-input":{"@type":"PropertyValueSpecification","valueRequired":true,"valueName":"search_term_string"}}],"inLanguage":"tr"},{"@type":"Person","@id":"https:\/\/kibrisdakik.com\/#\/schema\/person\/9cd9d437bbb44f72b73ba127e06d8e79","name":"admin","image":{"@type":"ImageObject","inLanguage":"tr","@id":"https:\/\/secure.gravatar.com\/avatar\/ccc17943b9d660506c869530f897617f7cb1c21a4bf30023f252596d83e1f007?s=96&d=mm&r=g","url":"https:\/\/secure.gravatar.com\/avatar\/ccc17943b9d660506c869530f897617f7cb1c21a4bf30023f252596d83e1f007?s=96&d=mm&r=g","contentUrl":"https:\/\/secure.gravatar.com\/avatar\/ccc17943b9d660506c869530f897617f7cb1c21a4bf30023f252596d83e1f007?s=96&d=mm&r=g","caption":"admin"},"sameAs":["https:\/\/kibrisdakik.com"],"url":"https:\/\/kibrisdakik.com\/?author=1"}]}},"_links":{"self":[{"href":"https:\/\/kibrisdakik.com\/index.php?rest_route=\/wp\/v2\/posts\/28727","targetHints":{"allow":["GET"]}}],"collection":[{"href":"https:\/\/kibrisdakik.com\/index.php?rest_route=\/wp\/v2\/posts"}],"about":[{"href":"https:\/\/kibrisdakik.com\/index.php?rest_route=\/wp\/v2\/types\/post"}],"author":[{"embeddable":true,"href":"https:\/\/kibrisdakik.com\/index.php?rest_route=\/wp\/v2\/users\/1"}],"replies":[{"embeddable":true,"href":"https:\/\/kibrisdakik.com\/index.php?rest_route=%2Fwp%2Fv2%2Fcomments&post=28727"}],"version-history":[{"count":0,"href":"https:\/\/kibrisdakik.com\/index.php?rest_route=\/wp\/v2\/posts\/28727\/revisions"}],"wp:featuredmedia":[{"embeddable":true,"href":"https:\/\/kibrisdakik.com\/index.php?rest_route=\/wp\/v2\/media\/28728"}],"wp:attachment":[{"href":"https:\/\/kibrisdakik.com\/index.php?rest_route=%2Fwp%2Fv2%2Fmedia&parent=28727"}],"wp:term":[{"taxonomy":"category","embeddable":true,"href":"https:\/\/kibrisdakik.com\/index.php?rest_route=%2Fwp%2Fv2%2Fcategories&post=28727"},{"taxonomy":"post_tag","embeddable":true,"href":"https:\/\/kibrisdakik.com\/index.php?rest_route=%2Fwp%2Fv2%2Ftags&post=28727"}],"curies":[{"name":"wp","href":"https:\/\/api.w.org\/{rel}","templated":true}]}}