{"id":28733,"date":"2024-02-02T18:51:41","date_gmt":"2024-02-02T18:51:41","guid":{"rendered":"https:\/\/kibrisdakik.com\/index.php\/2024\/02\/02\/79-yasinda-hayata-veda-etti-iste-alev-alatlinin-vasiyeti\/"},"modified":"2024-02-02T18:51:41","modified_gmt":"2024-02-02T18:51:41","slug":"79-yasinda-hayata-veda-etti-iste-alev-alatlinin-vasiyeti","status":"publish","type":"post","link":"https:\/\/kibrisdakik.com\/?p=28733","title":{"rendered":"79 ya\u015f\u0131nda hayata veda etti: \u0130\u015fte Alev Alatl\u0131&#039;n\u0131n vasiyeti"},"content":{"rendered":"<p><img decoding=\"async\" src=\"https:\/\/www.kibristurk.com\/images\/haberler\/2024\/02\/79-yasinda-hayata-veda-etti-iste-alev-alatlinin-vasiyeti-1706897584.webp\" \/><\/p>\n<p>Son 1 y\u0131ld\u0131r \u00e7oklu organ yetmezli\u011fi nedeniyle tedavi g\u00f6ren&nbsp;yazar Alev Alatl\u0131&nbsp;bug\u00fcn tedavi g\u00f6rd\u00fc\u011f\u00fc Ba\u011fc\u0131lar Medipol Mega Hastanesi\u2019nde t\u00fcm m\u00fcdahalelere ra\u011fmen kurtar\u0131lamayarak hayat\u0131n\u0131 kaybetti.<\/p>\n<p>Alatl\u0131&#8217;n\u0131n vefat\u0131n\u0131n ard\u0131ndan, resmi sosyal medya hesab\u0131ndan yap\u0131lan payla\u015f\u0131mla, \u00fcnl\u00fc yazar\u0131n bir vasiyet niteli\u011findeki d\u00fc\u015f\u00fcnceleri kamuoyu ile payla\u015f\u0131ld\u0131.<\/p>\n<p><strong>\u0130\u015fte o mesaj:<\/strong><\/p>\n<p>&#8220;Nasihatimdir, vasiyetimdir<\/p>\n<p>G\u00fcne\u015f her g\u00fcn daha m\u00fctek\u00e2mil bir d\u00fcnyaya do\u011fmaz. Tarih ezelden ebede d\u00fcmd\u00fcz uzanan do\u011frusal bir hat de\u011fil, devirli bir olu\u015fumdur. G\u00fcn olur, en gerideki en \u00f6ndekinden ileride olur. Aristarkus, Kopernik\u2019e \u201cz\u0131p\u00e7\u0131kt\u0131 astrolog\u201d diyen devrimci Martin Luter\u2019den daha ilericidir. Ahmet Yesevi, Kad\u0131zade Mehmet\u2019in \u00e7ok \u00f6tesinde. Siz istihk\u00e2mlar\u0131n\u0131z\u0131 g\u00fc\u00e7lendirin, zor zamanlar\u0131 f\u0131rsata \u00e7evirin. Benim ya\u015f\u0131ma geldi\u011finizde, benim hi\u00e7 olamad\u0131\u011f\u0131m kadar hak\u00eem, feh\u00eem, m\u00fcstak\u00eem, em\u00een, mek\u00een ve met\u00een olun. Aziz \u00fclkemize gelince, ille de bir \u015feye benzetecekseniz, her buda\u011f\u0131ndan s\u00fcrg\u00fcn atan salk\u0131m sa\u00e7ak bir b\u00f6\u011f\u00fcrtlen \u00e7al\u0131s\u0131na benzeteceksiniz T\u00fcrkiye\u2019yi. Bir s\u00fcrg\u00fcn\u00fc \u00e7i\u00e7e\u011fe dururken, di\u011ferinin kurumakta, \u00f6tekinin meyve vermekte oldu\u011funu g\u00f6r\u00fcn. Tek bir s\u00fcrg\u00fcne tak\u0131l\u0131p kalmay\u0131n, b\u00fct\u00fcne bakmay\u0131 adet edinin. Unutmay\u0131n ki d\u00fcz ak\u0131lla anla\u015f\u0131lmaz, pergele, cetvele gelmez, kendisine has bir kimli\u011fi vard\u0131r, T\u00fcrkiye\u2019nin. Batmaz. Batarsa, okyanuslar ta\u015far. Mademki son temsilcileriyiz Gezegen\u2019in iyili\u011fi i\u00e7in ya\u015fat\u0131lmas\u0131 elzem bir medeniyetin, bizi durduracak tek \u201cger\u00e7ek\u201d, so\u011fuyan G\u00fcne\u015f\u2019in d\u00fcnyam\u0131z\u0131 yar\u0131 yolda b\u0131rakmas\u0131 ihtimali olmal\u0131&#8221;<\/p>\n<p>&nbsp;<\/p>\n","protected":false},"excerpt":{"rendered":"<p>Son 1 y\u0131ld\u0131r \u00e7oklu organ yetmezli\u011fi nedeniyle tedavi g\u00f6ren&nbsp;yazar Alev Alatl\u0131&nbsp;bug\u00fcn tedavi g\u00f6rd\u00fc\u011f\u00fc Ba\u011fc\u0131lar Medipol Mega Hastanesi\u2019nde t\u00fcm m\u00fcdahalelere ra\u011fmen kurtar\u0131lamayarak hayat\u0131n\u0131 kaybetti. Alatl\u0131&#8217;n\u0131n vefat\u0131n\u0131n ard\u0131ndan, resmi sosyal medya hesab\u0131ndan yap\u0131lan payla\u015f\u0131mla, \u00fcnl\u00fc yazar\u0131n bir vasiyet niteli\u011findeki d\u00fc\u015f\u00fcnceleri kamuoyu ile payla\u015f\u0131ld\u0131. \u0130\u015fte o mesaj: &#8220;Nasihatimdir, vasiyetimdir G\u00fcne\u015f her g\u00fcn daha m\u00fctek\u00e2mil bir d\u00fcnyaya do\u011fmaz. Tarih<\/p>\n","protected":false},"author":1,"featured_media":28734,"comment_status":"open","ping_status":"open","sticky":false,"template":"","format":"standard","meta":{"footnotes":""},"categories":[1],"tags":[],"class_list":["post-28733","post","type-post","status-publish","format-standard","has-post-thumbnail","hentry","category-gundem"],"yoast_head":"<!-- This site is optimized with the Yoast SEO plugin v27.5 - https:\/\/yoast.com\/product\/yoast-seo-wordpress\/ -->\n<title>79 ya\u015f\u0131nda hayata veda etti: \u0130\u015fte Alev Alatl\u0131&#039;n\u0131n vasiyeti -<\/title>\n<meta name=\"robots\" content=\"index, follow, max-snippet:-1, max-image-preview:large, max-video-preview:-1\" \/>\n<link rel=\"canonical\" href=\"https:\/\/kibrisdakik.com\/?p=28733\" \/>\n<meta property=\"og:locale\" content=\"tr_TR\" \/>\n<meta property=\"og:type\" content=\"article\" \/>\n<meta property=\"og:title\" content=\"79 ya\u015f\u0131nda hayata veda etti: \u0130\u015fte Alev Alatl\u0131&#039;n\u0131n vasiyeti -\" \/>\n<meta property=\"og:description\" content=\"Son 1 y\u0131ld\u0131r \u00e7oklu organ yetmezli\u011fi nedeniyle tedavi g\u00f6ren&nbsp;yazar Alev Alatl\u0131&nbsp;bug\u00fcn tedavi g\u00f6rd\u00fc\u011f\u00fc Ba\u011fc\u0131lar Medipol Mega Hastanesi\u2019nde t\u00fcm m\u00fcdahalelere ra\u011fmen kurtar\u0131lamayarak hayat\u0131n\u0131 kaybetti. Alatl\u0131&#8217;n\u0131n vefat\u0131n\u0131n ard\u0131ndan, resmi sosyal medya hesab\u0131ndan yap\u0131lan payla\u015f\u0131mla, \u00fcnl\u00fc yazar\u0131n bir vasiyet niteli\u011findeki d\u00fc\u015f\u00fcnceleri kamuoyu ile payla\u015f\u0131ld\u0131. \u0130\u015fte o mesaj: &#8220;Nasihatimdir, vasiyetimdir G\u00fcne\u015f her g\u00fcn daha m\u00fctek\u00e2mil bir d\u00fcnyaya do\u011fmaz. Tarih\" \/>\n<meta property=\"og:url\" content=\"https:\/\/kibrisdakik.com\/?p=28733\" \/>\n<meta property=\"article:published_time\" content=\"2024-02-02T18:51:41+00:00\" \/>\n<meta property=\"og:image\" content=\"https:\/\/kibrisdakik.com\/wp-content\/uploads\/2024\/02\/79-yasinda-hayata-veda-etti-iste-alev-alatlinin-vasiyeti-1706897584.webp.webp\" \/>\n\t<meta property=\"og:image:width\" content=\"710\" \/>\n\t<meta property=\"og:image:height\" content=\"370\" \/>\n\t<meta property=\"og:image:type\" content=\"image\/webp\" \/>\n<meta name=\"author\" content=\"admin\" \/>\n<meta name=\"twitter:card\" content=\"summary_large_image\" \/>\n<meta name=\"twitter:label1\" content=\"Yazan:\" \/>\n\t<meta name=\"twitter:data1\" content=\"admin\" \/>\n\t<meta name=\"twitter:label2\" content=\"Tahmini okuma s\u00fcresi\" \/>\n\t<meta name=\"twitter:data2\" content=\"2 dakika\" \/>\n<script type=\"application\/ld+json\" class=\"yoast-schema-graph\">{\"@context\":\"https:\\\/\\\/schema.org\",\"@graph\":[{\"@type\":\"Article\",\"@id\":\"https:\\\/\\\/kibrisdakik.com\\\/?p=28733#article\",\"isPartOf\":{\"@id\":\"https:\\\/\\\/kibrisdakik.com\\\/?p=28733\"},\"author\":{\"name\":\"admin\",\"@id\":\"https:\\\/\\\/kibrisdakik.com\\\/#\\\/schema\\\/person\\\/9cd9d437bbb44f72b73ba127e06d8e79\"},\"headline\":\"79 ya\u015f\u0131nda hayata veda etti: \u0130\u015fte Alev Alatl\u0131&#039;n\u0131n vasiyeti\",\"datePublished\":\"2024-02-02T18:51:41+00:00\",\"mainEntityOfPage\":{\"@id\":\"https:\\\/\\\/kibrisdakik.com\\\/?p=28733\"},\"wordCount\":311,\"commentCount\":0,\"image\":{\"@id\":\"https:\\\/\\\/kibrisdakik.com\\\/?p=28733#primaryimage\"},\"thumbnailUrl\":\"https:\\\/\\\/kibrisdakik.com\\\/wp-content\\\/uploads\\\/2024\\\/02\\\/79-yasinda-hayata-veda-etti-iste-alev-alatlinin-vasiyeti-1706897584.webp.webp\",\"articleSection\":[\"G\u00fcndem\"],\"inLanguage\":\"tr\",\"potentialAction\":[{\"@type\":\"CommentAction\",\"name\":\"Comment\",\"target\":[\"https:\\\/\\\/kibrisdakik.com\\\/?p=28733#respond\"]}]},{\"@type\":\"WebPage\",\"@id\":\"https:\\\/\\\/kibrisdakik.com\\\/?p=28733\",\"url\":\"https:\\\/\\\/kibrisdakik.com\\\/?p=28733\",\"name\":\"79 ya\u015f\u0131nda hayata veda etti: \u0130\u015fte Alev Alatl\u0131&#039;n\u0131n vasiyeti -\",\"isPartOf\":{\"@id\":\"https:\\\/\\\/kibrisdakik.com\\\/#website\"},\"primaryImageOfPage\":{\"@id\":\"https:\\\/\\\/kibrisdakik.com\\\/?p=28733#primaryimage\"},\"image\":{\"@id\":\"https:\\\/\\\/kibrisdakik.com\\\/?p=28733#primaryimage\"},\"thumbnailUrl\":\"https:\\\/\\\/kibrisdakik.com\\\/wp-content\\\/uploads\\\/2024\\\/02\\\/79-yasinda-hayata-veda-etti-iste-alev-alatlinin-vasiyeti-1706897584.webp.webp\",\"datePublished\":\"2024-02-02T18:51:41+00:00\",\"author\":{\"@id\":\"https:\\\/\\\/kibrisdakik.com\\\/#\\\/schema\\\/person\\\/9cd9d437bbb44f72b73ba127e06d8e79\"},\"breadcrumb\":{\"@id\":\"https:\\\/\\\/kibrisdakik.com\\\/?p=28733#breadcrumb\"},\"inLanguage\":\"tr\",\"potentialAction\":[{\"@type\":\"ReadAction\",\"target\":[\"https:\\\/\\\/kibrisdakik.com\\\/?p=28733\"]}]},{\"@type\":\"ImageObject\",\"inLanguage\":\"tr\",\"@id\":\"https:\\\/\\\/kibrisdakik.com\\\/?p=28733#primaryimage\",\"url\":\"https:\\\/\\\/kibrisdakik.com\\\/wp-content\\\/uploads\\\/2024\\\/02\\\/79-yasinda-hayata-veda-etti-iste-alev-alatlinin-vasiyeti-1706897584.webp.webp\",\"contentUrl\":\"https:\\\/\\\/kibrisdakik.com\\\/wp-content\\\/uploads\\\/2024\\\/02\\\/79-yasinda-hayata-veda-etti-iste-alev-alatlinin-vasiyeti-1706897584.webp.webp\",\"width\":710,\"height\":370},{\"@type\":\"BreadcrumbList\",\"@id\":\"https:\\\/\\\/kibrisdakik.com\\\/?p=28733#breadcrumb\",\"itemListElement\":[{\"@type\":\"ListItem\",\"position\":1,\"name\":\"Home\",\"item\":\"https:\\\/\\\/kibrisdakik.com\\\/\"},{\"@type\":\"ListItem\",\"position\":2,\"name\":\"79 ya\u015f\u0131nda hayata veda etti: \u0130\u015fte Alev Alatl\u0131&#039;n\u0131n vasiyeti\"}]},{\"@type\":\"WebSite\",\"@id\":\"https:\\\/\\\/kibrisdakik.com\\\/#website\",\"url\":\"https:\\\/\\\/kibrisdakik.com\\\/\",\"name\":\"\",\"description\":\"Tam vaktinde haber\",\"potentialAction\":[{\"@type\":\"SearchAction\",\"target\":{\"@type\":\"EntryPoint\",\"urlTemplate\":\"https:\\\/\\\/kibrisdakik.com\\\/?s={search_term_string}\"},\"query-input\":{\"@type\":\"PropertyValueSpecification\",\"valueRequired\":true,\"valueName\":\"search_term_string\"}}],\"inLanguage\":\"tr\"},{\"@type\":\"Person\",\"@id\":\"https:\\\/\\\/kibrisdakik.com\\\/#\\\/schema\\\/person\\\/9cd9d437bbb44f72b73ba127e06d8e79\",\"name\":\"admin\",\"image\":{\"@type\":\"ImageObject\",\"inLanguage\":\"tr\",\"@id\":\"https:\\\/\\\/secure.gravatar.com\\\/avatar\\\/ccc17943b9d660506c869530f897617f7cb1c21a4bf30023f252596d83e1f007?s=96&d=mm&r=g\",\"url\":\"https:\\\/\\\/secure.gravatar.com\\\/avatar\\\/ccc17943b9d660506c869530f897617f7cb1c21a4bf30023f252596d83e1f007?s=96&d=mm&r=g\",\"contentUrl\":\"https:\\\/\\\/secure.gravatar.com\\\/avatar\\\/ccc17943b9d660506c869530f897617f7cb1c21a4bf30023f252596d83e1f007?s=96&d=mm&r=g\",\"caption\":\"admin\"},\"sameAs\":[\"https:\\\/\\\/kibrisdakik.com\"],\"url\":\"https:\\\/\\\/kibrisdakik.com\\\/?author=1\"}]}<\/script>\n<!-- \/ Yoast SEO plugin. -->","yoast_head_json":{"title":"79 ya\u015f\u0131nda hayata veda etti: \u0130\u015fte Alev Alatl\u0131&#039;n\u0131n vasiyeti -","robots":{"index":"index","follow":"follow","max-snippet":"max-snippet:-1","max-image-preview":"max-image-preview:large","max-video-preview":"max-video-preview:-1"},"canonical":"https:\/\/kibrisdakik.com\/?p=28733","og_locale":"tr_TR","og_type":"article","og_title":"79 ya\u015f\u0131nda hayata veda etti: \u0130\u015fte Alev Alatl\u0131&#039;n\u0131n vasiyeti -","og_description":"Son 1 y\u0131ld\u0131r \u00e7oklu organ yetmezli\u011fi nedeniyle tedavi g\u00f6ren&nbsp;yazar Alev Alatl\u0131&nbsp;bug\u00fcn tedavi g\u00f6rd\u00fc\u011f\u00fc Ba\u011fc\u0131lar Medipol Mega Hastanesi\u2019nde t\u00fcm m\u00fcdahalelere ra\u011fmen kurtar\u0131lamayarak hayat\u0131n\u0131 kaybetti. Alatl\u0131&#8217;n\u0131n vefat\u0131n\u0131n ard\u0131ndan, resmi sosyal medya hesab\u0131ndan yap\u0131lan payla\u015f\u0131mla, \u00fcnl\u00fc yazar\u0131n bir vasiyet niteli\u011findeki d\u00fc\u015f\u00fcnceleri kamuoyu ile payla\u015f\u0131ld\u0131. \u0130\u015fte o mesaj: &#8220;Nasihatimdir, vasiyetimdir G\u00fcne\u015f her g\u00fcn daha m\u00fctek\u00e2mil bir d\u00fcnyaya do\u011fmaz. Tarih","og_url":"https:\/\/kibrisdakik.com\/?p=28733","article_published_time":"2024-02-02T18:51:41+00:00","og_image":[{"width":710,"height":370,"url":"https:\/\/kibrisdakik.com\/wp-content\/uploads\/2024\/02\/79-yasinda-hayata-veda-etti-iste-alev-alatlinin-vasiyeti-1706897584.webp.webp","type":"image\/webp"}],"author":"admin","twitter_card":"summary_large_image","twitter_misc":{"Yazan:":"admin","Tahmini okuma s\u00fcresi":"2 dakika"},"schema":{"@context":"https:\/\/schema.org","@graph":[{"@type":"Article","@id":"https:\/\/kibrisdakik.com\/?p=28733#article","isPartOf":{"@id":"https:\/\/kibrisdakik.com\/?p=28733"},"author":{"name":"admin","@id":"https:\/\/kibrisdakik.com\/#\/schema\/person\/9cd9d437bbb44f72b73ba127e06d8e79"},"headline":"79 ya\u015f\u0131nda hayata veda etti: \u0130\u015fte Alev Alatl\u0131&#039;n\u0131n vasiyeti","datePublished":"2024-02-02T18:51:41+00:00","mainEntityOfPage":{"@id":"https:\/\/kibrisdakik.com\/?p=28733"},"wordCount":311,"commentCount":0,"image":{"@id":"https:\/\/kibrisdakik.com\/?p=28733#primaryimage"},"thumbnailUrl":"https:\/\/kibrisdakik.com\/wp-content\/uploads\/2024\/02\/79-yasinda-hayata-veda-etti-iste-alev-alatlinin-vasiyeti-1706897584.webp.webp","articleSection":["G\u00fcndem"],"inLanguage":"tr","potentialAction":[{"@type":"CommentAction","name":"Comment","target":["https:\/\/kibrisdakik.com\/?p=28733#respond"]}]},{"@type":"WebPage","@id":"https:\/\/kibrisdakik.com\/?p=28733","url":"https:\/\/kibrisdakik.com\/?p=28733","name":"79 ya\u015f\u0131nda hayata veda etti: \u0130\u015fte Alev Alatl\u0131&#039;n\u0131n vasiyeti -","isPartOf":{"@id":"https:\/\/kibrisdakik.com\/#website"},"primaryImageOfPage":{"@id":"https:\/\/kibrisdakik.com\/?p=28733#primaryimage"},"image":{"@id":"https:\/\/kibrisdakik.com\/?p=28733#primaryimage"},"thumbnailUrl":"https:\/\/kibrisdakik.com\/wp-content\/uploads\/2024\/02\/79-yasinda-hayata-veda-etti-iste-alev-alatlinin-vasiyeti-1706897584.webp.webp","datePublished":"2024-02-02T18:51:41+00:00","author":{"@id":"https:\/\/kibrisdakik.com\/#\/schema\/person\/9cd9d437bbb44f72b73ba127e06d8e79"},"breadcrumb":{"@id":"https:\/\/kibrisdakik.com\/?p=28733#breadcrumb"},"inLanguage":"tr","potentialAction":[{"@type":"ReadAction","target":["https:\/\/kibrisdakik.com\/?p=28733"]}]},{"@type":"ImageObject","inLanguage":"tr","@id":"https:\/\/kibrisdakik.com\/?p=28733#primaryimage","url":"https:\/\/kibrisdakik.com\/wp-content\/uploads\/2024\/02\/79-yasinda-hayata-veda-etti-iste-alev-alatlinin-vasiyeti-1706897584.webp.webp","contentUrl":"https:\/\/kibrisdakik.com\/wp-content\/uploads\/2024\/02\/79-yasinda-hayata-veda-etti-iste-alev-alatlinin-vasiyeti-1706897584.webp.webp","width":710,"height":370},{"@type":"BreadcrumbList","@id":"https:\/\/kibrisdakik.com\/?p=28733#breadcrumb","itemListElement":[{"@type":"ListItem","position":1,"name":"Home","item":"https:\/\/kibrisdakik.com\/"},{"@type":"ListItem","position":2,"name":"79 ya\u015f\u0131nda hayata veda etti: \u0130\u015fte Alev Alatl\u0131&#039;n\u0131n vasiyeti"}]},{"@type":"WebSite","@id":"https:\/\/kibrisdakik.com\/#website","url":"https:\/\/kibrisdakik.com\/","name":"","description":"Tam vaktinde haber","potentialAction":[{"@type":"SearchAction","target":{"@type":"EntryPoint","urlTemplate":"https:\/\/kibrisdakik.com\/?s={search_term_string}"},"query-input":{"@type":"PropertyValueSpecification","valueRequired":true,"valueName":"search_term_string"}}],"inLanguage":"tr"},{"@type":"Person","@id":"https:\/\/kibrisdakik.com\/#\/schema\/person\/9cd9d437bbb44f72b73ba127e06d8e79","name":"admin","image":{"@type":"ImageObject","inLanguage":"tr","@id":"https:\/\/secure.gravatar.com\/avatar\/ccc17943b9d660506c869530f897617f7cb1c21a4bf30023f252596d83e1f007?s=96&d=mm&r=g","url":"https:\/\/secure.gravatar.com\/avatar\/ccc17943b9d660506c869530f897617f7cb1c21a4bf30023f252596d83e1f007?s=96&d=mm&r=g","contentUrl":"https:\/\/secure.gravatar.com\/avatar\/ccc17943b9d660506c869530f897617f7cb1c21a4bf30023f252596d83e1f007?s=96&d=mm&r=g","caption":"admin"},"sameAs":["https:\/\/kibrisdakik.com"],"url":"https:\/\/kibrisdakik.com\/?author=1"}]}},"_links":{"self":[{"href":"https:\/\/kibrisdakik.com\/index.php?rest_route=\/wp\/v2\/posts\/28733","targetHints":{"allow":["GET"]}}],"collection":[{"href":"https:\/\/kibrisdakik.com\/index.php?rest_route=\/wp\/v2\/posts"}],"about":[{"href":"https:\/\/kibrisdakik.com\/index.php?rest_route=\/wp\/v2\/types\/post"}],"author":[{"embeddable":true,"href":"https:\/\/kibrisdakik.com\/index.php?rest_route=\/wp\/v2\/users\/1"}],"replies":[{"embeddable":true,"href":"https:\/\/kibrisdakik.com\/index.php?rest_route=%2Fwp%2Fv2%2Fcomments&post=28733"}],"version-history":[{"count":0,"href":"https:\/\/kibrisdakik.com\/index.php?rest_route=\/wp\/v2\/posts\/28733\/revisions"}],"wp:featuredmedia":[{"embeddable":true,"href":"https:\/\/kibrisdakik.com\/index.php?rest_route=\/wp\/v2\/media\/28734"}],"wp:attachment":[{"href":"https:\/\/kibrisdakik.com\/index.php?rest_route=%2Fwp%2Fv2%2Fmedia&parent=28733"}],"wp:term":[{"taxonomy":"category","embeddable":true,"href":"https:\/\/kibrisdakik.com\/index.php?rest_route=%2Fwp%2Fv2%2Fcategories&post=28733"},{"taxonomy":"post_tag","embeddable":true,"href":"https:\/\/kibrisdakik.com\/index.php?rest_route=%2Fwp%2Fv2%2Ftags&post=28733"}],"curies":[{"name":"wp","href":"https:\/\/api.w.org\/{rel}","templated":true}]}}