{"id":28743,"date":"2024-02-02T21:54:01","date_gmt":"2024-02-02T21:54:01","guid":{"rendered":"https:\/\/kibrisdakik.com\/index.php\/2024\/02\/02\/son-dakika-merkez-bankasinin-yeni-baskani-dr-fatih-karahan-oldu\/"},"modified":"2024-02-02T21:54:01","modified_gmt":"2024-02-02T21:54:01","slug":"son-dakika-merkez-bankasinin-yeni-baskani-dr-fatih-karahan-oldu","status":"publish","type":"post","link":"https:\/\/kibrisdakik.com\/?p=28743","title":{"rendered":"Son dakika: Merkez Bankas\u0131&#039;n\u0131n yeni ba\u015fkan\u0131 Dr. Fatih Karahan oldu"},"content":{"rendered":"<p><img decoding=\"async\" src=\"https:\/\/www.kibristurk.com\/images\/haberler\/2024\/02\/son-dakika-merkez-bankasinin-yeni-baskani-dr-fatih-karahan-oldu-1706908148.webp\" \/><\/p>\n<p>TCMB&#8217;de g\u00f6rev de\u011fi\u015fimi ger\u00e7ekle\u015fti. G\u00f6revinden aff\u0131n\u0131 isteyen Hafize Gaye Erkan&#8217;\u0131n yerine Dr.&nbsp;Fatih Karahan&nbsp;getirildi. Karahan, 28 Temmuz 2023 tarihinde T\u00fcrkiye Cumhuriyet Merkez Bankas\u0131 Ba\u015fkan Yard\u0131mc\u0131l\u0131\u011f\u0131\u2019na atanm\u0131\u015ft\u0131.<\/p>\n<p><strong>FAT\u0130H KARAHAN K\u0130MD\u0130R?<\/strong><\/p>\n<p>1982 y\u0131l\u0131nda Eski\u015fehir\u2019de do\u011fan Fatih Karahan, 2006 y\u0131l\u0131nda Bo\u011fazi\u00e7i \u00dcniversitesi Matematik ve End\u00fcstri M\u00fchendisli\u011fi b\u00f6l\u00fcmlerinden mezun oldu.<\/p>\n<p>2012 y\u0131l\u0131nda Pennsylvania \u00dcniversitesi\u2019nde&nbsp;Ekonomi&nbsp;alan\u0131nda y\u00fcksek lisans ve doktoras\u0131n\u0131 tamamlad\u0131. \u00c7al\u0131\u015fma hayat\u0131na 2012 y\u0131l\u0131nda New York Merkez Bankas\u0131\u2019nda ekonomist olarak ba\u015flayan Karahan, 2022 y\u0131l\u0131na kadar an\u0131lan kurumda \u0130\u015fg\u00fcc\u00fc ve \u00dcr\u00fcn Piyasas\u0131 \u00c7al\u0131\u015fmalar\u0131 Ba\u015fkan\u0131 ve para politikas\u0131 dan\u0131\u015fman\u0131 olarak g\u00f6rev yapt\u0131.<\/p>\n<p>Columbia \u00dcniversitesi ve New York \u00dcniversitesi\u2019nde yar\u0131 zamanl\u0131 \u00f6\u011fretim g\u00f6revlisi olarak da g\u00f6rev yapan Karahan, 2022\u2019de Amazon\u2019da k\u0131demli ekonomist olarak \u00e7al\u0131\u015fmaya ba\u015flad\u0131. Karahan, Kas\u0131m 2022\u2019de Amazon\u2019da Ba\u015fekonomist g\u00f6revine atand\u0131.<br \/>\nKarahan, 28 Temmuz 2023 tarihinde T\u00fcrkiye Cumhuriyet Merkez Bankas\u0131 Ba\u015fkan Yard\u0131mc\u0131l\u0131\u011f\u0131\u2019na atanm\u0131\u015ft\u0131r.<\/p>\n","protected":false},"excerpt":{"rendered":"<p>TCMB&#8217;de g\u00f6rev de\u011fi\u015fimi ger\u00e7ekle\u015fti. G\u00f6revinden aff\u0131n\u0131 isteyen Hafize Gaye Erkan&#8217;\u0131n yerine Dr.&nbsp;Fatih Karahan&nbsp;getirildi. Karahan, 28 Temmuz 2023 tarihinde T\u00fcrkiye Cumhuriyet Merkez Bankas\u0131 Ba\u015fkan Yard\u0131mc\u0131l\u0131\u011f\u0131\u2019na atanm\u0131\u015ft\u0131. FAT\u0130H KARAHAN K\u0130MD\u0130R? 1982 y\u0131l\u0131nda Eski\u015fehir\u2019de do\u011fan Fatih Karahan, 2006 y\u0131l\u0131nda Bo\u011fazi\u00e7i \u00dcniversitesi Matematik ve End\u00fcstri M\u00fchendisli\u011fi b\u00f6l\u00fcmlerinden mezun oldu. 2012 y\u0131l\u0131nda Pennsylvania \u00dcniversitesi\u2019nde&nbsp;Ekonomi&nbsp;alan\u0131nda y\u00fcksek lisans ve doktoras\u0131n\u0131 tamamlad\u0131. \u00c7al\u0131\u015fma<\/p>\n","protected":false},"author":1,"featured_media":28744,"comment_status":"open","ping_status":"open","sticky":false,"template":"","format":"standard","meta":{"footnotes":""},"categories":[1],"tags":[],"class_list":["post-28743","post","type-post","status-publish","format-standard","has-post-thumbnail","hentry","category-gundem"],"yoast_head":"<!-- This site is optimized with the Yoast SEO plugin v27.4 - https:\/\/yoast.com\/product\/yoast-seo-wordpress\/ -->\n<title>Son dakika: Merkez Bankas\u0131&#039;n\u0131n yeni ba\u015fkan\u0131 Dr. Fatih Karahan oldu -<\/title>\n<meta name=\"robots\" content=\"index, follow, max-snippet:-1, max-image-preview:large, max-video-preview:-1\" \/>\n<link rel=\"canonical\" href=\"https:\/\/kibrisdakik.com\/?p=28743\" \/>\n<meta property=\"og:locale\" content=\"tr_TR\" \/>\n<meta property=\"og:type\" content=\"article\" \/>\n<meta property=\"og:title\" content=\"Son dakika: Merkez Bankas\u0131&#039;n\u0131n yeni ba\u015fkan\u0131 Dr. Fatih Karahan oldu -\" \/>\n<meta property=\"og:description\" content=\"TCMB&#8217;de g\u00f6rev de\u011fi\u015fimi ger\u00e7ekle\u015fti. G\u00f6revinden aff\u0131n\u0131 isteyen Hafize Gaye Erkan&#8217;\u0131n yerine Dr.&nbsp;Fatih Karahan&nbsp;getirildi. Karahan, 28 Temmuz 2023 tarihinde T\u00fcrkiye Cumhuriyet Merkez Bankas\u0131 Ba\u015fkan Yard\u0131mc\u0131l\u0131\u011f\u0131\u2019na atanm\u0131\u015ft\u0131. FAT\u0130H KARAHAN K\u0130MD\u0130R? 1982 y\u0131l\u0131nda Eski\u015fehir\u2019de do\u011fan Fatih Karahan, 2006 y\u0131l\u0131nda Bo\u011fazi\u00e7i \u00dcniversitesi Matematik ve End\u00fcstri M\u00fchendisli\u011fi b\u00f6l\u00fcmlerinden mezun oldu. 2012 y\u0131l\u0131nda Pennsylvania \u00dcniversitesi\u2019nde&nbsp;Ekonomi&nbsp;alan\u0131nda y\u00fcksek lisans ve doktoras\u0131n\u0131 tamamlad\u0131. \u00c7al\u0131\u015fma\" \/>\n<meta property=\"og:url\" content=\"https:\/\/kibrisdakik.com\/?p=28743\" \/>\n<meta property=\"article:published_time\" content=\"2024-02-02T21:54:01+00:00\" \/>\n<meta property=\"og:image\" content=\"https:\/\/kibrisdakik.com\/wp-content\/uploads\/2024\/02\/son-dakika-merkez-bankasinin-yeni-baskani-dr-fatih-karahan-oldu-1706908148.webp.webp\" \/>\n\t<meta property=\"og:image:width\" content=\"710\" \/>\n\t<meta property=\"og:image:height\" content=\"370\" \/>\n\t<meta property=\"og:image:type\" content=\"image\/webp\" \/>\n<meta name=\"author\" content=\"admin\" \/>\n<meta name=\"twitter:card\" content=\"summary_large_image\" \/>\n<meta name=\"twitter:label1\" content=\"Yazan:\" \/>\n\t<meta name=\"twitter:data1\" content=\"admin\" \/>\n\t<meta name=\"twitter:label2\" content=\"Tahmini okuma s\u00fcresi\" \/>\n\t<meta name=\"twitter:data2\" content=\"1 dakika\" \/>\n<script type=\"application\/ld+json\" class=\"yoast-schema-graph\">{\"@context\":\"https:\\\/\\\/schema.org\",\"@graph\":[{\"@type\":\"Article\",\"@id\":\"https:\\\/\\\/kibrisdakik.com\\\/?p=28743#article\",\"isPartOf\":{\"@id\":\"https:\\\/\\\/kibrisdakik.com\\\/?p=28743\"},\"author\":{\"name\":\"admin\",\"@id\":\"https:\\\/\\\/kibrisdakik.com\\\/#\\\/schema\\\/person\\\/9cd9d437bbb44f72b73ba127e06d8e79\"},\"headline\":\"Son dakika: Merkez Bankas\u0131&#039;n\u0131n yeni ba\u015fkan\u0131 Dr. Fatih Karahan oldu\",\"datePublished\":\"2024-02-02T21:54:01+00:00\",\"mainEntityOfPage\":{\"@id\":\"https:\\\/\\\/kibrisdakik.com\\\/?p=28743\"},\"wordCount\":207,\"commentCount\":0,\"image\":{\"@id\":\"https:\\\/\\\/kibrisdakik.com\\\/?p=28743#primaryimage\"},\"thumbnailUrl\":\"https:\\\/\\\/kibrisdakik.com\\\/wp-content\\\/uploads\\\/2024\\\/02\\\/son-dakika-merkez-bankasinin-yeni-baskani-dr-fatih-karahan-oldu-1706908148.webp.webp\",\"articleSection\":[\"G\u00fcndem\"],\"inLanguage\":\"tr\",\"potentialAction\":[{\"@type\":\"CommentAction\",\"name\":\"Comment\",\"target\":[\"https:\\\/\\\/kibrisdakik.com\\\/?p=28743#respond\"]}]},{\"@type\":\"WebPage\",\"@id\":\"https:\\\/\\\/kibrisdakik.com\\\/?p=28743\",\"url\":\"https:\\\/\\\/kibrisdakik.com\\\/?p=28743\",\"name\":\"Son dakika: Merkez Bankas\u0131&#039;n\u0131n yeni ba\u015fkan\u0131 Dr. Fatih Karahan oldu -\",\"isPartOf\":{\"@id\":\"https:\\\/\\\/kibrisdakik.com\\\/#website\"},\"primaryImageOfPage\":{\"@id\":\"https:\\\/\\\/kibrisdakik.com\\\/?p=28743#primaryimage\"},\"image\":{\"@id\":\"https:\\\/\\\/kibrisdakik.com\\\/?p=28743#primaryimage\"},\"thumbnailUrl\":\"https:\\\/\\\/kibrisdakik.com\\\/wp-content\\\/uploads\\\/2024\\\/02\\\/son-dakika-merkez-bankasinin-yeni-baskani-dr-fatih-karahan-oldu-1706908148.webp.webp\",\"datePublished\":\"2024-02-02T21:54:01+00:00\",\"author\":{\"@id\":\"https:\\\/\\\/kibrisdakik.com\\\/#\\\/schema\\\/person\\\/9cd9d437bbb44f72b73ba127e06d8e79\"},\"breadcrumb\":{\"@id\":\"https:\\\/\\\/kibrisdakik.com\\\/?p=28743#breadcrumb\"},\"inLanguage\":\"tr\",\"potentialAction\":[{\"@type\":\"ReadAction\",\"target\":[\"https:\\\/\\\/kibrisdakik.com\\\/?p=28743\"]}]},{\"@type\":\"ImageObject\",\"inLanguage\":\"tr\",\"@id\":\"https:\\\/\\\/kibrisdakik.com\\\/?p=28743#primaryimage\",\"url\":\"https:\\\/\\\/kibrisdakik.com\\\/wp-content\\\/uploads\\\/2024\\\/02\\\/son-dakika-merkez-bankasinin-yeni-baskani-dr-fatih-karahan-oldu-1706908148.webp.webp\",\"contentUrl\":\"https:\\\/\\\/kibrisdakik.com\\\/wp-content\\\/uploads\\\/2024\\\/02\\\/son-dakika-merkez-bankasinin-yeni-baskani-dr-fatih-karahan-oldu-1706908148.webp.webp\",\"width\":710,\"height\":370},{\"@type\":\"BreadcrumbList\",\"@id\":\"https:\\\/\\\/kibrisdakik.com\\\/?p=28743#breadcrumb\",\"itemListElement\":[{\"@type\":\"ListItem\",\"position\":1,\"name\":\"Home\",\"item\":\"https:\\\/\\\/kibrisdakik.com\\\/\"},{\"@type\":\"ListItem\",\"position\":2,\"name\":\"Son dakika: Merkez Bankas\u0131&#039;n\u0131n yeni ba\u015fkan\u0131 Dr. Fatih Karahan oldu\"}]},{\"@type\":\"WebSite\",\"@id\":\"https:\\\/\\\/kibrisdakik.com\\\/#website\",\"url\":\"https:\\\/\\\/kibrisdakik.com\\\/\",\"name\":\"\",\"description\":\"Tam vaktinde haber\",\"potentialAction\":[{\"@type\":\"SearchAction\",\"target\":{\"@type\":\"EntryPoint\",\"urlTemplate\":\"https:\\\/\\\/kibrisdakik.com\\\/?s={search_term_string}\"},\"query-input\":{\"@type\":\"PropertyValueSpecification\",\"valueRequired\":true,\"valueName\":\"search_term_string\"}}],\"inLanguage\":\"tr\"},{\"@type\":\"Person\",\"@id\":\"https:\\\/\\\/kibrisdakik.com\\\/#\\\/schema\\\/person\\\/9cd9d437bbb44f72b73ba127e06d8e79\",\"name\":\"admin\",\"image\":{\"@type\":\"ImageObject\",\"inLanguage\":\"tr\",\"@id\":\"https:\\\/\\\/secure.gravatar.com\\\/avatar\\\/ccc17943b9d660506c869530f897617f7cb1c21a4bf30023f252596d83e1f007?s=96&d=mm&r=g\",\"url\":\"https:\\\/\\\/secure.gravatar.com\\\/avatar\\\/ccc17943b9d660506c869530f897617f7cb1c21a4bf30023f252596d83e1f007?s=96&d=mm&r=g\",\"contentUrl\":\"https:\\\/\\\/secure.gravatar.com\\\/avatar\\\/ccc17943b9d660506c869530f897617f7cb1c21a4bf30023f252596d83e1f007?s=96&d=mm&r=g\",\"caption\":\"admin\"},\"sameAs\":[\"https:\\\/\\\/kibrisdakik.com\"],\"url\":\"https:\\\/\\\/kibrisdakik.com\\\/?author=1\"}]}<\/script>\n<!-- \/ Yoast SEO plugin. -->","yoast_head_json":{"title":"Son dakika: Merkez Bankas\u0131&#039;n\u0131n yeni ba\u015fkan\u0131 Dr. Fatih Karahan oldu -","robots":{"index":"index","follow":"follow","max-snippet":"max-snippet:-1","max-image-preview":"max-image-preview:large","max-video-preview":"max-video-preview:-1"},"canonical":"https:\/\/kibrisdakik.com\/?p=28743","og_locale":"tr_TR","og_type":"article","og_title":"Son dakika: Merkez Bankas\u0131&#039;n\u0131n yeni ba\u015fkan\u0131 Dr. Fatih Karahan oldu -","og_description":"TCMB&#8217;de g\u00f6rev de\u011fi\u015fimi ger\u00e7ekle\u015fti. G\u00f6revinden aff\u0131n\u0131 isteyen Hafize Gaye Erkan&#8217;\u0131n yerine Dr.&nbsp;Fatih Karahan&nbsp;getirildi. Karahan, 28 Temmuz 2023 tarihinde T\u00fcrkiye Cumhuriyet Merkez Bankas\u0131 Ba\u015fkan Yard\u0131mc\u0131l\u0131\u011f\u0131\u2019na atanm\u0131\u015ft\u0131. FAT\u0130H KARAHAN K\u0130MD\u0130R? 1982 y\u0131l\u0131nda Eski\u015fehir\u2019de do\u011fan Fatih Karahan, 2006 y\u0131l\u0131nda Bo\u011fazi\u00e7i \u00dcniversitesi Matematik ve End\u00fcstri M\u00fchendisli\u011fi b\u00f6l\u00fcmlerinden mezun oldu. 2012 y\u0131l\u0131nda Pennsylvania \u00dcniversitesi\u2019nde&nbsp;Ekonomi&nbsp;alan\u0131nda y\u00fcksek lisans ve doktoras\u0131n\u0131 tamamlad\u0131. \u00c7al\u0131\u015fma","og_url":"https:\/\/kibrisdakik.com\/?p=28743","article_published_time":"2024-02-02T21:54:01+00:00","og_image":[{"width":710,"height":370,"url":"https:\/\/kibrisdakik.com\/wp-content\/uploads\/2024\/02\/son-dakika-merkez-bankasinin-yeni-baskani-dr-fatih-karahan-oldu-1706908148.webp.webp","type":"image\/webp"}],"author":"admin","twitter_card":"summary_large_image","twitter_misc":{"Yazan:":"admin","Tahmini okuma s\u00fcresi":"1 dakika"},"schema":{"@context":"https:\/\/schema.org","@graph":[{"@type":"Article","@id":"https:\/\/kibrisdakik.com\/?p=28743#article","isPartOf":{"@id":"https:\/\/kibrisdakik.com\/?p=28743"},"author":{"name":"admin","@id":"https:\/\/kibrisdakik.com\/#\/schema\/person\/9cd9d437bbb44f72b73ba127e06d8e79"},"headline":"Son dakika: Merkez Bankas\u0131&#039;n\u0131n yeni ba\u015fkan\u0131 Dr. Fatih Karahan oldu","datePublished":"2024-02-02T21:54:01+00:00","mainEntityOfPage":{"@id":"https:\/\/kibrisdakik.com\/?p=28743"},"wordCount":207,"commentCount":0,"image":{"@id":"https:\/\/kibrisdakik.com\/?p=28743#primaryimage"},"thumbnailUrl":"https:\/\/kibrisdakik.com\/wp-content\/uploads\/2024\/02\/son-dakika-merkez-bankasinin-yeni-baskani-dr-fatih-karahan-oldu-1706908148.webp.webp","articleSection":["G\u00fcndem"],"inLanguage":"tr","potentialAction":[{"@type":"CommentAction","name":"Comment","target":["https:\/\/kibrisdakik.com\/?p=28743#respond"]}]},{"@type":"WebPage","@id":"https:\/\/kibrisdakik.com\/?p=28743","url":"https:\/\/kibrisdakik.com\/?p=28743","name":"Son dakika: Merkez Bankas\u0131&#039;n\u0131n yeni ba\u015fkan\u0131 Dr. Fatih Karahan oldu -","isPartOf":{"@id":"https:\/\/kibrisdakik.com\/#website"},"primaryImageOfPage":{"@id":"https:\/\/kibrisdakik.com\/?p=28743#primaryimage"},"image":{"@id":"https:\/\/kibrisdakik.com\/?p=28743#primaryimage"},"thumbnailUrl":"https:\/\/kibrisdakik.com\/wp-content\/uploads\/2024\/02\/son-dakika-merkez-bankasinin-yeni-baskani-dr-fatih-karahan-oldu-1706908148.webp.webp","datePublished":"2024-02-02T21:54:01+00:00","author":{"@id":"https:\/\/kibrisdakik.com\/#\/schema\/person\/9cd9d437bbb44f72b73ba127e06d8e79"},"breadcrumb":{"@id":"https:\/\/kibrisdakik.com\/?p=28743#breadcrumb"},"inLanguage":"tr","potentialAction":[{"@type":"ReadAction","target":["https:\/\/kibrisdakik.com\/?p=28743"]}]},{"@type":"ImageObject","inLanguage":"tr","@id":"https:\/\/kibrisdakik.com\/?p=28743#primaryimage","url":"https:\/\/kibrisdakik.com\/wp-content\/uploads\/2024\/02\/son-dakika-merkez-bankasinin-yeni-baskani-dr-fatih-karahan-oldu-1706908148.webp.webp","contentUrl":"https:\/\/kibrisdakik.com\/wp-content\/uploads\/2024\/02\/son-dakika-merkez-bankasinin-yeni-baskani-dr-fatih-karahan-oldu-1706908148.webp.webp","width":710,"height":370},{"@type":"BreadcrumbList","@id":"https:\/\/kibrisdakik.com\/?p=28743#breadcrumb","itemListElement":[{"@type":"ListItem","position":1,"name":"Home","item":"https:\/\/kibrisdakik.com\/"},{"@type":"ListItem","position":2,"name":"Son dakika: Merkez Bankas\u0131&#039;n\u0131n yeni ba\u015fkan\u0131 Dr. Fatih Karahan oldu"}]},{"@type":"WebSite","@id":"https:\/\/kibrisdakik.com\/#website","url":"https:\/\/kibrisdakik.com\/","name":"","description":"Tam vaktinde haber","potentialAction":[{"@type":"SearchAction","target":{"@type":"EntryPoint","urlTemplate":"https:\/\/kibrisdakik.com\/?s={search_term_string}"},"query-input":{"@type":"PropertyValueSpecification","valueRequired":true,"valueName":"search_term_string"}}],"inLanguage":"tr"},{"@type":"Person","@id":"https:\/\/kibrisdakik.com\/#\/schema\/person\/9cd9d437bbb44f72b73ba127e06d8e79","name":"admin","image":{"@type":"ImageObject","inLanguage":"tr","@id":"https:\/\/secure.gravatar.com\/avatar\/ccc17943b9d660506c869530f897617f7cb1c21a4bf30023f252596d83e1f007?s=96&d=mm&r=g","url":"https:\/\/secure.gravatar.com\/avatar\/ccc17943b9d660506c869530f897617f7cb1c21a4bf30023f252596d83e1f007?s=96&d=mm&r=g","contentUrl":"https:\/\/secure.gravatar.com\/avatar\/ccc17943b9d660506c869530f897617f7cb1c21a4bf30023f252596d83e1f007?s=96&d=mm&r=g","caption":"admin"},"sameAs":["https:\/\/kibrisdakik.com"],"url":"https:\/\/kibrisdakik.com\/?author=1"}]}},"_links":{"self":[{"href":"https:\/\/kibrisdakik.com\/index.php?rest_route=\/wp\/v2\/posts\/28743","targetHints":{"allow":["GET"]}}],"collection":[{"href":"https:\/\/kibrisdakik.com\/index.php?rest_route=\/wp\/v2\/posts"}],"about":[{"href":"https:\/\/kibrisdakik.com\/index.php?rest_route=\/wp\/v2\/types\/post"}],"author":[{"embeddable":true,"href":"https:\/\/kibrisdakik.com\/index.php?rest_route=\/wp\/v2\/users\/1"}],"replies":[{"embeddable":true,"href":"https:\/\/kibrisdakik.com\/index.php?rest_route=%2Fwp%2Fv2%2Fcomments&post=28743"}],"version-history":[{"count":0,"href":"https:\/\/kibrisdakik.com\/index.php?rest_route=\/wp\/v2\/posts\/28743\/revisions"}],"wp:featuredmedia":[{"embeddable":true,"href":"https:\/\/kibrisdakik.com\/index.php?rest_route=\/wp\/v2\/media\/28744"}],"wp:attachment":[{"href":"https:\/\/kibrisdakik.com\/index.php?rest_route=%2Fwp%2Fv2%2Fmedia&parent=28743"}],"wp:term":[{"taxonomy":"category","embeddable":true,"href":"https:\/\/kibrisdakik.com\/index.php?rest_route=%2Fwp%2Fv2%2Fcategories&post=28743"},{"taxonomy":"post_tag","embeddable":true,"href":"https:\/\/kibrisdakik.com\/index.php?rest_route=%2Fwp%2Fv2%2Ftags&post=28743"}],"curies":[{"name":"wp","href":"https:\/\/api.w.org\/{rel}","templated":true}]}}