{"id":28751,"date":"2024-02-03T10:09:51","date_gmt":"2024-02-03T10:09:51","guid":{"rendered":"https:\/\/kibrisdakik.com\/index.php\/2024\/02\/03\/mesarya-belediyesi-ikinci-bahar-yasam-kulubu-uyelerine-dogum-gunu-yemegi-duzenledi\/"},"modified":"2024-02-03T10:09:51","modified_gmt":"2024-02-03T10:09:51","slug":"mesarya-belediyesi-ikinci-bahar-yasam-kulubu-uyelerine-dogum-gunu-yemegi-duzenledi","status":"publish","type":"post","link":"https:\/\/kibrisdakik.com\/?p=28751","title":{"rendered":"Mesarya Belediyesi, \u0130kinci Bahar Ya\u015fam Kul\u00fcb\u00fc \u00fcyelerine \u2018Do\u011fum G\u00fcn\u00fc Yeme\u011fi\u2019 d\u00fczenledi"},"content":{"rendered":"<p><img decoding=\"async\" src=\"https:\/\/www.kibristurk.com\/images\/haberler\/2024\/02\/mesarya-belediyesi-ikinci-bahar-yasam-kulubu-uyelerine-dogum-gunu-yemegi-duzenledi-1706954413.webp\" \/><\/p>\n<p style=\"text-align:left\"><span style=\"font-size:16px\"><span style=\"font-family:Merriweather,serif !important\"><span style=\"color:#000000\"><span style=\"background-color:#ffffff\">Mesarya Belediyesi Bas\u0131n B\u00fcrosundan yap\u0131lan a\u00e7\u0131klamaya g\u00f6re, Ba\u015fkan\u0131 Ahmet Latif, ocak ay\u0131nda do\u011fan \u00fcyeler i\u00e7in d\u00fczenlenen \u00f6\u011fle yeme\u011fine kat\u0131ld\u0131. Personel taraf\u0131ndan \u00e7i\u00e7eklerle kar\u015f\u0131lanan \u00fcyeler, canl\u0131 m\u00fczik e\u015fli\u011finde yenen yedi ve e\u011flendi.<\/span><\/span><\/span><\/span><\/p>\n<p style=\"text-align:left\"><span style=\"font-size:16px\"><span style=\"font-family:Merriweather,serif !important\"><span style=\"color:#000000\"><span style=\"background-color:#ffffff\">Mesarya Belediye Ba\u015fkan\u0131 Ahmet Latif, \u00fcyelerin sosyalle\u015fmesi ve keyifli bir g\u00fcn ge\u00e7irmelerini sa\u011flamak amac\u0131yla d\u00fczenlenen yemekte, tek tek masalar\u0131 gezerek, \u00fcyelerle sohbet etti. Etkinlik sonunda kesilen pasta ile \u00fcyelerin do\u011fum g\u00fcnlerinin kutland\u0131\u011f\u0131 kaydedildi.<\/span><\/span><\/span><\/span><\/p>\n","protected":false},"excerpt":{"rendered":"<p>Mesarya Belediyesi Bas\u0131n B\u00fcrosundan yap\u0131lan a\u00e7\u0131klamaya g\u00f6re, Ba\u015fkan\u0131 Ahmet Latif, ocak ay\u0131nda do\u011fan \u00fcyeler i\u00e7in d\u00fczenlenen \u00f6\u011fle yeme\u011fine kat\u0131ld\u0131. Personel taraf\u0131ndan \u00e7i\u00e7eklerle kar\u015f\u0131lanan \u00fcyeler, canl\u0131 m\u00fczik e\u015fli\u011finde yenen yedi ve e\u011flendi. Mesarya Belediye Ba\u015fkan\u0131 Ahmet Latif, \u00fcyelerin sosyalle\u015fmesi ve keyifli bir g\u00fcn ge\u00e7irmelerini sa\u011flamak amac\u0131yla d\u00fczenlenen yemekte, tek tek masalar\u0131 gezerek, \u00fcyelerle sohbet etti. Etkinlik<\/p>\n","protected":false},"author":1,"featured_media":28752,"comment_status":"open","ping_status":"open","sticky":false,"template":"","format":"standard","meta":{"footnotes":""},"categories":[1],"tags":[],"class_list":["post-28751","post","type-post","status-publish","format-standard","has-post-thumbnail","hentry","category-gundem"],"yoast_head":"<!-- This site is optimized with the Yoast SEO plugin v27.4 - https:\/\/yoast.com\/product\/yoast-seo-wordpress\/ -->\n<title>Mesarya Belediyesi, \u0130kinci Bahar Ya\u015fam Kul\u00fcb\u00fc \u00fcyelerine \u2018Do\u011fum G\u00fcn\u00fc Yeme\u011fi\u2019 d\u00fczenledi -<\/title>\n<meta name=\"robots\" content=\"index, follow, max-snippet:-1, max-image-preview:large, max-video-preview:-1\" \/>\n<link rel=\"canonical\" href=\"https:\/\/kibrisdakik.com\/?p=28751\" \/>\n<meta property=\"og:locale\" content=\"tr_TR\" \/>\n<meta property=\"og:type\" content=\"article\" \/>\n<meta property=\"og:title\" content=\"Mesarya Belediyesi, \u0130kinci Bahar Ya\u015fam Kul\u00fcb\u00fc \u00fcyelerine \u2018Do\u011fum G\u00fcn\u00fc Yeme\u011fi\u2019 d\u00fczenledi -\" \/>\n<meta property=\"og:description\" content=\"Mesarya Belediyesi Bas\u0131n B\u00fcrosundan yap\u0131lan a\u00e7\u0131klamaya g\u00f6re, Ba\u015fkan\u0131 Ahmet Latif, ocak ay\u0131nda do\u011fan \u00fcyeler i\u00e7in d\u00fczenlenen \u00f6\u011fle yeme\u011fine kat\u0131ld\u0131. Personel taraf\u0131ndan \u00e7i\u00e7eklerle kar\u015f\u0131lanan \u00fcyeler, canl\u0131 m\u00fczik e\u015fli\u011finde yenen yedi ve e\u011flendi. Mesarya Belediye Ba\u015fkan\u0131 Ahmet Latif, \u00fcyelerin sosyalle\u015fmesi ve keyifli bir g\u00fcn ge\u00e7irmelerini sa\u011flamak amac\u0131yla d\u00fczenlenen yemekte, tek tek masalar\u0131 gezerek, \u00fcyelerle sohbet etti. Etkinlik\" \/>\n<meta property=\"og:url\" content=\"https:\/\/kibrisdakik.com\/?p=28751\" \/>\n<meta property=\"article:published_time\" content=\"2024-02-03T10:09:51+00:00\" \/>\n<meta property=\"og:image\" content=\"https:\/\/kibrisdakik.com\/wp-content\/uploads\/2024\/02\/mesarya-belediyesi-ikinci-bahar-yasam-kulubu-uyelerine-dogum-gunu-yemegi-duzenledi-1706954413.webp.webp\" \/>\n\t<meta property=\"og:image:width\" content=\"710\" \/>\n\t<meta property=\"og:image:height\" content=\"370\" \/>\n\t<meta property=\"og:image:type\" content=\"image\/webp\" \/>\n<meta name=\"author\" content=\"admin\" \/>\n<meta name=\"twitter:card\" content=\"summary_large_image\" \/>\n<meta name=\"twitter:label1\" content=\"Yazan:\" \/>\n\t<meta name=\"twitter:data1\" content=\"admin\" \/>\n<script type=\"application\/ld+json\" class=\"yoast-schema-graph\">{\"@context\":\"https:\\\/\\\/schema.org\",\"@graph\":[{\"@type\":\"Article\",\"@id\":\"https:\\\/\\\/kibrisdakik.com\\\/?p=28751#article\",\"isPartOf\":{\"@id\":\"https:\\\/\\\/kibrisdakik.com\\\/?p=28751\"},\"author\":{\"name\":\"admin\",\"@id\":\"https:\\\/\\\/kibrisdakik.com\\\/#\\\/schema\\\/person\\\/9cd9d437bbb44f72b73ba127e06d8e79\"},\"headline\":\"Mesarya Belediyesi, \u0130kinci Bahar Ya\u015fam Kul\u00fcb\u00fc \u00fcyelerine \u2018Do\u011fum G\u00fcn\u00fc Yeme\u011fi\u2019 d\u00fczenledi\",\"datePublished\":\"2024-02-03T10:09:51+00:00\",\"mainEntityOfPage\":{\"@id\":\"https:\\\/\\\/kibrisdakik.com\\\/?p=28751\"},\"wordCount\":109,\"commentCount\":0,\"image\":{\"@id\":\"https:\\\/\\\/kibrisdakik.com\\\/?p=28751#primaryimage\"},\"thumbnailUrl\":\"https:\\\/\\\/kibrisdakik.com\\\/wp-content\\\/uploads\\\/2024\\\/02\\\/mesarya-belediyesi-ikinci-bahar-yasam-kulubu-uyelerine-dogum-gunu-yemegi-duzenledi-1706954413.webp.webp\",\"articleSection\":[\"G\u00fcndem\"],\"inLanguage\":\"tr\",\"potentialAction\":[{\"@type\":\"CommentAction\",\"name\":\"Comment\",\"target\":[\"https:\\\/\\\/kibrisdakik.com\\\/?p=28751#respond\"]}]},{\"@type\":\"WebPage\",\"@id\":\"https:\\\/\\\/kibrisdakik.com\\\/?p=28751\",\"url\":\"https:\\\/\\\/kibrisdakik.com\\\/?p=28751\",\"name\":\"Mesarya Belediyesi, \u0130kinci Bahar Ya\u015fam Kul\u00fcb\u00fc \u00fcyelerine \u2018Do\u011fum G\u00fcn\u00fc Yeme\u011fi\u2019 d\u00fczenledi -\",\"isPartOf\":{\"@id\":\"https:\\\/\\\/kibrisdakik.com\\\/#website\"},\"primaryImageOfPage\":{\"@id\":\"https:\\\/\\\/kibrisdakik.com\\\/?p=28751#primaryimage\"},\"image\":{\"@id\":\"https:\\\/\\\/kibrisdakik.com\\\/?p=28751#primaryimage\"},\"thumbnailUrl\":\"https:\\\/\\\/kibrisdakik.com\\\/wp-content\\\/uploads\\\/2024\\\/02\\\/mesarya-belediyesi-ikinci-bahar-yasam-kulubu-uyelerine-dogum-gunu-yemegi-duzenledi-1706954413.webp.webp\",\"datePublished\":\"2024-02-03T10:09:51+00:00\",\"author\":{\"@id\":\"https:\\\/\\\/kibrisdakik.com\\\/#\\\/schema\\\/person\\\/9cd9d437bbb44f72b73ba127e06d8e79\"},\"breadcrumb\":{\"@id\":\"https:\\\/\\\/kibrisdakik.com\\\/?p=28751#breadcrumb\"},\"inLanguage\":\"tr\",\"potentialAction\":[{\"@type\":\"ReadAction\",\"target\":[\"https:\\\/\\\/kibrisdakik.com\\\/?p=28751\"]}]},{\"@type\":\"ImageObject\",\"inLanguage\":\"tr\",\"@id\":\"https:\\\/\\\/kibrisdakik.com\\\/?p=28751#primaryimage\",\"url\":\"https:\\\/\\\/kibrisdakik.com\\\/wp-content\\\/uploads\\\/2024\\\/02\\\/mesarya-belediyesi-ikinci-bahar-yasam-kulubu-uyelerine-dogum-gunu-yemegi-duzenledi-1706954413.webp.webp\",\"contentUrl\":\"https:\\\/\\\/kibrisdakik.com\\\/wp-content\\\/uploads\\\/2024\\\/02\\\/mesarya-belediyesi-ikinci-bahar-yasam-kulubu-uyelerine-dogum-gunu-yemegi-duzenledi-1706954413.webp.webp\",\"width\":710,\"height\":370},{\"@type\":\"BreadcrumbList\",\"@id\":\"https:\\\/\\\/kibrisdakik.com\\\/?p=28751#breadcrumb\",\"itemListElement\":[{\"@type\":\"ListItem\",\"position\":1,\"name\":\"Home\",\"item\":\"https:\\\/\\\/kibrisdakik.com\\\/\"},{\"@type\":\"ListItem\",\"position\":2,\"name\":\"Mesarya Belediyesi, \u0130kinci Bahar Ya\u015fam Kul\u00fcb\u00fc \u00fcyelerine \u2018Do\u011fum G\u00fcn\u00fc Yeme\u011fi\u2019 d\u00fczenledi\"}]},{\"@type\":\"WebSite\",\"@id\":\"https:\\\/\\\/kibrisdakik.com\\\/#website\",\"url\":\"https:\\\/\\\/kibrisdakik.com\\\/\",\"name\":\"\",\"description\":\"Tam vaktinde haber\",\"potentialAction\":[{\"@type\":\"SearchAction\",\"target\":{\"@type\":\"EntryPoint\",\"urlTemplate\":\"https:\\\/\\\/kibrisdakik.com\\\/?s={search_term_string}\"},\"query-input\":{\"@type\":\"PropertyValueSpecification\",\"valueRequired\":true,\"valueName\":\"search_term_string\"}}],\"inLanguage\":\"tr\"},{\"@type\":\"Person\",\"@id\":\"https:\\\/\\\/kibrisdakik.com\\\/#\\\/schema\\\/person\\\/9cd9d437bbb44f72b73ba127e06d8e79\",\"name\":\"admin\",\"image\":{\"@type\":\"ImageObject\",\"inLanguage\":\"tr\",\"@id\":\"https:\\\/\\\/secure.gravatar.com\\\/avatar\\\/ccc17943b9d660506c869530f897617f7cb1c21a4bf30023f252596d83e1f007?s=96&d=mm&r=g\",\"url\":\"https:\\\/\\\/secure.gravatar.com\\\/avatar\\\/ccc17943b9d660506c869530f897617f7cb1c21a4bf30023f252596d83e1f007?s=96&d=mm&r=g\",\"contentUrl\":\"https:\\\/\\\/secure.gravatar.com\\\/avatar\\\/ccc17943b9d660506c869530f897617f7cb1c21a4bf30023f252596d83e1f007?s=96&d=mm&r=g\",\"caption\":\"admin\"},\"sameAs\":[\"https:\\\/\\\/kibrisdakik.com\"],\"url\":\"https:\\\/\\\/kibrisdakik.com\\\/?author=1\"}]}<\/script>\n<!-- \/ Yoast SEO plugin. -->","yoast_head_json":{"title":"Mesarya Belediyesi, \u0130kinci Bahar Ya\u015fam Kul\u00fcb\u00fc \u00fcyelerine \u2018Do\u011fum G\u00fcn\u00fc Yeme\u011fi\u2019 d\u00fczenledi -","robots":{"index":"index","follow":"follow","max-snippet":"max-snippet:-1","max-image-preview":"max-image-preview:large","max-video-preview":"max-video-preview:-1"},"canonical":"https:\/\/kibrisdakik.com\/?p=28751","og_locale":"tr_TR","og_type":"article","og_title":"Mesarya Belediyesi, \u0130kinci Bahar Ya\u015fam Kul\u00fcb\u00fc \u00fcyelerine \u2018Do\u011fum G\u00fcn\u00fc Yeme\u011fi\u2019 d\u00fczenledi -","og_description":"Mesarya Belediyesi Bas\u0131n B\u00fcrosundan yap\u0131lan a\u00e7\u0131klamaya g\u00f6re, Ba\u015fkan\u0131 Ahmet Latif, ocak ay\u0131nda do\u011fan \u00fcyeler i\u00e7in d\u00fczenlenen \u00f6\u011fle yeme\u011fine kat\u0131ld\u0131. Personel taraf\u0131ndan \u00e7i\u00e7eklerle kar\u015f\u0131lanan \u00fcyeler, canl\u0131 m\u00fczik e\u015fli\u011finde yenen yedi ve e\u011flendi. Mesarya Belediye Ba\u015fkan\u0131 Ahmet Latif, \u00fcyelerin sosyalle\u015fmesi ve keyifli bir g\u00fcn ge\u00e7irmelerini sa\u011flamak amac\u0131yla d\u00fczenlenen yemekte, tek tek masalar\u0131 gezerek, \u00fcyelerle sohbet etti. Etkinlik","og_url":"https:\/\/kibrisdakik.com\/?p=28751","article_published_time":"2024-02-03T10:09:51+00:00","og_image":[{"width":710,"height":370,"url":"https:\/\/kibrisdakik.com\/wp-content\/uploads\/2024\/02\/mesarya-belediyesi-ikinci-bahar-yasam-kulubu-uyelerine-dogum-gunu-yemegi-duzenledi-1706954413.webp.webp","type":"image\/webp"}],"author":"admin","twitter_card":"summary_large_image","twitter_misc":{"Yazan:":"admin"},"schema":{"@context":"https:\/\/schema.org","@graph":[{"@type":"Article","@id":"https:\/\/kibrisdakik.com\/?p=28751#article","isPartOf":{"@id":"https:\/\/kibrisdakik.com\/?p=28751"},"author":{"name":"admin","@id":"https:\/\/kibrisdakik.com\/#\/schema\/person\/9cd9d437bbb44f72b73ba127e06d8e79"},"headline":"Mesarya Belediyesi, \u0130kinci Bahar Ya\u015fam Kul\u00fcb\u00fc \u00fcyelerine \u2018Do\u011fum G\u00fcn\u00fc Yeme\u011fi\u2019 d\u00fczenledi","datePublished":"2024-02-03T10:09:51+00:00","mainEntityOfPage":{"@id":"https:\/\/kibrisdakik.com\/?p=28751"},"wordCount":109,"commentCount":0,"image":{"@id":"https:\/\/kibrisdakik.com\/?p=28751#primaryimage"},"thumbnailUrl":"https:\/\/kibrisdakik.com\/wp-content\/uploads\/2024\/02\/mesarya-belediyesi-ikinci-bahar-yasam-kulubu-uyelerine-dogum-gunu-yemegi-duzenledi-1706954413.webp.webp","articleSection":["G\u00fcndem"],"inLanguage":"tr","potentialAction":[{"@type":"CommentAction","name":"Comment","target":["https:\/\/kibrisdakik.com\/?p=28751#respond"]}]},{"@type":"WebPage","@id":"https:\/\/kibrisdakik.com\/?p=28751","url":"https:\/\/kibrisdakik.com\/?p=28751","name":"Mesarya Belediyesi, \u0130kinci Bahar Ya\u015fam Kul\u00fcb\u00fc \u00fcyelerine \u2018Do\u011fum G\u00fcn\u00fc Yeme\u011fi\u2019 d\u00fczenledi -","isPartOf":{"@id":"https:\/\/kibrisdakik.com\/#website"},"primaryImageOfPage":{"@id":"https:\/\/kibrisdakik.com\/?p=28751#primaryimage"},"image":{"@id":"https:\/\/kibrisdakik.com\/?p=28751#primaryimage"},"thumbnailUrl":"https:\/\/kibrisdakik.com\/wp-content\/uploads\/2024\/02\/mesarya-belediyesi-ikinci-bahar-yasam-kulubu-uyelerine-dogum-gunu-yemegi-duzenledi-1706954413.webp.webp","datePublished":"2024-02-03T10:09:51+00:00","author":{"@id":"https:\/\/kibrisdakik.com\/#\/schema\/person\/9cd9d437bbb44f72b73ba127e06d8e79"},"breadcrumb":{"@id":"https:\/\/kibrisdakik.com\/?p=28751#breadcrumb"},"inLanguage":"tr","potentialAction":[{"@type":"ReadAction","target":["https:\/\/kibrisdakik.com\/?p=28751"]}]},{"@type":"ImageObject","inLanguage":"tr","@id":"https:\/\/kibrisdakik.com\/?p=28751#primaryimage","url":"https:\/\/kibrisdakik.com\/wp-content\/uploads\/2024\/02\/mesarya-belediyesi-ikinci-bahar-yasam-kulubu-uyelerine-dogum-gunu-yemegi-duzenledi-1706954413.webp.webp","contentUrl":"https:\/\/kibrisdakik.com\/wp-content\/uploads\/2024\/02\/mesarya-belediyesi-ikinci-bahar-yasam-kulubu-uyelerine-dogum-gunu-yemegi-duzenledi-1706954413.webp.webp","width":710,"height":370},{"@type":"BreadcrumbList","@id":"https:\/\/kibrisdakik.com\/?p=28751#breadcrumb","itemListElement":[{"@type":"ListItem","position":1,"name":"Home","item":"https:\/\/kibrisdakik.com\/"},{"@type":"ListItem","position":2,"name":"Mesarya Belediyesi, \u0130kinci Bahar Ya\u015fam Kul\u00fcb\u00fc \u00fcyelerine \u2018Do\u011fum G\u00fcn\u00fc Yeme\u011fi\u2019 d\u00fczenledi"}]},{"@type":"WebSite","@id":"https:\/\/kibrisdakik.com\/#website","url":"https:\/\/kibrisdakik.com\/","name":"","description":"Tam vaktinde haber","potentialAction":[{"@type":"SearchAction","target":{"@type":"EntryPoint","urlTemplate":"https:\/\/kibrisdakik.com\/?s={search_term_string}"},"query-input":{"@type":"PropertyValueSpecification","valueRequired":true,"valueName":"search_term_string"}}],"inLanguage":"tr"},{"@type":"Person","@id":"https:\/\/kibrisdakik.com\/#\/schema\/person\/9cd9d437bbb44f72b73ba127e06d8e79","name":"admin","image":{"@type":"ImageObject","inLanguage":"tr","@id":"https:\/\/secure.gravatar.com\/avatar\/ccc17943b9d660506c869530f897617f7cb1c21a4bf30023f252596d83e1f007?s=96&d=mm&r=g","url":"https:\/\/secure.gravatar.com\/avatar\/ccc17943b9d660506c869530f897617f7cb1c21a4bf30023f252596d83e1f007?s=96&d=mm&r=g","contentUrl":"https:\/\/secure.gravatar.com\/avatar\/ccc17943b9d660506c869530f897617f7cb1c21a4bf30023f252596d83e1f007?s=96&d=mm&r=g","caption":"admin"},"sameAs":["https:\/\/kibrisdakik.com"],"url":"https:\/\/kibrisdakik.com\/?author=1"}]}},"_links":{"self":[{"href":"https:\/\/kibrisdakik.com\/index.php?rest_route=\/wp\/v2\/posts\/28751","targetHints":{"allow":["GET"]}}],"collection":[{"href":"https:\/\/kibrisdakik.com\/index.php?rest_route=\/wp\/v2\/posts"}],"about":[{"href":"https:\/\/kibrisdakik.com\/index.php?rest_route=\/wp\/v2\/types\/post"}],"author":[{"embeddable":true,"href":"https:\/\/kibrisdakik.com\/index.php?rest_route=\/wp\/v2\/users\/1"}],"replies":[{"embeddable":true,"href":"https:\/\/kibrisdakik.com\/index.php?rest_route=%2Fwp%2Fv2%2Fcomments&post=28751"}],"version-history":[{"count":0,"href":"https:\/\/kibrisdakik.com\/index.php?rest_route=\/wp\/v2\/posts\/28751\/revisions"}],"wp:featuredmedia":[{"embeddable":true,"href":"https:\/\/kibrisdakik.com\/index.php?rest_route=\/wp\/v2\/media\/28752"}],"wp:attachment":[{"href":"https:\/\/kibrisdakik.com\/index.php?rest_route=%2Fwp%2Fv2%2Fmedia&parent=28751"}],"wp:term":[{"taxonomy":"category","embeddable":true,"href":"https:\/\/kibrisdakik.com\/index.php?rest_route=%2Fwp%2Fv2%2Fcategories&post=28751"},{"taxonomy":"post_tag","embeddable":true,"href":"https:\/\/kibrisdakik.com\/index.php?rest_route=%2Fwp%2Fv2%2Ftags&post=28751"}],"curies":[{"name":"wp","href":"https:\/\/api.w.org\/{rel}","templated":true}]}}