{"id":28787,"date":"2024-02-03T15:17:58","date_gmt":"2024-02-03T15:17:58","guid":{"rendered":"https:\/\/kibrisdakik.com\/index.php\/2024\/02\/03\/imran-hana-yasa-disi-evlilikten-7-yil-hapis-cezasi\/"},"modified":"2024-02-03T15:17:58","modified_gmt":"2024-02-03T15:17:58","slug":"imran-hana-yasa-disi-evlilikten-7-yil-hapis-cezasi","status":"publish","type":"post","link":"https:\/\/kibrisdakik.com\/?p=28787","title":{"rendered":"\u0130mran Han&#039;a yasa d\u0131\u015f\u0131 evlilikten 7 y\u0131l hapis cezas\u0131"},"content":{"rendered":"<p><\/p>\n<p>Pakistan\u2019da B\u00fc\u015fra Khan\u2019\u0131n eski e\u015fi Havar Maneka&#8217;n\u0131n, eski Ba\u015fbakan Imran Khan ile B\u00fc\u015fra Khan\u2019\u0131n 2018\u2019de ger\u00e7ekle\u015ftirdi\u011fi evlili\u011fin yasa d\u0131\u015f\u0131 oldu\u011funa dair mahkemeye yapt\u0131\u011f\u0131 itiraz karara ba\u011fland\u0131. Mahkeme, B\u00fc\u015fra Khan\u2019\u0131n bo\u015fand\u0131ktan sonra yeni bir evlilik i\u00e7in beklemesi gereken s\u00fcre dolmadan Imran Khan ile evlendi\u011fini belirterek evlili\u011fin \u201cyasa d\u0131\u015f\u0131\u201d oldu\u011funa h\u00fckmetti. Eski Ba\u015fbakan Khan ile B\u00fc\u015fra Khan, \u201cyasa d\u0131\u015f\u0131 evlilik\u201d yapt\u0131klar\u0131 gerek\u00e7esiyle 7&#8217;\u015fer y\u0131l hapis cezas\u0131na \u00e7arpt\u0131r\u0131ld\u0131.<\/p>\n<h3>1 HAFTADA 3. KEZ HAP\u0130S CEZASINA MAHKUM ED\u0130LD\u0130<\/h3>\n<p>Imran Khan, \u00fclkede 8 \u015eubat&#8217;ta yap\u0131lacak genel&nbsp;se\u00e7imler \u00f6ncesinde son 1 haftada 3. kez hapis cezas\u0131na mahkum edildi. \u015eu anda cezaevinde bulunan 71 ya\u015f\u0131ndaki Khan ile eski D\u0131\u015fi\u015fleri Bakan\u0131 \u015eah Mahmud Kurey\u015fi, 30 Ocak\u2019ta devlet s\u0131rlar\u0131n\u0131 if\u015fa etmekten yarg\u0131land\u0131\u011f\u0131 davada 10\u2019ar y\u0131l hapis cezas\u0131na \u00e7arpt\u0131r\u0131lm\u0131\u015ft\u0131. Imran Khan 31 Ocak\u2019ta ise ba\u015fbakanl\u0131\u011f\u0131 d\u00f6neminde ald\u0131\u011f\u0131 hediyelerinin ayr\u0131nt\u0131lar\u0131n\u0131 a\u00e7\u0131klamad\u0131\u011f\u0131, ayr\u0131ca hediyeleri satt\u0131\u011f\u0131 gerek\u00e7esiyle yarg\u0131land\u0131\u011f\u0131 yolsuzluk davas\u0131nda e\u015fi B\u00fc\u015fra Khan ile 14&#8217;er y\u0131l hapis cezas\u0131na mahkum edilmi\u015fti.<\/p>\n<p><img decoding=\"async\" alt=\"\u0130mran Han'a yasa d\u0131\u015f\u0131 evlilikten 7 y\u0131l hapis cezas\u0131 - 1. Resim\" src=\"https:\/\/icdn.tgrthaber.com.tr\/images\/haberler\/24-02\/03\/imran-hana-yasa-disi-evlilikten-7-yil-hapis-cezasi-17069717022816_1.png\" style=\"height:513px;width:850px\" \/><\/p>\n<h3>A\u011eUSTOS&#8217;UN 5&#8217;\u0130NDE TUTUKLANMI\u015eTI<\/h3>\n<p>A\u011fustos 2018&#8217;den parlamentoda g\u00fcven oylamas\u0131n\u0131 kaybetti\u011fi Nisan 2022&#8217;ye kadar Pakistan&#8217;\u0131n ba\u015fbakanl\u0131k koltu\u011funda oturan Imran Khan, yarg\u0131land\u0131\u011f\u0131 farkl\u0131 bir yolsuzluk davas\u0131nda mahkemenin verdi\u011fi tutuklama karar\u0131n\u0131n ard\u0131ndan 5 A\u011fustos 2023&#8217;te cezaevine g\u00f6nderilmi\u015fti. Devlet m\u00fclkiyetinde bulunan ve de\u011feri 140 milyon rupinin (51 milyon TL) \u00fczerinde olan hediyeleri satt\u0131\u011f\u0131 gerek\u00e7esiyle 3 y\u0131l hapse mahkum edilen Khan\u2019\u0131n cezas\u0131 29 A\u011fustos\u2019ta ertelenmi\u015f, kefaletle serbest b\u0131rak\u0131lmas\u0131na karar verilmi\u015fti. Ancak farkl\u0131 bir davada &#8220;devlet s\u0131rlar\u0131n\u0131 if\u015fa etmekle&#8221; su\u00e7lanan Khan&#8217;\u0131n savc\u0131l\u0131k talebi \u00fczerine tutukluluk s\u00fcresi uzat\u0131lm\u0131\u015ft\u0131.<\/p>\n<h3>PAK\u0130STAN 8 \u015eUBAT&#8217;TA SANDIK BA\u015eINA G\u0130DECEK<\/h3>\n<p>Son genel se\u00e7imin 2018&#8217;de yap\u0131ld\u0131\u011f\u0131 Pakistan\u2019da Imran Khan h\u00fck\u00fcmeti, 10 Nisan 2022&#8217;de parlamentoda yap\u0131lan g\u00fcven oylamas\u0131nda 174 &#8220;hay\u0131r&#8221; oyuyla d\u00fc\u015fm\u00fc\u015ft\u00fc. Parlamentoda yap\u0131lan oylamada, 3 d\u00f6nem ba\u015fbakanl\u0131k yapan Navaz \u015eerif&#8217;in karde\u015fi \u015eahbaz \u015eerif \u00e7o\u011funlu\u011fun deste\u011fini alarak ba\u015fbakan se\u00e7ilmi\u015f, A\u011fustos 2023&#8217;e kadar g\u00f6revde kalm\u0131\u015ft\u0131. Daha sonra \u00fclkeyi genel se\u00e7ime kadar y\u00f6netecek ge\u00e7ici h\u00fck\u00fcmetin ba\u015fbakan\u0131 ise Anwaarul Hak Kakar olmu\u015ftu.<br \/>\nPakistan halk\u0131, 8 \u015eubat\u2019ta genel se\u00e7im ve eyalet se\u00e7imleri i\u00e7in sand\u0131k ba\u015f\u0131na gidecek.<\/p>\n","protected":false},"excerpt":{"rendered":"<p>Pakistan\u2019da B\u00fc\u015fra Khan\u2019\u0131n eski e\u015fi Havar Maneka&#8217;n\u0131n, eski Ba\u015fbakan Imran Khan ile B\u00fc\u015fra Khan\u2019\u0131n 2018\u2019de ger\u00e7ekle\u015ftirdi\u011fi evlili\u011fin yasa d\u0131\u015f\u0131 oldu\u011funa dair mahkemeye yapt\u0131\u011f\u0131 itiraz karara ba\u011fland\u0131. Mahkeme, B\u00fc\u015fra Khan\u2019\u0131n bo\u015fand\u0131ktan sonra yeni bir evlilik i\u00e7in beklemesi gereken s\u00fcre dolmadan Imran Khan ile evlendi\u011fini belirterek evlili\u011fin \u201cyasa d\u0131\u015f\u0131\u201d oldu\u011funa h\u00fckmetti. Eski Ba\u015fbakan Khan ile B\u00fc\u015fra Khan,<\/p>\n","protected":false},"author":1,"featured_media":28788,"comment_status":"open","ping_status":"open","sticky":false,"template":"","format":"standard","meta":{"footnotes":""},"categories":[1],"tags":[],"class_list":["post-28787","post","type-post","status-publish","format-standard","has-post-thumbnail","hentry","category-gundem"],"yoast_head":"<!-- This site is optimized with the Yoast SEO plugin v27.5 - https:\/\/yoast.com\/product\/yoast-seo-wordpress\/ -->\n<title>\u0130mran Han&#039;a yasa d\u0131\u015f\u0131 evlilikten 7 y\u0131l hapis cezas\u0131 -<\/title>\n<meta name=\"robots\" content=\"index, follow, max-snippet:-1, max-image-preview:large, max-video-preview:-1\" \/>\n<link rel=\"canonical\" href=\"https:\/\/kibrisdakik.com\/?p=28787\" \/>\n<meta property=\"og:locale\" content=\"tr_TR\" \/>\n<meta property=\"og:type\" content=\"article\" \/>\n<meta property=\"og:title\" content=\"\u0130mran Han&#039;a yasa d\u0131\u015f\u0131 evlilikten 7 y\u0131l hapis cezas\u0131 -\" \/>\n<meta property=\"og:description\" content=\"Pakistan\u2019da B\u00fc\u015fra Khan\u2019\u0131n eski e\u015fi Havar Maneka&#8217;n\u0131n, eski Ba\u015fbakan Imran Khan ile B\u00fc\u015fra Khan\u2019\u0131n 2018\u2019de ger\u00e7ekle\u015ftirdi\u011fi evlili\u011fin yasa d\u0131\u015f\u0131 oldu\u011funa dair mahkemeye yapt\u0131\u011f\u0131 itiraz karara ba\u011fland\u0131. Mahkeme, B\u00fc\u015fra Khan\u2019\u0131n bo\u015fand\u0131ktan sonra yeni bir evlilik i\u00e7in beklemesi gereken s\u00fcre dolmadan Imran Khan ile evlendi\u011fini belirterek evlili\u011fin \u201cyasa d\u0131\u015f\u0131\u201d oldu\u011funa h\u00fckmetti. Eski Ba\u015fbakan Khan ile B\u00fc\u015fra Khan,\" \/>\n<meta property=\"og:url\" content=\"https:\/\/kibrisdakik.com\/?p=28787\" \/>\n<meta property=\"article:published_time\" content=\"2024-02-03T15:17:58+00:00\" \/>\n<meta property=\"og:image\" content=\"https:\/\/kibrisdakik.com\/wp-content\/uploads\/2024\/02\/imran-hana-yasa-disi-evlilikten-7-yil-hapis-cezasi-17069717022816_1.png\" \/>\n\t<meta property=\"og:image:width\" content=\"644\" \/>\n\t<meta property=\"og:image:height\" content=\"389\" \/>\n\t<meta property=\"og:image:type\" content=\"image\/png\" \/>\n<meta name=\"author\" content=\"admin\" \/>\n<meta name=\"twitter:card\" content=\"summary_large_image\" \/>\n<meta name=\"twitter:label1\" content=\"Yazan:\" \/>\n\t<meta name=\"twitter:data1\" content=\"admin\" \/>\n\t<meta name=\"twitter:label2\" content=\"Tahmini okuma s\u00fcresi\" \/>\n\t<meta name=\"twitter:data2\" content=\"2 dakika\" \/>\n<script type=\"application\/ld+json\" class=\"yoast-schema-graph\">{\"@context\":\"https:\\\/\\\/schema.org\",\"@graph\":[{\"@type\":\"Article\",\"@id\":\"https:\\\/\\\/kibrisdakik.com\\\/?p=28787#article\",\"isPartOf\":{\"@id\":\"https:\\\/\\\/kibrisdakik.com\\\/?p=28787\"},\"author\":{\"name\":\"admin\",\"@id\":\"https:\\\/\\\/kibrisdakik.com\\\/#\\\/schema\\\/person\\\/9cd9d437bbb44f72b73ba127e06d8e79\"},\"headline\":\"\u0130mran Han&#039;a yasa d\u0131\u015f\u0131 evlilikten 7 y\u0131l hapis cezas\u0131\",\"datePublished\":\"2024-02-03T15:17:58+00:00\",\"mainEntityOfPage\":{\"@id\":\"https:\\\/\\\/kibrisdakik.com\\\/?p=28787\"},\"wordCount\":444,\"commentCount\":0,\"image\":{\"@id\":\"https:\\\/\\\/kibrisdakik.com\\\/?p=28787#primaryimage\"},\"thumbnailUrl\":\"https:\\\/\\\/kibrisdakik.com\\\/wp-content\\\/uploads\\\/2024\\\/02\\\/imran-hana-yasa-disi-evlilikten-7-yil-hapis-cezasi-17069717022816_1.png\",\"articleSection\":[\"G\u00fcndem\"],\"inLanguage\":\"tr\",\"potentialAction\":[{\"@type\":\"CommentAction\",\"name\":\"Comment\",\"target\":[\"https:\\\/\\\/kibrisdakik.com\\\/?p=28787#respond\"]}]},{\"@type\":\"WebPage\",\"@id\":\"https:\\\/\\\/kibrisdakik.com\\\/?p=28787\",\"url\":\"https:\\\/\\\/kibrisdakik.com\\\/?p=28787\",\"name\":\"\u0130mran Han&#039;a yasa d\u0131\u015f\u0131 evlilikten 7 y\u0131l hapis cezas\u0131 -\",\"isPartOf\":{\"@id\":\"https:\\\/\\\/kibrisdakik.com\\\/#website\"},\"primaryImageOfPage\":{\"@id\":\"https:\\\/\\\/kibrisdakik.com\\\/?p=28787#primaryimage\"},\"image\":{\"@id\":\"https:\\\/\\\/kibrisdakik.com\\\/?p=28787#primaryimage\"},\"thumbnailUrl\":\"https:\\\/\\\/kibrisdakik.com\\\/wp-content\\\/uploads\\\/2024\\\/02\\\/imran-hana-yasa-disi-evlilikten-7-yil-hapis-cezasi-17069717022816_1.png\",\"datePublished\":\"2024-02-03T15:17:58+00:00\",\"author\":{\"@id\":\"https:\\\/\\\/kibrisdakik.com\\\/#\\\/schema\\\/person\\\/9cd9d437bbb44f72b73ba127e06d8e79\"},\"breadcrumb\":{\"@id\":\"https:\\\/\\\/kibrisdakik.com\\\/?p=28787#breadcrumb\"},\"inLanguage\":\"tr\",\"potentialAction\":[{\"@type\":\"ReadAction\",\"target\":[\"https:\\\/\\\/kibrisdakik.com\\\/?p=28787\"]}]},{\"@type\":\"ImageObject\",\"inLanguage\":\"tr\",\"@id\":\"https:\\\/\\\/kibrisdakik.com\\\/?p=28787#primaryimage\",\"url\":\"https:\\\/\\\/kibrisdakik.com\\\/wp-content\\\/uploads\\\/2024\\\/02\\\/imran-hana-yasa-disi-evlilikten-7-yil-hapis-cezasi-17069717022816_1.png\",\"contentUrl\":\"https:\\\/\\\/kibrisdakik.com\\\/wp-content\\\/uploads\\\/2024\\\/02\\\/imran-hana-yasa-disi-evlilikten-7-yil-hapis-cezasi-17069717022816_1.png\",\"width\":644,\"height\":389},{\"@type\":\"BreadcrumbList\",\"@id\":\"https:\\\/\\\/kibrisdakik.com\\\/?p=28787#breadcrumb\",\"itemListElement\":[{\"@type\":\"ListItem\",\"position\":1,\"name\":\"Home\",\"item\":\"https:\\\/\\\/kibrisdakik.com\\\/\"},{\"@type\":\"ListItem\",\"position\":2,\"name\":\"\u0130mran Han&#039;a yasa d\u0131\u015f\u0131 evlilikten 7 y\u0131l hapis cezas\u0131\"}]},{\"@type\":\"WebSite\",\"@id\":\"https:\\\/\\\/kibrisdakik.com\\\/#website\",\"url\":\"https:\\\/\\\/kibrisdakik.com\\\/\",\"name\":\"\",\"description\":\"Tam vaktinde haber\",\"potentialAction\":[{\"@type\":\"SearchAction\",\"target\":{\"@type\":\"EntryPoint\",\"urlTemplate\":\"https:\\\/\\\/kibrisdakik.com\\\/?s={search_term_string}\"},\"query-input\":{\"@type\":\"PropertyValueSpecification\",\"valueRequired\":true,\"valueName\":\"search_term_string\"}}],\"inLanguage\":\"tr\"},{\"@type\":\"Person\",\"@id\":\"https:\\\/\\\/kibrisdakik.com\\\/#\\\/schema\\\/person\\\/9cd9d437bbb44f72b73ba127e06d8e79\",\"name\":\"admin\",\"image\":{\"@type\":\"ImageObject\",\"inLanguage\":\"tr\",\"@id\":\"https:\\\/\\\/secure.gravatar.com\\\/avatar\\\/ccc17943b9d660506c869530f897617f7cb1c21a4bf30023f252596d83e1f007?s=96&d=mm&r=g\",\"url\":\"https:\\\/\\\/secure.gravatar.com\\\/avatar\\\/ccc17943b9d660506c869530f897617f7cb1c21a4bf30023f252596d83e1f007?s=96&d=mm&r=g\",\"contentUrl\":\"https:\\\/\\\/secure.gravatar.com\\\/avatar\\\/ccc17943b9d660506c869530f897617f7cb1c21a4bf30023f252596d83e1f007?s=96&d=mm&r=g\",\"caption\":\"admin\"},\"sameAs\":[\"https:\\\/\\\/kibrisdakik.com\"],\"url\":\"https:\\\/\\\/kibrisdakik.com\\\/?author=1\"}]}<\/script>\n<!-- \/ Yoast SEO plugin. -->","yoast_head_json":{"title":"\u0130mran Han&#039;a yasa d\u0131\u015f\u0131 evlilikten 7 y\u0131l hapis cezas\u0131 -","robots":{"index":"index","follow":"follow","max-snippet":"max-snippet:-1","max-image-preview":"max-image-preview:large","max-video-preview":"max-video-preview:-1"},"canonical":"https:\/\/kibrisdakik.com\/?p=28787","og_locale":"tr_TR","og_type":"article","og_title":"\u0130mran Han&#039;a yasa d\u0131\u015f\u0131 evlilikten 7 y\u0131l hapis cezas\u0131 -","og_description":"Pakistan\u2019da B\u00fc\u015fra Khan\u2019\u0131n eski e\u015fi Havar Maneka&#8217;n\u0131n, eski Ba\u015fbakan Imran Khan ile B\u00fc\u015fra Khan\u2019\u0131n 2018\u2019de ger\u00e7ekle\u015ftirdi\u011fi evlili\u011fin yasa d\u0131\u015f\u0131 oldu\u011funa dair mahkemeye yapt\u0131\u011f\u0131 itiraz karara ba\u011fland\u0131. Mahkeme, B\u00fc\u015fra Khan\u2019\u0131n bo\u015fand\u0131ktan sonra yeni bir evlilik i\u00e7in beklemesi gereken s\u00fcre dolmadan Imran Khan ile evlendi\u011fini belirterek evlili\u011fin \u201cyasa d\u0131\u015f\u0131\u201d oldu\u011funa h\u00fckmetti. Eski Ba\u015fbakan Khan ile B\u00fc\u015fra Khan,","og_url":"https:\/\/kibrisdakik.com\/?p=28787","article_published_time":"2024-02-03T15:17:58+00:00","og_image":[{"width":644,"height":389,"url":"https:\/\/kibrisdakik.com\/wp-content\/uploads\/2024\/02\/imran-hana-yasa-disi-evlilikten-7-yil-hapis-cezasi-17069717022816_1.png","type":"image\/png"}],"author":"admin","twitter_card":"summary_large_image","twitter_misc":{"Yazan:":"admin","Tahmini okuma s\u00fcresi":"2 dakika"},"schema":{"@context":"https:\/\/schema.org","@graph":[{"@type":"Article","@id":"https:\/\/kibrisdakik.com\/?p=28787#article","isPartOf":{"@id":"https:\/\/kibrisdakik.com\/?p=28787"},"author":{"name":"admin","@id":"https:\/\/kibrisdakik.com\/#\/schema\/person\/9cd9d437bbb44f72b73ba127e06d8e79"},"headline":"\u0130mran Han&#039;a yasa d\u0131\u015f\u0131 evlilikten 7 y\u0131l hapis cezas\u0131","datePublished":"2024-02-03T15:17:58+00:00","mainEntityOfPage":{"@id":"https:\/\/kibrisdakik.com\/?p=28787"},"wordCount":444,"commentCount":0,"image":{"@id":"https:\/\/kibrisdakik.com\/?p=28787#primaryimage"},"thumbnailUrl":"https:\/\/kibrisdakik.com\/wp-content\/uploads\/2024\/02\/imran-hana-yasa-disi-evlilikten-7-yil-hapis-cezasi-17069717022816_1.png","articleSection":["G\u00fcndem"],"inLanguage":"tr","potentialAction":[{"@type":"CommentAction","name":"Comment","target":["https:\/\/kibrisdakik.com\/?p=28787#respond"]}]},{"@type":"WebPage","@id":"https:\/\/kibrisdakik.com\/?p=28787","url":"https:\/\/kibrisdakik.com\/?p=28787","name":"\u0130mran Han&#039;a yasa d\u0131\u015f\u0131 evlilikten 7 y\u0131l hapis cezas\u0131 -","isPartOf":{"@id":"https:\/\/kibrisdakik.com\/#website"},"primaryImageOfPage":{"@id":"https:\/\/kibrisdakik.com\/?p=28787#primaryimage"},"image":{"@id":"https:\/\/kibrisdakik.com\/?p=28787#primaryimage"},"thumbnailUrl":"https:\/\/kibrisdakik.com\/wp-content\/uploads\/2024\/02\/imran-hana-yasa-disi-evlilikten-7-yil-hapis-cezasi-17069717022816_1.png","datePublished":"2024-02-03T15:17:58+00:00","author":{"@id":"https:\/\/kibrisdakik.com\/#\/schema\/person\/9cd9d437bbb44f72b73ba127e06d8e79"},"breadcrumb":{"@id":"https:\/\/kibrisdakik.com\/?p=28787#breadcrumb"},"inLanguage":"tr","potentialAction":[{"@type":"ReadAction","target":["https:\/\/kibrisdakik.com\/?p=28787"]}]},{"@type":"ImageObject","inLanguage":"tr","@id":"https:\/\/kibrisdakik.com\/?p=28787#primaryimage","url":"https:\/\/kibrisdakik.com\/wp-content\/uploads\/2024\/02\/imran-hana-yasa-disi-evlilikten-7-yil-hapis-cezasi-17069717022816_1.png","contentUrl":"https:\/\/kibrisdakik.com\/wp-content\/uploads\/2024\/02\/imran-hana-yasa-disi-evlilikten-7-yil-hapis-cezasi-17069717022816_1.png","width":644,"height":389},{"@type":"BreadcrumbList","@id":"https:\/\/kibrisdakik.com\/?p=28787#breadcrumb","itemListElement":[{"@type":"ListItem","position":1,"name":"Home","item":"https:\/\/kibrisdakik.com\/"},{"@type":"ListItem","position":2,"name":"\u0130mran Han&#039;a yasa d\u0131\u015f\u0131 evlilikten 7 y\u0131l hapis cezas\u0131"}]},{"@type":"WebSite","@id":"https:\/\/kibrisdakik.com\/#website","url":"https:\/\/kibrisdakik.com\/","name":"","description":"Tam vaktinde haber","potentialAction":[{"@type":"SearchAction","target":{"@type":"EntryPoint","urlTemplate":"https:\/\/kibrisdakik.com\/?s={search_term_string}"},"query-input":{"@type":"PropertyValueSpecification","valueRequired":true,"valueName":"search_term_string"}}],"inLanguage":"tr"},{"@type":"Person","@id":"https:\/\/kibrisdakik.com\/#\/schema\/person\/9cd9d437bbb44f72b73ba127e06d8e79","name":"admin","image":{"@type":"ImageObject","inLanguage":"tr","@id":"https:\/\/secure.gravatar.com\/avatar\/ccc17943b9d660506c869530f897617f7cb1c21a4bf30023f252596d83e1f007?s=96&d=mm&r=g","url":"https:\/\/secure.gravatar.com\/avatar\/ccc17943b9d660506c869530f897617f7cb1c21a4bf30023f252596d83e1f007?s=96&d=mm&r=g","contentUrl":"https:\/\/secure.gravatar.com\/avatar\/ccc17943b9d660506c869530f897617f7cb1c21a4bf30023f252596d83e1f007?s=96&d=mm&r=g","caption":"admin"},"sameAs":["https:\/\/kibrisdakik.com"],"url":"https:\/\/kibrisdakik.com\/?author=1"}]}},"_links":{"self":[{"href":"https:\/\/kibrisdakik.com\/index.php?rest_route=\/wp\/v2\/posts\/28787","targetHints":{"allow":["GET"]}}],"collection":[{"href":"https:\/\/kibrisdakik.com\/index.php?rest_route=\/wp\/v2\/posts"}],"about":[{"href":"https:\/\/kibrisdakik.com\/index.php?rest_route=\/wp\/v2\/types\/post"}],"author":[{"embeddable":true,"href":"https:\/\/kibrisdakik.com\/index.php?rest_route=\/wp\/v2\/users\/1"}],"replies":[{"embeddable":true,"href":"https:\/\/kibrisdakik.com\/index.php?rest_route=%2Fwp%2Fv2%2Fcomments&post=28787"}],"version-history":[{"count":0,"href":"https:\/\/kibrisdakik.com\/index.php?rest_route=\/wp\/v2\/posts\/28787\/revisions"}],"wp:featuredmedia":[{"embeddable":true,"href":"https:\/\/kibrisdakik.com\/index.php?rest_route=\/wp\/v2\/media\/28788"}],"wp:attachment":[{"href":"https:\/\/kibrisdakik.com\/index.php?rest_route=%2Fwp%2Fv2%2Fmedia&parent=28787"}],"wp:term":[{"taxonomy":"category","embeddable":true,"href":"https:\/\/kibrisdakik.com\/index.php?rest_route=%2Fwp%2Fv2%2Fcategories&post=28787"},{"taxonomy":"post_tag","embeddable":true,"href":"https:\/\/kibrisdakik.com\/index.php?rest_route=%2Fwp%2Fv2%2Ftags&post=28787"}],"curies":[{"name":"wp","href":"https:\/\/api.w.org\/{rel}","templated":true}]}}