{"id":28791,"date":"2024-02-03T15:27:12","date_gmt":"2024-02-03T15:27:12","guid":{"rendered":"https:\/\/kibrisdakik.com\/index.php\/2024\/02\/03\/kocaelide-korkutan-fabrika-yangini\/"},"modified":"2024-02-03T15:27:12","modified_gmt":"2024-02-03T15:27:12","slug":"kocaelide-korkutan-fabrika-yangini","status":"publish","type":"post","link":"https:\/\/kibrisdakik.com\/?p=28791","title":{"rendered":"Kocaeli&#039;de korkutan fabrika yang\u0131n\u0131"},"content":{"rendered":"<p><\/p>\n<p>Kocaeli&#8217;nin Gebze il\u00e7esi Pelitli Mahallesi Sanayi Sokak&#8217;ta yer alan parf\u00fcm ve boya \u00fcretimi yap\u0131lan fabrikada, hen\u00fcz bilinmeyen nedenle yang\u0131n \u00e7\u0131kt\u0131.<\/p>\n<p><img decoding=\"async\" alt=\"Kocaeli'de fabrika yang\u0131n\u0131 - 1. Resim\" src=\"https:\/\/icdn.tgrthaber.com.tr\/images\/haberler\/24-02\/03\/kocaelide-fabrika-yangini-17069590534961_1.jpg\" style=\"height:100%;width:850px\" \/><\/p>\n<p>Kocaeli&#8217;nin Gebze il\u00e7esinde yang\u0131n\u0131n \u00e7\u0131kt\u0131\u011f\u0131 kimyasal fabrikas\u0131 havadan g\u00f6r\u00fcnt\u00fclendi. Yang\u0131na 128 ekip ve 50&#8217;nin \u00fczerinde ara\u00e7 deste\u011fiyle m\u00fcdahale edildi\u011fini aktaran B\u00fcy\u00fck\u015fehir Belediye Ba\u015fkan\u0131 Tahir B\u00fcy\u00fckak\u0131n, &#8220;20 bin metrekare kapal\u0131 alan\u0131 olan fabrika. \u0130\u00e7inde kimyasal \u00fcr\u00fcnler de var. Dolay\u0131s\u0131yla \u00e7ok dikkatli m\u00fcdahale ediliyor. \u0130\u00e7eride mahsur kalan bir \u00e7al\u0131\u015fan, can kayb\u0131 ve yaralanma yok&#8221; dedi.<\/p>\n<p>Pelitli Mahallesi Sanayi Sokak&#8217;ta yer alan kimyasal fabrikas\u0131nda saat 13.00 s\u0131ralar\u0131nda hen\u00fcz bilinmeyen bir sebeple yang\u0131n \u00e7\u0131kt\u0131. \u0130hbar \u00fczerine adrese \u00e7ok say\u0131da ekip sevk edildi. K\u0131sa s\u00fcrede adrese ula\u015fan ekipler, alev alev yanan fabrikay\u0131 s\u00f6nd\u00fcrebilmek i\u00e7in seferber oldu. Yang\u0131n\u0131 g\u00f6ren baz\u0131 vatanda\u015flar da g\u00f6zya\u015flar\u0131na hakim olamad\u0131. 20 bin metrekare alana sahip oldu\u011fu \u00f6\u011frenilen fabrika, dron ile de g\u00f6r\u00fcnt\u00fclendi.<\/p>\n<h3>&#8220;CAN KAYBI YOK&#8221;<\/h3>\n<p>M\u00fcdahalenin s\u00fcrd\u00fc\u011f\u00fcn\u00fc ifade eden Kocaeli B\u00fcy\u00fck\u015fehir Belediye Ba\u015fkan\u0131 Tahir B\u00fcy\u00fckak\u0131n, &#8220;Kontrol alt\u0131na almak m\u00fcmk\u00fcn olmad\u0131. \u00c7ok b\u00fcy\u00fck bir alanda yang\u0131n var. 20 bin metrekare kapal\u0131 alan\u0131 olan fabrika. \u0130\u00e7inde kimyasal \u00fcr\u00fcnler de var. Dolay\u0131s\u0131yla \u00e7ok dikkatli m\u00fcdahale ediliyor. 128 personelimiz ve 50&#8217;nin \u00fczerinde arac\u0131m\u0131zla m\u00fcdahale s\u00fcr\u00fcyor ama i\u00e7eride mahsur kalan bir \u00e7al\u0131\u015fan yok, can kayb\u0131 yok, yaralanma yok. Dolay\u0131s\u0131yla bunlar bizim a\u00e7\u0131m\u0131zdan sevindirici. \u00c7ok yak\u0131nda da in\u015fallah kontrol alt\u0131na al\u0131r\u0131z. \u00c7\u0131k\u0131\u015f sebebini hen\u00fcz bilmiyoruz. S\u00f6nd\u00fcrme i\u015flemi bitikten sonra ayr\u0131nt\u0131l\u0131 inceleme gerektiriyor&#8221; dedi.<\/p>\n<h3>&#8220;AFAD VE D\u0130\u011eER TEKN\u0130K EK\u0130PLER B\u00d6LGEDE \u00c7ALI\u015eIYOR&#8221;<\/h3>\n<p>Kocaeli Valisi Seddar Yavuz ise sosyal medya hesab\u0131ndan yapt\u0131\u011f\u0131 a\u00e7\u0131klamada, &#8220;Gebze il\u00e7emiz Pelitli&#8217;de bir fabrikada meydana gelen yang\u0131na Kocaeli B\u00fcy\u00fck\u015fehir itfaiyesi ve OSB itfaiyelerimiz m\u00fcdahale ediyor. \u0130lk belirlemelere g\u00f6re yang\u0131ndan etkilenen bulunmamaktad\u0131r. Ayr\u0131ca Vali Yard\u0131mc\u0131s\u0131 Ba\u015fkanl\u0131\u011f\u0131nda AFAD ve di\u011fer teknik ekipler b\u00f6lgede \u00e7al\u0131\u015f\u0131yor&#8221; ifadelerini kulland\u0131.<\/p>\n<h3>KONTROL ALTINA ALINDI<\/h3>\n<p>Yang\u0131n, itfaiye ekiplerinin yo\u011fun \u00e7al\u0131\u015fmas\u0131yla kontrol alt\u0131na al\u0131nd\u0131. Ekiplerin fabrikadaki so\u011futma \u00e7al\u0131\u015fmalar\u0131 s\u00fcr\u00fcyor.<\/p>\n","protected":false},"excerpt":{"rendered":"<p>Kocaeli&#8217;nin Gebze il\u00e7esi Pelitli Mahallesi Sanayi Sokak&#8217;ta yer alan parf\u00fcm ve boya \u00fcretimi yap\u0131lan fabrikada, hen\u00fcz bilinmeyen nedenle yang\u0131n \u00e7\u0131kt\u0131. Kocaeli&#8217;nin Gebze il\u00e7esinde yang\u0131n\u0131n \u00e7\u0131kt\u0131\u011f\u0131 kimyasal fabrikas\u0131 havadan g\u00f6r\u00fcnt\u00fclendi. Yang\u0131na 128 ekip ve 50&#8217;nin \u00fczerinde ara\u00e7 deste\u011fiyle m\u00fcdahale edildi\u011fini aktaran B\u00fcy\u00fck\u015fehir Belediye Ba\u015fkan\u0131 Tahir B\u00fcy\u00fckak\u0131n, &#8220;20 bin metrekare kapal\u0131 alan\u0131 olan fabrika. \u0130\u00e7inde kimyasal \u00fcr\u00fcnler<\/p>\n","protected":false},"author":1,"featured_media":28792,"comment_status":"open","ping_status":"open","sticky":false,"template":"","format":"standard","meta":{"footnotes":""},"categories":[79],"tags":[],"class_list":["post-28791","post","type-post","status-publish","format-standard","has-post-thumbnail","hentry","category-ekonomi"],"yoast_head":"<!-- This site is optimized with the Yoast SEO plugin v27.4 - https:\/\/yoast.com\/product\/yoast-seo-wordpress\/ -->\n<title>Kocaeli&#039;de korkutan fabrika yang\u0131n\u0131 -<\/title>\n<meta name=\"robots\" content=\"index, follow, max-snippet:-1, max-image-preview:large, max-video-preview:-1\" \/>\n<link rel=\"canonical\" href=\"https:\/\/kibrisdakik.com\/?p=28791\" \/>\n<meta property=\"og:locale\" content=\"tr_TR\" \/>\n<meta property=\"og:type\" content=\"article\" \/>\n<meta property=\"og:title\" content=\"Kocaeli&#039;de korkutan fabrika yang\u0131n\u0131 -\" \/>\n<meta property=\"og:description\" content=\"Kocaeli&#8217;nin Gebze il\u00e7esi Pelitli Mahallesi Sanayi Sokak&#8217;ta yer alan parf\u00fcm ve boya \u00fcretimi yap\u0131lan fabrikada, hen\u00fcz bilinmeyen nedenle yang\u0131n \u00e7\u0131kt\u0131. Kocaeli&#8217;nin Gebze il\u00e7esinde yang\u0131n\u0131n \u00e7\u0131kt\u0131\u011f\u0131 kimyasal fabrikas\u0131 havadan g\u00f6r\u00fcnt\u00fclendi. Yang\u0131na 128 ekip ve 50&#8217;nin \u00fczerinde ara\u00e7 deste\u011fiyle m\u00fcdahale edildi\u011fini aktaran B\u00fcy\u00fck\u015fehir Belediye Ba\u015fkan\u0131 Tahir B\u00fcy\u00fckak\u0131n, &#8220;20 bin metrekare kapal\u0131 alan\u0131 olan fabrika. \u0130\u00e7inde kimyasal \u00fcr\u00fcnler\" \/>\n<meta property=\"og:url\" content=\"https:\/\/kibrisdakik.com\/?p=28791\" \/>\n<meta property=\"article:published_time\" content=\"2024-02-03T15:27:12+00:00\" \/>\n<meta property=\"og:image\" content=\"https:\/\/kibrisdakik.com\/wp-content\/uploads\/2024\/02\/kocaelide-fabrika-yangini-17069590534961_1-740x420.jpg\" \/>\n\t<meta property=\"og:image:width\" content=\"850\" \/>\n\t<meta property=\"og:image:height\" content=\"550\" \/>\n\t<meta property=\"og:image:type\" content=\"image\/jpeg\" \/>\n<meta name=\"author\" content=\"admin\" \/>\n<meta name=\"twitter:card\" content=\"summary_large_image\" \/>\n<meta name=\"twitter:label1\" content=\"Yazan:\" \/>\n\t<meta name=\"twitter:data1\" content=\"admin\" \/>\n\t<meta name=\"twitter:label2\" content=\"Tahmini okuma s\u00fcresi\" \/>\n\t<meta name=\"twitter:data2\" content=\"2 dakika\" \/>\n<script type=\"application\/ld+json\" class=\"yoast-schema-graph\">{\"@context\":\"https:\\\/\\\/schema.org\",\"@graph\":[{\"@type\":\"Article\",\"@id\":\"https:\\\/\\\/kibrisdakik.com\\\/?p=28791#article\",\"isPartOf\":{\"@id\":\"https:\\\/\\\/kibrisdakik.com\\\/?p=28791\"},\"author\":{\"name\":\"admin\",\"@id\":\"https:\\\/\\\/kibrisdakik.com\\\/#\\\/schema\\\/person\\\/9cd9d437bbb44f72b73ba127e06d8e79\"},\"headline\":\"Kocaeli&#039;de korkutan fabrika yang\u0131n\u0131\",\"datePublished\":\"2024-02-03T15:27:12+00:00\",\"mainEntityOfPage\":{\"@id\":\"https:\\\/\\\/kibrisdakik.com\\\/?p=28791\"},\"wordCount\":409,\"commentCount\":0,\"image\":{\"@id\":\"https:\\\/\\\/kibrisdakik.com\\\/?p=28791#primaryimage\"},\"thumbnailUrl\":\"https:\\\/\\\/kibrisdakik.com\\\/wp-content\\\/uploads\\\/2024\\\/02\\\/kocaelide-fabrika-yangini-17069590534961_1-740x420.jpg\",\"articleSection\":[\"Ekonomi\"],\"inLanguage\":\"tr\",\"potentialAction\":[{\"@type\":\"CommentAction\",\"name\":\"Comment\",\"target\":[\"https:\\\/\\\/kibrisdakik.com\\\/?p=28791#respond\"]}]},{\"@type\":\"WebPage\",\"@id\":\"https:\\\/\\\/kibrisdakik.com\\\/?p=28791\",\"url\":\"https:\\\/\\\/kibrisdakik.com\\\/?p=28791\",\"name\":\"Kocaeli&#039;de korkutan fabrika yang\u0131n\u0131 -\",\"isPartOf\":{\"@id\":\"https:\\\/\\\/kibrisdakik.com\\\/#website\"},\"primaryImageOfPage\":{\"@id\":\"https:\\\/\\\/kibrisdakik.com\\\/?p=28791#primaryimage\"},\"image\":{\"@id\":\"https:\\\/\\\/kibrisdakik.com\\\/?p=28791#primaryimage\"},\"thumbnailUrl\":\"https:\\\/\\\/kibrisdakik.com\\\/wp-content\\\/uploads\\\/2024\\\/02\\\/kocaelide-fabrika-yangini-17069590534961_1-740x420.jpg\",\"datePublished\":\"2024-02-03T15:27:12+00:00\",\"author\":{\"@id\":\"https:\\\/\\\/kibrisdakik.com\\\/#\\\/schema\\\/person\\\/9cd9d437bbb44f72b73ba127e06d8e79\"},\"breadcrumb\":{\"@id\":\"https:\\\/\\\/kibrisdakik.com\\\/?p=28791#breadcrumb\"},\"inLanguage\":\"tr\",\"potentialAction\":[{\"@type\":\"ReadAction\",\"target\":[\"https:\\\/\\\/kibrisdakik.com\\\/?p=28791\"]}]},{\"@type\":\"ImageObject\",\"inLanguage\":\"tr\",\"@id\":\"https:\\\/\\\/kibrisdakik.com\\\/?p=28791#primaryimage\",\"url\":\"https:\\\/\\\/kibrisdakik.com\\\/wp-content\\\/uploads\\\/2024\\\/02\\\/kocaelide-fabrika-yangini-17069590534961_1-740x420.jpg\",\"contentUrl\":\"https:\\\/\\\/kibrisdakik.com\\\/wp-content\\\/uploads\\\/2024\\\/02\\\/kocaelide-fabrika-yangini-17069590534961_1-740x420.jpg\",\"width\":850,\"height\":550},{\"@type\":\"BreadcrumbList\",\"@id\":\"https:\\\/\\\/kibrisdakik.com\\\/?p=28791#breadcrumb\",\"itemListElement\":[{\"@type\":\"ListItem\",\"position\":1,\"name\":\"Home\",\"item\":\"https:\\\/\\\/kibrisdakik.com\\\/\"},{\"@type\":\"ListItem\",\"position\":2,\"name\":\"Kocaeli&#039;de korkutan fabrika yang\u0131n\u0131\"}]},{\"@type\":\"WebSite\",\"@id\":\"https:\\\/\\\/kibrisdakik.com\\\/#website\",\"url\":\"https:\\\/\\\/kibrisdakik.com\\\/\",\"name\":\"\",\"description\":\"Tam vaktinde haber\",\"potentialAction\":[{\"@type\":\"SearchAction\",\"target\":{\"@type\":\"EntryPoint\",\"urlTemplate\":\"https:\\\/\\\/kibrisdakik.com\\\/?s={search_term_string}\"},\"query-input\":{\"@type\":\"PropertyValueSpecification\",\"valueRequired\":true,\"valueName\":\"search_term_string\"}}],\"inLanguage\":\"tr\"},{\"@type\":\"Person\",\"@id\":\"https:\\\/\\\/kibrisdakik.com\\\/#\\\/schema\\\/person\\\/9cd9d437bbb44f72b73ba127e06d8e79\",\"name\":\"admin\",\"image\":{\"@type\":\"ImageObject\",\"inLanguage\":\"tr\",\"@id\":\"https:\\\/\\\/secure.gravatar.com\\\/avatar\\\/ccc17943b9d660506c869530f897617f7cb1c21a4bf30023f252596d83e1f007?s=96&d=mm&r=g\",\"url\":\"https:\\\/\\\/secure.gravatar.com\\\/avatar\\\/ccc17943b9d660506c869530f897617f7cb1c21a4bf30023f252596d83e1f007?s=96&d=mm&r=g\",\"contentUrl\":\"https:\\\/\\\/secure.gravatar.com\\\/avatar\\\/ccc17943b9d660506c869530f897617f7cb1c21a4bf30023f252596d83e1f007?s=96&d=mm&r=g\",\"caption\":\"admin\"},\"sameAs\":[\"https:\\\/\\\/kibrisdakik.com\"],\"url\":\"https:\\\/\\\/kibrisdakik.com\\\/?author=1\"}]}<\/script>\n<!-- \/ Yoast SEO plugin. -->","yoast_head_json":{"title":"Kocaeli&#039;de korkutan fabrika yang\u0131n\u0131 -","robots":{"index":"index","follow":"follow","max-snippet":"max-snippet:-1","max-image-preview":"max-image-preview:large","max-video-preview":"max-video-preview:-1"},"canonical":"https:\/\/kibrisdakik.com\/?p=28791","og_locale":"tr_TR","og_type":"article","og_title":"Kocaeli&#039;de korkutan fabrika yang\u0131n\u0131 -","og_description":"Kocaeli&#8217;nin Gebze il\u00e7esi Pelitli Mahallesi Sanayi Sokak&#8217;ta yer alan parf\u00fcm ve boya \u00fcretimi yap\u0131lan fabrikada, hen\u00fcz bilinmeyen nedenle yang\u0131n \u00e7\u0131kt\u0131. Kocaeli&#8217;nin Gebze il\u00e7esinde yang\u0131n\u0131n \u00e7\u0131kt\u0131\u011f\u0131 kimyasal fabrikas\u0131 havadan g\u00f6r\u00fcnt\u00fclendi. Yang\u0131na 128 ekip ve 50&#8217;nin \u00fczerinde ara\u00e7 deste\u011fiyle m\u00fcdahale edildi\u011fini aktaran B\u00fcy\u00fck\u015fehir Belediye Ba\u015fkan\u0131 Tahir B\u00fcy\u00fckak\u0131n, &#8220;20 bin metrekare kapal\u0131 alan\u0131 olan fabrika. \u0130\u00e7inde kimyasal \u00fcr\u00fcnler","og_url":"https:\/\/kibrisdakik.com\/?p=28791","article_published_time":"2024-02-03T15:27:12+00:00","og_image":[{"width":850,"height":550,"url":"https:\/\/kibrisdakik.com\/wp-content\/uploads\/2024\/02\/kocaelide-fabrika-yangini-17069590534961_1-740x420.jpg","type":"image\/jpeg"}],"author":"admin","twitter_card":"summary_large_image","twitter_misc":{"Yazan:":"admin","Tahmini okuma s\u00fcresi":"2 dakika"},"schema":{"@context":"https:\/\/schema.org","@graph":[{"@type":"Article","@id":"https:\/\/kibrisdakik.com\/?p=28791#article","isPartOf":{"@id":"https:\/\/kibrisdakik.com\/?p=28791"},"author":{"name":"admin","@id":"https:\/\/kibrisdakik.com\/#\/schema\/person\/9cd9d437bbb44f72b73ba127e06d8e79"},"headline":"Kocaeli&#039;de korkutan fabrika yang\u0131n\u0131","datePublished":"2024-02-03T15:27:12+00:00","mainEntityOfPage":{"@id":"https:\/\/kibrisdakik.com\/?p=28791"},"wordCount":409,"commentCount":0,"image":{"@id":"https:\/\/kibrisdakik.com\/?p=28791#primaryimage"},"thumbnailUrl":"https:\/\/kibrisdakik.com\/wp-content\/uploads\/2024\/02\/kocaelide-fabrika-yangini-17069590534961_1-740x420.jpg","articleSection":["Ekonomi"],"inLanguage":"tr","potentialAction":[{"@type":"CommentAction","name":"Comment","target":["https:\/\/kibrisdakik.com\/?p=28791#respond"]}]},{"@type":"WebPage","@id":"https:\/\/kibrisdakik.com\/?p=28791","url":"https:\/\/kibrisdakik.com\/?p=28791","name":"Kocaeli&#039;de korkutan fabrika yang\u0131n\u0131 -","isPartOf":{"@id":"https:\/\/kibrisdakik.com\/#website"},"primaryImageOfPage":{"@id":"https:\/\/kibrisdakik.com\/?p=28791#primaryimage"},"image":{"@id":"https:\/\/kibrisdakik.com\/?p=28791#primaryimage"},"thumbnailUrl":"https:\/\/kibrisdakik.com\/wp-content\/uploads\/2024\/02\/kocaelide-fabrika-yangini-17069590534961_1-740x420.jpg","datePublished":"2024-02-03T15:27:12+00:00","author":{"@id":"https:\/\/kibrisdakik.com\/#\/schema\/person\/9cd9d437bbb44f72b73ba127e06d8e79"},"breadcrumb":{"@id":"https:\/\/kibrisdakik.com\/?p=28791#breadcrumb"},"inLanguage":"tr","potentialAction":[{"@type":"ReadAction","target":["https:\/\/kibrisdakik.com\/?p=28791"]}]},{"@type":"ImageObject","inLanguage":"tr","@id":"https:\/\/kibrisdakik.com\/?p=28791#primaryimage","url":"https:\/\/kibrisdakik.com\/wp-content\/uploads\/2024\/02\/kocaelide-fabrika-yangini-17069590534961_1-740x420.jpg","contentUrl":"https:\/\/kibrisdakik.com\/wp-content\/uploads\/2024\/02\/kocaelide-fabrika-yangini-17069590534961_1-740x420.jpg","width":850,"height":550},{"@type":"BreadcrumbList","@id":"https:\/\/kibrisdakik.com\/?p=28791#breadcrumb","itemListElement":[{"@type":"ListItem","position":1,"name":"Home","item":"https:\/\/kibrisdakik.com\/"},{"@type":"ListItem","position":2,"name":"Kocaeli&#039;de korkutan fabrika yang\u0131n\u0131"}]},{"@type":"WebSite","@id":"https:\/\/kibrisdakik.com\/#website","url":"https:\/\/kibrisdakik.com\/","name":"","description":"Tam vaktinde haber","potentialAction":[{"@type":"SearchAction","target":{"@type":"EntryPoint","urlTemplate":"https:\/\/kibrisdakik.com\/?s={search_term_string}"},"query-input":{"@type":"PropertyValueSpecification","valueRequired":true,"valueName":"search_term_string"}}],"inLanguage":"tr"},{"@type":"Person","@id":"https:\/\/kibrisdakik.com\/#\/schema\/person\/9cd9d437bbb44f72b73ba127e06d8e79","name":"admin","image":{"@type":"ImageObject","inLanguage":"tr","@id":"https:\/\/secure.gravatar.com\/avatar\/ccc17943b9d660506c869530f897617f7cb1c21a4bf30023f252596d83e1f007?s=96&d=mm&r=g","url":"https:\/\/secure.gravatar.com\/avatar\/ccc17943b9d660506c869530f897617f7cb1c21a4bf30023f252596d83e1f007?s=96&d=mm&r=g","contentUrl":"https:\/\/secure.gravatar.com\/avatar\/ccc17943b9d660506c869530f897617f7cb1c21a4bf30023f252596d83e1f007?s=96&d=mm&r=g","caption":"admin"},"sameAs":["https:\/\/kibrisdakik.com"],"url":"https:\/\/kibrisdakik.com\/?author=1"}]}},"_links":{"self":[{"href":"https:\/\/kibrisdakik.com\/index.php?rest_route=\/wp\/v2\/posts\/28791","targetHints":{"allow":["GET"]}}],"collection":[{"href":"https:\/\/kibrisdakik.com\/index.php?rest_route=\/wp\/v2\/posts"}],"about":[{"href":"https:\/\/kibrisdakik.com\/index.php?rest_route=\/wp\/v2\/types\/post"}],"author":[{"embeddable":true,"href":"https:\/\/kibrisdakik.com\/index.php?rest_route=\/wp\/v2\/users\/1"}],"replies":[{"embeddable":true,"href":"https:\/\/kibrisdakik.com\/index.php?rest_route=%2Fwp%2Fv2%2Fcomments&post=28791"}],"version-history":[{"count":0,"href":"https:\/\/kibrisdakik.com\/index.php?rest_route=\/wp\/v2\/posts\/28791\/revisions"}],"wp:featuredmedia":[{"embeddable":true,"href":"https:\/\/kibrisdakik.com\/index.php?rest_route=\/wp\/v2\/media\/28792"}],"wp:attachment":[{"href":"https:\/\/kibrisdakik.com\/index.php?rest_route=%2Fwp%2Fv2%2Fmedia&parent=28791"}],"wp:term":[{"taxonomy":"category","embeddable":true,"href":"https:\/\/kibrisdakik.com\/index.php?rest_route=%2Fwp%2Fv2%2Fcategories&post=28791"},{"taxonomy":"post_tag","embeddable":true,"href":"https:\/\/kibrisdakik.com\/index.php?rest_route=%2Fwp%2Fv2%2Ftags&post=28791"}],"curies":[{"name":"wp","href":"https:\/\/api.w.org\/{rel}","templated":true}]}}