{"id":28793,"date":"2024-02-03T15:36:05","date_gmt":"2024-02-03T15:36:05","guid":{"rendered":"https:\/\/kibrisdakik.com\/index.php\/2024\/02\/03\/kuzey-irakta-bir-asker-sehit\/"},"modified":"2024-02-03T15:36:05","modified_gmt":"2024-02-03T15:36:05","slug":"kuzey-irakta-bir-asker-sehit","status":"publish","type":"post","link":"https:\/\/kibrisdakik.com\/?p=28793","title":{"rendered":"Kuzey Irak&#039;ta bir asker \u015fehit"},"content":{"rendered":"<p><\/p>\n<p>Irak&#8217;\u0131n kuzeyinden&nbsp;\u015fehit&nbsp;haberi geldi.<\/p>\n<p>MSB&#8217;nin sosyal medya hesab\u0131ndan yap\u0131lan a\u00e7\u0131klamada, harekat b\u00f6lgesinde b\u00f6l\u00fcc\u00fc ter\u00f6r \u00f6rg\u00fct\u00fc mensuplar\u0131 taraf\u0131ndan yap\u0131lan taciz at\u0131\u015f\u0131 sonucunda Piyade Uzman \u00c7avu\u015f Kadir Dingil&#8217;in \u015fehit oldu\u011fu, iki askerin de yaraland\u0131\u011f\u0131 bildirildi.<\/p>\n<p>A\u00e7\u0131klamada, \u015funlar kaydedildi:<\/p>\n<p>&#8220;Irak Kuzeyi harekat b\u00f6lgesinde 3 \u015eubat 2024 tarihinde b\u00f6l\u00fcc\u00fc ter\u00f6r \u00f6rg\u00fct\u00fc mensuplar\u0131 taraf\u0131ndan yap\u0131lan taciz at\u0131\u015f\u0131 sonucu kahraman silah arkada\u015f\u0131m\u0131z Piyade Uzman \u00c7avu\u015f Kadir Dingil \u015fehit olmu\u015f, iki kahraman silah arkada\u015f\u0131m\u0131z yaralanm\u0131\u015ft\u0131r. Yaral\u0131lar\u0131m\u0131z derhal hastaneye sevk edilerek tedavilerine ba\u015flanm\u0131\u015ft\u0131r.<\/p>\n<p>Bizleri derin bir ac\u0131 ve \u00fcz\u00fcnt\u00fcye bo\u011fan bu olayda hayat\u0131n\u0131 kaybeden aziz \u015fehidimize Allah&#8217;tan rahmet, kederli ailesine, T\u00fcrk Silahl\u0131 Kuvvetleri ile asil milletimize ba\u015fsa\u011fl\u0131\u011f\u0131 ve sab\u0131r, yaral\u0131lar\u0131m\u0131za da acil \u015fifalar dileriz.&#8221;<\/p>\n<p>Milli Savunma Bakan\u0131 Ya\u015far G\u00fcler de \u015fehit Piyade Uzman \u00c7avu\u015f Kadir Dingil i\u00e7in ba\u015fsa\u011fl\u0131\u011f\u0131 mesaj\u0131 yay\u0131mlad\u0131.<\/p>\n<p>&nbsp;<\/p>\n<p><strong>\u015eEH\u0130D\u0130N A\u0130LES\u0130NE ACI&nbsp;HABER&nbsp;VER\u0130LD\u0130<\/strong><\/p>\n<p>Osmaniye&#8217;de merkeze ba\u011fl\u0131 \u00c7ona k\u00f6y\u00fcndeki babaevine giden askeri yetkililer, \u015fehidin babas\u0131 Mehmet ve annesi Nadiye Dingil&#8217;e \u015fehadet haberini ula\u015ft\u0131rd\u0131.<\/p>\n<p>Babaevine ve evin bulundu\u011fu soka\u011fa T\u00fcrk bayraklar\u0131 as\u0131ld\u0131.<\/p>\n<p><img decoding=\"async\" alt=\"Kuzey Irak'ta bir asker \u015fehit - 1\" src=\"https:\/\/cdn1.ntv.com.tr\/gorsel\/Lh4PQ_KRBECliyQeQ2Tbbw.jpg?width=960&amp;mode=crop&amp;scale=both\" \/><\/p>\n<p>&nbsp;<\/p>\n<p>\u015eehidin ve ailenin yak\u0131nlar\u0131, taziye i\u00e7in \u015fehidin babaevine geldi.<\/p>\n<p>Bekar ve 7 y\u0131ll\u0131k asker olan&nbsp;Kadir Dingil&#8217;in cenazesinin yar\u0131n d\u00fczenlenecek t\u00f6reninin ard\u0131ndan topra\u011fa verilece\u011fi \u00f6\u011frenildi.<\/p>\n","protected":false},"excerpt":{"rendered":"<p>Irak&#8217;\u0131n kuzeyinden&nbsp;\u015fehit&nbsp;haberi geldi. MSB&#8217;nin sosyal medya hesab\u0131ndan yap\u0131lan a\u00e7\u0131klamada, harekat b\u00f6lgesinde b\u00f6l\u00fcc\u00fc ter\u00f6r \u00f6rg\u00fct\u00fc mensuplar\u0131 taraf\u0131ndan yap\u0131lan taciz at\u0131\u015f\u0131 sonucunda Piyade Uzman \u00c7avu\u015f Kadir Dingil&#8217;in \u015fehit oldu\u011fu, iki askerin de yaraland\u0131\u011f\u0131 bildirildi. A\u00e7\u0131klamada, \u015funlar kaydedildi: &#8220;Irak Kuzeyi harekat b\u00f6lgesinde 3 \u015eubat 2024 tarihinde b\u00f6l\u00fcc\u00fc ter\u00f6r \u00f6rg\u00fct\u00fc mensuplar\u0131 taraf\u0131ndan yap\u0131lan taciz at\u0131\u015f\u0131 sonucu kahraman silah arkada\u015f\u0131m\u0131z<\/p>\n","protected":false},"author":1,"featured_media":28794,"comment_status":"open","ping_status":"open","sticky":false,"template":"","format":"standard","meta":{"footnotes":""},"categories":[86],"tags":[],"class_list":["post-28793","post","type-post","status-publish","format-standard","has-post-thumbnail","hentry","category-turkiye"],"yoast_head":"<!-- This site is optimized with the Yoast SEO plugin v27.4 - https:\/\/yoast.com\/product\/yoast-seo-wordpress\/ -->\n<title>Kuzey Irak&#039;ta bir asker \u015fehit -<\/title>\n<meta name=\"robots\" content=\"index, follow, max-snippet:-1, max-image-preview:large, max-video-preview:-1\" \/>\n<link rel=\"canonical\" href=\"https:\/\/kibrisdakik.com\/?p=28793\" \/>\n<meta property=\"og:locale\" content=\"tr_TR\" \/>\n<meta property=\"og:type\" content=\"article\" \/>\n<meta property=\"og:title\" content=\"Kuzey Irak&#039;ta bir asker \u015fehit -\" \/>\n<meta property=\"og:description\" content=\"Irak&#8217;\u0131n kuzeyinden&nbsp;\u015fehit&nbsp;haberi geldi. MSB&#8217;nin sosyal medya hesab\u0131ndan yap\u0131lan a\u00e7\u0131klamada, harekat b\u00f6lgesinde b\u00f6l\u00fcc\u00fc ter\u00f6r \u00f6rg\u00fct\u00fc mensuplar\u0131 taraf\u0131ndan yap\u0131lan taciz at\u0131\u015f\u0131 sonucunda Piyade Uzman \u00c7avu\u015f Kadir Dingil&#8217;in \u015fehit oldu\u011fu, iki askerin de yaraland\u0131\u011f\u0131 bildirildi. A\u00e7\u0131klamada, \u015funlar kaydedildi: &#8220;Irak Kuzeyi harekat b\u00f6lgesinde 3 \u015eubat 2024 tarihinde b\u00f6l\u00fcc\u00fc ter\u00f6r \u00f6rg\u00fct\u00fc mensuplar\u0131 taraf\u0131ndan yap\u0131lan taciz at\u0131\u015f\u0131 sonucu kahraman silah arkada\u015f\u0131m\u0131z\" \/>\n<meta property=\"og:url\" content=\"https:\/\/kibrisdakik.com\/?p=28793\" \/>\n<meta property=\"article:published_time\" content=\"2024-02-03T15:36:05+00:00\" \/>\n<meta property=\"og:image\" content=\"https:\/\/kibrisdakik.com\/wp-content\/uploads\/2024\/02\/Lh4PQ_KRBECliyQeQ2Tbbw-740x420.jpg\" \/>\n\t<meta property=\"og:image:width\" content=\"960\" \/>\n\t<meta property=\"og:image:height\" content=\"623\" \/>\n\t<meta property=\"og:image:type\" content=\"image\/jpeg\" \/>\n<meta name=\"author\" content=\"admin\" \/>\n<meta name=\"twitter:card\" content=\"summary_large_image\" \/>\n<meta name=\"twitter:label1\" content=\"Yazan:\" \/>\n\t<meta name=\"twitter:data1\" content=\"admin\" \/>\n\t<meta name=\"twitter:label2\" content=\"Tahmini okuma s\u00fcresi\" \/>\n\t<meta name=\"twitter:data2\" content=\"1 dakika\" \/>\n<script type=\"application\/ld+json\" class=\"yoast-schema-graph\">{\"@context\":\"https:\\\/\\\/schema.org\",\"@graph\":[{\"@type\":\"Article\",\"@id\":\"https:\\\/\\\/kibrisdakik.com\\\/?p=28793#article\",\"isPartOf\":{\"@id\":\"https:\\\/\\\/kibrisdakik.com\\\/?p=28793\"},\"author\":{\"name\":\"admin\",\"@id\":\"https:\\\/\\\/kibrisdakik.com\\\/#\\\/schema\\\/person\\\/9cd9d437bbb44f72b73ba127e06d8e79\"},\"headline\":\"Kuzey Irak&#039;ta bir asker \u015fehit\",\"datePublished\":\"2024-02-03T15:36:05+00:00\",\"mainEntityOfPage\":{\"@id\":\"https:\\\/\\\/kibrisdakik.com\\\/?p=28793\"},\"wordCount\":263,\"commentCount\":0,\"image\":{\"@id\":\"https:\\\/\\\/kibrisdakik.com\\\/?p=28793#primaryimage\"},\"thumbnailUrl\":\"https:\\\/\\\/kibrisdakik.com\\\/wp-content\\\/uploads\\\/2024\\\/02\\\/Lh4PQ_KRBECliyQeQ2Tbbw-740x420.jpg\",\"articleSection\":[\"T\u00fcrkiye\"],\"inLanguage\":\"tr\",\"potentialAction\":[{\"@type\":\"CommentAction\",\"name\":\"Comment\",\"target\":[\"https:\\\/\\\/kibrisdakik.com\\\/?p=28793#respond\"]}]},{\"@type\":\"WebPage\",\"@id\":\"https:\\\/\\\/kibrisdakik.com\\\/?p=28793\",\"url\":\"https:\\\/\\\/kibrisdakik.com\\\/?p=28793\",\"name\":\"Kuzey Irak&#039;ta bir asker \u015fehit -\",\"isPartOf\":{\"@id\":\"https:\\\/\\\/kibrisdakik.com\\\/#website\"},\"primaryImageOfPage\":{\"@id\":\"https:\\\/\\\/kibrisdakik.com\\\/?p=28793#primaryimage\"},\"image\":{\"@id\":\"https:\\\/\\\/kibrisdakik.com\\\/?p=28793#primaryimage\"},\"thumbnailUrl\":\"https:\\\/\\\/kibrisdakik.com\\\/wp-content\\\/uploads\\\/2024\\\/02\\\/Lh4PQ_KRBECliyQeQ2Tbbw-740x420.jpg\",\"datePublished\":\"2024-02-03T15:36:05+00:00\",\"author\":{\"@id\":\"https:\\\/\\\/kibrisdakik.com\\\/#\\\/schema\\\/person\\\/9cd9d437bbb44f72b73ba127e06d8e79\"},\"breadcrumb\":{\"@id\":\"https:\\\/\\\/kibrisdakik.com\\\/?p=28793#breadcrumb\"},\"inLanguage\":\"tr\",\"potentialAction\":[{\"@type\":\"ReadAction\",\"target\":[\"https:\\\/\\\/kibrisdakik.com\\\/?p=28793\"]}]},{\"@type\":\"ImageObject\",\"inLanguage\":\"tr\",\"@id\":\"https:\\\/\\\/kibrisdakik.com\\\/?p=28793#primaryimage\",\"url\":\"https:\\\/\\\/kibrisdakik.com\\\/wp-content\\\/uploads\\\/2024\\\/02\\\/Lh4PQ_KRBECliyQeQ2Tbbw-740x420.jpg\",\"contentUrl\":\"https:\\\/\\\/kibrisdakik.com\\\/wp-content\\\/uploads\\\/2024\\\/02\\\/Lh4PQ_KRBECliyQeQ2Tbbw-740x420.jpg\",\"width\":960,\"height\":623},{\"@type\":\"BreadcrumbList\",\"@id\":\"https:\\\/\\\/kibrisdakik.com\\\/?p=28793#breadcrumb\",\"itemListElement\":[{\"@type\":\"ListItem\",\"position\":1,\"name\":\"Home\",\"item\":\"https:\\\/\\\/kibrisdakik.com\\\/\"},{\"@type\":\"ListItem\",\"position\":2,\"name\":\"Kuzey Irak&#039;ta bir asker \u015fehit\"}]},{\"@type\":\"WebSite\",\"@id\":\"https:\\\/\\\/kibrisdakik.com\\\/#website\",\"url\":\"https:\\\/\\\/kibrisdakik.com\\\/\",\"name\":\"\",\"description\":\"Tam vaktinde haber\",\"potentialAction\":[{\"@type\":\"SearchAction\",\"target\":{\"@type\":\"EntryPoint\",\"urlTemplate\":\"https:\\\/\\\/kibrisdakik.com\\\/?s={search_term_string}\"},\"query-input\":{\"@type\":\"PropertyValueSpecification\",\"valueRequired\":true,\"valueName\":\"search_term_string\"}}],\"inLanguage\":\"tr\"},{\"@type\":\"Person\",\"@id\":\"https:\\\/\\\/kibrisdakik.com\\\/#\\\/schema\\\/person\\\/9cd9d437bbb44f72b73ba127e06d8e79\",\"name\":\"admin\",\"image\":{\"@type\":\"ImageObject\",\"inLanguage\":\"tr\",\"@id\":\"https:\\\/\\\/secure.gravatar.com\\\/avatar\\\/ccc17943b9d660506c869530f897617f7cb1c21a4bf30023f252596d83e1f007?s=96&d=mm&r=g\",\"url\":\"https:\\\/\\\/secure.gravatar.com\\\/avatar\\\/ccc17943b9d660506c869530f897617f7cb1c21a4bf30023f252596d83e1f007?s=96&d=mm&r=g\",\"contentUrl\":\"https:\\\/\\\/secure.gravatar.com\\\/avatar\\\/ccc17943b9d660506c869530f897617f7cb1c21a4bf30023f252596d83e1f007?s=96&d=mm&r=g\",\"caption\":\"admin\"},\"sameAs\":[\"https:\\\/\\\/kibrisdakik.com\"],\"url\":\"https:\\\/\\\/kibrisdakik.com\\\/?author=1\"}]}<\/script>\n<!-- \/ Yoast SEO plugin. -->","yoast_head_json":{"title":"Kuzey Irak&#039;ta bir asker \u015fehit -","robots":{"index":"index","follow":"follow","max-snippet":"max-snippet:-1","max-image-preview":"max-image-preview:large","max-video-preview":"max-video-preview:-1"},"canonical":"https:\/\/kibrisdakik.com\/?p=28793","og_locale":"tr_TR","og_type":"article","og_title":"Kuzey Irak&#039;ta bir asker \u015fehit -","og_description":"Irak&#8217;\u0131n kuzeyinden&nbsp;\u015fehit&nbsp;haberi geldi. MSB&#8217;nin sosyal medya hesab\u0131ndan yap\u0131lan a\u00e7\u0131klamada, harekat b\u00f6lgesinde b\u00f6l\u00fcc\u00fc ter\u00f6r \u00f6rg\u00fct\u00fc mensuplar\u0131 taraf\u0131ndan yap\u0131lan taciz at\u0131\u015f\u0131 sonucunda Piyade Uzman \u00c7avu\u015f Kadir Dingil&#8217;in \u015fehit oldu\u011fu, iki askerin de yaraland\u0131\u011f\u0131 bildirildi. A\u00e7\u0131klamada, \u015funlar kaydedildi: &#8220;Irak Kuzeyi harekat b\u00f6lgesinde 3 \u015eubat 2024 tarihinde b\u00f6l\u00fcc\u00fc ter\u00f6r \u00f6rg\u00fct\u00fc mensuplar\u0131 taraf\u0131ndan yap\u0131lan taciz at\u0131\u015f\u0131 sonucu kahraman silah arkada\u015f\u0131m\u0131z","og_url":"https:\/\/kibrisdakik.com\/?p=28793","article_published_time":"2024-02-03T15:36:05+00:00","og_image":[{"width":960,"height":623,"url":"https:\/\/kibrisdakik.com\/wp-content\/uploads\/2024\/02\/Lh4PQ_KRBECliyQeQ2Tbbw-740x420.jpg","type":"image\/jpeg"}],"author":"admin","twitter_card":"summary_large_image","twitter_misc":{"Yazan:":"admin","Tahmini okuma s\u00fcresi":"1 dakika"},"schema":{"@context":"https:\/\/schema.org","@graph":[{"@type":"Article","@id":"https:\/\/kibrisdakik.com\/?p=28793#article","isPartOf":{"@id":"https:\/\/kibrisdakik.com\/?p=28793"},"author":{"name":"admin","@id":"https:\/\/kibrisdakik.com\/#\/schema\/person\/9cd9d437bbb44f72b73ba127e06d8e79"},"headline":"Kuzey Irak&#039;ta bir asker \u015fehit","datePublished":"2024-02-03T15:36:05+00:00","mainEntityOfPage":{"@id":"https:\/\/kibrisdakik.com\/?p=28793"},"wordCount":263,"commentCount":0,"image":{"@id":"https:\/\/kibrisdakik.com\/?p=28793#primaryimage"},"thumbnailUrl":"https:\/\/kibrisdakik.com\/wp-content\/uploads\/2024\/02\/Lh4PQ_KRBECliyQeQ2Tbbw-740x420.jpg","articleSection":["T\u00fcrkiye"],"inLanguage":"tr","potentialAction":[{"@type":"CommentAction","name":"Comment","target":["https:\/\/kibrisdakik.com\/?p=28793#respond"]}]},{"@type":"WebPage","@id":"https:\/\/kibrisdakik.com\/?p=28793","url":"https:\/\/kibrisdakik.com\/?p=28793","name":"Kuzey Irak&#039;ta bir asker \u015fehit -","isPartOf":{"@id":"https:\/\/kibrisdakik.com\/#website"},"primaryImageOfPage":{"@id":"https:\/\/kibrisdakik.com\/?p=28793#primaryimage"},"image":{"@id":"https:\/\/kibrisdakik.com\/?p=28793#primaryimage"},"thumbnailUrl":"https:\/\/kibrisdakik.com\/wp-content\/uploads\/2024\/02\/Lh4PQ_KRBECliyQeQ2Tbbw-740x420.jpg","datePublished":"2024-02-03T15:36:05+00:00","author":{"@id":"https:\/\/kibrisdakik.com\/#\/schema\/person\/9cd9d437bbb44f72b73ba127e06d8e79"},"breadcrumb":{"@id":"https:\/\/kibrisdakik.com\/?p=28793#breadcrumb"},"inLanguage":"tr","potentialAction":[{"@type":"ReadAction","target":["https:\/\/kibrisdakik.com\/?p=28793"]}]},{"@type":"ImageObject","inLanguage":"tr","@id":"https:\/\/kibrisdakik.com\/?p=28793#primaryimage","url":"https:\/\/kibrisdakik.com\/wp-content\/uploads\/2024\/02\/Lh4PQ_KRBECliyQeQ2Tbbw-740x420.jpg","contentUrl":"https:\/\/kibrisdakik.com\/wp-content\/uploads\/2024\/02\/Lh4PQ_KRBECliyQeQ2Tbbw-740x420.jpg","width":960,"height":623},{"@type":"BreadcrumbList","@id":"https:\/\/kibrisdakik.com\/?p=28793#breadcrumb","itemListElement":[{"@type":"ListItem","position":1,"name":"Home","item":"https:\/\/kibrisdakik.com\/"},{"@type":"ListItem","position":2,"name":"Kuzey Irak&#039;ta bir asker \u015fehit"}]},{"@type":"WebSite","@id":"https:\/\/kibrisdakik.com\/#website","url":"https:\/\/kibrisdakik.com\/","name":"","description":"Tam vaktinde haber","potentialAction":[{"@type":"SearchAction","target":{"@type":"EntryPoint","urlTemplate":"https:\/\/kibrisdakik.com\/?s={search_term_string}"},"query-input":{"@type":"PropertyValueSpecification","valueRequired":true,"valueName":"search_term_string"}}],"inLanguage":"tr"},{"@type":"Person","@id":"https:\/\/kibrisdakik.com\/#\/schema\/person\/9cd9d437bbb44f72b73ba127e06d8e79","name":"admin","image":{"@type":"ImageObject","inLanguage":"tr","@id":"https:\/\/secure.gravatar.com\/avatar\/ccc17943b9d660506c869530f897617f7cb1c21a4bf30023f252596d83e1f007?s=96&d=mm&r=g","url":"https:\/\/secure.gravatar.com\/avatar\/ccc17943b9d660506c869530f897617f7cb1c21a4bf30023f252596d83e1f007?s=96&d=mm&r=g","contentUrl":"https:\/\/secure.gravatar.com\/avatar\/ccc17943b9d660506c869530f897617f7cb1c21a4bf30023f252596d83e1f007?s=96&d=mm&r=g","caption":"admin"},"sameAs":["https:\/\/kibrisdakik.com"],"url":"https:\/\/kibrisdakik.com\/?author=1"}]}},"_links":{"self":[{"href":"https:\/\/kibrisdakik.com\/index.php?rest_route=\/wp\/v2\/posts\/28793","targetHints":{"allow":["GET"]}}],"collection":[{"href":"https:\/\/kibrisdakik.com\/index.php?rest_route=\/wp\/v2\/posts"}],"about":[{"href":"https:\/\/kibrisdakik.com\/index.php?rest_route=\/wp\/v2\/types\/post"}],"author":[{"embeddable":true,"href":"https:\/\/kibrisdakik.com\/index.php?rest_route=\/wp\/v2\/users\/1"}],"replies":[{"embeddable":true,"href":"https:\/\/kibrisdakik.com\/index.php?rest_route=%2Fwp%2Fv2%2Fcomments&post=28793"}],"version-history":[{"count":0,"href":"https:\/\/kibrisdakik.com\/index.php?rest_route=\/wp\/v2\/posts\/28793\/revisions"}],"wp:featuredmedia":[{"embeddable":true,"href":"https:\/\/kibrisdakik.com\/index.php?rest_route=\/wp\/v2\/media\/28794"}],"wp:attachment":[{"href":"https:\/\/kibrisdakik.com\/index.php?rest_route=%2Fwp%2Fv2%2Fmedia&parent=28793"}],"wp:term":[{"taxonomy":"category","embeddable":true,"href":"https:\/\/kibrisdakik.com\/index.php?rest_route=%2Fwp%2Fv2%2Fcategories&post=28793"},{"taxonomy":"post_tag","embeddable":true,"href":"https:\/\/kibrisdakik.com\/index.php?rest_route=%2Fwp%2Fv2%2Ftags&post=28793"}],"curies":[{"name":"wp","href":"https:\/\/api.w.org\/{rel}","templated":true}]}}