{"id":28856,"date":"2024-02-04T10:41:54","date_gmt":"2024-02-04T10:41:54","guid":{"rendered":"https:\/\/kibrisdakik.com\/index.php\/2024\/02\/04\/ritmik-salinim-dans-fotograf-sergisi-yarin-izlenime-aciliyor\/"},"modified":"2024-02-04T10:41:54","modified_gmt":"2024-02-04T10:41:54","slug":"ritmik-salinim-dans-fotograf-sergisi-yarin-izlenime-aciliyor","status":"publish","type":"post","link":"https:\/\/kibrisdakik.com\/?p=28856","title":{"rendered":"\u201cRitmik Sal\u0131n\u0131m: Dans\u201d foto\u011fraf sergisi yar\u0131n izlenime a\u00e7\u0131l\u0131yor"},"content":{"rendered":"<p><img decoding=\"async\" src=\"https:\/\/www.kibristurk.com\/images\/haberler\/2024\/02\/ritmik-salinim-dans-fotograf-sergisi-yarin-izlenime-aciliyor-1707040981.webp\" \/><\/p>\n<p><span style=\"font-size:12pt\"><span style=\"background-color:white\"><span style=\"font-family:Calibri,sans-serif\"><span style=\"font-family:Merriweather\"><span style=\"color:black\">Ahmet Ulubay, Besime Tanul, Duyal T\u00fcz\u00fcn, G\u00f6khan G\u00f6kberk, G\u00fcl\u00e7in Arabulucu Soyal, Mehmet Hoca, P\u0131rlanta Konuksal, Salih Cengaver Cem ve Y\u0131ltan Ta\u015f\u00e7\u0131\u2019n\u0131n foto\u011fraflar\u0131ndan olu\u015fan serginin a\u00e7\u0131l\u0131\u015f\u0131 saat 18.00\u2019de yap\u0131lacak.<\/span><\/span><\/span><\/span><\/span><\/p>\n<p><span style=\"font-size:12pt\"><span style=\"background-color:white\"><span style=\"font-family:Calibri,sans-serif\"><span style=\"font-family:Merriweather\"><span style=\"color:black\">Elde edilecek t\u00fcm gelirin \u015eampiyon Melekleri Ya\u015fatma Derne\u011fi\u2019ne ba\u011f\u0131\u015flanaca\u011f\u0131 sergi, 9 \u015eubat\u2019a kadar mesai saatleri i\u00e7inde gezilebilecek.<\/span><\/span><\/span><\/span><\/span><\/p>\n","protected":false},"excerpt":{"rendered":"<p>Ahmet Ulubay, Besime Tanul, Duyal T\u00fcz\u00fcn, G\u00f6khan G\u00f6kberk, G\u00fcl\u00e7in Arabulucu Soyal, Mehmet Hoca, P\u0131rlanta Konuksal, Salih Cengaver Cem ve Y\u0131ltan Ta\u015f\u00e7\u0131\u2019n\u0131n foto\u011fraflar\u0131ndan olu\u015fan serginin a\u00e7\u0131l\u0131\u015f\u0131 saat 18.00\u2019de yap\u0131lacak. Elde edilecek t\u00fcm gelirin \u015eampiyon Melekleri Ya\u015fatma Derne\u011fi\u2019ne ba\u011f\u0131\u015flanaca\u011f\u0131 sergi, 9 \u015eubat\u2019a kadar mesai saatleri i\u00e7inde gezilebilecek.<\/p>\n","protected":false},"author":1,"featured_media":28857,"comment_status":"open","ping_status":"open","sticky":false,"template":"","format":"standard","meta":{"footnotes":""},"categories":[85],"tags":[],"class_list":["post-28856","post","type-post","status-publish","format-standard","has-post-thumbnail","hentry","category-spor"],"yoast_head":"<!-- This site is optimized with the Yoast SEO plugin v27.5 - https:\/\/yoast.com\/product\/yoast-seo-wordpress\/ -->\n<title>\u201cRitmik Sal\u0131n\u0131m: Dans\u201d foto\u011fraf sergisi yar\u0131n izlenime a\u00e7\u0131l\u0131yor -<\/title>\n<meta name=\"robots\" content=\"index, follow, max-snippet:-1, max-image-preview:large, max-video-preview:-1\" \/>\n<link rel=\"canonical\" href=\"https:\/\/kibrisdakik.com\/?p=28856\" \/>\n<meta property=\"og:locale\" content=\"tr_TR\" \/>\n<meta property=\"og:type\" content=\"article\" \/>\n<meta property=\"og:title\" content=\"\u201cRitmik Sal\u0131n\u0131m: Dans\u201d foto\u011fraf sergisi yar\u0131n izlenime a\u00e7\u0131l\u0131yor -\" \/>\n<meta property=\"og:description\" content=\"Ahmet Ulubay, Besime Tanul, Duyal T\u00fcz\u00fcn, G\u00f6khan G\u00f6kberk, G\u00fcl\u00e7in Arabulucu Soyal, Mehmet Hoca, P\u0131rlanta Konuksal, Salih Cengaver Cem ve Y\u0131ltan Ta\u015f\u00e7\u0131\u2019n\u0131n foto\u011fraflar\u0131ndan olu\u015fan serginin a\u00e7\u0131l\u0131\u015f\u0131 saat 18.00\u2019de yap\u0131lacak. Elde edilecek t\u00fcm gelirin \u015eampiyon Melekleri Ya\u015fatma Derne\u011fi\u2019ne ba\u011f\u0131\u015flanaca\u011f\u0131 sergi, 9 \u015eubat\u2019a kadar mesai saatleri i\u00e7inde gezilebilecek.\" \/>\n<meta property=\"og:url\" content=\"https:\/\/kibrisdakik.com\/?p=28856\" \/>\n<meta property=\"article:published_time\" content=\"2024-02-04T10:41:54+00:00\" \/>\n<meta property=\"og:image\" content=\"https:\/\/kibrisdakik.com\/wp-content\/uploads\/2024\/02\/ritmik-salinim-dans-fotograf-sergisi-yarin-izlenime-aciliyor-1707040981.webp.webp\" \/>\n\t<meta property=\"og:image:width\" content=\"710\" \/>\n\t<meta property=\"og:image:height\" content=\"370\" \/>\n\t<meta property=\"og:image:type\" content=\"image\/webp\" \/>\n<meta name=\"author\" content=\"admin\" \/>\n<meta name=\"twitter:card\" content=\"summary_large_image\" \/>\n<meta name=\"twitter:label1\" content=\"Yazan:\" \/>\n\t<meta name=\"twitter:data1\" content=\"admin\" \/>\n<script type=\"application\/ld+json\" class=\"yoast-schema-graph\">{\"@context\":\"https:\\\/\\\/schema.org\",\"@graph\":[{\"@type\":\"Article\",\"@id\":\"https:\\\/\\\/kibrisdakik.com\\\/?p=28856#article\",\"isPartOf\":{\"@id\":\"https:\\\/\\\/kibrisdakik.com\\\/?p=28856\"},\"author\":{\"name\":\"admin\",\"@id\":\"https:\\\/\\\/kibrisdakik.com\\\/#\\\/schema\\\/person\\\/9cd9d437bbb44f72b73ba127e06d8e79\"},\"headline\":\"\u201cRitmik Sal\u0131n\u0131m: Dans\u201d foto\u011fraf sergisi yar\u0131n izlenime a\u00e7\u0131l\u0131yor\",\"datePublished\":\"2024-02-04T10:41:54+00:00\",\"mainEntityOfPage\":{\"@id\":\"https:\\\/\\\/kibrisdakik.com\\\/?p=28856\"},\"wordCount\":80,\"commentCount\":0,\"image\":{\"@id\":\"https:\\\/\\\/kibrisdakik.com\\\/?p=28856#primaryimage\"},\"thumbnailUrl\":\"https:\\\/\\\/kibrisdakik.com\\\/wp-content\\\/uploads\\\/2024\\\/02\\\/ritmik-salinim-dans-fotograf-sergisi-yarin-izlenime-aciliyor-1707040981.webp.webp\",\"articleSection\":[\"Spor\"],\"inLanguage\":\"tr\",\"potentialAction\":[{\"@type\":\"CommentAction\",\"name\":\"Comment\",\"target\":[\"https:\\\/\\\/kibrisdakik.com\\\/?p=28856#respond\"]}]},{\"@type\":\"WebPage\",\"@id\":\"https:\\\/\\\/kibrisdakik.com\\\/?p=28856\",\"url\":\"https:\\\/\\\/kibrisdakik.com\\\/?p=28856\",\"name\":\"\u201cRitmik Sal\u0131n\u0131m: Dans\u201d foto\u011fraf sergisi yar\u0131n izlenime a\u00e7\u0131l\u0131yor -\",\"isPartOf\":{\"@id\":\"https:\\\/\\\/kibrisdakik.com\\\/#website\"},\"primaryImageOfPage\":{\"@id\":\"https:\\\/\\\/kibrisdakik.com\\\/?p=28856#primaryimage\"},\"image\":{\"@id\":\"https:\\\/\\\/kibrisdakik.com\\\/?p=28856#primaryimage\"},\"thumbnailUrl\":\"https:\\\/\\\/kibrisdakik.com\\\/wp-content\\\/uploads\\\/2024\\\/02\\\/ritmik-salinim-dans-fotograf-sergisi-yarin-izlenime-aciliyor-1707040981.webp.webp\",\"datePublished\":\"2024-02-04T10:41:54+00:00\",\"author\":{\"@id\":\"https:\\\/\\\/kibrisdakik.com\\\/#\\\/schema\\\/person\\\/9cd9d437bbb44f72b73ba127e06d8e79\"},\"breadcrumb\":{\"@id\":\"https:\\\/\\\/kibrisdakik.com\\\/?p=28856#breadcrumb\"},\"inLanguage\":\"tr\",\"potentialAction\":[{\"@type\":\"ReadAction\",\"target\":[\"https:\\\/\\\/kibrisdakik.com\\\/?p=28856\"]}]},{\"@type\":\"ImageObject\",\"inLanguage\":\"tr\",\"@id\":\"https:\\\/\\\/kibrisdakik.com\\\/?p=28856#primaryimage\",\"url\":\"https:\\\/\\\/kibrisdakik.com\\\/wp-content\\\/uploads\\\/2024\\\/02\\\/ritmik-salinim-dans-fotograf-sergisi-yarin-izlenime-aciliyor-1707040981.webp.webp\",\"contentUrl\":\"https:\\\/\\\/kibrisdakik.com\\\/wp-content\\\/uploads\\\/2024\\\/02\\\/ritmik-salinim-dans-fotograf-sergisi-yarin-izlenime-aciliyor-1707040981.webp.webp\",\"width\":710,\"height\":370},{\"@type\":\"BreadcrumbList\",\"@id\":\"https:\\\/\\\/kibrisdakik.com\\\/?p=28856#breadcrumb\",\"itemListElement\":[{\"@type\":\"ListItem\",\"position\":1,\"name\":\"Home\",\"item\":\"https:\\\/\\\/kibrisdakik.com\\\/\"},{\"@type\":\"ListItem\",\"position\":2,\"name\":\"\u201cRitmik Sal\u0131n\u0131m: Dans\u201d foto\u011fraf sergisi yar\u0131n izlenime a\u00e7\u0131l\u0131yor\"}]},{\"@type\":\"WebSite\",\"@id\":\"https:\\\/\\\/kibrisdakik.com\\\/#website\",\"url\":\"https:\\\/\\\/kibrisdakik.com\\\/\",\"name\":\"\",\"description\":\"Tam vaktinde haber\",\"potentialAction\":[{\"@type\":\"SearchAction\",\"target\":{\"@type\":\"EntryPoint\",\"urlTemplate\":\"https:\\\/\\\/kibrisdakik.com\\\/?s={search_term_string}\"},\"query-input\":{\"@type\":\"PropertyValueSpecification\",\"valueRequired\":true,\"valueName\":\"search_term_string\"}}],\"inLanguage\":\"tr\"},{\"@type\":\"Person\",\"@id\":\"https:\\\/\\\/kibrisdakik.com\\\/#\\\/schema\\\/person\\\/9cd9d437bbb44f72b73ba127e06d8e79\",\"name\":\"admin\",\"image\":{\"@type\":\"ImageObject\",\"inLanguage\":\"tr\",\"@id\":\"https:\\\/\\\/secure.gravatar.com\\\/avatar\\\/ccc17943b9d660506c869530f897617f7cb1c21a4bf30023f252596d83e1f007?s=96&d=mm&r=g\",\"url\":\"https:\\\/\\\/secure.gravatar.com\\\/avatar\\\/ccc17943b9d660506c869530f897617f7cb1c21a4bf30023f252596d83e1f007?s=96&d=mm&r=g\",\"contentUrl\":\"https:\\\/\\\/secure.gravatar.com\\\/avatar\\\/ccc17943b9d660506c869530f897617f7cb1c21a4bf30023f252596d83e1f007?s=96&d=mm&r=g\",\"caption\":\"admin\"},\"sameAs\":[\"https:\\\/\\\/kibrisdakik.com\"],\"url\":\"https:\\\/\\\/kibrisdakik.com\\\/?author=1\"}]}<\/script>\n<!-- \/ Yoast SEO plugin. -->","yoast_head_json":{"title":"\u201cRitmik Sal\u0131n\u0131m: Dans\u201d foto\u011fraf sergisi yar\u0131n izlenime a\u00e7\u0131l\u0131yor -","robots":{"index":"index","follow":"follow","max-snippet":"max-snippet:-1","max-image-preview":"max-image-preview:large","max-video-preview":"max-video-preview:-1"},"canonical":"https:\/\/kibrisdakik.com\/?p=28856","og_locale":"tr_TR","og_type":"article","og_title":"\u201cRitmik Sal\u0131n\u0131m: Dans\u201d foto\u011fraf sergisi yar\u0131n izlenime a\u00e7\u0131l\u0131yor -","og_description":"Ahmet Ulubay, Besime Tanul, Duyal T\u00fcz\u00fcn, G\u00f6khan G\u00f6kberk, G\u00fcl\u00e7in Arabulucu Soyal, Mehmet Hoca, P\u0131rlanta Konuksal, Salih Cengaver Cem ve Y\u0131ltan Ta\u015f\u00e7\u0131\u2019n\u0131n foto\u011fraflar\u0131ndan olu\u015fan serginin a\u00e7\u0131l\u0131\u015f\u0131 saat 18.00\u2019de yap\u0131lacak. Elde edilecek t\u00fcm gelirin \u015eampiyon Melekleri Ya\u015fatma Derne\u011fi\u2019ne ba\u011f\u0131\u015flanaca\u011f\u0131 sergi, 9 \u015eubat\u2019a kadar mesai saatleri i\u00e7inde gezilebilecek.","og_url":"https:\/\/kibrisdakik.com\/?p=28856","article_published_time":"2024-02-04T10:41:54+00:00","og_image":[{"width":710,"height":370,"url":"https:\/\/kibrisdakik.com\/wp-content\/uploads\/2024\/02\/ritmik-salinim-dans-fotograf-sergisi-yarin-izlenime-aciliyor-1707040981.webp.webp","type":"image\/webp"}],"author":"admin","twitter_card":"summary_large_image","twitter_misc":{"Yazan:":"admin"},"schema":{"@context":"https:\/\/schema.org","@graph":[{"@type":"Article","@id":"https:\/\/kibrisdakik.com\/?p=28856#article","isPartOf":{"@id":"https:\/\/kibrisdakik.com\/?p=28856"},"author":{"name":"admin","@id":"https:\/\/kibrisdakik.com\/#\/schema\/person\/9cd9d437bbb44f72b73ba127e06d8e79"},"headline":"\u201cRitmik Sal\u0131n\u0131m: Dans\u201d foto\u011fraf sergisi yar\u0131n izlenime a\u00e7\u0131l\u0131yor","datePublished":"2024-02-04T10:41:54+00:00","mainEntityOfPage":{"@id":"https:\/\/kibrisdakik.com\/?p=28856"},"wordCount":80,"commentCount":0,"image":{"@id":"https:\/\/kibrisdakik.com\/?p=28856#primaryimage"},"thumbnailUrl":"https:\/\/kibrisdakik.com\/wp-content\/uploads\/2024\/02\/ritmik-salinim-dans-fotograf-sergisi-yarin-izlenime-aciliyor-1707040981.webp.webp","articleSection":["Spor"],"inLanguage":"tr","potentialAction":[{"@type":"CommentAction","name":"Comment","target":["https:\/\/kibrisdakik.com\/?p=28856#respond"]}]},{"@type":"WebPage","@id":"https:\/\/kibrisdakik.com\/?p=28856","url":"https:\/\/kibrisdakik.com\/?p=28856","name":"\u201cRitmik Sal\u0131n\u0131m: Dans\u201d foto\u011fraf sergisi yar\u0131n izlenime a\u00e7\u0131l\u0131yor -","isPartOf":{"@id":"https:\/\/kibrisdakik.com\/#website"},"primaryImageOfPage":{"@id":"https:\/\/kibrisdakik.com\/?p=28856#primaryimage"},"image":{"@id":"https:\/\/kibrisdakik.com\/?p=28856#primaryimage"},"thumbnailUrl":"https:\/\/kibrisdakik.com\/wp-content\/uploads\/2024\/02\/ritmik-salinim-dans-fotograf-sergisi-yarin-izlenime-aciliyor-1707040981.webp.webp","datePublished":"2024-02-04T10:41:54+00:00","author":{"@id":"https:\/\/kibrisdakik.com\/#\/schema\/person\/9cd9d437bbb44f72b73ba127e06d8e79"},"breadcrumb":{"@id":"https:\/\/kibrisdakik.com\/?p=28856#breadcrumb"},"inLanguage":"tr","potentialAction":[{"@type":"ReadAction","target":["https:\/\/kibrisdakik.com\/?p=28856"]}]},{"@type":"ImageObject","inLanguage":"tr","@id":"https:\/\/kibrisdakik.com\/?p=28856#primaryimage","url":"https:\/\/kibrisdakik.com\/wp-content\/uploads\/2024\/02\/ritmik-salinim-dans-fotograf-sergisi-yarin-izlenime-aciliyor-1707040981.webp.webp","contentUrl":"https:\/\/kibrisdakik.com\/wp-content\/uploads\/2024\/02\/ritmik-salinim-dans-fotograf-sergisi-yarin-izlenime-aciliyor-1707040981.webp.webp","width":710,"height":370},{"@type":"BreadcrumbList","@id":"https:\/\/kibrisdakik.com\/?p=28856#breadcrumb","itemListElement":[{"@type":"ListItem","position":1,"name":"Home","item":"https:\/\/kibrisdakik.com\/"},{"@type":"ListItem","position":2,"name":"\u201cRitmik Sal\u0131n\u0131m: Dans\u201d foto\u011fraf sergisi yar\u0131n izlenime a\u00e7\u0131l\u0131yor"}]},{"@type":"WebSite","@id":"https:\/\/kibrisdakik.com\/#website","url":"https:\/\/kibrisdakik.com\/","name":"","description":"Tam vaktinde haber","potentialAction":[{"@type":"SearchAction","target":{"@type":"EntryPoint","urlTemplate":"https:\/\/kibrisdakik.com\/?s={search_term_string}"},"query-input":{"@type":"PropertyValueSpecification","valueRequired":true,"valueName":"search_term_string"}}],"inLanguage":"tr"},{"@type":"Person","@id":"https:\/\/kibrisdakik.com\/#\/schema\/person\/9cd9d437bbb44f72b73ba127e06d8e79","name":"admin","image":{"@type":"ImageObject","inLanguage":"tr","@id":"https:\/\/secure.gravatar.com\/avatar\/ccc17943b9d660506c869530f897617f7cb1c21a4bf30023f252596d83e1f007?s=96&d=mm&r=g","url":"https:\/\/secure.gravatar.com\/avatar\/ccc17943b9d660506c869530f897617f7cb1c21a4bf30023f252596d83e1f007?s=96&d=mm&r=g","contentUrl":"https:\/\/secure.gravatar.com\/avatar\/ccc17943b9d660506c869530f897617f7cb1c21a4bf30023f252596d83e1f007?s=96&d=mm&r=g","caption":"admin"},"sameAs":["https:\/\/kibrisdakik.com"],"url":"https:\/\/kibrisdakik.com\/?author=1"}]}},"_links":{"self":[{"href":"https:\/\/kibrisdakik.com\/index.php?rest_route=\/wp\/v2\/posts\/28856","targetHints":{"allow":["GET"]}}],"collection":[{"href":"https:\/\/kibrisdakik.com\/index.php?rest_route=\/wp\/v2\/posts"}],"about":[{"href":"https:\/\/kibrisdakik.com\/index.php?rest_route=\/wp\/v2\/types\/post"}],"author":[{"embeddable":true,"href":"https:\/\/kibrisdakik.com\/index.php?rest_route=\/wp\/v2\/users\/1"}],"replies":[{"embeddable":true,"href":"https:\/\/kibrisdakik.com\/index.php?rest_route=%2Fwp%2Fv2%2Fcomments&post=28856"}],"version-history":[{"count":0,"href":"https:\/\/kibrisdakik.com\/index.php?rest_route=\/wp\/v2\/posts\/28856\/revisions"}],"wp:featuredmedia":[{"embeddable":true,"href":"https:\/\/kibrisdakik.com\/index.php?rest_route=\/wp\/v2\/media\/28857"}],"wp:attachment":[{"href":"https:\/\/kibrisdakik.com\/index.php?rest_route=%2Fwp%2Fv2%2Fmedia&parent=28856"}],"wp:term":[{"taxonomy":"category","embeddable":true,"href":"https:\/\/kibrisdakik.com\/index.php?rest_route=%2Fwp%2Fv2%2Fcategories&post=28856"},{"taxonomy":"post_tag","embeddable":true,"href":"https:\/\/kibrisdakik.com\/index.php?rest_route=%2Fwp%2Fv2%2Ftags&post=28856"}],"curies":[{"name":"wp","href":"https:\/\/api.w.org\/{rel}","templated":true}]}}