{"id":28874,"date":"2024-02-04T15:59:58","date_gmt":"2024-02-04T15:59:58","guid":{"rendered":"https:\/\/kibrisdakik.com\/index.php\/2024\/02\/04\/mhp-lideri-devlet-bahceli-31-martta-turkiye-yuzyili-yuruyusu-pekisecek\/"},"modified":"2024-02-04T15:59:58","modified_gmt":"2024-02-04T15:59:58","slug":"mhp-lideri-devlet-bahceli-31-martta-turkiye-yuzyili-yuruyusu-pekisecek","status":"publish","type":"post","link":"https:\/\/kibrisdakik.com\/?p=28874","title":{"rendered":"MHP lideri Devlet Bah\u00e7eli: 31 Mart&#039;ta T\u00fcrkiye Y\u00fczy\u0131l\u0131 y\u00fcr\u00fcy\u00fc\u015f\u00fc peki\u015fecek"},"content":{"rendered":"<p><img decoding=\"async\" src=\"https:\/\/www.kibristurk.com\/images\/haberler\/2024\/02\/mhp-lideri-devlet-bahceli-31-martta-turkiye-yuzyili-yuruyusu-pekisecek-1707060441.webp\" \/><\/p>\n<p>MHP lideri Devlet Bah\u00e7eli&#8217;nin konu\u015fmas\u0131ndan sat\u0131r ba\u015flar\u0131 \u015f\u00f6yle:<\/p>\n<p>Mahalli idareler se\u00e7imlerine 54 g\u00fcn kala sizlerleyiz. Kalbimiz Manisa ile bir \u00e7arp\u0131yor. 31 Mart se\u00e7imlerinin \u00fclkemize, milletimize, Manisa&#8217;m\u0131za, milli birlik ve karde\u015fli\u011fimize vesile olmas\u0131n\u0131 Allah&#8217;tan niyaz ediyorum.<\/p>\n<p>2019&#8217;da beka i\u00e7in milli karar \u00e7a\u011fr\u0131s\u0131 yapm\u0131\u015ft\u0131m. Manisa&#8217;n\u0131n ehline emanet edilece\u011fini s\u00f6ylemi\u015ftim; hamdolsun Manisa ehline emanet edildi. Manisa yan\u0131m\u0131zda durdu. Manisa&#8217;y\u0131 hizmetle kucaklad\u0131k.&nbsp;Manisa tarihimizin canl\u0131 \u015fahididir. Devlet y\u00f6netiminin ilk dura\u011f\u0131d\u0131r. 16 \u015fehzade Manisa&#8217;da sancak beyli\u011fi yapm\u0131\u015ft\u0131r. \u0130mparatorluk \u00e7\u0131nar\u0131n\u0131n k\u00f6k\u00fc Manisa&#8217;dan sulanm\u0131\u015f, milli m\u00fccadele zaferi Manisa&#8217;da k\u00f6r\u00fcklenmi\u015ftir. T\u00fcrkiye Cumhuriyeti&#8217;nin 100. y\u0131l d\u00f6n\u00fcm\u00fc sizlerin deste\u011fi ile ta\u00e7land\u0131. Cumhurba\u015fkanl\u0131\u011f\u0131 se\u00e7imlerinde korkuluklar y\u0131k\u0131ld\u0131.<br \/>\n&nbsp;<\/p>\n<p>8 ay \u00f6nce yine Manisa&#8217;ya sahip \u00e7\u0131k\u0131p sa\u011flam iradeyi se\u00e7erek &#8220;istikrar s\u00fcrs\u00fcn T\u00fcrkiye b\u00fcy\u00fcs\u00fcn&#8221; tercihinde bulundunuz. 31 Mart&#8217;ta da yerel se\u00e7imlerde de inan\u0131yorum ki Manisa yine sevdal\u0131lar\u0131na kuca\u011f\u0131n\u0131 a\u00e7acakt\u0131r. Varl\u0131\u011f\u0131na ve birli\u011fine ipotek koydurmayacakt\u0131r.<\/p>\n<p>31 Mart&#8217;ta sand\u0131\u011fa gidecek misiniz, sand\u0131\u011fa sahip \u00e7\u0131kacak m\u0131s\u0131n\u0131z, gelece\u011finize sahip \u00e7\u0131kacak m\u0131s\u0131n\u0131z, huzurunuza sahip \u00e7\u0131kacak m\u0131s\u0131n\u0131z, Cumhur \u0130ttifak\u0131&#8217;na destek \u00e7\u0131kacak m\u0131s\u0131n\u0131z? Madem evet diyorsunuz, say\u0131n Cengiz Erg\u00fcn&#8217;\u00fc bir kez daha iradenize emanet ediyorum.<\/p>\n<p>Manisa&#8217;da demlenmi\u015f siyasi eylemcilere m\u00fcsaade yoktur. Manisa&#8217;n\u0131n tamam\u0131n\u0131n hizmetine talibiz.&nbsp;<\/p>\n<p>Belediye adaylar\u0131m\u0131z\u0131n alay\u0131n\u0131 birden sizlerin onay\u0131na sunuyorum. Soruyorum sizlere; vakti geldi\u011finde sand\u0131\u011fa gidince Cumhur \u0130ttifak\u0131&#8217;na destek verecek misiniz? De\u011ferli adaylar\u0131m\u0131za oy verecek misiniz?<\/p>\n<p>31 Mart&#8217;ta bir miyiz, beraber miyiz, Cumhur \u0130ttifak\u0131&#8217;n\u0131 y\u00fckseltiyor muyuz, belediye adaylar\u0131m\u0131z\u0131n arkas\u0131nda duruyor muyuz?<\/p>\n<p>Entrika siyaseti ile hizmet siyasetini ayn\u0131 kal\u0131ba sokamay\u0131z. MHP&nbsp;olarak amac\u0131m\u0131z vatanda\u015flar\u0131m\u0131za m\u00fcreffeh hayat sunmak. B\u00f6l\u00fcc\u00fclerle demlenip Manisa&#8217;n\u0131n \u00f6n\u00fcn\u00fc kesmeye \u00e7al\u0131\u015fanlar\u0131n her t\u00fcrl\u00fc \u00e7irkefli\u011fi yapt\u0131\u011f\u0131n\u0131 g\u00f6r\u00fcyor omurgalar\u0131n\u0131 k\u0131rmak i\u00e7in Kuvay\u0131 Milliye ruhuyla direniyoruz. Maksad\u0131m\u0131z T\u00fcrk ve T\u00fcrkiye y\u00fczy\u0131l\u0131 hedeflerini ger\u00e7ekle\u015ftirmektir.<\/p>\n","protected":false},"excerpt":{"rendered":"<p>MHP lideri Devlet Bah\u00e7eli&#8217;nin konu\u015fmas\u0131ndan sat\u0131r ba\u015flar\u0131 \u015f\u00f6yle: Mahalli idareler se\u00e7imlerine 54 g\u00fcn kala sizlerleyiz. Kalbimiz Manisa ile bir \u00e7arp\u0131yor. 31 Mart se\u00e7imlerinin \u00fclkemize, milletimize, Manisa&#8217;m\u0131za, milli birlik ve karde\u015fli\u011fimize vesile olmas\u0131n\u0131 Allah&#8217;tan niyaz ediyorum. 2019&#8217;da beka i\u00e7in milli karar \u00e7a\u011fr\u0131s\u0131 yapm\u0131\u015ft\u0131m. Manisa&#8217;n\u0131n ehline emanet edilece\u011fini s\u00f6ylemi\u015ftim; hamdolsun Manisa ehline emanet edildi. Manisa yan\u0131m\u0131zda durdu.<\/p>\n","protected":false},"author":1,"featured_media":28875,"comment_status":"open","ping_status":"open","sticky":false,"template":"","format":"standard","meta":{"footnotes":""},"categories":[79],"tags":[],"class_list":["post-28874","post","type-post","status-publish","format-standard","has-post-thumbnail","hentry","category-ekonomi"],"yoast_head":"<!-- This site is optimized with the Yoast SEO plugin v27.4 - https:\/\/yoast.com\/product\/yoast-seo-wordpress\/ -->\n<title>MHP lideri Devlet Bah\u00e7eli: 31 Mart&#039;ta T\u00fcrkiye Y\u00fczy\u0131l\u0131 y\u00fcr\u00fcy\u00fc\u015f\u00fc peki\u015fecek -<\/title>\n<meta name=\"robots\" content=\"index, follow, max-snippet:-1, max-image-preview:large, max-video-preview:-1\" \/>\n<link rel=\"canonical\" href=\"https:\/\/kibrisdakik.com\/?p=28874\" \/>\n<meta property=\"og:locale\" content=\"tr_TR\" \/>\n<meta property=\"og:type\" content=\"article\" \/>\n<meta property=\"og:title\" content=\"MHP lideri Devlet Bah\u00e7eli: 31 Mart&#039;ta T\u00fcrkiye Y\u00fczy\u0131l\u0131 y\u00fcr\u00fcy\u00fc\u015f\u00fc peki\u015fecek -\" \/>\n<meta property=\"og:description\" content=\"MHP lideri Devlet Bah\u00e7eli&#8217;nin konu\u015fmas\u0131ndan sat\u0131r ba\u015flar\u0131 \u015f\u00f6yle: Mahalli idareler se\u00e7imlerine 54 g\u00fcn kala sizlerleyiz. Kalbimiz Manisa ile bir \u00e7arp\u0131yor. 31 Mart se\u00e7imlerinin \u00fclkemize, milletimize, Manisa&#8217;m\u0131za, milli birlik ve karde\u015fli\u011fimize vesile olmas\u0131n\u0131 Allah&#8217;tan niyaz ediyorum. 2019&#8217;da beka i\u00e7in milli karar \u00e7a\u011fr\u0131s\u0131 yapm\u0131\u015ft\u0131m. Manisa&#8217;n\u0131n ehline emanet edilece\u011fini s\u00f6ylemi\u015ftim; hamdolsun Manisa ehline emanet edildi. Manisa yan\u0131m\u0131zda durdu.\" \/>\n<meta property=\"og:url\" content=\"https:\/\/kibrisdakik.com\/?p=28874\" \/>\n<meta property=\"article:published_time\" content=\"2024-02-04T15:59:58+00:00\" \/>\n<meta property=\"og:image\" content=\"https:\/\/kibrisdakik.com\/wp-content\/uploads\/2024\/02\/mhp-lideri-devlet-bahceli-31-martta-turkiye-yuzyili-yuruyusu-pekisecek-1707060441.webp.webp\" \/>\n\t<meta property=\"og:image:width\" content=\"710\" \/>\n\t<meta property=\"og:image:height\" content=\"370\" \/>\n\t<meta property=\"og:image:type\" content=\"image\/webp\" \/>\n<meta name=\"author\" content=\"admin\" \/>\n<meta name=\"twitter:card\" content=\"summary_large_image\" \/>\n<meta name=\"twitter:label1\" content=\"Yazan:\" \/>\n\t<meta name=\"twitter:data1\" content=\"admin\" \/>\n\t<meta name=\"twitter:label2\" content=\"Tahmini okuma s\u00fcresi\" \/>\n\t<meta name=\"twitter:data2\" content=\"2 dakika\" \/>\n<script type=\"application\/ld+json\" class=\"yoast-schema-graph\">{\"@context\":\"https:\\\/\\\/schema.org\",\"@graph\":[{\"@type\":\"Article\",\"@id\":\"https:\\\/\\\/kibrisdakik.com\\\/?p=28874#article\",\"isPartOf\":{\"@id\":\"https:\\\/\\\/kibrisdakik.com\\\/?p=28874\"},\"author\":{\"name\":\"admin\",\"@id\":\"https:\\\/\\\/kibrisdakik.com\\\/#\\\/schema\\\/person\\\/9cd9d437bbb44f72b73ba127e06d8e79\"},\"headline\":\"MHP lideri Devlet Bah\u00e7eli: 31 Mart&#039;ta T\u00fcrkiye Y\u00fczy\u0131l\u0131 y\u00fcr\u00fcy\u00fc\u015f\u00fc peki\u015fecek\",\"datePublished\":\"2024-02-04T15:59:58+00:00\",\"mainEntityOfPage\":{\"@id\":\"https:\\\/\\\/kibrisdakik.com\\\/?p=28874\"},\"wordCount\":401,\"commentCount\":0,\"image\":{\"@id\":\"https:\\\/\\\/kibrisdakik.com\\\/?p=28874#primaryimage\"},\"thumbnailUrl\":\"https:\\\/\\\/kibrisdakik.com\\\/wp-content\\\/uploads\\\/2024\\\/02\\\/mhp-lideri-devlet-bahceli-31-martta-turkiye-yuzyili-yuruyusu-pekisecek-1707060441.webp.webp\",\"articleSection\":[\"Ekonomi\"],\"inLanguage\":\"tr\",\"potentialAction\":[{\"@type\":\"CommentAction\",\"name\":\"Comment\",\"target\":[\"https:\\\/\\\/kibrisdakik.com\\\/?p=28874#respond\"]}]},{\"@type\":\"WebPage\",\"@id\":\"https:\\\/\\\/kibrisdakik.com\\\/?p=28874\",\"url\":\"https:\\\/\\\/kibrisdakik.com\\\/?p=28874\",\"name\":\"MHP lideri Devlet Bah\u00e7eli: 31 Mart&#039;ta T\u00fcrkiye Y\u00fczy\u0131l\u0131 y\u00fcr\u00fcy\u00fc\u015f\u00fc peki\u015fecek -\",\"isPartOf\":{\"@id\":\"https:\\\/\\\/kibrisdakik.com\\\/#website\"},\"primaryImageOfPage\":{\"@id\":\"https:\\\/\\\/kibrisdakik.com\\\/?p=28874#primaryimage\"},\"image\":{\"@id\":\"https:\\\/\\\/kibrisdakik.com\\\/?p=28874#primaryimage\"},\"thumbnailUrl\":\"https:\\\/\\\/kibrisdakik.com\\\/wp-content\\\/uploads\\\/2024\\\/02\\\/mhp-lideri-devlet-bahceli-31-martta-turkiye-yuzyili-yuruyusu-pekisecek-1707060441.webp.webp\",\"datePublished\":\"2024-02-04T15:59:58+00:00\",\"author\":{\"@id\":\"https:\\\/\\\/kibrisdakik.com\\\/#\\\/schema\\\/person\\\/9cd9d437bbb44f72b73ba127e06d8e79\"},\"breadcrumb\":{\"@id\":\"https:\\\/\\\/kibrisdakik.com\\\/?p=28874#breadcrumb\"},\"inLanguage\":\"tr\",\"potentialAction\":[{\"@type\":\"ReadAction\",\"target\":[\"https:\\\/\\\/kibrisdakik.com\\\/?p=28874\"]}]},{\"@type\":\"ImageObject\",\"inLanguage\":\"tr\",\"@id\":\"https:\\\/\\\/kibrisdakik.com\\\/?p=28874#primaryimage\",\"url\":\"https:\\\/\\\/kibrisdakik.com\\\/wp-content\\\/uploads\\\/2024\\\/02\\\/mhp-lideri-devlet-bahceli-31-martta-turkiye-yuzyili-yuruyusu-pekisecek-1707060441.webp.webp\",\"contentUrl\":\"https:\\\/\\\/kibrisdakik.com\\\/wp-content\\\/uploads\\\/2024\\\/02\\\/mhp-lideri-devlet-bahceli-31-martta-turkiye-yuzyili-yuruyusu-pekisecek-1707060441.webp.webp\",\"width\":710,\"height\":370},{\"@type\":\"BreadcrumbList\",\"@id\":\"https:\\\/\\\/kibrisdakik.com\\\/?p=28874#breadcrumb\",\"itemListElement\":[{\"@type\":\"ListItem\",\"position\":1,\"name\":\"Home\",\"item\":\"https:\\\/\\\/kibrisdakik.com\\\/\"},{\"@type\":\"ListItem\",\"position\":2,\"name\":\"MHP lideri Devlet Bah\u00e7eli: 31 Mart&#039;ta T\u00fcrkiye Y\u00fczy\u0131l\u0131 y\u00fcr\u00fcy\u00fc\u015f\u00fc peki\u015fecek\"}]},{\"@type\":\"WebSite\",\"@id\":\"https:\\\/\\\/kibrisdakik.com\\\/#website\",\"url\":\"https:\\\/\\\/kibrisdakik.com\\\/\",\"name\":\"\",\"description\":\"Tam vaktinde haber\",\"potentialAction\":[{\"@type\":\"SearchAction\",\"target\":{\"@type\":\"EntryPoint\",\"urlTemplate\":\"https:\\\/\\\/kibrisdakik.com\\\/?s={search_term_string}\"},\"query-input\":{\"@type\":\"PropertyValueSpecification\",\"valueRequired\":true,\"valueName\":\"search_term_string\"}}],\"inLanguage\":\"tr\"},{\"@type\":\"Person\",\"@id\":\"https:\\\/\\\/kibrisdakik.com\\\/#\\\/schema\\\/person\\\/9cd9d437bbb44f72b73ba127e06d8e79\",\"name\":\"admin\",\"image\":{\"@type\":\"ImageObject\",\"inLanguage\":\"tr\",\"@id\":\"https:\\\/\\\/secure.gravatar.com\\\/avatar\\\/ccc17943b9d660506c869530f897617f7cb1c21a4bf30023f252596d83e1f007?s=96&d=mm&r=g\",\"url\":\"https:\\\/\\\/secure.gravatar.com\\\/avatar\\\/ccc17943b9d660506c869530f897617f7cb1c21a4bf30023f252596d83e1f007?s=96&d=mm&r=g\",\"contentUrl\":\"https:\\\/\\\/secure.gravatar.com\\\/avatar\\\/ccc17943b9d660506c869530f897617f7cb1c21a4bf30023f252596d83e1f007?s=96&d=mm&r=g\",\"caption\":\"admin\"},\"sameAs\":[\"https:\\\/\\\/kibrisdakik.com\"],\"url\":\"https:\\\/\\\/kibrisdakik.com\\\/?author=1\"}]}<\/script>\n<!-- \/ Yoast SEO plugin. -->","yoast_head_json":{"title":"MHP lideri Devlet Bah\u00e7eli: 31 Mart&#039;ta T\u00fcrkiye Y\u00fczy\u0131l\u0131 y\u00fcr\u00fcy\u00fc\u015f\u00fc peki\u015fecek -","robots":{"index":"index","follow":"follow","max-snippet":"max-snippet:-1","max-image-preview":"max-image-preview:large","max-video-preview":"max-video-preview:-1"},"canonical":"https:\/\/kibrisdakik.com\/?p=28874","og_locale":"tr_TR","og_type":"article","og_title":"MHP lideri Devlet Bah\u00e7eli: 31 Mart&#039;ta T\u00fcrkiye Y\u00fczy\u0131l\u0131 y\u00fcr\u00fcy\u00fc\u015f\u00fc peki\u015fecek -","og_description":"MHP lideri Devlet Bah\u00e7eli&#8217;nin konu\u015fmas\u0131ndan sat\u0131r ba\u015flar\u0131 \u015f\u00f6yle: Mahalli idareler se\u00e7imlerine 54 g\u00fcn kala sizlerleyiz. Kalbimiz Manisa ile bir \u00e7arp\u0131yor. 31 Mart se\u00e7imlerinin \u00fclkemize, milletimize, Manisa&#8217;m\u0131za, milli birlik ve karde\u015fli\u011fimize vesile olmas\u0131n\u0131 Allah&#8217;tan niyaz ediyorum. 2019&#8217;da beka i\u00e7in milli karar \u00e7a\u011fr\u0131s\u0131 yapm\u0131\u015ft\u0131m. Manisa&#8217;n\u0131n ehline emanet edilece\u011fini s\u00f6ylemi\u015ftim; hamdolsun Manisa ehline emanet edildi. Manisa yan\u0131m\u0131zda durdu.","og_url":"https:\/\/kibrisdakik.com\/?p=28874","article_published_time":"2024-02-04T15:59:58+00:00","og_image":[{"width":710,"height":370,"url":"https:\/\/kibrisdakik.com\/wp-content\/uploads\/2024\/02\/mhp-lideri-devlet-bahceli-31-martta-turkiye-yuzyili-yuruyusu-pekisecek-1707060441.webp.webp","type":"image\/webp"}],"author":"admin","twitter_card":"summary_large_image","twitter_misc":{"Yazan:":"admin","Tahmini okuma s\u00fcresi":"2 dakika"},"schema":{"@context":"https:\/\/schema.org","@graph":[{"@type":"Article","@id":"https:\/\/kibrisdakik.com\/?p=28874#article","isPartOf":{"@id":"https:\/\/kibrisdakik.com\/?p=28874"},"author":{"name":"admin","@id":"https:\/\/kibrisdakik.com\/#\/schema\/person\/9cd9d437bbb44f72b73ba127e06d8e79"},"headline":"MHP lideri Devlet Bah\u00e7eli: 31 Mart&#039;ta T\u00fcrkiye Y\u00fczy\u0131l\u0131 y\u00fcr\u00fcy\u00fc\u015f\u00fc peki\u015fecek","datePublished":"2024-02-04T15:59:58+00:00","mainEntityOfPage":{"@id":"https:\/\/kibrisdakik.com\/?p=28874"},"wordCount":401,"commentCount":0,"image":{"@id":"https:\/\/kibrisdakik.com\/?p=28874#primaryimage"},"thumbnailUrl":"https:\/\/kibrisdakik.com\/wp-content\/uploads\/2024\/02\/mhp-lideri-devlet-bahceli-31-martta-turkiye-yuzyili-yuruyusu-pekisecek-1707060441.webp.webp","articleSection":["Ekonomi"],"inLanguage":"tr","potentialAction":[{"@type":"CommentAction","name":"Comment","target":["https:\/\/kibrisdakik.com\/?p=28874#respond"]}]},{"@type":"WebPage","@id":"https:\/\/kibrisdakik.com\/?p=28874","url":"https:\/\/kibrisdakik.com\/?p=28874","name":"MHP lideri Devlet Bah\u00e7eli: 31 Mart&#039;ta T\u00fcrkiye Y\u00fczy\u0131l\u0131 y\u00fcr\u00fcy\u00fc\u015f\u00fc peki\u015fecek -","isPartOf":{"@id":"https:\/\/kibrisdakik.com\/#website"},"primaryImageOfPage":{"@id":"https:\/\/kibrisdakik.com\/?p=28874#primaryimage"},"image":{"@id":"https:\/\/kibrisdakik.com\/?p=28874#primaryimage"},"thumbnailUrl":"https:\/\/kibrisdakik.com\/wp-content\/uploads\/2024\/02\/mhp-lideri-devlet-bahceli-31-martta-turkiye-yuzyili-yuruyusu-pekisecek-1707060441.webp.webp","datePublished":"2024-02-04T15:59:58+00:00","author":{"@id":"https:\/\/kibrisdakik.com\/#\/schema\/person\/9cd9d437bbb44f72b73ba127e06d8e79"},"breadcrumb":{"@id":"https:\/\/kibrisdakik.com\/?p=28874#breadcrumb"},"inLanguage":"tr","potentialAction":[{"@type":"ReadAction","target":["https:\/\/kibrisdakik.com\/?p=28874"]}]},{"@type":"ImageObject","inLanguage":"tr","@id":"https:\/\/kibrisdakik.com\/?p=28874#primaryimage","url":"https:\/\/kibrisdakik.com\/wp-content\/uploads\/2024\/02\/mhp-lideri-devlet-bahceli-31-martta-turkiye-yuzyili-yuruyusu-pekisecek-1707060441.webp.webp","contentUrl":"https:\/\/kibrisdakik.com\/wp-content\/uploads\/2024\/02\/mhp-lideri-devlet-bahceli-31-martta-turkiye-yuzyili-yuruyusu-pekisecek-1707060441.webp.webp","width":710,"height":370},{"@type":"BreadcrumbList","@id":"https:\/\/kibrisdakik.com\/?p=28874#breadcrumb","itemListElement":[{"@type":"ListItem","position":1,"name":"Home","item":"https:\/\/kibrisdakik.com\/"},{"@type":"ListItem","position":2,"name":"MHP lideri Devlet Bah\u00e7eli: 31 Mart&#039;ta T\u00fcrkiye Y\u00fczy\u0131l\u0131 y\u00fcr\u00fcy\u00fc\u015f\u00fc peki\u015fecek"}]},{"@type":"WebSite","@id":"https:\/\/kibrisdakik.com\/#website","url":"https:\/\/kibrisdakik.com\/","name":"","description":"Tam vaktinde haber","potentialAction":[{"@type":"SearchAction","target":{"@type":"EntryPoint","urlTemplate":"https:\/\/kibrisdakik.com\/?s={search_term_string}"},"query-input":{"@type":"PropertyValueSpecification","valueRequired":true,"valueName":"search_term_string"}}],"inLanguage":"tr"},{"@type":"Person","@id":"https:\/\/kibrisdakik.com\/#\/schema\/person\/9cd9d437bbb44f72b73ba127e06d8e79","name":"admin","image":{"@type":"ImageObject","inLanguage":"tr","@id":"https:\/\/secure.gravatar.com\/avatar\/ccc17943b9d660506c869530f897617f7cb1c21a4bf30023f252596d83e1f007?s=96&d=mm&r=g","url":"https:\/\/secure.gravatar.com\/avatar\/ccc17943b9d660506c869530f897617f7cb1c21a4bf30023f252596d83e1f007?s=96&d=mm&r=g","contentUrl":"https:\/\/secure.gravatar.com\/avatar\/ccc17943b9d660506c869530f897617f7cb1c21a4bf30023f252596d83e1f007?s=96&d=mm&r=g","caption":"admin"},"sameAs":["https:\/\/kibrisdakik.com"],"url":"https:\/\/kibrisdakik.com\/?author=1"}]}},"_links":{"self":[{"href":"https:\/\/kibrisdakik.com\/index.php?rest_route=\/wp\/v2\/posts\/28874","targetHints":{"allow":["GET"]}}],"collection":[{"href":"https:\/\/kibrisdakik.com\/index.php?rest_route=\/wp\/v2\/posts"}],"about":[{"href":"https:\/\/kibrisdakik.com\/index.php?rest_route=\/wp\/v2\/types\/post"}],"author":[{"embeddable":true,"href":"https:\/\/kibrisdakik.com\/index.php?rest_route=\/wp\/v2\/users\/1"}],"replies":[{"embeddable":true,"href":"https:\/\/kibrisdakik.com\/index.php?rest_route=%2Fwp%2Fv2%2Fcomments&post=28874"}],"version-history":[{"count":0,"href":"https:\/\/kibrisdakik.com\/index.php?rest_route=\/wp\/v2\/posts\/28874\/revisions"}],"wp:featuredmedia":[{"embeddable":true,"href":"https:\/\/kibrisdakik.com\/index.php?rest_route=\/wp\/v2\/media\/28875"}],"wp:attachment":[{"href":"https:\/\/kibrisdakik.com\/index.php?rest_route=%2Fwp%2Fv2%2Fmedia&parent=28874"}],"wp:term":[{"taxonomy":"category","embeddable":true,"href":"https:\/\/kibrisdakik.com\/index.php?rest_route=%2Fwp%2Fv2%2Fcategories&post=28874"},{"taxonomy":"post_tag","embeddable":true,"href":"https:\/\/kibrisdakik.com\/index.php?rest_route=%2Fwp%2Fv2%2Ftags&post=28874"}],"curies":[{"name":"wp","href":"https:\/\/api.w.org\/{rel}","templated":true}]}}