{"id":28996,"date":"2024-02-05T17:35:29","date_gmt":"2024-02-05T17:35:29","guid":{"rendered":"https:\/\/kibrisdakik.com\/index.php\/2024\/02\/05\/oguz-adaletin-saglanmasi-icin-elimizden-geleni-yapacagiz\/"},"modified":"2024-02-05T17:35:29","modified_gmt":"2024-02-05T17:35:29","slug":"oguz-adaletin-saglanmasi-icin-elimizden-geleni-yapacagiz","status":"publish","type":"post","link":"https:\/\/kibrisdakik.com\/?p=28996","title":{"rendered":"O\u011fuz: \u201cAdaletin sa\u011flanmas\u0131 i\u00e7in elimizden geleni yapaca\u011f\u0131z\u201d"},"content":{"rendered":"<p><img decoding=\"async\" src=\"https:\/\/www.kibristurk.com\/images\/haberler\/2024\/02\/oguz-adaletin-saglanmasi-icin-elimizden-geleni-yapacagiz-1707151696.webp\" \/><\/p>\n<p style=\"text-align:left\"><span style=\"font-size:16px\"><span style=\"font-family:Merriweather,serif !important\"><span style=\"color:#000000\"><span style=\"background-color:#ffffff\">O\u011fuz, ya\u015fan\u0131lan tarifsiz ac\u0131lar\u0131n taze ve can yak\u0131c\u0131 bir \u015fekilde t\u00fcm K\u0131br\u0131s T\u00fcrk halk\u0131n\u0131n i\u00e7inde oldu\u011funu kaydetti.<\/span><\/span><\/span><\/span><\/p>\n<p style=\"text-align:left\"><span style=\"font-size:16px\"><span style=\"font-family:Merriweather,serif !important\"><span style=\"color:#000000\"><span style=\"background-color:#ffffff\">&nbsp;<\/span><\/span><\/span><\/span><\/p>\n<p style=\"text-align:left\"><span style=\"font-size:16px\"><span style=\"font-family:Merriweather,serif !important\"><span style=\"color:#000000\"><span style=\"background-color:#ffffff\">Dursun O\u011fuz, \u201cDeprem felaketinde 50 binden fazla insan\u0131yla birlikte K\u0131br\u0131s T\u00fcrk halk\u0131 olarak \u015eampiyon meleklerimizi, dostlar\u0131m\u0131z\u0131 ve arkada\u015flar\u0131m\u0131z\u0131 kaybettik. Ac\u0131m\u0131z\u0131n hafiflemesi m\u00fcmk\u00fcn de\u011fil \u00e7\u00fcnk\u00fc tarih boyunca \u00fclkemizde ya\u015fanan sava\u015flarda bile bu kadar \u00e7ok can kayb\u0131 ya\u015famad\u0131k. \u00dclkemizin gelece\u011fini in\u015fa edecek, umut vaat eden \u00e7ocuklar\u0131m\u0131z\u0131, insan eliyle yap\u0131lm\u0131\u015f binalar\u0131n alt\u0131nda kaybettik. Binlerce can, binlerce y\u00fcrek, dakikalar i\u00e7inde yok oldu, hayatlar son buldu, ailelerin evlerine ate\u015fler d\u00fc\u015ft\u00fc.\u201d dedi.<\/span><\/span><\/span><\/span><\/p>\n<p style=\"text-align:left\"><span style=\"font-size:16px\"><span style=\"font-family:Merriweather,serif !important\"><span style=\"color:#000000\"><span style=\"background-color:#ffffff\">&nbsp;<\/span><\/span><\/span><\/span><\/p>\n<p style=\"text-align:left\"><span style=\"font-size:16px\"><span style=\"font-family:Merriweather,serif !important\"><span style=\"color:#000000\"><span style=\"background-color:#ffffff\">O\u011fuz, t\u00fcm sorumlular\u0131n yarg\u0131lanmas\u0131 i\u00e7in adalet m\u00fccadelesinin devam etti\u011fini ve su\u00e7lular\u0131n \u2018olas\u0131 kast\u2019ile yarg\u0131lanarak hak ettikleri cezay\u0131 bulmalar\u0131 i\u00e7in canla ba\u015fla \u00e7al\u0131\u015fmaya devam edeceklerini belirtti.<\/span><\/span><\/span><\/span><\/p>\n<p style=\"text-align:left\"><span style=\"font-size:16px\"><span style=\"font-family:Merriweather,serif !important\"><span style=\"color:#000000\"><span style=\"background-color:#ffffff\">&nbsp;<\/span><\/span><\/span><\/span><\/p>\n<p style=\"text-align:left\"><span style=\"font-size:16px\"><span style=\"font-family:Merriweather,serif !important\"><span style=\"color:#000000\"><span style=\"background-color:#ffffff\">Dursun O\u011fuz, \u201cDepremde ya\u015famlar\u0131n\u0131 yitiren t\u00fcm canlara Allah&#8217;tan rahmet diliyor, yasl\u0131 ailelerine ba\u015fsa\u011fl\u0131\u011f\u0131 dileklerimi iletiyorum. Ac\u0131m\u0131z b\u00fcy\u00fck, kay\u0131plar\u0131m\u0131z\u0131 hi\u00e7bir zaman unutmayaca\u011f\u0131z, unutturmayaca\u011f\u0131z; adaletin sa\u011flanmas\u0131 i\u00e7in elimizden geleni yapaca\u011f\u0131z\u201d \u015feklinde konu\u015ftu.<\/span><\/span><\/span><\/span><\/p>\n","protected":false},"excerpt":{"rendered":"<p>O\u011fuz, ya\u015fan\u0131lan tarifsiz ac\u0131lar\u0131n taze ve can yak\u0131c\u0131 bir \u015fekilde t\u00fcm K\u0131br\u0131s T\u00fcrk halk\u0131n\u0131n i\u00e7inde oldu\u011funu kaydetti. &nbsp; Dursun O\u011fuz, \u201cDeprem felaketinde 50 binden fazla insan\u0131yla birlikte K\u0131br\u0131s T\u00fcrk halk\u0131 olarak \u015eampiyon meleklerimizi, dostlar\u0131m\u0131z\u0131 ve arkada\u015flar\u0131m\u0131z\u0131 kaybettik. Ac\u0131m\u0131z\u0131n hafiflemesi m\u00fcmk\u00fcn de\u011fil \u00e7\u00fcnk\u00fc tarih boyunca \u00fclkemizde ya\u015fanan sava\u015flarda bile bu kadar \u00e7ok can kayb\u0131 ya\u015famad\u0131k. \u00dclkemizin<\/p>\n","protected":false},"author":1,"featured_media":28997,"comment_status":"open","ping_status":"open","sticky":false,"template":"","format":"standard","meta":{"footnotes":""},"categories":[1],"tags":[],"class_list":["post-28996","post","type-post","status-publish","format-standard","has-post-thumbnail","hentry","category-gundem"],"yoast_head":"<!-- This site is optimized with the Yoast SEO plugin v27.4 - https:\/\/yoast.com\/product\/yoast-seo-wordpress\/ -->\n<title>O\u011fuz: \u201cAdaletin sa\u011flanmas\u0131 i\u00e7in elimizden geleni yapaca\u011f\u0131z\u201d -<\/title>\n<meta name=\"robots\" content=\"index, follow, max-snippet:-1, max-image-preview:large, max-video-preview:-1\" \/>\n<link rel=\"canonical\" href=\"https:\/\/kibrisdakik.com\/?p=28996\" \/>\n<meta property=\"og:locale\" content=\"tr_TR\" \/>\n<meta property=\"og:type\" content=\"article\" \/>\n<meta property=\"og:title\" content=\"O\u011fuz: \u201cAdaletin sa\u011flanmas\u0131 i\u00e7in elimizden geleni yapaca\u011f\u0131z\u201d -\" \/>\n<meta property=\"og:description\" content=\"O\u011fuz, ya\u015fan\u0131lan tarifsiz ac\u0131lar\u0131n taze ve can yak\u0131c\u0131 bir \u015fekilde t\u00fcm K\u0131br\u0131s T\u00fcrk halk\u0131n\u0131n i\u00e7inde oldu\u011funu kaydetti. &nbsp; Dursun O\u011fuz, \u201cDeprem felaketinde 50 binden fazla insan\u0131yla birlikte K\u0131br\u0131s T\u00fcrk halk\u0131 olarak \u015eampiyon meleklerimizi, dostlar\u0131m\u0131z\u0131 ve arkada\u015flar\u0131m\u0131z\u0131 kaybettik. Ac\u0131m\u0131z\u0131n hafiflemesi m\u00fcmk\u00fcn de\u011fil \u00e7\u00fcnk\u00fc tarih boyunca \u00fclkemizde ya\u015fanan sava\u015flarda bile bu kadar \u00e7ok can kayb\u0131 ya\u015famad\u0131k. \u00dclkemizin\" \/>\n<meta property=\"og:url\" content=\"https:\/\/kibrisdakik.com\/?p=28996\" \/>\n<meta property=\"article:published_time\" content=\"2024-02-05T17:35:29+00:00\" \/>\n<meta property=\"og:image\" content=\"https:\/\/kibrisdakik.com\/wp-content\/uploads\/2024\/02\/oguz-adaletin-saglanmasi-icin-elimizden-geleni-yapacagiz-1707151696.webp.webp\" \/>\n\t<meta property=\"og:image:width\" content=\"710\" \/>\n\t<meta property=\"og:image:height\" content=\"370\" \/>\n\t<meta property=\"og:image:type\" content=\"image\/webp\" \/>\n<meta name=\"author\" content=\"admin\" \/>\n<meta name=\"twitter:card\" content=\"summary_large_image\" \/>\n<meta name=\"twitter:label1\" content=\"Yazan:\" \/>\n\t<meta name=\"twitter:data1\" content=\"admin\" \/>\n\t<meta name=\"twitter:label2\" content=\"Tahmini okuma s\u00fcresi\" \/>\n\t<meta name=\"twitter:data2\" content=\"1 dakika\" \/>\n<script type=\"application\/ld+json\" class=\"yoast-schema-graph\">{\"@context\":\"https:\\\/\\\/schema.org\",\"@graph\":[{\"@type\":\"Article\",\"@id\":\"https:\\\/\\\/kibrisdakik.com\\\/?p=28996#article\",\"isPartOf\":{\"@id\":\"https:\\\/\\\/kibrisdakik.com\\\/?p=28996\"},\"author\":{\"name\":\"admin\",\"@id\":\"https:\\\/\\\/kibrisdakik.com\\\/#\\\/schema\\\/person\\\/9cd9d437bbb44f72b73ba127e06d8e79\"},\"headline\":\"O\u011fuz: \u201cAdaletin sa\u011flanmas\u0131 i\u00e7in elimizden geleni yapaca\u011f\u0131z\u201d\",\"datePublished\":\"2024-02-05T17:35:29+00:00\",\"mainEntityOfPage\":{\"@id\":\"https:\\\/\\\/kibrisdakik.com\\\/?p=28996\"},\"wordCount\":230,\"commentCount\":0,\"image\":{\"@id\":\"https:\\\/\\\/kibrisdakik.com\\\/?p=28996#primaryimage\"},\"thumbnailUrl\":\"https:\\\/\\\/kibrisdakik.com\\\/wp-content\\\/uploads\\\/2024\\\/02\\\/oguz-adaletin-saglanmasi-icin-elimizden-geleni-yapacagiz-1707151696.webp.webp\",\"articleSection\":[\"G\u00fcndem\"],\"inLanguage\":\"tr\",\"potentialAction\":[{\"@type\":\"CommentAction\",\"name\":\"Comment\",\"target\":[\"https:\\\/\\\/kibrisdakik.com\\\/?p=28996#respond\"]}]},{\"@type\":\"WebPage\",\"@id\":\"https:\\\/\\\/kibrisdakik.com\\\/?p=28996\",\"url\":\"https:\\\/\\\/kibrisdakik.com\\\/?p=28996\",\"name\":\"O\u011fuz: \u201cAdaletin sa\u011flanmas\u0131 i\u00e7in elimizden geleni yapaca\u011f\u0131z\u201d -\",\"isPartOf\":{\"@id\":\"https:\\\/\\\/kibrisdakik.com\\\/#website\"},\"primaryImageOfPage\":{\"@id\":\"https:\\\/\\\/kibrisdakik.com\\\/?p=28996#primaryimage\"},\"image\":{\"@id\":\"https:\\\/\\\/kibrisdakik.com\\\/?p=28996#primaryimage\"},\"thumbnailUrl\":\"https:\\\/\\\/kibrisdakik.com\\\/wp-content\\\/uploads\\\/2024\\\/02\\\/oguz-adaletin-saglanmasi-icin-elimizden-geleni-yapacagiz-1707151696.webp.webp\",\"datePublished\":\"2024-02-05T17:35:29+00:00\",\"author\":{\"@id\":\"https:\\\/\\\/kibrisdakik.com\\\/#\\\/schema\\\/person\\\/9cd9d437bbb44f72b73ba127e06d8e79\"},\"breadcrumb\":{\"@id\":\"https:\\\/\\\/kibrisdakik.com\\\/?p=28996#breadcrumb\"},\"inLanguage\":\"tr\",\"potentialAction\":[{\"@type\":\"ReadAction\",\"target\":[\"https:\\\/\\\/kibrisdakik.com\\\/?p=28996\"]}]},{\"@type\":\"ImageObject\",\"inLanguage\":\"tr\",\"@id\":\"https:\\\/\\\/kibrisdakik.com\\\/?p=28996#primaryimage\",\"url\":\"https:\\\/\\\/kibrisdakik.com\\\/wp-content\\\/uploads\\\/2024\\\/02\\\/oguz-adaletin-saglanmasi-icin-elimizden-geleni-yapacagiz-1707151696.webp.webp\",\"contentUrl\":\"https:\\\/\\\/kibrisdakik.com\\\/wp-content\\\/uploads\\\/2024\\\/02\\\/oguz-adaletin-saglanmasi-icin-elimizden-geleni-yapacagiz-1707151696.webp.webp\",\"width\":710,\"height\":370},{\"@type\":\"BreadcrumbList\",\"@id\":\"https:\\\/\\\/kibrisdakik.com\\\/?p=28996#breadcrumb\",\"itemListElement\":[{\"@type\":\"ListItem\",\"position\":1,\"name\":\"Home\",\"item\":\"https:\\\/\\\/kibrisdakik.com\\\/\"},{\"@type\":\"ListItem\",\"position\":2,\"name\":\"O\u011fuz: \u201cAdaletin sa\u011flanmas\u0131 i\u00e7in elimizden geleni yapaca\u011f\u0131z\u201d\"}]},{\"@type\":\"WebSite\",\"@id\":\"https:\\\/\\\/kibrisdakik.com\\\/#website\",\"url\":\"https:\\\/\\\/kibrisdakik.com\\\/\",\"name\":\"\",\"description\":\"Tam vaktinde haber\",\"potentialAction\":[{\"@type\":\"SearchAction\",\"target\":{\"@type\":\"EntryPoint\",\"urlTemplate\":\"https:\\\/\\\/kibrisdakik.com\\\/?s={search_term_string}\"},\"query-input\":{\"@type\":\"PropertyValueSpecification\",\"valueRequired\":true,\"valueName\":\"search_term_string\"}}],\"inLanguage\":\"tr\"},{\"@type\":\"Person\",\"@id\":\"https:\\\/\\\/kibrisdakik.com\\\/#\\\/schema\\\/person\\\/9cd9d437bbb44f72b73ba127e06d8e79\",\"name\":\"admin\",\"image\":{\"@type\":\"ImageObject\",\"inLanguage\":\"tr\",\"@id\":\"https:\\\/\\\/secure.gravatar.com\\\/avatar\\\/ccc17943b9d660506c869530f897617f7cb1c21a4bf30023f252596d83e1f007?s=96&d=mm&r=g\",\"url\":\"https:\\\/\\\/secure.gravatar.com\\\/avatar\\\/ccc17943b9d660506c869530f897617f7cb1c21a4bf30023f252596d83e1f007?s=96&d=mm&r=g\",\"contentUrl\":\"https:\\\/\\\/secure.gravatar.com\\\/avatar\\\/ccc17943b9d660506c869530f897617f7cb1c21a4bf30023f252596d83e1f007?s=96&d=mm&r=g\",\"caption\":\"admin\"},\"sameAs\":[\"https:\\\/\\\/kibrisdakik.com\"],\"url\":\"https:\\\/\\\/kibrisdakik.com\\\/?author=1\"}]}<\/script>\n<!-- \/ Yoast SEO plugin. -->","yoast_head_json":{"title":"O\u011fuz: \u201cAdaletin sa\u011flanmas\u0131 i\u00e7in elimizden geleni yapaca\u011f\u0131z\u201d -","robots":{"index":"index","follow":"follow","max-snippet":"max-snippet:-1","max-image-preview":"max-image-preview:large","max-video-preview":"max-video-preview:-1"},"canonical":"https:\/\/kibrisdakik.com\/?p=28996","og_locale":"tr_TR","og_type":"article","og_title":"O\u011fuz: \u201cAdaletin sa\u011flanmas\u0131 i\u00e7in elimizden geleni yapaca\u011f\u0131z\u201d -","og_description":"O\u011fuz, ya\u015fan\u0131lan tarifsiz ac\u0131lar\u0131n taze ve can yak\u0131c\u0131 bir \u015fekilde t\u00fcm K\u0131br\u0131s T\u00fcrk halk\u0131n\u0131n i\u00e7inde oldu\u011funu kaydetti. &nbsp; Dursun O\u011fuz, \u201cDeprem felaketinde 50 binden fazla insan\u0131yla birlikte K\u0131br\u0131s T\u00fcrk halk\u0131 olarak \u015eampiyon meleklerimizi, dostlar\u0131m\u0131z\u0131 ve arkada\u015flar\u0131m\u0131z\u0131 kaybettik. Ac\u0131m\u0131z\u0131n hafiflemesi m\u00fcmk\u00fcn de\u011fil \u00e7\u00fcnk\u00fc tarih boyunca \u00fclkemizde ya\u015fanan sava\u015flarda bile bu kadar \u00e7ok can kayb\u0131 ya\u015famad\u0131k. \u00dclkemizin","og_url":"https:\/\/kibrisdakik.com\/?p=28996","article_published_time":"2024-02-05T17:35:29+00:00","og_image":[{"width":710,"height":370,"url":"https:\/\/kibrisdakik.com\/wp-content\/uploads\/2024\/02\/oguz-adaletin-saglanmasi-icin-elimizden-geleni-yapacagiz-1707151696.webp.webp","type":"image\/webp"}],"author":"admin","twitter_card":"summary_large_image","twitter_misc":{"Yazan:":"admin","Tahmini okuma s\u00fcresi":"1 dakika"},"schema":{"@context":"https:\/\/schema.org","@graph":[{"@type":"Article","@id":"https:\/\/kibrisdakik.com\/?p=28996#article","isPartOf":{"@id":"https:\/\/kibrisdakik.com\/?p=28996"},"author":{"name":"admin","@id":"https:\/\/kibrisdakik.com\/#\/schema\/person\/9cd9d437bbb44f72b73ba127e06d8e79"},"headline":"O\u011fuz: \u201cAdaletin sa\u011flanmas\u0131 i\u00e7in elimizden geleni yapaca\u011f\u0131z\u201d","datePublished":"2024-02-05T17:35:29+00:00","mainEntityOfPage":{"@id":"https:\/\/kibrisdakik.com\/?p=28996"},"wordCount":230,"commentCount":0,"image":{"@id":"https:\/\/kibrisdakik.com\/?p=28996#primaryimage"},"thumbnailUrl":"https:\/\/kibrisdakik.com\/wp-content\/uploads\/2024\/02\/oguz-adaletin-saglanmasi-icin-elimizden-geleni-yapacagiz-1707151696.webp.webp","articleSection":["G\u00fcndem"],"inLanguage":"tr","potentialAction":[{"@type":"CommentAction","name":"Comment","target":["https:\/\/kibrisdakik.com\/?p=28996#respond"]}]},{"@type":"WebPage","@id":"https:\/\/kibrisdakik.com\/?p=28996","url":"https:\/\/kibrisdakik.com\/?p=28996","name":"O\u011fuz: \u201cAdaletin sa\u011flanmas\u0131 i\u00e7in elimizden geleni yapaca\u011f\u0131z\u201d -","isPartOf":{"@id":"https:\/\/kibrisdakik.com\/#website"},"primaryImageOfPage":{"@id":"https:\/\/kibrisdakik.com\/?p=28996#primaryimage"},"image":{"@id":"https:\/\/kibrisdakik.com\/?p=28996#primaryimage"},"thumbnailUrl":"https:\/\/kibrisdakik.com\/wp-content\/uploads\/2024\/02\/oguz-adaletin-saglanmasi-icin-elimizden-geleni-yapacagiz-1707151696.webp.webp","datePublished":"2024-02-05T17:35:29+00:00","author":{"@id":"https:\/\/kibrisdakik.com\/#\/schema\/person\/9cd9d437bbb44f72b73ba127e06d8e79"},"breadcrumb":{"@id":"https:\/\/kibrisdakik.com\/?p=28996#breadcrumb"},"inLanguage":"tr","potentialAction":[{"@type":"ReadAction","target":["https:\/\/kibrisdakik.com\/?p=28996"]}]},{"@type":"ImageObject","inLanguage":"tr","@id":"https:\/\/kibrisdakik.com\/?p=28996#primaryimage","url":"https:\/\/kibrisdakik.com\/wp-content\/uploads\/2024\/02\/oguz-adaletin-saglanmasi-icin-elimizden-geleni-yapacagiz-1707151696.webp.webp","contentUrl":"https:\/\/kibrisdakik.com\/wp-content\/uploads\/2024\/02\/oguz-adaletin-saglanmasi-icin-elimizden-geleni-yapacagiz-1707151696.webp.webp","width":710,"height":370},{"@type":"BreadcrumbList","@id":"https:\/\/kibrisdakik.com\/?p=28996#breadcrumb","itemListElement":[{"@type":"ListItem","position":1,"name":"Home","item":"https:\/\/kibrisdakik.com\/"},{"@type":"ListItem","position":2,"name":"O\u011fuz: \u201cAdaletin sa\u011flanmas\u0131 i\u00e7in elimizden geleni yapaca\u011f\u0131z\u201d"}]},{"@type":"WebSite","@id":"https:\/\/kibrisdakik.com\/#website","url":"https:\/\/kibrisdakik.com\/","name":"","description":"Tam vaktinde haber","potentialAction":[{"@type":"SearchAction","target":{"@type":"EntryPoint","urlTemplate":"https:\/\/kibrisdakik.com\/?s={search_term_string}"},"query-input":{"@type":"PropertyValueSpecification","valueRequired":true,"valueName":"search_term_string"}}],"inLanguage":"tr"},{"@type":"Person","@id":"https:\/\/kibrisdakik.com\/#\/schema\/person\/9cd9d437bbb44f72b73ba127e06d8e79","name":"admin","image":{"@type":"ImageObject","inLanguage":"tr","@id":"https:\/\/secure.gravatar.com\/avatar\/ccc17943b9d660506c869530f897617f7cb1c21a4bf30023f252596d83e1f007?s=96&d=mm&r=g","url":"https:\/\/secure.gravatar.com\/avatar\/ccc17943b9d660506c869530f897617f7cb1c21a4bf30023f252596d83e1f007?s=96&d=mm&r=g","contentUrl":"https:\/\/secure.gravatar.com\/avatar\/ccc17943b9d660506c869530f897617f7cb1c21a4bf30023f252596d83e1f007?s=96&d=mm&r=g","caption":"admin"},"sameAs":["https:\/\/kibrisdakik.com"],"url":"https:\/\/kibrisdakik.com\/?author=1"}]}},"_links":{"self":[{"href":"https:\/\/kibrisdakik.com\/index.php?rest_route=\/wp\/v2\/posts\/28996","targetHints":{"allow":["GET"]}}],"collection":[{"href":"https:\/\/kibrisdakik.com\/index.php?rest_route=\/wp\/v2\/posts"}],"about":[{"href":"https:\/\/kibrisdakik.com\/index.php?rest_route=\/wp\/v2\/types\/post"}],"author":[{"embeddable":true,"href":"https:\/\/kibrisdakik.com\/index.php?rest_route=\/wp\/v2\/users\/1"}],"replies":[{"embeddable":true,"href":"https:\/\/kibrisdakik.com\/index.php?rest_route=%2Fwp%2Fv2%2Fcomments&post=28996"}],"version-history":[{"count":0,"href":"https:\/\/kibrisdakik.com\/index.php?rest_route=\/wp\/v2\/posts\/28996\/revisions"}],"wp:featuredmedia":[{"embeddable":true,"href":"https:\/\/kibrisdakik.com\/index.php?rest_route=\/wp\/v2\/media\/28997"}],"wp:attachment":[{"href":"https:\/\/kibrisdakik.com\/index.php?rest_route=%2Fwp%2Fv2%2Fmedia&parent=28996"}],"wp:term":[{"taxonomy":"category","embeddable":true,"href":"https:\/\/kibrisdakik.com\/index.php?rest_route=%2Fwp%2Fv2%2Fcategories&post=28996"},{"taxonomy":"post_tag","embeddable":true,"href":"https:\/\/kibrisdakik.com\/index.php?rest_route=%2Fwp%2Fv2%2Ftags&post=28996"}],"curies":[{"name":"wp","href":"https:\/\/api.w.org\/{rel}","templated":true}]}}