{"id":29000,"date":"2024-02-05T18:17:50","date_gmt":"2024-02-05T18:17:50","guid":{"rendered":"https:\/\/kibrisdakik.com\/index.php\/2024\/02\/05\/meclis-genel-kurulunun-bugunku-toplantisi-sona-erdi\/"},"modified":"2024-02-05T18:17:50","modified_gmt":"2024-02-05T18:17:50","slug":"meclis-genel-kurulunun-bugunku-toplantisi-sona-erdi","status":"publish","type":"post","link":"https:\/\/kibrisdakik.com\/?p=29000","title":{"rendered":"Meclis Genel Kurulu&#039;nun bug\u00fcnk\u00fc toplant\u0131s\u0131 sona erdi"},"content":{"rendered":"<p><img decoding=\"async\" src=\"https:\/\/www.kibristurk.com\/images\/haberler\/2024\/02\/meclis-genel-kurulunun-bugunku-toplantisi-sona-erdi-1707155367.webp\" \/><\/p>\n<p style=\"text-align:left\"><span style=\"font-size:16px\"><span style=\"font-family:Merriweather,serif !important\"><span style=\"color:#000000\"><span style=\"background-color:#ffffff\"><span style=\"font-size:16px !important\"><span style=\"font-family:Merriweather,serif !important\"><span style=\"color:#000000 !important\"><span style=\"font-family:Times New Roman,Times,serif\">K\u0131br\u0131s konusu ve ekonomi konular\u0131n\u0131n ele al\u0131nd\u0131\u011f\u0131 g\u00fcncel konu\u015fmalarda en son CTP Milletvekilleri \u00dcr\u00fcn Solyal\u0131 ve Teberr\u00fcken Ulu\u00e7ay konu\u015ftu. Maliye Bakan\u0131 \u00d6zdemir Berova ile Tar\u0131m ve Do\u011fal Kaynaklar Bakan\u0131 H\u00fcseyin \u00c7avu\u015f&#8217;un ele\u015ftirileri yan\u0131tlad\u0131\u011f\u0131 konu\u015fmalar\u0131n ard\u0131ndan genel kurul sona erdi.<\/span><\/span><\/span><\/span><\/span><\/span><\/span><\/span><\/p>\n<p style=\"text-align:left\"><span style=\"font-size:16px\"><span style=\"font-family:Merriweather,serif !important\"><span style=\"color:#000000\"><span style=\"background-color:#ffffff\"><span style=\"font-size:16px !important\"><span style=\"font-family:Merriweather,serif !important\"><span style=\"color:#000000 !important\"><span style=\"font-family:Times New Roman,Times,serif\">Meclis Genel Kurulu&#8217;nun bir sonraki toplant\u0131s\u0131 12 \u015eubat Pazartesi g\u00fcn\u00fc yap\u0131lacak.<\/span><\/span><\/span><\/span><\/span><\/span><\/span><\/span><\/p>\n<p style=\"text-align:left\"><span style=\"font-size:16px\"><span style=\"font-family:Merriweather,serif !important\"><span style=\"color:#000000\"><span style=\"background-color:#ffffff\"><span style=\"font-size:16px !important\"><span style=\"font-family:Merriweather,serif !important\"><span style=\"color:#000000 !important\"><span style=\"font-family:Times New Roman,Times,serif\">-Solyal\u0131<\/span><\/span><\/span><\/span><\/span><\/span><\/span><\/span><\/p>\n<p style=\"text-align:left\"><span style=\"font-size:16px\"><span style=\"font-family:Merriweather,serif !important\"><span style=\"color:#000000\"><span style=\"background-color:#ffffff\"><span style=\"font-size:16px !important\"><span style=\"font-family:Merriweather,serif !important\"><span style=\"color:#000000 !important\"><span style=\"font-family:Times New Roman,Times,serif\">CTP Milletvekili \u00dcr\u00fcn Solyal\u0131, \u201c\u00c7\u00f6z\u00fcm\u00fcn F\u0131rsatlar\u0131\u201d konulu g\u00fcncel konu\u015fmas\u0131nda, K\u0131br\u0131s T\u00fcrk halk\u0131n\u0131n i\u00e7erisinde ya\u015fad\u0131\u011f\u0131 ko\u015fullar\u0131 hak etmedi\u011fini belirtti.<\/span><\/span><\/span><\/span><\/span><\/span><\/span><\/span><\/p>\n<p style=\"text-align:left\"><span style=\"font-size:16px\"><span style=\"font-family:Merriweather,serif !important\"><span style=\"color:#000000\"><span style=\"background-color:#ffffff\"><span style=\"font-size:16px !important\"><span style=\"font-family:Merriweather,serif !important\"><span style=\"color:#000000 !important\"><span style=\"font-family:Times New Roman,Times,serif\">BM Genel Sekreteri\u2019nin Ki\u015fisel Temsilcisi Maria Angela Holguin Cuellar&#8217;\u0131n<\/span><\/span><\/span><\/span><span style=\"font-family:Times New Roman,Times,serif\">&nbsp;temaslar\u0131na ba\u015flad\u0131\u011f\u0131n\u0131 ifade eden Solyal\u0131, T\u00fcrkiye\u2019nin, Yunanistan\u2019la kom\u015fuluk ili\u015fkilerini geli\u015ftirdi\u011fi bir d\u00f6nemde olundu\u011funu kaydetti.<\/span><\/span><\/span><\/span><\/span><\/p>\n<p style=\"text-align:left\"><span style=\"font-size:16px\"><span style=\"font-family:Merriweather,serif !important\"><span style=\"color:#000000\"><span style=\"background-color:#ffffff\"><span style=\"font-size:16px !important\"><span style=\"font-family:Merriweather,serif !important\"><span style=\"color:#000000 !important\"><span style=\"font-family:Times New Roman,Times,serif\">T\u00fcrk taraf\u0131n\u0131n 3\u2019l\u00fc g\u00f6r\u00fc\u015fmeleri reddetse de BM Genel Sekreteri Antonio Guterres\u2019in ortaya koydu\u011fu federal \u00e7\u00f6z\u00fcm\u00fcn K\u0131br\u0131sl\u0131lara kazand\u0131r\u0131lmas\u0131 gerekti\u011fini dile getiren Solyal\u0131, \u201cK\u0131br\u0131sl\u0131 T\u00fcrklerin, anahtar deli\u011finden d\u00fcnyaya bakmak zorunda kald\u0131\u011f\u0131n\u0131\u201d belirtti.<\/span><\/span><\/span><\/span><\/span><\/span><\/span><\/span><\/p>\n<p style=\"text-align:left\"><span style=\"font-size:16px\"><span style=\"font-family:Merriweather,serif !important\"><span style=\"color:#000000\"><span style=\"background-color:#ffffff\"><span style=\"font-size:16px !important\"><span style=\"font-family:Merriweather,serif !important\"><span style=\"color:#000000 !important\"><span style=\"font-family:Times New Roman,Times,serif\">K\u0131br\u0131sl\u0131 T\u00fcrklerin i\u00e7inde bulundu\u011fu ekonomik standartlar\u0131 hak etmedi\u011fini ifade eden Solyal\u0131, K\u0131br\u0131s sorununun BM \u015femsiyesi alt\u0131nda \u00e7\u00f6z\u00fcm\u00fcn\u00fcn K\u0131br\u0131sl\u0131 T\u00fcrklere \u00e7ok \u015fey kazand\u0131raca\u011f\u0131n\u0131 dile getirdi.<\/span><\/span><\/span><\/span><\/span><\/span><\/span><\/span><\/p>\n<p style=\"text-align:left\"><span style=\"font-size:16px\"><span style=\"font-family:Merriweather,serif !important\"><span style=\"color:#000000\"><span style=\"background-color:#ffffff\"><span style=\"font-size:16px !important\"><span style=\"font-family:Merriweather,serif !important\"><span style=\"color:#000000 !important\"><span style=\"font-family:Times New Roman,Times,serif\">\u00c7at\u0131\u015fma halinin \u00e7\u00f6z\u00fclmesinin b\u00f6lgede de huzur yarataca\u011f\u0131n\u0131 belirten Solyal\u0131, \u201cDo\u011fu Akdeniz\u2019in birle\u015ftiren bir konuma getirilmedir\u201d dedi.<\/span><\/span><\/span><\/span><\/span><\/span><\/span><\/span><\/p>\n<p style=\"text-align:left\"><span style=\"font-size:16px\"><span style=\"font-family:Merriweather,serif !important\"><span style=\"color:#000000\"><span style=\"background-color:#ffffff\"><span style=\"font-size:16px !important\"><span style=\"font-family:Merriweather,serif !important\"><span style=\"color:#000000 !important\"><span style=\"font-family:Times New Roman,Times,serif\">\u00c7\u00f6z\u00fcm \u00e7er\u00e7evesinin, mutabakatlar\u0131n t\u00fcm\u00fcnde yer ald\u0131\u011f\u0131 \u015fekilde, iki toplumu iki b\u00f6lgeli siyasi e\u015fitli\u011fe dayal\u0131 \u00e7\u00f6z\u00fcm form\u00fcl\u00fc oldu\u011funu s\u00f6yleyen Solyal\u0131, K\u0131br\u0131sl\u0131 T\u00fcrklerin izole ortamdan uzakla\u015ft\u0131r\u0131lmas\u0131 i\u00e7in \u00e7\u00f6z\u00fcme ihtiya\u00e7 oldu\u011funu belirtti.&nbsp;<\/span><\/span><\/span><\/span>Solyal\u0131, \u00e7\u00f6z\u00fcm\u00fcn m\u00fclklere uluslararas\u0131 standart noktas\u0131n\u0131 getirece\u011fini, ticarette K\u0131br\u0131sl\u0131 T\u00fcrklere AB ile d\u00fcnya kap\u0131s\u0131n\u0131 a\u00e7aca\u011f\u0131n\u0131 s\u00f6yledi.&nbsp;<\/span><\/span><\/span><\/span><\/p>\n<p style=\"text-align:left\"><span style=\"font-size:16px\"><span style=\"font-family:Merriweather,serif !important\"><span style=\"color:#000000\"><span style=\"background-color:#ffffff\"><span style=\"font-size:16px !important\"><span style=\"font-family:Merriweather,serif !important\"><span style=\"color:#000000 !important\"><span style=\"font-family:Times New Roman,Times,serif\">T\u00fcrkiye&#8217;nin, b\u00f6lgenin t\u00fcm akt\u00f6rler gibi \u00e7\u00f6z\u00fcmden fayda sa\u011flayaca\u011f\u0131n\u0131 dile getiren Solyal\u0131, Gazima\u011fusa ve Ercan\u2019\u0131n uluslararas\u0131 alana sokulmas\u0131n\u0131n ekonomik getirisinin b\u00fcy\u00fck olaca\u011f\u0131n\u0131 s\u00f6yledi.<\/span><\/span><\/span><\/span><\/span><\/span><\/span><\/span><\/p>\n<p style=\"text-align:left\"><span style=\"font-size:16px\"><span style=\"font-family:Merriweather,serif !important\"><span style=\"color:#000000\"><span style=\"background-color:#ffffff\"><span style=\"font-size:16px !important\"><span style=\"font-family:Merriweather,serif !important\"><span style=\"color:#000000 !important\"><span style=\"font-family:Times New Roman,Times,serif\">Gen\u00e7lerin Avrupa Birli\u011fi&#8217;nin sundu\u011fu imkanlardan yararlanamad\u0131\u011f\u0131n\u0131, ERASMUS, SOCRATES gibi programlara kat\u0131lamad\u0131klar\u0131n\u0131 dile getiren Solyal\u0131, \u00e7\u00f6z\u00fcm\u00fcn gen\u00e7ler i\u00e7in hayati oldu\u011funu kaydetti.<\/span><\/span><\/span><\/span><\/span><\/span><\/span><\/span><\/p>\n<p style=\"text-align:left\"><span style=\"font-size:16px\"><span style=\"font-family:Merriweather,serif !important\"><span style=\"color:#000000\"><span style=\"background-color:#ffffff\"><span style=\"font-size:16px !important\"><span style=\"font-family:Merriweather,serif !important\"><span style=\"color:#000000 !important\"><span style=\"font-family:Times New Roman,Times,serif\">Solyal\u0131, \u00e7\u00f6z\u00fcms\u00fczl\u00fck durumuna g\u00f6re \u00e7\u00f6z\u00fcmde ki\u015fi ba\u015f\u0131na d\u00fc\u015fecek gelirin de artaca\u011f\u0131n\u0131 belirterek, \u00e7<\/span><\/span><\/span><\/span>\u00f6z\u00fcm\u00fcn siyasi ve ekonomik faydalar\u0131n\u0131n tart\u0131\u015f\u0131lmaz oldu\u011funu belirtti. \u0130\u015f imkanlar\u0131n\u0131n da artaca\u011f\u0131n\u0131 100 bin ek i\u015f olana\u011f\u0131 sa\u011flanmas\u0131n\u0131n beklendi\u011fini s\u00f6yleyen Solyal\u0131, enerji imkanlar\u0131yla ilgili de yeni a\u00e7\u0131l\u0131mlar sa\u011flanabilece\u011fini kaydetti.<\/span><\/span><\/span><\/span><\/p>\n<p style=\"text-align:left\"><span style=\"font-size:16px\"><span style=\"font-family:Merriweather,serif !important\"><span style=\"color:#000000\"><span style=\"background-color:#ffffff\"><span style=\"font-size:16px !important\"><span style=\"font-family:Merriweather,serif !important\"><span style=\"color:#000000 !important\"><span style=\"font-family:Times New Roman,Times,serif\">\u00dcr\u00fcn Solyal\u0131, \u00e7\u00f6z\u00fcmle birlikte karma evlilikten do\u011fan \u00e7ocuklar\u0131n vatanda\u015fl\u0131k haklar\u0131n\u0131n da verilece\u011fini ve&nbsp;<\/span><\/span><\/span><\/span>K\u0131br\u0131sl\u0131 T\u00fcrklerin d\u00fcnyada e\u015fit siyasi \u00f6zne olmas\u0131 noktas\u0131nda kap\u0131 a\u00e7\u0131laca\u011f\u0131n\u0131 ifade etti.<\/span><\/span><\/span><\/span><\/p>\n<p style=\"text-align:left\"><span style=\"font-size:16px\"><span style=\"font-family:Merriweather,serif !important\"><span style=\"color:#000000\"><span style=\"background-color:#ffffff\"><span style=\"font-size:16px !important\"><span style=\"font-family:Merriweather,serif !important\"><span style=\"color:#000000 !important\"><span style=\"font-family:Times New Roman,Times,serif\">-\u00c7avu\u015f<\/span><\/span><\/span><\/span><\/span><\/span><\/span><\/span><\/p>\n<p style=\"text-align:left\"><span style=\"font-size:16px\"><span style=\"font-family:Merriweather,serif !important\"><span style=\"color:#000000\"><span style=\"background-color:#ffffff\"><span style=\"font-size:16px !important\"><span style=\"font-family:Merriweather,serif !important\"><span style=\"color:#000000 !important\"><span style=\"font-family:Times New Roman,Times,serif\">Tar\u0131m ve Do\u011fal Kaynaklar Bakan\u0131 H\u00fcseyin \u00c7avu\u015f, 2004 y\u0131l\u0131nda T\u00fcrk taraf\u0131 ve Anavatan T\u00fcrkiye\u2019nin \u201cbir ad\u0131m \u00f6nde olma politikas\u0131yla\u201d hareket edildi\u011fini ve \u201cbir evetle d\u00fcnyaya a\u00e7\u0131lacaks\u0131n\u0131z\u201d denen K\u0131br\u0131sl\u0131 T\u00fcrklerin plana \u201cevet\u201d dedi\u011fini ancak verilen s\u00f6zlerin tutulmad\u0131\u011f\u0131n\u0131 belirtti.<\/span><\/span><\/span><\/span><\/span><\/span><\/span><\/span><\/p>\n<p style=\"text-align:left\"><span style=\"font-size:16px\"><span style=\"font-family:Merriweather,serif !important\"><span style=\"color:#000000\"><span style=\"background-color:#ffffff\"><span style=\"font-size:16px !important\"><span style=\"font-family:Merriweather,serif !important\"><span style=\"color:#000000 !important\"><span style=\"font-family:Times New Roman,Times,serif\">\u201cAB\u2019ye nas\u0131l g\u00fcvenip ad\u0131m ataca\u011f\u0131z\u201d diyen \u00c7avu\u015f, Gazze\u2019de g\u00f6z g\u00f6re g\u00f6re bir katliam yap\u0131ld\u0131\u011f\u0131na i\u015faret ederek,&nbsp;<\/span><\/span><\/span><\/span>G\u00fcvenli\u011fi bize AB tahsis etmeyecek, biz \u015fu an g\u00fcvendeyiz&#8221; \u015feklinde devam etti. \u00c7avu\u015f, AB fonlar\u0131 ve katk\u0131lar\u0131nda da e\u015fitlik olmad\u0131\u011f\u0131n\u0131 s\u00f6yledi.<\/span><\/span><\/span><\/span><\/p>\n<p style=\"text-align:left\"><span style=\"font-size:16px\"><span style=\"font-family:Merriweather,serif !important\"><span style=\"color:#000000\"><span style=\"background-color:#ffffff\">AB\u2019nin K\u0131br\u0131sl\u0131 T\u00fcrklere kar\u015f\u0131 e\u015fitlik ilkesine ayk\u0131r\u0131 davrand\u0131\u011f\u0131n\u0131 kaydeden \u00c7avu\u015f, \u015fu anda y\u00fcr\u00fct\u00fclen politikan\u0131n, iki devletli \u00e7\u00f6z\u00fcm s\u00fcrecinin en do\u011fru politika oldu\u011funu belirtti.<\/span><\/span><\/span><\/span><\/p>\n<p style=\"text-align:left\"><span style=\"font-size:16px\"><span style=\"font-family:Merriweather,serif !important\"><span style=\"color:#000000\"><span style=\"background-color:#ffffff\"><span style=\"font-size:16px !important\"><span style=\"font-family:Merriweather,serif !important\"><span style=\"color:#000000 !important\"><span style=\"font-family:Times New Roman,Times,serif\">\u00c7avu\u015f, T\u00fcrk taraf\u0131n\u0131n enerji ve ye\u015fil enerjiye y\u00f6nelik a\u00e7\u0131l\u0131mlar\u0131na Rum taraf\u0131n\u0131n \u201chay\u0131r\u201d dedi\u011fini dile getirerek, \u201cHalk\u0131m\u0131z bu zihniyete nas\u0131l g\u00fcvenecek\u201d diye sordu.<\/span><\/span><\/span><\/span><\/span><\/span><\/span><\/span><\/p>\n<p style=\"text-align:left\"><span style=\"font-size:16px\"><span style=\"font-family:Merriweather,serif !important\"><span style=\"color:#000000\"><span style=\"background-color:#ffffff\"><span style=\"font-size:16px !important\"><span style=\"font-family:Merriweather,serif !important\"><span style=\"color:#000000 !important\"><span style=\"font-family:Times New Roman,Times,serif\">-Ulu\u00e7ay<\/span><\/span><\/span><\/span><\/span><\/span><\/span><\/span><\/p>\n<p style=\"text-align:left\"><span style=\"font-size:16px\"><span style=\"font-family:Merriweather,serif !important\"><span style=\"color:#000000\"><span style=\"background-color:#ffffff\"><span style=\"font-size:16px !important\"><span style=\"font-family:Merriweather,serif !important\"><span style=\"color:#000000 !important\"><span style=\"font-family:Times New Roman,Times,serif\">CTP Milletvekili Teberr\u00fcken Ulu\u00e7ay, \u201c\u00c7ar\u015f\u0131, Ekonomi ve Siyaset\u201d konulu g\u00fcncel konu\u015fmas\u0131nda,&nbsp;<\/span><\/span><\/span><\/span>enflasyon verilerine de\u011finerek, T\u00fcrkiye\u2019de son 5 ayda d\u00fc\u015fen enflasyon trendinin ocak ay\u0131nda yeniden y\u00fckseli\u015fe ge\u00e7ti\u011fine i\u015faret etti.<\/span><\/span><\/span><\/span><\/p>\n<p style=\"text-align:left\"><span style=\"font-size:16px\"><span style=\"font-family:Merriweather,serif !important\"><span style=\"color:#000000\"><span style=\"background-color:#ffffff\"><span style=\"font-size:16px !important\"><span style=\"font-family:Merriweather,serif !important\"><span style=\"color:#000000 !important\"><span style=\"font-family:Times New Roman,Times,serif\">Enflasyon rakamlar\u0131na yer vererek, T\u00fcrkiye\u2019deki durumu de\u011ferlendiren Ulu\u00e7ay, r<\/span><\/span><\/span><\/span>akamlar\u0131n hane halk\u0131n\u0131 aldatmamas\u0131 gerekti\u011fini dile getirdi. Ulu\u00e7ay, a\u00e7\u0131klanan enflasyon rakamlar\u0131ndaki farkl\u0131l\u0131klar\u0131n piyasada, raflarda ve tedarik zincirlerinde g\u00f6zlemlendi\u011fini belirtti.<\/span><\/span><\/span><\/span><\/p>\n<p style=\"text-align:left\"><span style=\"font-size:16px\"><span style=\"font-family:Merriweather,serif !important\"><span style=\"color:#000000\"><span style=\"background-color:#ffffff\"><span style=\"font-size:16px !important\"><span style=\"font-family:Merriweather,serif !important\"><span style=\"color:#000000 !important\"><span style=\"font-family:Times New Roman,Times,serif\">KKTC\u2019nin ocak ay\u0131 enflasyon rakam\u0131na da de\u011finen Ulu\u00e7ay, verilen rakamlara bak\u0131ld\u0131\u011f\u0131nda sat\u0131n alma g\u00fcc\u00fcn\u00fc etkileyen g\u0131da b\u00f6l\u00fcm\u00fcnde y\u00fczde 10.09 art\u0131\u015ftan s\u00f6z edildi\u011fine i\u015faret etti.<\/span><\/span><\/span><\/span><\/span><\/span><\/span><\/span><\/p>\n<p style=\"text-align:left\"><span style=\"font-size:16px\"><span style=\"font-family:Merriweather,serif !important\"><span style=\"color:#000000\"><span style=\"background-color:#ffffff\">Orta Do\u011fu&#8217;daki geli\u015fmelerin, d\u00fcnyay\u0131 etkileyecek boyuta geldi\u011fini dile getiren Ulu\u00e7ay, tedarik zincirlerinde yeni s\u0131k\u0131nt\u0131lar\u0131n ya\u015fanmas\u0131n\u0131n ve navlun \u00fccretlerinde ekstra fark\u0131n ortaya \u00e7\u0131kma olas\u0131l\u0131\u011f\u0131n\u0131n konu\u015fuldu\u011funu belirtti.<\/span><\/span><\/span><\/span><\/p>\n<p style=\"text-align:left\"><span style=\"font-size:16px\"><span style=\"font-family:Merriweather,serif !important\"><span style=\"color:#000000\"><span style=\"background-color:#ffffff\"><span style=\"font-size:16px !important\"><span style=\"font-family:Merriweather,serif !important\"><span style=\"color:#000000 !important\"><span style=\"font-family:Times New Roman,Times,serif\">Ulu\u00e7ay, Ye\u015fil Hat T\u00fcz\u00fc\u011f\u00fc \u00fczerinden ihracat\u0131 art\u0131rma potansiyelini sonuna kadar zorlamak gerekti\u011fini s\u00f6yledi.<\/span><\/span><\/span><\/span><\/span><\/span><\/span><\/span><\/p>\n<p style=\"text-align:left\"><span style=\"font-size:16px\"><span style=\"font-family:Merriweather,serif !important\"><span style=\"color:#000000\"><span style=\"background-color:#ffffff\"><span style=\"font-size:16px !important\"><span style=\"font-family:Merriweather,serif !important\"><span style=\"color:#000000 !important\"><span style=\"font-family:Times New Roman,Times,serif\">Son siyasi geli\u015fmeler \u0131\u015f\u0131\u011f\u0131nda yeni atanan BM temsilcisinin taraflar\u0131 dinledi\u011fini, bunun \u00f6nemli ve yeni bir d\u00f6nem ba\u015flang\u0131c\u0131 oldu\u011funu dile getiren Ulu\u00e7ay, yeni temsilcinin temaslar\u0131 ve a\u00e7\u0131klamalar\u0131n\u0131n \u00f6nemli oldu\u011funu belirtti.<\/span><\/span><\/span><\/span><\/span><\/span><\/span><\/span><\/p>\n<p style=\"text-align:left\"><span style=\"font-size:16px\"><span style=\"font-family:Merriweather,serif !important\"><span style=\"color:#000000\"><span style=\"background-color:#ffffff\"><span style=\"font-size:16px !important\"><span style=\"font-family:Merriweather,serif !important\"><span style=\"color:#000000 !important\"><span style=\"font-family:Times New Roman,Times,serif\">Teberr\u00fcken Ulu\u00e7ay, k\u0131sa vadede Ye\u015fil Hat T\u00fcz\u00fc\u011f\u00fc \u00fczerinden ticarete yeni mal gruplar\u0131n\u0131n eklenebilece\u011fini ifade etti.&nbsp;<\/span><\/span><\/span><\/span>Ulu\u00e7ay, s\u0131k\u0131nt\u0131 ya\u015fanan narenciye konusunda g\u00fcndeme gelen Ye\u015fil Hat T\u00fcz\u00fc\u011f\u00fc&#8217;nden ortaya \u00e7\u0131kan f\u0131rsat\u0131 zorlamak gerekti\u011fini kaydetti.<\/span><\/span><\/span><\/span><\/p>\n<p style=\"text-align:left\"><span style=\"font-size:16px\"><span style=\"font-family:Merriweather,serif !important\"><span style=\"color:#000000\"><span style=\"background-color:#ffffff\"><span style=\"font-size:16px !important\"><span style=\"font-family:Merriweather,serif !important\"><span style=\"color:#000000 !important\"><span style=\"font-family:Times New Roman,Times,serif\">G\u00fcney K\u0131br\u0131s\u2019tan gelen narenciye toplama ekibinin tutuklanmas\u0131 ve sonras\u0131ndaki geli\u015fmelere de\u011finen Ulu\u00e7ay, bu konuda prosed\u00fcr bulunmad\u0131\u011f\u0131ndan s\u0131k\u0131nt\u0131lar ya\u015fand\u0131\u011f\u0131n\u0131, bu gibi durumlar\u0131n an\u0131nda \u00e7\u00f6z\u00fclmesi ve ihracat\u0131n art\u0131r\u0131lmas\u0131 i\u00e7in \u00e7al\u0131\u015fmak gerekti\u011fini belirtti.<\/span><\/span><\/span><\/span><\/span><\/span><\/span><\/span><\/p>\n<p style=\"text-align:left\"><span style=\"font-size:16px\"><span style=\"font-family:Merriweather,serif !important\"><span style=\"color:#000000\"><span style=\"background-color:#ffffff\"><span style=\"font-size:16px !important\"><span style=\"font-family:Merriweather,serif !important\"><span style=\"color:#000000 !important\"><span style=\"font-family:Times New Roman,Times,serif\">-Berova<\/span><\/span><\/span><\/span><\/span><\/span><\/span><\/span><\/p>\n<p style=\"text-align:left\"><span style=\"font-size:16px\"><span style=\"font-family:Merriweather,serif !important\"><span style=\"color:#000000\"><span style=\"background-color:#ffffff\"><span style=\"font-size:16px !important\"><span style=\"font-family:Merriweather,serif !important\"><span style=\"color:#000000 !important\"><span style=\"font-family:Times New Roman,Times,serif\">Maliye Bakan\u0131 \u00d6zdemir Berova, enflasyonun bir \u00fclke i\u00e7in en k\u00f6t\u00fc olgulardan bir tanesi oldu\u011funu s\u00f6yleyerek, y\u00fcksek enflasyonla ya\u015faman\u0131n s\u0131k\u0131nt\u0131l\u0131 bir durum oldu\u011funu belirtti.<\/span><\/span><\/span><\/span><\/span><\/span><\/span><\/span><\/p>\n<p style=\"text-align:left\"><span style=\"font-size:16px\"><span style=\"font-family:Merriweather,serif !important\"><span style=\"color:#000000\"><span style=\"background-color:#ffffff\"><span style=\"font-size:16px !important\"><span style=\"font-family:Merriweather,serif !important\"><span style=\"color:#000000 !important\"><span style=\"font-family:Times New Roman,Times,serif\">Anavatan T\u00fcrkiye ve KKTC\u2019de y\u00fcksek enflasyonla ge\u00e7en bir d\u00f6nem ya\u015fand\u0131\u011f\u0131n\u0131 dile getiren Berova, alt ve orta gelir gruplar\u0131n\u0131n enflasyon alt\u0131nda ezilmemesi i\u00e7in gayret ortaya koyduklar\u0131n\u0131 ve h\u00fck\u00fcmetin kamuda maa\u015flara y\u00fcksek oranda art\u0131\u015f verdi\u011fini s\u00f6yledi.<\/span><\/span><\/span><\/span><\/span><\/span><\/span><\/span><\/p>\n<p style=\"text-align:left\"><span style=\"font-size:16px\"><span style=\"font-family:Merriweather,serif !important\"><span style=\"color:#000000\"><span style=\"background-color:#ffffff\"><span style=\"font-size:16px !important\"><span style=\"font-family:Merriweather,serif !important\"><span style=\"color:#000000 !important\"><span style=\"font-family:Times New Roman,Times,serif\">Olmas\u0131 gerekenin \u00fczerinde bir rakam belirlendi\u011fini kaydeden Berova, Ulu\u00e7ay\u2019\u0131n da dikkat \u00e7ekti\u011fi &#8220;G\u0131da ve alkols\u00fcz i\u00e7kilerde y\u00fczde 10 oran\u0131nda enflasyonun&#8221; beklenen bir rakam oldu\u011funu belirtti.<\/span><\/span><\/span><\/span><\/span><\/span><\/span><\/span><\/p>\n<p style=\"text-align:left\"><span style=\"font-size:16px\"><span style=\"font-family:Merriweather,serif !important\"><span style=\"color:#000000\"><span style=\"background-color:#ffffff\"><span style=\"font-size:16px !important\"><span style=\"font-family:Merriweather,serif !important\"><span style=\"color:#000000 !important\"><span style=\"font-family:Times New Roman,Times,serif\">Y\u0131l i\u00e7inde de\u011fi\u015fimi yak\u0131ndan takip edeceklerini s\u00f6yleyen Berova, serbest piyasa ko\u015fullar\u0131n\u0131 g\u00f6z \u00f6n\u00fcnde tutarak piyasadaki oynamalar\u0131n minimize edilmesi i\u00e7in \u00e7al\u0131\u015facaklar\u0131n\u0131 ve a\u015f\u0131r\u0131 art\u0131\u015flar\u0131n vergi noktas\u0131nda takibinin yap\u0131laca\u011f\u0131n\u0131 ifade etti.<\/span><\/span><\/span><\/span><\/span><\/span><\/span><\/span><\/p>\n<p style=\"text-align:left\"><span style=\"font-size:16px\"><span style=\"font-family:Merriweather,serif !important\"><span style=\"color:#000000\"><span style=\"background-color:#ffffff\"><span style=\"font-size:16px !important\"><span style=\"font-family:Merriweather,serif !important\"><span style=\"color:#000000 !important\"><span style=\"font-family:Times New Roman,Times,serif\">Berova, etiketlerle ilgili \u00e7al\u0131\u015fmalar yap\u0131ld\u0131\u011f\u0131n\u0131 ve piyasay\u0131 s\u00fcrekli takip halinde olduklar\u0131n\u0131 belirterek, enflasyonun art\u0131\u015f\u0131n\u0131n piyasaya yans\u0131yaca\u011f\u0131n\u0131 ancak f\u0131rsat\u00e7\u0131l\u0131k neticesinde fiyatlar\u0131n \u00fcst seviyeye \u00e7ekilmesini kabul edemeyeceklerini kaydetti.<\/span><\/span><\/span><\/span><\/span><\/span><\/span><\/span><\/p>\n<p style=\"text-align:left\"><span style=\"font-size:16px\"><span style=\"font-family:Merriweather,serif !important\"><span style=\"color:#000000\"><span style=\"background-color:#ffffff\"><span style=\"font-size:16px !important\"><span style=\"font-family:Merriweather,serif !important\"><span style=\"color:#000000 !important\"><span style=\"font-family:Times New Roman,Times,serif\">G\u0131dada \u00e7\u0131kan enflasyon rakam\u0131n\u0131n y\u00fcksek oldu\u011funu ve dengeleme i\u00e7in gerekenin yap\u0131laca\u011f\u0131n\u0131 belirten Berova, y\u0131l sonunda 2023 y\u0131l\u0131ndan daha d\u00fc\u015f\u00fck bir enflasyonun ortaya koymas\u0131 temennisinde bulundu.<\/span><\/span><\/span><\/span><\/span><\/span><\/span><\/span><\/p>\n<p style=\"text-align:left\"><span style=\"font-size:16px\"><span style=\"font-family:Merriweather,serif !important\"><span style=\"color:#000000\"><span style=\"background-color:#ffffff\"><span style=\"font-size:16px !important\"><span style=\"font-family:Merriweather,serif !important\"><span style=\"color:#000000 !important\"><span style=\"font-family:Times New Roman,Times,serif\">Y\u0131lda \u00fc\u00e7 kez hayat pahal\u0131l\u0131\u011f\u0131 verme d\u00fczenlemesi yap\u0131laca\u011f\u0131n\u0131, tar\u0131mda ciddi destekler verilece\u011fini, reel sekt\u00f6rde de i\u015fverene y\u00f6nelik Sosyal Sigorta konusundaki te\u015fviklerin son a\u015famaya geldi\u011fini dile getiren Berova, halk\u0131n enflasyon alt\u0131nda ezilmemesi i\u00e7in gayret g\u00f6steren h\u00fck\u00fcmetin piyasay\u0131 da yak\u0131ndan takip etti\u011fini s\u00f6yledi.<\/span><\/span><\/span><\/span><\/span><\/span><\/span><\/span><\/p>\n<p style=\"text-align:left\"><span style=\"font-size:16px\"><span style=\"font-family:Merriweather,serif !important\"><span style=\"color:#000000\"><span style=\"background-color:#ffffff\"><span style=\"font-size:16px !important\"><span style=\"font-family:Merriweather,serif !important\"><span style=\"color:#000000 !important\"><span style=\"font-family:Times New Roman,Times,serif\">Konu\u015fmalar\u0131n ard\u0131ndan Meclis bug\u00fcnk\u00fc \u00e7al\u0131\u015fmalar\u0131n\u0131 tamamlad\u0131.&nbsp;<\/span><\/span><\/span><\/span>Cumhuriyet Meclisi\u2019nin bir sonraki toplant\u0131s\u0131 12 \u015eubat Pazartesi saat 10.00\u2019da yap\u0131lacak.<\/span><\/span><\/span><\/span><\/p>\n","protected":false},"excerpt":{"rendered":"<p>K\u0131br\u0131s konusu ve ekonomi konular\u0131n\u0131n ele al\u0131nd\u0131\u011f\u0131 g\u00fcncel konu\u015fmalarda en son CTP Milletvekilleri \u00dcr\u00fcn Solyal\u0131 ve Teberr\u00fcken Ulu\u00e7ay konu\u015ftu. Maliye Bakan\u0131 \u00d6zdemir Berova ile Tar\u0131m ve Do\u011fal Kaynaklar Bakan\u0131 H\u00fcseyin \u00c7avu\u015f&#8217;un ele\u015ftirileri yan\u0131tlad\u0131\u011f\u0131 konu\u015fmalar\u0131n ard\u0131ndan genel kurul sona erdi. Meclis Genel Kurulu&#8217;nun bir sonraki toplant\u0131s\u0131 12 \u015eubat Pazartesi g\u00fcn\u00fc yap\u0131lacak. -Solyal\u0131 CTP Milletvekili \u00dcr\u00fcn Solyal\u0131,<\/p>\n","protected":false},"author":1,"featured_media":29001,"comment_status":"open","ping_status":"open","sticky":false,"template":"","format":"standard","meta":{"footnotes":""},"categories":[85],"tags":[],"class_list":["post-29000","post","type-post","status-publish","format-standard","has-post-thumbnail","hentry","category-spor"],"yoast_head":"<!-- This site is optimized with the Yoast SEO plugin v27.5 - https:\/\/yoast.com\/product\/yoast-seo-wordpress\/ -->\n<title>Meclis Genel Kurulu&#039;nun bug\u00fcnk\u00fc toplant\u0131s\u0131 sona erdi -<\/title>\n<meta name=\"robots\" content=\"index, follow, max-snippet:-1, max-image-preview:large, max-video-preview:-1\" \/>\n<link rel=\"canonical\" href=\"https:\/\/kibrisdakik.com\/?p=29000\" \/>\n<meta property=\"og:locale\" content=\"tr_TR\" \/>\n<meta property=\"og:type\" content=\"article\" \/>\n<meta property=\"og:title\" content=\"Meclis Genel Kurulu&#039;nun bug\u00fcnk\u00fc toplant\u0131s\u0131 sona erdi -\" \/>\n<meta property=\"og:description\" content=\"K\u0131br\u0131s konusu ve ekonomi konular\u0131n\u0131n ele al\u0131nd\u0131\u011f\u0131 g\u00fcncel konu\u015fmalarda en son CTP Milletvekilleri \u00dcr\u00fcn Solyal\u0131 ve Teberr\u00fcken Ulu\u00e7ay konu\u015ftu. Maliye Bakan\u0131 \u00d6zdemir Berova ile Tar\u0131m ve Do\u011fal Kaynaklar Bakan\u0131 H\u00fcseyin \u00c7avu\u015f&#8217;un ele\u015ftirileri yan\u0131tlad\u0131\u011f\u0131 konu\u015fmalar\u0131n ard\u0131ndan genel kurul sona erdi. Meclis Genel Kurulu&#8217;nun bir sonraki toplant\u0131s\u0131 12 \u015eubat Pazartesi g\u00fcn\u00fc yap\u0131lacak. -Solyal\u0131 CTP Milletvekili \u00dcr\u00fcn Solyal\u0131,\" \/>\n<meta property=\"og:url\" content=\"https:\/\/kibrisdakik.com\/?p=29000\" \/>\n<meta property=\"article:published_time\" content=\"2024-02-05T18:17:50+00:00\" \/>\n<meta property=\"og:image\" content=\"https:\/\/kibrisdakik.com\/wp-content\/uploads\/2024\/02\/meclis-genel-kurulunun-bugunku-toplantisi-sona-erdi-1707155367.webp.webp\" \/>\n\t<meta property=\"og:image:width\" content=\"710\" \/>\n\t<meta property=\"og:image:height\" content=\"370\" \/>\n\t<meta property=\"og:image:type\" content=\"image\/webp\" \/>\n<meta name=\"author\" content=\"admin\" \/>\n<meta name=\"twitter:card\" content=\"summary_large_image\" \/>\n<meta name=\"twitter:label1\" content=\"Yazan:\" \/>\n\t<meta name=\"twitter:data1\" content=\"admin\" \/>\n\t<meta name=\"twitter:label2\" content=\"Tahmini okuma s\u00fcresi\" \/>\n\t<meta name=\"twitter:data2\" content=\"7 dakika\" \/>\n<script type=\"application\/ld+json\" class=\"yoast-schema-graph\">{\"@context\":\"https:\\\/\\\/schema.org\",\"@graph\":[{\"@type\":\"Article\",\"@id\":\"https:\\\/\\\/kibrisdakik.com\\\/?p=29000#article\",\"isPartOf\":{\"@id\":\"https:\\\/\\\/kibrisdakik.com\\\/?p=29000\"},\"author\":{\"name\":\"admin\",\"@id\":\"https:\\\/\\\/kibrisdakik.com\\\/#\\\/schema\\\/person\\\/9cd9d437bbb44f72b73ba127e06d8e79\"},\"headline\":\"Meclis Genel Kurulu&#039;nun bug\u00fcnk\u00fc toplant\u0131s\u0131 sona erdi\",\"datePublished\":\"2024-02-05T18:17:50+00:00\",\"mainEntityOfPage\":{\"@id\":\"https:\\\/\\\/kibrisdakik.com\\\/?p=29000\"},\"wordCount\":1394,\"commentCount\":0,\"image\":{\"@id\":\"https:\\\/\\\/kibrisdakik.com\\\/?p=29000#primaryimage\"},\"thumbnailUrl\":\"https:\\\/\\\/kibrisdakik.com\\\/wp-content\\\/uploads\\\/2024\\\/02\\\/meclis-genel-kurulunun-bugunku-toplantisi-sona-erdi-1707155367.webp.webp\",\"articleSection\":[\"Spor\"],\"inLanguage\":\"tr\",\"potentialAction\":[{\"@type\":\"CommentAction\",\"name\":\"Comment\",\"target\":[\"https:\\\/\\\/kibrisdakik.com\\\/?p=29000#respond\"]}]},{\"@type\":\"WebPage\",\"@id\":\"https:\\\/\\\/kibrisdakik.com\\\/?p=29000\",\"url\":\"https:\\\/\\\/kibrisdakik.com\\\/?p=29000\",\"name\":\"Meclis Genel Kurulu&#039;nun bug\u00fcnk\u00fc toplant\u0131s\u0131 sona erdi -\",\"isPartOf\":{\"@id\":\"https:\\\/\\\/kibrisdakik.com\\\/#website\"},\"primaryImageOfPage\":{\"@id\":\"https:\\\/\\\/kibrisdakik.com\\\/?p=29000#primaryimage\"},\"image\":{\"@id\":\"https:\\\/\\\/kibrisdakik.com\\\/?p=29000#primaryimage\"},\"thumbnailUrl\":\"https:\\\/\\\/kibrisdakik.com\\\/wp-content\\\/uploads\\\/2024\\\/02\\\/meclis-genel-kurulunun-bugunku-toplantisi-sona-erdi-1707155367.webp.webp\",\"datePublished\":\"2024-02-05T18:17:50+00:00\",\"author\":{\"@id\":\"https:\\\/\\\/kibrisdakik.com\\\/#\\\/schema\\\/person\\\/9cd9d437bbb44f72b73ba127e06d8e79\"},\"breadcrumb\":{\"@id\":\"https:\\\/\\\/kibrisdakik.com\\\/?p=29000#breadcrumb\"},\"inLanguage\":\"tr\",\"potentialAction\":[{\"@type\":\"ReadAction\",\"target\":[\"https:\\\/\\\/kibrisdakik.com\\\/?p=29000\"]}]},{\"@type\":\"ImageObject\",\"inLanguage\":\"tr\",\"@id\":\"https:\\\/\\\/kibrisdakik.com\\\/?p=29000#primaryimage\",\"url\":\"https:\\\/\\\/kibrisdakik.com\\\/wp-content\\\/uploads\\\/2024\\\/02\\\/meclis-genel-kurulunun-bugunku-toplantisi-sona-erdi-1707155367.webp.webp\",\"contentUrl\":\"https:\\\/\\\/kibrisdakik.com\\\/wp-content\\\/uploads\\\/2024\\\/02\\\/meclis-genel-kurulunun-bugunku-toplantisi-sona-erdi-1707155367.webp.webp\",\"width\":710,\"height\":370},{\"@type\":\"BreadcrumbList\",\"@id\":\"https:\\\/\\\/kibrisdakik.com\\\/?p=29000#breadcrumb\",\"itemListElement\":[{\"@type\":\"ListItem\",\"position\":1,\"name\":\"Home\",\"item\":\"https:\\\/\\\/kibrisdakik.com\\\/\"},{\"@type\":\"ListItem\",\"position\":2,\"name\":\"Meclis Genel Kurulu&#039;nun bug\u00fcnk\u00fc toplant\u0131s\u0131 sona erdi\"}]},{\"@type\":\"WebSite\",\"@id\":\"https:\\\/\\\/kibrisdakik.com\\\/#website\",\"url\":\"https:\\\/\\\/kibrisdakik.com\\\/\",\"name\":\"\",\"description\":\"Tam vaktinde haber\",\"potentialAction\":[{\"@type\":\"SearchAction\",\"target\":{\"@type\":\"EntryPoint\",\"urlTemplate\":\"https:\\\/\\\/kibrisdakik.com\\\/?s={search_term_string}\"},\"query-input\":{\"@type\":\"PropertyValueSpecification\",\"valueRequired\":true,\"valueName\":\"search_term_string\"}}],\"inLanguage\":\"tr\"},{\"@type\":\"Person\",\"@id\":\"https:\\\/\\\/kibrisdakik.com\\\/#\\\/schema\\\/person\\\/9cd9d437bbb44f72b73ba127e06d8e79\",\"name\":\"admin\",\"image\":{\"@type\":\"ImageObject\",\"inLanguage\":\"tr\",\"@id\":\"https:\\\/\\\/secure.gravatar.com\\\/avatar\\\/ccc17943b9d660506c869530f897617f7cb1c21a4bf30023f252596d83e1f007?s=96&d=mm&r=g\",\"url\":\"https:\\\/\\\/secure.gravatar.com\\\/avatar\\\/ccc17943b9d660506c869530f897617f7cb1c21a4bf30023f252596d83e1f007?s=96&d=mm&r=g\",\"contentUrl\":\"https:\\\/\\\/secure.gravatar.com\\\/avatar\\\/ccc17943b9d660506c869530f897617f7cb1c21a4bf30023f252596d83e1f007?s=96&d=mm&r=g\",\"caption\":\"admin\"},\"sameAs\":[\"https:\\\/\\\/kibrisdakik.com\"],\"url\":\"https:\\\/\\\/kibrisdakik.com\\\/?author=1\"}]}<\/script>\n<!-- \/ Yoast SEO plugin. -->","yoast_head_json":{"title":"Meclis Genel Kurulu&#039;nun bug\u00fcnk\u00fc toplant\u0131s\u0131 sona erdi -","robots":{"index":"index","follow":"follow","max-snippet":"max-snippet:-1","max-image-preview":"max-image-preview:large","max-video-preview":"max-video-preview:-1"},"canonical":"https:\/\/kibrisdakik.com\/?p=29000","og_locale":"tr_TR","og_type":"article","og_title":"Meclis Genel Kurulu&#039;nun bug\u00fcnk\u00fc toplant\u0131s\u0131 sona erdi -","og_description":"K\u0131br\u0131s konusu ve ekonomi konular\u0131n\u0131n ele al\u0131nd\u0131\u011f\u0131 g\u00fcncel konu\u015fmalarda en son CTP Milletvekilleri \u00dcr\u00fcn Solyal\u0131 ve Teberr\u00fcken Ulu\u00e7ay konu\u015ftu. Maliye Bakan\u0131 \u00d6zdemir Berova ile Tar\u0131m ve Do\u011fal Kaynaklar Bakan\u0131 H\u00fcseyin \u00c7avu\u015f&#8217;un ele\u015ftirileri yan\u0131tlad\u0131\u011f\u0131 konu\u015fmalar\u0131n ard\u0131ndan genel kurul sona erdi. Meclis Genel Kurulu&#8217;nun bir sonraki toplant\u0131s\u0131 12 \u015eubat Pazartesi g\u00fcn\u00fc yap\u0131lacak. -Solyal\u0131 CTP Milletvekili \u00dcr\u00fcn Solyal\u0131,","og_url":"https:\/\/kibrisdakik.com\/?p=29000","article_published_time":"2024-02-05T18:17:50+00:00","og_image":[{"width":710,"height":370,"url":"https:\/\/kibrisdakik.com\/wp-content\/uploads\/2024\/02\/meclis-genel-kurulunun-bugunku-toplantisi-sona-erdi-1707155367.webp.webp","type":"image\/webp"}],"author":"admin","twitter_card":"summary_large_image","twitter_misc":{"Yazan:":"admin","Tahmini okuma s\u00fcresi":"7 dakika"},"schema":{"@context":"https:\/\/schema.org","@graph":[{"@type":"Article","@id":"https:\/\/kibrisdakik.com\/?p=29000#article","isPartOf":{"@id":"https:\/\/kibrisdakik.com\/?p=29000"},"author":{"name":"admin","@id":"https:\/\/kibrisdakik.com\/#\/schema\/person\/9cd9d437bbb44f72b73ba127e06d8e79"},"headline":"Meclis Genel Kurulu&#039;nun bug\u00fcnk\u00fc toplant\u0131s\u0131 sona erdi","datePublished":"2024-02-05T18:17:50+00:00","mainEntityOfPage":{"@id":"https:\/\/kibrisdakik.com\/?p=29000"},"wordCount":1394,"commentCount":0,"image":{"@id":"https:\/\/kibrisdakik.com\/?p=29000#primaryimage"},"thumbnailUrl":"https:\/\/kibrisdakik.com\/wp-content\/uploads\/2024\/02\/meclis-genel-kurulunun-bugunku-toplantisi-sona-erdi-1707155367.webp.webp","articleSection":["Spor"],"inLanguage":"tr","potentialAction":[{"@type":"CommentAction","name":"Comment","target":["https:\/\/kibrisdakik.com\/?p=29000#respond"]}]},{"@type":"WebPage","@id":"https:\/\/kibrisdakik.com\/?p=29000","url":"https:\/\/kibrisdakik.com\/?p=29000","name":"Meclis Genel Kurulu&#039;nun bug\u00fcnk\u00fc toplant\u0131s\u0131 sona erdi -","isPartOf":{"@id":"https:\/\/kibrisdakik.com\/#website"},"primaryImageOfPage":{"@id":"https:\/\/kibrisdakik.com\/?p=29000#primaryimage"},"image":{"@id":"https:\/\/kibrisdakik.com\/?p=29000#primaryimage"},"thumbnailUrl":"https:\/\/kibrisdakik.com\/wp-content\/uploads\/2024\/02\/meclis-genel-kurulunun-bugunku-toplantisi-sona-erdi-1707155367.webp.webp","datePublished":"2024-02-05T18:17:50+00:00","author":{"@id":"https:\/\/kibrisdakik.com\/#\/schema\/person\/9cd9d437bbb44f72b73ba127e06d8e79"},"breadcrumb":{"@id":"https:\/\/kibrisdakik.com\/?p=29000#breadcrumb"},"inLanguage":"tr","potentialAction":[{"@type":"ReadAction","target":["https:\/\/kibrisdakik.com\/?p=29000"]}]},{"@type":"ImageObject","inLanguage":"tr","@id":"https:\/\/kibrisdakik.com\/?p=29000#primaryimage","url":"https:\/\/kibrisdakik.com\/wp-content\/uploads\/2024\/02\/meclis-genel-kurulunun-bugunku-toplantisi-sona-erdi-1707155367.webp.webp","contentUrl":"https:\/\/kibrisdakik.com\/wp-content\/uploads\/2024\/02\/meclis-genel-kurulunun-bugunku-toplantisi-sona-erdi-1707155367.webp.webp","width":710,"height":370},{"@type":"BreadcrumbList","@id":"https:\/\/kibrisdakik.com\/?p=29000#breadcrumb","itemListElement":[{"@type":"ListItem","position":1,"name":"Home","item":"https:\/\/kibrisdakik.com\/"},{"@type":"ListItem","position":2,"name":"Meclis Genel Kurulu&#039;nun bug\u00fcnk\u00fc toplant\u0131s\u0131 sona erdi"}]},{"@type":"WebSite","@id":"https:\/\/kibrisdakik.com\/#website","url":"https:\/\/kibrisdakik.com\/","name":"","description":"Tam vaktinde haber","potentialAction":[{"@type":"SearchAction","target":{"@type":"EntryPoint","urlTemplate":"https:\/\/kibrisdakik.com\/?s={search_term_string}"},"query-input":{"@type":"PropertyValueSpecification","valueRequired":true,"valueName":"search_term_string"}}],"inLanguage":"tr"},{"@type":"Person","@id":"https:\/\/kibrisdakik.com\/#\/schema\/person\/9cd9d437bbb44f72b73ba127e06d8e79","name":"admin","image":{"@type":"ImageObject","inLanguage":"tr","@id":"https:\/\/secure.gravatar.com\/avatar\/ccc17943b9d660506c869530f897617f7cb1c21a4bf30023f252596d83e1f007?s=96&d=mm&r=g","url":"https:\/\/secure.gravatar.com\/avatar\/ccc17943b9d660506c869530f897617f7cb1c21a4bf30023f252596d83e1f007?s=96&d=mm&r=g","contentUrl":"https:\/\/secure.gravatar.com\/avatar\/ccc17943b9d660506c869530f897617f7cb1c21a4bf30023f252596d83e1f007?s=96&d=mm&r=g","caption":"admin"},"sameAs":["https:\/\/kibrisdakik.com"],"url":"https:\/\/kibrisdakik.com\/?author=1"}]}},"_links":{"self":[{"href":"https:\/\/kibrisdakik.com\/index.php?rest_route=\/wp\/v2\/posts\/29000","targetHints":{"allow":["GET"]}}],"collection":[{"href":"https:\/\/kibrisdakik.com\/index.php?rest_route=\/wp\/v2\/posts"}],"about":[{"href":"https:\/\/kibrisdakik.com\/index.php?rest_route=\/wp\/v2\/types\/post"}],"author":[{"embeddable":true,"href":"https:\/\/kibrisdakik.com\/index.php?rest_route=\/wp\/v2\/users\/1"}],"replies":[{"embeddable":true,"href":"https:\/\/kibrisdakik.com\/index.php?rest_route=%2Fwp%2Fv2%2Fcomments&post=29000"}],"version-history":[{"count":0,"href":"https:\/\/kibrisdakik.com\/index.php?rest_route=\/wp\/v2\/posts\/29000\/revisions"}],"wp:featuredmedia":[{"embeddable":true,"href":"https:\/\/kibrisdakik.com\/index.php?rest_route=\/wp\/v2\/media\/29001"}],"wp:attachment":[{"href":"https:\/\/kibrisdakik.com\/index.php?rest_route=%2Fwp%2Fv2%2Fmedia&parent=29000"}],"wp:term":[{"taxonomy":"category","embeddable":true,"href":"https:\/\/kibrisdakik.com\/index.php?rest_route=%2Fwp%2Fv2%2Fcategories&post=29000"},{"taxonomy":"post_tag","embeddable":true,"href":"https:\/\/kibrisdakik.com\/index.php?rest_route=%2Fwp%2Fv2%2Ftags&post=29000"}],"curies":[{"name":"wp","href":"https:\/\/api.w.org\/{rel}","templated":true}]}}