{"id":29054,"date":"2024-02-05T23:35:21","date_gmt":"2024-02-05T23:35:21","guid":{"rendered":"https:\/\/kibrisdakik.com\/index.php\/2024\/02\/05\/el-sen-kib-tek-binasindaki-odalarini-bosaltmalarinin-istendigini-acikladi-bunu-susturma-girisimi-olarak-niteledi\/"},"modified":"2024-02-05T23:35:21","modified_gmt":"2024-02-05T23:35:21","slug":"el-sen-kib-tek-binasindaki-odalarini-bosaltmalarinin-istendigini-acikladi-bunu-susturma-girisimi-olarak-niteledi","status":"publish","type":"post","link":"https:\/\/kibrisdakik.com\/?p=29054","title":{"rendered":"El-Sen, K\u0131b-Tek binas\u0131ndaki odalar\u0131n\u0131 bo\u015faltmalar\u0131n\u0131n istendi\u011fini a\u00e7\u0131klad\u0131, bunu \u201csusturma giri\u015fimi\u201d olarak niteledi"},"content":{"rendered":"<p><img decoding=\"async\" src=\"https:\/\/www.kibristurk.com\/images\/haberler\/2024\/02\/el-sen-kib-tek-binasindaki-odalarini-bosaltmalarinin-istendigini-acikladi-bunu-susturma-girisimi-olarak-niteledi-1707122066.webp\" \/><\/p>\n<p style=\"text-align:left\"><span style=\"font-size:16px\"><span style=\"font-family:Merriweather,serif !important\"><span style=\"color:#000000\"><span style=\"background-color:#ffffff\">Konuyla ilgili El-Sen Ba\u015fkan\u0131 Ahmet Tu\u011fcu taraf\u0131ndan yap\u0131lan yaz\u0131l\u0131 a\u00e7\u0131klamada, ge\u00e7en cuma kendilerine g\u00f6nderilen ihbarnameyle, 2018 y\u0131l\u0131ndan bu yana faaliyet g\u00f6stermekte olduklar\u0131 KIB-TEK Lefko\u015fa B\u00f6lge Amirli\u011fi binas\u0131n\u0131n d\u00f6rd\u00fcnc\u00fc kat\u0131ndaki ta\u015f\u0131nmaz\u0131 bir ay i\u00e7erisinde bo\u015faltmamalar\u0131 halinde, haklar\u0131nda yasal i\u015flem ba\u015flataca\u011f\u0131n\u0131n bildirildi\u011fini s\u00f6yledi.<\/span><\/span><\/span><\/span><\/p>\n<p style=\"text-align:left\"><span style=\"font-size:16px\"><span style=\"font-family:Merriweather,serif !important\"><span style=\"color:#000000\"><span style=\"background-color:#ffffff\">Kamu \u0130hale Yasas\u0131\u2019nda yap\u0131lan de\u011fi\u015fikli\u011fin ard\u0131ndan Aksa\u2019yla yeni bir s\u00f6zle\u015fme imzaland\u0131\u011f\u0131n\u0131 ve bu s\u00f6zle\u015fme uyar\u0131nca iki yeni makine getirildi\u011fini ifade eden Tu\u011fcu, getirilen makinelerin s\u00f6zle\u015fme kriterlerine uymad\u0131\u011f\u0131n\u0131 tespit ettiklerini ve bunu kamuoyuna duyurduklar\u0131n\u0131 belirtti.<\/span><\/span><\/span><\/span><\/p>\n<p style=\"text-align:left\"><span style=\"font-size:16px\"><span style=\"font-family:Merriweather,serif !important\"><span style=\"color:#000000\"><span style=\"background-color:#ffffff\">Tu\u011fcu, konuyla ilgili dava a\u00e7ma haz\u0131rl\u0131\u011f\u0131nda olan El-Sen\u2019in \u015fimdi sendika binas\u0131ndan at\u0131lmakla \u201ctehdit edildi\u011fini\u201d s\u00f6yledi.<\/span><\/span><\/span><\/span><\/p>\n<p style=\"text-align:left\"><span style=\"font-size:16px\"><span style=\"font-family:Merriweather,serif !important\"><span style=\"color:#000000\"><span style=\"background-color:#ffffff\">\u201c\u00d6ncesinde yine KIB-TEK b\u00fcnyesindeki bir ba\u015fka ta\u015f\u0131nmazda faaliyet g\u00f6steren sendikam\u0131z, 2018 y\u0131l\u0131nda s\u00f6z konusu ta\u015f\u0131nmaz\u0131n \u00e7a\u011fr\u0131 merkezine d\u00f6n\u00fc\u015ft\u00fcr\u00fclmesinin ard\u0131ndan, d\u00f6nemin KIB-TEK m\u00fcd\u00fcr muavininin uygun buldu\u011fu yeni yerine ta\u015f\u0131nm\u0131\u015ft\u0131r\u201d diyen Tu\u011fcu, hal b\u00f6yleyken, g\u00f6nderilen ihbarnamede sendikan\u0131n \u201ci\u015fgalci\u201d olarak nitelendirilmesini &#8220;k\u00f6t\u00fc niyetli&#8221; bir hareket olarak de\u011ferlendirdi.<\/span><\/span><\/span><\/span><\/p>\n<p style=\"text-align:left\"><span style=\"font-size:16px\"><span style=\"font-family:Merriweather,serif !important\"><span style=\"color:#000000\"><span style=\"background-color:#ffffff\">Tu\u011fcu, \u015fimdi bulunduklar\u0131 ta\u015f\u0131nmaz\u0131, scada merkezine d\u00f6n\u00fc\u015ft\u00fcr\u00fclece\u011fi s\u00f6ylenerek bo\u015faltmalar\u0131 talep edilirken, \u00f6nceki y\u00f6netimin yapt\u0131\u011f\u0131 gibi yeni bir yer g\u00f6sterilmi\u015f olsa, \u201ciyi niyet ve samimiyetten\u201d s\u00f6z etmenin m\u00fcmk\u00fcn olabilece\u011fini de kaydetti.<\/span><\/span><\/span><\/span><\/p>\n<p style=\"text-align:left\"><span style=\"font-size:16px\"><span style=\"font-family:Merriweather,serif !important\"><span style=\"color:#000000\"><span style=\"background-color:#ffffff\">\u201cBurada maksat \u00fcz\u00fcm yemek de\u011fil, ba\u011fc\u0131y\u0131 d\u00f6vmektir\u201d diyen Tu\u011fcu, \u201cElinizden geleni ard\u0131n\u0131za koymay\u0131n ama bunu yaparken sak\u0131n ola unutmay\u0131n ki, g\u00fcne\u015f bal\u00e7\u0131kla s\u0131vanmaz!\u201d ifadelerine yer verdi.<\/span><\/span><\/span><\/span><\/p>\n<p style=\"text-align:left\"><span style=\"font-size:16px\"><span style=\"font-family:Merriweather,serif !important\"><span style=\"color:#000000\"><span style=\"background-color:#ffffff\">Tu\u011fcu, &#8220;AKSA bu topraklardan gidene, \u00f6zerklik yasas\u0131 hayat bulana ve kurum siyasi \u00e7\u0131karlardan yakas\u0131n\u0131 silkene kadar&#8221;, m\u00fccadeleye devam edeceklerini kaydetti.<\/span><\/span><\/span><\/span><\/p>\n<p>&nbsp;<\/p>\n","protected":false},"excerpt":{"rendered":"<p>Konuyla ilgili El-Sen Ba\u015fkan\u0131 Ahmet Tu\u011fcu taraf\u0131ndan yap\u0131lan yaz\u0131l\u0131 a\u00e7\u0131klamada, ge\u00e7en cuma kendilerine g\u00f6nderilen ihbarnameyle, 2018 y\u0131l\u0131ndan bu yana faaliyet g\u00f6stermekte olduklar\u0131 KIB-TEK Lefko\u015fa B\u00f6lge Amirli\u011fi binas\u0131n\u0131n d\u00f6rd\u00fcnc\u00fc kat\u0131ndaki ta\u015f\u0131nmaz\u0131 bir ay i\u00e7erisinde bo\u015faltmamalar\u0131 halinde, haklar\u0131nda yasal i\u015flem ba\u015flataca\u011f\u0131n\u0131n bildirildi\u011fini s\u00f6yledi. Kamu \u0130hale Yasas\u0131\u2019nda yap\u0131lan de\u011fi\u015fikli\u011fin ard\u0131ndan Aksa\u2019yla yeni bir s\u00f6zle\u015fme imzaland\u0131\u011f\u0131n\u0131 ve bu s\u00f6zle\u015fme<\/p>\n","protected":false},"author":1,"featured_media":29055,"comment_status":"open","ping_status":"open","sticky":false,"template":"","format":"standard","meta":{"footnotes":""},"categories":[79],"tags":[],"class_list":["post-29054","post","type-post","status-publish","format-standard","has-post-thumbnail","hentry","category-ekonomi"],"yoast_head":"<!-- This site is optimized with the Yoast SEO plugin v27.5 - https:\/\/yoast.com\/product\/yoast-seo-wordpress\/ -->\n<title>El-Sen, K\u0131b-Tek binas\u0131ndaki odalar\u0131n\u0131 bo\u015faltmalar\u0131n\u0131n istendi\u011fini a\u00e7\u0131klad\u0131, bunu \u201csusturma giri\u015fimi\u201d olarak niteledi -<\/title>\n<meta name=\"robots\" content=\"index, follow, max-snippet:-1, max-image-preview:large, max-video-preview:-1\" \/>\n<link rel=\"canonical\" href=\"https:\/\/kibrisdakik.com\/?p=29054\" \/>\n<meta property=\"og:locale\" content=\"tr_TR\" \/>\n<meta property=\"og:type\" content=\"article\" \/>\n<meta property=\"og:title\" content=\"El-Sen, K\u0131b-Tek binas\u0131ndaki odalar\u0131n\u0131 bo\u015faltmalar\u0131n\u0131n istendi\u011fini a\u00e7\u0131klad\u0131, bunu \u201csusturma giri\u015fimi\u201d olarak niteledi -\" \/>\n<meta property=\"og:description\" content=\"Konuyla ilgili El-Sen Ba\u015fkan\u0131 Ahmet Tu\u011fcu taraf\u0131ndan yap\u0131lan yaz\u0131l\u0131 a\u00e7\u0131klamada, ge\u00e7en cuma kendilerine g\u00f6nderilen ihbarnameyle, 2018 y\u0131l\u0131ndan bu yana faaliyet g\u00f6stermekte olduklar\u0131 KIB-TEK Lefko\u015fa B\u00f6lge Amirli\u011fi binas\u0131n\u0131n d\u00f6rd\u00fcnc\u00fc kat\u0131ndaki ta\u015f\u0131nmaz\u0131 bir ay i\u00e7erisinde bo\u015faltmamalar\u0131 halinde, haklar\u0131nda yasal i\u015flem ba\u015flataca\u011f\u0131n\u0131n bildirildi\u011fini s\u00f6yledi. Kamu \u0130hale Yasas\u0131\u2019nda yap\u0131lan de\u011fi\u015fikli\u011fin ard\u0131ndan Aksa\u2019yla yeni bir s\u00f6zle\u015fme imzaland\u0131\u011f\u0131n\u0131 ve bu s\u00f6zle\u015fme\" \/>\n<meta property=\"og:url\" content=\"https:\/\/kibrisdakik.com\/?p=29054\" \/>\n<meta property=\"article:published_time\" content=\"2024-02-05T23:35:21+00:00\" \/>\n<meta property=\"og:image\" content=\"https:\/\/kibrisdakik.com\/wp-content\/uploads\/2024\/02\/el-sen-kib-tek-binasindaki-odalarini-bosaltmalarinin-istendigini-acikladi-bunu-susturma-girisimi-olarak-niteledi-1707122066.webp.webp\" \/>\n\t<meta property=\"og:image:width\" content=\"710\" \/>\n\t<meta property=\"og:image:height\" content=\"370\" \/>\n\t<meta property=\"og:image:type\" content=\"image\/webp\" \/>\n<meta name=\"author\" content=\"admin\" \/>\n<meta name=\"twitter:card\" content=\"summary_large_image\" \/>\n<meta name=\"twitter:label1\" content=\"Yazan:\" \/>\n\t<meta name=\"twitter:data1\" content=\"admin\" \/>\n\t<meta name=\"twitter:label2\" content=\"Tahmini okuma s\u00fcresi\" \/>\n\t<meta name=\"twitter:data2\" content=\"2 dakika\" \/>\n<script type=\"application\/ld+json\" class=\"yoast-schema-graph\">{\"@context\":\"https:\\\/\\\/schema.org\",\"@graph\":[{\"@type\":\"Article\",\"@id\":\"https:\\\/\\\/kibrisdakik.com\\\/?p=29054#article\",\"isPartOf\":{\"@id\":\"https:\\\/\\\/kibrisdakik.com\\\/?p=29054\"},\"author\":{\"name\":\"admin\",\"@id\":\"https:\\\/\\\/kibrisdakik.com\\\/#\\\/schema\\\/person\\\/9cd9d437bbb44f72b73ba127e06d8e79\"},\"headline\":\"El-Sen, K\u0131b-Tek binas\u0131ndaki odalar\u0131n\u0131 bo\u015faltmalar\u0131n\u0131n istendi\u011fini a\u00e7\u0131klad\u0131, bunu \u201csusturma giri\u015fimi\u201d olarak niteledi\",\"datePublished\":\"2024-02-05T23:35:21+00:00\",\"mainEntityOfPage\":{\"@id\":\"https:\\\/\\\/kibrisdakik.com\\\/?p=29054\"},\"wordCount\":349,\"commentCount\":0,\"image\":{\"@id\":\"https:\\\/\\\/kibrisdakik.com\\\/?p=29054#primaryimage\"},\"thumbnailUrl\":\"https:\\\/\\\/kibrisdakik.com\\\/wp-content\\\/uploads\\\/2024\\\/02\\\/el-sen-kib-tek-binasindaki-odalarini-bosaltmalarinin-istendigini-acikladi-bunu-susturma-girisimi-olarak-niteledi-1707122066.webp.webp\",\"articleSection\":[\"Ekonomi\"],\"inLanguage\":\"tr\",\"potentialAction\":[{\"@type\":\"CommentAction\",\"name\":\"Comment\",\"target\":[\"https:\\\/\\\/kibrisdakik.com\\\/?p=29054#respond\"]}]},{\"@type\":\"WebPage\",\"@id\":\"https:\\\/\\\/kibrisdakik.com\\\/?p=29054\",\"url\":\"https:\\\/\\\/kibrisdakik.com\\\/?p=29054\",\"name\":\"El-Sen, K\u0131b-Tek binas\u0131ndaki odalar\u0131n\u0131 bo\u015faltmalar\u0131n\u0131n istendi\u011fini a\u00e7\u0131klad\u0131, bunu \u201csusturma giri\u015fimi\u201d olarak niteledi -\",\"isPartOf\":{\"@id\":\"https:\\\/\\\/kibrisdakik.com\\\/#website\"},\"primaryImageOfPage\":{\"@id\":\"https:\\\/\\\/kibrisdakik.com\\\/?p=29054#primaryimage\"},\"image\":{\"@id\":\"https:\\\/\\\/kibrisdakik.com\\\/?p=29054#primaryimage\"},\"thumbnailUrl\":\"https:\\\/\\\/kibrisdakik.com\\\/wp-content\\\/uploads\\\/2024\\\/02\\\/el-sen-kib-tek-binasindaki-odalarini-bosaltmalarinin-istendigini-acikladi-bunu-susturma-girisimi-olarak-niteledi-1707122066.webp.webp\",\"datePublished\":\"2024-02-05T23:35:21+00:00\",\"author\":{\"@id\":\"https:\\\/\\\/kibrisdakik.com\\\/#\\\/schema\\\/person\\\/9cd9d437bbb44f72b73ba127e06d8e79\"},\"breadcrumb\":{\"@id\":\"https:\\\/\\\/kibrisdakik.com\\\/?p=29054#breadcrumb\"},\"inLanguage\":\"tr\",\"potentialAction\":[{\"@type\":\"ReadAction\",\"target\":[\"https:\\\/\\\/kibrisdakik.com\\\/?p=29054\"]}]},{\"@type\":\"ImageObject\",\"inLanguage\":\"tr\",\"@id\":\"https:\\\/\\\/kibrisdakik.com\\\/?p=29054#primaryimage\",\"url\":\"https:\\\/\\\/kibrisdakik.com\\\/wp-content\\\/uploads\\\/2024\\\/02\\\/el-sen-kib-tek-binasindaki-odalarini-bosaltmalarinin-istendigini-acikladi-bunu-susturma-girisimi-olarak-niteledi-1707122066.webp.webp\",\"contentUrl\":\"https:\\\/\\\/kibrisdakik.com\\\/wp-content\\\/uploads\\\/2024\\\/02\\\/el-sen-kib-tek-binasindaki-odalarini-bosaltmalarinin-istendigini-acikladi-bunu-susturma-girisimi-olarak-niteledi-1707122066.webp.webp\",\"width\":710,\"height\":370},{\"@type\":\"BreadcrumbList\",\"@id\":\"https:\\\/\\\/kibrisdakik.com\\\/?p=29054#breadcrumb\",\"itemListElement\":[{\"@type\":\"ListItem\",\"position\":1,\"name\":\"Home\",\"item\":\"https:\\\/\\\/kibrisdakik.com\\\/\"},{\"@type\":\"ListItem\",\"position\":2,\"name\":\"El-Sen, K\u0131b-Tek binas\u0131ndaki odalar\u0131n\u0131 bo\u015faltmalar\u0131n\u0131n istendi\u011fini a\u00e7\u0131klad\u0131, bunu \u201csusturma giri\u015fimi\u201d olarak niteledi\"}]},{\"@type\":\"WebSite\",\"@id\":\"https:\\\/\\\/kibrisdakik.com\\\/#website\",\"url\":\"https:\\\/\\\/kibrisdakik.com\\\/\",\"name\":\"\",\"description\":\"Tam vaktinde haber\",\"potentialAction\":[{\"@type\":\"SearchAction\",\"target\":{\"@type\":\"EntryPoint\",\"urlTemplate\":\"https:\\\/\\\/kibrisdakik.com\\\/?s={search_term_string}\"},\"query-input\":{\"@type\":\"PropertyValueSpecification\",\"valueRequired\":true,\"valueName\":\"search_term_string\"}}],\"inLanguage\":\"tr\"},{\"@type\":\"Person\",\"@id\":\"https:\\\/\\\/kibrisdakik.com\\\/#\\\/schema\\\/person\\\/9cd9d437bbb44f72b73ba127e06d8e79\",\"name\":\"admin\",\"image\":{\"@type\":\"ImageObject\",\"inLanguage\":\"tr\",\"@id\":\"https:\\\/\\\/secure.gravatar.com\\\/avatar\\\/ccc17943b9d660506c869530f897617f7cb1c21a4bf30023f252596d83e1f007?s=96&d=mm&r=g\",\"url\":\"https:\\\/\\\/secure.gravatar.com\\\/avatar\\\/ccc17943b9d660506c869530f897617f7cb1c21a4bf30023f252596d83e1f007?s=96&d=mm&r=g\",\"contentUrl\":\"https:\\\/\\\/secure.gravatar.com\\\/avatar\\\/ccc17943b9d660506c869530f897617f7cb1c21a4bf30023f252596d83e1f007?s=96&d=mm&r=g\",\"caption\":\"admin\"},\"sameAs\":[\"https:\\\/\\\/kibrisdakik.com\"],\"url\":\"https:\\\/\\\/kibrisdakik.com\\\/?author=1\"}]}<\/script>\n<!-- \/ Yoast SEO plugin. -->","yoast_head_json":{"title":"El-Sen, K\u0131b-Tek binas\u0131ndaki odalar\u0131n\u0131 bo\u015faltmalar\u0131n\u0131n istendi\u011fini a\u00e7\u0131klad\u0131, bunu \u201csusturma giri\u015fimi\u201d olarak niteledi -","robots":{"index":"index","follow":"follow","max-snippet":"max-snippet:-1","max-image-preview":"max-image-preview:large","max-video-preview":"max-video-preview:-1"},"canonical":"https:\/\/kibrisdakik.com\/?p=29054","og_locale":"tr_TR","og_type":"article","og_title":"El-Sen, K\u0131b-Tek binas\u0131ndaki odalar\u0131n\u0131 bo\u015faltmalar\u0131n\u0131n istendi\u011fini a\u00e7\u0131klad\u0131, bunu \u201csusturma giri\u015fimi\u201d olarak niteledi -","og_description":"Konuyla ilgili El-Sen Ba\u015fkan\u0131 Ahmet Tu\u011fcu taraf\u0131ndan yap\u0131lan yaz\u0131l\u0131 a\u00e7\u0131klamada, ge\u00e7en cuma kendilerine g\u00f6nderilen ihbarnameyle, 2018 y\u0131l\u0131ndan bu yana faaliyet g\u00f6stermekte olduklar\u0131 KIB-TEK Lefko\u015fa B\u00f6lge Amirli\u011fi binas\u0131n\u0131n d\u00f6rd\u00fcnc\u00fc kat\u0131ndaki ta\u015f\u0131nmaz\u0131 bir ay i\u00e7erisinde bo\u015faltmamalar\u0131 halinde, haklar\u0131nda yasal i\u015flem ba\u015flataca\u011f\u0131n\u0131n bildirildi\u011fini s\u00f6yledi. Kamu \u0130hale Yasas\u0131\u2019nda yap\u0131lan de\u011fi\u015fikli\u011fin ard\u0131ndan Aksa\u2019yla yeni bir s\u00f6zle\u015fme imzaland\u0131\u011f\u0131n\u0131 ve bu s\u00f6zle\u015fme","og_url":"https:\/\/kibrisdakik.com\/?p=29054","article_published_time":"2024-02-05T23:35:21+00:00","og_image":[{"width":710,"height":370,"url":"https:\/\/kibrisdakik.com\/wp-content\/uploads\/2024\/02\/el-sen-kib-tek-binasindaki-odalarini-bosaltmalarinin-istendigini-acikladi-bunu-susturma-girisimi-olarak-niteledi-1707122066.webp.webp","type":"image\/webp"}],"author":"admin","twitter_card":"summary_large_image","twitter_misc":{"Yazan:":"admin","Tahmini okuma s\u00fcresi":"2 dakika"},"schema":{"@context":"https:\/\/schema.org","@graph":[{"@type":"Article","@id":"https:\/\/kibrisdakik.com\/?p=29054#article","isPartOf":{"@id":"https:\/\/kibrisdakik.com\/?p=29054"},"author":{"name":"admin","@id":"https:\/\/kibrisdakik.com\/#\/schema\/person\/9cd9d437bbb44f72b73ba127e06d8e79"},"headline":"El-Sen, K\u0131b-Tek binas\u0131ndaki odalar\u0131n\u0131 bo\u015faltmalar\u0131n\u0131n istendi\u011fini a\u00e7\u0131klad\u0131, bunu \u201csusturma giri\u015fimi\u201d olarak niteledi","datePublished":"2024-02-05T23:35:21+00:00","mainEntityOfPage":{"@id":"https:\/\/kibrisdakik.com\/?p=29054"},"wordCount":349,"commentCount":0,"image":{"@id":"https:\/\/kibrisdakik.com\/?p=29054#primaryimage"},"thumbnailUrl":"https:\/\/kibrisdakik.com\/wp-content\/uploads\/2024\/02\/el-sen-kib-tek-binasindaki-odalarini-bosaltmalarinin-istendigini-acikladi-bunu-susturma-girisimi-olarak-niteledi-1707122066.webp.webp","articleSection":["Ekonomi"],"inLanguage":"tr","potentialAction":[{"@type":"CommentAction","name":"Comment","target":["https:\/\/kibrisdakik.com\/?p=29054#respond"]}]},{"@type":"WebPage","@id":"https:\/\/kibrisdakik.com\/?p=29054","url":"https:\/\/kibrisdakik.com\/?p=29054","name":"El-Sen, K\u0131b-Tek binas\u0131ndaki odalar\u0131n\u0131 bo\u015faltmalar\u0131n\u0131n istendi\u011fini a\u00e7\u0131klad\u0131, bunu \u201csusturma giri\u015fimi\u201d olarak niteledi -","isPartOf":{"@id":"https:\/\/kibrisdakik.com\/#website"},"primaryImageOfPage":{"@id":"https:\/\/kibrisdakik.com\/?p=29054#primaryimage"},"image":{"@id":"https:\/\/kibrisdakik.com\/?p=29054#primaryimage"},"thumbnailUrl":"https:\/\/kibrisdakik.com\/wp-content\/uploads\/2024\/02\/el-sen-kib-tek-binasindaki-odalarini-bosaltmalarinin-istendigini-acikladi-bunu-susturma-girisimi-olarak-niteledi-1707122066.webp.webp","datePublished":"2024-02-05T23:35:21+00:00","author":{"@id":"https:\/\/kibrisdakik.com\/#\/schema\/person\/9cd9d437bbb44f72b73ba127e06d8e79"},"breadcrumb":{"@id":"https:\/\/kibrisdakik.com\/?p=29054#breadcrumb"},"inLanguage":"tr","potentialAction":[{"@type":"ReadAction","target":["https:\/\/kibrisdakik.com\/?p=29054"]}]},{"@type":"ImageObject","inLanguage":"tr","@id":"https:\/\/kibrisdakik.com\/?p=29054#primaryimage","url":"https:\/\/kibrisdakik.com\/wp-content\/uploads\/2024\/02\/el-sen-kib-tek-binasindaki-odalarini-bosaltmalarinin-istendigini-acikladi-bunu-susturma-girisimi-olarak-niteledi-1707122066.webp.webp","contentUrl":"https:\/\/kibrisdakik.com\/wp-content\/uploads\/2024\/02\/el-sen-kib-tek-binasindaki-odalarini-bosaltmalarinin-istendigini-acikladi-bunu-susturma-girisimi-olarak-niteledi-1707122066.webp.webp","width":710,"height":370},{"@type":"BreadcrumbList","@id":"https:\/\/kibrisdakik.com\/?p=29054#breadcrumb","itemListElement":[{"@type":"ListItem","position":1,"name":"Home","item":"https:\/\/kibrisdakik.com\/"},{"@type":"ListItem","position":2,"name":"El-Sen, K\u0131b-Tek binas\u0131ndaki odalar\u0131n\u0131 bo\u015faltmalar\u0131n\u0131n istendi\u011fini a\u00e7\u0131klad\u0131, bunu \u201csusturma giri\u015fimi\u201d olarak niteledi"}]},{"@type":"WebSite","@id":"https:\/\/kibrisdakik.com\/#website","url":"https:\/\/kibrisdakik.com\/","name":"","description":"Tam vaktinde haber","potentialAction":[{"@type":"SearchAction","target":{"@type":"EntryPoint","urlTemplate":"https:\/\/kibrisdakik.com\/?s={search_term_string}"},"query-input":{"@type":"PropertyValueSpecification","valueRequired":true,"valueName":"search_term_string"}}],"inLanguage":"tr"},{"@type":"Person","@id":"https:\/\/kibrisdakik.com\/#\/schema\/person\/9cd9d437bbb44f72b73ba127e06d8e79","name":"admin","image":{"@type":"ImageObject","inLanguage":"tr","@id":"https:\/\/secure.gravatar.com\/avatar\/ccc17943b9d660506c869530f897617f7cb1c21a4bf30023f252596d83e1f007?s=96&d=mm&r=g","url":"https:\/\/secure.gravatar.com\/avatar\/ccc17943b9d660506c869530f897617f7cb1c21a4bf30023f252596d83e1f007?s=96&d=mm&r=g","contentUrl":"https:\/\/secure.gravatar.com\/avatar\/ccc17943b9d660506c869530f897617f7cb1c21a4bf30023f252596d83e1f007?s=96&d=mm&r=g","caption":"admin"},"sameAs":["https:\/\/kibrisdakik.com"],"url":"https:\/\/kibrisdakik.com\/?author=1"}]}},"_links":{"self":[{"href":"https:\/\/kibrisdakik.com\/index.php?rest_route=\/wp\/v2\/posts\/29054","targetHints":{"allow":["GET"]}}],"collection":[{"href":"https:\/\/kibrisdakik.com\/index.php?rest_route=\/wp\/v2\/posts"}],"about":[{"href":"https:\/\/kibrisdakik.com\/index.php?rest_route=\/wp\/v2\/types\/post"}],"author":[{"embeddable":true,"href":"https:\/\/kibrisdakik.com\/index.php?rest_route=\/wp\/v2\/users\/1"}],"replies":[{"embeddable":true,"href":"https:\/\/kibrisdakik.com\/index.php?rest_route=%2Fwp%2Fv2%2Fcomments&post=29054"}],"version-history":[{"count":0,"href":"https:\/\/kibrisdakik.com\/index.php?rest_route=\/wp\/v2\/posts\/29054\/revisions"}],"wp:featuredmedia":[{"embeddable":true,"href":"https:\/\/kibrisdakik.com\/index.php?rest_route=\/wp\/v2\/media\/29055"}],"wp:attachment":[{"href":"https:\/\/kibrisdakik.com\/index.php?rest_route=%2Fwp%2Fv2%2Fmedia&parent=29054"}],"wp:term":[{"taxonomy":"category","embeddable":true,"href":"https:\/\/kibrisdakik.com\/index.php?rest_route=%2Fwp%2Fv2%2Fcategories&post=29054"},{"taxonomy":"post_tag","embeddable":true,"href":"https:\/\/kibrisdakik.com\/index.php?rest_route=%2Fwp%2Fv2%2Ftags&post=29054"}],"curies":[{"name":"wp","href":"https:\/\/api.w.org\/{rel}","templated":true}]}}