{"id":29092,"date":"2024-02-06T09:48:53","date_gmt":"2024-02-06T09:48:53","guid":{"rendered":"https:\/\/kibrisdakik.com\/index.php\/2024\/02\/06\/arpalik-sehitleri-anildi\/"},"modified":"2024-02-06T09:48:53","modified_gmt":"2024-02-06T09:48:53","slug":"arpalik-sehitleri-anildi","status":"publish","type":"post","link":"https:\/\/kibrisdakik.com\/?p=29092","title":{"rendered":"Arpal\u0131k \u015eehitleri an\u0131ld\u0131"},"content":{"rendered":"<p><img decoding=\"async\" src=\"https:\/\/www.kibristurk.com\/images\/haberler\/2024\/02\/arpalik-sehitleri-anildi-1707209986.webp\" \/><\/p>\n<p style=\"text-align:left\"><span style=\"font-size:14px\"><span style=\"font-family:Arial,Helvetica,sans-serif\"><span style=\"color:#000000\"><span style=\"background-color:#ffffff\">Arpal\u0131k \u015fehitleri Hasan Mulla, Hasan M. Mustafa, \u0130smail Musa Mani, Mehmet H\u00fcseyin ve Mustafa Osman Margili t\u00f6renle an\u0131ld\u0131.<\/span><\/span><\/span><\/span><\/p>\n<p style=\"text-align:left\"><span style=\"font-size:14px\"><span style=\"font-family:Arial,Helvetica,sans-serif\"><span style=\"color:#000000\"><span style=\"background-color:#ffffff\">&nbsp;<\/span><\/span><\/span><\/span><\/p>\n<p style=\"text-align:left\"><span style=\"font-size:14px\"><span style=\"font-family:Arial,Helvetica,sans-serif\"><span style=\"color:#000000\"><span style=\"background-color:#ffffff\">T\u00f6rende \u015eehit Aileleri ve Malul Gaziler Dernek Genel Sekreteri Mehmet Kasabal\u0131 konu\u015fma yapt\u0131.&nbsp;<span style=\"color:#000000 !important\">Kasabal\u0131 konu\u015fmas\u0131nda, 60 y\u0131l \u00f6nce Arpal\u0131k m\u00fccahitlerinin, ENOS\u0130S hayalleriyle Akritas Plan\u0131\u2019n\u0131 uygulamaya koyan Rumlar\u0131n yo\u011fun sald\u0131r\u0131lar\u0131na kar\u015f\u0131l\u0131k vererek direndikleri g\u00fcn oldu\u011funu kaydetti.<\/span><\/span><\/span><\/span><\/span><\/p>\n<p style=\"text-align:left\"><span style=\"font-size:14px\"><span style=\"font-family:Arial,Helvetica,sans-serif\"><span style=\"color:#000000\"><span style=\"background-color:#ffffff\">&nbsp;<\/span><\/span><\/span><\/span><\/p>\n<p style=\"text-align:left\"><span style=\"font-size:14px\"><span style=\"font-family:Arial,Helvetica,sans-serif\"><span style=\"color:#000000\"><span style=\"background-color:#ffffff\">\u201cT\u00fcrkl\u00fck u\u011fruna canlar\u0131n\u0131 veren ve bu adada biz de var\u0131z diyen Arpal\u0131k k\u00f6yl\u00fcleri yo\u011fun sald\u0131r\u0131 esnas\u0131nda 5 \u015fehit vermi\u015ftir.\u201d ifadelerini kullanan Kasabal\u0131, 1964 y\u0131l\u0131nda Lefko\u015fa \u0130l\u00e7esi\u2019nin Arpal\u0131k k\u00f6y\u00fcn\u00fc hedef alan Rumlar\u0131n b\u00fcy\u00fck \u00e7apta sald\u0131r\u0131ya ge\u00e7ti\u011fini belirtti.<\/span><\/span><\/span><\/span><\/p>\n<p style=\"text-align:left\"><span style=\"font-size:14px\"><span style=\"font-family:Arial,Helvetica,sans-serif\"><span style=\"color:#000000\"><span style=\"background-color:#ffffff\">&nbsp;<\/span><\/span><\/span><\/span><\/p>\n<p style=\"text-align:left\"><span style=\"font-size:14px\"><span style=\"font-family:Arial,Helvetica,sans-serif\"><span style=\"color:#000000\"><span style=\"background-color:#ffffff\">Kasabal\u0131 s\u00f6zlerine \u015f\u00f6yle devam etti:<\/span><\/span><\/span><\/span><\/p>\n<p style=\"text-align:left\"><span style=\"font-size:14px\"><span style=\"font-family:Arial,Helvetica,sans-serif\"><span style=\"color:#000000\"><span style=\"background-color:#ffffff\">&nbsp;<span style=\"color:#000000 !important\">\u201cArpal\u0131k sald\u0131r\u0131s\u0131 Rum s\u00fcr\u00fclerinin yaratt\u0131\u011f\u0131 bir barbarl\u0131k facias\u0131d\u0131r. Bir avu\u00e7 karde\u015flerimizin ise k\u00f6ylerini savundu\u011fu \u015fanl\u0131 bir m\u00fccadeleydi.&nbsp;Aziz \u015eehitlerimiz, \u0130smail Musa Mani, Ali Hasan Mulla, Mehmet H\u00fcseyin B\u00fcy\u00fck, Mustafa Osman Margili ve Hasan Mulla Mustafa\u2019y\u0131 Rahmetle an\u0131yoruz. Ruhlar\u0131 \u015fad olsun.\u201d<\/span><\/span><\/span><\/span><\/span><\/p>\n<p style=\"text-align:left\">&nbsp;<\/p>\n","protected":false},"excerpt":{"rendered":"<p>Arpal\u0131k \u015fehitleri Hasan Mulla, Hasan M. Mustafa, \u0130smail Musa Mani, Mehmet H\u00fcseyin ve Mustafa Osman Margili t\u00f6renle an\u0131ld\u0131. &nbsp; T\u00f6rende \u015eehit Aileleri ve Malul Gaziler Dernek Genel Sekreteri Mehmet Kasabal\u0131 konu\u015fma yapt\u0131.&nbsp;Kasabal\u0131 konu\u015fmas\u0131nda, 60 y\u0131l \u00f6nce Arpal\u0131k m\u00fccahitlerinin, ENOS\u0130S hayalleriyle Akritas Plan\u0131\u2019n\u0131 uygulamaya koyan Rumlar\u0131n yo\u011fun sald\u0131r\u0131lar\u0131na kar\u015f\u0131l\u0131k vererek direndikleri g\u00fcn oldu\u011funu kaydetti. &nbsp; \u201cT\u00fcrkl\u00fck<\/p>\n","protected":false},"author":1,"featured_media":29093,"comment_status":"open","ping_status":"open","sticky":false,"template":"","format":"standard","meta":{"footnotes":""},"categories":[86],"tags":[],"class_list":["post-29092","post","type-post","status-publish","format-standard","has-post-thumbnail","hentry","category-turkiye"],"yoast_head":"<!-- This site is optimized with the Yoast SEO plugin v27.5 - https:\/\/yoast.com\/product\/yoast-seo-wordpress\/ -->\n<title>Arpal\u0131k \u015eehitleri an\u0131ld\u0131 -<\/title>\n<meta name=\"robots\" content=\"index, follow, max-snippet:-1, max-image-preview:large, max-video-preview:-1\" \/>\n<link rel=\"canonical\" href=\"https:\/\/kibrisdakik.com\/?p=29092\" \/>\n<meta property=\"og:locale\" content=\"tr_TR\" \/>\n<meta property=\"og:type\" content=\"article\" \/>\n<meta property=\"og:title\" content=\"Arpal\u0131k \u015eehitleri an\u0131ld\u0131 -\" \/>\n<meta property=\"og:description\" content=\"Arpal\u0131k \u015fehitleri Hasan Mulla, Hasan M. Mustafa, \u0130smail Musa Mani, Mehmet H\u00fcseyin ve Mustafa Osman Margili t\u00f6renle an\u0131ld\u0131. &nbsp; T\u00f6rende \u015eehit Aileleri ve Malul Gaziler Dernek Genel Sekreteri Mehmet Kasabal\u0131 konu\u015fma yapt\u0131.&nbsp;Kasabal\u0131 konu\u015fmas\u0131nda, 60 y\u0131l \u00f6nce Arpal\u0131k m\u00fccahitlerinin, ENOS\u0130S hayalleriyle Akritas Plan\u0131\u2019n\u0131 uygulamaya koyan Rumlar\u0131n yo\u011fun sald\u0131r\u0131lar\u0131na kar\u015f\u0131l\u0131k vererek direndikleri g\u00fcn oldu\u011funu kaydetti. &nbsp; \u201cT\u00fcrkl\u00fck\" \/>\n<meta property=\"og:url\" content=\"https:\/\/kibrisdakik.com\/?p=29092\" \/>\n<meta property=\"article:published_time\" content=\"2024-02-06T09:48:53+00:00\" \/>\n<meta property=\"og:image\" content=\"https:\/\/kibrisdakik.com\/wp-content\/uploads\/2024\/02\/arpalik-sehitleri-anildi-1707209986.webp.webp\" \/>\n\t<meta property=\"og:image:width\" content=\"710\" \/>\n\t<meta property=\"og:image:height\" content=\"370\" \/>\n\t<meta property=\"og:image:type\" content=\"image\/webp\" \/>\n<meta name=\"author\" content=\"admin\" \/>\n<meta name=\"twitter:card\" content=\"summary_large_image\" \/>\n<meta name=\"twitter:label1\" content=\"Yazan:\" \/>\n\t<meta name=\"twitter:data1\" content=\"admin\" \/>\n\t<meta name=\"twitter:label2\" content=\"Tahmini okuma s\u00fcresi\" \/>\n\t<meta name=\"twitter:data2\" content=\"1 dakika\" \/>\n<script type=\"application\/ld+json\" class=\"yoast-schema-graph\">{\"@context\":\"https:\\\/\\\/schema.org\",\"@graph\":[{\"@type\":\"Article\",\"@id\":\"https:\\\/\\\/kibrisdakik.com\\\/?p=29092#article\",\"isPartOf\":{\"@id\":\"https:\\\/\\\/kibrisdakik.com\\\/?p=29092\"},\"author\":{\"name\":\"admin\",\"@id\":\"https:\\\/\\\/kibrisdakik.com\\\/#\\\/schema\\\/person\\\/9cd9d437bbb44f72b73ba127e06d8e79\"},\"headline\":\"Arpal\u0131k \u015eehitleri an\u0131ld\u0131\",\"datePublished\":\"2024-02-06T09:48:53+00:00\",\"mainEntityOfPage\":{\"@id\":\"https:\\\/\\\/kibrisdakik.com\\\/?p=29092\"},\"wordCount\":210,\"commentCount\":0,\"image\":{\"@id\":\"https:\\\/\\\/kibrisdakik.com\\\/?p=29092#primaryimage\"},\"thumbnailUrl\":\"https:\\\/\\\/kibrisdakik.com\\\/wp-content\\\/uploads\\\/2024\\\/02\\\/arpalik-sehitleri-anildi-1707209986.webp.webp\",\"articleSection\":[\"T\u00fcrkiye\"],\"inLanguage\":\"tr\",\"potentialAction\":[{\"@type\":\"CommentAction\",\"name\":\"Comment\",\"target\":[\"https:\\\/\\\/kibrisdakik.com\\\/?p=29092#respond\"]}]},{\"@type\":\"WebPage\",\"@id\":\"https:\\\/\\\/kibrisdakik.com\\\/?p=29092\",\"url\":\"https:\\\/\\\/kibrisdakik.com\\\/?p=29092\",\"name\":\"Arpal\u0131k \u015eehitleri an\u0131ld\u0131 -\",\"isPartOf\":{\"@id\":\"https:\\\/\\\/kibrisdakik.com\\\/#website\"},\"primaryImageOfPage\":{\"@id\":\"https:\\\/\\\/kibrisdakik.com\\\/?p=29092#primaryimage\"},\"image\":{\"@id\":\"https:\\\/\\\/kibrisdakik.com\\\/?p=29092#primaryimage\"},\"thumbnailUrl\":\"https:\\\/\\\/kibrisdakik.com\\\/wp-content\\\/uploads\\\/2024\\\/02\\\/arpalik-sehitleri-anildi-1707209986.webp.webp\",\"datePublished\":\"2024-02-06T09:48:53+00:00\",\"author\":{\"@id\":\"https:\\\/\\\/kibrisdakik.com\\\/#\\\/schema\\\/person\\\/9cd9d437bbb44f72b73ba127e06d8e79\"},\"breadcrumb\":{\"@id\":\"https:\\\/\\\/kibrisdakik.com\\\/?p=29092#breadcrumb\"},\"inLanguage\":\"tr\",\"potentialAction\":[{\"@type\":\"ReadAction\",\"target\":[\"https:\\\/\\\/kibrisdakik.com\\\/?p=29092\"]}]},{\"@type\":\"ImageObject\",\"inLanguage\":\"tr\",\"@id\":\"https:\\\/\\\/kibrisdakik.com\\\/?p=29092#primaryimage\",\"url\":\"https:\\\/\\\/kibrisdakik.com\\\/wp-content\\\/uploads\\\/2024\\\/02\\\/arpalik-sehitleri-anildi-1707209986.webp.webp\",\"contentUrl\":\"https:\\\/\\\/kibrisdakik.com\\\/wp-content\\\/uploads\\\/2024\\\/02\\\/arpalik-sehitleri-anildi-1707209986.webp.webp\",\"width\":710,\"height\":370},{\"@type\":\"BreadcrumbList\",\"@id\":\"https:\\\/\\\/kibrisdakik.com\\\/?p=29092#breadcrumb\",\"itemListElement\":[{\"@type\":\"ListItem\",\"position\":1,\"name\":\"Home\",\"item\":\"https:\\\/\\\/kibrisdakik.com\\\/\"},{\"@type\":\"ListItem\",\"position\":2,\"name\":\"Arpal\u0131k \u015eehitleri an\u0131ld\u0131\"}]},{\"@type\":\"WebSite\",\"@id\":\"https:\\\/\\\/kibrisdakik.com\\\/#website\",\"url\":\"https:\\\/\\\/kibrisdakik.com\\\/\",\"name\":\"\",\"description\":\"Tam vaktinde haber\",\"potentialAction\":[{\"@type\":\"SearchAction\",\"target\":{\"@type\":\"EntryPoint\",\"urlTemplate\":\"https:\\\/\\\/kibrisdakik.com\\\/?s={search_term_string}\"},\"query-input\":{\"@type\":\"PropertyValueSpecification\",\"valueRequired\":true,\"valueName\":\"search_term_string\"}}],\"inLanguage\":\"tr\"},{\"@type\":\"Person\",\"@id\":\"https:\\\/\\\/kibrisdakik.com\\\/#\\\/schema\\\/person\\\/9cd9d437bbb44f72b73ba127e06d8e79\",\"name\":\"admin\",\"image\":{\"@type\":\"ImageObject\",\"inLanguage\":\"tr\",\"@id\":\"https:\\\/\\\/secure.gravatar.com\\\/avatar\\\/ccc17943b9d660506c869530f897617f7cb1c21a4bf30023f252596d83e1f007?s=96&d=mm&r=g\",\"url\":\"https:\\\/\\\/secure.gravatar.com\\\/avatar\\\/ccc17943b9d660506c869530f897617f7cb1c21a4bf30023f252596d83e1f007?s=96&d=mm&r=g\",\"contentUrl\":\"https:\\\/\\\/secure.gravatar.com\\\/avatar\\\/ccc17943b9d660506c869530f897617f7cb1c21a4bf30023f252596d83e1f007?s=96&d=mm&r=g\",\"caption\":\"admin\"},\"sameAs\":[\"https:\\\/\\\/kibrisdakik.com\"],\"url\":\"https:\\\/\\\/kibrisdakik.com\\\/?author=1\"}]}<\/script>\n<!-- \/ Yoast SEO plugin. -->","yoast_head_json":{"title":"Arpal\u0131k \u015eehitleri an\u0131ld\u0131 -","robots":{"index":"index","follow":"follow","max-snippet":"max-snippet:-1","max-image-preview":"max-image-preview:large","max-video-preview":"max-video-preview:-1"},"canonical":"https:\/\/kibrisdakik.com\/?p=29092","og_locale":"tr_TR","og_type":"article","og_title":"Arpal\u0131k \u015eehitleri an\u0131ld\u0131 -","og_description":"Arpal\u0131k \u015fehitleri Hasan Mulla, Hasan M. Mustafa, \u0130smail Musa Mani, Mehmet H\u00fcseyin ve Mustafa Osman Margili t\u00f6renle an\u0131ld\u0131. &nbsp; T\u00f6rende \u015eehit Aileleri ve Malul Gaziler Dernek Genel Sekreteri Mehmet Kasabal\u0131 konu\u015fma yapt\u0131.&nbsp;Kasabal\u0131 konu\u015fmas\u0131nda, 60 y\u0131l \u00f6nce Arpal\u0131k m\u00fccahitlerinin, ENOS\u0130S hayalleriyle Akritas Plan\u0131\u2019n\u0131 uygulamaya koyan Rumlar\u0131n yo\u011fun sald\u0131r\u0131lar\u0131na kar\u015f\u0131l\u0131k vererek direndikleri g\u00fcn oldu\u011funu kaydetti. &nbsp; \u201cT\u00fcrkl\u00fck","og_url":"https:\/\/kibrisdakik.com\/?p=29092","article_published_time":"2024-02-06T09:48:53+00:00","og_image":[{"width":710,"height":370,"url":"https:\/\/kibrisdakik.com\/wp-content\/uploads\/2024\/02\/arpalik-sehitleri-anildi-1707209986.webp.webp","type":"image\/webp"}],"author":"admin","twitter_card":"summary_large_image","twitter_misc":{"Yazan:":"admin","Tahmini okuma s\u00fcresi":"1 dakika"},"schema":{"@context":"https:\/\/schema.org","@graph":[{"@type":"Article","@id":"https:\/\/kibrisdakik.com\/?p=29092#article","isPartOf":{"@id":"https:\/\/kibrisdakik.com\/?p=29092"},"author":{"name":"admin","@id":"https:\/\/kibrisdakik.com\/#\/schema\/person\/9cd9d437bbb44f72b73ba127e06d8e79"},"headline":"Arpal\u0131k \u015eehitleri an\u0131ld\u0131","datePublished":"2024-02-06T09:48:53+00:00","mainEntityOfPage":{"@id":"https:\/\/kibrisdakik.com\/?p=29092"},"wordCount":210,"commentCount":0,"image":{"@id":"https:\/\/kibrisdakik.com\/?p=29092#primaryimage"},"thumbnailUrl":"https:\/\/kibrisdakik.com\/wp-content\/uploads\/2024\/02\/arpalik-sehitleri-anildi-1707209986.webp.webp","articleSection":["T\u00fcrkiye"],"inLanguage":"tr","potentialAction":[{"@type":"CommentAction","name":"Comment","target":["https:\/\/kibrisdakik.com\/?p=29092#respond"]}]},{"@type":"WebPage","@id":"https:\/\/kibrisdakik.com\/?p=29092","url":"https:\/\/kibrisdakik.com\/?p=29092","name":"Arpal\u0131k \u015eehitleri an\u0131ld\u0131 -","isPartOf":{"@id":"https:\/\/kibrisdakik.com\/#website"},"primaryImageOfPage":{"@id":"https:\/\/kibrisdakik.com\/?p=29092#primaryimage"},"image":{"@id":"https:\/\/kibrisdakik.com\/?p=29092#primaryimage"},"thumbnailUrl":"https:\/\/kibrisdakik.com\/wp-content\/uploads\/2024\/02\/arpalik-sehitleri-anildi-1707209986.webp.webp","datePublished":"2024-02-06T09:48:53+00:00","author":{"@id":"https:\/\/kibrisdakik.com\/#\/schema\/person\/9cd9d437bbb44f72b73ba127e06d8e79"},"breadcrumb":{"@id":"https:\/\/kibrisdakik.com\/?p=29092#breadcrumb"},"inLanguage":"tr","potentialAction":[{"@type":"ReadAction","target":["https:\/\/kibrisdakik.com\/?p=29092"]}]},{"@type":"ImageObject","inLanguage":"tr","@id":"https:\/\/kibrisdakik.com\/?p=29092#primaryimage","url":"https:\/\/kibrisdakik.com\/wp-content\/uploads\/2024\/02\/arpalik-sehitleri-anildi-1707209986.webp.webp","contentUrl":"https:\/\/kibrisdakik.com\/wp-content\/uploads\/2024\/02\/arpalik-sehitleri-anildi-1707209986.webp.webp","width":710,"height":370},{"@type":"BreadcrumbList","@id":"https:\/\/kibrisdakik.com\/?p=29092#breadcrumb","itemListElement":[{"@type":"ListItem","position":1,"name":"Home","item":"https:\/\/kibrisdakik.com\/"},{"@type":"ListItem","position":2,"name":"Arpal\u0131k \u015eehitleri an\u0131ld\u0131"}]},{"@type":"WebSite","@id":"https:\/\/kibrisdakik.com\/#website","url":"https:\/\/kibrisdakik.com\/","name":"","description":"Tam vaktinde haber","potentialAction":[{"@type":"SearchAction","target":{"@type":"EntryPoint","urlTemplate":"https:\/\/kibrisdakik.com\/?s={search_term_string}"},"query-input":{"@type":"PropertyValueSpecification","valueRequired":true,"valueName":"search_term_string"}}],"inLanguage":"tr"},{"@type":"Person","@id":"https:\/\/kibrisdakik.com\/#\/schema\/person\/9cd9d437bbb44f72b73ba127e06d8e79","name":"admin","image":{"@type":"ImageObject","inLanguage":"tr","@id":"https:\/\/secure.gravatar.com\/avatar\/ccc17943b9d660506c869530f897617f7cb1c21a4bf30023f252596d83e1f007?s=96&d=mm&r=g","url":"https:\/\/secure.gravatar.com\/avatar\/ccc17943b9d660506c869530f897617f7cb1c21a4bf30023f252596d83e1f007?s=96&d=mm&r=g","contentUrl":"https:\/\/secure.gravatar.com\/avatar\/ccc17943b9d660506c869530f897617f7cb1c21a4bf30023f252596d83e1f007?s=96&d=mm&r=g","caption":"admin"},"sameAs":["https:\/\/kibrisdakik.com"],"url":"https:\/\/kibrisdakik.com\/?author=1"}]}},"_links":{"self":[{"href":"https:\/\/kibrisdakik.com\/index.php?rest_route=\/wp\/v2\/posts\/29092","targetHints":{"allow":["GET"]}}],"collection":[{"href":"https:\/\/kibrisdakik.com\/index.php?rest_route=\/wp\/v2\/posts"}],"about":[{"href":"https:\/\/kibrisdakik.com\/index.php?rest_route=\/wp\/v2\/types\/post"}],"author":[{"embeddable":true,"href":"https:\/\/kibrisdakik.com\/index.php?rest_route=\/wp\/v2\/users\/1"}],"replies":[{"embeddable":true,"href":"https:\/\/kibrisdakik.com\/index.php?rest_route=%2Fwp%2Fv2%2Fcomments&post=29092"}],"version-history":[{"count":0,"href":"https:\/\/kibrisdakik.com\/index.php?rest_route=\/wp\/v2\/posts\/29092\/revisions"}],"wp:featuredmedia":[{"embeddable":true,"href":"https:\/\/kibrisdakik.com\/index.php?rest_route=\/wp\/v2\/media\/29093"}],"wp:attachment":[{"href":"https:\/\/kibrisdakik.com\/index.php?rest_route=%2Fwp%2Fv2%2Fmedia&parent=29092"}],"wp:term":[{"taxonomy":"category","embeddable":true,"href":"https:\/\/kibrisdakik.com\/index.php?rest_route=%2Fwp%2Fv2%2Fcategories&post=29092"},{"taxonomy":"post_tag","embeddable":true,"href":"https:\/\/kibrisdakik.com\/index.php?rest_route=%2Fwp%2Fv2%2Ftags&post=29092"}],"curies":[{"name":"wp","href":"https:\/\/api.w.org\/{rel}","templated":true}]}}