{"id":29128,"date":"2024-02-06T13:31:49","date_gmt":"2024-02-06T13:31:49","guid":{"rendered":"https:\/\/kibrisdakik.com\/index.php\/2024\/02\/06\/depremde-hayatini-kaybedenler-gazimagusada-anildi\/"},"modified":"2024-02-06T13:31:49","modified_gmt":"2024-02-06T13:31:49","slug":"depremde-hayatini-kaybedenler-gazimagusada-anildi","status":"publish","type":"post","link":"https:\/\/kibrisdakik.com\/?p=29128","title":{"rendered":"Depremde hayat\u0131n\u0131 kaybedenler Gazima\u011fusa\u2019da an\u0131ld\u0131"},"content":{"rendered":"<p><img decoding=\"async\" src=\"https:\/\/www.kibristurk.com\/images\/haberler\/2024\/02\/depremde-hayatini-kaybedenler-gazimagusada-anildi-1707225361.webp\" \/><\/p>\n<p style=\"text-align:left\"><span style=\"font-size:16px\"><span style=\"font-family:Merriweather,serif !important\"><span style=\"color:#000000\"><span style=\"background-color:#ffffff\">T\u00f6re, T\u00fcrkiye\u2019de 6 \u015eubat\u2019ta meydana gelen \u201casr\u0131n felaketinde\u201d ya\u015fam\u0131n\u0131 yitiren 49 KKTC vatanda\u015f\u0131n\u0131n an\u0131ld\u0131\u011f\u0131 Rauf Raif Denkta\u015f K\u00fclt\u00fcr ve Kongre Saray\u0131\u2019nda d\u00fczenlenen etkinlikte konu\u015ftu.<\/span><\/span><\/span><\/span><\/p>\n<p style=\"text-align:left\"><span style=\"font-size:16px\"><span style=\"font-family:Merriweather,serif !important\"><span style=\"color:#000000\"><span style=\"background-color:#ffffff\">-T\u00f6re<\/span><\/span><\/span><\/span><\/p>\n<p style=\"text-align:left\"><span style=\"font-size:16px\"><span style=\"font-family:Merriweather,serif !important\"><span style=\"color:#000000\"><span style=\"background-color:#ffffff\">Cumhuriyet Meclisi Ba\u015fkan\u0131 Zorlu T\u00f6re konu\u015fmas\u0131nda depremin, Anavatan T\u00fcrkiye\u2019de ve KKTC\u2019de \u00e7ok b\u00fcy\u00fck bir ac\u0131 b\u0131rakt\u0131\u011f\u0131n\u0131 vurgulad\u0131.<\/span><\/span><\/span><\/span><\/p>\n<p style=\"text-align:left\"><span style=\"font-size:16px\"><span style=\"font-family:Merriweather,serif !important\"><span style=\"color:#000000\"><span style=\"background-color:#ffffff\">T\u00f6re, \u201cGenelde T\u00fcrkiye\u2019de ve KKTC\u2019de ancak \u00f6zelde Gazima\u011fusa b\u00f6lgesinde \u015eampiyon Meleklerin kayb\u0131 \u00f6yle bir ac\u0131 b\u0131rakt\u0131 ki bu nesil bu d\u00fcnyadan g\u00f6\u00e7 edene kadar bu ac\u0131y\u0131 ya\u015famaya devam edecektir.\u201d diye konu\u015ftu.<\/span><\/span><\/span><\/span><\/p>\n<p style=\"text-align:left\"><span style=\"font-size:16px\"><span style=\"font-family:Merriweather,serif !important\"><span style=\"color:#000000\"><span style=\"background-color:#ffffff\">\u201cKKTC devleti olarak bizlerin g\u00f6revi bu ac\u0131dan dersler \u00e7\u0131karmak, unutmamak unutturmamak\u201d vurgusu yapan T\u00f6re, devlet olarak \u00fczerlerine d\u00fc\u015fen g\u00f6revin depreme dayan\u0131kl\u0131 binalar yap\u0131lmas\u0131n\u0131 sa\u011flamak oldu\u011funu kaydetti. T\u00f6re, depreme dayan\u0131kl\u0131 olmayan binalar\u0131 da tespit ederek, gere\u011finin yap\u0131lmas\u0131n\u0131n \u015fart oldu\u011funu s\u00f6yledi.<\/span><\/span><\/span><\/span><\/p>\n<p style=\"text-align:left\"><span style=\"font-size:16px\"><span style=\"font-family:Merriweather,serif !important\"><span style=\"color:#000000\"><span style=\"background-color:#ffffff\">\u0130sias Otel binas\u0131 depreme dayan\u0131kl\u0131 olsayd\u0131 ac\u0131n\u0131n bu kadar b\u00fcy\u00fck olmayaca\u011f\u0131n\u0131 ifade eden T\u00f6re, belki yine kay\u0131p olaca\u011f\u0131n\u0131 ancak 72 ki\u015finin hayat\u0131n\u0131 kaybetmeyece\u011fini dile getirdi.<\/span><\/span><\/span><\/span><\/p>\n<p style=\"text-align:left\"><span style=\"font-size:16px\"><span style=\"font-family:Merriweather,serif !important\"><span style=\"color:#000000\"><span style=\"background-color:#ffffff\">\u0130sias Otel\u2019i gidip yerinde g\u00f6rd\u00fcklerini ve civarda sa\u011flam binalar oldu\u011funu belirterek, \u201c\u0130sias tuzla buz, toprak par\u00e7as\u0131 oldu. Nas\u0131l b\u00f6yle bir bina yap\u0131ld\u0131?\u201d diye soran T\u00f6re, binay\u0131 yapanlar\u0131n, izin verenlerin su\u00e7 i\u015fledi\u011fini, bu nedenle adaletin tecelli etmesi gerekti\u011finin alt\u0131n\u0131 \u00e7izdi.<\/span><\/span><\/span><\/span><\/p>\n<p style=\"text-align:left\"><span style=\"font-size:16px\"><span style=\"font-family:Merriweather,serif !important\"><span style=\"color:#000000\"><span style=\"background-color:#ffffff\">Anavatan T\u00fcrkiye\u2019nin Adalet Bakan\u0131\u2019n\u0131n konuyla ilgili KKTC\u2019yi ziyaret ederek, temaslarda bulundu\u011funa ve \u201cadaletin tecelli\u201d edece\u011fini s\u00f6yledi\u011fine i\u015faret eden T\u00f6re, \u201cAnavatan T\u00fcrkiye\u2019mize, milletimize ve adaletine g\u00fcveniyoruz\u201d dedi.<\/span><\/span><\/span><\/span><\/p>\n<p style=\"text-align:left\"><span style=\"font-size:16px\"><span style=\"font-family:Merriweather,serif !important\"><span style=\"color:#000000\"><span style=\"background-color:#ffffff\">\u201cCanlar\u0131m\u0131z geri gelmeyecek ama Anavatan T\u00fcrkiye\u2019deki h\u00fck\u00fcmetin gayretlerini g\u00f6r\u00fcyoruz\u201d diye konu\u015fan T\u00f6re, geride kalanlar\u0131 teselli etmek, hayata tutunmalar\u0131n\u0131 sa\u011flamak i\u00e7in m\u00fccadele verildi\u011fini, KKTC Devleti\u2019nin, H\u00fck\u00fcmeti\u2019nin, Meclisi\u2019nin de ayn\u0131 gayret i\u00e7erisinde oldu\u011funu kaydetti.<\/span><\/span><\/span><\/span><\/p>\n<p style=\"text-align:left\"><span style=\"font-size:16px\"><span style=\"font-family:Merriweather,serif !important\"><span style=\"color:#000000\"><span style=\"background-color:#ffffff\">Meclis Ba\u015fkan\u0131 T\u00f6re, hayat\u0131n\u0131 kaybedenlere Allah\u2019tan rahmet, yasl\u0131 ailelerine ve sevenlerine ba\u015fsa\u011fl\u0131\u011f\u0131 diledi.<\/span><\/span><\/span><\/span><\/p>\n<p style=\"text-align:left\">&nbsp;<\/p>\n<p style=\"text-align:left\"><span style=\"font-size:16px\"><span style=\"font-family:Merriweather,serif !important\"><span style=\"color:#000000\"><span style=\"background-color:#ffffff\">-Feyzio\u011flu: \u201cKatillerden T\u00fcrk adaleti eliyle hesap sormak hepimizin boynunun borcudur\u201d<\/span><\/span><\/span><\/span><\/p>\n<p style=\"text-align:left\"><span style=\"font-size:16px\"><span style=\"font-family:Merriweather,serif !important\"><span style=\"color:#000000\"><span style=\"background-color:#ffffff\">TC Lefko\u015fa B\u00fcy\u00fckel\u00e7isi Metin Feyzio\u011flu da, herkesi sayg\u0131yla ve y\u00fcre\u011findeki b\u00fcy\u00fck ac\u0131yla selamlayarak, \u201cBu ac\u0131y\u0131 birlikte payla\u015ft\u0131k, ilk g\u00fcnden bug\u00fcne kadar her g\u00fcn\u2026\u201d dedi.<\/span><\/span><\/span><\/span><\/p>\n<p style=\"text-align:left\"><span style=\"font-size:16px\"><span style=\"font-family:Merriweather,serif !important\"><span style=\"color:#000000\"><span style=\"background-color:#ffffff\">6 \u015eubat depreminde 53 bin 537 ki\u015finin hayat\u0131n\u0131 kaybetti\u011fine i\u015faret eden Feyzio\u011flu, iki devasa depremi, \u201casr\u0131n de\u011fil as\u0131rlar\u0131n felaketi\u201d olarak niteledi.<\/span><\/span><\/span><\/span><\/p>\n<p style=\"text-align:left\"><span style=\"font-size:16px\"><span style=\"font-family:Merriweather,serif !important\"><span style=\"color:#000000\"><span style=\"background-color:#ffffff\">\u201c53 bin 537 can\u0131n i\u00e7inde ci\u011fer parelerimiz \u015eampiyon Meleklerimiz var. Toplar\u0131n\u0131 biz alm\u0131\u015ft\u0131k, hediye etmi\u015ftik, hediye ederken kupa bekliyoruz demi\u015ftik. S\u00f6z vermi\u015flerdi kupay\u0131 getirmeye\u2026 Tabutlar\u0131n\u0131 ta\u015f\u0131d\u0131k birlikte\u2026\u201d diye konu\u015fan Metin Feyzio\u011flu, aileler i\u00e7in 6 \u015eubat\u2019ta zaman\u0131n durdu\u011funu dile getirdi.<\/span><\/span><\/span><\/span><\/p>\n<p style=\"text-align:left\"><span style=\"font-size:16px\"><span style=\"font-family:Merriweather,serif !important\"><span style=\"color:#000000\"><span style=\"background-color:#ffffff\">\u201c53 bin 537 bir say\u0131 de\u011fil, her biri hayalleri, gelece\u011fi, umutlar\u0131, sevdikleri, sevenleri olan canlar\u0131m\u0131z ve \u015eampiyon Meleklerimiz.\u201d diyen Metin Feyzio\u011flu, \u015f\u00f6yle konu\u015ftu:<\/span><\/span><\/span><\/span><\/p>\n<p style=\"text-align:left\"><span style=\"font-size:16px\"><span style=\"font-family:Merriweather,serif !important\"><span style=\"color:#000000\"><span style=\"background-color:#ffffff\">\u201c53 bin 537\u2019ye hi\u00e7bir zaman say\u0131 muamelesi yapt\u0131rmamak hepimizin g\u00f6revidir, and\u0131d\u0131r, s\u00f6z\u00fcd\u00fcr. Onlar can\u0131m\u0131zd\u0131r. Onlar\u0131 bina diye asl\u0131nda tabutlara yerle\u015ftirmi\u015f olan katillerden T\u00fcrk adaleti eliyle hesap sormak hepimizin boynunun borcudur. Ac\u0131 s\u0131ras\u0131nda birlik olduk, adalet aray\u0131\u015f\u0131nda da T\u00fcrk milleti olarak ayr\u0131m g\u00f6zetmeksizin birlikteyiz.\u201d<\/span><\/span><\/span><\/span><\/p>\n<p style=\"text-align:left\"><span style=\"font-size:16px\"><span style=\"font-family:Merriweather,serif !important\"><span style=\"color:#000000\"><span style=\"background-color:#ffffff\">TC Cumhurba\u015fkan\u0131 Recep Tayyip Erdo\u011fan liderli\u011finde, T\u00fcrkiye\u2019yi yeni ba\u015ftan \u00e7ok daha sa\u011flam yaparak, kentsel d\u00f6n\u00fc\u015f\u00fcm\u00fc sa\u011flaman\u0131n gelecek nesillere bor\u00e7lar\u0131 oldu\u011funu kaydeden Feyzio\u011flu, \u201cAdaleti sa\u011flamak da gelecek nesillere borcumuzdur.\u201d dedi.<\/span><\/span><\/span><\/span><\/p>\n<p style=\"text-align:left\"><span style=\"font-size:16px\"><span style=\"font-family:Merriweather,serif !important\"><span style=\"color:#000000\"><span style=\"background-color:#ffffff\">\u201cAdalet eksiksiz sa\u011flanacak ki bir daha hi\u00e7 kimse ihmal ile izah\u0131 m\u00fcmk\u00fcn olmayan bu hareketlere, su\u00e7lara meyil etmeyecek. Bunu da ba\u015faraca\u011f\u0131m\u0131za eminim\u201d diye konu\u015fan Feyzio\u011flu, \u015eampiyon Meleklerin adlar\u0131n\u0131 sonsuza kadar ya\u015fatacaklar\u0131n\u0131 vurgulad\u0131.<\/span><\/span><\/span><\/span><\/p>\n<p style=\"text-align:left\"><span style=\"font-size:16px\"><span style=\"font-family:Merriweather,serif !important\"><span style=\"color:#000000\"><span style=\"background-color:#ffffff\">Feyzio\u011flu, \u201cAc\u0131n\u0131z, ac\u0131m\u0131z, ac\u0131m\u0131z ac\u0131n\u0131z. Mekanlar\u0131 cennet olsun.\u201d diyerek konu\u015fmas\u0131n\u0131 tamamlad\u0131.<\/span><\/span><\/span><\/span><\/p>\n<p style=\"text-align:left\">&nbsp;<\/p>\n<p style=\"text-align:left\"><span style=\"font-size:16px\"><span style=\"font-family:Merriweather,serif !important\"><span style=\"color:#000000\"><span style=\"background-color:#ffffff\">-Karakaya: \u201cKatiller en a\u011f\u0131r cezalar\u0131 alana kadar adalet m\u00fccadelemiz her platformda devam edecek\u201d<\/span><\/span><\/span><\/span><\/p>\n<p style=\"text-align:left\"><span style=\"font-size:16px\"><span style=\"font-family:Merriweather,serif !important\"><span style=\"color:#000000\"><span style=\"background-color:#ffffff\">\u015eampiyon Melekleri Ya\u015fatma Derne\u011fi Ba\u015fkan\u0131 Ru\u015fen Y\u00fccesoylu Karakaya da, \u201c6 \u015eubat 2023\u2019ten bug\u00fcne kadar her g\u00fcn oldu\u011fu gibi bug\u00fcn de y\u00fcreklerimizde saklad\u0131\u011f\u0131m\u0131z canlar\u0131m\u0131z i\u00e7in hep birlikteyiz.\u201d dedi.<\/span><\/span><\/span><\/span><\/p>\n<p style=\"text-align:left\"><span style=\"font-size:16px\"><span style=\"font-family:Merriweather,serif !important\"><span style=\"color:#000000\"><span style=\"background-color:#ffffff\">Karakaya, \u201cBa\u015far\u0131lar\u0131, tertemiz kocaman y\u00fcrekleri, masumiyetleri ile kalplerimizde \u015eampiyon Melekler olarak an\u0131lacak ve ya\u015fayacak t\u00fcm meleklerimiz iyi ki hayatlar\u0131m\u0131za dokundular ve k\u0131sac\u0131k ya\u015fam ser\u00fcvenlerinde bizlere b\u00fcy\u00fck dersler verdiler\u201d \u015feklinde konu\u015ftu.<\/span><\/span><\/span><\/span><\/p>\n<p style=\"text-align:left\"><span style=\"font-size:16px\"><span style=\"font-family:Merriweather,serif !important\"><span style=\"color:#000000\"><span style=\"background-color:#ffffff\">\u201cSadece birka\u00e7 ay \u00f6nce m\u00fczik dinletisi, tiyatro, okul etkinli\u011fi bu salonun \u00f6znesi ve ne\u015fesi \u00e7ocuklar\u0131m\u0131z, bug\u00fcn aram\u0131zda yok. Onlar\u0131 bu \u015fekilde hat\u0131rlamam\u0131za sebep olanlar vicdan yoksunu, sorumsuz ve duygusuz katillerdir\u201d vurgusu yapan Karakaya, \u201cEvlerimizin, \u015fehrimizin ne\u015fesi, \u00fclkemizin gelecek umudu olan \u00e7ocuklar\u0131m\u0131z, \u00f6\u011fretmenlerimiz ve arkada\u015flar\u0131m\u0131z, ahlak yoksunu, a\u00e7g\u00f6zl\u00fc ve kural tan\u0131mazlar taraf\u0131ndan bilerek ve isteyerek Grand \u0130sias\u2019ta \u00f6ld\u00fcr\u00fcld\u00fc.\u201d dedi.<\/span><\/span><\/span><\/span><\/p>\n<p style=\"text-align:left\"><span style=\"font-size:16px\"><span style=\"font-family:Merriweather,serif !important\"><span style=\"color:#000000\"><span style=\"background-color:#ffffff\">Karakaya, \u201cEvlatlar\u0131m\u0131z\u0131n y\u00fczlerini de\u011fil, mezar ta\u015flar\u0131n\u0131 seviyorsak bunun sebebi \u0130sias\u2019\u0131 yaratan siz katillersiniz ve siz en a\u011f\u0131r cezalar\u0131 alana kadar adalet m\u00fccadelemiz her platformda devam edecek.\u201d diye konu\u015ftu.<\/span><\/span><\/span><\/span><\/p>\n<p style=\"text-align:left\"><span style=\"font-size:16px\"><span style=\"font-family:Merriweather,serif !important\"><span style=\"color:#000000\"><span style=\"background-color:#ffffff\">Son bir y\u0131ld\u0131r her sabah 6 \u015eubat\u2019a uyand\u0131klar\u0131n\u0131 dile getiren Karakaya, \u201cBizlerin tek gailesi, tek motivesi adalet i\u00e7in m\u00fccadele etmektir.\u201d dedi. Karakaya, bu co\u011frafyada adalet araman\u0131n m\u00fcmk\u00fcn oldu\u011funu t\u00fcm d\u00fcnyaya g\u00f6stererek, ortak m\u00fccadelelerinde yanlar\u0131nda olan her bir bireye, \u201ciyi ki vars\u0131n\u0131z\u201d diyerek seslendi.<\/span><\/span><\/span><\/span><\/p>\n<p style=\"text-align:left\"><span style=\"font-size:16px\"><span style=\"font-family:Merriweather,serif !important\"><span style=\"color:#000000\"><span style=\"background-color:#ffffff\">\u015eampiyon Melekler i\u00e7in hep birlikte sonuna kadar y\u00fcr\u00fcyeceklerinin alt\u0131n\u0131 \u00e7izen Karakaya, tarih boyunca ya\u015fanan t\u00fcm trajedilerde toplumun g\u00f6sterdi\u011fi birlik ve m\u00fccadele ruhunun yine ortaya \u00e7\u0131kt\u0131\u011f\u0131n\u0131 belirtti.<\/span><\/span><\/span><\/span><\/p>\n<p style=\"text-align:left\"><span style=\"font-size:16px\"><span style=\"font-family:Merriweather,serif !important\"><span style=\"color:#000000\"><span style=\"background-color:#ffffff\">Ru\u015fen Karakaya, \u201cToplumun her bireyi ac\u0131m\u0131z\u0131 payla\u015ft\u0131. Bizlerle kenetlendi. Bu birliktelik biz aileler i\u00e7in adeta bir m\u00fccadele ve g\u00fc\u00e7 kayna\u011f\u0131 olmu\u015ftur. Su\u00e7lular\u0131n bizden korkmas\u0131n\u0131 sa\u011flam\u0131\u015ft\u0131r\u201d ifadelerini kulland\u0131.<\/span><\/span><\/span><\/span><\/p>\n<p style=\"text-align:left\"><span style=\"font-size:16px\"><span style=\"font-family:Merriweather,serif !important\"><span style=\"color:#000000\"><span style=\"background-color:#ffffff\">Karakaya, derne\u011fin, t\u00fcm su\u00e7lular\u0131n hukuk \u00f6n\u00fcnde yarg\u0131lanarak, ceza almalar\u0131 i\u00e7in hep var olaca\u011f\u0131n\u0131, ayr\u0131ca canlar\u0131n an\u0131lar\u0131n\u0131 ya\u015fataca\u011f\u0131n\u0131 ve gelecek nesillere kal\u0131c\u0131 eserler b\u0131rakmak i\u00e7in \u00e7al\u0131\u015faca\u011f\u0131n\u0131 s\u00f6yledi.<\/span><\/span><\/span><\/span><\/p>\n<p style=\"text-align:left\"><span style=\"font-size:16px\"><span style=\"font-family:Merriweather,serif !important\"><span style=\"color:#000000\"><span style=\"background-color:#ffffff\">\u201cEvlerimiz, yuvalar\u0131m\u0131z hi\u00e7bir zaman 6 \u015eubat \u00f6ncesine d\u00f6nmeyecek, \u015fampiyonlar\u0131m\u0131z geri gelmeyecek, kuca\u011f\u0131m\u0131z hep bo\u015f kalacak.\u201d diye konu\u015fan Karakaya, \u201c\u00c7ocuklar\u0131m\u0131z\u0131n renkli d\u00fcnyas\u0131ndan bize sadece karanl\u0131\u011f\u0131 b\u0131rakanlar hak ettikleri olas\u0131 kast ile yarg\u0131lan\u0131p, en a\u011f\u0131r cezay\u0131 als\u0131nlar diye m\u00fccadele edece\u011fiz.\u201d dedi.<\/span><\/span><\/span><\/span><\/p>\n<p style=\"text-align:left\"><span style=\"font-size:16px\"><span style=\"font-family:Merriweather,serif !important\"><span style=\"color:#000000\"><span style=\"background-color:#ffffff\">Son bir y\u0131ld\u0131r \u015eampiyon Melekler ad\u0131n\u0131n an\u0131ld\u0131\u011f\u0131 her anda yanlar\u0131nda olan Cumhurba\u015fkan\u0131, Ba\u015fbakan, devlet yetkilileri, bas\u0131n emek\u00e7ileri ve t\u00fcm halka te\u015fekk\u00fcr eden Karakaya, ayr\u0131ca belediyeler, \u0130n\u015faat M\u00fcteahhitleri Birli\u011fi, t\u00fcm firmalar ve emek\u00e7ilere de te\u015fekk\u00fcrlerini sundu.<\/span><\/span><\/span><\/span><\/p>\n<p style=\"text-align:left\"><span style=\"font-size:16px\"><span style=\"font-family:Merriweather,serif !important\"><span style=\"color:#000000\"><span style=\"background-color:#ffffff\">Dernek Ba\u015fkan\u0131 Karakaya, \u201cAz sonra i\u00e7imizdeki ac\u0131y\u0131, \u00f6fkeyi, her g\u00fcn devle\u015fen \u00f6zlemimizi ve adalet iste\u011fimizi simgeleyen beyaz balonlar\u0131 umutla g\u00f6ky\u00fcz\u00fcn\u00fcn sonsuzlu\u011funa b\u0131rakaca\u011f\u0131z\u201d diyerek, \u201cSevgimiz, \u00f6zlemimiz ve hasretimiz sonsuzdur. Adalet aray\u0131\u015f\u0131m\u0131z da \u00f6yle olacak\u2026 \u015eampiyonlar\u0131m\u0131z\u0131 unutmayaca\u011f\u0131z, \u00e7\u00fcnk\u00fc \u015fampiyonlar \u00f6lmez\u201d vurgusu yapt\u0131.<\/span><\/span><\/span><\/span><\/p>\n<p style=\"text-align:left\"><span style=\"font-size:16px\"><span style=\"font-family:Merriweather,serif !important\"><span style=\"color:#000000\"><span style=\"background-color:#ffffff\">Rauf Raif Denkta\u015f K\u00fclt\u00fcr ve Kongre Saray\u0131\u2019ndaki etkinlik beyaz balonlar\u0131n u\u00e7urulmas\u0131yla tamamland\u0131.<\/span><\/span><\/span><\/span><\/p>\n","protected":false},"excerpt":{"rendered":"<p>T\u00f6re, T\u00fcrkiye\u2019de 6 \u015eubat\u2019ta meydana gelen \u201casr\u0131n felaketinde\u201d ya\u015fam\u0131n\u0131 yitiren 49 KKTC vatanda\u015f\u0131n\u0131n an\u0131ld\u0131\u011f\u0131 Rauf Raif Denkta\u015f K\u00fclt\u00fcr ve Kongre Saray\u0131\u2019nda d\u00fczenlenen etkinlikte konu\u015ftu. -T\u00f6re Cumhuriyet Meclisi Ba\u015fkan\u0131 Zorlu T\u00f6re konu\u015fmas\u0131nda depremin, Anavatan T\u00fcrkiye\u2019de ve KKTC\u2019de \u00e7ok b\u00fcy\u00fck bir ac\u0131 b\u0131rakt\u0131\u011f\u0131n\u0131 vurgulad\u0131. T\u00f6re, \u201cGenelde T\u00fcrkiye\u2019de ve KKTC\u2019de ancak \u00f6zelde Gazima\u011fusa b\u00f6lgesinde \u015eampiyon Meleklerin kayb\u0131 \u00f6yle<\/p>\n","protected":false},"author":1,"featured_media":29129,"comment_status":"open","ping_status":"open","sticky":false,"template":"","format":"standard","meta":{"footnotes":""},"categories":[1],"tags":[],"class_list":["post-29128","post","type-post","status-publish","format-standard","has-post-thumbnail","hentry","category-gundem"],"yoast_head":"<!-- This site is optimized with the Yoast SEO plugin v27.5 - https:\/\/yoast.com\/product\/yoast-seo-wordpress\/ -->\n<title>Depremde hayat\u0131n\u0131 kaybedenler Gazima\u011fusa\u2019da an\u0131ld\u0131 -<\/title>\n<meta name=\"robots\" content=\"index, follow, max-snippet:-1, max-image-preview:large, max-video-preview:-1\" \/>\n<link rel=\"canonical\" href=\"https:\/\/kibrisdakik.com\/?p=29128\" \/>\n<meta property=\"og:locale\" content=\"tr_TR\" \/>\n<meta property=\"og:type\" content=\"article\" \/>\n<meta property=\"og:title\" content=\"Depremde hayat\u0131n\u0131 kaybedenler Gazima\u011fusa\u2019da an\u0131ld\u0131 -\" \/>\n<meta property=\"og:description\" content=\"T\u00f6re, T\u00fcrkiye\u2019de 6 \u015eubat\u2019ta meydana gelen \u201casr\u0131n felaketinde\u201d ya\u015fam\u0131n\u0131 yitiren 49 KKTC vatanda\u015f\u0131n\u0131n an\u0131ld\u0131\u011f\u0131 Rauf Raif Denkta\u015f K\u00fclt\u00fcr ve Kongre Saray\u0131\u2019nda d\u00fczenlenen etkinlikte konu\u015ftu. -T\u00f6re Cumhuriyet Meclisi Ba\u015fkan\u0131 Zorlu T\u00f6re konu\u015fmas\u0131nda depremin, Anavatan T\u00fcrkiye\u2019de ve KKTC\u2019de \u00e7ok b\u00fcy\u00fck bir ac\u0131 b\u0131rakt\u0131\u011f\u0131n\u0131 vurgulad\u0131. T\u00f6re, \u201cGenelde T\u00fcrkiye\u2019de ve KKTC\u2019de ancak \u00f6zelde Gazima\u011fusa b\u00f6lgesinde \u015eampiyon Meleklerin kayb\u0131 \u00f6yle\" \/>\n<meta property=\"og:url\" content=\"https:\/\/kibrisdakik.com\/?p=29128\" \/>\n<meta property=\"article:published_time\" content=\"2024-02-06T13:31:49+00:00\" \/>\n<meta property=\"og:image\" content=\"https:\/\/kibrisdakik.com\/wp-content\/uploads\/2024\/02\/depremde-hayatini-kaybedenler-gazimagusada-anildi-1707225361.webp.webp\" \/>\n\t<meta property=\"og:image:width\" content=\"710\" \/>\n\t<meta property=\"og:image:height\" content=\"370\" \/>\n\t<meta property=\"og:image:type\" content=\"image\/webp\" \/>\n<meta name=\"author\" content=\"admin\" \/>\n<meta name=\"twitter:card\" content=\"summary_large_image\" \/>\n<meta name=\"twitter:label1\" content=\"Yazan:\" \/>\n\t<meta name=\"twitter:data1\" content=\"admin\" \/>\n\t<meta name=\"twitter:label2\" content=\"Tahmini okuma s\u00fcresi\" \/>\n\t<meta name=\"twitter:data2\" content=\"6 dakika\" \/>\n<script type=\"application\/ld+json\" class=\"yoast-schema-graph\">{\"@context\":\"https:\\\/\\\/schema.org\",\"@graph\":[{\"@type\":\"Article\",\"@id\":\"https:\\\/\\\/kibrisdakik.com\\\/?p=29128#article\",\"isPartOf\":{\"@id\":\"https:\\\/\\\/kibrisdakik.com\\\/?p=29128\"},\"author\":{\"name\":\"admin\",\"@id\":\"https:\\\/\\\/kibrisdakik.com\\\/#\\\/schema\\\/person\\\/9cd9d437bbb44f72b73ba127e06d8e79\"},\"headline\":\"Depremde hayat\u0131n\u0131 kaybedenler Gazima\u011fusa\u2019da an\u0131ld\u0131\",\"datePublished\":\"2024-02-06T13:31:49+00:00\",\"mainEntityOfPage\":{\"@id\":\"https:\\\/\\\/kibrisdakik.com\\\/?p=29128\"},\"wordCount\":1307,\"commentCount\":0,\"image\":{\"@id\":\"https:\\\/\\\/kibrisdakik.com\\\/?p=29128#primaryimage\"},\"thumbnailUrl\":\"https:\\\/\\\/kibrisdakik.com\\\/wp-content\\\/uploads\\\/2024\\\/02\\\/depremde-hayatini-kaybedenler-gazimagusada-anildi-1707225361.webp.webp\",\"articleSection\":[\"G\u00fcndem\"],\"inLanguage\":\"tr\",\"potentialAction\":[{\"@type\":\"CommentAction\",\"name\":\"Comment\",\"target\":[\"https:\\\/\\\/kibrisdakik.com\\\/?p=29128#respond\"]}]},{\"@type\":\"WebPage\",\"@id\":\"https:\\\/\\\/kibrisdakik.com\\\/?p=29128\",\"url\":\"https:\\\/\\\/kibrisdakik.com\\\/?p=29128\",\"name\":\"Depremde hayat\u0131n\u0131 kaybedenler Gazima\u011fusa\u2019da an\u0131ld\u0131 -\",\"isPartOf\":{\"@id\":\"https:\\\/\\\/kibrisdakik.com\\\/#website\"},\"primaryImageOfPage\":{\"@id\":\"https:\\\/\\\/kibrisdakik.com\\\/?p=29128#primaryimage\"},\"image\":{\"@id\":\"https:\\\/\\\/kibrisdakik.com\\\/?p=29128#primaryimage\"},\"thumbnailUrl\":\"https:\\\/\\\/kibrisdakik.com\\\/wp-content\\\/uploads\\\/2024\\\/02\\\/depremde-hayatini-kaybedenler-gazimagusada-anildi-1707225361.webp.webp\",\"datePublished\":\"2024-02-06T13:31:49+00:00\",\"author\":{\"@id\":\"https:\\\/\\\/kibrisdakik.com\\\/#\\\/schema\\\/person\\\/9cd9d437bbb44f72b73ba127e06d8e79\"},\"breadcrumb\":{\"@id\":\"https:\\\/\\\/kibrisdakik.com\\\/?p=29128#breadcrumb\"},\"inLanguage\":\"tr\",\"potentialAction\":[{\"@type\":\"ReadAction\",\"target\":[\"https:\\\/\\\/kibrisdakik.com\\\/?p=29128\"]}]},{\"@type\":\"ImageObject\",\"inLanguage\":\"tr\",\"@id\":\"https:\\\/\\\/kibrisdakik.com\\\/?p=29128#primaryimage\",\"url\":\"https:\\\/\\\/kibrisdakik.com\\\/wp-content\\\/uploads\\\/2024\\\/02\\\/depremde-hayatini-kaybedenler-gazimagusada-anildi-1707225361.webp.webp\",\"contentUrl\":\"https:\\\/\\\/kibrisdakik.com\\\/wp-content\\\/uploads\\\/2024\\\/02\\\/depremde-hayatini-kaybedenler-gazimagusada-anildi-1707225361.webp.webp\",\"width\":710,\"height\":370},{\"@type\":\"BreadcrumbList\",\"@id\":\"https:\\\/\\\/kibrisdakik.com\\\/?p=29128#breadcrumb\",\"itemListElement\":[{\"@type\":\"ListItem\",\"position\":1,\"name\":\"Home\",\"item\":\"https:\\\/\\\/kibrisdakik.com\\\/\"},{\"@type\":\"ListItem\",\"position\":2,\"name\":\"Depremde hayat\u0131n\u0131 kaybedenler Gazima\u011fusa\u2019da an\u0131ld\u0131\"}]},{\"@type\":\"WebSite\",\"@id\":\"https:\\\/\\\/kibrisdakik.com\\\/#website\",\"url\":\"https:\\\/\\\/kibrisdakik.com\\\/\",\"name\":\"\",\"description\":\"Tam vaktinde haber\",\"potentialAction\":[{\"@type\":\"SearchAction\",\"target\":{\"@type\":\"EntryPoint\",\"urlTemplate\":\"https:\\\/\\\/kibrisdakik.com\\\/?s={search_term_string}\"},\"query-input\":{\"@type\":\"PropertyValueSpecification\",\"valueRequired\":true,\"valueName\":\"search_term_string\"}}],\"inLanguage\":\"tr\"},{\"@type\":\"Person\",\"@id\":\"https:\\\/\\\/kibrisdakik.com\\\/#\\\/schema\\\/person\\\/9cd9d437bbb44f72b73ba127e06d8e79\",\"name\":\"admin\",\"image\":{\"@type\":\"ImageObject\",\"inLanguage\":\"tr\",\"@id\":\"https:\\\/\\\/secure.gravatar.com\\\/avatar\\\/ccc17943b9d660506c869530f897617f7cb1c21a4bf30023f252596d83e1f007?s=96&d=mm&r=g\",\"url\":\"https:\\\/\\\/secure.gravatar.com\\\/avatar\\\/ccc17943b9d660506c869530f897617f7cb1c21a4bf30023f252596d83e1f007?s=96&d=mm&r=g\",\"contentUrl\":\"https:\\\/\\\/secure.gravatar.com\\\/avatar\\\/ccc17943b9d660506c869530f897617f7cb1c21a4bf30023f252596d83e1f007?s=96&d=mm&r=g\",\"caption\":\"admin\"},\"sameAs\":[\"https:\\\/\\\/kibrisdakik.com\"],\"url\":\"https:\\\/\\\/kibrisdakik.com\\\/?author=1\"}]}<\/script>\n<!-- \/ Yoast SEO plugin. -->","yoast_head_json":{"title":"Depremde hayat\u0131n\u0131 kaybedenler Gazima\u011fusa\u2019da an\u0131ld\u0131 -","robots":{"index":"index","follow":"follow","max-snippet":"max-snippet:-1","max-image-preview":"max-image-preview:large","max-video-preview":"max-video-preview:-1"},"canonical":"https:\/\/kibrisdakik.com\/?p=29128","og_locale":"tr_TR","og_type":"article","og_title":"Depremde hayat\u0131n\u0131 kaybedenler Gazima\u011fusa\u2019da an\u0131ld\u0131 -","og_description":"T\u00f6re, T\u00fcrkiye\u2019de 6 \u015eubat\u2019ta meydana gelen \u201casr\u0131n felaketinde\u201d ya\u015fam\u0131n\u0131 yitiren 49 KKTC vatanda\u015f\u0131n\u0131n an\u0131ld\u0131\u011f\u0131 Rauf Raif Denkta\u015f K\u00fclt\u00fcr ve Kongre Saray\u0131\u2019nda d\u00fczenlenen etkinlikte konu\u015ftu. -T\u00f6re Cumhuriyet Meclisi Ba\u015fkan\u0131 Zorlu T\u00f6re konu\u015fmas\u0131nda depremin, Anavatan T\u00fcrkiye\u2019de ve KKTC\u2019de \u00e7ok b\u00fcy\u00fck bir ac\u0131 b\u0131rakt\u0131\u011f\u0131n\u0131 vurgulad\u0131. T\u00f6re, \u201cGenelde T\u00fcrkiye\u2019de ve KKTC\u2019de ancak \u00f6zelde Gazima\u011fusa b\u00f6lgesinde \u015eampiyon Meleklerin kayb\u0131 \u00f6yle","og_url":"https:\/\/kibrisdakik.com\/?p=29128","article_published_time":"2024-02-06T13:31:49+00:00","og_image":[{"width":710,"height":370,"url":"https:\/\/kibrisdakik.com\/wp-content\/uploads\/2024\/02\/depremde-hayatini-kaybedenler-gazimagusada-anildi-1707225361.webp.webp","type":"image\/webp"}],"author":"admin","twitter_card":"summary_large_image","twitter_misc":{"Yazan:":"admin","Tahmini okuma s\u00fcresi":"6 dakika"},"schema":{"@context":"https:\/\/schema.org","@graph":[{"@type":"Article","@id":"https:\/\/kibrisdakik.com\/?p=29128#article","isPartOf":{"@id":"https:\/\/kibrisdakik.com\/?p=29128"},"author":{"name":"admin","@id":"https:\/\/kibrisdakik.com\/#\/schema\/person\/9cd9d437bbb44f72b73ba127e06d8e79"},"headline":"Depremde hayat\u0131n\u0131 kaybedenler Gazima\u011fusa\u2019da an\u0131ld\u0131","datePublished":"2024-02-06T13:31:49+00:00","mainEntityOfPage":{"@id":"https:\/\/kibrisdakik.com\/?p=29128"},"wordCount":1307,"commentCount":0,"image":{"@id":"https:\/\/kibrisdakik.com\/?p=29128#primaryimage"},"thumbnailUrl":"https:\/\/kibrisdakik.com\/wp-content\/uploads\/2024\/02\/depremde-hayatini-kaybedenler-gazimagusada-anildi-1707225361.webp.webp","articleSection":["G\u00fcndem"],"inLanguage":"tr","potentialAction":[{"@type":"CommentAction","name":"Comment","target":["https:\/\/kibrisdakik.com\/?p=29128#respond"]}]},{"@type":"WebPage","@id":"https:\/\/kibrisdakik.com\/?p=29128","url":"https:\/\/kibrisdakik.com\/?p=29128","name":"Depremde hayat\u0131n\u0131 kaybedenler Gazima\u011fusa\u2019da an\u0131ld\u0131 -","isPartOf":{"@id":"https:\/\/kibrisdakik.com\/#website"},"primaryImageOfPage":{"@id":"https:\/\/kibrisdakik.com\/?p=29128#primaryimage"},"image":{"@id":"https:\/\/kibrisdakik.com\/?p=29128#primaryimage"},"thumbnailUrl":"https:\/\/kibrisdakik.com\/wp-content\/uploads\/2024\/02\/depremde-hayatini-kaybedenler-gazimagusada-anildi-1707225361.webp.webp","datePublished":"2024-02-06T13:31:49+00:00","author":{"@id":"https:\/\/kibrisdakik.com\/#\/schema\/person\/9cd9d437bbb44f72b73ba127e06d8e79"},"breadcrumb":{"@id":"https:\/\/kibrisdakik.com\/?p=29128#breadcrumb"},"inLanguage":"tr","potentialAction":[{"@type":"ReadAction","target":["https:\/\/kibrisdakik.com\/?p=29128"]}]},{"@type":"ImageObject","inLanguage":"tr","@id":"https:\/\/kibrisdakik.com\/?p=29128#primaryimage","url":"https:\/\/kibrisdakik.com\/wp-content\/uploads\/2024\/02\/depremde-hayatini-kaybedenler-gazimagusada-anildi-1707225361.webp.webp","contentUrl":"https:\/\/kibrisdakik.com\/wp-content\/uploads\/2024\/02\/depremde-hayatini-kaybedenler-gazimagusada-anildi-1707225361.webp.webp","width":710,"height":370},{"@type":"BreadcrumbList","@id":"https:\/\/kibrisdakik.com\/?p=29128#breadcrumb","itemListElement":[{"@type":"ListItem","position":1,"name":"Home","item":"https:\/\/kibrisdakik.com\/"},{"@type":"ListItem","position":2,"name":"Depremde hayat\u0131n\u0131 kaybedenler Gazima\u011fusa\u2019da an\u0131ld\u0131"}]},{"@type":"WebSite","@id":"https:\/\/kibrisdakik.com\/#website","url":"https:\/\/kibrisdakik.com\/","name":"","description":"Tam vaktinde haber","potentialAction":[{"@type":"SearchAction","target":{"@type":"EntryPoint","urlTemplate":"https:\/\/kibrisdakik.com\/?s={search_term_string}"},"query-input":{"@type":"PropertyValueSpecification","valueRequired":true,"valueName":"search_term_string"}}],"inLanguage":"tr"},{"@type":"Person","@id":"https:\/\/kibrisdakik.com\/#\/schema\/person\/9cd9d437bbb44f72b73ba127e06d8e79","name":"admin","image":{"@type":"ImageObject","inLanguage":"tr","@id":"https:\/\/secure.gravatar.com\/avatar\/ccc17943b9d660506c869530f897617f7cb1c21a4bf30023f252596d83e1f007?s=96&d=mm&r=g","url":"https:\/\/secure.gravatar.com\/avatar\/ccc17943b9d660506c869530f897617f7cb1c21a4bf30023f252596d83e1f007?s=96&d=mm&r=g","contentUrl":"https:\/\/secure.gravatar.com\/avatar\/ccc17943b9d660506c869530f897617f7cb1c21a4bf30023f252596d83e1f007?s=96&d=mm&r=g","caption":"admin"},"sameAs":["https:\/\/kibrisdakik.com"],"url":"https:\/\/kibrisdakik.com\/?author=1"}]}},"_links":{"self":[{"href":"https:\/\/kibrisdakik.com\/index.php?rest_route=\/wp\/v2\/posts\/29128","targetHints":{"allow":["GET"]}}],"collection":[{"href":"https:\/\/kibrisdakik.com\/index.php?rest_route=\/wp\/v2\/posts"}],"about":[{"href":"https:\/\/kibrisdakik.com\/index.php?rest_route=\/wp\/v2\/types\/post"}],"author":[{"embeddable":true,"href":"https:\/\/kibrisdakik.com\/index.php?rest_route=\/wp\/v2\/users\/1"}],"replies":[{"embeddable":true,"href":"https:\/\/kibrisdakik.com\/index.php?rest_route=%2Fwp%2Fv2%2Fcomments&post=29128"}],"version-history":[{"count":0,"href":"https:\/\/kibrisdakik.com\/index.php?rest_route=\/wp\/v2\/posts\/29128\/revisions"}],"wp:featuredmedia":[{"embeddable":true,"href":"https:\/\/kibrisdakik.com\/index.php?rest_route=\/wp\/v2\/media\/29129"}],"wp:attachment":[{"href":"https:\/\/kibrisdakik.com\/index.php?rest_route=%2Fwp%2Fv2%2Fmedia&parent=29128"}],"wp:term":[{"taxonomy":"category","embeddable":true,"href":"https:\/\/kibrisdakik.com\/index.php?rest_route=%2Fwp%2Fv2%2Fcategories&post=29128"},{"taxonomy":"post_tag","embeddable":true,"href":"https:\/\/kibrisdakik.com\/index.php?rest_route=%2Fwp%2Fv2%2Ftags&post=29128"}],"curies":[{"name":"wp","href":"https:\/\/api.w.org\/{rel}","templated":true}]}}