{"id":29130,"date":"2024-02-06T13:37:51","date_gmt":"2024-02-06T13:37:51","guid":{"rendered":"https:\/\/kibrisdakik.com\/index.php\/2024\/02\/06\/din-gorevlileri-dernegi-baskani-gokan-inikin-mirac-kandili-mesaji\/"},"modified":"2024-02-06T13:37:51","modified_gmt":"2024-02-06T13:37:51","slug":"din-gorevlileri-dernegi-baskani-gokan-inikin-mirac-kandili-mesaji","status":"publish","type":"post","link":"https:\/\/kibrisdakik.com\/?p=29130","title":{"rendered":"Din G\u00f6revlileri Derne\u011fi Ba\u015fkan\u0131 G\u00f6kan \u0130nik\u2019in Mira\u00e7 Kandili mesaj\u0131\u2026"},"content":{"rendered":"<p><img decoding=\"async\" src=\"https:\/\/www.kibristurk.com\/images\/haberler\/2024\/02\/din-gorevlileri-dernegi-baskani-gokan-inikin-mirac-kandili-mesaji-1707225202.webp\" \/><\/p>\n<p style=\"text-align:left\"><span style=\"font-size:16px\"><span style=\"font-family:Merriweather,serif !important\"><span style=\"color:#000000\"><span style=\"background-color:#ffffff\">\u0130nik, bu gece idrak edilecek Mira\u00e7 Kandili dolay\u0131s\u0131yla mesaj yay\u0131mlayarak, \u201c\u00dc\u00e7 Aylar\u0131n\u201d birincisi olan Recep ay\u0131n\u0131n 27. gecesinin Mira\u00e7 gecesi oldu\u011funu hat\u0131rlatt\u0131.<\/span><\/span><\/span><\/span><\/p>\n<p style=\"text-align:left\"><span style=\"font-size:16px\"><span style=\"font-family:Merriweather,serif !important\"><span style=\"color:#000000\"><span style=\"background-color:#ffffff\">&nbsp;<\/span><\/span><\/span><\/span><\/p>\n<p style=\"text-align:left\"><span style=\"font-size:16px\"><span style=\"font-family:Merriweather,serif !important\"><span style=\"color:#000000\"><span style=\"background-color:#ffffff\">Mira\u00e7 hadisesinin Hz. Muhammed\u2019in 63 y\u0131ll\u0131k \u00e7ileli hayat\u0131n\u0131n en zorlu ve \u00e7etin d\u00f6neminde vuku buldu\u011funu kaydeden \u0130nik, \u201cBu yolculuk bize hak bildi\u011fimiz yolda sabretmeyi, y\u0131lmamay\u0131 ve Allah\u00b4a tevekk\u00fcl\u00fc anlat\u0131r\u2026 Bu yolculuk pek \u00e7ok ilahi hikmet ve bereketi i\u00e7inde bar\u0131nd\u0131r\u0131r\u201d ifadelerini kulland\u0131.<\/span><\/span><\/span><\/span><\/p>\n<p style=\"text-align:left\">&nbsp;<\/p>\n<p style=\"text-align:left\"><span style=\"font-size:16px\"><span style=\"font-family:Merriweather,serif !important\"><span style=\"color:#000000\"><span style=\"background-color:#ffffff\">Mira\u00e7\u2019\u0131n, y\u00fccelmeyi ifade etti\u011fini, her \u015feyden \u00f6nce y\u00fckselme yollar\u0131n\u0131n yeg\u00e2ne sahibinin Y\u00fcce Allah oldu\u011funun bilincine varabilmek oldu\u011funu belirten \u0130nik, Mira\u00e7\u2019\u0131n, elemi, kederi, \u00e7aresizli\u011fi ve \u00fcmitsizli\u011fi bir kenara b\u0131rakarak yeniden yola koyulmay\u0131 \u00f6\u011fretti\u011fini kaydetti.<\/span><\/span><\/span><\/span><\/p>\n<p style=\"text-align:left\">&nbsp;<\/p>\n<p style=\"text-align:left\"><span style=\"font-size:16px\"><span style=\"font-family:Merriweather,serif !important\"><span style=\"color:#000000\"><span style=\"background-color:#ffffff\">\u0130nik, mesaj\u0131nda, \u201cSava\u015flar, salg\u0131n hastal\u0131klar, do\u011fal afetler gibi olaylarla kar\u015f\u0131la\u015ft\u0131\u011f\u0131m\u0131z bir d\u00f6nemde Mira\u00e7 gecesini adeta bir f\u0131rsat bilerek Cenab-\u0131 Allah\u2019a bizleri ayd\u0131nl\u0131\u011fa, feraha \u00e7\u0131karmas\u0131n\u0131 y\u00fcrekten dilemeli \u00fclkemiz ve milletimiz i\u00e7in dua etmeliyiz.\u201d dedi.<\/span><\/span><\/span><\/span><\/p>\n<p style=\"text-align:left\">&nbsp;<\/p>\n<p style=\"text-align:left\"><span style=\"font-size:16px\"><span style=\"font-family:Merriweather,serif !important\"><span style=\"color:#000000\"><span style=\"background-color:#ffffff\">Asr\u0131n felaketi 6 \u015eubat depremlerinde \u015eampiyon Melekler ve hayatlar\u0131n\u0131 kaybeden t\u00fcm vatanda\u015flara Allah&#8217;tan rahmet dileyen \u0130nik, bu kutlu gecede geride kalan ailelere sab\u0131r ve metanet diledi. \u0130nik, Allah\u2019\u0131n hidayeti, rahmeti ve bereketinin hi\u00e7 eksik olmamas\u0131 temennisi ile Mira\u00e7 Kandil\u2019inin millete ve t\u00fcm \u0130slam \u00e2leminin birlik ve beraberli\u011fine vesile olmas\u0131n\u0131 da diledi.<\/span><\/span><\/span><\/span><\/p>\n","protected":false},"excerpt":{"rendered":"<p>\u0130nik, bu gece idrak edilecek Mira\u00e7 Kandili dolay\u0131s\u0131yla mesaj yay\u0131mlayarak, \u201c\u00dc\u00e7 Aylar\u0131n\u201d birincisi olan Recep ay\u0131n\u0131n 27. gecesinin Mira\u00e7 gecesi oldu\u011funu hat\u0131rlatt\u0131. &nbsp; Mira\u00e7 hadisesinin Hz. Muhammed\u2019in 63 y\u0131ll\u0131k \u00e7ileli hayat\u0131n\u0131n en zorlu ve \u00e7etin d\u00f6neminde vuku buldu\u011funu kaydeden \u0130nik, \u201cBu yolculuk bize hak bildi\u011fimiz yolda sabretmeyi, y\u0131lmamay\u0131 ve Allah\u00b4a tevekk\u00fcl\u00fc anlat\u0131r\u2026 Bu yolculuk pek<\/p>\n","protected":false},"author":1,"featured_media":29131,"comment_status":"open","ping_status":"open","sticky":false,"template":"","format":"standard","meta":{"footnotes":""},"categories":[85],"tags":[],"class_list":["post-29130","post","type-post","status-publish","format-standard","has-post-thumbnail","hentry","category-spor"],"yoast_head":"<!-- This site is optimized with the Yoast SEO plugin v27.4 - https:\/\/yoast.com\/product\/yoast-seo-wordpress\/ -->\n<title>Din G\u00f6revlileri Derne\u011fi Ba\u015fkan\u0131 G\u00f6kan \u0130nik\u2019in Mira\u00e7 Kandili mesaj\u0131\u2026 -<\/title>\n<meta name=\"robots\" content=\"index, follow, max-snippet:-1, max-image-preview:large, max-video-preview:-1\" \/>\n<link rel=\"canonical\" href=\"https:\/\/kibrisdakik.com\/?p=29130\" \/>\n<meta property=\"og:locale\" content=\"tr_TR\" \/>\n<meta property=\"og:type\" content=\"article\" \/>\n<meta property=\"og:title\" content=\"Din G\u00f6revlileri Derne\u011fi Ba\u015fkan\u0131 G\u00f6kan \u0130nik\u2019in Mira\u00e7 Kandili mesaj\u0131\u2026 -\" \/>\n<meta property=\"og:description\" content=\"\u0130nik, bu gece idrak edilecek Mira\u00e7 Kandili dolay\u0131s\u0131yla mesaj yay\u0131mlayarak, \u201c\u00dc\u00e7 Aylar\u0131n\u201d birincisi olan Recep ay\u0131n\u0131n 27. gecesinin Mira\u00e7 gecesi oldu\u011funu hat\u0131rlatt\u0131. &nbsp; Mira\u00e7 hadisesinin Hz. Muhammed\u2019in 63 y\u0131ll\u0131k \u00e7ileli hayat\u0131n\u0131n en zorlu ve \u00e7etin d\u00f6neminde vuku buldu\u011funu kaydeden \u0130nik, \u201cBu yolculuk bize hak bildi\u011fimiz yolda sabretmeyi, y\u0131lmamay\u0131 ve Allah\u00b4a tevekk\u00fcl\u00fc anlat\u0131r\u2026 Bu yolculuk pek\" \/>\n<meta property=\"og:url\" content=\"https:\/\/kibrisdakik.com\/?p=29130\" \/>\n<meta property=\"article:published_time\" content=\"2024-02-06T13:37:51+00:00\" \/>\n<meta property=\"og:image\" content=\"https:\/\/kibrisdakik.com\/wp-content\/uploads\/2024\/02\/din-gorevlileri-dernegi-baskani-gokan-inikin-mirac-kandili-mesaji-1707225202.webp.webp\" \/>\n\t<meta property=\"og:image:width\" content=\"710\" \/>\n\t<meta property=\"og:image:height\" content=\"370\" \/>\n\t<meta property=\"og:image:type\" content=\"image\/webp\" \/>\n<meta name=\"author\" content=\"admin\" \/>\n<meta name=\"twitter:card\" content=\"summary_large_image\" \/>\n<meta name=\"twitter:label1\" content=\"Yazan:\" \/>\n\t<meta name=\"twitter:data1\" content=\"admin\" \/>\n\t<meta name=\"twitter:label2\" content=\"Tahmini okuma s\u00fcresi\" \/>\n\t<meta name=\"twitter:data2\" content=\"1 dakika\" \/>\n<script type=\"application\/ld+json\" class=\"yoast-schema-graph\">{\"@context\":\"https:\\\/\\\/schema.org\",\"@graph\":[{\"@type\":\"Article\",\"@id\":\"https:\\\/\\\/kibrisdakik.com\\\/?p=29130#article\",\"isPartOf\":{\"@id\":\"https:\\\/\\\/kibrisdakik.com\\\/?p=29130\"},\"author\":{\"name\":\"admin\",\"@id\":\"https:\\\/\\\/kibrisdakik.com\\\/#\\\/schema\\\/person\\\/9cd9d437bbb44f72b73ba127e06d8e79\"},\"headline\":\"Din G\u00f6revlileri Derne\u011fi Ba\u015fkan\u0131 G\u00f6kan \u0130nik\u2019in Mira\u00e7 Kandili mesaj\u0131\u2026\",\"datePublished\":\"2024-02-06T13:37:51+00:00\",\"mainEntityOfPage\":{\"@id\":\"https:\\\/\\\/kibrisdakik.com\\\/?p=29130\"},\"wordCount\":260,\"commentCount\":0,\"image\":{\"@id\":\"https:\\\/\\\/kibrisdakik.com\\\/?p=29130#primaryimage\"},\"thumbnailUrl\":\"https:\\\/\\\/kibrisdakik.com\\\/wp-content\\\/uploads\\\/2024\\\/02\\\/din-gorevlileri-dernegi-baskani-gokan-inikin-mirac-kandili-mesaji-1707225202.webp.webp\",\"articleSection\":[\"Spor\"],\"inLanguage\":\"tr\",\"potentialAction\":[{\"@type\":\"CommentAction\",\"name\":\"Comment\",\"target\":[\"https:\\\/\\\/kibrisdakik.com\\\/?p=29130#respond\"]}]},{\"@type\":\"WebPage\",\"@id\":\"https:\\\/\\\/kibrisdakik.com\\\/?p=29130\",\"url\":\"https:\\\/\\\/kibrisdakik.com\\\/?p=29130\",\"name\":\"Din G\u00f6revlileri Derne\u011fi Ba\u015fkan\u0131 G\u00f6kan \u0130nik\u2019in Mira\u00e7 Kandili mesaj\u0131\u2026 -\",\"isPartOf\":{\"@id\":\"https:\\\/\\\/kibrisdakik.com\\\/#website\"},\"primaryImageOfPage\":{\"@id\":\"https:\\\/\\\/kibrisdakik.com\\\/?p=29130#primaryimage\"},\"image\":{\"@id\":\"https:\\\/\\\/kibrisdakik.com\\\/?p=29130#primaryimage\"},\"thumbnailUrl\":\"https:\\\/\\\/kibrisdakik.com\\\/wp-content\\\/uploads\\\/2024\\\/02\\\/din-gorevlileri-dernegi-baskani-gokan-inikin-mirac-kandili-mesaji-1707225202.webp.webp\",\"datePublished\":\"2024-02-06T13:37:51+00:00\",\"author\":{\"@id\":\"https:\\\/\\\/kibrisdakik.com\\\/#\\\/schema\\\/person\\\/9cd9d437bbb44f72b73ba127e06d8e79\"},\"breadcrumb\":{\"@id\":\"https:\\\/\\\/kibrisdakik.com\\\/?p=29130#breadcrumb\"},\"inLanguage\":\"tr\",\"potentialAction\":[{\"@type\":\"ReadAction\",\"target\":[\"https:\\\/\\\/kibrisdakik.com\\\/?p=29130\"]}]},{\"@type\":\"ImageObject\",\"inLanguage\":\"tr\",\"@id\":\"https:\\\/\\\/kibrisdakik.com\\\/?p=29130#primaryimage\",\"url\":\"https:\\\/\\\/kibrisdakik.com\\\/wp-content\\\/uploads\\\/2024\\\/02\\\/din-gorevlileri-dernegi-baskani-gokan-inikin-mirac-kandili-mesaji-1707225202.webp.webp\",\"contentUrl\":\"https:\\\/\\\/kibrisdakik.com\\\/wp-content\\\/uploads\\\/2024\\\/02\\\/din-gorevlileri-dernegi-baskani-gokan-inikin-mirac-kandili-mesaji-1707225202.webp.webp\",\"width\":710,\"height\":370},{\"@type\":\"BreadcrumbList\",\"@id\":\"https:\\\/\\\/kibrisdakik.com\\\/?p=29130#breadcrumb\",\"itemListElement\":[{\"@type\":\"ListItem\",\"position\":1,\"name\":\"Home\",\"item\":\"https:\\\/\\\/kibrisdakik.com\\\/\"},{\"@type\":\"ListItem\",\"position\":2,\"name\":\"Din G\u00f6revlileri Derne\u011fi Ba\u015fkan\u0131 G\u00f6kan \u0130nik\u2019in Mira\u00e7 Kandili mesaj\u0131\u2026\"}]},{\"@type\":\"WebSite\",\"@id\":\"https:\\\/\\\/kibrisdakik.com\\\/#website\",\"url\":\"https:\\\/\\\/kibrisdakik.com\\\/\",\"name\":\"\",\"description\":\"Tam vaktinde haber\",\"potentialAction\":[{\"@type\":\"SearchAction\",\"target\":{\"@type\":\"EntryPoint\",\"urlTemplate\":\"https:\\\/\\\/kibrisdakik.com\\\/?s={search_term_string}\"},\"query-input\":{\"@type\":\"PropertyValueSpecification\",\"valueRequired\":true,\"valueName\":\"search_term_string\"}}],\"inLanguage\":\"tr\"},{\"@type\":\"Person\",\"@id\":\"https:\\\/\\\/kibrisdakik.com\\\/#\\\/schema\\\/person\\\/9cd9d437bbb44f72b73ba127e06d8e79\",\"name\":\"admin\",\"image\":{\"@type\":\"ImageObject\",\"inLanguage\":\"tr\",\"@id\":\"https:\\\/\\\/secure.gravatar.com\\\/avatar\\\/ccc17943b9d660506c869530f897617f7cb1c21a4bf30023f252596d83e1f007?s=96&d=mm&r=g\",\"url\":\"https:\\\/\\\/secure.gravatar.com\\\/avatar\\\/ccc17943b9d660506c869530f897617f7cb1c21a4bf30023f252596d83e1f007?s=96&d=mm&r=g\",\"contentUrl\":\"https:\\\/\\\/secure.gravatar.com\\\/avatar\\\/ccc17943b9d660506c869530f897617f7cb1c21a4bf30023f252596d83e1f007?s=96&d=mm&r=g\",\"caption\":\"admin\"},\"sameAs\":[\"https:\\\/\\\/kibrisdakik.com\"],\"url\":\"https:\\\/\\\/kibrisdakik.com\\\/?author=1\"}]}<\/script>\n<!-- \/ Yoast SEO plugin. -->","yoast_head_json":{"title":"Din G\u00f6revlileri Derne\u011fi Ba\u015fkan\u0131 G\u00f6kan \u0130nik\u2019in Mira\u00e7 Kandili mesaj\u0131\u2026 -","robots":{"index":"index","follow":"follow","max-snippet":"max-snippet:-1","max-image-preview":"max-image-preview:large","max-video-preview":"max-video-preview:-1"},"canonical":"https:\/\/kibrisdakik.com\/?p=29130","og_locale":"tr_TR","og_type":"article","og_title":"Din G\u00f6revlileri Derne\u011fi Ba\u015fkan\u0131 G\u00f6kan \u0130nik\u2019in Mira\u00e7 Kandili mesaj\u0131\u2026 -","og_description":"\u0130nik, bu gece idrak edilecek Mira\u00e7 Kandili dolay\u0131s\u0131yla mesaj yay\u0131mlayarak, \u201c\u00dc\u00e7 Aylar\u0131n\u201d birincisi olan Recep ay\u0131n\u0131n 27. gecesinin Mira\u00e7 gecesi oldu\u011funu hat\u0131rlatt\u0131. &nbsp; Mira\u00e7 hadisesinin Hz. Muhammed\u2019in 63 y\u0131ll\u0131k \u00e7ileli hayat\u0131n\u0131n en zorlu ve \u00e7etin d\u00f6neminde vuku buldu\u011funu kaydeden \u0130nik, \u201cBu yolculuk bize hak bildi\u011fimiz yolda sabretmeyi, y\u0131lmamay\u0131 ve Allah\u00b4a tevekk\u00fcl\u00fc anlat\u0131r\u2026 Bu yolculuk pek","og_url":"https:\/\/kibrisdakik.com\/?p=29130","article_published_time":"2024-02-06T13:37:51+00:00","og_image":[{"width":710,"height":370,"url":"https:\/\/kibrisdakik.com\/wp-content\/uploads\/2024\/02\/din-gorevlileri-dernegi-baskani-gokan-inikin-mirac-kandili-mesaji-1707225202.webp.webp","type":"image\/webp"}],"author":"admin","twitter_card":"summary_large_image","twitter_misc":{"Yazan:":"admin","Tahmini okuma s\u00fcresi":"1 dakika"},"schema":{"@context":"https:\/\/schema.org","@graph":[{"@type":"Article","@id":"https:\/\/kibrisdakik.com\/?p=29130#article","isPartOf":{"@id":"https:\/\/kibrisdakik.com\/?p=29130"},"author":{"name":"admin","@id":"https:\/\/kibrisdakik.com\/#\/schema\/person\/9cd9d437bbb44f72b73ba127e06d8e79"},"headline":"Din G\u00f6revlileri Derne\u011fi Ba\u015fkan\u0131 G\u00f6kan \u0130nik\u2019in Mira\u00e7 Kandili mesaj\u0131\u2026","datePublished":"2024-02-06T13:37:51+00:00","mainEntityOfPage":{"@id":"https:\/\/kibrisdakik.com\/?p=29130"},"wordCount":260,"commentCount":0,"image":{"@id":"https:\/\/kibrisdakik.com\/?p=29130#primaryimage"},"thumbnailUrl":"https:\/\/kibrisdakik.com\/wp-content\/uploads\/2024\/02\/din-gorevlileri-dernegi-baskani-gokan-inikin-mirac-kandili-mesaji-1707225202.webp.webp","articleSection":["Spor"],"inLanguage":"tr","potentialAction":[{"@type":"CommentAction","name":"Comment","target":["https:\/\/kibrisdakik.com\/?p=29130#respond"]}]},{"@type":"WebPage","@id":"https:\/\/kibrisdakik.com\/?p=29130","url":"https:\/\/kibrisdakik.com\/?p=29130","name":"Din G\u00f6revlileri Derne\u011fi Ba\u015fkan\u0131 G\u00f6kan \u0130nik\u2019in Mira\u00e7 Kandili mesaj\u0131\u2026 -","isPartOf":{"@id":"https:\/\/kibrisdakik.com\/#website"},"primaryImageOfPage":{"@id":"https:\/\/kibrisdakik.com\/?p=29130#primaryimage"},"image":{"@id":"https:\/\/kibrisdakik.com\/?p=29130#primaryimage"},"thumbnailUrl":"https:\/\/kibrisdakik.com\/wp-content\/uploads\/2024\/02\/din-gorevlileri-dernegi-baskani-gokan-inikin-mirac-kandili-mesaji-1707225202.webp.webp","datePublished":"2024-02-06T13:37:51+00:00","author":{"@id":"https:\/\/kibrisdakik.com\/#\/schema\/person\/9cd9d437bbb44f72b73ba127e06d8e79"},"breadcrumb":{"@id":"https:\/\/kibrisdakik.com\/?p=29130#breadcrumb"},"inLanguage":"tr","potentialAction":[{"@type":"ReadAction","target":["https:\/\/kibrisdakik.com\/?p=29130"]}]},{"@type":"ImageObject","inLanguage":"tr","@id":"https:\/\/kibrisdakik.com\/?p=29130#primaryimage","url":"https:\/\/kibrisdakik.com\/wp-content\/uploads\/2024\/02\/din-gorevlileri-dernegi-baskani-gokan-inikin-mirac-kandili-mesaji-1707225202.webp.webp","contentUrl":"https:\/\/kibrisdakik.com\/wp-content\/uploads\/2024\/02\/din-gorevlileri-dernegi-baskani-gokan-inikin-mirac-kandili-mesaji-1707225202.webp.webp","width":710,"height":370},{"@type":"BreadcrumbList","@id":"https:\/\/kibrisdakik.com\/?p=29130#breadcrumb","itemListElement":[{"@type":"ListItem","position":1,"name":"Home","item":"https:\/\/kibrisdakik.com\/"},{"@type":"ListItem","position":2,"name":"Din G\u00f6revlileri Derne\u011fi Ba\u015fkan\u0131 G\u00f6kan \u0130nik\u2019in Mira\u00e7 Kandili mesaj\u0131\u2026"}]},{"@type":"WebSite","@id":"https:\/\/kibrisdakik.com\/#website","url":"https:\/\/kibrisdakik.com\/","name":"","description":"Tam vaktinde haber","potentialAction":[{"@type":"SearchAction","target":{"@type":"EntryPoint","urlTemplate":"https:\/\/kibrisdakik.com\/?s={search_term_string}"},"query-input":{"@type":"PropertyValueSpecification","valueRequired":true,"valueName":"search_term_string"}}],"inLanguage":"tr"},{"@type":"Person","@id":"https:\/\/kibrisdakik.com\/#\/schema\/person\/9cd9d437bbb44f72b73ba127e06d8e79","name":"admin","image":{"@type":"ImageObject","inLanguage":"tr","@id":"https:\/\/secure.gravatar.com\/avatar\/ccc17943b9d660506c869530f897617f7cb1c21a4bf30023f252596d83e1f007?s=96&d=mm&r=g","url":"https:\/\/secure.gravatar.com\/avatar\/ccc17943b9d660506c869530f897617f7cb1c21a4bf30023f252596d83e1f007?s=96&d=mm&r=g","contentUrl":"https:\/\/secure.gravatar.com\/avatar\/ccc17943b9d660506c869530f897617f7cb1c21a4bf30023f252596d83e1f007?s=96&d=mm&r=g","caption":"admin"},"sameAs":["https:\/\/kibrisdakik.com"],"url":"https:\/\/kibrisdakik.com\/?author=1"}]}},"_links":{"self":[{"href":"https:\/\/kibrisdakik.com\/index.php?rest_route=\/wp\/v2\/posts\/29130","targetHints":{"allow":["GET"]}}],"collection":[{"href":"https:\/\/kibrisdakik.com\/index.php?rest_route=\/wp\/v2\/posts"}],"about":[{"href":"https:\/\/kibrisdakik.com\/index.php?rest_route=\/wp\/v2\/types\/post"}],"author":[{"embeddable":true,"href":"https:\/\/kibrisdakik.com\/index.php?rest_route=\/wp\/v2\/users\/1"}],"replies":[{"embeddable":true,"href":"https:\/\/kibrisdakik.com\/index.php?rest_route=%2Fwp%2Fv2%2Fcomments&post=29130"}],"version-history":[{"count":0,"href":"https:\/\/kibrisdakik.com\/index.php?rest_route=\/wp\/v2\/posts\/29130\/revisions"}],"wp:featuredmedia":[{"embeddable":true,"href":"https:\/\/kibrisdakik.com\/index.php?rest_route=\/wp\/v2\/media\/29131"}],"wp:attachment":[{"href":"https:\/\/kibrisdakik.com\/index.php?rest_route=%2Fwp%2Fv2%2Fmedia&parent=29130"}],"wp:term":[{"taxonomy":"category","embeddable":true,"href":"https:\/\/kibrisdakik.com\/index.php?rest_route=%2Fwp%2Fv2%2Fcategories&post=29130"},{"taxonomy":"post_tag","embeddable":true,"href":"https:\/\/kibrisdakik.com\/index.php?rest_route=%2Fwp%2Fv2%2Ftags&post=29130"}],"curies":[{"name":"wp","href":"https:\/\/api.w.org\/{rel}","templated":true}]}}