{"id":29134,"date":"2024-02-06T13:52:59","date_gmt":"2024-02-06T13:52:59","guid":{"rendered":"https:\/\/kibrisdakik.com\/index.php\/2024\/02\/06\/ctp-6-subat-depreminin-yil-donumu-dolayisiyla-mesaj-yayimladi\/"},"modified":"2024-02-06T13:52:59","modified_gmt":"2024-02-06T13:52:59","slug":"ctp-6-subat-depreminin-yil-donumu-dolayisiyla-mesaj-yayimladi","status":"publish","type":"post","link":"https:\/\/kibrisdakik.com\/?p=29134","title":{"rendered":"CTP, 6 \u015eubat depreminin y\u0131l d\u00f6n\u00fcm\u00fc dolay\u0131s\u0131yla mesaj yay\u0131mlad\u0131"},"content":{"rendered":"<p><img decoding=\"async\" src=\"https:\/\/www.kibristurk.com\/images\/haberler\/2024\/02\/ctp-6-subat-depreminin-yil-donumu-dolayisiyla-mesaj-yayimladi-1707218593.webp\" \/><\/p>\n<p>CTP Bas\u0131n B\u00fcrosu taraf\u0131ndan yap\u0131lan a\u00e7\u0131klamada, \u201c6 \u015eubat 2023 tarihinde T\u00fcrkiye\u2019nin Kahramanmara\u015f ilinde ger\u00e7ekle\u015fen ve \u00fclkemizde de derin bir ac\u0131 olu\u015fmas\u0131na neden olan depremin \u00fczerinden bir y\u0131l ge\u00e7ti. Deprem neticesinde ya\u015fanan b\u00fcy\u00fck ac\u0131y\u0131 en derin ve canl\u0131 haliyle kalbimizde hissediyoruz. Depremde hayat\u0131n\u0131 kaybeden herkesi bir kez daha sayg\u0131yla ve \u00f6zlemle an\u0131yor, hayat\u0131n\u0131 kaybedenlerin yak\u0131nlar\u0131na ba\u015fsa\u011fl\u0131\u011f\u0131 ve sab\u0131r diliyoruz\u201d ifadelerine yer verildi.<\/p>\n","protected":false},"excerpt":{"rendered":"<p>CTP Bas\u0131n B\u00fcrosu taraf\u0131ndan yap\u0131lan a\u00e7\u0131klamada, \u201c6 \u015eubat 2023 tarihinde T\u00fcrkiye\u2019nin Kahramanmara\u015f ilinde ger\u00e7ekle\u015fen ve \u00fclkemizde de derin bir ac\u0131 olu\u015fmas\u0131na neden olan depremin \u00fczerinden bir y\u0131l ge\u00e7ti. Deprem neticesinde ya\u015fanan b\u00fcy\u00fck ac\u0131y\u0131 en derin ve canl\u0131 haliyle kalbimizde hissediyoruz. Depremde hayat\u0131n\u0131 kaybeden herkesi bir kez daha sayg\u0131yla ve \u00f6zlemle an\u0131yor, hayat\u0131n\u0131 kaybedenlerin yak\u0131nlar\u0131na ba\u015fsa\u011fl\u0131\u011f\u0131<\/p>\n","protected":false},"author":1,"featured_media":29135,"comment_status":"open","ping_status":"open","sticky":false,"template":"","format":"standard","meta":{"footnotes":""},"categories":[86],"tags":[],"class_list":["post-29134","post","type-post","status-publish","format-standard","has-post-thumbnail","hentry","category-turkiye"],"yoast_head":"<!-- This site is optimized with the Yoast SEO plugin v27.4 - https:\/\/yoast.com\/product\/yoast-seo-wordpress\/ -->\n<title>CTP, 6 \u015eubat depreminin y\u0131l d\u00f6n\u00fcm\u00fc dolay\u0131s\u0131yla mesaj yay\u0131mlad\u0131 -<\/title>\n<meta name=\"robots\" content=\"index, follow, max-snippet:-1, max-image-preview:large, max-video-preview:-1\" \/>\n<link rel=\"canonical\" href=\"https:\/\/kibrisdakik.com\/?p=29134\" \/>\n<meta property=\"og:locale\" content=\"tr_TR\" \/>\n<meta property=\"og:type\" content=\"article\" \/>\n<meta property=\"og:title\" content=\"CTP, 6 \u015eubat depreminin y\u0131l d\u00f6n\u00fcm\u00fc dolay\u0131s\u0131yla mesaj yay\u0131mlad\u0131 -\" \/>\n<meta property=\"og:description\" content=\"CTP Bas\u0131n B\u00fcrosu taraf\u0131ndan yap\u0131lan a\u00e7\u0131klamada, \u201c6 \u015eubat 2023 tarihinde T\u00fcrkiye\u2019nin Kahramanmara\u015f ilinde ger\u00e7ekle\u015fen ve \u00fclkemizde de derin bir ac\u0131 olu\u015fmas\u0131na neden olan depremin \u00fczerinden bir y\u0131l ge\u00e7ti. Deprem neticesinde ya\u015fanan b\u00fcy\u00fck ac\u0131y\u0131 en derin ve canl\u0131 haliyle kalbimizde hissediyoruz. Depremde hayat\u0131n\u0131 kaybeden herkesi bir kez daha sayg\u0131yla ve \u00f6zlemle an\u0131yor, hayat\u0131n\u0131 kaybedenlerin yak\u0131nlar\u0131na ba\u015fsa\u011fl\u0131\u011f\u0131\" \/>\n<meta property=\"og:url\" content=\"https:\/\/kibrisdakik.com\/?p=29134\" \/>\n<meta property=\"article:published_time\" content=\"2024-02-06T13:52:59+00:00\" \/>\n<meta property=\"og:image\" content=\"https:\/\/kibrisdakik.com\/wp-content\/uploads\/2024\/02\/ctp-6-subat-depreminin-yil-donumu-dolayisiyla-mesaj-yayimladi-1707218593.webp.webp\" \/>\n\t<meta property=\"og:image:width\" content=\"710\" \/>\n\t<meta property=\"og:image:height\" content=\"370\" \/>\n\t<meta property=\"og:image:type\" content=\"image\/webp\" \/>\n<meta name=\"author\" content=\"admin\" \/>\n<meta name=\"twitter:card\" content=\"summary_large_image\" \/>\n<meta name=\"twitter:label1\" content=\"Yazan:\" \/>\n\t<meta name=\"twitter:data1\" content=\"admin\" \/>\n<script type=\"application\/ld+json\" class=\"yoast-schema-graph\">{\"@context\":\"https:\\\/\\\/schema.org\",\"@graph\":[{\"@type\":\"Article\",\"@id\":\"https:\\\/\\\/kibrisdakik.com\\\/?p=29134#article\",\"isPartOf\":{\"@id\":\"https:\\\/\\\/kibrisdakik.com\\\/?p=29134\"},\"author\":{\"name\":\"admin\",\"@id\":\"https:\\\/\\\/kibrisdakik.com\\\/#\\\/schema\\\/person\\\/9cd9d437bbb44f72b73ba127e06d8e79\"},\"headline\":\"CTP, 6 \u015eubat depreminin y\u0131l d\u00f6n\u00fcm\u00fc dolay\u0131s\u0131yla mesaj yay\u0131mlad\u0131\",\"datePublished\":\"2024-02-06T13:52:59+00:00\",\"mainEntityOfPage\":{\"@id\":\"https:\\\/\\\/kibrisdakik.com\\\/?p=29134\"},\"wordCount\":99,\"commentCount\":0,\"image\":{\"@id\":\"https:\\\/\\\/kibrisdakik.com\\\/?p=29134#primaryimage\"},\"thumbnailUrl\":\"https:\\\/\\\/kibrisdakik.com\\\/wp-content\\\/uploads\\\/2024\\\/02\\\/ctp-6-subat-depreminin-yil-donumu-dolayisiyla-mesaj-yayimladi-1707218593.webp.webp\",\"articleSection\":[\"T\u00fcrkiye\"],\"inLanguage\":\"tr\",\"potentialAction\":[{\"@type\":\"CommentAction\",\"name\":\"Comment\",\"target\":[\"https:\\\/\\\/kibrisdakik.com\\\/?p=29134#respond\"]}]},{\"@type\":\"WebPage\",\"@id\":\"https:\\\/\\\/kibrisdakik.com\\\/?p=29134\",\"url\":\"https:\\\/\\\/kibrisdakik.com\\\/?p=29134\",\"name\":\"CTP, 6 \u015eubat depreminin y\u0131l d\u00f6n\u00fcm\u00fc dolay\u0131s\u0131yla mesaj yay\u0131mlad\u0131 -\",\"isPartOf\":{\"@id\":\"https:\\\/\\\/kibrisdakik.com\\\/#website\"},\"primaryImageOfPage\":{\"@id\":\"https:\\\/\\\/kibrisdakik.com\\\/?p=29134#primaryimage\"},\"image\":{\"@id\":\"https:\\\/\\\/kibrisdakik.com\\\/?p=29134#primaryimage\"},\"thumbnailUrl\":\"https:\\\/\\\/kibrisdakik.com\\\/wp-content\\\/uploads\\\/2024\\\/02\\\/ctp-6-subat-depreminin-yil-donumu-dolayisiyla-mesaj-yayimladi-1707218593.webp.webp\",\"datePublished\":\"2024-02-06T13:52:59+00:00\",\"author\":{\"@id\":\"https:\\\/\\\/kibrisdakik.com\\\/#\\\/schema\\\/person\\\/9cd9d437bbb44f72b73ba127e06d8e79\"},\"breadcrumb\":{\"@id\":\"https:\\\/\\\/kibrisdakik.com\\\/?p=29134#breadcrumb\"},\"inLanguage\":\"tr\",\"potentialAction\":[{\"@type\":\"ReadAction\",\"target\":[\"https:\\\/\\\/kibrisdakik.com\\\/?p=29134\"]}]},{\"@type\":\"ImageObject\",\"inLanguage\":\"tr\",\"@id\":\"https:\\\/\\\/kibrisdakik.com\\\/?p=29134#primaryimage\",\"url\":\"https:\\\/\\\/kibrisdakik.com\\\/wp-content\\\/uploads\\\/2024\\\/02\\\/ctp-6-subat-depreminin-yil-donumu-dolayisiyla-mesaj-yayimladi-1707218593.webp.webp\",\"contentUrl\":\"https:\\\/\\\/kibrisdakik.com\\\/wp-content\\\/uploads\\\/2024\\\/02\\\/ctp-6-subat-depreminin-yil-donumu-dolayisiyla-mesaj-yayimladi-1707218593.webp.webp\",\"width\":710,\"height\":370},{\"@type\":\"BreadcrumbList\",\"@id\":\"https:\\\/\\\/kibrisdakik.com\\\/?p=29134#breadcrumb\",\"itemListElement\":[{\"@type\":\"ListItem\",\"position\":1,\"name\":\"Home\",\"item\":\"https:\\\/\\\/kibrisdakik.com\\\/\"},{\"@type\":\"ListItem\",\"position\":2,\"name\":\"CTP, 6 \u015eubat depreminin y\u0131l d\u00f6n\u00fcm\u00fc dolay\u0131s\u0131yla mesaj yay\u0131mlad\u0131\"}]},{\"@type\":\"WebSite\",\"@id\":\"https:\\\/\\\/kibrisdakik.com\\\/#website\",\"url\":\"https:\\\/\\\/kibrisdakik.com\\\/\",\"name\":\"\",\"description\":\"Tam vaktinde haber\",\"potentialAction\":[{\"@type\":\"SearchAction\",\"target\":{\"@type\":\"EntryPoint\",\"urlTemplate\":\"https:\\\/\\\/kibrisdakik.com\\\/?s={search_term_string}\"},\"query-input\":{\"@type\":\"PropertyValueSpecification\",\"valueRequired\":true,\"valueName\":\"search_term_string\"}}],\"inLanguage\":\"tr\"},{\"@type\":\"Person\",\"@id\":\"https:\\\/\\\/kibrisdakik.com\\\/#\\\/schema\\\/person\\\/9cd9d437bbb44f72b73ba127e06d8e79\",\"name\":\"admin\",\"image\":{\"@type\":\"ImageObject\",\"inLanguage\":\"tr\",\"@id\":\"https:\\\/\\\/secure.gravatar.com\\\/avatar\\\/ccc17943b9d660506c869530f897617f7cb1c21a4bf30023f252596d83e1f007?s=96&d=mm&r=g\",\"url\":\"https:\\\/\\\/secure.gravatar.com\\\/avatar\\\/ccc17943b9d660506c869530f897617f7cb1c21a4bf30023f252596d83e1f007?s=96&d=mm&r=g\",\"contentUrl\":\"https:\\\/\\\/secure.gravatar.com\\\/avatar\\\/ccc17943b9d660506c869530f897617f7cb1c21a4bf30023f252596d83e1f007?s=96&d=mm&r=g\",\"caption\":\"admin\"},\"sameAs\":[\"https:\\\/\\\/kibrisdakik.com\"],\"url\":\"https:\\\/\\\/kibrisdakik.com\\\/?author=1\"}]}<\/script>\n<!-- \/ Yoast SEO plugin. -->","yoast_head_json":{"title":"CTP, 6 \u015eubat depreminin y\u0131l d\u00f6n\u00fcm\u00fc dolay\u0131s\u0131yla mesaj yay\u0131mlad\u0131 -","robots":{"index":"index","follow":"follow","max-snippet":"max-snippet:-1","max-image-preview":"max-image-preview:large","max-video-preview":"max-video-preview:-1"},"canonical":"https:\/\/kibrisdakik.com\/?p=29134","og_locale":"tr_TR","og_type":"article","og_title":"CTP, 6 \u015eubat depreminin y\u0131l d\u00f6n\u00fcm\u00fc dolay\u0131s\u0131yla mesaj yay\u0131mlad\u0131 -","og_description":"CTP Bas\u0131n B\u00fcrosu taraf\u0131ndan yap\u0131lan a\u00e7\u0131klamada, \u201c6 \u015eubat 2023 tarihinde T\u00fcrkiye\u2019nin Kahramanmara\u015f ilinde ger\u00e7ekle\u015fen ve \u00fclkemizde de derin bir ac\u0131 olu\u015fmas\u0131na neden olan depremin \u00fczerinden bir y\u0131l ge\u00e7ti. Deprem neticesinde ya\u015fanan b\u00fcy\u00fck ac\u0131y\u0131 en derin ve canl\u0131 haliyle kalbimizde hissediyoruz. Depremde hayat\u0131n\u0131 kaybeden herkesi bir kez daha sayg\u0131yla ve \u00f6zlemle an\u0131yor, hayat\u0131n\u0131 kaybedenlerin yak\u0131nlar\u0131na ba\u015fsa\u011fl\u0131\u011f\u0131","og_url":"https:\/\/kibrisdakik.com\/?p=29134","article_published_time":"2024-02-06T13:52:59+00:00","og_image":[{"width":710,"height":370,"url":"https:\/\/kibrisdakik.com\/wp-content\/uploads\/2024\/02\/ctp-6-subat-depreminin-yil-donumu-dolayisiyla-mesaj-yayimladi-1707218593.webp.webp","type":"image\/webp"}],"author":"admin","twitter_card":"summary_large_image","twitter_misc":{"Yazan:":"admin"},"schema":{"@context":"https:\/\/schema.org","@graph":[{"@type":"Article","@id":"https:\/\/kibrisdakik.com\/?p=29134#article","isPartOf":{"@id":"https:\/\/kibrisdakik.com\/?p=29134"},"author":{"name":"admin","@id":"https:\/\/kibrisdakik.com\/#\/schema\/person\/9cd9d437bbb44f72b73ba127e06d8e79"},"headline":"CTP, 6 \u015eubat depreminin y\u0131l d\u00f6n\u00fcm\u00fc dolay\u0131s\u0131yla mesaj yay\u0131mlad\u0131","datePublished":"2024-02-06T13:52:59+00:00","mainEntityOfPage":{"@id":"https:\/\/kibrisdakik.com\/?p=29134"},"wordCount":99,"commentCount":0,"image":{"@id":"https:\/\/kibrisdakik.com\/?p=29134#primaryimage"},"thumbnailUrl":"https:\/\/kibrisdakik.com\/wp-content\/uploads\/2024\/02\/ctp-6-subat-depreminin-yil-donumu-dolayisiyla-mesaj-yayimladi-1707218593.webp.webp","articleSection":["T\u00fcrkiye"],"inLanguage":"tr","potentialAction":[{"@type":"CommentAction","name":"Comment","target":["https:\/\/kibrisdakik.com\/?p=29134#respond"]}]},{"@type":"WebPage","@id":"https:\/\/kibrisdakik.com\/?p=29134","url":"https:\/\/kibrisdakik.com\/?p=29134","name":"CTP, 6 \u015eubat depreminin y\u0131l d\u00f6n\u00fcm\u00fc dolay\u0131s\u0131yla mesaj yay\u0131mlad\u0131 -","isPartOf":{"@id":"https:\/\/kibrisdakik.com\/#website"},"primaryImageOfPage":{"@id":"https:\/\/kibrisdakik.com\/?p=29134#primaryimage"},"image":{"@id":"https:\/\/kibrisdakik.com\/?p=29134#primaryimage"},"thumbnailUrl":"https:\/\/kibrisdakik.com\/wp-content\/uploads\/2024\/02\/ctp-6-subat-depreminin-yil-donumu-dolayisiyla-mesaj-yayimladi-1707218593.webp.webp","datePublished":"2024-02-06T13:52:59+00:00","author":{"@id":"https:\/\/kibrisdakik.com\/#\/schema\/person\/9cd9d437bbb44f72b73ba127e06d8e79"},"breadcrumb":{"@id":"https:\/\/kibrisdakik.com\/?p=29134#breadcrumb"},"inLanguage":"tr","potentialAction":[{"@type":"ReadAction","target":["https:\/\/kibrisdakik.com\/?p=29134"]}]},{"@type":"ImageObject","inLanguage":"tr","@id":"https:\/\/kibrisdakik.com\/?p=29134#primaryimage","url":"https:\/\/kibrisdakik.com\/wp-content\/uploads\/2024\/02\/ctp-6-subat-depreminin-yil-donumu-dolayisiyla-mesaj-yayimladi-1707218593.webp.webp","contentUrl":"https:\/\/kibrisdakik.com\/wp-content\/uploads\/2024\/02\/ctp-6-subat-depreminin-yil-donumu-dolayisiyla-mesaj-yayimladi-1707218593.webp.webp","width":710,"height":370},{"@type":"BreadcrumbList","@id":"https:\/\/kibrisdakik.com\/?p=29134#breadcrumb","itemListElement":[{"@type":"ListItem","position":1,"name":"Home","item":"https:\/\/kibrisdakik.com\/"},{"@type":"ListItem","position":2,"name":"CTP, 6 \u015eubat depreminin y\u0131l d\u00f6n\u00fcm\u00fc dolay\u0131s\u0131yla mesaj yay\u0131mlad\u0131"}]},{"@type":"WebSite","@id":"https:\/\/kibrisdakik.com\/#website","url":"https:\/\/kibrisdakik.com\/","name":"","description":"Tam vaktinde haber","potentialAction":[{"@type":"SearchAction","target":{"@type":"EntryPoint","urlTemplate":"https:\/\/kibrisdakik.com\/?s={search_term_string}"},"query-input":{"@type":"PropertyValueSpecification","valueRequired":true,"valueName":"search_term_string"}}],"inLanguage":"tr"},{"@type":"Person","@id":"https:\/\/kibrisdakik.com\/#\/schema\/person\/9cd9d437bbb44f72b73ba127e06d8e79","name":"admin","image":{"@type":"ImageObject","inLanguage":"tr","@id":"https:\/\/secure.gravatar.com\/avatar\/ccc17943b9d660506c869530f897617f7cb1c21a4bf30023f252596d83e1f007?s=96&d=mm&r=g","url":"https:\/\/secure.gravatar.com\/avatar\/ccc17943b9d660506c869530f897617f7cb1c21a4bf30023f252596d83e1f007?s=96&d=mm&r=g","contentUrl":"https:\/\/secure.gravatar.com\/avatar\/ccc17943b9d660506c869530f897617f7cb1c21a4bf30023f252596d83e1f007?s=96&d=mm&r=g","caption":"admin"},"sameAs":["https:\/\/kibrisdakik.com"],"url":"https:\/\/kibrisdakik.com\/?author=1"}]}},"_links":{"self":[{"href":"https:\/\/kibrisdakik.com\/index.php?rest_route=\/wp\/v2\/posts\/29134","targetHints":{"allow":["GET"]}}],"collection":[{"href":"https:\/\/kibrisdakik.com\/index.php?rest_route=\/wp\/v2\/posts"}],"about":[{"href":"https:\/\/kibrisdakik.com\/index.php?rest_route=\/wp\/v2\/types\/post"}],"author":[{"embeddable":true,"href":"https:\/\/kibrisdakik.com\/index.php?rest_route=\/wp\/v2\/users\/1"}],"replies":[{"embeddable":true,"href":"https:\/\/kibrisdakik.com\/index.php?rest_route=%2Fwp%2Fv2%2Fcomments&post=29134"}],"version-history":[{"count":0,"href":"https:\/\/kibrisdakik.com\/index.php?rest_route=\/wp\/v2\/posts\/29134\/revisions"}],"wp:featuredmedia":[{"embeddable":true,"href":"https:\/\/kibrisdakik.com\/index.php?rest_route=\/wp\/v2\/media\/29135"}],"wp:attachment":[{"href":"https:\/\/kibrisdakik.com\/index.php?rest_route=%2Fwp%2Fv2%2Fmedia&parent=29134"}],"wp:term":[{"taxonomy":"category","embeddable":true,"href":"https:\/\/kibrisdakik.com\/index.php?rest_route=%2Fwp%2Fv2%2Fcategories&post=29134"},{"taxonomy":"post_tag","embeddable":true,"href":"https:\/\/kibrisdakik.com\/index.php?rest_route=%2Fwp%2Fv2%2Ftags&post=29134"}],"curies":[{"name":"wp","href":"https:\/\/api.w.org\/{rel}","templated":true}]}}