{"id":29146,"date":"2024-02-06T14:57:58","date_gmt":"2024-02-06T14:57:58","guid":{"rendered":"https:\/\/kibrisdakik.com\/index.php\/2024\/02\/06\/deprem-sehitleri-aniliyor-yenibogazici-sehitliginde-de-toren-duzenlendi\/"},"modified":"2024-02-06T14:57:58","modified_gmt":"2024-02-06T14:57:58","slug":"deprem-sehitleri-aniliyor-yenibogazici-sehitliginde-de-toren-duzenlendi","status":"publish","type":"post","link":"https:\/\/kibrisdakik.com\/?p=29146","title":{"rendered":"Deprem \u015fehitleri an\u0131l\u0131yor&#8230; Yenibo\u011fazi\u00e7i \u015eehitli\u011fi&#039;nde de t\u00f6ren d\u00fczenlendi"},"content":{"rendered":"<p><img decoding=\"async\" src=\"https:\/\/www.kibristurk.com\/images\/haberler\/2024\/02\/deprem-sehitleri-aniliyor-yenibogazici-sehitliginde-de-toren-duzenlendi-1707228716.webp\" \/><\/p>\n<p style=\"text-align:left\"><span style=\"font-size:16px\"><span style=\"font-family:Merriweather,serif !important\"><span style=\"color:#000000\"><span style=\"background-color:#ffffff\">\u015eehitlikte t\u00f6ren \u00f6ncesi bayraklar yar\u0131ya indirildi. M\u00fclkiye Da\u011fl\u0131\u2019n\u0131n annesi, Abide ile Nazife\u2019nin anneannesinin a\u011f\u0131tlar\u0131 y\u00fcrekleri da\u011flad\u0131.<\/span><\/span><\/span><\/span><\/p>\n<p style=\"text-align:left\"><span style=\"font-size:16px\"><span style=\"font-family:Merriweather,serif !important\"><span style=\"color:#000000\"><span style=\"background-color:#ffffff\">T\u00f6rene, Cumhurba\u015fkan\u0131 Ersin Tatar, e\u015fi Sibel Tatar, Ba\u015fbakan \u00dcnal \u00dcstel ile e\u015fi Zerrin \u00dcstel, Ba\u015fbakan Yard\u0131mc\u0131s\u0131 Turizm, K\u00fclt\u00fcr, Gen\u00e7lik ve \u00c7evre Bakan\u0131 Fikri Atao\u011flu, \u0130\u00e7i\u015fleri Bakan\u0131 Dursun O\u011fuz, Milli E\u011fitim Bakan\u0131 Naz\u0131m \u00c7avu\u015fo\u011flu, Ekonomi ve Enerji Bakan\u0131 Olgun Amcao\u011flu, \u00c7al\u0131\u015fma ve Sosyal G\u00fcvenlik Bakan\u0131 Sad\u0131k Gardiyano\u011flu, milletvekilleri, Yenibo\u011fazi\u00e7i&nbsp; Belediye Ba\u015fkan\u0131 Katip Demir ile aileler ve vatanda\u015flar kat\u0131ld\u0131.<\/span><\/span><\/span><\/span><\/p>\n<p style=\"text-align:left\">&nbsp;<\/p>\n<p style=\"text-align:left\">&nbsp;<\/p>\n<p style=\"text-align:left\">&nbsp;<\/p>\n<p style=\"text-align:left\"><span style=\"font-size:16px\"><span style=\"font-family:Merriweather,serif !important\"><span style=\"color:#000000\"><span style=\"background-color:#ffffff\">Cumhurba\u015fkan\u0131 Ersin Tatar t\u00f6rende yapt\u0131\u011f\u0131 konu\u015fmada, depremden bug\u00fcne bir y\u0131l\u0131n \u00e7ok s\u00fcratli bir \u015fekilde ge\u00e7ti\u011fini belirterek, \u201dAc\u0131m\u0131z \u00e7ok b\u00fcy\u00fck; hepimizin y\u00fcre\u011fi&nbsp; par\u00e7aland\u0131. Ailelerin ac\u0131s\u0131n\u0131 y\u00fcre\u011fimizde hissediyoruz. Bu bir y\u0131lda, 365 g\u00fcn, her g\u00fcn biz de a\u011flad\u0131k, y\u00fcre\u011fimizin par\u00e7aland\u0131\u011f\u0131n\u0131 hissettik\u201d dedi.<\/span><\/span><\/span><\/span><\/p>\n<p style=\"text-align:left\"><span style=\"font-size:16px\"><span style=\"font-family:Merriweather,serif !important\"><span style=\"color:#000000\"><span style=\"background-color:#ffffff\">Cumhurba\u015fkan\u0131 Tatar, K\u0131br\u0131s T\u00fcrk halk\u0131n\u0131n milli m\u00fccadele y\u0131llar\u0131nda \u00e7ok ac\u0131lar \u00e7ekti\u011fini, bir\u00e7ok \u015fehit verdi\u011fini belirterek, &#8220;Bu deprem dolay\u0131s\u0131yla&nbsp; \u015eampiyon Melekler&#8217;imizin ve di\u011fer vatanda\u015flar\u0131m\u0131z\u0131n kay\u0131plar\u0131 i\u00e7imize, y\u00fcre\u011fimize ate\u015f d\u00fc\u015f\u00fcrd\u00fc. Bu ate\u015f yan\u0131yor, y\u00fcre\u011fimiz yan\u0131yor, ilk g\u00fcnk\u00fc s\u0131cakl\u0131\u011f\u0131yla o ate\u015fi hissediyoruz\u201d dedi.<\/span><\/span><\/span><\/span><\/p>\n<p style=\"text-align:left\"><span style=\"font-size:16px\"><span style=\"font-family:Merriweather,serif !important\"><span style=\"color:#000000\"><span style=\"background-color:#ffffff\">Cumhurba\u015fkan\u0131 Tatar, felaketin ilk g\u00fcn\u00fcnden itibaren K\u0131br\u0131s T\u00fcrk halk\u0131n\u0131n tek y\u00fcrek oldu\u011funu vurgulayarak, \u201cBu d\u00fcnyadan g\u00f6\u00e7 edinceye kadar hep birlikte a\u011flayaca\u011f\u0131z. Ant i\u00e7tik, onlar\u0131 unutmayaca\u011f\u0131z, unutturmayaca\u011f\u0131z.\u201d diye konu\u015ftu.<\/span><\/span><\/span><\/span><\/p>\n<p style=\"text-align:left\"><span style=\"font-size:16px\"><span style=\"font-family:Merriweather,serif !important\"><span style=\"color:#000000\"><span style=\"background-color:#ffffff\">Yarg\u0131 s\u00fcrecini hep birlikte takip edeceklerini vurgulayan Tatar, konu\u015fmas\u0131n\u0131 \u015f\u00f6yle s\u00fcrd\u00fcrd\u00fc:<\/span><\/span><\/span><\/span><\/p>\n<p style=\"text-align:left\"><span style=\"font-size:16px\"><span style=\"font-family:Merriweather,serif !important\"><span style=\"color:#000000\"><span style=\"background-color:#ffffff\">\u201cBa\u011f\u0131ms\u0131z T\u00fcrk yarg\u0131s\u0131n\u0131n adaletine g\u00fcceniyoruz. \u0130n\u015fallah gere\u011fi yap\u0131lacakt\u0131r ve adalet yerini bulacakt\u0131r. \u00c7\u00fcnk\u00fc bizim bu yavrular\u0131m\u0131z\u0131n ve di\u011fer vatanda\u015flar\u0131m\u0131z\u0131n hayatlar\u0131n\u0131 kaybetmesine neden olanlar adalet \u00f6n\u00fcnde bunun cevab\u0131n\u0131 vermek durumundad\u0131rlar. Bunun takip\u00e7isi oldu\u011fumuzu&nbsp; Yenibo\u011fazi\u00e7i\u2019nde huzurlar\u0131nda bir kez daha ifade ediyorum.&#8221;<\/span><\/span><\/span><\/span><\/p>\n<p style=\"text-align:left\"><span style=\"font-size:16px\"><span style=\"font-family:Merriweather,serif !important\"><span style=\"color:#000000\"><span style=\"background-color:#ffffff\">\u201cBu olay K\u0131br\u0131s T\u00fcrk\u00fc\u2019n\u00fcn y\u00fcre\u011fini tekrar da\u011flam\u0131\u015ft\u0131r, tekrar birle\u015ftirmi\u015ftir\u201d diyen Tatar, \u015eampiyon Melekler\u2019i unutmayacaklar\u0131n\u0131 ve unutturmayacaklar\u0131n\u0131 yineledi.<\/span><\/span><\/span><\/span><\/p>\n<p style=\"text-align:left\">&nbsp;<\/p>\n","protected":false},"excerpt":{"rendered":"<p>\u015eehitlikte t\u00f6ren \u00f6ncesi bayraklar yar\u0131ya indirildi. M\u00fclkiye Da\u011fl\u0131\u2019n\u0131n annesi, Abide ile Nazife\u2019nin anneannesinin a\u011f\u0131tlar\u0131 y\u00fcrekleri da\u011flad\u0131. T\u00f6rene, Cumhurba\u015fkan\u0131 Ersin Tatar, e\u015fi Sibel Tatar, Ba\u015fbakan \u00dcnal \u00dcstel ile e\u015fi Zerrin \u00dcstel, Ba\u015fbakan Yard\u0131mc\u0131s\u0131 Turizm, K\u00fclt\u00fcr, Gen\u00e7lik ve \u00c7evre Bakan\u0131 Fikri Atao\u011flu, \u0130\u00e7i\u015fleri Bakan\u0131 Dursun O\u011fuz, Milli E\u011fitim Bakan\u0131 Naz\u0131m \u00c7avu\u015fo\u011flu, Ekonomi ve Enerji Bakan\u0131 Olgun Amcao\u011flu,<\/p>\n","protected":false},"author":1,"featured_media":29147,"comment_status":"open","ping_status":"open","sticky":false,"template":"","format":"standard","meta":{"footnotes":""},"categories":[1],"tags":[],"class_list":["post-29146","post","type-post","status-publish","format-standard","has-post-thumbnail","hentry","category-gundem"],"yoast_head":"<!-- This site is optimized with the Yoast SEO plugin v27.5 - https:\/\/yoast.com\/product\/yoast-seo-wordpress\/ -->\n<title>Deprem \u015fehitleri an\u0131l\u0131yor... Yenibo\u011fazi\u00e7i \u015eehitli\u011fi&#039;nde de t\u00f6ren d\u00fczenlendi -<\/title>\n<meta name=\"robots\" content=\"index, follow, max-snippet:-1, max-image-preview:large, max-video-preview:-1\" \/>\n<link rel=\"canonical\" href=\"https:\/\/kibrisdakik.com\/?p=29146\" \/>\n<meta property=\"og:locale\" content=\"tr_TR\" \/>\n<meta property=\"og:type\" content=\"article\" \/>\n<meta property=\"og:title\" content=\"Deprem \u015fehitleri an\u0131l\u0131yor... Yenibo\u011fazi\u00e7i \u015eehitli\u011fi&#039;nde de t\u00f6ren d\u00fczenlendi -\" \/>\n<meta property=\"og:description\" content=\"\u015eehitlikte t\u00f6ren \u00f6ncesi bayraklar yar\u0131ya indirildi. M\u00fclkiye Da\u011fl\u0131\u2019n\u0131n annesi, Abide ile Nazife\u2019nin anneannesinin a\u011f\u0131tlar\u0131 y\u00fcrekleri da\u011flad\u0131. T\u00f6rene, Cumhurba\u015fkan\u0131 Ersin Tatar, e\u015fi Sibel Tatar, Ba\u015fbakan \u00dcnal \u00dcstel ile e\u015fi Zerrin \u00dcstel, Ba\u015fbakan Yard\u0131mc\u0131s\u0131 Turizm, K\u00fclt\u00fcr, Gen\u00e7lik ve \u00c7evre Bakan\u0131 Fikri Atao\u011flu, \u0130\u00e7i\u015fleri Bakan\u0131 Dursun O\u011fuz, Milli E\u011fitim Bakan\u0131 Naz\u0131m \u00c7avu\u015fo\u011flu, Ekonomi ve Enerji Bakan\u0131 Olgun Amcao\u011flu,\" \/>\n<meta property=\"og:url\" content=\"https:\/\/kibrisdakik.com\/?p=29146\" \/>\n<meta property=\"article:published_time\" content=\"2024-02-06T14:57:58+00:00\" \/>\n<meta property=\"og:image\" content=\"https:\/\/kibrisdakik.com\/wp-content\/uploads\/2024\/02\/deprem-sehitleri-aniliyor-yenibogazici-sehitliginde-de-toren-duzenlendi-1707228716.webp.webp\" \/>\n\t<meta property=\"og:image:width\" content=\"710\" \/>\n\t<meta property=\"og:image:height\" content=\"370\" \/>\n\t<meta property=\"og:image:type\" content=\"image\/webp\" \/>\n<meta name=\"author\" content=\"admin\" \/>\n<meta name=\"twitter:card\" content=\"summary_large_image\" \/>\n<meta name=\"twitter:label1\" content=\"Yazan:\" \/>\n\t<meta name=\"twitter:data1\" content=\"admin\" \/>\n\t<meta name=\"twitter:label2\" content=\"Tahmini okuma s\u00fcresi\" \/>\n\t<meta name=\"twitter:data2\" content=\"2 dakika\" \/>\n<script type=\"application\/ld+json\" class=\"yoast-schema-graph\">{\"@context\":\"https:\\\/\\\/schema.org\",\"@graph\":[{\"@type\":\"Article\",\"@id\":\"https:\\\/\\\/kibrisdakik.com\\\/?p=29146#article\",\"isPartOf\":{\"@id\":\"https:\\\/\\\/kibrisdakik.com\\\/?p=29146\"},\"author\":{\"name\":\"admin\",\"@id\":\"https:\\\/\\\/kibrisdakik.com\\\/#\\\/schema\\\/person\\\/9cd9d437bbb44f72b73ba127e06d8e79\"},\"headline\":\"Deprem \u015fehitleri an\u0131l\u0131yor&#8230; Yenibo\u011fazi\u00e7i \u015eehitli\u011fi&#039;nde de t\u00f6ren d\u00fczenlendi\",\"datePublished\":\"2024-02-06T14:57:58+00:00\",\"mainEntityOfPage\":{\"@id\":\"https:\\\/\\\/kibrisdakik.com\\\/?p=29146\"},\"wordCount\":438,\"commentCount\":0,\"image\":{\"@id\":\"https:\\\/\\\/kibrisdakik.com\\\/?p=29146#primaryimage\"},\"thumbnailUrl\":\"https:\\\/\\\/kibrisdakik.com\\\/wp-content\\\/uploads\\\/2024\\\/02\\\/deprem-sehitleri-aniliyor-yenibogazici-sehitliginde-de-toren-duzenlendi-1707228716.webp.webp\",\"articleSection\":[\"G\u00fcndem\"],\"inLanguage\":\"tr\",\"potentialAction\":[{\"@type\":\"CommentAction\",\"name\":\"Comment\",\"target\":[\"https:\\\/\\\/kibrisdakik.com\\\/?p=29146#respond\"]}]},{\"@type\":\"WebPage\",\"@id\":\"https:\\\/\\\/kibrisdakik.com\\\/?p=29146\",\"url\":\"https:\\\/\\\/kibrisdakik.com\\\/?p=29146\",\"name\":\"Deprem \u015fehitleri an\u0131l\u0131yor... Yenibo\u011fazi\u00e7i \u015eehitli\u011fi&#039;nde de t\u00f6ren d\u00fczenlendi -\",\"isPartOf\":{\"@id\":\"https:\\\/\\\/kibrisdakik.com\\\/#website\"},\"primaryImageOfPage\":{\"@id\":\"https:\\\/\\\/kibrisdakik.com\\\/?p=29146#primaryimage\"},\"image\":{\"@id\":\"https:\\\/\\\/kibrisdakik.com\\\/?p=29146#primaryimage\"},\"thumbnailUrl\":\"https:\\\/\\\/kibrisdakik.com\\\/wp-content\\\/uploads\\\/2024\\\/02\\\/deprem-sehitleri-aniliyor-yenibogazici-sehitliginde-de-toren-duzenlendi-1707228716.webp.webp\",\"datePublished\":\"2024-02-06T14:57:58+00:00\",\"author\":{\"@id\":\"https:\\\/\\\/kibrisdakik.com\\\/#\\\/schema\\\/person\\\/9cd9d437bbb44f72b73ba127e06d8e79\"},\"breadcrumb\":{\"@id\":\"https:\\\/\\\/kibrisdakik.com\\\/?p=29146#breadcrumb\"},\"inLanguage\":\"tr\",\"potentialAction\":[{\"@type\":\"ReadAction\",\"target\":[\"https:\\\/\\\/kibrisdakik.com\\\/?p=29146\"]}]},{\"@type\":\"ImageObject\",\"inLanguage\":\"tr\",\"@id\":\"https:\\\/\\\/kibrisdakik.com\\\/?p=29146#primaryimage\",\"url\":\"https:\\\/\\\/kibrisdakik.com\\\/wp-content\\\/uploads\\\/2024\\\/02\\\/deprem-sehitleri-aniliyor-yenibogazici-sehitliginde-de-toren-duzenlendi-1707228716.webp.webp\",\"contentUrl\":\"https:\\\/\\\/kibrisdakik.com\\\/wp-content\\\/uploads\\\/2024\\\/02\\\/deprem-sehitleri-aniliyor-yenibogazici-sehitliginde-de-toren-duzenlendi-1707228716.webp.webp\",\"width\":710,\"height\":370},{\"@type\":\"BreadcrumbList\",\"@id\":\"https:\\\/\\\/kibrisdakik.com\\\/?p=29146#breadcrumb\",\"itemListElement\":[{\"@type\":\"ListItem\",\"position\":1,\"name\":\"Home\",\"item\":\"https:\\\/\\\/kibrisdakik.com\\\/\"},{\"@type\":\"ListItem\",\"position\":2,\"name\":\"Deprem \u015fehitleri an\u0131l\u0131yor&#8230; Yenibo\u011fazi\u00e7i \u015eehitli\u011fi&#039;nde de t\u00f6ren d\u00fczenlendi\"}]},{\"@type\":\"WebSite\",\"@id\":\"https:\\\/\\\/kibrisdakik.com\\\/#website\",\"url\":\"https:\\\/\\\/kibrisdakik.com\\\/\",\"name\":\"\",\"description\":\"Tam vaktinde haber\",\"potentialAction\":[{\"@type\":\"SearchAction\",\"target\":{\"@type\":\"EntryPoint\",\"urlTemplate\":\"https:\\\/\\\/kibrisdakik.com\\\/?s={search_term_string}\"},\"query-input\":{\"@type\":\"PropertyValueSpecification\",\"valueRequired\":true,\"valueName\":\"search_term_string\"}}],\"inLanguage\":\"tr\"},{\"@type\":\"Person\",\"@id\":\"https:\\\/\\\/kibrisdakik.com\\\/#\\\/schema\\\/person\\\/9cd9d437bbb44f72b73ba127e06d8e79\",\"name\":\"admin\",\"image\":{\"@type\":\"ImageObject\",\"inLanguage\":\"tr\",\"@id\":\"https:\\\/\\\/secure.gravatar.com\\\/avatar\\\/ccc17943b9d660506c869530f897617f7cb1c21a4bf30023f252596d83e1f007?s=96&d=mm&r=g\",\"url\":\"https:\\\/\\\/secure.gravatar.com\\\/avatar\\\/ccc17943b9d660506c869530f897617f7cb1c21a4bf30023f252596d83e1f007?s=96&d=mm&r=g\",\"contentUrl\":\"https:\\\/\\\/secure.gravatar.com\\\/avatar\\\/ccc17943b9d660506c869530f897617f7cb1c21a4bf30023f252596d83e1f007?s=96&d=mm&r=g\",\"caption\":\"admin\"},\"sameAs\":[\"https:\\\/\\\/kibrisdakik.com\"],\"url\":\"https:\\\/\\\/kibrisdakik.com\\\/?author=1\"}]}<\/script>\n<!-- \/ Yoast SEO plugin. -->","yoast_head_json":{"title":"Deprem \u015fehitleri an\u0131l\u0131yor... Yenibo\u011fazi\u00e7i \u015eehitli\u011fi&#039;nde de t\u00f6ren d\u00fczenlendi -","robots":{"index":"index","follow":"follow","max-snippet":"max-snippet:-1","max-image-preview":"max-image-preview:large","max-video-preview":"max-video-preview:-1"},"canonical":"https:\/\/kibrisdakik.com\/?p=29146","og_locale":"tr_TR","og_type":"article","og_title":"Deprem \u015fehitleri an\u0131l\u0131yor... Yenibo\u011fazi\u00e7i \u015eehitli\u011fi&#039;nde de t\u00f6ren d\u00fczenlendi -","og_description":"\u015eehitlikte t\u00f6ren \u00f6ncesi bayraklar yar\u0131ya indirildi. M\u00fclkiye Da\u011fl\u0131\u2019n\u0131n annesi, Abide ile Nazife\u2019nin anneannesinin a\u011f\u0131tlar\u0131 y\u00fcrekleri da\u011flad\u0131. T\u00f6rene, Cumhurba\u015fkan\u0131 Ersin Tatar, e\u015fi Sibel Tatar, Ba\u015fbakan \u00dcnal \u00dcstel ile e\u015fi Zerrin \u00dcstel, Ba\u015fbakan Yard\u0131mc\u0131s\u0131 Turizm, K\u00fclt\u00fcr, Gen\u00e7lik ve \u00c7evre Bakan\u0131 Fikri Atao\u011flu, \u0130\u00e7i\u015fleri Bakan\u0131 Dursun O\u011fuz, Milli E\u011fitim Bakan\u0131 Naz\u0131m \u00c7avu\u015fo\u011flu, Ekonomi ve Enerji Bakan\u0131 Olgun Amcao\u011flu,","og_url":"https:\/\/kibrisdakik.com\/?p=29146","article_published_time":"2024-02-06T14:57:58+00:00","og_image":[{"width":710,"height":370,"url":"https:\/\/kibrisdakik.com\/wp-content\/uploads\/2024\/02\/deprem-sehitleri-aniliyor-yenibogazici-sehitliginde-de-toren-duzenlendi-1707228716.webp.webp","type":"image\/webp"}],"author":"admin","twitter_card":"summary_large_image","twitter_misc":{"Yazan:":"admin","Tahmini okuma s\u00fcresi":"2 dakika"},"schema":{"@context":"https:\/\/schema.org","@graph":[{"@type":"Article","@id":"https:\/\/kibrisdakik.com\/?p=29146#article","isPartOf":{"@id":"https:\/\/kibrisdakik.com\/?p=29146"},"author":{"name":"admin","@id":"https:\/\/kibrisdakik.com\/#\/schema\/person\/9cd9d437bbb44f72b73ba127e06d8e79"},"headline":"Deprem \u015fehitleri an\u0131l\u0131yor&#8230; Yenibo\u011fazi\u00e7i \u015eehitli\u011fi&#039;nde de t\u00f6ren d\u00fczenlendi","datePublished":"2024-02-06T14:57:58+00:00","mainEntityOfPage":{"@id":"https:\/\/kibrisdakik.com\/?p=29146"},"wordCount":438,"commentCount":0,"image":{"@id":"https:\/\/kibrisdakik.com\/?p=29146#primaryimage"},"thumbnailUrl":"https:\/\/kibrisdakik.com\/wp-content\/uploads\/2024\/02\/deprem-sehitleri-aniliyor-yenibogazici-sehitliginde-de-toren-duzenlendi-1707228716.webp.webp","articleSection":["G\u00fcndem"],"inLanguage":"tr","potentialAction":[{"@type":"CommentAction","name":"Comment","target":["https:\/\/kibrisdakik.com\/?p=29146#respond"]}]},{"@type":"WebPage","@id":"https:\/\/kibrisdakik.com\/?p=29146","url":"https:\/\/kibrisdakik.com\/?p=29146","name":"Deprem \u015fehitleri an\u0131l\u0131yor... Yenibo\u011fazi\u00e7i \u015eehitli\u011fi&#039;nde de t\u00f6ren d\u00fczenlendi -","isPartOf":{"@id":"https:\/\/kibrisdakik.com\/#website"},"primaryImageOfPage":{"@id":"https:\/\/kibrisdakik.com\/?p=29146#primaryimage"},"image":{"@id":"https:\/\/kibrisdakik.com\/?p=29146#primaryimage"},"thumbnailUrl":"https:\/\/kibrisdakik.com\/wp-content\/uploads\/2024\/02\/deprem-sehitleri-aniliyor-yenibogazici-sehitliginde-de-toren-duzenlendi-1707228716.webp.webp","datePublished":"2024-02-06T14:57:58+00:00","author":{"@id":"https:\/\/kibrisdakik.com\/#\/schema\/person\/9cd9d437bbb44f72b73ba127e06d8e79"},"breadcrumb":{"@id":"https:\/\/kibrisdakik.com\/?p=29146#breadcrumb"},"inLanguage":"tr","potentialAction":[{"@type":"ReadAction","target":["https:\/\/kibrisdakik.com\/?p=29146"]}]},{"@type":"ImageObject","inLanguage":"tr","@id":"https:\/\/kibrisdakik.com\/?p=29146#primaryimage","url":"https:\/\/kibrisdakik.com\/wp-content\/uploads\/2024\/02\/deprem-sehitleri-aniliyor-yenibogazici-sehitliginde-de-toren-duzenlendi-1707228716.webp.webp","contentUrl":"https:\/\/kibrisdakik.com\/wp-content\/uploads\/2024\/02\/deprem-sehitleri-aniliyor-yenibogazici-sehitliginde-de-toren-duzenlendi-1707228716.webp.webp","width":710,"height":370},{"@type":"BreadcrumbList","@id":"https:\/\/kibrisdakik.com\/?p=29146#breadcrumb","itemListElement":[{"@type":"ListItem","position":1,"name":"Home","item":"https:\/\/kibrisdakik.com\/"},{"@type":"ListItem","position":2,"name":"Deprem \u015fehitleri an\u0131l\u0131yor&#8230; Yenibo\u011fazi\u00e7i \u015eehitli\u011fi&#039;nde de t\u00f6ren d\u00fczenlendi"}]},{"@type":"WebSite","@id":"https:\/\/kibrisdakik.com\/#website","url":"https:\/\/kibrisdakik.com\/","name":"","description":"Tam vaktinde haber","potentialAction":[{"@type":"SearchAction","target":{"@type":"EntryPoint","urlTemplate":"https:\/\/kibrisdakik.com\/?s={search_term_string}"},"query-input":{"@type":"PropertyValueSpecification","valueRequired":true,"valueName":"search_term_string"}}],"inLanguage":"tr"},{"@type":"Person","@id":"https:\/\/kibrisdakik.com\/#\/schema\/person\/9cd9d437bbb44f72b73ba127e06d8e79","name":"admin","image":{"@type":"ImageObject","inLanguage":"tr","@id":"https:\/\/secure.gravatar.com\/avatar\/ccc17943b9d660506c869530f897617f7cb1c21a4bf30023f252596d83e1f007?s=96&d=mm&r=g","url":"https:\/\/secure.gravatar.com\/avatar\/ccc17943b9d660506c869530f897617f7cb1c21a4bf30023f252596d83e1f007?s=96&d=mm&r=g","contentUrl":"https:\/\/secure.gravatar.com\/avatar\/ccc17943b9d660506c869530f897617f7cb1c21a4bf30023f252596d83e1f007?s=96&d=mm&r=g","caption":"admin"},"sameAs":["https:\/\/kibrisdakik.com"],"url":"https:\/\/kibrisdakik.com\/?author=1"}]}},"_links":{"self":[{"href":"https:\/\/kibrisdakik.com\/index.php?rest_route=\/wp\/v2\/posts\/29146","targetHints":{"allow":["GET"]}}],"collection":[{"href":"https:\/\/kibrisdakik.com\/index.php?rest_route=\/wp\/v2\/posts"}],"about":[{"href":"https:\/\/kibrisdakik.com\/index.php?rest_route=\/wp\/v2\/types\/post"}],"author":[{"embeddable":true,"href":"https:\/\/kibrisdakik.com\/index.php?rest_route=\/wp\/v2\/users\/1"}],"replies":[{"embeddable":true,"href":"https:\/\/kibrisdakik.com\/index.php?rest_route=%2Fwp%2Fv2%2Fcomments&post=29146"}],"version-history":[{"count":0,"href":"https:\/\/kibrisdakik.com\/index.php?rest_route=\/wp\/v2\/posts\/29146\/revisions"}],"wp:featuredmedia":[{"embeddable":true,"href":"https:\/\/kibrisdakik.com\/index.php?rest_route=\/wp\/v2\/media\/29147"}],"wp:attachment":[{"href":"https:\/\/kibrisdakik.com\/index.php?rest_route=%2Fwp%2Fv2%2Fmedia&parent=29146"}],"wp:term":[{"taxonomy":"category","embeddable":true,"href":"https:\/\/kibrisdakik.com\/index.php?rest_route=%2Fwp%2Fv2%2Fcategories&post=29146"},{"taxonomy":"post_tag","embeddable":true,"href":"https:\/\/kibrisdakik.com\/index.php?rest_route=%2Fwp%2Fv2%2Ftags&post=29146"}],"curies":[{"name":"wp","href":"https:\/\/api.w.org\/{rel}","templated":true}]}}