{"id":29210,"date":"2024-02-06T21:59:15","date_gmt":"2024-02-06T21:59:15","guid":{"rendered":"https:\/\/kibrisdakik.com\/index.php\/2024\/02\/06\/artvinde-cig-altinda-kalan-operator-hayatini-kaybetti\/"},"modified":"2024-02-06T21:59:15","modified_gmt":"2024-02-06T21:59:15","slug":"artvinde-cig-altinda-kalan-operator-hayatini-kaybetti","status":"publish","type":"post","link":"https:\/\/kibrisdakik.com\/?p=29210","title":{"rendered":"Artvin\u2019de \u00e7\u0131\u011f alt\u0131nda kalan operat\u00f6r hayat\u0131n\u0131 kaybetti"},"content":{"rendered":"<p><\/p>\n<p>\u0130hlas Haber Ajans\u0131&#8217;nda yer alan bilgiye g\u00f6re, kar nedeniyle kapanan Karak\u00f6y k\u00f6y\u00fcne ula\u015f\u0131m\u0131n sa\u011flanmas\u0131 i\u00e7in \u00e7al\u0131\u015fma yapan \u0130l \u00d6zel \u0130daresi ekiplerinden G\u00f6khan Y\u0131lmaz (35) operat\u00f6rl\u00fc\u011f\u00fcn\u00fc yapt\u0131\u011f\u0131 i\u015f makinesi ile geri d\u00f6n\u00fc\u015f yolundayken \u00e7\u0131\u011f d\u00fc\u015fmesi sonucu i\u015f makinesi ve b\u00f6lgede bulunan kamyonet kar alt\u0131nda kald\u0131. Kamyonette bulunan 2 ki\u015fi kendi imkanlar\u0131yla kurtulurken, Y\u0131lmaz \u00e7\u0131\u011f alt\u0131nda kald\u0131.<\/p>\n<p>\u0130hbar \u00fczerine b\u00f6lgeye 112 acil sa\u011fl\u0131k, itfaiye, jandarma ve AFAD ekipleri sevk edildi. Yakla\u015f\u0131k iki saat s\u00fcren arama kurtarma \u00e7al\u0131\u015fmalar\u0131 sonucunda Y\u0131lmaz, i\u015f makinesinin kabininden \u00e7\u0131kar\u0131ld\u0131. 112 acil sa\u011fl\u0131k ekipleri taraf\u0131ndan ambulansa al\u0131nan Y\u0131lmaz, yap\u0131lan t\u00fcm m\u00fcdahalelere ra\u011fmen kurtar\u0131lamayarak hayat\u0131n\u0131 kaybetti.<\/p>\n<p><img decoding=\"async\" alt=\"Artvin\u2019de \u00e7\u0131\u011f alt\u0131nda kalan operat\u00f6r hayat\u0131n\u0131 kaybetti\u00a0 - 1. Resim\" src=\"https:\/\/icdn.tgrthaber.com.tr\/images\/haberler\/24-02\/07\/artvinde-cig-altinda-kalan-operator-hayatini-kaybetti-17072547888191_1.jpg\" style=\"height:100%;width:850px\" \/><\/p>\n<p>Evli ve iki \u00e7ocuk babas\u0131 oldu\u011fu \u00f6\u011frenilen Y\u0131lmaz&#8217;\u0131n cenazesi, \u015eav\u015fat Devlet Hastanesi morgunda yap\u0131lan otopsinin ard\u0131ndan topra\u011fa verilecek.<\/p>\n<p><img decoding=\"async\" alt=\"Artvin\u2019de \u00e7\u0131\u011f alt\u0131nda kalan operat\u00f6r hayat\u0131n\u0131 kaybetti\u00a0 - 2. Resim\" src=\"https:\/\/icdn.tgrthaber.com.tr\/images\/haberler\/24-02\/07\/artvinde-cig-altinda-kalan-operator-hayatini-kaybetti-1707254788400_2.png\" style=\"height:100%;width:850px\" \/><\/p>\n<p>Olayla ilgili soru\u015fturma ba\u015flat\u0131ld\u0131.&nbsp;<\/p>\n","protected":false},"excerpt":{"rendered":"<p>\u0130hlas Haber Ajans\u0131&#8217;nda yer alan bilgiye g\u00f6re, kar nedeniyle kapanan Karak\u00f6y k\u00f6y\u00fcne ula\u015f\u0131m\u0131n sa\u011flanmas\u0131 i\u00e7in \u00e7al\u0131\u015fma yapan \u0130l \u00d6zel \u0130daresi ekiplerinden G\u00f6khan Y\u0131lmaz (35) operat\u00f6rl\u00fc\u011f\u00fcn\u00fc yapt\u0131\u011f\u0131 i\u015f makinesi ile geri d\u00f6n\u00fc\u015f yolundayken \u00e7\u0131\u011f d\u00fc\u015fmesi sonucu i\u015f makinesi ve b\u00f6lgede bulunan kamyonet kar alt\u0131nda kald\u0131. Kamyonette bulunan 2 ki\u015fi kendi imkanlar\u0131yla kurtulurken, Y\u0131lmaz \u00e7\u0131\u011f alt\u0131nda kald\u0131.<\/p>\n","protected":false},"author":1,"featured_media":29211,"comment_status":"open","ping_status":"open","sticky":false,"template":"","format":"standard","meta":{"footnotes":""},"categories":[79],"tags":[],"class_list":["post-29210","post","type-post","status-publish","format-standard","has-post-thumbnail","hentry","category-ekonomi"],"yoast_head":"<!-- This site is optimized with the Yoast SEO plugin v27.4 - https:\/\/yoast.com\/product\/yoast-seo-wordpress\/ -->\n<title>Artvin\u2019de \u00e7\u0131\u011f alt\u0131nda kalan operat\u00f6r hayat\u0131n\u0131 kaybetti -<\/title>\n<meta name=\"robots\" content=\"index, follow, max-snippet:-1, max-image-preview:large, max-video-preview:-1\" \/>\n<link rel=\"canonical\" href=\"https:\/\/kibrisdakik.com\/?p=29210\" \/>\n<meta property=\"og:locale\" content=\"tr_TR\" \/>\n<meta property=\"og:type\" content=\"article\" \/>\n<meta property=\"og:title\" content=\"Artvin\u2019de \u00e7\u0131\u011f alt\u0131nda kalan operat\u00f6r hayat\u0131n\u0131 kaybetti -\" \/>\n<meta property=\"og:description\" content=\"\u0130hlas Haber Ajans\u0131&#8217;nda yer alan bilgiye g\u00f6re, kar nedeniyle kapanan Karak\u00f6y k\u00f6y\u00fcne ula\u015f\u0131m\u0131n sa\u011flanmas\u0131 i\u00e7in \u00e7al\u0131\u015fma yapan \u0130l \u00d6zel \u0130daresi ekiplerinden G\u00f6khan Y\u0131lmaz (35) operat\u00f6rl\u00fc\u011f\u00fcn\u00fc yapt\u0131\u011f\u0131 i\u015f makinesi ile geri d\u00f6n\u00fc\u015f yolundayken \u00e7\u0131\u011f d\u00fc\u015fmesi sonucu i\u015f makinesi ve b\u00f6lgede bulunan kamyonet kar alt\u0131nda kald\u0131. Kamyonette bulunan 2 ki\u015fi kendi imkanlar\u0131yla kurtulurken, Y\u0131lmaz \u00e7\u0131\u011f alt\u0131nda kald\u0131.\" \/>\n<meta property=\"og:url\" content=\"https:\/\/kibrisdakik.com\/?p=29210\" \/>\n<meta property=\"article:published_time\" content=\"2024-02-06T21:59:15+00:00\" \/>\n<meta property=\"og:image\" content=\"https:\/\/kibrisdakik.com\/wp-content\/uploads\/2024\/02\/artvinde-cig-altinda-kalan-operator-hayatini-kaybetti-17072547888191_1-740x420.jpg\" \/>\n\t<meta property=\"og:image:width\" content=\"1280\" \/>\n\t<meta property=\"og:image:height\" content=\"720\" \/>\n\t<meta property=\"og:image:type\" content=\"image\/jpeg\" \/>\n<meta name=\"author\" content=\"admin\" \/>\n<meta name=\"twitter:card\" content=\"summary_large_image\" \/>\n<meta name=\"twitter:label1\" content=\"Yazan:\" \/>\n\t<meta name=\"twitter:data1\" content=\"admin\" \/>\n\t<meta name=\"twitter:label2\" content=\"Tahmini okuma s\u00fcresi\" \/>\n\t<meta name=\"twitter:data2\" content=\"1 dakika\" \/>\n<script type=\"application\/ld+json\" class=\"yoast-schema-graph\">{\"@context\":\"https:\\\/\\\/schema.org\",\"@graph\":[{\"@type\":\"Article\",\"@id\":\"https:\\\/\\\/kibrisdakik.com\\\/?p=29210#article\",\"isPartOf\":{\"@id\":\"https:\\\/\\\/kibrisdakik.com\\\/?p=29210\"},\"author\":{\"name\":\"admin\",\"@id\":\"https:\\\/\\\/kibrisdakik.com\\\/#\\\/schema\\\/person\\\/9cd9d437bbb44f72b73ba127e06d8e79\"},\"headline\":\"Artvin\u2019de \u00e7\u0131\u011f alt\u0131nda kalan operat\u00f6r hayat\u0131n\u0131 kaybetti\",\"datePublished\":\"2024-02-06T21:59:15+00:00\",\"mainEntityOfPage\":{\"@id\":\"https:\\\/\\\/kibrisdakik.com\\\/?p=29210\"},\"wordCount\":174,\"commentCount\":0,\"image\":{\"@id\":\"https:\\\/\\\/kibrisdakik.com\\\/?p=29210#primaryimage\"},\"thumbnailUrl\":\"https:\\\/\\\/kibrisdakik.com\\\/wp-content\\\/uploads\\\/2024\\\/02\\\/artvinde-cig-altinda-kalan-operator-hayatini-kaybetti-17072547888191_1-740x420.jpg\",\"articleSection\":[\"Ekonomi\"],\"inLanguage\":\"tr\",\"potentialAction\":[{\"@type\":\"CommentAction\",\"name\":\"Comment\",\"target\":[\"https:\\\/\\\/kibrisdakik.com\\\/?p=29210#respond\"]}]},{\"@type\":\"WebPage\",\"@id\":\"https:\\\/\\\/kibrisdakik.com\\\/?p=29210\",\"url\":\"https:\\\/\\\/kibrisdakik.com\\\/?p=29210\",\"name\":\"Artvin\u2019de \u00e7\u0131\u011f alt\u0131nda kalan operat\u00f6r hayat\u0131n\u0131 kaybetti -\",\"isPartOf\":{\"@id\":\"https:\\\/\\\/kibrisdakik.com\\\/#website\"},\"primaryImageOfPage\":{\"@id\":\"https:\\\/\\\/kibrisdakik.com\\\/?p=29210#primaryimage\"},\"image\":{\"@id\":\"https:\\\/\\\/kibrisdakik.com\\\/?p=29210#primaryimage\"},\"thumbnailUrl\":\"https:\\\/\\\/kibrisdakik.com\\\/wp-content\\\/uploads\\\/2024\\\/02\\\/artvinde-cig-altinda-kalan-operator-hayatini-kaybetti-17072547888191_1-740x420.jpg\",\"datePublished\":\"2024-02-06T21:59:15+00:00\",\"author\":{\"@id\":\"https:\\\/\\\/kibrisdakik.com\\\/#\\\/schema\\\/person\\\/9cd9d437bbb44f72b73ba127e06d8e79\"},\"breadcrumb\":{\"@id\":\"https:\\\/\\\/kibrisdakik.com\\\/?p=29210#breadcrumb\"},\"inLanguage\":\"tr\",\"potentialAction\":[{\"@type\":\"ReadAction\",\"target\":[\"https:\\\/\\\/kibrisdakik.com\\\/?p=29210\"]}]},{\"@type\":\"ImageObject\",\"inLanguage\":\"tr\",\"@id\":\"https:\\\/\\\/kibrisdakik.com\\\/?p=29210#primaryimage\",\"url\":\"https:\\\/\\\/kibrisdakik.com\\\/wp-content\\\/uploads\\\/2024\\\/02\\\/artvinde-cig-altinda-kalan-operator-hayatini-kaybetti-17072547888191_1-740x420.jpg\",\"contentUrl\":\"https:\\\/\\\/kibrisdakik.com\\\/wp-content\\\/uploads\\\/2024\\\/02\\\/artvinde-cig-altinda-kalan-operator-hayatini-kaybetti-17072547888191_1-740x420.jpg\",\"width\":1280,\"height\":720},{\"@type\":\"BreadcrumbList\",\"@id\":\"https:\\\/\\\/kibrisdakik.com\\\/?p=29210#breadcrumb\",\"itemListElement\":[{\"@type\":\"ListItem\",\"position\":1,\"name\":\"Home\",\"item\":\"https:\\\/\\\/kibrisdakik.com\\\/\"},{\"@type\":\"ListItem\",\"position\":2,\"name\":\"Artvin\u2019de \u00e7\u0131\u011f alt\u0131nda kalan operat\u00f6r hayat\u0131n\u0131 kaybetti\"}]},{\"@type\":\"WebSite\",\"@id\":\"https:\\\/\\\/kibrisdakik.com\\\/#website\",\"url\":\"https:\\\/\\\/kibrisdakik.com\\\/\",\"name\":\"\",\"description\":\"Tam vaktinde haber\",\"potentialAction\":[{\"@type\":\"SearchAction\",\"target\":{\"@type\":\"EntryPoint\",\"urlTemplate\":\"https:\\\/\\\/kibrisdakik.com\\\/?s={search_term_string}\"},\"query-input\":{\"@type\":\"PropertyValueSpecification\",\"valueRequired\":true,\"valueName\":\"search_term_string\"}}],\"inLanguage\":\"tr\"},{\"@type\":\"Person\",\"@id\":\"https:\\\/\\\/kibrisdakik.com\\\/#\\\/schema\\\/person\\\/9cd9d437bbb44f72b73ba127e06d8e79\",\"name\":\"admin\",\"image\":{\"@type\":\"ImageObject\",\"inLanguage\":\"tr\",\"@id\":\"https:\\\/\\\/secure.gravatar.com\\\/avatar\\\/ccc17943b9d660506c869530f897617f7cb1c21a4bf30023f252596d83e1f007?s=96&d=mm&r=g\",\"url\":\"https:\\\/\\\/secure.gravatar.com\\\/avatar\\\/ccc17943b9d660506c869530f897617f7cb1c21a4bf30023f252596d83e1f007?s=96&d=mm&r=g\",\"contentUrl\":\"https:\\\/\\\/secure.gravatar.com\\\/avatar\\\/ccc17943b9d660506c869530f897617f7cb1c21a4bf30023f252596d83e1f007?s=96&d=mm&r=g\",\"caption\":\"admin\"},\"sameAs\":[\"https:\\\/\\\/kibrisdakik.com\"],\"url\":\"https:\\\/\\\/kibrisdakik.com\\\/?author=1\"}]}<\/script>\n<!-- \/ Yoast SEO plugin. -->","yoast_head_json":{"title":"Artvin\u2019de \u00e7\u0131\u011f alt\u0131nda kalan operat\u00f6r hayat\u0131n\u0131 kaybetti -","robots":{"index":"index","follow":"follow","max-snippet":"max-snippet:-1","max-image-preview":"max-image-preview:large","max-video-preview":"max-video-preview:-1"},"canonical":"https:\/\/kibrisdakik.com\/?p=29210","og_locale":"tr_TR","og_type":"article","og_title":"Artvin\u2019de \u00e7\u0131\u011f alt\u0131nda kalan operat\u00f6r hayat\u0131n\u0131 kaybetti -","og_description":"\u0130hlas Haber Ajans\u0131&#8217;nda yer alan bilgiye g\u00f6re, kar nedeniyle kapanan Karak\u00f6y k\u00f6y\u00fcne ula\u015f\u0131m\u0131n sa\u011flanmas\u0131 i\u00e7in \u00e7al\u0131\u015fma yapan \u0130l \u00d6zel \u0130daresi ekiplerinden G\u00f6khan Y\u0131lmaz (35) operat\u00f6rl\u00fc\u011f\u00fcn\u00fc yapt\u0131\u011f\u0131 i\u015f makinesi ile geri d\u00f6n\u00fc\u015f yolundayken \u00e7\u0131\u011f d\u00fc\u015fmesi sonucu i\u015f makinesi ve b\u00f6lgede bulunan kamyonet kar alt\u0131nda kald\u0131. Kamyonette bulunan 2 ki\u015fi kendi imkanlar\u0131yla kurtulurken, Y\u0131lmaz \u00e7\u0131\u011f alt\u0131nda kald\u0131.","og_url":"https:\/\/kibrisdakik.com\/?p=29210","article_published_time":"2024-02-06T21:59:15+00:00","og_image":[{"width":1280,"height":720,"url":"https:\/\/kibrisdakik.com\/wp-content\/uploads\/2024\/02\/artvinde-cig-altinda-kalan-operator-hayatini-kaybetti-17072547888191_1-740x420.jpg","type":"image\/jpeg"}],"author":"admin","twitter_card":"summary_large_image","twitter_misc":{"Yazan:":"admin","Tahmini okuma s\u00fcresi":"1 dakika"},"schema":{"@context":"https:\/\/schema.org","@graph":[{"@type":"Article","@id":"https:\/\/kibrisdakik.com\/?p=29210#article","isPartOf":{"@id":"https:\/\/kibrisdakik.com\/?p=29210"},"author":{"name":"admin","@id":"https:\/\/kibrisdakik.com\/#\/schema\/person\/9cd9d437bbb44f72b73ba127e06d8e79"},"headline":"Artvin\u2019de \u00e7\u0131\u011f alt\u0131nda kalan operat\u00f6r hayat\u0131n\u0131 kaybetti","datePublished":"2024-02-06T21:59:15+00:00","mainEntityOfPage":{"@id":"https:\/\/kibrisdakik.com\/?p=29210"},"wordCount":174,"commentCount":0,"image":{"@id":"https:\/\/kibrisdakik.com\/?p=29210#primaryimage"},"thumbnailUrl":"https:\/\/kibrisdakik.com\/wp-content\/uploads\/2024\/02\/artvinde-cig-altinda-kalan-operator-hayatini-kaybetti-17072547888191_1-740x420.jpg","articleSection":["Ekonomi"],"inLanguage":"tr","potentialAction":[{"@type":"CommentAction","name":"Comment","target":["https:\/\/kibrisdakik.com\/?p=29210#respond"]}]},{"@type":"WebPage","@id":"https:\/\/kibrisdakik.com\/?p=29210","url":"https:\/\/kibrisdakik.com\/?p=29210","name":"Artvin\u2019de \u00e7\u0131\u011f alt\u0131nda kalan operat\u00f6r hayat\u0131n\u0131 kaybetti -","isPartOf":{"@id":"https:\/\/kibrisdakik.com\/#website"},"primaryImageOfPage":{"@id":"https:\/\/kibrisdakik.com\/?p=29210#primaryimage"},"image":{"@id":"https:\/\/kibrisdakik.com\/?p=29210#primaryimage"},"thumbnailUrl":"https:\/\/kibrisdakik.com\/wp-content\/uploads\/2024\/02\/artvinde-cig-altinda-kalan-operator-hayatini-kaybetti-17072547888191_1-740x420.jpg","datePublished":"2024-02-06T21:59:15+00:00","author":{"@id":"https:\/\/kibrisdakik.com\/#\/schema\/person\/9cd9d437bbb44f72b73ba127e06d8e79"},"breadcrumb":{"@id":"https:\/\/kibrisdakik.com\/?p=29210#breadcrumb"},"inLanguage":"tr","potentialAction":[{"@type":"ReadAction","target":["https:\/\/kibrisdakik.com\/?p=29210"]}]},{"@type":"ImageObject","inLanguage":"tr","@id":"https:\/\/kibrisdakik.com\/?p=29210#primaryimage","url":"https:\/\/kibrisdakik.com\/wp-content\/uploads\/2024\/02\/artvinde-cig-altinda-kalan-operator-hayatini-kaybetti-17072547888191_1-740x420.jpg","contentUrl":"https:\/\/kibrisdakik.com\/wp-content\/uploads\/2024\/02\/artvinde-cig-altinda-kalan-operator-hayatini-kaybetti-17072547888191_1-740x420.jpg","width":1280,"height":720},{"@type":"BreadcrumbList","@id":"https:\/\/kibrisdakik.com\/?p=29210#breadcrumb","itemListElement":[{"@type":"ListItem","position":1,"name":"Home","item":"https:\/\/kibrisdakik.com\/"},{"@type":"ListItem","position":2,"name":"Artvin\u2019de \u00e7\u0131\u011f alt\u0131nda kalan operat\u00f6r hayat\u0131n\u0131 kaybetti"}]},{"@type":"WebSite","@id":"https:\/\/kibrisdakik.com\/#website","url":"https:\/\/kibrisdakik.com\/","name":"","description":"Tam vaktinde haber","potentialAction":[{"@type":"SearchAction","target":{"@type":"EntryPoint","urlTemplate":"https:\/\/kibrisdakik.com\/?s={search_term_string}"},"query-input":{"@type":"PropertyValueSpecification","valueRequired":true,"valueName":"search_term_string"}}],"inLanguage":"tr"},{"@type":"Person","@id":"https:\/\/kibrisdakik.com\/#\/schema\/person\/9cd9d437bbb44f72b73ba127e06d8e79","name":"admin","image":{"@type":"ImageObject","inLanguage":"tr","@id":"https:\/\/secure.gravatar.com\/avatar\/ccc17943b9d660506c869530f897617f7cb1c21a4bf30023f252596d83e1f007?s=96&d=mm&r=g","url":"https:\/\/secure.gravatar.com\/avatar\/ccc17943b9d660506c869530f897617f7cb1c21a4bf30023f252596d83e1f007?s=96&d=mm&r=g","contentUrl":"https:\/\/secure.gravatar.com\/avatar\/ccc17943b9d660506c869530f897617f7cb1c21a4bf30023f252596d83e1f007?s=96&d=mm&r=g","caption":"admin"},"sameAs":["https:\/\/kibrisdakik.com"],"url":"https:\/\/kibrisdakik.com\/?author=1"}]}},"_links":{"self":[{"href":"https:\/\/kibrisdakik.com\/index.php?rest_route=\/wp\/v2\/posts\/29210","targetHints":{"allow":["GET"]}}],"collection":[{"href":"https:\/\/kibrisdakik.com\/index.php?rest_route=\/wp\/v2\/posts"}],"about":[{"href":"https:\/\/kibrisdakik.com\/index.php?rest_route=\/wp\/v2\/types\/post"}],"author":[{"embeddable":true,"href":"https:\/\/kibrisdakik.com\/index.php?rest_route=\/wp\/v2\/users\/1"}],"replies":[{"embeddable":true,"href":"https:\/\/kibrisdakik.com\/index.php?rest_route=%2Fwp%2Fv2%2Fcomments&post=29210"}],"version-history":[{"count":0,"href":"https:\/\/kibrisdakik.com\/index.php?rest_route=\/wp\/v2\/posts\/29210\/revisions"}],"wp:featuredmedia":[{"embeddable":true,"href":"https:\/\/kibrisdakik.com\/index.php?rest_route=\/wp\/v2\/media\/29211"}],"wp:attachment":[{"href":"https:\/\/kibrisdakik.com\/index.php?rest_route=%2Fwp%2Fv2%2Fmedia&parent=29210"}],"wp:term":[{"taxonomy":"category","embeddable":true,"href":"https:\/\/kibrisdakik.com\/index.php?rest_route=%2Fwp%2Fv2%2Fcategories&post=29210"},{"taxonomy":"post_tag","embeddable":true,"href":"https:\/\/kibrisdakik.com\/index.php?rest_route=%2Fwp%2Fv2%2Ftags&post=29210"}],"curies":[{"name":"wp","href":"https:\/\/api.w.org\/{rel}","templated":true}]}}