{"id":29224,"date":"2024-02-07T08:59:04","date_gmt":"2024-02-07T08:59:04","guid":{"rendered":"https:\/\/kibrisdakik.com\/index.php\/2024\/02\/07\/60-yas-ustu-gunduz-aktivite-merkezinin-ilk-etkinligi-15-ve-16-subatta-yapilacak\/"},"modified":"2024-02-07T08:59:04","modified_gmt":"2024-02-07T08:59:04","slug":"60-yas-ustu-gunduz-aktivite-merkezinin-ilk-etkinligi-15-ve-16-subatta-yapilacak","status":"publish","type":"post","link":"https:\/\/kibrisdakik.com\/?p=29224","title":{"rendered":"60 Ya\u015f \u00dcst\u00fc G\u00fcnd\u00fcz Aktivite Merkezi\u2019nin ilk etkinli\u011fi 15 ve 16 \u015eubat\u2019ta yap\u0131lacak"},"content":{"rendered":"<p><img decoding=\"async\" src=\"https:\/\/www.kibristurk.com\/images\/haberler\/2024\/02\/60-yas-ustu-gunduz-aktivite-merkezinin-ilk-etkinligi-15-ve-16-subatta-yapilacak-1707293785.webp\" \/><\/p>\n<p style=\"text-align:left\"><span style=\"font-size:16px\"><span style=\"font-family:Merriweather,serif !important\"><span style=\"color:#000000\"><span style=\"background-color:#ffffff\">Dernek ve \u015firketten yap\u0131lan ortak a\u00e7\u0131klamaya g\u00f6re, \u201cAktif Ya\u015fam G\u00fcnleri\u201d adl\u0131 etkinlikte, merkez ve faaliyetleri tan\u0131t\u0131lacak.<\/span><\/span><\/span><\/span><\/p>\n<p style=\"text-align:left\"><span style=\"font-size:16px\"><span style=\"font-family:Merriweather,serif !important\"><span style=\"color:#000000\"><span style=\"background-color:#ffffff\">Ayr\u0131ca fizyoterapi, m\u00fczik terapisi, kuaf\u00f6r, diyetisyen, psikiyatri hem\u015firesi gibi merkezde g\u00f6rev alan uzmanlar taraf\u0131ndan etkinlikler ger\u00e7ekle\u015ftirilecek.<\/span><\/span><\/span><\/span><\/p>\n<p style=\"text-align:left\"><span style=\"font-size:16px\"><span style=\"font-family:Merriweather,serif !important\"><span style=\"color:#000000\"><span style=\"background-color:#ffffff\">Etkinlik sonras\u0131nda ise kat\u0131l\u0131m sertifikalar\u0131 takdim edilecek.<\/span><\/span><\/span><\/span><\/p>\n<p style=\"text-align:left\"><span style=\"font-size:16px\"><span style=\"font-family:Merriweather,serif !important\"><span style=\"color:#000000\"><span style=\"background-color:#ffffff\">Etkinli\u011fe kat\u0131lmak isteyenler, https:\/\/forms.gle\/XMm35scKBosML4NKA linkinden kay\u0131t formu doldurabilecek. \u0130leti\u015fim i\u00e7in 0548 889 50 05 ve 0548 840 23 53 numaral\u0131 telefonlara ula\u015f\u0131labilecek.<\/span><\/span><\/span><\/span><\/p>\n","protected":false},"excerpt":{"rendered":"<p>Dernek ve \u015firketten yap\u0131lan ortak a\u00e7\u0131klamaya g\u00f6re, \u201cAktif Ya\u015fam G\u00fcnleri\u201d adl\u0131 etkinlikte, merkez ve faaliyetleri tan\u0131t\u0131lacak. Ayr\u0131ca fizyoterapi, m\u00fczik terapisi, kuaf\u00f6r, diyetisyen, psikiyatri hem\u015firesi gibi merkezde g\u00f6rev alan uzmanlar taraf\u0131ndan etkinlikler ger\u00e7ekle\u015ftirilecek. Etkinlik sonras\u0131nda ise kat\u0131l\u0131m sertifikalar\u0131 takdim edilecek. Etkinli\u011fe kat\u0131lmak isteyenler, https:\/\/forms.gle\/XMm35scKBosML4NKA linkinden kay\u0131t formu doldurabilecek. \u0130leti\u015fim i\u00e7in 0548 889 50 05 ve 0548<\/p>\n","protected":false},"author":1,"featured_media":29225,"comment_status":"open","ping_status":"open","sticky":false,"template":"","format":"standard","meta":{"footnotes":""},"categories":[85],"tags":[],"class_list":["post-29224","post","type-post","status-publish","format-standard","has-post-thumbnail","hentry","category-spor"],"yoast_head":"<!-- This site is optimized with the Yoast SEO plugin v27.5 - https:\/\/yoast.com\/product\/yoast-seo-wordpress\/ -->\n<title>60 Ya\u015f \u00dcst\u00fc G\u00fcnd\u00fcz Aktivite Merkezi\u2019nin ilk etkinli\u011fi 15 ve 16 \u015eubat\u2019ta yap\u0131lacak -<\/title>\n<meta name=\"robots\" content=\"index, follow, max-snippet:-1, max-image-preview:large, max-video-preview:-1\" \/>\n<link rel=\"canonical\" href=\"https:\/\/kibrisdakik.com\/?p=29224\" \/>\n<meta property=\"og:locale\" content=\"tr_TR\" \/>\n<meta property=\"og:type\" content=\"article\" \/>\n<meta property=\"og:title\" content=\"60 Ya\u015f \u00dcst\u00fc G\u00fcnd\u00fcz Aktivite Merkezi\u2019nin ilk etkinli\u011fi 15 ve 16 \u015eubat\u2019ta yap\u0131lacak -\" \/>\n<meta property=\"og:description\" content=\"Dernek ve \u015firketten yap\u0131lan ortak a\u00e7\u0131klamaya g\u00f6re, \u201cAktif Ya\u015fam G\u00fcnleri\u201d adl\u0131 etkinlikte, merkez ve faaliyetleri tan\u0131t\u0131lacak. Ayr\u0131ca fizyoterapi, m\u00fczik terapisi, kuaf\u00f6r, diyetisyen, psikiyatri hem\u015firesi gibi merkezde g\u00f6rev alan uzmanlar taraf\u0131ndan etkinlikler ger\u00e7ekle\u015ftirilecek. Etkinlik sonras\u0131nda ise kat\u0131l\u0131m sertifikalar\u0131 takdim edilecek. Etkinli\u011fe kat\u0131lmak isteyenler, https:\/\/forms.gle\/XMm35scKBosML4NKA linkinden kay\u0131t formu doldurabilecek. \u0130leti\u015fim i\u00e7in 0548 889 50 05 ve 0548\" \/>\n<meta property=\"og:url\" content=\"https:\/\/kibrisdakik.com\/?p=29224\" \/>\n<meta property=\"article:published_time\" content=\"2024-02-07T08:59:04+00:00\" \/>\n<meta property=\"og:image\" content=\"https:\/\/kibrisdakik.com\/wp-content\/uploads\/2024\/02\/60-yas-ustu-gunduz-aktivite-merkezinin-ilk-etkinligi-15-ve-16-subatta-yapilacak-1707293785.webp.webp\" \/>\n\t<meta property=\"og:image:width\" content=\"710\" \/>\n\t<meta property=\"og:image:height\" content=\"370\" \/>\n\t<meta property=\"og:image:type\" content=\"image\/webp\" \/>\n<meta name=\"author\" content=\"admin\" \/>\n<meta name=\"twitter:card\" content=\"summary_large_image\" \/>\n<meta name=\"twitter:label1\" content=\"Yazan:\" \/>\n\t<meta name=\"twitter:data1\" content=\"admin\" \/>\n<script type=\"application\/ld+json\" class=\"yoast-schema-graph\">{\"@context\":\"https:\\\/\\\/schema.org\",\"@graph\":[{\"@type\":\"Article\",\"@id\":\"https:\\\/\\\/kibrisdakik.com\\\/?p=29224#article\",\"isPartOf\":{\"@id\":\"https:\\\/\\\/kibrisdakik.com\\\/?p=29224\"},\"author\":{\"name\":\"admin\",\"@id\":\"https:\\\/\\\/kibrisdakik.com\\\/#\\\/schema\\\/person\\\/9cd9d437bbb44f72b73ba127e06d8e79\"},\"headline\":\"60 Ya\u015f \u00dcst\u00fc G\u00fcnd\u00fcz Aktivite Merkezi\u2019nin ilk etkinli\u011fi 15 ve 16 \u015eubat\u2019ta yap\u0131lacak\",\"datePublished\":\"2024-02-07T08:59:04+00:00\",\"mainEntityOfPage\":{\"@id\":\"https:\\\/\\\/kibrisdakik.com\\\/?p=29224\"},\"wordCount\":98,\"commentCount\":0,\"image\":{\"@id\":\"https:\\\/\\\/kibrisdakik.com\\\/?p=29224#primaryimage\"},\"thumbnailUrl\":\"https:\\\/\\\/kibrisdakik.com\\\/wp-content\\\/uploads\\\/2024\\\/02\\\/60-yas-ustu-gunduz-aktivite-merkezinin-ilk-etkinligi-15-ve-16-subatta-yapilacak-1707293785.webp.webp\",\"articleSection\":[\"Spor\"],\"inLanguage\":\"tr\",\"potentialAction\":[{\"@type\":\"CommentAction\",\"name\":\"Comment\",\"target\":[\"https:\\\/\\\/kibrisdakik.com\\\/?p=29224#respond\"]}]},{\"@type\":\"WebPage\",\"@id\":\"https:\\\/\\\/kibrisdakik.com\\\/?p=29224\",\"url\":\"https:\\\/\\\/kibrisdakik.com\\\/?p=29224\",\"name\":\"60 Ya\u015f \u00dcst\u00fc G\u00fcnd\u00fcz Aktivite Merkezi\u2019nin ilk etkinli\u011fi 15 ve 16 \u015eubat\u2019ta yap\u0131lacak -\",\"isPartOf\":{\"@id\":\"https:\\\/\\\/kibrisdakik.com\\\/#website\"},\"primaryImageOfPage\":{\"@id\":\"https:\\\/\\\/kibrisdakik.com\\\/?p=29224#primaryimage\"},\"image\":{\"@id\":\"https:\\\/\\\/kibrisdakik.com\\\/?p=29224#primaryimage\"},\"thumbnailUrl\":\"https:\\\/\\\/kibrisdakik.com\\\/wp-content\\\/uploads\\\/2024\\\/02\\\/60-yas-ustu-gunduz-aktivite-merkezinin-ilk-etkinligi-15-ve-16-subatta-yapilacak-1707293785.webp.webp\",\"datePublished\":\"2024-02-07T08:59:04+00:00\",\"author\":{\"@id\":\"https:\\\/\\\/kibrisdakik.com\\\/#\\\/schema\\\/person\\\/9cd9d437bbb44f72b73ba127e06d8e79\"},\"breadcrumb\":{\"@id\":\"https:\\\/\\\/kibrisdakik.com\\\/?p=29224#breadcrumb\"},\"inLanguage\":\"tr\",\"potentialAction\":[{\"@type\":\"ReadAction\",\"target\":[\"https:\\\/\\\/kibrisdakik.com\\\/?p=29224\"]}]},{\"@type\":\"ImageObject\",\"inLanguage\":\"tr\",\"@id\":\"https:\\\/\\\/kibrisdakik.com\\\/?p=29224#primaryimage\",\"url\":\"https:\\\/\\\/kibrisdakik.com\\\/wp-content\\\/uploads\\\/2024\\\/02\\\/60-yas-ustu-gunduz-aktivite-merkezinin-ilk-etkinligi-15-ve-16-subatta-yapilacak-1707293785.webp.webp\",\"contentUrl\":\"https:\\\/\\\/kibrisdakik.com\\\/wp-content\\\/uploads\\\/2024\\\/02\\\/60-yas-ustu-gunduz-aktivite-merkezinin-ilk-etkinligi-15-ve-16-subatta-yapilacak-1707293785.webp.webp\",\"width\":710,\"height\":370},{\"@type\":\"BreadcrumbList\",\"@id\":\"https:\\\/\\\/kibrisdakik.com\\\/?p=29224#breadcrumb\",\"itemListElement\":[{\"@type\":\"ListItem\",\"position\":1,\"name\":\"Home\",\"item\":\"https:\\\/\\\/kibrisdakik.com\\\/\"},{\"@type\":\"ListItem\",\"position\":2,\"name\":\"60 Ya\u015f \u00dcst\u00fc G\u00fcnd\u00fcz Aktivite Merkezi\u2019nin ilk etkinli\u011fi 15 ve 16 \u015eubat\u2019ta yap\u0131lacak\"}]},{\"@type\":\"WebSite\",\"@id\":\"https:\\\/\\\/kibrisdakik.com\\\/#website\",\"url\":\"https:\\\/\\\/kibrisdakik.com\\\/\",\"name\":\"\",\"description\":\"Tam vaktinde haber\",\"potentialAction\":[{\"@type\":\"SearchAction\",\"target\":{\"@type\":\"EntryPoint\",\"urlTemplate\":\"https:\\\/\\\/kibrisdakik.com\\\/?s={search_term_string}\"},\"query-input\":{\"@type\":\"PropertyValueSpecification\",\"valueRequired\":true,\"valueName\":\"search_term_string\"}}],\"inLanguage\":\"tr\"},{\"@type\":\"Person\",\"@id\":\"https:\\\/\\\/kibrisdakik.com\\\/#\\\/schema\\\/person\\\/9cd9d437bbb44f72b73ba127e06d8e79\",\"name\":\"admin\",\"image\":{\"@type\":\"ImageObject\",\"inLanguage\":\"tr\",\"@id\":\"https:\\\/\\\/secure.gravatar.com\\\/avatar\\\/ccc17943b9d660506c869530f897617f7cb1c21a4bf30023f252596d83e1f007?s=96&d=mm&r=g\",\"url\":\"https:\\\/\\\/secure.gravatar.com\\\/avatar\\\/ccc17943b9d660506c869530f897617f7cb1c21a4bf30023f252596d83e1f007?s=96&d=mm&r=g\",\"contentUrl\":\"https:\\\/\\\/secure.gravatar.com\\\/avatar\\\/ccc17943b9d660506c869530f897617f7cb1c21a4bf30023f252596d83e1f007?s=96&d=mm&r=g\",\"caption\":\"admin\"},\"sameAs\":[\"https:\\\/\\\/kibrisdakik.com\"],\"url\":\"https:\\\/\\\/kibrisdakik.com\\\/?author=1\"}]}<\/script>\n<!-- \/ Yoast SEO plugin. -->","yoast_head_json":{"title":"60 Ya\u015f \u00dcst\u00fc G\u00fcnd\u00fcz Aktivite Merkezi\u2019nin ilk etkinli\u011fi 15 ve 16 \u015eubat\u2019ta yap\u0131lacak -","robots":{"index":"index","follow":"follow","max-snippet":"max-snippet:-1","max-image-preview":"max-image-preview:large","max-video-preview":"max-video-preview:-1"},"canonical":"https:\/\/kibrisdakik.com\/?p=29224","og_locale":"tr_TR","og_type":"article","og_title":"60 Ya\u015f \u00dcst\u00fc G\u00fcnd\u00fcz Aktivite Merkezi\u2019nin ilk etkinli\u011fi 15 ve 16 \u015eubat\u2019ta yap\u0131lacak -","og_description":"Dernek ve \u015firketten yap\u0131lan ortak a\u00e7\u0131klamaya g\u00f6re, \u201cAktif Ya\u015fam G\u00fcnleri\u201d adl\u0131 etkinlikte, merkez ve faaliyetleri tan\u0131t\u0131lacak. Ayr\u0131ca fizyoterapi, m\u00fczik terapisi, kuaf\u00f6r, diyetisyen, psikiyatri hem\u015firesi gibi merkezde g\u00f6rev alan uzmanlar taraf\u0131ndan etkinlikler ger\u00e7ekle\u015ftirilecek. Etkinlik sonras\u0131nda ise kat\u0131l\u0131m sertifikalar\u0131 takdim edilecek. Etkinli\u011fe kat\u0131lmak isteyenler, https:\/\/forms.gle\/XMm35scKBosML4NKA linkinden kay\u0131t formu doldurabilecek. \u0130leti\u015fim i\u00e7in 0548 889 50 05 ve 0548","og_url":"https:\/\/kibrisdakik.com\/?p=29224","article_published_time":"2024-02-07T08:59:04+00:00","og_image":[{"width":710,"height":370,"url":"https:\/\/kibrisdakik.com\/wp-content\/uploads\/2024\/02\/60-yas-ustu-gunduz-aktivite-merkezinin-ilk-etkinligi-15-ve-16-subatta-yapilacak-1707293785.webp.webp","type":"image\/webp"}],"author":"admin","twitter_card":"summary_large_image","twitter_misc":{"Yazan:":"admin"},"schema":{"@context":"https:\/\/schema.org","@graph":[{"@type":"Article","@id":"https:\/\/kibrisdakik.com\/?p=29224#article","isPartOf":{"@id":"https:\/\/kibrisdakik.com\/?p=29224"},"author":{"name":"admin","@id":"https:\/\/kibrisdakik.com\/#\/schema\/person\/9cd9d437bbb44f72b73ba127e06d8e79"},"headline":"60 Ya\u015f \u00dcst\u00fc G\u00fcnd\u00fcz Aktivite Merkezi\u2019nin ilk etkinli\u011fi 15 ve 16 \u015eubat\u2019ta yap\u0131lacak","datePublished":"2024-02-07T08:59:04+00:00","mainEntityOfPage":{"@id":"https:\/\/kibrisdakik.com\/?p=29224"},"wordCount":98,"commentCount":0,"image":{"@id":"https:\/\/kibrisdakik.com\/?p=29224#primaryimage"},"thumbnailUrl":"https:\/\/kibrisdakik.com\/wp-content\/uploads\/2024\/02\/60-yas-ustu-gunduz-aktivite-merkezinin-ilk-etkinligi-15-ve-16-subatta-yapilacak-1707293785.webp.webp","articleSection":["Spor"],"inLanguage":"tr","potentialAction":[{"@type":"CommentAction","name":"Comment","target":["https:\/\/kibrisdakik.com\/?p=29224#respond"]}]},{"@type":"WebPage","@id":"https:\/\/kibrisdakik.com\/?p=29224","url":"https:\/\/kibrisdakik.com\/?p=29224","name":"60 Ya\u015f \u00dcst\u00fc G\u00fcnd\u00fcz Aktivite Merkezi\u2019nin ilk etkinli\u011fi 15 ve 16 \u015eubat\u2019ta yap\u0131lacak -","isPartOf":{"@id":"https:\/\/kibrisdakik.com\/#website"},"primaryImageOfPage":{"@id":"https:\/\/kibrisdakik.com\/?p=29224#primaryimage"},"image":{"@id":"https:\/\/kibrisdakik.com\/?p=29224#primaryimage"},"thumbnailUrl":"https:\/\/kibrisdakik.com\/wp-content\/uploads\/2024\/02\/60-yas-ustu-gunduz-aktivite-merkezinin-ilk-etkinligi-15-ve-16-subatta-yapilacak-1707293785.webp.webp","datePublished":"2024-02-07T08:59:04+00:00","author":{"@id":"https:\/\/kibrisdakik.com\/#\/schema\/person\/9cd9d437bbb44f72b73ba127e06d8e79"},"breadcrumb":{"@id":"https:\/\/kibrisdakik.com\/?p=29224#breadcrumb"},"inLanguage":"tr","potentialAction":[{"@type":"ReadAction","target":["https:\/\/kibrisdakik.com\/?p=29224"]}]},{"@type":"ImageObject","inLanguage":"tr","@id":"https:\/\/kibrisdakik.com\/?p=29224#primaryimage","url":"https:\/\/kibrisdakik.com\/wp-content\/uploads\/2024\/02\/60-yas-ustu-gunduz-aktivite-merkezinin-ilk-etkinligi-15-ve-16-subatta-yapilacak-1707293785.webp.webp","contentUrl":"https:\/\/kibrisdakik.com\/wp-content\/uploads\/2024\/02\/60-yas-ustu-gunduz-aktivite-merkezinin-ilk-etkinligi-15-ve-16-subatta-yapilacak-1707293785.webp.webp","width":710,"height":370},{"@type":"BreadcrumbList","@id":"https:\/\/kibrisdakik.com\/?p=29224#breadcrumb","itemListElement":[{"@type":"ListItem","position":1,"name":"Home","item":"https:\/\/kibrisdakik.com\/"},{"@type":"ListItem","position":2,"name":"60 Ya\u015f \u00dcst\u00fc G\u00fcnd\u00fcz Aktivite Merkezi\u2019nin ilk etkinli\u011fi 15 ve 16 \u015eubat\u2019ta yap\u0131lacak"}]},{"@type":"WebSite","@id":"https:\/\/kibrisdakik.com\/#website","url":"https:\/\/kibrisdakik.com\/","name":"","description":"Tam vaktinde haber","potentialAction":[{"@type":"SearchAction","target":{"@type":"EntryPoint","urlTemplate":"https:\/\/kibrisdakik.com\/?s={search_term_string}"},"query-input":{"@type":"PropertyValueSpecification","valueRequired":true,"valueName":"search_term_string"}}],"inLanguage":"tr"},{"@type":"Person","@id":"https:\/\/kibrisdakik.com\/#\/schema\/person\/9cd9d437bbb44f72b73ba127e06d8e79","name":"admin","image":{"@type":"ImageObject","inLanguage":"tr","@id":"https:\/\/secure.gravatar.com\/avatar\/ccc17943b9d660506c869530f897617f7cb1c21a4bf30023f252596d83e1f007?s=96&d=mm&r=g","url":"https:\/\/secure.gravatar.com\/avatar\/ccc17943b9d660506c869530f897617f7cb1c21a4bf30023f252596d83e1f007?s=96&d=mm&r=g","contentUrl":"https:\/\/secure.gravatar.com\/avatar\/ccc17943b9d660506c869530f897617f7cb1c21a4bf30023f252596d83e1f007?s=96&d=mm&r=g","caption":"admin"},"sameAs":["https:\/\/kibrisdakik.com"],"url":"https:\/\/kibrisdakik.com\/?author=1"}]}},"_links":{"self":[{"href":"https:\/\/kibrisdakik.com\/index.php?rest_route=\/wp\/v2\/posts\/29224","targetHints":{"allow":["GET"]}}],"collection":[{"href":"https:\/\/kibrisdakik.com\/index.php?rest_route=\/wp\/v2\/posts"}],"about":[{"href":"https:\/\/kibrisdakik.com\/index.php?rest_route=\/wp\/v2\/types\/post"}],"author":[{"embeddable":true,"href":"https:\/\/kibrisdakik.com\/index.php?rest_route=\/wp\/v2\/users\/1"}],"replies":[{"embeddable":true,"href":"https:\/\/kibrisdakik.com\/index.php?rest_route=%2Fwp%2Fv2%2Fcomments&post=29224"}],"version-history":[{"count":0,"href":"https:\/\/kibrisdakik.com\/index.php?rest_route=\/wp\/v2\/posts\/29224\/revisions"}],"wp:featuredmedia":[{"embeddable":true,"href":"https:\/\/kibrisdakik.com\/index.php?rest_route=\/wp\/v2\/media\/29225"}],"wp:attachment":[{"href":"https:\/\/kibrisdakik.com\/index.php?rest_route=%2Fwp%2Fv2%2Fmedia&parent=29224"}],"wp:term":[{"taxonomy":"category","embeddable":true,"href":"https:\/\/kibrisdakik.com\/index.php?rest_route=%2Fwp%2Fv2%2Fcategories&post=29224"},{"taxonomy":"post_tag","embeddable":true,"href":"https:\/\/kibrisdakik.com\/index.php?rest_route=%2Fwp%2Fv2%2Ftags&post=29224"}],"curies":[{"name":"wp","href":"https:\/\/api.w.org\/{rel}","templated":true}]}}