{"id":29272,"date":"2024-02-07T13:23:23","date_gmt":"2024-02-07T13:23:23","guid":{"rendered":"https:\/\/kibrisdakik.com\/index.php\/2024\/02\/07\/ktos-kooperatiflerde-ozerklik-saglanmasini-istedi\/"},"modified":"2024-02-07T13:23:23","modified_gmt":"2024-02-07T13:23:23","slug":"ktos-kooperatiflerde-ozerklik-saglanmasini-istedi","status":"publish","type":"post","link":"https:\/\/kibrisdakik.com\/?p=29272","title":{"rendered":"KT\u00d6S, kooperatiflerde \u00f6zerklik sa\u011flanmas\u0131n\u0131 istedi"},"content":{"rendered":"<p><img decoding=\"async\" src=\"https:\/\/www.kibristurk.com\/images\/haberler\/2024\/02\/ktos-kooperatiflerde-ozerklik-saglanmasini-istedi-1707307775.webp\" \/><\/p>\n<p style=\"text-align:left\"><span style=\"font-size:16px\"><span style=\"font-family:Merriweather,serif !important\"><span style=\"color:#000000\"><span style=\"background-color:#ffffff\">KT\u00d6S Ba\u015fkan\u0131 Mustafa Baybora taraf\u0131ndan yap\u0131lan yaz\u0131l\u0131 a\u00e7\u0131klamada, K\u0131br\u0131s T\u00fcrk toplumunda kooperatif\u00e7ilik ve kooperatiflere olan g\u00fcvenin erozyona u\u011frad\u0131\u011f\u0131 belirtilerek, bu g\u00fcvensizli\u011fin nedeni olarak \u201csiyaset\u201d g\u00f6sterildi.<\/span><\/span><\/span><\/span><\/p>\n<p style=\"text-align:left\"><span style=\"font-size:16px\"><span style=\"font-family:Merriweather,serif !important\"><span style=\"color:#000000\"><span style=\"background-color:#ffffff\">T\u00fcrkiye ve Avrupa\u2019da kooperatif kimli\u011fi geli\u015fim sa\u011flarken, Kuzey K\u0131br\u0131s\u2019ta 1984 y\u0131l\u0131ndan beridir siyasetin vesayetinde oldu\u011fu ifade edilen kooperatifler ve kooperatif\u00e7ili\u011fin geriledi\u011finin kaydedildi\u011fi a\u00e7\u0131klamada, \u201cKooperatif i\u015ftiraklerinde ya\u015fananlar bunun en \u00e7arp\u0131c\u0131 \u00f6rne\u011fini olu\u015fturmaktad\u0131r. Son g\u00fcnlerde Koop-S\u00fct\u2019te ya\u015fananlar, hissedarlar\u0131n ve kamuoyunun g\u00f6z\u00fc \u00f6n\u00fcnde olmaktad\u0131r. Koop-S\u00fct y\u00f6netiminin siyasetten icazet alarak g\u00f6rev yapmas\u0131 kurumun pazar pay\u0131n\u0131 k\u00fc\u00e7\u00fcltm\u00fc\u015ft\u00fcr\u201d denildi.<\/span><\/span><\/span><\/span><\/p>\n<p style=\"text-align:left\"><span style=\"font-size:16px\"><span style=\"font-family:Merriweather,serif !important\"><span style=\"color:#000000\"><span style=\"background-color:#ffffff\">A\u00e7\u0131klamada, kooperatif\u00e7ili\u011fin geli\u015fimi i\u00e7in \u201cre\u00e7ete\u201d de payla\u015f\u0131ld\u0131.<\/span><\/span><\/span><\/span><\/p>\n<p style=\"text-align:left\"><span style=\"font-size:16px\"><span style=\"font-family:Merriweather,serif !important\"><span style=\"color:#000000\"><span style=\"background-color:#ffffff\"><span style=\"font-size:12pt\"><span style=\"font-family:Merriweather,serif !important\"><span style=\"color:#000000 !important\">Re\u00e7etenin i\u00e7eri\u011fi \u015f\u00f6yle:<\/span><\/span><\/span><\/span><\/span><\/span><\/span><\/p>\n<p style=\"text-align:left\">&nbsp;<\/p>\n<p style=\"text-align:left\"><span style=\"font-size:16px\"><span style=\"font-family:Merriweather,serif !important\"><span style=\"color:#000000\"><span style=\"background-color:#ffffff\">&nbsp;\u201cKooperatifler \u00fczerindeki 40 y\u0131ll\u0131k siyasi vesayet son bulacak, kooperatiflerin \u00f6z kaynaklar\u0131 ile kurdu\u011fu Kooperatif Merkez Bankas\u0131 ve i\u015ftirakler kooperatiflere geri iade edilerek, \u00f6zerklik sa\u011flanacak. Kooperatif \u015eirketler Mukayyidi \u00fc\u00e7l\u00fc kararname kapsam\u0131ndan \u00e7\u0131kart\u0131larak liyakate ba\u011fl\u0131 olarak Meclis taraf\u0131ndan atanaca\u011f\u0131na ili\u015fkin yasal d\u00fczenleme yap\u0131lacak ve siyasi istismar\u0131n \u00f6n\u00fcne ge\u00e7ilecek. Kooperatif \u015eirketler Mukayyitli\u011fi\u2019nin kadro ve organizasyon \u015femas\u0131 revize edilerek denetim yap\u0131s\u0131n\u0131n etkinle\u015ftirilece\u011fi yasal d\u00fczenleme yap\u0131lacak. Demokrasi, adalet ve dayan\u0131\u015fma gibi de\u011ferlerin kooperatif kimli\u011fini g\u00fc\u00e7lendirdi\u011fi ilkesine ba\u011fl\u0131 kalarak, kooperatif\u00e7ilik e\u011fitiminin ilk\u00f6\u011fretimden ba\u015flayarak y\u00fcksek\u00f6\u011frenime kadar olan s\u00fcre\u00e7te i\u015fletme modeli olarak \u00f6\u011fretilmesi ve toplumun bilin\u00e7lenmesi sa\u011flanacak. Ama\u00e7 ve hedeflere ba\u011fl\u0131 kalarak k\u0131sa, orta ve uzun vadede kooperatiflerin yeniden organizasyonu sa\u011flanacak.\u201d<\/span><\/span><\/span><\/span><\/p>\n","protected":false},"excerpt":{"rendered":"<p>KT\u00d6S Ba\u015fkan\u0131 Mustafa Baybora taraf\u0131ndan yap\u0131lan yaz\u0131l\u0131 a\u00e7\u0131klamada, K\u0131br\u0131s T\u00fcrk toplumunda kooperatif\u00e7ilik ve kooperatiflere olan g\u00fcvenin erozyona u\u011frad\u0131\u011f\u0131 belirtilerek, bu g\u00fcvensizli\u011fin nedeni olarak \u201csiyaset\u201d g\u00f6sterildi. T\u00fcrkiye ve Avrupa\u2019da kooperatif kimli\u011fi geli\u015fim sa\u011flarken, Kuzey K\u0131br\u0131s\u2019ta 1984 y\u0131l\u0131ndan beridir siyasetin vesayetinde oldu\u011fu ifade edilen kooperatifler ve kooperatif\u00e7ili\u011fin geriledi\u011finin kaydedildi\u011fi a\u00e7\u0131klamada, \u201cKooperatif i\u015ftiraklerinde ya\u015fananlar bunun en \u00e7arp\u0131c\u0131 \u00f6rne\u011fini<\/p>\n","protected":false},"author":1,"featured_media":29273,"comment_status":"open","ping_status":"open","sticky":false,"template":"","format":"standard","meta":{"footnotes":""},"categories":[1],"tags":[],"class_list":["post-29272","post","type-post","status-publish","format-standard","has-post-thumbnail","hentry","category-gundem"],"yoast_head":"<!-- This site is optimized with the Yoast SEO plugin v27.4 - https:\/\/yoast.com\/product\/yoast-seo-wordpress\/ -->\n<title>KT\u00d6S, kooperatiflerde \u00f6zerklik sa\u011flanmas\u0131n\u0131 istedi -<\/title>\n<meta name=\"robots\" content=\"index, follow, max-snippet:-1, max-image-preview:large, max-video-preview:-1\" \/>\n<link rel=\"canonical\" href=\"https:\/\/kibrisdakik.com\/?p=29272\" \/>\n<meta property=\"og:locale\" content=\"tr_TR\" \/>\n<meta property=\"og:type\" content=\"article\" \/>\n<meta property=\"og:title\" content=\"KT\u00d6S, kooperatiflerde \u00f6zerklik sa\u011flanmas\u0131n\u0131 istedi -\" \/>\n<meta property=\"og:description\" content=\"KT\u00d6S Ba\u015fkan\u0131 Mustafa Baybora taraf\u0131ndan yap\u0131lan yaz\u0131l\u0131 a\u00e7\u0131klamada, K\u0131br\u0131s T\u00fcrk toplumunda kooperatif\u00e7ilik ve kooperatiflere olan g\u00fcvenin erozyona u\u011frad\u0131\u011f\u0131 belirtilerek, bu g\u00fcvensizli\u011fin nedeni olarak \u201csiyaset\u201d g\u00f6sterildi. T\u00fcrkiye ve Avrupa\u2019da kooperatif kimli\u011fi geli\u015fim sa\u011flarken, Kuzey K\u0131br\u0131s\u2019ta 1984 y\u0131l\u0131ndan beridir siyasetin vesayetinde oldu\u011fu ifade edilen kooperatifler ve kooperatif\u00e7ili\u011fin geriledi\u011finin kaydedildi\u011fi a\u00e7\u0131klamada, \u201cKooperatif i\u015ftiraklerinde ya\u015fananlar bunun en \u00e7arp\u0131c\u0131 \u00f6rne\u011fini\" \/>\n<meta property=\"og:url\" content=\"https:\/\/kibrisdakik.com\/?p=29272\" \/>\n<meta property=\"article:published_time\" content=\"2024-02-07T13:23:23+00:00\" \/>\n<meta property=\"og:image\" content=\"https:\/\/kibrisdakik.com\/wp-content\/uploads\/2024\/02\/ktos-kooperatiflerde-ozerklik-saglanmasini-istedi-1707307775.webp.webp\" \/>\n\t<meta property=\"og:image:width\" content=\"710\" \/>\n\t<meta property=\"og:image:height\" content=\"370\" \/>\n\t<meta property=\"og:image:type\" content=\"image\/webp\" \/>\n<meta name=\"author\" content=\"admin\" \/>\n<meta name=\"twitter:card\" content=\"summary_large_image\" \/>\n<meta name=\"twitter:label1\" content=\"Yazan:\" \/>\n\t<meta name=\"twitter:data1\" content=\"admin\" \/>\n\t<meta name=\"twitter:label2\" content=\"Tahmini okuma s\u00fcresi\" \/>\n\t<meta name=\"twitter:data2\" content=\"1 dakika\" \/>\n<script type=\"application\/ld+json\" class=\"yoast-schema-graph\">{\"@context\":\"https:\\\/\\\/schema.org\",\"@graph\":[{\"@type\":\"Article\",\"@id\":\"https:\\\/\\\/kibrisdakik.com\\\/?p=29272#article\",\"isPartOf\":{\"@id\":\"https:\\\/\\\/kibrisdakik.com\\\/?p=29272\"},\"author\":{\"name\":\"admin\",\"@id\":\"https:\\\/\\\/kibrisdakik.com\\\/#\\\/schema\\\/person\\\/9cd9d437bbb44f72b73ba127e06d8e79\"},\"headline\":\"KT\u00d6S, kooperatiflerde \u00f6zerklik sa\u011flanmas\u0131n\u0131 istedi\",\"datePublished\":\"2024-02-07T13:23:23+00:00\",\"mainEntityOfPage\":{\"@id\":\"https:\\\/\\\/kibrisdakik.com\\\/?p=29272\"},\"wordCount\":306,\"commentCount\":0,\"image\":{\"@id\":\"https:\\\/\\\/kibrisdakik.com\\\/?p=29272#primaryimage\"},\"thumbnailUrl\":\"https:\\\/\\\/kibrisdakik.com\\\/wp-content\\\/uploads\\\/2024\\\/02\\\/ktos-kooperatiflerde-ozerklik-saglanmasini-istedi-1707307775.webp.webp\",\"articleSection\":[\"G\u00fcndem\"],\"inLanguage\":\"tr\",\"potentialAction\":[{\"@type\":\"CommentAction\",\"name\":\"Comment\",\"target\":[\"https:\\\/\\\/kibrisdakik.com\\\/?p=29272#respond\"]}]},{\"@type\":\"WebPage\",\"@id\":\"https:\\\/\\\/kibrisdakik.com\\\/?p=29272\",\"url\":\"https:\\\/\\\/kibrisdakik.com\\\/?p=29272\",\"name\":\"KT\u00d6S, kooperatiflerde \u00f6zerklik sa\u011flanmas\u0131n\u0131 istedi -\",\"isPartOf\":{\"@id\":\"https:\\\/\\\/kibrisdakik.com\\\/#website\"},\"primaryImageOfPage\":{\"@id\":\"https:\\\/\\\/kibrisdakik.com\\\/?p=29272#primaryimage\"},\"image\":{\"@id\":\"https:\\\/\\\/kibrisdakik.com\\\/?p=29272#primaryimage\"},\"thumbnailUrl\":\"https:\\\/\\\/kibrisdakik.com\\\/wp-content\\\/uploads\\\/2024\\\/02\\\/ktos-kooperatiflerde-ozerklik-saglanmasini-istedi-1707307775.webp.webp\",\"datePublished\":\"2024-02-07T13:23:23+00:00\",\"author\":{\"@id\":\"https:\\\/\\\/kibrisdakik.com\\\/#\\\/schema\\\/person\\\/9cd9d437bbb44f72b73ba127e06d8e79\"},\"breadcrumb\":{\"@id\":\"https:\\\/\\\/kibrisdakik.com\\\/?p=29272#breadcrumb\"},\"inLanguage\":\"tr\",\"potentialAction\":[{\"@type\":\"ReadAction\",\"target\":[\"https:\\\/\\\/kibrisdakik.com\\\/?p=29272\"]}]},{\"@type\":\"ImageObject\",\"inLanguage\":\"tr\",\"@id\":\"https:\\\/\\\/kibrisdakik.com\\\/?p=29272#primaryimage\",\"url\":\"https:\\\/\\\/kibrisdakik.com\\\/wp-content\\\/uploads\\\/2024\\\/02\\\/ktos-kooperatiflerde-ozerklik-saglanmasini-istedi-1707307775.webp.webp\",\"contentUrl\":\"https:\\\/\\\/kibrisdakik.com\\\/wp-content\\\/uploads\\\/2024\\\/02\\\/ktos-kooperatiflerde-ozerklik-saglanmasini-istedi-1707307775.webp.webp\",\"width\":710,\"height\":370},{\"@type\":\"BreadcrumbList\",\"@id\":\"https:\\\/\\\/kibrisdakik.com\\\/?p=29272#breadcrumb\",\"itemListElement\":[{\"@type\":\"ListItem\",\"position\":1,\"name\":\"Home\",\"item\":\"https:\\\/\\\/kibrisdakik.com\\\/\"},{\"@type\":\"ListItem\",\"position\":2,\"name\":\"KT\u00d6S, kooperatiflerde \u00f6zerklik sa\u011flanmas\u0131n\u0131 istedi\"}]},{\"@type\":\"WebSite\",\"@id\":\"https:\\\/\\\/kibrisdakik.com\\\/#website\",\"url\":\"https:\\\/\\\/kibrisdakik.com\\\/\",\"name\":\"\",\"description\":\"Tam vaktinde haber\",\"potentialAction\":[{\"@type\":\"SearchAction\",\"target\":{\"@type\":\"EntryPoint\",\"urlTemplate\":\"https:\\\/\\\/kibrisdakik.com\\\/?s={search_term_string}\"},\"query-input\":{\"@type\":\"PropertyValueSpecification\",\"valueRequired\":true,\"valueName\":\"search_term_string\"}}],\"inLanguage\":\"tr\"},{\"@type\":\"Person\",\"@id\":\"https:\\\/\\\/kibrisdakik.com\\\/#\\\/schema\\\/person\\\/9cd9d437bbb44f72b73ba127e06d8e79\",\"name\":\"admin\",\"image\":{\"@type\":\"ImageObject\",\"inLanguage\":\"tr\",\"@id\":\"https:\\\/\\\/secure.gravatar.com\\\/avatar\\\/ccc17943b9d660506c869530f897617f7cb1c21a4bf30023f252596d83e1f007?s=96&d=mm&r=g\",\"url\":\"https:\\\/\\\/secure.gravatar.com\\\/avatar\\\/ccc17943b9d660506c869530f897617f7cb1c21a4bf30023f252596d83e1f007?s=96&d=mm&r=g\",\"contentUrl\":\"https:\\\/\\\/secure.gravatar.com\\\/avatar\\\/ccc17943b9d660506c869530f897617f7cb1c21a4bf30023f252596d83e1f007?s=96&d=mm&r=g\",\"caption\":\"admin\"},\"sameAs\":[\"https:\\\/\\\/kibrisdakik.com\"],\"url\":\"https:\\\/\\\/kibrisdakik.com\\\/?author=1\"}]}<\/script>\n<!-- \/ Yoast SEO plugin. -->","yoast_head_json":{"title":"KT\u00d6S, kooperatiflerde \u00f6zerklik sa\u011flanmas\u0131n\u0131 istedi -","robots":{"index":"index","follow":"follow","max-snippet":"max-snippet:-1","max-image-preview":"max-image-preview:large","max-video-preview":"max-video-preview:-1"},"canonical":"https:\/\/kibrisdakik.com\/?p=29272","og_locale":"tr_TR","og_type":"article","og_title":"KT\u00d6S, kooperatiflerde \u00f6zerklik sa\u011flanmas\u0131n\u0131 istedi -","og_description":"KT\u00d6S Ba\u015fkan\u0131 Mustafa Baybora taraf\u0131ndan yap\u0131lan yaz\u0131l\u0131 a\u00e7\u0131klamada, K\u0131br\u0131s T\u00fcrk toplumunda kooperatif\u00e7ilik ve kooperatiflere olan g\u00fcvenin erozyona u\u011frad\u0131\u011f\u0131 belirtilerek, bu g\u00fcvensizli\u011fin nedeni olarak \u201csiyaset\u201d g\u00f6sterildi. T\u00fcrkiye ve Avrupa\u2019da kooperatif kimli\u011fi geli\u015fim sa\u011flarken, Kuzey K\u0131br\u0131s\u2019ta 1984 y\u0131l\u0131ndan beridir siyasetin vesayetinde oldu\u011fu ifade edilen kooperatifler ve kooperatif\u00e7ili\u011fin geriledi\u011finin kaydedildi\u011fi a\u00e7\u0131klamada, \u201cKooperatif i\u015ftiraklerinde ya\u015fananlar bunun en \u00e7arp\u0131c\u0131 \u00f6rne\u011fini","og_url":"https:\/\/kibrisdakik.com\/?p=29272","article_published_time":"2024-02-07T13:23:23+00:00","og_image":[{"width":710,"height":370,"url":"https:\/\/kibrisdakik.com\/wp-content\/uploads\/2024\/02\/ktos-kooperatiflerde-ozerklik-saglanmasini-istedi-1707307775.webp.webp","type":"image\/webp"}],"author":"admin","twitter_card":"summary_large_image","twitter_misc":{"Yazan:":"admin","Tahmini okuma s\u00fcresi":"1 dakika"},"schema":{"@context":"https:\/\/schema.org","@graph":[{"@type":"Article","@id":"https:\/\/kibrisdakik.com\/?p=29272#article","isPartOf":{"@id":"https:\/\/kibrisdakik.com\/?p=29272"},"author":{"name":"admin","@id":"https:\/\/kibrisdakik.com\/#\/schema\/person\/9cd9d437bbb44f72b73ba127e06d8e79"},"headline":"KT\u00d6S, kooperatiflerde \u00f6zerklik sa\u011flanmas\u0131n\u0131 istedi","datePublished":"2024-02-07T13:23:23+00:00","mainEntityOfPage":{"@id":"https:\/\/kibrisdakik.com\/?p=29272"},"wordCount":306,"commentCount":0,"image":{"@id":"https:\/\/kibrisdakik.com\/?p=29272#primaryimage"},"thumbnailUrl":"https:\/\/kibrisdakik.com\/wp-content\/uploads\/2024\/02\/ktos-kooperatiflerde-ozerklik-saglanmasini-istedi-1707307775.webp.webp","articleSection":["G\u00fcndem"],"inLanguage":"tr","potentialAction":[{"@type":"CommentAction","name":"Comment","target":["https:\/\/kibrisdakik.com\/?p=29272#respond"]}]},{"@type":"WebPage","@id":"https:\/\/kibrisdakik.com\/?p=29272","url":"https:\/\/kibrisdakik.com\/?p=29272","name":"KT\u00d6S, kooperatiflerde \u00f6zerklik sa\u011flanmas\u0131n\u0131 istedi -","isPartOf":{"@id":"https:\/\/kibrisdakik.com\/#website"},"primaryImageOfPage":{"@id":"https:\/\/kibrisdakik.com\/?p=29272#primaryimage"},"image":{"@id":"https:\/\/kibrisdakik.com\/?p=29272#primaryimage"},"thumbnailUrl":"https:\/\/kibrisdakik.com\/wp-content\/uploads\/2024\/02\/ktos-kooperatiflerde-ozerklik-saglanmasini-istedi-1707307775.webp.webp","datePublished":"2024-02-07T13:23:23+00:00","author":{"@id":"https:\/\/kibrisdakik.com\/#\/schema\/person\/9cd9d437bbb44f72b73ba127e06d8e79"},"breadcrumb":{"@id":"https:\/\/kibrisdakik.com\/?p=29272#breadcrumb"},"inLanguage":"tr","potentialAction":[{"@type":"ReadAction","target":["https:\/\/kibrisdakik.com\/?p=29272"]}]},{"@type":"ImageObject","inLanguage":"tr","@id":"https:\/\/kibrisdakik.com\/?p=29272#primaryimage","url":"https:\/\/kibrisdakik.com\/wp-content\/uploads\/2024\/02\/ktos-kooperatiflerde-ozerklik-saglanmasini-istedi-1707307775.webp.webp","contentUrl":"https:\/\/kibrisdakik.com\/wp-content\/uploads\/2024\/02\/ktos-kooperatiflerde-ozerklik-saglanmasini-istedi-1707307775.webp.webp","width":710,"height":370},{"@type":"BreadcrumbList","@id":"https:\/\/kibrisdakik.com\/?p=29272#breadcrumb","itemListElement":[{"@type":"ListItem","position":1,"name":"Home","item":"https:\/\/kibrisdakik.com\/"},{"@type":"ListItem","position":2,"name":"KT\u00d6S, kooperatiflerde \u00f6zerklik sa\u011flanmas\u0131n\u0131 istedi"}]},{"@type":"WebSite","@id":"https:\/\/kibrisdakik.com\/#website","url":"https:\/\/kibrisdakik.com\/","name":"","description":"Tam vaktinde haber","potentialAction":[{"@type":"SearchAction","target":{"@type":"EntryPoint","urlTemplate":"https:\/\/kibrisdakik.com\/?s={search_term_string}"},"query-input":{"@type":"PropertyValueSpecification","valueRequired":true,"valueName":"search_term_string"}}],"inLanguage":"tr"},{"@type":"Person","@id":"https:\/\/kibrisdakik.com\/#\/schema\/person\/9cd9d437bbb44f72b73ba127e06d8e79","name":"admin","image":{"@type":"ImageObject","inLanguage":"tr","@id":"https:\/\/secure.gravatar.com\/avatar\/ccc17943b9d660506c869530f897617f7cb1c21a4bf30023f252596d83e1f007?s=96&d=mm&r=g","url":"https:\/\/secure.gravatar.com\/avatar\/ccc17943b9d660506c869530f897617f7cb1c21a4bf30023f252596d83e1f007?s=96&d=mm&r=g","contentUrl":"https:\/\/secure.gravatar.com\/avatar\/ccc17943b9d660506c869530f897617f7cb1c21a4bf30023f252596d83e1f007?s=96&d=mm&r=g","caption":"admin"},"sameAs":["https:\/\/kibrisdakik.com"],"url":"https:\/\/kibrisdakik.com\/?author=1"}]}},"_links":{"self":[{"href":"https:\/\/kibrisdakik.com\/index.php?rest_route=\/wp\/v2\/posts\/29272","targetHints":{"allow":["GET"]}}],"collection":[{"href":"https:\/\/kibrisdakik.com\/index.php?rest_route=\/wp\/v2\/posts"}],"about":[{"href":"https:\/\/kibrisdakik.com\/index.php?rest_route=\/wp\/v2\/types\/post"}],"author":[{"embeddable":true,"href":"https:\/\/kibrisdakik.com\/index.php?rest_route=\/wp\/v2\/users\/1"}],"replies":[{"embeddable":true,"href":"https:\/\/kibrisdakik.com\/index.php?rest_route=%2Fwp%2Fv2%2Fcomments&post=29272"}],"version-history":[{"count":0,"href":"https:\/\/kibrisdakik.com\/index.php?rest_route=\/wp\/v2\/posts\/29272\/revisions"}],"wp:featuredmedia":[{"embeddable":true,"href":"https:\/\/kibrisdakik.com\/index.php?rest_route=\/wp\/v2\/media\/29273"}],"wp:attachment":[{"href":"https:\/\/kibrisdakik.com\/index.php?rest_route=%2Fwp%2Fv2%2Fmedia&parent=29272"}],"wp:term":[{"taxonomy":"category","embeddable":true,"href":"https:\/\/kibrisdakik.com\/index.php?rest_route=%2Fwp%2Fv2%2Fcategories&post=29272"},{"taxonomy":"post_tag","embeddable":true,"href":"https:\/\/kibrisdakik.com\/index.php?rest_route=%2Fwp%2Fv2%2Ftags&post=29272"}],"curies":[{"name":"wp","href":"https:\/\/api.w.org\/{rel}","templated":true}]}}