{"id":29338,"date":"2024-02-07T20:19:13","date_gmt":"2024-02-07T20:19:13","guid":{"rendered":"https:\/\/kibrisdakik.com\/index.php\/2024\/02\/07\/45-kilo-uyusturucu-ile-yakalan-ukrayna-uyruklu-zanli-mahkemeye-cikartildi\/"},"modified":"2024-02-07T20:19:13","modified_gmt":"2024-02-07T20:19:13","slug":"45-kilo-uyusturucu-ile-yakalan-ukrayna-uyruklu-zanli-mahkemeye-cikartildi","status":"publish","type":"post","link":"https:\/\/kibrisdakik.com\/?p=29338","title":{"rendered":"4,5 kilo  uyu\u015fturucu ile yakalan Ukrayna uyruklu zanl\u0131  mahkemeye\u00a0\u00e7\u0131kart\u0131ld\u0131"},"content":{"rendered":"<p><img decoding=\"async\" src=\"https:\/\/www.kibristurk.com\/images\/haberler\/2024\/02\/45-kilo-uyusturucu-ile-yakalan-ukrayna-uyruklu-zanli-mahkemeye-cikartildi-1707295920.webp\" \/><\/p>\n<p>Yap\u0131lan operasyonda Narkotik ekipleri KKTC\u2019de ilk kez d\u00fcnya genelinde tehlike arz eden \u201cMephedrom\u201d t\u00fcr\u00fc uyu\u015fturucu madde ele ge\u00e7irdi.<\/p>\n<p>26 ya\u015f\u0131ndaki Ukrayna uyruklu Oleksii Pakholvhak tutukluluk talebi ile Girne Kaza Mahkemesine \u00e7\u0131kar\u0131ld\u0131.<\/p>\n<p>Polis \u00e7avu\u015fu Ahmet Bayram mahkemede verdi\u011fi ifadede zanl\u0131n\u0131n sosyal medya \u00fczerinden, yapay zeka kullanarak Girne ve \u00e7evresinde bir \u00e7ok konuma uyu\u015fturucu att\u0131\u011f\u0131n\u0131 tespit ettiklerini s\u00f6yledi.<\/p>\n<p>Bayram zanl\u0131n\u0131n kald\u0131\u011f\u0131 sitenin \u00f6zel g\u00fcvenlik taraf\u0131ndan korundu\u011funu kaydederek d\u00fcn gece operasyon d\u00fczenlediklerini kaydetti. Evde yap\u0131lan aramada 7 farkl\u0131 t\u00fcrde yakla\u015f\u0131k 4 bu\u00e7uk kiloya yak\u0131n uyu\u015fturucu madde ele ge\u00e7irdiklerini ifade ederek soru\u015fturman\u0131n devam etti\u011fini s\u00f6yledi.<\/p>\n<p>Mahkeme zanl\u0131n\u0131n soru\u015fturma kapsam\u0131nda 2 g\u00fcn tutuklu kalmas\u0131na&nbsp;karar&nbsp;verdi.<\/p>\n","protected":false},"excerpt":{"rendered":"<p>Yap\u0131lan operasyonda Narkotik ekipleri KKTC\u2019de ilk kez d\u00fcnya genelinde tehlike arz eden \u201cMephedrom\u201d t\u00fcr\u00fc uyu\u015fturucu madde ele ge\u00e7irdi. 26 ya\u015f\u0131ndaki Ukrayna uyruklu Oleksii Pakholvhak tutukluluk talebi ile Girne Kaza Mahkemesine \u00e7\u0131kar\u0131ld\u0131. Polis \u00e7avu\u015fu Ahmet Bayram mahkemede verdi\u011fi ifadede zanl\u0131n\u0131n sosyal medya \u00fczerinden, yapay zeka kullanarak Girne ve \u00e7evresinde bir \u00e7ok konuma uyu\u015fturucu att\u0131\u011f\u0131n\u0131 tespit ettiklerini<\/p>\n","protected":false},"author":1,"featured_media":29339,"comment_status":"open","ping_status":"open","sticky":false,"template":"","format":"standard","meta":{"footnotes":""},"categories":[79],"tags":[],"class_list":["post-29338","post","type-post","status-publish","format-standard","has-post-thumbnail","hentry","category-ekonomi"],"yoast_head":"<!-- This site is optimized with the Yoast SEO plugin v27.4 - https:\/\/yoast.com\/product\/yoast-seo-wordpress\/ -->\n<title>4,5 kilo uyu\u015fturucu ile yakalan Ukrayna uyruklu zanl\u0131 mahkemeye\u00a0\u00e7\u0131kart\u0131ld\u0131 -<\/title>\n<meta name=\"robots\" content=\"index, follow, max-snippet:-1, max-image-preview:large, max-video-preview:-1\" \/>\n<link rel=\"canonical\" href=\"https:\/\/kibrisdakik.com\/?p=29338\" \/>\n<meta property=\"og:locale\" content=\"tr_TR\" \/>\n<meta property=\"og:type\" content=\"article\" \/>\n<meta property=\"og:title\" content=\"4,5 kilo uyu\u015fturucu ile yakalan Ukrayna uyruklu zanl\u0131 mahkemeye\u00a0\u00e7\u0131kart\u0131ld\u0131 -\" \/>\n<meta property=\"og:description\" content=\"Yap\u0131lan operasyonda Narkotik ekipleri KKTC\u2019de ilk kez d\u00fcnya genelinde tehlike arz eden \u201cMephedrom\u201d t\u00fcr\u00fc uyu\u015fturucu madde ele ge\u00e7irdi. 26 ya\u015f\u0131ndaki Ukrayna uyruklu Oleksii Pakholvhak tutukluluk talebi ile Girne Kaza Mahkemesine \u00e7\u0131kar\u0131ld\u0131. Polis \u00e7avu\u015fu Ahmet Bayram mahkemede verdi\u011fi ifadede zanl\u0131n\u0131n sosyal medya \u00fczerinden, yapay zeka kullanarak Girne ve \u00e7evresinde bir \u00e7ok konuma uyu\u015fturucu att\u0131\u011f\u0131n\u0131 tespit ettiklerini\" \/>\n<meta property=\"og:url\" content=\"https:\/\/kibrisdakik.com\/?p=29338\" \/>\n<meta property=\"article:published_time\" content=\"2024-02-07T20:19:13+00:00\" \/>\n<meta property=\"og:image\" content=\"https:\/\/kibrisdakik.com\/wp-content\/uploads\/2024\/02\/45-kilo-uyusturucu-ile-yakalan-ukrayna-uyruklu-zanli-mahkemeye-cikartildi-1707295920.webp.webp\" \/>\n\t<meta property=\"og:image:width\" content=\"710\" \/>\n\t<meta property=\"og:image:height\" content=\"370\" \/>\n\t<meta property=\"og:image:type\" content=\"image\/webp\" \/>\n<meta name=\"author\" content=\"admin\" \/>\n<meta name=\"twitter:card\" content=\"summary_large_image\" \/>\n<meta name=\"twitter:label1\" content=\"Yazan:\" \/>\n\t<meta name=\"twitter:data1\" content=\"admin\" \/>\n\t<meta name=\"twitter:label2\" content=\"Tahmini okuma s\u00fcresi\" \/>\n\t<meta name=\"twitter:data2\" content=\"1 dakika\" \/>\n<script type=\"application\/ld+json\" class=\"yoast-schema-graph\">{\"@context\":\"https:\\\/\\\/schema.org\",\"@graph\":[{\"@type\":\"Article\",\"@id\":\"https:\\\/\\\/kibrisdakik.com\\\/?p=29338#article\",\"isPartOf\":{\"@id\":\"https:\\\/\\\/kibrisdakik.com\\\/?p=29338\"},\"author\":{\"name\":\"admin\",\"@id\":\"https:\\\/\\\/kibrisdakik.com\\\/#\\\/schema\\\/person\\\/9cd9d437bbb44f72b73ba127e06d8e79\"},\"headline\":\"4,5 kilo uyu\u015fturucu ile yakalan Ukrayna uyruklu zanl\u0131 mahkemeye\u00a0\u00e7\u0131kart\u0131ld\u0131\",\"datePublished\":\"2024-02-07T20:19:13+00:00\",\"mainEntityOfPage\":{\"@id\":\"https:\\\/\\\/kibrisdakik.com\\\/?p=29338\"},\"wordCount\":149,\"commentCount\":0,\"image\":{\"@id\":\"https:\\\/\\\/kibrisdakik.com\\\/?p=29338#primaryimage\"},\"thumbnailUrl\":\"https:\\\/\\\/kibrisdakik.com\\\/wp-content\\\/uploads\\\/2024\\\/02\\\/45-kilo-uyusturucu-ile-yakalan-ukrayna-uyruklu-zanli-mahkemeye-cikartildi-1707295920.webp.webp\",\"articleSection\":[\"Ekonomi\"],\"inLanguage\":\"tr\",\"potentialAction\":[{\"@type\":\"CommentAction\",\"name\":\"Comment\",\"target\":[\"https:\\\/\\\/kibrisdakik.com\\\/?p=29338#respond\"]}]},{\"@type\":\"WebPage\",\"@id\":\"https:\\\/\\\/kibrisdakik.com\\\/?p=29338\",\"url\":\"https:\\\/\\\/kibrisdakik.com\\\/?p=29338\",\"name\":\"4,5 kilo uyu\u015fturucu ile yakalan Ukrayna uyruklu zanl\u0131 mahkemeye\u00a0\u00e7\u0131kart\u0131ld\u0131 -\",\"isPartOf\":{\"@id\":\"https:\\\/\\\/kibrisdakik.com\\\/#website\"},\"primaryImageOfPage\":{\"@id\":\"https:\\\/\\\/kibrisdakik.com\\\/?p=29338#primaryimage\"},\"image\":{\"@id\":\"https:\\\/\\\/kibrisdakik.com\\\/?p=29338#primaryimage\"},\"thumbnailUrl\":\"https:\\\/\\\/kibrisdakik.com\\\/wp-content\\\/uploads\\\/2024\\\/02\\\/45-kilo-uyusturucu-ile-yakalan-ukrayna-uyruklu-zanli-mahkemeye-cikartildi-1707295920.webp.webp\",\"datePublished\":\"2024-02-07T20:19:13+00:00\",\"author\":{\"@id\":\"https:\\\/\\\/kibrisdakik.com\\\/#\\\/schema\\\/person\\\/9cd9d437bbb44f72b73ba127e06d8e79\"},\"breadcrumb\":{\"@id\":\"https:\\\/\\\/kibrisdakik.com\\\/?p=29338#breadcrumb\"},\"inLanguage\":\"tr\",\"potentialAction\":[{\"@type\":\"ReadAction\",\"target\":[\"https:\\\/\\\/kibrisdakik.com\\\/?p=29338\"]}]},{\"@type\":\"ImageObject\",\"inLanguage\":\"tr\",\"@id\":\"https:\\\/\\\/kibrisdakik.com\\\/?p=29338#primaryimage\",\"url\":\"https:\\\/\\\/kibrisdakik.com\\\/wp-content\\\/uploads\\\/2024\\\/02\\\/45-kilo-uyusturucu-ile-yakalan-ukrayna-uyruklu-zanli-mahkemeye-cikartildi-1707295920.webp.webp\",\"contentUrl\":\"https:\\\/\\\/kibrisdakik.com\\\/wp-content\\\/uploads\\\/2024\\\/02\\\/45-kilo-uyusturucu-ile-yakalan-ukrayna-uyruklu-zanli-mahkemeye-cikartildi-1707295920.webp.webp\",\"width\":710,\"height\":370},{\"@type\":\"BreadcrumbList\",\"@id\":\"https:\\\/\\\/kibrisdakik.com\\\/?p=29338#breadcrumb\",\"itemListElement\":[{\"@type\":\"ListItem\",\"position\":1,\"name\":\"Home\",\"item\":\"https:\\\/\\\/kibrisdakik.com\\\/\"},{\"@type\":\"ListItem\",\"position\":2,\"name\":\"4,5 kilo uyu\u015fturucu ile yakalan Ukrayna uyruklu zanl\u0131 mahkemeye\u00a0\u00e7\u0131kart\u0131ld\u0131\"}]},{\"@type\":\"WebSite\",\"@id\":\"https:\\\/\\\/kibrisdakik.com\\\/#website\",\"url\":\"https:\\\/\\\/kibrisdakik.com\\\/\",\"name\":\"\",\"description\":\"Tam vaktinde haber\",\"potentialAction\":[{\"@type\":\"SearchAction\",\"target\":{\"@type\":\"EntryPoint\",\"urlTemplate\":\"https:\\\/\\\/kibrisdakik.com\\\/?s={search_term_string}\"},\"query-input\":{\"@type\":\"PropertyValueSpecification\",\"valueRequired\":true,\"valueName\":\"search_term_string\"}}],\"inLanguage\":\"tr\"},{\"@type\":\"Person\",\"@id\":\"https:\\\/\\\/kibrisdakik.com\\\/#\\\/schema\\\/person\\\/9cd9d437bbb44f72b73ba127e06d8e79\",\"name\":\"admin\",\"image\":{\"@type\":\"ImageObject\",\"inLanguage\":\"tr\",\"@id\":\"https:\\\/\\\/secure.gravatar.com\\\/avatar\\\/ccc17943b9d660506c869530f897617f7cb1c21a4bf30023f252596d83e1f007?s=96&d=mm&r=g\",\"url\":\"https:\\\/\\\/secure.gravatar.com\\\/avatar\\\/ccc17943b9d660506c869530f897617f7cb1c21a4bf30023f252596d83e1f007?s=96&d=mm&r=g\",\"contentUrl\":\"https:\\\/\\\/secure.gravatar.com\\\/avatar\\\/ccc17943b9d660506c869530f897617f7cb1c21a4bf30023f252596d83e1f007?s=96&d=mm&r=g\",\"caption\":\"admin\"},\"sameAs\":[\"https:\\\/\\\/kibrisdakik.com\"],\"url\":\"https:\\\/\\\/kibrisdakik.com\\\/?author=1\"}]}<\/script>\n<!-- \/ Yoast SEO plugin. -->","yoast_head_json":{"title":"4,5 kilo uyu\u015fturucu ile yakalan Ukrayna uyruklu zanl\u0131 mahkemeye\u00a0\u00e7\u0131kart\u0131ld\u0131 -","robots":{"index":"index","follow":"follow","max-snippet":"max-snippet:-1","max-image-preview":"max-image-preview:large","max-video-preview":"max-video-preview:-1"},"canonical":"https:\/\/kibrisdakik.com\/?p=29338","og_locale":"tr_TR","og_type":"article","og_title":"4,5 kilo uyu\u015fturucu ile yakalan Ukrayna uyruklu zanl\u0131 mahkemeye\u00a0\u00e7\u0131kart\u0131ld\u0131 -","og_description":"Yap\u0131lan operasyonda Narkotik ekipleri KKTC\u2019de ilk kez d\u00fcnya genelinde tehlike arz eden \u201cMephedrom\u201d t\u00fcr\u00fc uyu\u015fturucu madde ele ge\u00e7irdi. 26 ya\u015f\u0131ndaki Ukrayna uyruklu Oleksii Pakholvhak tutukluluk talebi ile Girne Kaza Mahkemesine \u00e7\u0131kar\u0131ld\u0131. Polis \u00e7avu\u015fu Ahmet Bayram mahkemede verdi\u011fi ifadede zanl\u0131n\u0131n sosyal medya \u00fczerinden, yapay zeka kullanarak Girne ve \u00e7evresinde bir \u00e7ok konuma uyu\u015fturucu att\u0131\u011f\u0131n\u0131 tespit ettiklerini","og_url":"https:\/\/kibrisdakik.com\/?p=29338","article_published_time":"2024-02-07T20:19:13+00:00","og_image":[{"width":710,"height":370,"url":"https:\/\/kibrisdakik.com\/wp-content\/uploads\/2024\/02\/45-kilo-uyusturucu-ile-yakalan-ukrayna-uyruklu-zanli-mahkemeye-cikartildi-1707295920.webp.webp","type":"image\/webp"}],"author":"admin","twitter_card":"summary_large_image","twitter_misc":{"Yazan:":"admin","Tahmini okuma s\u00fcresi":"1 dakika"},"schema":{"@context":"https:\/\/schema.org","@graph":[{"@type":"Article","@id":"https:\/\/kibrisdakik.com\/?p=29338#article","isPartOf":{"@id":"https:\/\/kibrisdakik.com\/?p=29338"},"author":{"name":"admin","@id":"https:\/\/kibrisdakik.com\/#\/schema\/person\/9cd9d437bbb44f72b73ba127e06d8e79"},"headline":"4,5 kilo uyu\u015fturucu ile yakalan Ukrayna uyruklu zanl\u0131 mahkemeye\u00a0\u00e7\u0131kart\u0131ld\u0131","datePublished":"2024-02-07T20:19:13+00:00","mainEntityOfPage":{"@id":"https:\/\/kibrisdakik.com\/?p=29338"},"wordCount":149,"commentCount":0,"image":{"@id":"https:\/\/kibrisdakik.com\/?p=29338#primaryimage"},"thumbnailUrl":"https:\/\/kibrisdakik.com\/wp-content\/uploads\/2024\/02\/45-kilo-uyusturucu-ile-yakalan-ukrayna-uyruklu-zanli-mahkemeye-cikartildi-1707295920.webp.webp","articleSection":["Ekonomi"],"inLanguage":"tr","potentialAction":[{"@type":"CommentAction","name":"Comment","target":["https:\/\/kibrisdakik.com\/?p=29338#respond"]}]},{"@type":"WebPage","@id":"https:\/\/kibrisdakik.com\/?p=29338","url":"https:\/\/kibrisdakik.com\/?p=29338","name":"4,5 kilo uyu\u015fturucu ile yakalan Ukrayna uyruklu zanl\u0131 mahkemeye\u00a0\u00e7\u0131kart\u0131ld\u0131 -","isPartOf":{"@id":"https:\/\/kibrisdakik.com\/#website"},"primaryImageOfPage":{"@id":"https:\/\/kibrisdakik.com\/?p=29338#primaryimage"},"image":{"@id":"https:\/\/kibrisdakik.com\/?p=29338#primaryimage"},"thumbnailUrl":"https:\/\/kibrisdakik.com\/wp-content\/uploads\/2024\/02\/45-kilo-uyusturucu-ile-yakalan-ukrayna-uyruklu-zanli-mahkemeye-cikartildi-1707295920.webp.webp","datePublished":"2024-02-07T20:19:13+00:00","author":{"@id":"https:\/\/kibrisdakik.com\/#\/schema\/person\/9cd9d437bbb44f72b73ba127e06d8e79"},"breadcrumb":{"@id":"https:\/\/kibrisdakik.com\/?p=29338#breadcrumb"},"inLanguage":"tr","potentialAction":[{"@type":"ReadAction","target":["https:\/\/kibrisdakik.com\/?p=29338"]}]},{"@type":"ImageObject","inLanguage":"tr","@id":"https:\/\/kibrisdakik.com\/?p=29338#primaryimage","url":"https:\/\/kibrisdakik.com\/wp-content\/uploads\/2024\/02\/45-kilo-uyusturucu-ile-yakalan-ukrayna-uyruklu-zanli-mahkemeye-cikartildi-1707295920.webp.webp","contentUrl":"https:\/\/kibrisdakik.com\/wp-content\/uploads\/2024\/02\/45-kilo-uyusturucu-ile-yakalan-ukrayna-uyruklu-zanli-mahkemeye-cikartildi-1707295920.webp.webp","width":710,"height":370},{"@type":"BreadcrumbList","@id":"https:\/\/kibrisdakik.com\/?p=29338#breadcrumb","itemListElement":[{"@type":"ListItem","position":1,"name":"Home","item":"https:\/\/kibrisdakik.com\/"},{"@type":"ListItem","position":2,"name":"4,5 kilo uyu\u015fturucu ile yakalan Ukrayna uyruklu zanl\u0131 mahkemeye\u00a0\u00e7\u0131kart\u0131ld\u0131"}]},{"@type":"WebSite","@id":"https:\/\/kibrisdakik.com\/#website","url":"https:\/\/kibrisdakik.com\/","name":"","description":"Tam vaktinde haber","potentialAction":[{"@type":"SearchAction","target":{"@type":"EntryPoint","urlTemplate":"https:\/\/kibrisdakik.com\/?s={search_term_string}"},"query-input":{"@type":"PropertyValueSpecification","valueRequired":true,"valueName":"search_term_string"}}],"inLanguage":"tr"},{"@type":"Person","@id":"https:\/\/kibrisdakik.com\/#\/schema\/person\/9cd9d437bbb44f72b73ba127e06d8e79","name":"admin","image":{"@type":"ImageObject","inLanguage":"tr","@id":"https:\/\/secure.gravatar.com\/avatar\/ccc17943b9d660506c869530f897617f7cb1c21a4bf30023f252596d83e1f007?s=96&d=mm&r=g","url":"https:\/\/secure.gravatar.com\/avatar\/ccc17943b9d660506c869530f897617f7cb1c21a4bf30023f252596d83e1f007?s=96&d=mm&r=g","contentUrl":"https:\/\/secure.gravatar.com\/avatar\/ccc17943b9d660506c869530f897617f7cb1c21a4bf30023f252596d83e1f007?s=96&d=mm&r=g","caption":"admin"},"sameAs":["https:\/\/kibrisdakik.com"],"url":"https:\/\/kibrisdakik.com\/?author=1"}]}},"_links":{"self":[{"href":"https:\/\/kibrisdakik.com\/index.php?rest_route=\/wp\/v2\/posts\/29338","targetHints":{"allow":["GET"]}}],"collection":[{"href":"https:\/\/kibrisdakik.com\/index.php?rest_route=\/wp\/v2\/posts"}],"about":[{"href":"https:\/\/kibrisdakik.com\/index.php?rest_route=\/wp\/v2\/types\/post"}],"author":[{"embeddable":true,"href":"https:\/\/kibrisdakik.com\/index.php?rest_route=\/wp\/v2\/users\/1"}],"replies":[{"embeddable":true,"href":"https:\/\/kibrisdakik.com\/index.php?rest_route=%2Fwp%2Fv2%2Fcomments&post=29338"}],"version-history":[{"count":0,"href":"https:\/\/kibrisdakik.com\/index.php?rest_route=\/wp\/v2\/posts\/29338\/revisions"}],"wp:featuredmedia":[{"embeddable":true,"href":"https:\/\/kibrisdakik.com\/index.php?rest_route=\/wp\/v2\/media\/29339"}],"wp:attachment":[{"href":"https:\/\/kibrisdakik.com\/index.php?rest_route=%2Fwp%2Fv2%2Fmedia&parent=29338"}],"wp:term":[{"taxonomy":"category","embeddable":true,"href":"https:\/\/kibrisdakik.com\/index.php?rest_route=%2Fwp%2Fv2%2Fcategories&post=29338"},{"taxonomy":"post_tag","embeddable":true,"href":"https:\/\/kibrisdakik.com\/index.php?rest_route=%2Fwp%2Fv2%2Ftags&post=29338"}],"curies":[{"name":"wp","href":"https:\/\/api.w.org\/{rel}","templated":true}]}}