{"id":29346,"date":"2024-02-08T07:21:48","date_gmt":"2024-02-08T07:21:48","guid":{"rendered":"https:\/\/kibrisdakik.com\/index.php\/2024\/02\/08\/ctp-disi-heyetini-kabul-etti\/"},"modified":"2024-02-08T07:21:48","modified_gmt":"2024-02-08T07:21:48","slug":"ctp-disi-heyetini-kabul-etti","status":"publish","type":"post","link":"https:\/\/kibrisdakik.com\/?p=29346","title":{"rendered":"CTP D\u0130S\u0130 heyetini kabul etti"},"content":{"rendered":"<p><img decoding=\"async\" src=\"https:\/\/www.kibristurk.com\/images\/haberler\/2024\/02\/ctp-disi-heyetini-kabul-etti-1707376405.webp\" \/><\/p>\n<p>. CTP Genel Merkezi\u2019nde saat 16.00\u2019da ba\u015flayan g\u00f6r\u00fc\u015fmede, Birle\u015fmi\u015f Milletler (BM) Genel Sekreteri\u2019nin ki\u015fisel temsilcisi Maria Angela Holguin Cuellar\u2019\u0131n g\u00f6revine ili\u015fkin ve Rum lider Christodoulides\u2019in a\u00e7\u0131klad\u0131\u011f\u0131 14 maddelik \u00f6nlemlere ili\u015fkin g\u00fcncel konular ele al\u0131nd\u0131. K\u0131br\u0131s \u00e7\u00f6z\u00fcm s\u00fcrecinde devam eden \u00e7\u0131kmaz\u0131n a\u015f\u0131lmas\u0131 ve ilgili BM G\u00fcvenlik Konseyi kararlar\u0131na ba\u011fl\u0131 olarak siyasi e\u015fitli\u011fe dayal\u0131, iki toplumlu ve iki b\u00f6lgeli federal \u00e7\u00f6z\u00fcme ula\u015f\u0131lmas\u0131na y\u00f6nelik yap\u0131lan g\u00f6r\u00fc\u015f teatisinde, siyasi e\u015fitli\u011fin ilgili G\u00fcvenlik Konseyi karar\u0131nda tan\u0131mland\u0131\u011f\u0131 \u015fekilde d\u00f6n\u00fc\u015f\u00fcml\u00fc ba\u015fkanl\u0131k ve federal devlet organlar\u0131nda en az bir olumlu oyla etkili kat\u0131l\u0131m\u0131n kabul edilmesinin \u015fart oldu\u011fu konusunda g\u00f6r\u00fc\u015f birli\u011fine var\u0131ld\u0131. Ayr\u0131ca, resmi m\u00fczakereler \u00f6ncesinde Crans-Montana itibar\u0131yla var\u0131lan t\u00fcm yak\u0131nla\u015fmalara ba\u011fl\u0131 kal\u0131nmas\u0131, ve Genel Sekreterin 30 Haziran 2017 tarihli 6 maddelik \u00e7er\u00e7evesi zemininde aciliyet duygusu i\u00e7erisinde belirlenecek bir takvime ba\u011fl\u0131 ve sonu\u00e7 odakl\u0131 bir s\u00fcrecin kurgulanmas\u0131n\u0131n \u015fart oldu\u011fu konusunda her iki parti g\u00f6r\u00fc\u015f birli\u011fine vard\u0131. Stat\u00fcko\u2019nun s\u00fcrd\u00fcr\u00fclebilir olmad\u0131\u011f\u0131 ve kabul edilemez oldu\u011fu g\u00f6r\u00fc\u015f\u00fcn\u00fc de payla\u015fan her iki parti, s\u00fcrecin bir uzla\u015f\u0131yla sonu\u00e7lanabilmesi ve stat\u00fckoya son verilmesi i\u00e7in ortak \u00e7al\u0131\u015fmalar\u0131n\u0131 artt\u0131rarak devam etmeye y\u00f6nelik kararl\u0131l\u0131k belirtildi. Rum lider taraf\u0131ndan a\u00e7\u0131klanan 14 maddelik \u00f6nlemlerin genelde soyut oldu\u011fu ve K\u0131br\u0131s T\u00fcrk Toplumu\u2019nun beklentilerini tatmin etmedi\u011fini anlatan CTP Genel Ba\u015fkan\u0131 Tufan Erh\u00fcrman, karma evliliklerden do\u011fan \u00e7ocuklar\u0131n vatanda\u015fl\u0131\u011f\u0131, GESY sa\u011fl\u0131k sisteminden ve EHIC sa\u011fl\u0131k sigortas\u0131 siteminden yararlanmak ba\u015fta olmak \u00fczere, temel insan haklar\u0131n\u0131n teslim edilmesinin gerekti\u011fini s\u00f6yledi. D\u0130S\u0130 Ba\u015fkan\u0131 ise Rum liderden bu hassasiyetlere ili\u015fkin detayl\u0131 bilgi alaca\u011f\u0131n\u0131 ve beklentilerin kar\u015f\u0131lanmas\u0131 i\u00e7in \u00e7aba g\u00f6sterece\u011fini ifade etti. G\u00f6r\u00fc\u015fmede CTP ad\u0131na Genel Ba\u015fkan Tufan Erh\u00fcrman, Genel Sekreter As\u0131m Akansoy ve D\u0131\u015f \u0130li\u015fkiler Sekreteri Fikri Toros yer al\u0131rken, D\u0130S\u0130\u2019den Genel Ba\u015fkan Annita Demetriou ile heyet \u00fcyeleri Charalambos Stavrides ve Xenia Constantinou haz\u0131r bulundu.<\/p>\n","protected":false},"excerpt":{"rendered":"<p>. CTP Genel Merkezi\u2019nde saat 16.00\u2019da ba\u015flayan g\u00f6r\u00fc\u015fmede, Birle\u015fmi\u015f Milletler (BM) Genel Sekreteri\u2019nin ki\u015fisel temsilcisi Maria Angela Holguin Cuellar\u2019\u0131n g\u00f6revine ili\u015fkin ve Rum lider Christodoulides\u2019in a\u00e7\u0131klad\u0131\u011f\u0131 14 maddelik \u00f6nlemlere ili\u015fkin g\u00fcncel konular ele al\u0131nd\u0131. K\u0131br\u0131s \u00e7\u00f6z\u00fcm s\u00fcrecinde devam eden \u00e7\u0131kmaz\u0131n a\u015f\u0131lmas\u0131 ve ilgili BM G\u00fcvenlik Konseyi kararlar\u0131na ba\u011fl\u0131 olarak siyasi e\u015fitli\u011fe dayal\u0131, iki toplumlu ve<\/p>\n","protected":false},"author":1,"featured_media":29347,"comment_status":"open","ping_status":"open","sticky":false,"template":"","format":"standard","meta":{"footnotes":""},"categories":[1],"tags":[],"class_list":["post-29346","post","type-post","status-publish","format-standard","has-post-thumbnail","hentry","category-gundem"],"yoast_head":"<!-- This site is optimized with the Yoast SEO plugin v27.5 - https:\/\/yoast.com\/product\/yoast-seo-wordpress\/ -->\n<title>CTP D\u0130S\u0130 heyetini kabul etti -<\/title>\n<meta name=\"robots\" content=\"index, follow, max-snippet:-1, max-image-preview:large, max-video-preview:-1\" \/>\n<link rel=\"canonical\" href=\"https:\/\/kibrisdakik.com\/?p=29346\" \/>\n<meta property=\"og:locale\" content=\"tr_TR\" \/>\n<meta property=\"og:type\" content=\"article\" \/>\n<meta property=\"og:title\" content=\"CTP D\u0130S\u0130 heyetini kabul etti -\" \/>\n<meta property=\"og:description\" content=\". CTP Genel Merkezi\u2019nde saat 16.00\u2019da ba\u015flayan g\u00f6r\u00fc\u015fmede, Birle\u015fmi\u015f Milletler (BM) Genel Sekreteri\u2019nin ki\u015fisel temsilcisi Maria Angela Holguin Cuellar\u2019\u0131n g\u00f6revine ili\u015fkin ve Rum lider Christodoulides\u2019in a\u00e7\u0131klad\u0131\u011f\u0131 14 maddelik \u00f6nlemlere ili\u015fkin g\u00fcncel konular ele al\u0131nd\u0131. K\u0131br\u0131s \u00e7\u00f6z\u00fcm s\u00fcrecinde devam eden \u00e7\u0131kmaz\u0131n a\u015f\u0131lmas\u0131 ve ilgili BM G\u00fcvenlik Konseyi kararlar\u0131na ba\u011fl\u0131 olarak siyasi e\u015fitli\u011fe dayal\u0131, iki toplumlu ve\" \/>\n<meta property=\"og:url\" content=\"https:\/\/kibrisdakik.com\/?p=29346\" \/>\n<meta property=\"article:published_time\" content=\"2024-02-08T07:21:48+00:00\" \/>\n<meta property=\"og:image\" content=\"https:\/\/kibrisdakik.com\/wp-content\/uploads\/2024\/02\/ctp-disi-heyetini-kabul-etti-1707376405.webp.webp\" \/>\n\t<meta property=\"og:image:width\" content=\"710\" \/>\n\t<meta property=\"og:image:height\" content=\"370\" \/>\n\t<meta property=\"og:image:type\" content=\"image\/webp\" \/>\n<meta name=\"author\" content=\"admin\" \/>\n<meta name=\"twitter:card\" content=\"summary_large_image\" \/>\n<meta name=\"twitter:label1\" content=\"Yazan:\" \/>\n\t<meta name=\"twitter:data1\" content=\"admin\" \/>\n\t<meta name=\"twitter:label2\" content=\"Tahmini okuma s\u00fcresi\" \/>\n\t<meta name=\"twitter:data2\" content=\"2 dakika\" \/>\n<script type=\"application\/ld+json\" class=\"yoast-schema-graph\">{\"@context\":\"https:\\\/\\\/schema.org\",\"@graph\":[{\"@type\":\"Article\",\"@id\":\"https:\\\/\\\/kibrisdakik.com\\\/?p=29346#article\",\"isPartOf\":{\"@id\":\"https:\\\/\\\/kibrisdakik.com\\\/?p=29346\"},\"author\":{\"name\":\"admin\",\"@id\":\"https:\\\/\\\/kibrisdakik.com\\\/#\\\/schema\\\/person\\\/9cd9d437bbb44f72b73ba127e06d8e79\"},\"headline\":\"CTP D\u0130S\u0130 heyetini kabul etti\",\"datePublished\":\"2024-02-08T07:21:48+00:00\",\"mainEntityOfPage\":{\"@id\":\"https:\\\/\\\/kibrisdakik.com\\\/?p=29346\"},\"wordCount\":397,\"commentCount\":0,\"image\":{\"@id\":\"https:\\\/\\\/kibrisdakik.com\\\/?p=29346#primaryimage\"},\"thumbnailUrl\":\"https:\\\/\\\/kibrisdakik.com\\\/wp-content\\\/uploads\\\/2024\\\/02\\\/ctp-disi-heyetini-kabul-etti-1707376405.webp.webp\",\"articleSection\":[\"G\u00fcndem\"],\"inLanguage\":\"tr\",\"potentialAction\":[{\"@type\":\"CommentAction\",\"name\":\"Comment\",\"target\":[\"https:\\\/\\\/kibrisdakik.com\\\/?p=29346#respond\"]}]},{\"@type\":\"WebPage\",\"@id\":\"https:\\\/\\\/kibrisdakik.com\\\/?p=29346\",\"url\":\"https:\\\/\\\/kibrisdakik.com\\\/?p=29346\",\"name\":\"CTP D\u0130S\u0130 heyetini kabul etti -\",\"isPartOf\":{\"@id\":\"https:\\\/\\\/kibrisdakik.com\\\/#website\"},\"primaryImageOfPage\":{\"@id\":\"https:\\\/\\\/kibrisdakik.com\\\/?p=29346#primaryimage\"},\"image\":{\"@id\":\"https:\\\/\\\/kibrisdakik.com\\\/?p=29346#primaryimage\"},\"thumbnailUrl\":\"https:\\\/\\\/kibrisdakik.com\\\/wp-content\\\/uploads\\\/2024\\\/02\\\/ctp-disi-heyetini-kabul-etti-1707376405.webp.webp\",\"datePublished\":\"2024-02-08T07:21:48+00:00\",\"author\":{\"@id\":\"https:\\\/\\\/kibrisdakik.com\\\/#\\\/schema\\\/person\\\/9cd9d437bbb44f72b73ba127e06d8e79\"},\"breadcrumb\":{\"@id\":\"https:\\\/\\\/kibrisdakik.com\\\/?p=29346#breadcrumb\"},\"inLanguage\":\"tr\",\"potentialAction\":[{\"@type\":\"ReadAction\",\"target\":[\"https:\\\/\\\/kibrisdakik.com\\\/?p=29346\"]}]},{\"@type\":\"ImageObject\",\"inLanguage\":\"tr\",\"@id\":\"https:\\\/\\\/kibrisdakik.com\\\/?p=29346#primaryimage\",\"url\":\"https:\\\/\\\/kibrisdakik.com\\\/wp-content\\\/uploads\\\/2024\\\/02\\\/ctp-disi-heyetini-kabul-etti-1707376405.webp.webp\",\"contentUrl\":\"https:\\\/\\\/kibrisdakik.com\\\/wp-content\\\/uploads\\\/2024\\\/02\\\/ctp-disi-heyetini-kabul-etti-1707376405.webp.webp\",\"width\":710,\"height\":370},{\"@type\":\"BreadcrumbList\",\"@id\":\"https:\\\/\\\/kibrisdakik.com\\\/?p=29346#breadcrumb\",\"itemListElement\":[{\"@type\":\"ListItem\",\"position\":1,\"name\":\"Home\",\"item\":\"https:\\\/\\\/kibrisdakik.com\\\/\"},{\"@type\":\"ListItem\",\"position\":2,\"name\":\"CTP D\u0130S\u0130 heyetini kabul etti\"}]},{\"@type\":\"WebSite\",\"@id\":\"https:\\\/\\\/kibrisdakik.com\\\/#website\",\"url\":\"https:\\\/\\\/kibrisdakik.com\\\/\",\"name\":\"\",\"description\":\"Tam vaktinde haber\",\"potentialAction\":[{\"@type\":\"SearchAction\",\"target\":{\"@type\":\"EntryPoint\",\"urlTemplate\":\"https:\\\/\\\/kibrisdakik.com\\\/?s={search_term_string}\"},\"query-input\":{\"@type\":\"PropertyValueSpecification\",\"valueRequired\":true,\"valueName\":\"search_term_string\"}}],\"inLanguage\":\"tr\"},{\"@type\":\"Person\",\"@id\":\"https:\\\/\\\/kibrisdakik.com\\\/#\\\/schema\\\/person\\\/9cd9d437bbb44f72b73ba127e06d8e79\",\"name\":\"admin\",\"image\":{\"@type\":\"ImageObject\",\"inLanguage\":\"tr\",\"@id\":\"https:\\\/\\\/secure.gravatar.com\\\/avatar\\\/ccc17943b9d660506c869530f897617f7cb1c21a4bf30023f252596d83e1f007?s=96&d=mm&r=g\",\"url\":\"https:\\\/\\\/secure.gravatar.com\\\/avatar\\\/ccc17943b9d660506c869530f897617f7cb1c21a4bf30023f252596d83e1f007?s=96&d=mm&r=g\",\"contentUrl\":\"https:\\\/\\\/secure.gravatar.com\\\/avatar\\\/ccc17943b9d660506c869530f897617f7cb1c21a4bf30023f252596d83e1f007?s=96&d=mm&r=g\",\"caption\":\"admin\"},\"sameAs\":[\"https:\\\/\\\/kibrisdakik.com\"],\"url\":\"https:\\\/\\\/kibrisdakik.com\\\/?author=1\"}]}<\/script>\n<!-- \/ Yoast SEO plugin. -->","yoast_head_json":{"title":"CTP D\u0130S\u0130 heyetini kabul etti -","robots":{"index":"index","follow":"follow","max-snippet":"max-snippet:-1","max-image-preview":"max-image-preview:large","max-video-preview":"max-video-preview:-1"},"canonical":"https:\/\/kibrisdakik.com\/?p=29346","og_locale":"tr_TR","og_type":"article","og_title":"CTP D\u0130S\u0130 heyetini kabul etti -","og_description":". CTP Genel Merkezi\u2019nde saat 16.00\u2019da ba\u015flayan g\u00f6r\u00fc\u015fmede, Birle\u015fmi\u015f Milletler (BM) Genel Sekreteri\u2019nin ki\u015fisel temsilcisi Maria Angela Holguin Cuellar\u2019\u0131n g\u00f6revine ili\u015fkin ve Rum lider Christodoulides\u2019in a\u00e7\u0131klad\u0131\u011f\u0131 14 maddelik \u00f6nlemlere ili\u015fkin g\u00fcncel konular ele al\u0131nd\u0131. K\u0131br\u0131s \u00e7\u00f6z\u00fcm s\u00fcrecinde devam eden \u00e7\u0131kmaz\u0131n a\u015f\u0131lmas\u0131 ve ilgili BM G\u00fcvenlik Konseyi kararlar\u0131na ba\u011fl\u0131 olarak siyasi e\u015fitli\u011fe dayal\u0131, iki toplumlu ve","og_url":"https:\/\/kibrisdakik.com\/?p=29346","article_published_time":"2024-02-08T07:21:48+00:00","og_image":[{"width":710,"height":370,"url":"https:\/\/kibrisdakik.com\/wp-content\/uploads\/2024\/02\/ctp-disi-heyetini-kabul-etti-1707376405.webp.webp","type":"image\/webp"}],"author":"admin","twitter_card":"summary_large_image","twitter_misc":{"Yazan:":"admin","Tahmini okuma s\u00fcresi":"2 dakika"},"schema":{"@context":"https:\/\/schema.org","@graph":[{"@type":"Article","@id":"https:\/\/kibrisdakik.com\/?p=29346#article","isPartOf":{"@id":"https:\/\/kibrisdakik.com\/?p=29346"},"author":{"name":"admin","@id":"https:\/\/kibrisdakik.com\/#\/schema\/person\/9cd9d437bbb44f72b73ba127e06d8e79"},"headline":"CTP D\u0130S\u0130 heyetini kabul etti","datePublished":"2024-02-08T07:21:48+00:00","mainEntityOfPage":{"@id":"https:\/\/kibrisdakik.com\/?p=29346"},"wordCount":397,"commentCount":0,"image":{"@id":"https:\/\/kibrisdakik.com\/?p=29346#primaryimage"},"thumbnailUrl":"https:\/\/kibrisdakik.com\/wp-content\/uploads\/2024\/02\/ctp-disi-heyetini-kabul-etti-1707376405.webp.webp","articleSection":["G\u00fcndem"],"inLanguage":"tr","potentialAction":[{"@type":"CommentAction","name":"Comment","target":["https:\/\/kibrisdakik.com\/?p=29346#respond"]}]},{"@type":"WebPage","@id":"https:\/\/kibrisdakik.com\/?p=29346","url":"https:\/\/kibrisdakik.com\/?p=29346","name":"CTP D\u0130S\u0130 heyetini kabul etti -","isPartOf":{"@id":"https:\/\/kibrisdakik.com\/#website"},"primaryImageOfPage":{"@id":"https:\/\/kibrisdakik.com\/?p=29346#primaryimage"},"image":{"@id":"https:\/\/kibrisdakik.com\/?p=29346#primaryimage"},"thumbnailUrl":"https:\/\/kibrisdakik.com\/wp-content\/uploads\/2024\/02\/ctp-disi-heyetini-kabul-etti-1707376405.webp.webp","datePublished":"2024-02-08T07:21:48+00:00","author":{"@id":"https:\/\/kibrisdakik.com\/#\/schema\/person\/9cd9d437bbb44f72b73ba127e06d8e79"},"breadcrumb":{"@id":"https:\/\/kibrisdakik.com\/?p=29346#breadcrumb"},"inLanguage":"tr","potentialAction":[{"@type":"ReadAction","target":["https:\/\/kibrisdakik.com\/?p=29346"]}]},{"@type":"ImageObject","inLanguage":"tr","@id":"https:\/\/kibrisdakik.com\/?p=29346#primaryimage","url":"https:\/\/kibrisdakik.com\/wp-content\/uploads\/2024\/02\/ctp-disi-heyetini-kabul-etti-1707376405.webp.webp","contentUrl":"https:\/\/kibrisdakik.com\/wp-content\/uploads\/2024\/02\/ctp-disi-heyetini-kabul-etti-1707376405.webp.webp","width":710,"height":370},{"@type":"BreadcrumbList","@id":"https:\/\/kibrisdakik.com\/?p=29346#breadcrumb","itemListElement":[{"@type":"ListItem","position":1,"name":"Home","item":"https:\/\/kibrisdakik.com\/"},{"@type":"ListItem","position":2,"name":"CTP D\u0130S\u0130 heyetini kabul etti"}]},{"@type":"WebSite","@id":"https:\/\/kibrisdakik.com\/#website","url":"https:\/\/kibrisdakik.com\/","name":"","description":"Tam vaktinde haber","potentialAction":[{"@type":"SearchAction","target":{"@type":"EntryPoint","urlTemplate":"https:\/\/kibrisdakik.com\/?s={search_term_string}"},"query-input":{"@type":"PropertyValueSpecification","valueRequired":true,"valueName":"search_term_string"}}],"inLanguage":"tr"},{"@type":"Person","@id":"https:\/\/kibrisdakik.com\/#\/schema\/person\/9cd9d437bbb44f72b73ba127e06d8e79","name":"admin","image":{"@type":"ImageObject","inLanguage":"tr","@id":"https:\/\/secure.gravatar.com\/avatar\/ccc17943b9d660506c869530f897617f7cb1c21a4bf30023f252596d83e1f007?s=96&d=mm&r=g","url":"https:\/\/secure.gravatar.com\/avatar\/ccc17943b9d660506c869530f897617f7cb1c21a4bf30023f252596d83e1f007?s=96&d=mm&r=g","contentUrl":"https:\/\/secure.gravatar.com\/avatar\/ccc17943b9d660506c869530f897617f7cb1c21a4bf30023f252596d83e1f007?s=96&d=mm&r=g","caption":"admin"},"sameAs":["https:\/\/kibrisdakik.com"],"url":"https:\/\/kibrisdakik.com\/?author=1"}]}},"_links":{"self":[{"href":"https:\/\/kibrisdakik.com\/index.php?rest_route=\/wp\/v2\/posts\/29346","targetHints":{"allow":["GET"]}}],"collection":[{"href":"https:\/\/kibrisdakik.com\/index.php?rest_route=\/wp\/v2\/posts"}],"about":[{"href":"https:\/\/kibrisdakik.com\/index.php?rest_route=\/wp\/v2\/types\/post"}],"author":[{"embeddable":true,"href":"https:\/\/kibrisdakik.com\/index.php?rest_route=\/wp\/v2\/users\/1"}],"replies":[{"embeddable":true,"href":"https:\/\/kibrisdakik.com\/index.php?rest_route=%2Fwp%2Fv2%2Fcomments&post=29346"}],"version-history":[{"count":0,"href":"https:\/\/kibrisdakik.com\/index.php?rest_route=\/wp\/v2\/posts\/29346\/revisions"}],"wp:featuredmedia":[{"embeddable":true,"href":"https:\/\/kibrisdakik.com\/index.php?rest_route=\/wp\/v2\/media\/29347"}],"wp:attachment":[{"href":"https:\/\/kibrisdakik.com\/index.php?rest_route=%2Fwp%2Fv2%2Fmedia&parent=29346"}],"wp:term":[{"taxonomy":"category","embeddable":true,"href":"https:\/\/kibrisdakik.com\/index.php?rest_route=%2Fwp%2Fv2%2Fcategories&post=29346"},{"taxonomy":"post_tag","embeddable":true,"href":"https:\/\/kibrisdakik.com\/index.php?rest_route=%2Fwp%2Fv2%2Ftags&post=29346"}],"curies":[{"name":"wp","href":"https:\/\/api.w.org\/{rel}","templated":true}]}}