{"id":29372,"date":"2024-02-08T09:33:53","date_gmt":"2024-02-08T09:33:53","guid":{"rendered":"https:\/\/kibrisdakik.com\/index.php\/2024\/02\/08\/tatar-uluslararasi-zeytin-mizah-senligi-duzenleme-komitesi-uyelerini-kabul-etti\/"},"modified":"2024-02-08T09:33:53","modified_gmt":"2024-02-08T09:33:53","slug":"tatar-uluslararasi-zeytin-mizah-senligi-duzenleme-komitesi-uyelerini-kabul-etti","status":"publish","type":"post","link":"https:\/\/kibrisdakik.com\/?p=29372","title":{"rendered":"Tatar, Uluslararas\u0131 Zeytin Mizah \u015eenli\u011fi D\u00fczenleme Komitesi \u00fcyelerini kabul etti"},"content":{"rendered":"<p><img decoding=\"async\" src=\"https:\/\/www.kibristurk.com\/images\/haberler\/2024\/02\/tatar-uluslararasi-zeytin-mizah-senligi-duzenleme-komitesi-uyelerini-kabul-etti-1707383980.webp\" \/><\/p>\n<p style=\"text-align:left\"><span style=\"font-size:16px\"><span style=\"font-family:Merriweather,serif !important\"><span style=\"color:#000000\"><span style=\"background-color:#ffffff\">Cumhurba\u015fkanl\u0131\u011f\u0131ndan yap\u0131lan a\u00e7\u0131klamaya g\u00f6re, Cumhurba\u015fkan\u0131 Tatar, komite \u00fcyelerini K\u0131br\u0131s T\u00fcrk mizah k\u00fclt\u00fcr\u00fc ve sanat\u0131na yapmakta olduklar\u0131 katk\u0131lar dolay\u0131s\u0131yla kutlad\u0131.<\/span><\/span><\/span><\/span><\/p>\n<p style=\"text-align:left\"><span style=\"font-size:16px\"><span style=\"font-family:Merriweather,serif !important\"><span style=\"color:#000000\"><span style=\"background-color:#ffffff\">Kabulde, Komite \u00fcyeleri Cumhurba\u015fkan\u0131 Tatar\u2019a Uluslararas\u0131 Zeytin Mizah \u015eenli\u011fi 11. Uluslararas\u0131 Karikat\u00fcr Yar\u0131\u015fmas\u0131 Alb\u00fcm\u00fc\u2019n\u00fc takdim ederek, Zeytinlik k\u00f6y\u00fcnde d\u00fczenlenen Uluslararas\u0131 Zeytin Festivali ziyareti kapsam\u0131nda Uluslararas\u0131 Zeytin Karikat\u00fcrleri stand\u0131n\u0131 da ziyaret etmesi vesilesiyle kendisine iade-i ziyaret ger\u00e7ekle\u015ftirdiklerini ve Komite \u00e7al\u0131\u015fmalar\u0131 hakk\u0131nda bilgi aktard\u0131klar\u0131n\u0131 belirtti.<\/span><\/span><\/span><\/span><\/p>\n","protected":false},"excerpt":{"rendered":"<p>Cumhurba\u015fkanl\u0131\u011f\u0131ndan yap\u0131lan a\u00e7\u0131klamaya g\u00f6re, Cumhurba\u015fkan\u0131 Tatar, komite \u00fcyelerini K\u0131br\u0131s T\u00fcrk mizah k\u00fclt\u00fcr\u00fc ve sanat\u0131na yapmakta olduklar\u0131 katk\u0131lar dolay\u0131s\u0131yla kutlad\u0131. Kabulde, Komite \u00fcyeleri Cumhurba\u015fkan\u0131 Tatar\u2019a Uluslararas\u0131 Zeytin Mizah \u015eenli\u011fi 11. Uluslararas\u0131 Karikat\u00fcr Yar\u0131\u015fmas\u0131 Alb\u00fcm\u00fc\u2019n\u00fc takdim ederek, Zeytinlik k\u00f6y\u00fcnde d\u00fczenlenen Uluslararas\u0131 Zeytin Festivali ziyareti kapsam\u0131nda Uluslararas\u0131 Zeytin Karikat\u00fcrleri stand\u0131n\u0131 da ziyaret etmesi vesilesiyle kendisine iade-i ziyaret ger\u00e7ekle\u015ftirdiklerini<\/p>\n","protected":false},"author":1,"featured_media":29373,"comment_status":"open","ping_status":"open","sticky":false,"template":"","format":"standard","meta":{"footnotes":""},"categories":[79],"tags":[],"class_list":["post-29372","post","type-post","status-publish","format-standard","has-post-thumbnail","hentry","category-ekonomi"],"yoast_head":"<!-- This site is optimized with the Yoast SEO plugin v27.5 - https:\/\/yoast.com\/product\/yoast-seo-wordpress\/ -->\n<title>Tatar, Uluslararas\u0131 Zeytin Mizah \u015eenli\u011fi D\u00fczenleme Komitesi \u00fcyelerini kabul etti -<\/title>\n<meta name=\"robots\" content=\"index, follow, max-snippet:-1, max-image-preview:large, max-video-preview:-1\" \/>\n<link rel=\"canonical\" href=\"https:\/\/kibrisdakik.com\/?p=29372\" \/>\n<meta property=\"og:locale\" content=\"tr_TR\" \/>\n<meta property=\"og:type\" content=\"article\" \/>\n<meta property=\"og:title\" content=\"Tatar, Uluslararas\u0131 Zeytin Mizah \u015eenli\u011fi D\u00fczenleme Komitesi \u00fcyelerini kabul etti -\" \/>\n<meta property=\"og:description\" content=\"Cumhurba\u015fkanl\u0131\u011f\u0131ndan yap\u0131lan a\u00e7\u0131klamaya g\u00f6re, Cumhurba\u015fkan\u0131 Tatar, komite \u00fcyelerini K\u0131br\u0131s T\u00fcrk mizah k\u00fclt\u00fcr\u00fc ve sanat\u0131na yapmakta olduklar\u0131 katk\u0131lar dolay\u0131s\u0131yla kutlad\u0131. Kabulde, Komite \u00fcyeleri Cumhurba\u015fkan\u0131 Tatar\u2019a Uluslararas\u0131 Zeytin Mizah \u015eenli\u011fi 11. Uluslararas\u0131 Karikat\u00fcr Yar\u0131\u015fmas\u0131 Alb\u00fcm\u00fc\u2019n\u00fc takdim ederek, Zeytinlik k\u00f6y\u00fcnde d\u00fczenlenen Uluslararas\u0131 Zeytin Festivali ziyareti kapsam\u0131nda Uluslararas\u0131 Zeytin Karikat\u00fcrleri stand\u0131n\u0131 da ziyaret etmesi vesilesiyle kendisine iade-i ziyaret ger\u00e7ekle\u015ftirdiklerini\" \/>\n<meta property=\"og:url\" content=\"https:\/\/kibrisdakik.com\/?p=29372\" \/>\n<meta property=\"article:published_time\" content=\"2024-02-08T09:33:53+00:00\" \/>\n<meta property=\"og:image\" content=\"https:\/\/kibrisdakik.com\/wp-content\/uploads\/2024\/02\/tatar-uluslararasi-zeytin-mizah-senligi-duzenleme-komitesi-uyelerini-kabul-etti-1707383980.webp.webp\" \/>\n\t<meta property=\"og:image:width\" content=\"710\" \/>\n\t<meta property=\"og:image:height\" content=\"370\" \/>\n\t<meta property=\"og:image:type\" content=\"image\/webp\" \/>\n<meta name=\"author\" content=\"admin\" \/>\n<meta name=\"twitter:card\" content=\"summary_large_image\" \/>\n<meta name=\"twitter:label1\" content=\"Yazan:\" \/>\n\t<meta name=\"twitter:data1\" content=\"admin\" \/>\n<script type=\"application\/ld+json\" class=\"yoast-schema-graph\">{\"@context\":\"https:\\\/\\\/schema.org\",\"@graph\":[{\"@type\":\"Article\",\"@id\":\"https:\\\/\\\/kibrisdakik.com\\\/?p=29372#article\",\"isPartOf\":{\"@id\":\"https:\\\/\\\/kibrisdakik.com\\\/?p=29372\"},\"author\":{\"name\":\"admin\",\"@id\":\"https:\\\/\\\/kibrisdakik.com\\\/#\\\/schema\\\/person\\\/9cd9d437bbb44f72b73ba127e06d8e79\"},\"headline\":\"Tatar, Uluslararas\u0131 Zeytin Mizah \u015eenli\u011fi D\u00fczenleme Komitesi \u00fcyelerini kabul etti\",\"datePublished\":\"2024-02-08T09:33:53+00:00\",\"mainEntityOfPage\":{\"@id\":\"https:\\\/\\\/kibrisdakik.com\\\/?p=29372\"},\"wordCount\":107,\"commentCount\":0,\"image\":{\"@id\":\"https:\\\/\\\/kibrisdakik.com\\\/?p=29372#primaryimage\"},\"thumbnailUrl\":\"https:\\\/\\\/kibrisdakik.com\\\/wp-content\\\/uploads\\\/2024\\\/02\\\/tatar-uluslararasi-zeytin-mizah-senligi-duzenleme-komitesi-uyelerini-kabul-etti-1707383980.webp.webp\",\"articleSection\":[\"Ekonomi\"],\"inLanguage\":\"tr\",\"potentialAction\":[{\"@type\":\"CommentAction\",\"name\":\"Comment\",\"target\":[\"https:\\\/\\\/kibrisdakik.com\\\/?p=29372#respond\"]}]},{\"@type\":\"WebPage\",\"@id\":\"https:\\\/\\\/kibrisdakik.com\\\/?p=29372\",\"url\":\"https:\\\/\\\/kibrisdakik.com\\\/?p=29372\",\"name\":\"Tatar, Uluslararas\u0131 Zeytin Mizah \u015eenli\u011fi D\u00fczenleme Komitesi \u00fcyelerini kabul etti -\",\"isPartOf\":{\"@id\":\"https:\\\/\\\/kibrisdakik.com\\\/#website\"},\"primaryImageOfPage\":{\"@id\":\"https:\\\/\\\/kibrisdakik.com\\\/?p=29372#primaryimage\"},\"image\":{\"@id\":\"https:\\\/\\\/kibrisdakik.com\\\/?p=29372#primaryimage\"},\"thumbnailUrl\":\"https:\\\/\\\/kibrisdakik.com\\\/wp-content\\\/uploads\\\/2024\\\/02\\\/tatar-uluslararasi-zeytin-mizah-senligi-duzenleme-komitesi-uyelerini-kabul-etti-1707383980.webp.webp\",\"datePublished\":\"2024-02-08T09:33:53+00:00\",\"author\":{\"@id\":\"https:\\\/\\\/kibrisdakik.com\\\/#\\\/schema\\\/person\\\/9cd9d437bbb44f72b73ba127e06d8e79\"},\"breadcrumb\":{\"@id\":\"https:\\\/\\\/kibrisdakik.com\\\/?p=29372#breadcrumb\"},\"inLanguage\":\"tr\",\"potentialAction\":[{\"@type\":\"ReadAction\",\"target\":[\"https:\\\/\\\/kibrisdakik.com\\\/?p=29372\"]}]},{\"@type\":\"ImageObject\",\"inLanguage\":\"tr\",\"@id\":\"https:\\\/\\\/kibrisdakik.com\\\/?p=29372#primaryimage\",\"url\":\"https:\\\/\\\/kibrisdakik.com\\\/wp-content\\\/uploads\\\/2024\\\/02\\\/tatar-uluslararasi-zeytin-mizah-senligi-duzenleme-komitesi-uyelerini-kabul-etti-1707383980.webp.webp\",\"contentUrl\":\"https:\\\/\\\/kibrisdakik.com\\\/wp-content\\\/uploads\\\/2024\\\/02\\\/tatar-uluslararasi-zeytin-mizah-senligi-duzenleme-komitesi-uyelerini-kabul-etti-1707383980.webp.webp\",\"width\":710,\"height\":370},{\"@type\":\"BreadcrumbList\",\"@id\":\"https:\\\/\\\/kibrisdakik.com\\\/?p=29372#breadcrumb\",\"itemListElement\":[{\"@type\":\"ListItem\",\"position\":1,\"name\":\"Home\",\"item\":\"https:\\\/\\\/kibrisdakik.com\\\/\"},{\"@type\":\"ListItem\",\"position\":2,\"name\":\"Tatar, Uluslararas\u0131 Zeytin Mizah \u015eenli\u011fi D\u00fczenleme Komitesi \u00fcyelerini kabul etti\"}]},{\"@type\":\"WebSite\",\"@id\":\"https:\\\/\\\/kibrisdakik.com\\\/#website\",\"url\":\"https:\\\/\\\/kibrisdakik.com\\\/\",\"name\":\"\",\"description\":\"Tam vaktinde haber\",\"potentialAction\":[{\"@type\":\"SearchAction\",\"target\":{\"@type\":\"EntryPoint\",\"urlTemplate\":\"https:\\\/\\\/kibrisdakik.com\\\/?s={search_term_string}\"},\"query-input\":{\"@type\":\"PropertyValueSpecification\",\"valueRequired\":true,\"valueName\":\"search_term_string\"}}],\"inLanguage\":\"tr\"},{\"@type\":\"Person\",\"@id\":\"https:\\\/\\\/kibrisdakik.com\\\/#\\\/schema\\\/person\\\/9cd9d437bbb44f72b73ba127e06d8e79\",\"name\":\"admin\",\"image\":{\"@type\":\"ImageObject\",\"inLanguage\":\"tr\",\"@id\":\"https:\\\/\\\/secure.gravatar.com\\\/avatar\\\/ccc17943b9d660506c869530f897617f7cb1c21a4bf30023f252596d83e1f007?s=96&d=mm&r=g\",\"url\":\"https:\\\/\\\/secure.gravatar.com\\\/avatar\\\/ccc17943b9d660506c869530f897617f7cb1c21a4bf30023f252596d83e1f007?s=96&d=mm&r=g\",\"contentUrl\":\"https:\\\/\\\/secure.gravatar.com\\\/avatar\\\/ccc17943b9d660506c869530f897617f7cb1c21a4bf30023f252596d83e1f007?s=96&d=mm&r=g\",\"caption\":\"admin\"},\"sameAs\":[\"https:\\\/\\\/kibrisdakik.com\"],\"url\":\"https:\\\/\\\/kibrisdakik.com\\\/?author=1\"}]}<\/script>\n<!-- \/ Yoast SEO plugin. -->","yoast_head_json":{"title":"Tatar, Uluslararas\u0131 Zeytin Mizah \u015eenli\u011fi D\u00fczenleme Komitesi \u00fcyelerini kabul etti -","robots":{"index":"index","follow":"follow","max-snippet":"max-snippet:-1","max-image-preview":"max-image-preview:large","max-video-preview":"max-video-preview:-1"},"canonical":"https:\/\/kibrisdakik.com\/?p=29372","og_locale":"tr_TR","og_type":"article","og_title":"Tatar, Uluslararas\u0131 Zeytin Mizah \u015eenli\u011fi D\u00fczenleme Komitesi \u00fcyelerini kabul etti -","og_description":"Cumhurba\u015fkanl\u0131\u011f\u0131ndan yap\u0131lan a\u00e7\u0131klamaya g\u00f6re, Cumhurba\u015fkan\u0131 Tatar, komite \u00fcyelerini K\u0131br\u0131s T\u00fcrk mizah k\u00fclt\u00fcr\u00fc ve sanat\u0131na yapmakta olduklar\u0131 katk\u0131lar dolay\u0131s\u0131yla kutlad\u0131. Kabulde, Komite \u00fcyeleri Cumhurba\u015fkan\u0131 Tatar\u2019a Uluslararas\u0131 Zeytin Mizah \u015eenli\u011fi 11. Uluslararas\u0131 Karikat\u00fcr Yar\u0131\u015fmas\u0131 Alb\u00fcm\u00fc\u2019n\u00fc takdim ederek, Zeytinlik k\u00f6y\u00fcnde d\u00fczenlenen Uluslararas\u0131 Zeytin Festivali ziyareti kapsam\u0131nda Uluslararas\u0131 Zeytin Karikat\u00fcrleri stand\u0131n\u0131 da ziyaret etmesi vesilesiyle kendisine iade-i ziyaret ger\u00e7ekle\u015ftirdiklerini","og_url":"https:\/\/kibrisdakik.com\/?p=29372","article_published_time":"2024-02-08T09:33:53+00:00","og_image":[{"width":710,"height":370,"url":"https:\/\/kibrisdakik.com\/wp-content\/uploads\/2024\/02\/tatar-uluslararasi-zeytin-mizah-senligi-duzenleme-komitesi-uyelerini-kabul-etti-1707383980.webp.webp","type":"image\/webp"}],"author":"admin","twitter_card":"summary_large_image","twitter_misc":{"Yazan:":"admin"},"schema":{"@context":"https:\/\/schema.org","@graph":[{"@type":"Article","@id":"https:\/\/kibrisdakik.com\/?p=29372#article","isPartOf":{"@id":"https:\/\/kibrisdakik.com\/?p=29372"},"author":{"name":"admin","@id":"https:\/\/kibrisdakik.com\/#\/schema\/person\/9cd9d437bbb44f72b73ba127e06d8e79"},"headline":"Tatar, Uluslararas\u0131 Zeytin Mizah \u015eenli\u011fi D\u00fczenleme Komitesi \u00fcyelerini kabul etti","datePublished":"2024-02-08T09:33:53+00:00","mainEntityOfPage":{"@id":"https:\/\/kibrisdakik.com\/?p=29372"},"wordCount":107,"commentCount":0,"image":{"@id":"https:\/\/kibrisdakik.com\/?p=29372#primaryimage"},"thumbnailUrl":"https:\/\/kibrisdakik.com\/wp-content\/uploads\/2024\/02\/tatar-uluslararasi-zeytin-mizah-senligi-duzenleme-komitesi-uyelerini-kabul-etti-1707383980.webp.webp","articleSection":["Ekonomi"],"inLanguage":"tr","potentialAction":[{"@type":"CommentAction","name":"Comment","target":["https:\/\/kibrisdakik.com\/?p=29372#respond"]}]},{"@type":"WebPage","@id":"https:\/\/kibrisdakik.com\/?p=29372","url":"https:\/\/kibrisdakik.com\/?p=29372","name":"Tatar, Uluslararas\u0131 Zeytin Mizah \u015eenli\u011fi D\u00fczenleme Komitesi \u00fcyelerini kabul etti -","isPartOf":{"@id":"https:\/\/kibrisdakik.com\/#website"},"primaryImageOfPage":{"@id":"https:\/\/kibrisdakik.com\/?p=29372#primaryimage"},"image":{"@id":"https:\/\/kibrisdakik.com\/?p=29372#primaryimage"},"thumbnailUrl":"https:\/\/kibrisdakik.com\/wp-content\/uploads\/2024\/02\/tatar-uluslararasi-zeytin-mizah-senligi-duzenleme-komitesi-uyelerini-kabul-etti-1707383980.webp.webp","datePublished":"2024-02-08T09:33:53+00:00","author":{"@id":"https:\/\/kibrisdakik.com\/#\/schema\/person\/9cd9d437bbb44f72b73ba127e06d8e79"},"breadcrumb":{"@id":"https:\/\/kibrisdakik.com\/?p=29372#breadcrumb"},"inLanguage":"tr","potentialAction":[{"@type":"ReadAction","target":["https:\/\/kibrisdakik.com\/?p=29372"]}]},{"@type":"ImageObject","inLanguage":"tr","@id":"https:\/\/kibrisdakik.com\/?p=29372#primaryimage","url":"https:\/\/kibrisdakik.com\/wp-content\/uploads\/2024\/02\/tatar-uluslararasi-zeytin-mizah-senligi-duzenleme-komitesi-uyelerini-kabul-etti-1707383980.webp.webp","contentUrl":"https:\/\/kibrisdakik.com\/wp-content\/uploads\/2024\/02\/tatar-uluslararasi-zeytin-mizah-senligi-duzenleme-komitesi-uyelerini-kabul-etti-1707383980.webp.webp","width":710,"height":370},{"@type":"BreadcrumbList","@id":"https:\/\/kibrisdakik.com\/?p=29372#breadcrumb","itemListElement":[{"@type":"ListItem","position":1,"name":"Home","item":"https:\/\/kibrisdakik.com\/"},{"@type":"ListItem","position":2,"name":"Tatar, Uluslararas\u0131 Zeytin Mizah \u015eenli\u011fi D\u00fczenleme Komitesi \u00fcyelerini kabul etti"}]},{"@type":"WebSite","@id":"https:\/\/kibrisdakik.com\/#website","url":"https:\/\/kibrisdakik.com\/","name":"","description":"Tam vaktinde haber","potentialAction":[{"@type":"SearchAction","target":{"@type":"EntryPoint","urlTemplate":"https:\/\/kibrisdakik.com\/?s={search_term_string}"},"query-input":{"@type":"PropertyValueSpecification","valueRequired":true,"valueName":"search_term_string"}}],"inLanguage":"tr"},{"@type":"Person","@id":"https:\/\/kibrisdakik.com\/#\/schema\/person\/9cd9d437bbb44f72b73ba127e06d8e79","name":"admin","image":{"@type":"ImageObject","inLanguage":"tr","@id":"https:\/\/secure.gravatar.com\/avatar\/ccc17943b9d660506c869530f897617f7cb1c21a4bf30023f252596d83e1f007?s=96&d=mm&r=g","url":"https:\/\/secure.gravatar.com\/avatar\/ccc17943b9d660506c869530f897617f7cb1c21a4bf30023f252596d83e1f007?s=96&d=mm&r=g","contentUrl":"https:\/\/secure.gravatar.com\/avatar\/ccc17943b9d660506c869530f897617f7cb1c21a4bf30023f252596d83e1f007?s=96&d=mm&r=g","caption":"admin"},"sameAs":["https:\/\/kibrisdakik.com"],"url":"https:\/\/kibrisdakik.com\/?author=1"}]}},"_links":{"self":[{"href":"https:\/\/kibrisdakik.com\/index.php?rest_route=\/wp\/v2\/posts\/29372","targetHints":{"allow":["GET"]}}],"collection":[{"href":"https:\/\/kibrisdakik.com\/index.php?rest_route=\/wp\/v2\/posts"}],"about":[{"href":"https:\/\/kibrisdakik.com\/index.php?rest_route=\/wp\/v2\/types\/post"}],"author":[{"embeddable":true,"href":"https:\/\/kibrisdakik.com\/index.php?rest_route=\/wp\/v2\/users\/1"}],"replies":[{"embeddable":true,"href":"https:\/\/kibrisdakik.com\/index.php?rest_route=%2Fwp%2Fv2%2Fcomments&post=29372"}],"version-history":[{"count":0,"href":"https:\/\/kibrisdakik.com\/index.php?rest_route=\/wp\/v2\/posts\/29372\/revisions"}],"wp:featuredmedia":[{"embeddable":true,"href":"https:\/\/kibrisdakik.com\/index.php?rest_route=\/wp\/v2\/media\/29373"}],"wp:attachment":[{"href":"https:\/\/kibrisdakik.com\/index.php?rest_route=%2Fwp%2Fv2%2Fmedia&parent=29372"}],"wp:term":[{"taxonomy":"category","embeddable":true,"href":"https:\/\/kibrisdakik.com\/index.php?rest_route=%2Fwp%2Fv2%2Fcategories&post=29372"},{"taxonomy":"post_tag","embeddable":true,"href":"https:\/\/kibrisdakik.com\/index.php?rest_route=%2Fwp%2Fv2%2Ftags&post=29372"}],"curies":[{"name":"wp","href":"https:\/\/api.w.org\/{rel}","templated":true}]}}