{"id":29378,"date":"2024-02-08T10:24:54","date_gmt":"2024-02-08T10:24:54","guid":{"rendered":"https:\/\/kibrisdakik.com\/index.php\/2024\/02\/08\/cumhurbaskani-tatar-engelliler-dayanisma-dernegi-heyetini-kabul-etti\/"},"modified":"2024-02-08T10:24:54","modified_gmt":"2024-02-08T10:24:54","slug":"cumhurbaskani-tatar-engelliler-dayanisma-dernegi-heyetini-kabul-etti","status":"publish","type":"post","link":"https:\/\/kibrisdakik.com\/?p=29378","title":{"rendered":"Cumhurba\u015fkan\u0131 Tatar, Engelliler Dayan\u0131\u015fma Derne\u011fi heyetini kabul etti"},"content":{"rendered":"<p><img decoding=\"async\" src=\"https:\/\/www.kibristurk.com\/images\/haberler\/2024\/02\/cumhurbaskani-tatar-engelliler-dayanisma-dernegi-heyetini-kabul-etti-1707386061.webp\" \/><\/p>\n<p style=\"text-align:left\"><span style=\"font-size:16px\"><span style=\"font-family:Merriweather,serif !important\"><span style=\"color:#000000\"><span style=\"background-color:#ffffff\">Cumhurba\u015fknl\u0131\u011f\u0131\u2019ndan yap\u0131lan a\u00e7\u0131klamaya g\u00f6re, Cumhurba\u015fkan\u0131 Tatar kabuldeki konu\u015fmas\u0131nda, \u00d6mer Suay\u2019\u0131n ortaya koydu\u011fu \u00e7aba ve derne\u011fin y\u00fcr\u00fctt\u00fc\u011f\u00fc \u00e7al\u0131\u015fmalar\u0131 takip etti\u011fini belirterek, t\u00fcm \u00fcyelere sa\u011fl\u0131k ve ba\u015far\u0131 diledi.<\/span><\/span><\/span><\/span><\/p>\n<p style=\"text-align:left\"><span style=\"font-size:16px\"><span style=\"font-family:Merriweather,serif !important\"><span style=\"color:#000000\"><span style=\"background-color:#ffffff\">G\u00f6rme engellilere y\u00f6nelik projelerin de ele al\u0131nd\u0131\u011f\u0131 g\u00f6r\u00fc\u015fmede, Cumhurba\u015fkanl\u0131\u011f\u0131 Engelliler Komitesi Ba\u015fkan\u0131 Ahmet Akdeniz ve Cumhurba\u015fkanl\u0131\u011f\u0131 Sivil Toplum \u00d6rg\u00fctleri \u0130leti\u015fim Koordinat\u00f6r\u00fc Latif Ak\u00e7a da haz\u0131r bulundu.<\/span><\/span><\/span><\/span><\/p>\n","protected":false},"excerpt":{"rendered":"<p>Cumhurba\u015fknl\u0131\u011f\u0131\u2019ndan yap\u0131lan a\u00e7\u0131klamaya g\u00f6re, Cumhurba\u015fkan\u0131 Tatar kabuldeki konu\u015fmas\u0131nda, \u00d6mer Suay\u2019\u0131n ortaya koydu\u011fu \u00e7aba ve derne\u011fin y\u00fcr\u00fctt\u00fc\u011f\u00fc \u00e7al\u0131\u015fmalar\u0131 takip etti\u011fini belirterek, t\u00fcm \u00fcyelere sa\u011fl\u0131k ve ba\u015far\u0131 diledi. G\u00f6rme engellilere y\u00f6nelik projelerin de ele al\u0131nd\u0131\u011f\u0131 g\u00f6r\u00fc\u015fmede, Cumhurba\u015fkanl\u0131\u011f\u0131 Engelliler Komitesi Ba\u015fkan\u0131 Ahmet Akdeniz ve Cumhurba\u015fkanl\u0131\u011f\u0131 Sivil Toplum \u00d6rg\u00fctleri \u0130leti\u015fim Koordinat\u00f6r\u00fc Latif Ak\u00e7a da haz\u0131r bulundu.<\/p>\n","protected":false},"author":1,"featured_media":29379,"comment_status":"open","ping_status":"open","sticky":false,"template":"","format":"standard","meta":{"footnotes":""},"categories":[1],"tags":[],"class_list":["post-29378","post","type-post","status-publish","format-standard","has-post-thumbnail","hentry","category-gundem"],"yoast_head":"<!-- This site is optimized with the Yoast SEO plugin v27.5 - https:\/\/yoast.com\/product\/yoast-seo-wordpress\/ -->\n<title>Cumhurba\u015fkan\u0131 Tatar, Engelliler Dayan\u0131\u015fma Derne\u011fi heyetini kabul etti -<\/title>\n<meta name=\"robots\" content=\"index, follow, max-snippet:-1, max-image-preview:large, max-video-preview:-1\" \/>\n<link rel=\"canonical\" href=\"https:\/\/kibrisdakik.com\/?p=29378\" \/>\n<meta property=\"og:locale\" content=\"tr_TR\" \/>\n<meta property=\"og:type\" content=\"article\" \/>\n<meta property=\"og:title\" content=\"Cumhurba\u015fkan\u0131 Tatar, Engelliler Dayan\u0131\u015fma Derne\u011fi heyetini kabul etti -\" \/>\n<meta property=\"og:description\" content=\"Cumhurba\u015fknl\u0131\u011f\u0131\u2019ndan yap\u0131lan a\u00e7\u0131klamaya g\u00f6re, Cumhurba\u015fkan\u0131 Tatar kabuldeki konu\u015fmas\u0131nda, \u00d6mer Suay\u2019\u0131n ortaya koydu\u011fu \u00e7aba ve derne\u011fin y\u00fcr\u00fctt\u00fc\u011f\u00fc \u00e7al\u0131\u015fmalar\u0131 takip etti\u011fini belirterek, t\u00fcm \u00fcyelere sa\u011fl\u0131k ve ba\u015far\u0131 diledi. G\u00f6rme engellilere y\u00f6nelik projelerin de ele al\u0131nd\u0131\u011f\u0131 g\u00f6r\u00fc\u015fmede, Cumhurba\u015fkanl\u0131\u011f\u0131 Engelliler Komitesi Ba\u015fkan\u0131 Ahmet Akdeniz ve Cumhurba\u015fkanl\u0131\u011f\u0131 Sivil Toplum \u00d6rg\u00fctleri \u0130leti\u015fim Koordinat\u00f6r\u00fc Latif Ak\u00e7a da haz\u0131r bulundu.\" \/>\n<meta property=\"og:url\" content=\"https:\/\/kibrisdakik.com\/?p=29378\" \/>\n<meta property=\"article:published_time\" content=\"2024-02-08T10:24:54+00:00\" \/>\n<meta property=\"og:image\" content=\"https:\/\/kibrisdakik.com\/wp-content\/uploads\/2024\/02\/cumhurbaskani-tatar-engelliler-dayanisma-dernegi-heyetini-kabul-etti-1707386061.webp.webp\" \/>\n\t<meta property=\"og:image:width\" content=\"710\" \/>\n\t<meta property=\"og:image:height\" content=\"370\" \/>\n\t<meta property=\"og:image:type\" content=\"image\/webp\" \/>\n<meta name=\"author\" content=\"admin\" \/>\n<meta name=\"twitter:card\" content=\"summary_large_image\" \/>\n<meta name=\"twitter:label1\" content=\"Yazan:\" \/>\n\t<meta name=\"twitter:data1\" content=\"admin\" \/>\n<script type=\"application\/ld+json\" class=\"yoast-schema-graph\">{\"@context\":\"https:\\\/\\\/schema.org\",\"@graph\":[{\"@type\":\"Article\",\"@id\":\"https:\\\/\\\/kibrisdakik.com\\\/?p=29378#article\",\"isPartOf\":{\"@id\":\"https:\\\/\\\/kibrisdakik.com\\\/?p=29378\"},\"author\":{\"name\":\"admin\",\"@id\":\"https:\\\/\\\/kibrisdakik.com\\\/#\\\/schema\\\/person\\\/9cd9d437bbb44f72b73ba127e06d8e79\"},\"headline\":\"Cumhurba\u015fkan\u0131 Tatar, Engelliler Dayan\u0131\u015fma Derne\u011fi heyetini kabul etti\",\"datePublished\":\"2024-02-08T10:24:54+00:00\",\"mainEntityOfPage\":{\"@id\":\"https:\\\/\\\/kibrisdakik.com\\\/?p=29378\"},\"wordCount\":95,\"commentCount\":0,\"image\":{\"@id\":\"https:\\\/\\\/kibrisdakik.com\\\/?p=29378#primaryimage\"},\"thumbnailUrl\":\"https:\\\/\\\/kibrisdakik.com\\\/wp-content\\\/uploads\\\/2024\\\/02\\\/cumhurbaskani-tatar-engelliler-dayanisma-dernegi-heyetini-kabul-etti-1707386061.webp.webp\",\"articleSection\":[\"G\u00fcndem\"],\"inLanguage\":\"tr\",\"potentialAction\":[{\"@type\":\"CommentAction\",\"name\":\"Comment\",\"target\":[\"https:\\\/\\\/kibrisdakik.com\\\/?p=29378#respond\"]}]},{\"@type\":\"WebPage\",\"@id\":\"https:\\\/\\\/kibrisdakik.com\\\/?p=29378\",\"url\":\"https:\\\/\\\/kibrisdakik.com\\\/?p=29378\",\"name\":\"Cumhurba\u015fkan\u0131 Tatar, Engelliler Dayan\u0131\u015fma Derne\u011fi heyetini kabul etti -\",\"isPartOf\":{\"@id\":\"https:\\\/\\\/kibrisdakik.com\\\/#website\"},\"primaryImageOfPage\":{\"@id\":\"https:\\\/\\\/kibrisdakik.com\\\/?p=29378#primaryimage\"},\"image\":{\"@id\":\"https:\\\/\\\/kibrisdakik.com\\\/?p=29378#primaryimage\"},\"thumbnailUrl\":\"https:\\\/\\\/kibrisdakik.com\\\/wp-content\\\/uploads\\\/2024\\\/02\\\/cumhurbaskani-tatar-engelliler-dayanisma-dernegi-heyetini-kabul-etti-1707386061.webp.webp\",\"datePublished\":\"2024-02-08T10:24:54+00:00\",\"author\":{\"@id\":\"https:\\\/\\\/kibrisdakik.com\\\/#\\\/schema\\\/person\\\/9cd9d437bbb44f72b73ba127e06d8e79\"},\"breadcrumb\":{\"@id\":\"https:\\\/\\\/kibrisdakik.com\\\/?p=29378#breadcrumb\"},\"inLanguage\":\"tr\",\"potentialAction\":[{\"@type\":\"ReadAction\",\"target\":[\"https:\\\/\\\/kibrisdakik.com\\\/?p=29378\"]}]},{\"@type\":\"ImageObject\",\"inLanguage\":\"tr\",\"@id\":\"https:\\\/\\\/kibrisdakik.com\\\/?p=29378#primaryimage\",\"url\":\"https:\\\/\\\/kibrisdakik.com\\\/wp-content\\\/uploads\\\/2024\\\/02\\\/cumhurbaskani-tatar-engelliler-dayanisma-dernegi-heyetini-kabul-etti-1707386061.webp.webp\",\"contentUrl\":\"https:\\\/\\\/kibrisdakik.com\\\/wp-content\\\/uploads\\\/2024\\\/02\\\/cumhurbaskani-tatar-engelliler-dayanisma-dernegi-heyetini-kabul-etti-1707386061.webp.webp\",\"width\":710,\"height\":370},{\"@type\":\"BreadcrumbList\",\"@id\":\"https:\\\/\\\/kibrisdakik.com\\\/?p=29378#breadcrumb\",\"itemListElement\":[{\"@type\":\"ListItem\",\"position\":1,\"name\":\"Home\",\"item\":\"https:\\\/\\\/kibrisdakik.com\\\/\"},{\"@type\":\"ListItem\",\"position\":2,\"name\":\"Cumhurba\u015fkan\u0131 Tatar, Engelliler Dayan\u0131\u015fma Derne\u011fi heyetini kabul etti\"}]},{\"@type\":\"WebSite\",\"@id\":\"https:\\\/\\\/kibrisdakik.com\\\/#website\",\"url\":\"https:\\\/\\\/kibrisdakik.com\\\/\",\"name\":\"\",\"description\":\"Tam vaktinde haber\",\"potentialAction\":[{\"@type\":\"SearchAction\",\"target\":{\"@type\":\"EntryPoint\",\"urlTemplate\":\"https:\\\/\\\/kibrisdakik.com\\\/?s={search_term_string}\"},\"query-input\":{\"@type\":\"PropertyValueSpecification\",\"valueRequired\":true,\"valueName\":\"search_term_string\"}}],\"inLanguage\":\"tr\"},{\"@type\":\"Person\",\"@id\":\"https:\\\/\\\/kibrisdakik.com\\\/#\\\/schema\\\/person\\\/9cd9d437bbb44f72b73ba127e06d8e79\",\"name\":\"admin\",\"image\":{\"@type\":\"ImageObject\",\"inLanguage\":\"tr\",\"@id\":\"https:\\\/\\\/secure.gravatar.com\\\/avatar\\\/ccc17943b9d660506c869530f897617f7cb1c21a4bf30023f252596d83e1f007?s=96&d=mm&r=g\",\"url\":\"https:\\\/\\\/secure.gravatar.com\\\/avatar\\\/ccc17943b9d660506c869530f897617f7cb1c21a4bf30023f252596d83e1f007?s=96&d=mm&r=g\",\"contentUrl\":\"https:\\\/\\\/secure.gravatar.com\\\/avatar\\\/ccc17943b9d660506c869530f897617f7cb1c21a4bf30023f252596d83e1f007?s=96&d=mm&r=g\",\"caption\":\"admin\"},\"sameAs\":[\"https:\\\/\\\/kibrisdakik.com\"],\"url\":\"https:\\\/\\\/kibrisdakik.com\\\/?author=1\"}]}<\/script>\n<!-- \/ Yoast SEO plugin. -->","yoast_head_json":{"title":"Cumhurba\u015fkan\u0131 Tatar, Engelliler Dayan\u0131\u015fma Derne\u011fi heyetini kabul etti -","robots":{"index":"index","follow":"follow","max-snippet":"max-snippet:-1","max-image-preview":"max-image-preview:large","max-video-preview":"max-video-preview:-1"},"canonical":"https:\/\/kibrisdakik.com\/?p=29378","og_locale":"tr_TR","og_type":"article","og_title":"Cumhurba\u015fkan\u0131 Tatar, Engelliler Dayan\u0131\u015fma Derne\u011fi heyetini kabul etti -","og_description":"Cumhurba\u015fknl\u0131\u011f\u0131\u2019ndan yap\u0131lan a\u00e7\u0131klamaya g\u00f6re, Cumhurba\u015fkan\u0131 Tatar kabuldeki konu\u015fmas\u0131nda, \u00d6mer Suay\u2019\u0131n ortaya koydu\u011fu \u00e7aba ve derne\u011fin y\u00fcr\u00fctt\u00fc\u011f\u00fc \u00e7al\u0131\u015fmalar\u0131 takip etti\u011fini belirterek, t\u00fcm \u00fcyelere sa\u011fl\u0131k ve ba\u015far\u0131 diledi. G\u00f6rme engellilere y\u00f6nelik projelerin de ele al\u0131nd\u0131\u011f\u0131 g\u00f6r\u00fc\u015fmede, Cumhurba\u015fkanl\u0131\u011f\u0131 Engelliler Komitesi Ba\u015fkan\u0131 Ahmet Akdeniz ve Cumhurba\u015fkanl\u0131\u011f\u0131 Sivil Toplum \u00d6rg\u00fctleri \u0130leti\u015fim Koordinat\u00f6r\u00fc Latif Ak\u00e7a da haz\u0131r bulundu.","og_url":"https:\/\/kibrisdakik.com\/?p=29378","article_published_time":"2024-02-08T10:24:54+00:00","og_image":[{"width":710,"height":370,"url":"https:\/\/kibrisdakik.com\/wp-content\/uploads\/2024\/02\/cumhurbaskani-tatar-engelliler-dayanisma-dernegi-heyetini-kabul-etti-1707386061.webp.webp","type":"image\/webp"}],"author":"admin","twitter_card":"summary_large_image","twitter_misc":{"Yazan:":"admin"},"schema":{"@context":"https:\/\/schema.org","@graph":[{"@type":"Article","@id":"https:\/\/kibrisdakik.com\/?p=29378#article","isPartOf":{"@id":"https:\/\/kibrisdakik.com\/?p=29378"},"author":{"name":"admin","@id":"https:\/\/kibrisdakik.com\/#\/schema\/person\/9cd9d437bbb44f72b73ba127e06d8e79"},"headline":"Cumhurba\u015fkan\u0131 Tatar, Engelliler Dayan\u0131\u015fma Derne\u011fi heyetini kabul etti","datePublished":"2024-02-08T10:24:54+00:00","mainEntityOfPage":{"@id":"https:\/\/kibrisdakik.com\/?p=29378"},"wordCount":95,"commentCount":0,"image":{"@id":"https:\/\/kibrisdakik.com\/?p=29378#primaryimage"},"thumbnailUrl":"https:\/\/kibrisdakik.com\/wp-content\/uploads\/2024\/02\/cumhurbaskani-tatar-engelliler-dayanisma-dernegi-heyetini-kabul-etti-1707386061.webp.webp","articleSection":["G\u00fcndem"],"inLanguage":"tr","potentialAction":[{"@type":"CommentAction","name":"Comment","target":["https:\/\/kibrisdakik.com\/?p=29378#respond"]}]},{"@type":"WebPage","@id":"https:\/\/kibrisdakik.com\/?p=29378","url":"https:\/\/kibrisdakik.com\/?p=29378","name":"Cumhurba\u015fkan\u0131 Tatar, Engelliler Dayan\u0131\u015fma Derne\u011fi heyetini kabul etti -","isPartOf":{"@id":"https:\/\/kibrisdakik.com\/#website"},"primaryImageOfPage":{"@id":"https:\/\/kibrisdakik.com\/?p=29378#primaryimage"},"image":{"@id":"https:\/\/kibrisdakik.com\/?p=29378#primaryimage"},"thumbnailUrl":"https:\/\/kibrisdakik.com\/wp-content\/uploads\/2024\/02\/cumhurbaskani-tatar-engelliler-dayanisma-dernegi-heyetini-kabul-etti-1707386061.webp.webp","datePublished":"2024-02-08T10:24:54+00:00","author":{"@id":"https:\/\/kibrisdakik.com\/#\/schema\/person\/9cd9d437bbb44f72b73ba127e06d8e79"},"breadcrumb":{"@id":"https:\/\/kibrisdakik.com\/?p=29378#breadcrumb"},"inLanguage":"tr","potentialAction":[{"@type":"ReadAction","target":["https:\/\/kibrisdakik.com\/?p=29378"]}]},{"@type":"ImageObject","inLanguage":"tr","@id":"https:\/\/kibrisdakik.com\/?p=29378#primaryimage","url":"https:\/\/kibrisdakik.com\/wp-content\/uploads\/2024\/02\/cumhurbaskani-tatar-engelliler-dayanisma-dernegi-heyetini-kabul-etti-1707386061.webp.webp","contentUrl":"https:\/\/kibrisdakik.com\/wp-content\/uploads\/2024\/02\/cumhurbaskani-tatar-engelliler-dayanisma-dernegi-heyetini-kabul-etti-1707386061.webp.webp","width":710,"height":370},{"@type":"BreadcrumbList","@id":"https:\/\/kibrisdakik.com\/?p=29378#breadcrumb","itemListElement":[{"@type":"ListItem","position":1,"name":"Home","item":"https:\/\/kibrisdakik.com\/"},{"@type":"ListItem","position":2,"name":"Cumhurba\u015fkan\u0131 Tatar, Engelliler Dayan\u0131\u015fma Derne\u011fi heyetini kabul etti"}]},{"@type":"WebSite","@id":"https:\/\/kibrisdakik.com\/#website","url":"https:\/\/kibrisdakik.com\/","name":"","description":"Tam vaktinde haber","potentialAction":[{"@type":"SearchAction","target":{"@type":"EntryPoint","urlTemplate":"https:\/\/kibrisdakik.com\/?s={search_term_string}"},"query-input":{"@type":"PropertyValueSpecification","valueRequired":true,"valueName":"search_term_string"}}],"inLanguage":"tr"},{"@type":"Person","@id":"https:\/\/kibrisdakik.com\/#\/schema\/person\/9cd9d437bbb44f72b73ba127e06d8e79","name":"admin","image":{"@type":"ImageObject","inLanguage":"tr","@id":"https:\/\/secure.gravatar.com\/avatar\/ccc17943b9d660506c869530f897617f7cb1c21a4bf30023f252596d83e1f007?s=96&d=mm&r=g","url":"https:\/\/secure.gravatar.com\/avatar\/ccc17943b9d660506c869530f897617f7cb1c21a4bf30023f252596d83e1f007?s=96&d=mm&r=g","contentUrl":"https:\/\/secure.gravatar.com\/avatar\/ccc17943b9d660506c869530f897617f7cb1c21a4bf30023f252596d83e1f007?s=96&d=mm&r=g","caption":"admin"},"sameAs":["https:\/\/kibrisdakik.com"],"url":"https:\/\/kibrisdakik.com\/?author=1"}]}},"_links":{"self":[{"href":"https:\/\/kibrisdakik.com\/index.php?rest_route=\/wp\/v2\/posts\/29378","targetHints":{"allow":["GET"]}}],"collection":[{"href":"https:\/\/kibrisdakik.com\/index.php?rest_route=\/wp\/v2\/posts"}],"about":[{"href":"https:\/\/kibrisdakik.com\/index.php?rest_route=\/wp\/v2\/types\/post"}],"author":[{"embeddable":true,"href":"https:\/\/kibrisdakik.com\/index.php?rest_route=\/wp\/v2\/users\/1"}],"replies":[{"embeddable":true,"href":"https:\/\/kibrisdakik.com\/index.php?rest_route=%2Fwp%2Fv2%2Fcomments&post=29378"}],"version-history":[{"count":0,"href":"https:\/\/kibrisdakik.com\/index.php?rest_route=\/wp\/v2\/posts\/29378\/revisions"}],"wp:featuredmedia":[{"embeddable":true,"href":"https:\/\/kibrisdakik.com\/index.php?rest_route=\/wp\/v2\/media\/29379"}],"wp:attachment":[{"href":"https:\/\/kibrisdakik.com\/index.php?rest_route=%2Fwp%2Fv2%2Fmedia&parent=29378"}],"wp:term":[{"taxonomy":"category","embeddable":true,"href":"https:\/\/kibrisdakik.com\/index.php?rest_route=%2Fwp%2Fv2%2Fcategories&post=29378"},{"taxonomy":"post_tag","embeddable":true,"href":"https:\/\/kibrisdakik.com\/index.php?rest_route=%2Fwp%2Fv2%2Ftags&post=29378"}],"curies":[{"name":"wp","href":"https:\/\/api.w.org\/{rel}","templated":true}]}}