{"id":29392,"date":"2024-02-08T11:36:13","date_gmt":"2024-02-08T11:36:13","guid":{"rendered":"https:\/\/kibrisdakik.com\/index.php\/2024\/02\/08\/cittaslow-kktc-agi-baskanligi-orcandan-kayaya-devredildi\/"},"modified":"2024-02-08T11:36:13","modified_gmt":"2024-02-08T11:36:13","slug":"cittaslow-kktc-agi-baskanligi-orcandan-kayaya-devredildi","status":"publish","type":"post","link":"https:\/\/kibrisdakik.com\/?p=29392","title":{"rendered":"Cittaslow KKTC A\u011f\u0131 Ba\u015fkanl\u0131\u011f\u0131 Or\u00e7an\u2019dan Kaya\u2019ya devredildi"},"content":{"rendered":"<p><img decoding=\"async\" src=\"https:\/\/www.kibristurk.com\/images\/haberler\/2024\/02\/cittaslow-kktc-agi-baskanligi-orcandan-kayaya-devredildi-1707390811.webp\" \/><\/p>\n<p style=\"text-align:left\"><span style=\"font-size:16px\"><span style=\"font-family:Merriweather,serif !important\"><span style=\"color:#000000\"><span style=\"background-color:#ffffff\">Cittaslow Kuzey K\u0131br\u0131s A\u011f\u0131\u2019ndan yap\u0131lan a\u00e7\u0131klamada,&nbsp;Uluslararas\u0131 Turizm ve Belediyeler Birli\u011fi olarak adland\u0131r\u0131lan Cittaslow (Sakin \u015eehir) A\u011f\u0131n\u0131n, 1999 y\u0131l\u0131nda \u0130talya\u2019da kuruldu\u011fu ve bug\u00fcn 33 \u00fclkede 296 kent ile temsil edildi\u011fi ifade edildi.<\/span><\/span><\/span><\/span><\/p>\n<p style=\"text-align:left\"><span style=\"font-size:16px\"><span style=\"font-family:Merriweather,serif !important\"><span style=\"color:#000000\"><span style=\"background-color:#ffffff\">Kuzey K\u0131br\u0131s T\u00fcrk Cumhuriyeti\u2019nin a\u011fda, 5 \u00fcye kenti ile temsil edildi\u011fi kaydedilen a\u00e7\u0131klamada, 2014 y\u0131l\u0131nda Yenibo\u011fazi\u00e7i Belediyesi\u2019nin \u00fcyeli\u011fi ile \u00fclkeye kazand\u0131r\u0131lan uluslararas\u0131 temsiliyetin ard\u0131ndan Lefke, Mehmet\u00e7ik-B\u00fcy\u00fckkonuk belediyelerinin \u00fcyeliklerinin de tamamlanmas\u0131yla, 2018 y\u0131l\u0131nda ulusal a\u011f\u0131n kuruldu\u011fu belirtildi.<\/span><\/span><\/span><\/span><\/p>\n<p style=\"text-align:left\"><span style=\"font-size:16px\"><span style=\"font-family:Merriweather,serif !important\"><span style=\"color:#000000\"><span style=\"background-color:#ffffff\">Ge\u00e7itkale Serdarl\u0131 Belediyesi\u2019nin \u00fcyeli\u011finin tamamlanmas\u0131 sonras\u0131nda Cittaslow KKTC Ulusal A\u011f\u0131n\u0131n temsiliyetinin tan\u0131mland\u0131\u011f\u0131 ifade edilen a\u00e7\u0131klamada, KKTC a\u011f\u0131n\u0131n, Yenibo\u011fazi\u00e7i, Lefke, Mehmet\u00e7ik-B\u00fcy\u00fckkonuk, Ge\u00e7itkale-Serdarl\u0131 ve Tatl\u0131su belediyelerinden olu\u015ftu\u011fu kaydedildi.<\/span><\/span><\/span><\/span><\/p>\n<p style=\"text-align:left\"><span style=\"font-size:16px\"><span style=\"font-family:Merriweather,serif !important\"><span style=\"color:#000000\"><span style=\"background-color:#ffffff\">A\u00e7\u0131klamada, K\u0131br\u0131s T\u00fcrk Belediyeler Birli\u011fi\u2019nde yap\u0131lan toplant\u0131da, Cittaslow KKTC A\u011f\u0131 Ba\u015fkanl\u0131\u011f\u0131n\u0131n, Tatl\u0131su Belediye Ba\u015fkan\u0131 Hayri Or\u00e7an\u2019dan, Lefke Belediye Ba\u015fkan\u0131 Aziz Kaya\u2019ya devredildi\u011fi belirtildi.<\/span><\/span><\/span><\/span><\/p>\n<p style=\"text-align:left\"><span style=\"font-size:16px\"><span style=\"font-family:Merriweather,serif !important\"><span style=\"color:#000000\"><span style=\"background-color:#ffffff\">Yenibo\u011fazi\u00e7i Belediye Ba\u015fkan\u0131 Katip Demir, Lefke Belediye Ba\u015fkan\u0131 Aziz Kaya, Mehmet\u00e7ik B\u00fcy\u00fckkonuk Belediye Ba\u015fkan\u0131 Fatma \u00c7imen Tu\u011flu, Ge\u00e7itkale Serdarl\u0131 Belediye Ba\u015fkan\u0131 Halil Kas\u0131m ve Tatl\u0131su Belediye Ba\u015fkan\u0131 Hayri Or\u00e7an\u2019\u0131n kat\u0131ld\u0131\u011f\u0131 toplant\u0131da, 2024 y\u0131l\u0131 ile ilgili yap\u0131lmas\u0131 planlanan projelerin tart\u0131\u015f\u0131ld\u0131\u011f\u0131 kaydedildi.<\/span><\/span><\/span><\/span><\/p>\n<p style=\"text-align:left\"><span style=\"font-size:16px\"><span style=\"font-family:Merriweather,serif !important\"><span style=\"color:#000000\"><span style=\"background-color:#ffffff\">-Kaya<\/span><\/span><\/span><\/span><\/p>\n<p style=\"text-align:left\"><span style=\"font-size:16px\"><span style=\"font-family:Merriweather,serif !important\"><span style=\"color:#000000\"><span style=\"background-color:#ffffff\">Her y\u0131l d\u00f6n\u00fc\u015f\u00fcml\u00fc olarak yap\u0131lan a\u011f ba\u015fkanl\u0131\u011f\u0131n\u0131 \u00fcstlenen Lefke Belediye&nbsp; Ba\u015fkan\u0131 Aziz Kaya, Cittaslow felsefesinin, insan ve ya\u015fam kalitesini art\u0131rmay\u0131 ama\u00e7lad\u0131\u011f\u0131n\u0131 ve kentlerde kimlikleri olu\u015fturmaya yard\u0131mc\u0131 oldu\u011funu belirtti.<\/span><\/span><\/span><\/span><\/p>\n<p style=\"text-align:left\"><span style=\"font-size:16px\"><span style=\"font-family:Merriweather,serif !important\"><span style=\"color:#000000\"><span style=\"background-color:#ffffff\">Bu anlay\u0131\u015f\u0131n \u00fclkenin yerel dokusu ve k\u00fclt\u00fcr\u00fcn\u00fcn tan\u0131t\u0131lmas\u0131na b\u00fcy\u00fck katk\u0131 sa\u011flad\u0131\u011f\u0131n\u0131 ifade eden Kaya, \u201cBu unvan\u0131 ta\u015f\u0131yan kentler, k\u00fclt\u00fcrlerine, do\u011falar\u0131na ve yerel de\u011ferlerine sahip \u00e7\u0131karak, \u00fcretimi te\u015fvik etmekte ve bu y\u00f6nde politikalar geli\u015ftirmeye devam etmektedir\u201d dedi.<\/span><\/span><\/span><\/span><\/p>\n<p style=\"text-align:left\"><span style=\"font-size:16px\"><span style=\"font-family:Merriweather,serif !important\"><span style=\"color:#000000\"><span style=\"background-color:#ffffff\">Sava\u015flar, do\u011fal afetler ve salg\u0131nlar\u0131n t\u00fcm d\u00fcnyay\u0131 etkiledi\u011fi bu g\u00fcnlerde yerel y\u00f6netimlere d\u00fc\u015fen sorumluluklar\u0131n ne kadar \u00e7ok oldu\u011funun g\u00f6r\u00fcld\u00fc\u011f\u00fcn\u00fc kaydeden Kaya, yerel \u00fcretim ve kentlerin, iyi politikalar \u00fcreterek, korunmak zorunda oldu\u011funu belirtti.<\/span><\/span><\/span><\/span><\/p>\n<p style=\"text-align:left\"><span style=\"font-size:16px\"><span style=\"font-family:Merriweather,serif !important\"><span style=\"color:#000000\"><span style=\"background-color:#ffffff\">Cittaslow KKTC A\u011f\u0131 olarak ilerleyen s\u00fcre\u00e7lerde bu y\u00f6nde ortak \u00e7al\u0131\u015fmalar y\u00fcr\u00fcteceklerini ifade eden Aziz Kaya, \u201cGerek \u00fclkemizin tan\u0131t\u0131lmas\u0131 gerekse kentlerimizin de\u011ferlerinin ya\u015fat\u0131larak, gelecek nesillere aktar\u0131lmas\u0131 i\u00e7in birlikte \u00e7al\u0131\u015faca\u011f\u0131z\u201d dedi.<\/span><\/span><\/span><\/span><\/p>\n","protected":false},"excerpt":{"rendered":"<p>Cittaslow Kuzey K\u0131br\u0131s A\u011f\u0131\u2019ndan yap\u0131lan a\u00e7\u0131klamada,&nbsp;Uluslararas\u0131 Turizm ve Belediyeler Birli\u011fi olarak adland\u0131r\u0131lan Cittaslow (Sakin \u015eehir) A\u011f\u0131n\u0131n, 1999 y\u0131l\u0131nda \u0130talya\u2019da kuruldu\u011fu ve bug\u00fcn 33 \u00fclkede 296 kent ile temsil edildi\u011fi ifade edildi. Kuzey K\u0131br\u0131s T\u00fcrk Cumhuriyeti\u2019nin a\u011fda, 5 \u00fcye kenti ile temsil edildi\u011fi kaydedilen a\u00e7\u0131klamada, 2014 y\u0131l\u0131nda Yenibo\u011fazi\u00e7i Belediyesi\u2019nin \u00fcyeli\u011fi ile \u00fclkeye kazand\u0131r\u0131lan uluslararas\u0131 temsiliyetin ard\u0131ndan<\/p>\n","protected":false},"author":1,"featured_media":29393,"comment_status":"open","ping_status":"open","sticky":false,"template":"","format":"standard","meta":{"footnotes":""},"categories":[79],"tags":[],"class_list":["post-29392","post","type-post","status-publish","format-standard","has-post-thumbnail","hentry","category-ekonomi"],"yoast_head":"<!-- This site is optimized with the Yoast SEO plugin v27.5 - https:\/\/yoast.com\/product\/yoast-seo-wordpress\/ -->\n<title>Cittaslow KKTC A\u011f\u0131 Ba\u015fkanl\u0131\u011f\u0131 Or\u00e7an\u2019dan Kaya\u2019ya devredildi -<\/title>\n<meta name=\"robots\" content=\"index, follow, max-snippet:-1, max-image-preview:large, max-video-preview:-1\" \/>\n<link rel=\"canonical\" href=\"https:\/\/kibrisdakik.com\/?p=29392\" \/>\n<meta property=\"og:locale\" content=\"tr_TR\" \/>\n<meta property=\"og:type\" content=\"article\" \/>\n<meta property=\"og:title\" content=\"Cittaslow KKTC A\u011f\u0131 Ba\u015fkanl\u0131\u011f\u0131 Or\u00e7an\u2019dan Kaya\u2019ya devredildi -\" \/>\n<meta property=\"og:description\" content=\"Cittaslow Kuzey K\u0131br\u0131s A\u011f\u0131\u2019ndan yap\u0131lan a\u00e7\u0131klamada,&nbsp;Uluslararas\u0131 Turizm ve Belediyeler Birli\u011fi olarak adland\u0131r\u0131lan Cittaslow (Sakin \u015eehir) A\u011f\u0131n\u0131n, 1999 y\u0131l\u0131nda \u0130talya\u2019da kuruldu\u011fu ve bug\u00fcn 33 \u00fclkede 296 kent ile temsil edildi\u011fi ifade edildi. Kuzey K\u0131br\u0131s T\u00fcrk Cumhuriyeti\u2019nin a\u011fda, 5 \u00fcye kenti ile temsil edildi\u011fi kaydedilen a\u00e7\u0131klamada, 2014 y\u0131l\u0131nda Yenibo\u011fazi\u00e7i Belediyesi\u2019nin \u00fcyeli\u011fi ile \u00fclkeye kazand\u0131r\u0131lan uluslararas\u0131 temsiliyetin ard\u0131ndan\" \/>\n<meta property=\"og:url\" content=\"https:\/\/kibrisdakik.com\/?p=29392\" \/>\n<meta property=\"article:published_time\" content=\"2024-02-08T11:36:13+00:00\" \/>\n<meta property=\"og:image\" content=\"https:\/\/kibrisdakik.com\/wp-content\/uploads\/2024\/02\/cittaslow-kktc-agi-baskanligi-orcandan-kayaya-devredildi-1707390811.webp.webp\" \/>\n\t<meta property=\"og:image:width\" content=\"710\" \/>\n\t<meta property=\"og:image:height\" content=\"370\" \/>\n\t<meta property=\"og:image:type\" content=\"image\/webp\" \/>\n<meta name=\"author\" content=\"admin\" \/>\n<meta name=\"twitter:card\" content=\"summary_large_image\" \/>\n<meta name=\"twitter:label1\" content=\"Yazan:\" \/>\n\t<meta name=\"twitter:data1\" content=\"admin\" \/>\n\t<meta name=\"twitter:label2\" content=\"Tahmini okuma s\u00fcresi\" \/>\n\t<meta name=\"twitter:data2\" content=\"2 dakika\" \/>\n<script type=\"application\/ld+json\" class=\"yoast-schema-graph\">{\"@context\":\"https:\\\/\\\/schema.org\",\"@graph\":[{\"@type\":\"Article\",\"@id\":\"https:\\\/\\\/kibrisdakik.com\\\/?p=29392#article\",\"isPartOf\":{\"@id\":\"https:\\\/\\\/kibrisdakik.com\\\/?p=29392\"},\"author\":{\"name\":\"admin\",\"@id\":\"https:\\\/\\\/kibrisdakik.com\\\/#\\\/schema\\\/person\\\/9cd9d437bbb44f72b73ba127e06d8e79\"},\"headline\":\"Cittaslow KKTC A\u011f\u0131 Ba\u015fkanl\u0131\u011f\u0131 Or\u00e7an\u2019dan Kaya\u2019ya devredildi\",\"datePublished\":\"2024-02-08T11:36:13+00:00\",\"mainEntityOfPage\":{\"@id\":\"https:\\\/\\\/kibrisdakik.com\\\/?p=29392\"},\"wordCount\":453,\"commentCount\":0,\"image\":{\"@id\":\"https:\\\/\\\/kibrisdakik.com\\\/?p=29392#primaryimage\"},\"thumbnailUrl\":\"https:\\\/\\\/kibrisdakik.com\\\/wp-content\\\/uploads\\\/2024\\\/02\\\/cittaslow-kktc-agi-baskanligi-orcandan-kayaya-devredildi-1707390811.webp.webp\",\"articleSection\":[\"Ekonomi\"],\"inLanguage\":\"tr\",\"potentialAction\":[{\"@type\":\"CommentAction\",\"name\":\"Comment\",\"target\":[\"https:\\\/\\\/kibrisdakik.com\\\/?p=29392#respond\"]}]},{\"@type\":\"WebPage\",\"@id\":\"https:\\\/\\\/kibrisdakik.com\\\/?p=29392\",\"url\":\"https:\\\/\\\/kibrisdakik.com\\\/?p=29392\",\"name\":\"Cittaslow KKTC A\u011f\u0131 Ba\u015fkanl\u0131\u011f\u0131 Or\u00e7an\u2019dan Kaya\u2019ya devredildi -\",\"isPartOf\":{\"@id\":\"https:\\\/\\\/kibrisdakik.com\\\/#website\"},\"primaryImageOfPage\":{\"@id\":\"https:\\\/\\\/kibrisdakik.com\\\/?p=29392#primaryimage\"},\"image\":{\"@id\":\"https:\\\/\\\/kibrisdakik.com\\\/?p=29392#primaryimage\"},\"thumbnailUrl\":\"https:\\\/\\\/kibrisdakik.com\\\/wp-content\\\/uploads\\\/2024\\\/02\\\/cittaslow-kktc-agi-baskanligi-orcandan-kayaya-devredildi-1707390811.webp.webp\",\"datePublished\":\"2024-02-08T11:36:13+00:00\",\"author\":{\"@id\":\"https:\\\/\\\/kibrisdakik.com\\\/#\\\/schema\\\/person\\\/9cd9d437bbb44f72b73ba127e06d8e79\"},\"breadcrumb\":{\"@id\":\"https:\\\/\\\/kibrisdakik.com\\\/?p=29392#breadcrumb\"},\"inLanguage\":\"tr\",\"potentialAction\":[{\"@type\":\"ReadAction\",\"target\":[\"https:\\\/\\\/kibrisdakik.com\\\/?p=29392\"]}]},{\"@type\":\"ImageObject\",\"inLanguage\":\"tr\",\"@id\":\"https:\\\/\\\/kibrisdakik.com\\\/?p=29392#primaryimage\",\"url\":\"https:\\\/\\\/kibrisdakik.com\\\/wp-content\\\/uploads\\\/2024\\\/02\\\/cittaslow-kktc-agi-baskanligi-orcandan-kayaya-devredildi-1707390811.webp.webp\",\"contentUrl\":\"https:\\\/\\\/kibrisdakik.com\\\/wp-content\\\/uploads\\\/2024\\\/02\\\/cittaslow-kktc-agi-baskanligi-orcandan-kayaya-devredildi-1707390811.webp.webp\",\"width\":710,\"height\":370},{\"@type\":\"BreadcrumbList\",\"@id\":\"https:\\\/\\\/kibrisdakik.com\\\/?p=29392#breadcrumb\",\"itemListElement\":[{\"@type\":\"ListItem\",\"position\":1,\"name\":\"Home\",\"item\":\"https:\\\/\\\/kibrisdakik.com\\\/\"},{\"@type\":\"ListItem\",\"position\":2,\"name\":\"Cittaslow KKTC A\u011f\u0131 Ba\u015fkanl\u0131\u011f\u0131 Or\u00e7an\u2019dan Kaya\u2019ya devredildi\"}]},{\"@type\":\"WebSite\",\"@id\":\"https:\\\/\\\/kibrisdakik.com\\\/#website\",\"url\":\"https:\\\/\\\/kibrisdakik.com\\\/\",\"name\":\"\",\"description\":\"Tam vaktinde haber\",\"potentialAction\":[{\"@type\":\"SearchAction\",\"target\":{\"@type\":\"EntryPoint\",\"urlTemplate\":\"https:\\\/\\\/kibrisdakik.com\\\/?s={search_term_string}\"},\"query-input\":{\"@type\":\"PropertyValueSpecification\",\"valueRequired\":true,\"valueName\":\"search_term_string\"}}],\"inLanguage\":\"tr\"},{\"@type\":\"Person\",\"@id\":\"https:\\\/\\\/kibrisdakik.com\\\/#\\\/schema\\\/person\\\/9cd9d437bbb44f72b73ba127e06d8e79\",\"name\":\"admin\",\"image\":{\"@type\":\"ImageObject\",\"inLanguage\":\"tr\",\"@id\":\"https:\\\/\\\/secure.gravatar.com\\\/avatar\\\/ccc17943b9d660506c869530f897617f7cb1c21a4bf30023f252596d83e1f007?s=96&d=mm&r=g\",\"url\":\"https:\\\/\\\/secure.gravatar.com\\\/avatar\\\/ccc17943b9d660506c869530f897617f7cb1c21a4bf30023f252596d83e1f007?s=96&d=mm&r=g\",\"contentUrl\":\"https:\\\/\\\/secure.gravatar.com\\\/avatar\\\/ccc17943b9d660506c869530f897617f7cb1c21a4bf30023f252596d83e1f007?s=96&d=mm&r=g\",\"caption\":\"admin\"},\"sameAs\":[\"https:\\\/\\\/kibrisdakik.com\"],\"url\":\"https:\\\/\\\/kibrisdakik.com\\\/?author=1\"}]}<\/script>\n<!-- \/ Yoast SEO plugin. -->","yoast_head_json":{"title":"Cittaslow KKTC A\u011f\u0131 Ba\u015fkanl\u0131\u011f\u0131 Or\u00e7an\u2019dan Kaya\u2019ya devredildi -","robots":{"index":"index","follow":"follow","max-snippet":"max-snippet:-1","max-image-preview":"max-image-preview:large","max-video-preview":"max-video-preview:-1"},"canonical":"https:\/\/kibrisdakik.com\/?p=29392","og_locale":"tr_TR","og_type":"article","og_title":"Cittaslow KKTC A\u011f\u0131 Ba\u015fkanl\u0131\u011f\u0131 Or\u00e7an\u2019dan Kaya\u2019ya devredildi -","og_description":"Cittaslow Kuzey K\u0131br\u0131s A\u011f\u0131\u2019ndan yap\u0131lan a\u00e7\u0131klamada,&nbsp;Uluslararas\u0131 Turizm ve Belediyeler Birli\u011fi olarak adland\u0131r\u0131lan Cittaslow (Sakin \u015eehir) A\u011f\u0131n\u0131n, 1999 y\u0131l\u0131nda \u0130talya\u2019da kuruldu\u011fu ve bug\u00fcn 33 \u00fclkede 296 kent ile temsil edildi\u011fi ifade edildi. Kuzey K\u0131br\u0131s T\u00fcrk Cumhuriyeti\u2019nin a\u011fda, 5 \u00fcye kenti ile temsil edildi\u011fi kaydedilen a\u00e7\u0131klamada, 2014 y\u0131l\u0131nda Yenibo\u011fazi\u00e7i Belediyesi\u2019nin \u00fcyeli\u011fi ile \u00fclkeye kazand\u0131r\u0131lan uluslararas\u0131 temsiliyetin ard\u0131ndan","og_url":"https:\/\/kibrisdakik.com\/?p=29392","article_published_time":"2024-02-08T11:36:13+00:00","og_image":[{"width":710,"height":370,"url":"https:\/\/kibrisdakik.com\/wp-content\/uploads\/2024\/02\/cittaslow-kktc-agi-baskanligi-orcandan-kayaya-devredildi-1707390811.webp.webp","type":"image\/webp"}],"author":"admin","twitter_card":"summary_large_image","twitter_misc":{"Yazan:":"admin","Tahmini okuma s\u00fcresi":"2 dakika"},"schema":{"@context":"https:\/\/schema.org","@graph":[{"@type":"Article","@id":"https:\/\/kibrisdakik.com\/?p=29392#article","isPartOf":{"@id":"https:\/\/kibrisdakik.com\/?p=29392"},"author":{"name":"admin","@id":"https:\/\/kibrisdakik.com\/#\/schema\/person\/9cd9d437bbb44f72b73ba127e06d8e79"},"headline":"Cittaslow KKTC A\u011f\u0131 Ba\u015fkanl\u0131\u011f\u0131 Or\u00e7an\u2019dan Kaya\u2019ya devredildi","datePublished":"2024-02-08T11:36:13+00:00","mainEntityOfPage":{"@id":"https:\/\/kibrisdakik.com\/?p=29392"},"wordCount":453,"commentCount":0,"image":{"@id":"https:\/\/kibrisdakik.com\/?p=29392#primaryimage"},"thumbnailUrl":"https:\/\/kibrisdakik.com\/wp-content\/uploads\/2024\/02\/cittaslow-kktc-agi-baskanligi-orcandan-kayaya-devredildi-1707390811.webp.webp","articleSection":["Ekonomi"],"inLanguage":"tr","potentialAction":[{"@type":"CommentAction","name":"Comment","target":["https:\/\/kibrisdakik.com\/?p=29392#respond"]}]},{"@type":"WebPage","@id":"https:\/\/kibrisdakik.com\/?p=29392","url":"https:\/\/kibrisdakik.com\/?p=29392","name":"Cittaslow KKTC A\u011f\u0131 Ba\u015fkanl\u0131\u011f\u0131 Or\u00e7an\u2019dan Kaya\u2019ya devredildi -","isPartOf":{"@id":"https:\/\/kibrisdakik.com\/#website"},"primaryImageOfPage":{"@id":"https:\/\/kibrisdakik.com\/?p=29392#primaryimage"},"image":{"@id":"https:\/\/kibrisdakik.com\/?p=29392#primaryimage"},"thumbnailUrl":"https:\/\/kibrisdakik.com\/wp-content\/uploads\/2024\/02\/cittaslow-kktc-agi-baskanligi-orcandan-kayaya-devredildi-1707390811.webp.webp","datePublished":"2024-02-08T11:36:13+00:00","author":{"@id":"https:\/\/kibrisdakik.com\/#\/schema\/person\/9cd9d437bbb44f72b73ba127e06d8e79"},"breadcrumb":{"@id":"https:\/\/kibrisdakik.com\/?p=29392#breadcrumb"},"inLanguage":"tr","potentialAction":[{"@type":"ReadAction","target":["https:\/\/kibrisdakik.com\/?p=29392"]}]},{"@type":"ImageObject","inLanguage":"tr","@id":"https:\/\/kibrisdakik.com\/?p=29392#primaryimage","url":"https:\/\/kibrisdakik.com\/wp-content\/uploads\/2024\/02\/cittaslow-kktc-agi-baskanligi-orcandan-kayaya-devredildi-1707390811.webp.webp","contentUrl":"https:\/\/kibrisdakik.com\/wp-content\/uploads\/2024\/02\/cittaslow-kktc-agi-baskanligi-orcandan-kayaya-devredildi-1707390811.webp.webp","width":710,"height":370},{"@type":"BreadcrumbList","@id":"https:\/\/kibrisdakik.com\/?p=29392#breadcrumb","itemListElement":[{"@type":"ListItem","position":1,"name":"Home","item":"https:\/\/kibrisdakik.com\/"},{"@type":"ListItem","position":2,"name":"Cittaslow KKTC A\u011f\u0131 Ba\u015fkanl\u0131\u011f\u0131 Or\u00e7an\u2019dan Kaya\u2019ya devredildi"}]},{"@type":"WebSite","@id":"https:\/\/kibrisdakik.com\/#website","url":"https:\/\/kibrisdakik.com\/","name":"","description":"Tam vaktinde haber","potentialAction":[{"@type":"SearchAction","target":{"@type":"EntryPoint","urlTemplate":"https:\/\/kibrisdakik.com\/?s={search_term_string}"},"query-input":{"@type":"PropertyValueSpecification","valueRequired":true,"valueName":"search_term_string"}}],"inLanguage":"tr"},{"@type":"Person","@id":"https:\/\/kibrisdakik.com\/#\/schema\/person\/9cd9d437bbb44f72b73ba127e06d8e79","name":"admin","image":{"@type":"ImageObject","inLanguage":"tr","@id":"https:\/\/secure.gravatar.com\/avatar\/ccc17943b9d660506c869530f897617f7cb1c21a4bf30023f252596d83e1f007?s=96&d=mm&r=g","url":"https:\/\/secure.gravatar.com\/avatar\/ccc17943b9d660506c869530f897617f7cb1c21a4bf30023f252596d83e1f007?s=96&d=mm&r=g","contentUrl":"https:\/\/secure.gravatar.com\/avatar\/ccc17943b9d660506c869530f897617f7cb1c21a4bf30023f252596d83e1f007?s=96&d=mm&r=g","caption":"admin"},"sameAs":["https:\/\/kibrisdakik.com"],"url":"https:\/\/kibrisdakik.com\/?author=1"}]}},"_links":{"self":[{"href":"https:\/\/kibrisdakik.com\/index.php?rest_route=\/wp\/v2\/posts\/29392","targetHints":{"allow":["GET"]}}],"collection":[{"href":"https:\/\/kibrisdakik.com\/index.php?rest_route=\/wp\/v2\/posts"}],"about":[{"href":"https:\/\/kibrisdakik.com\/index.php?rest_route=\/wp\/v2\/types\/post"}],"author":[{"embeddable":true,"href":"https:\/\/kibrisdakik.com\/index.php?rest_route=\/wp\/v2\/users\/1"}],"replies":[{"embeddable":true,"href":"https:\/\/kibrisdakik.com\/index.php?rest_route=%2Fwp%2Fv2%2Fcomments&post=29392"}],"version-history":[{"count":0,"href":"https:\/\/kibrisdakik.com\/index.php?rest_route=\/wp\/v2\/posts\/29392\/revisions"}],"wp:featuredmedia":[{"embeddable":true,"href":"https:\/\/kibrisdakik.com\/index.php?rest_route=\/wp\/v2\/media\/29393"}],"wp:attachment":[{"href":"https:\/\/kibrisdakik.com\/index.php?rest_route=%2Fwp%2Fv2%2Fmedia&parent=29392"}],"wp:term":[{"taxonomy":"category","embeddable":true,"href":"https:\/\/kibrisdakik.com\/index.php?rest_route=%2Fwp%2Fv2%2Fcategories&post=29392"},{"taxonomy":"post_tag","embeddable":true,"href":"https:\/\/kibrisdakik.com\/index.php?rest_route=%2Fwp%2Fv2%2Ftags&post=29392"}],"curies":[{"name":"wp","href":"https:\/\/api.w.org\/{rel}","templated":true}]}}