{"id":29479,"date":"2024-02-09T09:03:00","date_gmt":"2024-02-09T09:03:00","guid":{"rendered":"https:\/\/kibrisdakik.com\/index.php\/2024\/02\/09\/fuat-oktay-ingiltere-parlamentosundaki-kktc-dostluk-grubu-ile-kibris-meselesinin-cozulmesi-ve-ambargolarin-kaldirilmasi-konularini-ele-aldi\/"},"modified":"2024-02-09T09:03:00","modified_gmt":"2024-02-09T09:03:00","slug":"fuat-oktay-ingiltere-parlamentosundaki-kktc-dostluk-grubu-ile-kibris-meselesinin-cozulmesi-ve-ambargolarin-kaldirilmasi-konularini-ele-aldi","status":"publish","type":"post","link":"https:\/\/kibrisdakik.com\/?p=29479","title":{"rendered":"Fuat Oktay, \u0130ngiltere Parlamentosundaki KKTC Dostluk Grubu ile \u201cK\u0131br\u0131s meselesinin \u00e7\u00f6z\u00fclmesi ve ambargolar\u0131n kald\u0131r\u0131lmas\u0131 konular\u0131n\u0131\u201d ele ald\u0131"},"content":{"rendered":"<p><img decoding=\"async\" src=\"https:\/\/www.kibristurk.com\/images\/haberler\/2024\/02\/fuat-oktay-ingiltere-parlamentosundaki-kktc-dostluk-grubu-ile-kibris-meselesinin-cozulmesi-ve-ambargolarin-kaldirilmasi-konularini-ele-aldi-1707466323.webp\" \/><\/p>\n<p style=\"text-align:left\"><span style=\"font-size:16px\"><span style=\"font-family:Merriweather,serif !important\"><span style=\"color:#000000\"><span style=\"background-color:#ffffff\">Resmi temaslarda bulunmak \u00fczere \u0130ngiltere&#8217;nin ba\u015fkenti Londra&#8217;y\u0131 ziyaret eden Oktay ve Komisyon \u00fcyelerinden olu\u015fan heyet, 2 g\u00fcn s\u00fcren temaslar\u0131n\u0131n ard\u0131ndan bas\u0131na de\u011ferlendirmelerde bulundu.<\/span><\/span><\/span><\/span><\/p>\n<p style=\"text-align:left\"><span style=\"font-size:16px\"><span style=\"font-family:Merriweather,serif !important\"><span style=\"color:#000000\"><span style=\"background-color:#ffffff\">Oktay, Komisyon ad\u0131na yapt\u0131\u011f\u0131 konu\u015fmada, Londra&#8217;da yo\u011fun g\u00f6r\u00fc\u015fmeler ger\u00e7ekle\u015ftirdiklerini belirterek, ziyaretin ilk g\u00fcn\u00fcnde \u0130ngiltere Parlamentosunda temaslarda bulunduklar\u0131n\u0131, ikinci g\u00fcn de sivil toplum kurulu\u015flar\u0131n\u0131n temsilcileriyle bir araya geldiklerini s\u00f6yledi.<\/span><\/span><\/span><\/span><\/p>\n<p style=\"text-align:left\"><span style=\"font-size:16px\"><span style=\"font-family:Merriweather,serif !important\"><span style=\"color:#000000\"><span style=\"background-color:#ffffff\">\u0130lk toplant\u0131y\u0131 Avam Kamaras\u0131 Ba\u015fkan\u0131 Lindsay Hoyle ile yapt\u0131klar\u0131n\u0131 ve son derece verimli bir g\u00f6r\u00fc\u015fme ger\u00e7ekle\u015ftirdiklerini aktard\u0131.<\/span><\/span><\/span><\/span><\/p>\n<p style=\"text-align:left\"><span style=\"font-size:16px\"><span style=\"font-family:Merriweather,serif !important\"><span style=\"color:#000000\"><span style=\"background-color:#ffffff\">Oktay, g\u00f6r\u00fc\u015fmede Gazze konusunun da g\u00fcndeme geldi\u011fini vurgulayarak, \u015f\u00f6yle devam etti:<\/span><\/span><\/span><\/span><\/p>\n<p style=\"text-align:left\"><span style=\"font-size:16px\"><span style=\"font-family:Merriweather,serif !important\"><span style=\"color:#000000\"><span style=\"background-color:#ffffff\">&#8220;Gazze konusundaki sorunlar\u0131n \u00e7\u00f6z\u00fcm\u00fcyle alakal\u0131 bir\u00e7ok konuda ortak hareket edilece\u011fimiz bir f\u0131rsat\u0131 g\u00f6rd\u00fck. Zaten bunu da T\u00fcrkiye&#8217;de ilgili birimlerimizle de D\u0131\u015fi\u015fleri Bakanl\u0131\u011f\u0131m\u0131z ba\u015fta olmak \u00fczere bunlar\u0131 hemen payla\u015f\u0131yoruz, payla\u015faca\u011f\u0131z. Dolay\u0131s\u0131yla orada katliama, soyk\u0131r\u0131ma giden bir geli\u015fmenin \u00f6n\u00fcne ge\u00e7ebilme ad\u0131na bir ortak alan varl\u0131\u011f\u0131n\u0131 g\u00f6rd\u00fck.&#8221;<\/span><\/span><\/span><\/span><\/p>\n<p style=\"text-align:left\"><span style=\"font-size:16px\"><span style=\"font-family:Merriweather,serif !important\"><span style=\"color:#000000\"><span style=\"background-color:#ffffff\">&#8211; &#8220;\u0130srail&#8217;in katliamlar\u0131yla alakal\u0131 bir\u00e7ok konu asl\u0131nda g\u00fcndemimizdeydi&#8221;<\/span><\/span><\/span><\/span><\/p>\n<p style=\"text-align:left\"><span style=\"font-size:16px\"><span style=\"font-family:Merriweather,serif !important\"><span style=\"color:#000000\"><span style=\"background-color:#ffffff\">Oktay, daha sonra D\u0131\u015fi\u015fleri Komitesi Ba\u015fkan\u0131 Alicia Kearns&#8217;le g\u00f6r\u00fc\u015ft\u00fcklerini ve kendisiyle bir\u00e7ok konuyu de\u011ferlendirme f\u0131rsat\u0131 yakalad\u0131klar\u0131n\u0131 dile getirerek, \u015funlar\u0131 s\u00f6yledi:<\/span><\/span><\/span><\/span><\/p>\n<p style=\"text-align:left\"><span style=\"font-size:16px\"><span style=\"font-family:Merriweather,serif !important\"><span style=\"color:#000000\"><span style=\"background-color:#ffffff\">&#8220;Yine b\u00f6lgede asl\u0131nda farkl\u0131 alanlarda, farkl\u0131 g\u00f6r\u00fc\u015fler var olsa bile konu\u015ftu\u011fumuz zaman o farkl\u0131 g\u00f6r\u00fc\u015flerden ortak noktalara ula\u015f\u0131labilece\u011fini g\u00f6rd\u00fck. Dolay\u0131s\u0131yla orada da yine bir\u00e7ok konuda ortak hareket edebilece\u011fimizle alakal\u0131, bunlar Rusya-Ukrayna aras\u0131nda devam eden kriz veya Suriye&#8217;de g\u00fcneyimizde devam eden sorunlar, g\u00f6\u00e7 sorunu dahil ve yine \u0130srail-Filistin aras\u0131nda devam eden \u0130srail&#8217;in katliamlar\u0131yla alakal\u0131 bir\u00e7ok konu asl\u0131nda g\u00fcndemimizdeydi.&#8221;<\/span><\/span><\/span><\/span><\/p>\n<p style=\"text-align:left\"><span style=\"font-size:16px\"><span style=\"font-family:Merriweather,serif !important\"><span style=\"color:#000000\"><span style=\"background-color:#ffffff\">Oktay, bu g\u00f6r\u00fc\u015fmenin akabinde Birle\u015fik Krall\u0131k Parlamentosundaki T\u00fcrkiye Dostluk Grubu ve Kuzey K\u0131br\u0131s T\u00fcrk Cumhuriyeti (KKTC) Dostluk Grubu ile bir araya geldiklerini anlatt\u0131.<\/span><\/span><\/span><\/span><\/p>\n<p style=\"text-align:left\"><span style=\"font-size:16px\"><span style=\"font-family:Merriweather,serif !important\"><span style=\"color:#000000\"><span style=\"background-color:#ffffff\">Bu iki g\u00f6r\u00fc\u015fmede de K\u0131br\u0131s meselesinin \u00e7\u00f6z\u00fclmesi ve ambargolar\u0131n kald\u0131r\u0131lmas\u0131 konular\u0131n\u0131 ele ald\u0131klar\u0131n\u0131 belirten Oktay, \u00f6te yandan \u0130srail sald\u0131r\u0131lar\u0131n\u0131n durdurulmas\u0131 ve b\u00f6lgedeki krizin boyutunun azalt\u0131lmas\u0131 noktas\u0131nda ortak noktalar\u0131n oldu\u011funu g\u00f6rd\u00fcklerini dile getirdi.<\/span><\/span><\/span><\/span><\/p>\n<p style=\"text-align:left\"><span style=\"font-size:16px\"><span style=\"font-family:Merriweather,serif !important\"><span style=\"color:#000000\"><span style=\"background-color:#ffffff\">Oktay, g\u00f6r\u00fc\u015fmelerde, T\u00fcrkiye&#8217;nin yakla\u015f\u0131m\u0131 ve tutumunu da de\u011ferlendirme f\u0131rsat\u0131 bulduklar\u0131n\u0131 belirterek, &#8220;Son derece faydal\u0131 oldu\u011funu d\u00fc\u015f\u00fcn\u00fcyoruz. Tabii bu parlamenter diplomasi boyutunda T\u00fcrkiye&#8217;nin \u0130ngiltere&#8217;yle olan ve b\u00f6lgedeki di\u011fer \u00fclkelerle ili\u015fkilerine verdi\u011fimiz katk\u0131 \u00e7er\u00e7evesinde bunu de\u011ferlendirmemiz laz\u0131m. Zaten bu ili\u015fkiler tekrar d\u00f6n\u00fcp h\u00fck\u00fcmet nezdinde de yine yap\u0131lan \u00e7al\u0131\u015fmalara katk\u0131 verecektir.&#8221; diye konu\u015ftu.<\/span><\/span><\/span><\/span><\/p>\n<p style=\"text-align:left\"><span style=\"font-size:16px\"><span style=\"font-family:Merriweather,serif !important\"><span style=\"color:#000000\"><span style=\"background-color:#ffffff\">Ziyaretin ikinci g\u00fcn\u00fcnde de d\u00fc\u015f\u00fcnce kurulu\u015flar\u0131 ve sivil toplum \u00f6rg\u00fctleriyle bir araya gelen Oktay, t\u00fcm siyasi parti gruplar\u0131ndan milletvekilleriyle T\u00fcrkiye&#8217;nin tezlerini anlatma f\u0131rsat\u0131 bulduklar\u0131n\u0131 s\u00f6yledi.<\/span><\/span><\/span><\/span><\/p>\n","protected":false},"excerpt":{"rendered":"<p>Resmi temaslarda bulunmak \u00fczere \u0130ngiltere&#8217;nin ba\u015fkenti Londra&#8217;y\u0131 ziyaret eden Oktay ve Komisyon \u00fcyelerinden olu\u015fan heyet, 2 g\u00fcn s\u00fcren temaslar\u0131n\u0131n ard\u0131ndan bas\u0131na de\u011ferlendirmelerde bulundu. Oktay, Komisyon ad\u0131na yapt\u0131\u011f\u0131 konu\u015fmada, Londra&#8217;da yo\u011fun g\u00f6r\u00fc\u015fmeler ger\u00e7ekle\u015ftirdiklerini belirterek, ziyaretin ilk g\u00fcn\u00fcnde \u0130ngiltere Parlamentosunda temaslarda bulunduklar\u0131n\u0131, ikinci g\u00fcn de sivil toplum kurulu\u015flar\u0131n\u0131n temsilcileriyle bir araya geldiklerini s\u00f6yledi. \u0130lk toplant\u0131y\u0131 Avam Kamaras\u0131<\/p>\n","protected":false},"author":1,"featured_media":29480,"comment_status":"open","ping_status":"open","sticky":false,"template":"","format":"standard","meta":{"footnotes":""},"categories":[79],"tags":[],"class_list":["post-29479","post","type-post","status-publish","format-standard","has-post-thumbnail","hentry","category-ekonomi"],"yoast_head":"<!-- This site is optimized with the Yoast SEO plugin v27.5 - https:\/\/yoast.com\/product\/yoast-seo-wordpress\/ -->\n<title>Fuat Oktay, \u0130ngiltere Parlamentosundaki KKTC Dostluk Grubu ile \u201cK\u0131br\u0131s meselesinin \u00e7\u00f6z\u00fclmesi ve ambargolar\u0131n kald\u0131r\u0131lmas\u0131 konular\u0131n\u0131\u201d ele ald\u0131 -<\/title>\n<meta name=\"robots\" content=\"index, follow, max-snippet:-1, max-image-preview:large, max-video-preview:-1\" \/>\n<link rel=\"canonical\" href=\"https:\/\/kibrisdakik.com\/?p=29479\" \/>\n<meta property=\"og:locale\" content=\"tr_TR\" \/>\n<meta property=\"og:type\" content=\"article\" \/>\n<meta property=\"og:title\" content=\"Fuat Oktay, \u0130ngiltere Parlamentosundaki KKTC Dostluk Grubu ile \u201cK\u0131br\u0131s meselesinin \u00e7\u00f6z\u00fclmesi ve ambargolar\u0131n kald\u0131r\u0131lmas\u0131 konular\u0131n\u0131\u201d ele ald\u0131 -\" \/>\n<meta property=\"og:description\" content=\"Resmi temaslarda bulunmak \u00fczere \u0130ngiltere&#8217;nin ba\u015fkenti Londra&#8217;y\u0131 ziyaret eden Oktay ve Komisyon \u00fcyelerinden olu\u015fan heyet, 2 g\u00fcn s\u00fcren temaslar\u0131n\u0131n ard\u0131ndan bas\u0131na de\u011ferlendirmelerde bulundu. Oktay, Komisyon ad\u0131na yapt\u0131\u011f\u0131 konu\u015fmada, Londra&#8217;da yo\u011fun g\u00f6r\u00fc\u015fmeler ger\u00e7ekle\u015ftirdiklerini belirterek, ziyaretin ilk g\u00fcn\u00fcnde \u0130ngiltere Parlamentosunda temaslarda bulunduklar\u0131n\u0131, ikinci g\u00fcn de sivil toplum kurulu\u015flar\u0131n\u0131n temsilcileriyle bir araya geldiklerini s\u00f6yledi. \u0130lk toplant\u0131y\u0131 Avam Kamaras\u0131\" \/>\n<meta property=\"og:url\" content=\"https:\/\/kibrisdakik.com\/?p=29479\" \/>\n<meta property=\"article:published_time\" content=\"2024-02-09T09:03:00+00:00\" \/>\n<meta property=\"og:image\" content=\"https:\/\/kibrisdakik.com\/wp-content\/uploads\/2024\/02\/fuat-oktay-ingiltere-parlamentosundaki-kktc-dostluk-grubu-ile-kibris-meselesinin-cozulmesi-ve-ambargolarin-kaldirilmasi-konularini-ele-aldi-1707466323.webp.webp\" \/>\n\t<meta property=\"og:image:width\" content=\"710\" \/>\n\t<meta property=\"og:image:height\" content=\"370\" \/>\n\t<meta property=\"og:image:type\" content=\"image\/webp\" \/>\n<meta name=\"author\" content=\"admin\" \/>\n<meta name=\"twitter:card\" content=\"summary_large_image\" \/>\n<meta name=\"twitter:label1\" content=\"Yazan:\" \/>\n\t<meta name=\"twitter:data1\" content=\"admin\" \/>\n\t<meta name=\"twitter:label2\" content=\"Tahmini okuma s\u00fcresi\" \/>\n\t<meta name=\"twitter:data2\" content=\"3 dakika\" \/>\n<script type=\"application\/ld+json\" class=\"yoast-schema-graph\">{\"@context\":\"https:\\\/\\\/schema.org\",\"@graph\":[{\"@type\":\"Article\",\"@id\":\"https:\\\/\\\/kibrisdakik.com\\\/?p=29479#article\",\"isPartOf\":{\"@id\":\"https:\\\/\\\/kibrisdakik.com\\\/?p=29479\"},\"author\":{\"name\":\"admin\",\"@id\":\"https:\\\/\\\/kibrisdakik.com\\\/#\\\/schema\\\/person\\\/9cd9d437bbb44f72b73ba127e06d8e79\"},\"headline\":\"Fuat Oktay, \u0130ngiltere Parlamentosundaki KKTC Dostluk Grubu ile \u201cK\u0131br\u0131s meselesinin \u00e7\u00f6z\u00fclmesi ve ambargolar\u0131n kald\u0131r\u0131lmas\u0131 konular\u0131n\u0131\u201d ele ald\u0131\",\"datePublished\":\"2024-02-09T09:03:00+00:00\",\"mainEntityOfPage\":{\"@id\":\"https:\\\/\\\/kibrisdakik.com\\\/?p=29479\"},\"wordCount\":531,\"commentCount\":0,\"image\":{\"@id\":\"https:\\\/\\\/kibrisdakik.com\\\/?p=29479#primaryimage\"},\"thumbnailUrl\":\"https:\\\/\\\/kibrisdakik.com\\\/wp-content\\\/uploads\\\/2024\\\/02\\\/fuat-oktay-ingiltere-parlamentosundaki-kktc-dostluk-grubu-ile-kibris-meselesinin-cozulmesi-ve-ambargolarin-kaldirilmasi-konularini-ele-aldi-1707466323.webp.webp\",\"articleSection\":[\"Ekonomi\"],\"inLanguage\":\"tr\",\"potentialAction\":[{\"@type\":\"CommentAction\",\"name\":\"Comment\",\"target\":[\"https:\\\/\\\/kibrisdakik.com\\\/?p=29479#respond\"]}]},{\"@type\":\"WebPage\",\"@id\":\"https:\\\/\\\/kibrisdakik.com\\\/?p=29479\",\"url\":\"https:\\\/\\\/kibrisdakik.com\\\/?p=29479\",\"name\":\"Fuat Oktay, \u0130ngiltere Parlamentosundaki KKTC Dostluk Grubu ile \u201cK\u0131br\u0131s meselesinin \u00e7\u00f6z\u00fclmesi ve ambargolar\u0131n kald\u0131r\u0131lmas\u0131 konular\u0131n\u0131\u201d ele ald\u0131 -\",\"isPartOf\":{\"@id\":\"https:\\\/\\\/kibrisdakik.com\\\/#website\"},\"primaryImageOfPage\":{\"@id\":\"https:\\\/\\\/kibrisdakik.com\\\/?p=29479#primaryimage\"},\"image\":{\"@id\":\"https:\\\/\\\/kibrisdakik.com\\\/?p=29479#primaryimage\"},\"thumbnailUrl\":\"https:\\\/\\\/kibrisdakik.com\\\/wp-content\\\/uploads\\\/2024\\\/02\\\/fuat-oktay-ingiltere-parlamentosundaki-kktc-dostluk-grubu-ile-kibris-meselesinin-cozulmesi-ve-ambargolarin-kaldirilmasi-konularini-ele-aldi-1707466323.webp.webp\",\"datePublished\":\"2024-02-09T09:03:00+00:00\",\"author\":{\"@id\":\"https:\\\/\\\/kibrisdakik.com\\\/#\\\/schema\\\/person\\\/9cd9d437bbb44f72b73ba127e06d8e79\"},\"breadcrumb\":{\"@id\":\"https:\\\/\\\/kibrisdakik.com\\\/?p=29479#breadcrumb\"},\"inLanguage\":\"tr\",\"potentialAction\":[{\"@type\":\"ReadAction\",\"target\":[\"https:\\\/\\\/kibrisdakik.com\\\/?p=29479\"]}]},{\"@type\":\"ImageObject\",\"inLanguage\":\"tr\",\"@id\":\"https:\\\/\\\/kibrisdakik.com\\\/?p=29479#primaryimage\",\"url\":\"https:\\\/\\\/kibrisdakik.com\\\/wp-content\\\/uploads\\\/2024\\\/02\\\/fuat-oktay-ingiltere-parlamentosundaki-kktc-dostluk-grubu-ile-kibris-meselesinin-cozulmesi-ve-ambargolarin-kaldirilmasi-konularini-ele-aldi-1707466323.webp.webp\",\"contentUrl\":\"https:\\\/\\\/kibrisdakik.com\\\/wp-content\\\/uploads\\\/2024\\\/02\\\/fuat-oktay-ingiltere-parlamentosundaki-kktc-dostluk-grubu-ile-kibris-meselesinin-cozulmesi-ve-ambargolarin-kaldirilmasi-konularini-ele-aldi-1707466323.webp.webp\",\"width\":710,\"height\":370},{\"@type\":\"BreadcrumbList\",\"@id\":\"https:\\\/\\\/kibrisdakik.com\\\/?p=29479#breadcrumb\",\"itemListElement\":[{\"@type\":\"ListItem\",\"position\":1,\"name\":\"Home\",\"item\":\"https:\\\/\\\/kibrisdakik.com\\\/\"},{\"@type\":\"ListItem\",\"position\":2,\"name\":\"Fuat Oktay, \u0130ngiltere Parlamentosundaki KKTC Dostluk Grubu ile \u201cK\u0131br\u0131s meselesinin \u00e7\u00f6z\u00fclmesi ve ambargolar\u0131n kald\u0131r\u0131lmas\u0131 konular\u0131n\u0131\u201d ele ald\u0131\"}]},{\"@type\":\"WebSite\",\"@id\":\"https:\\\/\\\/kibrisdakik.com\\\/#website\",\"url\":\"https:\\\/\\\/kibrisdakik.com\\\/\",\"name\":\"\",\"description\":\"Tam vaktinde haber\",\"potentialAction\":[{\"@type\":\"SearchAction\",\"target\":{\"@type\":\"EntryPoint\",\"urlTemplate\":\"https:\\\/\\\/kibrisdakik.com\\\/?s={search_term_string}\"},\"query-input\":{\"@type\":\"PropertyValueSpecification\",\"valueRequired\":true,\"valueName\":\"search_term_string\"}}],\"inLanguage\":\"tr\"},{\"@type\":\"Person\",\"@id\":\"https:\\\/\\\/kibrisdakik.com\\\/#\\\/schema\\\/person\\\/9cd9d437bbb44f72b73ba127e06d8e79\",\"name\":\"admin\",\"image\":{\"@type\":\"ImageObject\",\"inLanguage\":\"tr\",\"@id\":\"https:\\\/\\\/secure.gravatar.com\\\/avatar\\\/ccc17943b9d660506c869530f897617f7cb1c21a4bf30023f252596d83e1f007?s=96&d=mm&r=g\",\"url\":\"https:\\\/\\\/secure.gravatar.com\\\/avatar\\\/ccc17943b9d660506c869530f897617f7cb1c21a4bf30023f252596d83e1f007?s=96&d=mm&r=g\",\"contentUrl\":\"https:\\\/\\\/secure.gravatar.com\\\/avatar\\\/ccc17943b9d660506c869530f897617f7cb1c21a4bf30023f252596d83e1f007?s=96&d=mm&r=g\",\"caption\":\"admin\"},\"sameAs\":[\"https:\\\/\\\/kibrisdakik.com\"],\"url\":\"https:\\\/\\\/kibrisdakik.com\\\/?author=1\"}]}<\/script>\n<!-- \/ Yoast SEO plugin. -->","yoast_head_json":{"title":"Fuat Oktay, \u0130ngiltere Parlamentosundaki KKTC Dostluk Grubu ile \u201cK\u0131br\u0131s meselesinin \u00e7\u00f6z\u00fclmesi ve ambargolar\u0131n kald\u0131r\u0131lmas\u0131 konular\u0131n\u0131\u201d ele ald\u0131 -","robots":{"index":"index","follow":"follow","max-snippet":"max-snippet:-1","max-image-preview":"max-image-preview:large","max-video-preview":"max-video-preview:-1"},"canonical":"https:\/\/kibrisdakik.com\/?p=29479","og_locale":"tr_TR","og_type":"article","og_title":"Fuat Oktay, \u0130ngiltere Parlamentosundaki KKTC Dostluk Grubu ile \u201cK\u0131br\u0131s meselesinin \u00e7\u00f6z\u00fclmesi ve ambargolar\u0131n kald\u0131r\u0131lmas\u0131 konular\u0131n\u0131\u201d ele ald\u0131 -","og_description":"Resmi temaslarda bulunmak \u00fczere \u0130ngiltere&#8217;nin ba\u015fkenti Londra&#8217;y\u0131 ziyaret eden Oktay ve Komisyon \u00fcyelerinden olu\u015fan heyet, 2 g\u00fcn s\u00fcren temaslar\u0131n\u0131n ard\u0131ndan bas\u0131na de\u011ferlendirmelerde bulundu. Oktay, Komisyon ad\u0131na yapt\u0131\u011f\u0131 konu\u015fmada, Londra&#8217;da yo\u011fun g\u00f6r\u00fc\u015fmeler ger\u00e7ekle\u015ftirdiklerini belirterek, ziyaretin ilk g\u00fcn\u00fcnde \u0130ngiltere Parlamentosunda temaslarda bulunduklar\u0131n\u0131, ikinci g\u00fcn de sivil toplum kurulu\u015flar\u0131n\u0131n temsilcileriyle bir araya geldiklerini s\u00f6yledi. \u0130lk toplant\u0131y\u0131 Avam Kamaras\u0131","og_url":"https:\/\/kibrisdakik.com\/?p=29479","article_published_time":"2024-02-09T09:03:00+00:00","og_image":[{"width":710,"height":370,"url":"https:\/\/kibrisdakik.com\/wp-content\/uploads\/2024\/02\/fuat-oktay-ingiltere-parlamentosundaki-kktc-dostluk-grubu-ile-kibris-meselesinin-cozulmesi-ve-ambargolarin-kaldirilmasi-konularini-ele-aldi-1707466323.webp.webp","type":"image\/webp"}],"author":"admin","twitter_card":"summary_large_image","twitter_misc":{"Yazan:":"admin","Tahmini okuma s\u00fcresi":"3 dakika"},"schema":{"@context":"https:\/\/schema.org","@graph":[{"@type":"Article","@id":"https:\/\/kibrisdakik.com\/?p=29479#article","isPartOf":{"@id":"https:\/\/kibrisdakik.com\/?p=29479"},"author":{"name":"admin","@id":"https:\/\/kibrisdakik.com\/#\/schema\/person\/9cd9d437bbb44f72b73ba127e06d8e79"},"headline":"Fuat Oktay, \u0130ngiltere Parlamentosundaki KKTC Dostluk Grubu ile \u201cK\u0131br\u0131s meselesinin \u00e7\u00f6z\u00fclmesi ve ambargolar\u0131n kald\u0131r\u0131lmas\u0131 konular\u0131n\u0131\u201d ele ald\u0131","datePublished":"2024-02-09T09:03:00+00:00","mainEntityOfPage":{"@id":"https:\/\/kibrisdakik.com\/?p=29479"},"wordCount":531,"commentCount":0,"image":{"@id":"https:\/\/kibrisdakik.com\/?p=29479#primaryimage"},"thumbnailUrl":"https:\/\/kibrisdakik.com\/wp-content\/uploads\/2024\/02\/fuat-oktay-ingiltere-parlamentosundaki-kktc-dostluk-grubu-ile-kibris-meselesinin-cozulmesi-ve-ambargolarin-kaldirilmasi-konularini-ele-aldi-1707466323.webp.webp","articleSection":["Ekonomi"],"inLanguage":"tr","potentialAction":[{"@type":"CommentAction","name":"Comment","target":["https:\/\/kibrisdakik.com\/?p=29479#respond"]}]},{"@type":"WebPage","@id":"https:\/\/kibrisdakik.com\/?p=29479","url":"https:\/\/kibrisdakik.com\/?p=29479","name":"Fuat Oktay, \u0130ngiltere Parlamentosundaki KKTC Dostluk Grubu ile \u201cK\u0131br\u0131s meselesinin \u00e7\u00f6z\u00fclmesi ve ambargolar\u0131n kald\u0131r\u0131lmas\u0131 konular\u0131n\u0131\u201d ele ald\u0131 -","isPartOf":{"@id":"https:\/\/kibrisdakik.com\/#website"},"primaryImageOfPage":{"@id":"https:\/\/kibrisdakik.com\/?p=29479#primaryimage"},"image":{"@id":"https:\/\/kibrisdakik.com\/?p=29479#primaryimage"},"thumbnailUrl":"https:\/\/kibrisdakik.com\/wp-content\/uploads\/2024\/02\/fuat-oktay-ingiltere-parlamentosundaki-kktc-dostluk-grubu-ile-kibris-meselesinin-cozulmesi-ve-ambargolarin-kaldirilmasi-konularini-ele-aldi-1707466323.webp.webp","datePublished":"2024-02-09T09:03:00+00:00","author":{"@id":"https:\/\/kibrisdakik.com\/#\/schema\/person\/9cd9d437bbb44f72b73ba127e06d8e79"},"breadcrumb":{"@id":"https:\/\/kibrisdakik.com\/?p=29479#breadcrumb"},"inLanguage":"tr","potentialAction":[{"@type":"ReadAction","target":["https:\/\/kibrisdakik.com\/?p=29479"]}]},{"@type":"ImageObject","inLanguage":"tr","@id":"https:\/\/kibrisdakik.com\/?p=29479#primaryimage","url":"https:\/\/kibrisdakik.com\/wp-content\/uploads\/2024\/02\/fuat-oktay-ingiltere-parlamentosundaki-kktc-dostluk-grubu-ile-kibris-meselesinin-cozulmesi-ve-ambargolarin-kaldirilmasi-konularini-ele-aldi-1707466323.webp.webp","contentUrl":"https:\/\/kibrisdakik.com\/wp-content\/uploads\/2024\/02\/fuat-oktay-ingiltere-parlamentosundaki-kktc-dostluk-grubu-ile-kibris-meselesinin-cozulmesi-ve-ambargolarin-kaldirilmasi-konularini-ele-aldi-1707466323.webp.webp","width":710,"height":370},{"@type":"BreadcrumbList","@id":"https:\/\/kibrisdakik.com\/?p=29479#breadcrumb","itemListElement":[{"@type":"ListItem","position":1,"name":"Home","item":"https:\/\/kibrisdakik.com\/"},{"@type":"ListItem","position":2,"name":"Fuat Oktay, \u0130ngiltere Parlamentosundaki KKTC Dostluk Grubu ile \u201cK\u0131br\u0131s meselesinin \u00e7\u00f6z\u00fclmesi ve ambargolar\u0131n kald\u0131r\u0131lmas\u0131 konular\u0131n\u0131\u201d ele ald\u0131"}]},{"@type":"WebSite","@id":"https:\/\/kibrisdakik.com\/#website","url":"https:\/\/kibrisdakik.com\/","name":"","description":"Tam vaktinde haber","potentialAction":[{"@type":"SearchAction","target":{"@type":"EntryPoint","urlTemplate":"https:\/\/kibrisdakik.com\/?s={search_term_string}"},"query-input":{"@type":"PropertyValueSpecification","valueRequired":true,"valueName":"search_term_string"}}],"inLanguage":"tr"},{"@type":"Person","@id":"https:\/\/kibrisdakik.com\/#\/schema\/person\/9cd9d437bbb44f72b73ba127e06d8e79","name":"admin","image":{"@type":"ImageObject","inLanguage":"tr","@id":"https:\/\/secure.gravatar.com\/avatar\/ccc17943b9d660506c869530f897617f7cb1c21a4bf30023f252596d83e1f007?s=96&d=mm&r=g","url":"https:\/\/secure.gravatar.com\/avatar\/ccc17943b9d660506c869530f897617f7cb1c21a4bf30023f252596d83e1f007?s=96&d=mm&r=g","contentUrl":"https:\/\/secure.gravatar.com\/avatar\/ccc17943b9d660506c869530f897617f7cb1c21a4bf30023f252596d83e1f007?s=96&d=mm&r=g","caption":"admin"},"sameAs":["https:\/\/kibrisdakik.com"],"url":"https:\/\/kibrisdakik.com\/?author=1"}]}},"_links":{"self":[{"href":"https:\/\/kibrisdakik.com\/index.php?rest_route=\/wp\/v2\/posts\/29479","targetHints":{"allow":["GET"]}}],"collection":[{"href":"https:\/\/kibrisdakik.com\/index.php?rest_route=\/wp\/v2\/posts"}],"about":[{"href":"https:\/\/kibrisdakik.com\/index.php?rest_route=\/wp\/v2\/types\/post"}],"author":[{"embeddable":true,"href":"https:\/\/kibrisdakik.com\/index.php?rest_route=\/wp\/v2\/users\/1"}],"replies":[{"embeddable":true,"href":"https:\/\/kibrisdakik.com\/index.php?rest_route=%2Fwp%2Fv2%2Fcomments&post=29479"}],"version-history":[{"count":0,"href":"https:\/\/kibrisdakik.com\/index.php?rest_route=\/wp\/v2\/posts\/29479\/revisions"}],"wp:featuredmedia":[{"embeddable":true,"href":"https:\/\/kibrisdakik.com\/index.php?rest_route=\/wp\/v2\/media\/29480"}],"wp:attachment":[{"href":"https:\/\/kibrisdakik.com\/index.php?rest_route=%2Fwp%2Fv2%2Fmedia&parent=29479"}],"wp:term":[{"taxonomy":"category","embeddable":true,"href":"https:\/\/kibrisdakik.com\/index.php?rest_route=%2Fwp%2Fv2%2Fcategories&post=29479"},{"taxonomy":"post_tag","embeddable":true,"href":"https:\/\/kibrisdakik.com\/index.php?rest_route=%2Fwp%2Fv2%2Ftags&post=29479"}],"curies":[{"name":"wp","href":"https:\/\/api.w.org\/{rel}","templated":true}]}}