{"id":29519,"date":"2024-02-09T14:13:31","date_gmt":"2024-02-09T14:13:31","guid":{"rendered":"https:\/\/kibrisdakik.com\/index.php\/2024\/02\/09\/ertugruloglu-maria-angela-holguin-cuellardan-bir-beklentimiz-yok\/"},"modified":"2024-02-09T14:13:31","modified_gmt":"2024-02-09T14:13:31","slug":"ertugruloglu-maria-angela-holguin-cuellardan-bir-beklentimiz-yok","status":"publish","type":"post","link":"https:\/\/kibrisdakik.com\/?p=29519","title":{"rendered":"Ertu\u011frulo\u011flu: Maria Angela Holguin Cuellar&#039;dan bir beklentimiz yok"},"content":{"rendered":"<p><img decoding=\"async\" src=\"https:\/\/www.kibristurk.com\/images\/haberler\/2024\/02\/ertugruloglu-maria-angela-holguin-cuellardan-bir-beklentimiz-yok-1707485900.webp\" \/><\/p>\n<p style=\"text-align:left\"><span style=\"font-size:16px\"><span style=\"font-family:Merriweather,serif !important\"><span style=\"color:#000000\"><span style=\"background-color:#ffffff\">Ankara&#8217;da bas\u0131n mensuplar\u0131yla bir araya gelen Ertu\u011frulo\u011flu, ziyaretine ili\u015fkin a\u00e7\u0131klamalarda bulundu ve g\u00fcndeme ili\u015fkin sorular\u0131 yan\u0131tlad\u0131.<\/span><\/span><\/span><\/span><\/p>\n<p style=\"text-align:left\"><span style=\"font-size:16px\"><span style=\"font-family:Merriweather,serif !important\"><span style=\"color:#000000\"><span style=\"background-color:#ffffff\">T\u00fcrkiye&#8217;deki ziyaretlerinde Cumhurba\u015fkan\u0131 Yard\u0131mc\u0131s\u0131 Cevdet Y\u0131lmaz, D\u0131\u015fi\u015fleri Bakan\u0131 Hakan Fidan ve Milli Savunma Bakan\u0131 Ya\u015far G\u00fcler ile temaslarda bulundu\u011funu kaydeden Ertu\u011frulo\u011flu, Guterres&#8217;in K\u0131br\u0131s \u015eahsi Temsilcisi Cuellar&#8217;\u0131n T\u00fcrkiye&#8217;deki temaslar\u0131n\u0131n en g\u00fcncel konular\u0131 oldu\u011funu s\u00f6yledi.<\/span><\/span><\/span><\/span><\/p>\n<p style=\"text-align:left\"><span style=\"font-size:16px\"><span style=\"font-family:Merriweather,serif !important\"><span style=\"color:#000000\"><span style=\"background-color:#ffffff\">Ertu\u011frulo\u011flu, 2017&#8217;de Crans Montana&#8217;da \u00e7\u00f6ken m\u00fczakere s\u00fcrecinin devam\u0131n\u0131n m\u00fcmk\u00fcn olup olmad\u0131\u011f\u0131 y\u00f6n\u00fcnde bir aray\u0131\u015f\u0131n oldu\u011funu dile getirerek, &#8220;Bu aray\u0131\u015f\u0131n nedeni, T\u00fcrk taraf\u0131n\u0131n dik duru\u015funu y\u0131pratmak, bizim g\u00fcvenimizi sarsmak, bu oyunu g\u00f6r\u00fcyoruz.&#8221; diye konu\u015ftu.<\/span><\/span><\/span><\/span><\/p>\n<p style=\"text-align:left\"><span style=\"font-size:16px\"><span style=\"font-family:Merriweather,serif !important\"><span style=\"color:#000000\"><span style=\"background-color:#ffffff\">Cuellar&#8217;\u0131n ve BM G\u00fcvenlik Konseyi (BMGK) \u00fcyelerinin kendi siyasetlerinin ba\u015far\u0131ya ula\u015fmas\u0131 i\u00e7in b\u00f6yle bir g\u00f6revlendirmeyi talep ettiklerini anlatan Ertu\u011frulo\u011flu, Rum taraf\u0131 BM taraf\u0131ndan devlet muamelesi g\u00f6rd\u00fc\u011f\u00fc s\u00fcrece &#8220;ortak zeminin&#8221; s\u00f6z konusu olamayaca\u011f\u0131n\u0131, m\u00fczakere s\u00fcrecinden hi\u00e7bir olumlu sonu\u00e7 al\u0131namayaca\u011f\u0131n\u0131 vurgulad\u0131.<\/span><\/span><\/span><\/span><\/p>\n<p style=\"text-align:left\"><span style=\"font-size:16px\"><span style=\"font-family:Merriweather,serif !important\"><span style=\"color:#000000\"><span style=\"background-color:#ffffff\">Ertu\u011frulo\u011flu, &#8220;K\u0131br\u0131s sorununun \u00e7\u00f6z\u00fclmesinden bahsediyor herkes, g\u00fczel, \u00e7\u00f6z\u00fcls\u00fcn ama \u00f6nce K\u0131br\u0131s sorununun ne sorunu oldu\u011funu \u00f6\u011frenelim. Yanl\u0131\u015f te\u015fhis koyulmu\u015f bir sorunu \u00e7\u00f6zmek m\u00fcmk\u00fcn de\u011fil. Yanl\u0131\u015f te\u015fhis koyduktan sonra da \u00f6nerece\u011finiz hi\u00e7bir \u015fey bu sorunu \u00e7\u00f6zmeyecektir.&#8221; ifadelerini kulland\u0131.<\/span><\/span><\/span><\/span><\/p>\n<p style=\"text-align:left\"><span style=\"font-size:16px\"><span style=\"font-family:Merriweather,serif !important\"><span style=\"color:#000000\"><span style=\"background-color:#ffffff\">Bug\u00fcn Rum taraf\u0131n\u0131n Avrupa Birli\u011fi (AB) \u00fcyeli\u011finin de KKTC&#8217;ye kar\u015f\u0131 kullan\u0131lan en b\u00fcy\u00fck silahlardan biri oldu\u011funun alt\u0131n\u0131 \u00e7izen Ertu\u011frulo\u011flu, &#8220;K\u0131br\u0131s T\u00fcrk&#8217;\u00fcne BMGK&#8217;nin 5 daimi \u00fcyesi ve AB haks\u0131zl\u0131k yapmaya devam ediyor.&#8221; dedi.<\/span><\/span><\/span><\/span><\/p>\n<p style=\"text-align:left\"><span style=\"font-size:16px\"><span style=\"font-family:Merriweather,serif !important\"><span style=\"color:#000000\"><span style=\"background-color:#ffffff\">&#8211; &#8220;(BM K\u0131br\u0131s \u015eahsi Temsilcisi) Ondan herhangi bir beklentimiz yok&#8221;<\/span><\/span><\/span><\/span><\/p>\n<p style=\"text-align:left\"><span style=\"font-size:16px\"><span style=\"font-family:Merriweather,serif !important\"><span style=\"color:#000000\"><span style=\"background-color:#ffffff\">Ertu\u011frulo\u011flu, Cuellar&#8217;\u0131n K\u0131br\u0131s konusunu bilmedi\u011fini aktararak, \u015funlar\u0131 kaydetti:<\/span><\/span><\/span><\/span><\/p>\n<p style=\"text-align:left\"><span style=\"font-size:16px\"><span style=\"font-family:Merriweather,serif !important\"><span style=\"color:#000000\"><span style=\"background-color:#ffffff\">&#8220;Ondan herhangi bir beklentimiz de yok. Olmas\u0131 da m\u00fcmk\u00fcn de\u011fil. K\u0131br\u0131s konusunu zaten bilmiyor, 6 ayl\u0131k s\u00fcre i\u00e7erisinde in\u015fallah yapaca\u011f\u0131 temaslardan bu konunun ne oldu\u011funu iyice saptayabilecektir. Ama BM G\u00fcvenlik Konseyinin 5 daimi \u00fcyesinin etki alan\u0131 i\u00e7erisine girer ve ger\u00e7eklerle ba\u011fda\u015fmayan bir yakla\u015f\u0131m sergilerse bu sadece kendisinin inan\u0131l\u0131rl\u0131\u011f\u0131n\u0131 y\u0131pratacakt\u0131r.&#8221;<\/span><\/span><\/span><\/span><\/p>\n<p style=\"text-align:left\"><span style=\"font-size:16px\"><span style=\"font-family:Merriweather,serif !important\"><span style=\"color:#000000\"><span style=\"background-color:#ffffff\">AB&#8217;nin K\u0131br\u0131s sorununun taraf\u0131 oldu\u011funu, bu hatan\u0131n da bilincine vard\u0131\u011f\u0131n\u0131 dile getiren Ertu\u011frulo\u011flu, &#8220;Ancak AB&#8217;nin bunu d\u00fczeltebilecek kapasiteleri yok. AB&#8217;de karar mekanizmas\u0131 oy birli\u011fi gerektirir. Bir \u00fcye reddetti\u011fi takdirde karar al\u0131nam\u0131yor. AB&#8217;nin yapt\u0131\u011f\u0131 bu hatay\u0131 d\u00fczeltebilmesi i\u00e7in Rumlar\u0131n ve Yunanl\u0131lar\u0131n oy vermeleri gerekiyor. B\u00f6yle bir olas\u0131l\u0131k s\u00f6z konusu de\u011fil.&#8221; diye konu\u015ftu.<\/span><\/span><\/span><\/span><\/p>\n<p style=\"text-align:left\">&nbsp;<\/p>\n<p style=\"text-align:left\"><span style=\"font-size:16px\"><span style=\"font-family:Merriweather,serif !important\"><span style=\"color:#000000\"><span style=\"background-color:#ffffff\">&#8220;Ayn\u0131 Ada&#8217;da oluyor olmam\u0131z, ge\u00e7mi\u015fte ortak olmu\u015f olmam\u0131z, bizim Allah&#8217;\u0131n emriymi\u015f gibi mutlaka Rumlarla bir ortakl\u0131kta bulunmam\u0131z gibi bir mecburiyetimiz oldu\u011fu anlam\u0131n\u0131 \u00e7\u0131karmaz.&#8221; diyen Ertu\u011frulo\u011flu, \u015f\u00f6yle devam etti:<\/span><\/span><\/span><\/span><\/p>\n<p style=\"text-align:left\"><span style=\"font-size:16px\"><span style=\"font-family:Merriweather,serif !important\"><span style=\"color:#000000\"><span style=\"background-color:#ffffff\">&#8220;Ger\u00e7ek bir ortakl\u0131k cumhuriyeti vard\u0131. Ana vatan\u0131m\u0131z taraf\u0131ndan da garanti edilmi\u015f bir ortakl\u0131k vard\u0131. Bu ortakl\u0131\u011f\u0131 hazmetmeyen, kabul etmeyen, kabul eder gibi g\u00f6r\u00fcn\u00fcp mecburiyetten en m\u00fcsait zaman\u0131nda bozma kararlar\u0131 ile hareket eden bir Rum ortak vard\u0131 ki bozdular da. D\u00fcnya ne yapt\u0131? Ortakl\u0131\u011f\u0131 bozan\u0131 \u00f6d\u00fcllendirdi, ortakl\u0131ktan at\u0131lan, haks\u0131zl\u0131\u011fa u\u011frayan taraf\u0131, bizi bug\u00fcne kadar cezaland\u0131r\u0131yor.&#8221;<\/span><\/span><\/span><\/span><\/p>\n<p style=\"text-align:left\"><span style=\"font-size:16px\"><span style=\"font-family:Merriweather,serif !important\"><span style=\"color:#000000\"><span style=\"background-color:#ffffff\">Ertu\u011frulo\u011flu, KKTC&#8217;nin TDT&#8217;ye g\u00f6zlemci \u00fcyelik karar\u0131na imza atan \u00fcye \u00fclkelerin gere\u011fini yapmad\u0131\u011f\u0131n\u0131 belirterek, bu s\u0131k\u0131nt\u0131lar\u0131 ya\u015famaya devam ettiklerini belirtti.<\/span><\/span><\/span><\/span><\/p>\n<p style=\"text-align:left\"><span style=\"font-size:16px\"><span style=\"font-family:Merriweather,serif !important\"><span style=\"color:#000000\"><span style=\"background-color:#ffffff\">Rum taraf\u0131n\u0131n TDT&#8217;ye \u00fcye \u00fclkelerde el\u00e7ilikler a\u00e7maya ba\u015flad\u0131\u011f\u0131n\u0131 kaydeden Ertu\u011frulo\u011flu, &#8220;AB&#8217;yi bu \u00fclkelerle ili\u015fkilerde sonuna kadar kullan\u0131yor.&#8221; dedi.<\/span><\/span><\/span><\/span><\/p>\n<p style=\"text-align:left\"><span style=\"font-size:16px\"><span style=\"font-family:Merriweather,serif !important\"><span style=\"color:#000000\"><span style=\"background-color:#ffffff\">Ertu\u011frulo\u011flu, \u0130slam \u0130\u015fbirli\u011fi Te\u015fkilat\u0131&#8217;n\u0131n toplant\u0131lar\u0131nda da ka\u011f\u0131t \u00fczerinde \u00e7ok g\u00fczel kararlar al\u0131nd\u0131\u011f\u0131n\u0131 vurgulayarak, bunlar\u0131n uyguland\u0131klar\u0131n\u0131 hi\u00e7bir zaman g\u00f6rmediklerine i\u015faret etti.<\/span><\/span><\/span><\/span><\/p>\n<p style=\"text-align:left\"><span style=\"font-size:16px\"><span style=\"font-family:Merriweather,serif !important\"><span style=\"color:#000000\"><span style=\"background-color:#ffffff\">&#8211; &#8220;Do\u011fu Akdeniz T\u00fcrk ulusunun davas\u0131d\u0131r&#8221;<\/span><\/span><\/span><\/span><\/p>\n<p style=\"text-align:left\"><span style=\"font-size:16px\"><span style=\"font-family:Merriweather,serif !important\"><span style=\"color:#000000\"><span style=\"background-color:#ffffff\">Do\u011fu Akdeniz&#8217;in d\u00fcnyan\u0131n en hassas noktalar\u0131ndan biri oldu\u011funa ve b\u00fcy\u00fck g\u00fc\u00e7lerin burada \u00e7\u0131karlar\u0131 oldu\u011funa dikkati \u00e7eken Ertu\u011frulo\u011flu, &#8220;Biz Do\u011fu Akdeniz&#8217;deki haklar\u0131m\u0131z\u0131, hukukumuzu, T\u00fcrk ulusunun bir hassasiyeti, bir meselesi g\u00f6rmeyece\u011fiz de bunlar\u0131n kendi ulusal \u00e7\u0131karlar\u0131n\u0131 beslemeye \u00e7al\u0131\u015fmalar\u0131na sempatiyle mi bakaca\u011f\u0131z?&#8221; diye sordu.<\/span><\/span><\/span><\/span><\/p>\n<p style=\"text-align:left\"><span style=\"font-size:16px\"><span style=\"font-family:Merriweather,serif !important\"><span style=\"color:#000000\"><span style=\"background-color:#ffffff\">KKTC&#8217;nin tan\u0131nmas\u0131n\u0131n ana hedefleri oldu\u011funu belirten Ertu\u011frulo\u011flu, &#8220;Do\u011fu Akdeniz T\u00fcrk ulusunun davas\u0131d\u0131r.&#8221; dedi.<\/span><\/span><\/span><\/span><\/p>\n<p style=\"text-align:left\"><span style=\"font-size:16px\"><span style=\"font-family:Merriweather,serif !important\"><span style=\"color:#000000\"><span style=\"background-color:#ffffff\">Ertu\u011frulo\u011flu, BM Bar\u0131\u015f G\u00fcc\u00fc&#8217;ne ili\u015fkin \u015fu de\u011ferlendirmede bulundu:<\/span><\/span><\/span><\/span><\/p>\n<p style=\"text-align:left\"><span style=\"font-size:16px\"><span style=\"font-family:Merriweather,serif !important\"><span style=\"color:#000000\"><span style=\"background-color:#ffffff\">&#8220;BM ile aram\u0131zda bir mutabakat olmas\u0131 gerekir. E\u011fer bizim topraklar\u0131m\u0131zda g\u00f6rev yapacaklarsa, bunda bizim onay\u0131m\u0131z\u0131n oldu\u011funun ortaya \u00e7\u0131kmas\u0131 laz\u0131m. S\u00f6zde K\u0131br\u0131s cumhuriyetinin mutabakat\u0131yla gelip Kuzey K\u0131br\u0131s T\u00fcrk Cumhuriyeti&#8217;nde g\u00f6rev yapmalar\u0131n\u0131n kabul edilir olmad\u0131\u011f\u0131n\u0131 s\u00f6ylemeye \u00e7al\u0131\u015f\u0131yoruz. Bu do\u011frultudaki giri\u015fimlerimiz devam ediyor.&#8221;<\/span><\/span><\/span><\/span><\/p>\n<p style=\"text-align:left\"><span style=\"font-size:16px\"><span style=\"font-family:Merriweather,serif !important\"><span style=\"color:#000000\"><span style=\"background-color:#ffffff\">D\u0131\u015fi\u015fleri Bakan\u0131 Ertu\u011frulo\u011flu, K\u0131br\u0131s T\u00fcrk&#8217;\u00fcn\u00fcn egemen devlet sahibi bir halk oldu\u011funun kabul edilmesinin anlam\u0131n\u0131n, &#8220;Rumlar\u0131n K\u0131br\u0131s cumhuriyetinin temsilcisinin oldu\u011fu yalan\u0131n\u0131n ortadan kalkmas\u0131&#8221; demek oldu\u011funu vurgulad\u0131.<\/span><\/span><\/span><\/span><\/p>\n<p style=\"text-align:left\"><span style=\"font-size:16px\"><span style=\"font-family:Merriweather,serif !important\"><span style=\"color:#000000\"><span style=\"background-color:#ffffff\">&#8211; &#8220;Rum taraf\u0131n\u0131n silahlanmas\u0131<\/span><\/span><\/span><\/span><\/p>\n<p style=\"text-align:left\"><span style=\"font-size:16px\"><span style=\"font-family:Merriweather,serif !important\"><span style=\"color:#000000\"><span style=\"background-color:#ffffff\">Ertu\u011frulo\u011flu, \u0130srail&#8217;in Gazze&#8217;deki katliam\u0131na ili\u015fkin &#8220;Hemen yan\u0131 ba\u015f\u0131m\u0131zda bir soyk\u0131r\u0131m ya\u015fan\u0131yor Gazze&#8217;de. Biz rahat rahat KKTC&#8217;de ya\u015f\u0131yoruz. Niye? T\u00fcrk askerinin varl\u0131\u011f\u0131ndan dolay\u0131.&#8221; dedi.<\/span><\/span><\/span><\/span><\/p>\n<p style=\"text-align:left\"><span style=\"font-size:16px\"><span style=\"font-family:Merriweather,serif !important\"><span style=\"color:#000000\"><span style=\"background-color:#ffffff\">G\u00fcney K\u0131br\u0131s Rum Y\u00f6netimi&#8217;nin silahlanmas\u0131 konusuna da de\u011finen Ertu\u011frulo\u011flu, &#8220;Rum taraf\u0131n\u0131n \u015funu iyice \u00f6\u011frenmesi gerekir. \u0130stedi\u011fi kadar silahlans\u0131n. Bu co\u011frafyada T\u00fcrkiye&#8217;ye kar\u015f\u0131 askeri bir ba\u015far\u0131 sa\u011flama \u015fans\u0131 s\u0131f\u0131r bile de\u011fil. Bo\u015fu bo\u015funa para harc\u0131yorlar. Bo\u015fu bo\u015funa edebiyat yap\u0131yorlar ve kendi halklar\u0131n\u0131 uyutuyorlar. Ak\u0131ll\u0131 olsalar T\u00fcrkiye ile iyi ili\u015fkiler i\u00e7erisine girmenin yolunu bulurlar.&#8221; de\u011ferlendirmesini yapt\u0131.<\/span><\/span><\/span><\/span><\/p>\n<p style=\"text-align:left\">&nbsp;<\/p>\n<p style=\"text-align:left\"><span style=\"font-size:16px\"><span style=\"font-family:Merriweather,serif !important\"><span style=\"color:#000000\"><span style=\"background-color:#ffffff\">Ge\u00e7itkale Havaalan\u0131&#8217;na \u0130HA ve Deniz \u00dcss\u00fc projeleri ile T\u00fcrkiye&#8217;den KKTC&#8217;ye kabloyla elektrik ve denizalt\u0131yla su temini projelerinin son derece \u00f6nemli oldu\u011funun alt\u0131n\u0131 \u00e7izen Ertu\u011frulo\u011flu, &#8220;Bunlar\u0131n hi\u00e7biri Rumlara kar\u015f\u0131 bir silah olsun diye kullan\u0131lm\u0131yor ama Rumlara kar\u015f\u0131 cayd\u0131r\u0131c\u0131 bir unsur olma ad\u0131na ve T\u00fcrk ulusunun g\u00fcvenli\u011fini tehlikeye sokmaya \u00e7al\u0131\u015facaklara bir cevap niteli\u011finde ad\u0131mlard\u0131r.&#8221; diye konu\u015ftu.<\/span><\/span><\/span><\/span><\/p>\n<p style=\"text-align:left\"><span style=\"font-size:16px\"><span style=\"font-family:Merriweather,serif !important\"><span style=\"color:#000000\"><span style=\"background-color:#ffffff\">&#8211; &#8220;Ana vatan\u0131m\u0131z\u0131n g\u00fcc\u00fc kadar g\u00fc\u00e7l\u00fcy\u00fcz&#8221;<\/span><\/span><\/span><\/span><\/p>\n<p style=\"text-align:left\"><span style=\"font-size:16px\"><span style=\"font-family:Merriweather,serif !important\"><span style=\"color:#000000\"><span style=\"background-color:#ffffff\">Rum ve Yunan taraf\u0131n\u0131n \u00f6ng\u00f6rd\u00fc\u011f\u00fc ortak zemin aray\u0131\u015f\u0131n\u0131n Crans Montana&#8217;da kopan m\u00fczakere s\u00fcrecinin devam\u0131 oldu\u011funu aktaran Ertu\u011frulo\u011flu, &#8220;Bizim ana vatanla birlikte hareket etme d\u0131\u015f\u0131nda gidece\u011fimiz bir yol yoktur. Ulusal dava dedi\u011fimiz i\u015fte aynen budur. Sadece bizim meselemiz de\u011fil K\u0131br\u0131s konusu. Bu yolda da ana vatan\u0131m\u0131za sonuna kadar g\u00fcveniyoruz. Ana vatan\u0131m\u0131z\u0131n g\u00fcc\u00fc kadar g\u00fc\u00e7l\u00fcy\u00fcz.&#8221; ifadelerini kulland\u0131.<\/span><\/span><\/span><\/span><\/p>\n<p style=\"text-align:left\"><span style=\"font-size:16px\"><span style=\"font-family:Merriweather,serif !important\"><span style=\"color:#000000\"><span style=\"background-color:#ffffff\">Hak etmedikleri bir \u015feyi talep etmediklerini ve kimsenin hakk\u0131na m\u00fcdahale etmediklerini vurgulayan Ertu\u011frulo\u011flu, &#8220;Ama bizim haklar\u0131m\u0131za, bizim g\u00fcvenli\u011fimize, bizim varl\u0131\u011f\u0131m\u0131za, bizim stat\u00fcm\u00fcze m\u00fcdahale edenleri, bunlar\u0131 inkar edenlere kar\u015f\u0131 da tabii ki m\u00fccadelemize devam edece\u011fiz.&#8221; \u015feklinde konu\u015ftu.<\/span><\/span><\/span><\/span><\/p>\n<p style=\"text-align:left\"><span style=\"font-size:16px\"><span style=\"font-family:Merriweather,serif !important\"><span style=\"color:#000000\"><span style=\"background-color:#ffffff\">&#8211; M\u00fclkiyet sat\u0131\u015flar\u0131<\/span><\/span><\/span><\/span><\/p>\n<p style=\"text-align:left\"><span style=\"font-size:16px\"><span style=\"font-family:Merriweather,serif !important\"><span style=\"color:#000000\"><span style=\"background-color:#ffffff\">Ertu\u011frulo\u011flu, en fazla \u00fczerinde durdu\u011fu \u015feyin &#8220;topra\u011f\u0131n sat\u0131lmamas\u0131&#8221; oldu\u011funu belirterek, &#8220;Leasehold-freehold ayr\u0131m\u0131n\u0131n Kuzey K\u0131br\u0131s T\u00fcrk Cumhuriyeti mevzuat\u0131na getirilmesi gerekiyor. \u00dcst kullan\u0131m hakk\u0131n\u0131, uzun s\u00fcreli kira, onu verelim ama binan\u0131n \u00fczerine in\u015fa edildi\u011fi toprak, devlete kals\u0131n veya ki\u015finin mal\u0131ysa ki\u015fiye kals\u0131n. Alan yabanc\u0131ya gitmesin.&#8221; g\u00f6r\u00fc\u015f\u00fcn\u00fc payla\u015ft\u0131.<\/span><\/span><\/span><\/span><\/p>\n<p style=\"text-align:left\"><span style=\"font-size:16px\"><span style=\"font-family:Merriweather,serif !important\"><span style=\"color:#000000\"><span style=\"background-color:#ffffff\">Buna y\u00f6nelik hukuki haz\u0131rl\u0131klar\u0131n ve \u00e7al\u0131\u015fmalar\u0131n yap\u0131ld\u0131\u011f\u0131n\u0131 kaydeden Ertu\u011frulo\u011flu, \u00fcst kullan\u0131m hakk\u0131n\u0131, kira usul\u00fc uzun s\u00fcreli kiralaman\u0131n bir sak\u0131ncas\u0131 olmad\u0131\u011f\u0131n\u0131 dile getirdi.<\/span><\/span><\/span><\/span><\/p>\n","protected":false},"excerpt":{"rendered":"<p>Ankara&#8217;da bas\u0131n mensuplar\u0131yla bir araya gelen Ertu\u011frulo\u011flu, ziyaretine ili\u015fkin a\u00e7\u0131klamalarda bulundu ve g\u00fcndeme ili\u015fkin sorular\u0131 yan\u0131tlad\u0131. T\u00fcrkiye&#8217;deki ziyaretlerinde Cumhurba\u015fkan\u0131 Yard\u0131mc\u0131s\u0131 Cevdet Y\u0131lmaz, D\u0131\u015fi\u015fleri Bakan\u0131 Hakan Fidan ve Milli Savunma Bakan\u0131 Ya\u015far G\u00fcler ile temaslarda bulundu\u011funu kaydeden Ertu\u011frulo\u011flu, Guterres&#8217;in K\u0131br\u0131s \u015eahsi Temsilcisi Cuellar&#8217;\u0131n T\u00fcrkiye&#8217;deki temaslar\u0131n\u0131n en g\u00fcncel konular\u0131 oldu\u011funu s\u00f6yledi. Ertu\u011frulo\u011flu, 2017&#8217;de Crans Montana&#8217;da \u00e7\u00f6ken m\u00fczakere<\/p>\n","protected":false},"author":1,"featured_media":29520,"comment_status":"open","ping_status":"open","sticky":false,"template":"","format":"standard","meta":{"footnotes":""},"categories":[79],"tags":[],"class_list":["post-29519","post","type-post","status-publish","format-standard","has-post-thumbnail","hentry","category-ekonomi"],"yoast_head":"<!-- This site is optimized with the Yoast SEO plugin v27.5 - https:\/\/yoast.com\/product\/yoast-seo-wordpress\/ -->\n<title>Ertu\u011frulo\u011flu: Maria Angela Holguin Cuellar&#039;dan bir beklentimiz yok -<\/title>\n<meta name=\"robots\" content=\"index, follow, max-snippet:-1, max-image-preview:large, max-video-preview:-1\" \/>\n<link rel=\"canonical\" href=\"https:\/\/kibrisdakik.com\/?p=29519\" \/>\n<meta property=\"og:locale\" content=\"tr_TR\" \/>\n<meta property=\"og:type\" content=\"article\" \/>\n<meta property=\"og:title\" content=\"Ertu\u011frulo\u011flu: Maria Angela Holguin Cuellar&#039;dan bir beklentimiz yok -\" \/>\n<meta property=\"og:description\" content=\"Ankara&#8217;da bas\u0131n mensuplar\u0131yla bir araya gelen Ertu\u011frulo\u011flu, ziyaretine ili\u015fkin a\u00e7\u0131klamalarda bulundu ve g\u00fcndeme ili\u015fkin sorular\u0131 yan\u0131tlad\u0131. T\u00fcrkiye&#8217;deki ziyaretlerinde Cumhurba\u015fkan\u0131 Yard\u0131mc\u0131s\u0131 Cevdet Y\u0131lmaz, D\u0131\u015fi\u015fleri Bakan\u0131 Hakan Fidan ve Milli Savunma Bakan\u0131 Ya\u015far G\u00fcler ile temaslarda bulundu\u011funu kaydeden Ertu\u011frulo\u011flu, Guterres&#8217;in K\u0131br\u0131s \u015eahsi Temsilcisi Cuellar&#8217;\u0131n T\u00fcrkiye&#8217;deki temaslar\u0131n\u0131n en g\u00fcncel konular\u0131 oldu\u011funu s\u00f6yledi. Ertu\u011frulo\u011flu, 2017&#8217;de Crans Montana&#8217;da \u00e7\u00f6ken m\u00fczakere\" \/>\n<meta property=\"og:url\" content=\"https:\/\/kibrisdakik.com\/?p=29519\" \/>\n<meta property=\"article:published_time\" content=\"2024-02-09T14:13:31+00:00\" \/>\n<meta property=\"og:image\" content=\"https:\/\/kibrisdakik.com\/wp-content\/uploads\/2024\/02\/ertugruloglu-maria-angela-holguin-cuellardan-bir-beklentimiz-yok-1707485900.webp.webp\" \/>\n\t<meta property=\"og:image:width\" content=\"710\" \/>\n\t<meta property=\"og:image:height\" content=\"370\" \/>\n\t<meta property=\"og:image:type\" content=\"image\/webp\" \/>\n<meta name=\"author\" content=\"admin\" \/>\n<meta name=\"twitter:card\" content=\"summary_large_image\" \/>\n<meta name=\"twitter:label1\" content=\"Yazan:\" \/>\n\t<meta name=\"twitter:data1\" content=\"admin\" \/>\n\t<meta name=\"twitter:label2\" content=\"Tahmini okuma s\u00fcresi\" \/>\n\t<meta name=\"twitter:data2\" content=\"7 dakika\" \/>\n<script type=\"application\/ld+json\" class=\"yoast-schema-graph\">{\"@context\":\"https:\\\/\\\/schema.org\",\"@graph\":[{\"@type\":\"Article\",\"@id\":\"https:\\\/\\\/kibrisdakik.com\\\/?p=29519#article\",\"isPartOf\":{\"@id\":\"https:\\\/\\\/kibrisdakik.com\\\/?p=29519\"},\"author\":{\"name\":\"admin\",\"@id\":\"https:\\\/\\\/kibrisdakik.com\\\/#\\\/schema\\\/person\\\/9cd9d437bbb44f72b73ba127e06d8e79\"},\"headline\":\"Ertu\u011frulo\u011flu: Maria Angela Holguin Cuellar&#039;dan bir beklentimiz yok\",\"datePublished\":\"2024-02-09T14:13:31+00:00\",\"mainEntityOfPage\":{\"@id\":\"https:\\\/\\\/kibrisdakik.com\\\/?p=29519\"},\"wordCount\":1372,\"commentCount\":0,\"image\":{\"@id\":\"https:\\\/\\\/kibrisdakik.com\\\/?p=29519#primaryimage\"},\"thumbnailUrl\":\"https:\\\/\\\/kibrisdakik.com\\\/wp-content\\\/uploads\\\/2024\\\/02\\\/ertugruloglu-maria-angela-holguin-cuellardan-bir-beklentimiz-yok-1707485900.webp.webp\",\"articleSection\":[\"Ekonomi\"],\"inLanguage\":\"tr\",\"potentialAction\":[{\"@type\":\"CommentAction\",\"name\":\"Comment\",\"target\":[\"https:\\\/\\\/kibrisdakik.com\\\/?p=29519#respond\"]}]},{\"@type\":\"WebPage\",\"@id\":\"https:\\\/\\\/kibrisdakik.com\\\/?p=29519\",\"url\":\"https:\\\/\\\/kibrisdakik.com\\\/?p=29519\",\"name\":\"Ertu\u011frulo\u011flu: Maria Angela Holguin Cuellar&#039;dan bir beklentimiz yok -\",\"isPartOf\":{\"@id\":\"https:\\\/\\\/kibrisdakik.com\\\/#website\"},\"primaryImageOfPage\":{\"@id\":\"https:\\\/\\\/kibrisdakik.com\\\/?p=29519#primaryimage\"},\"image\":{\"@id\":\"https:\\\/\\\/kibrisdakik.com\\\/?p=29519#primaryimage\"},\"thumbnailUrl\":\"https:\\\/\\\/kibrisdakik.com\\\/wp-content\\\/uploads\\\/2024\\\/02\\\/ertugruloglu-maria-angela-holguin-cuellardan-bir-beklentimiz-yok-1707485900.webp.webp\",\"datePublished\":\"2024-02-09T14:13:31+00:00\",\"author\":{\"@id\":\"https:\\\/\\\/kibrisdakik.com\\\/#\\\/schema\\\/person\\\/9cd9d437bbb44f72b73ba127e06d8e79\"},\"breadcrumb\":{\"@id\":\"https:\\\/\\\/kibrisdakik.com\\\/?p=29519#breadcrumb\"},\"inLanguage\":\"tr\",\"potentialAction\":[{\"@type\":\"ReadAction\",\"target\":[\"https:\\\/\\\/kibrisdakik.com\\\/?p=29519\"]}]},{\"@type\":\"ImageObject\",\"inLanguage\":\"tr\",\"@id\":\"https:\\\/\\\/kibrisdakik.com\\\/?p=29519#primaryimage\",\"url\":\"https:\\\/\\\/kibrisdakik.com\\\/wp-content\\\/uploads\\\/2024\\\/02\\\/ertugruloglu-maria-angela-holguin-cuellardan-bir-beklentimiz-yok-1707485900.webp.webp\",\"contentUrl\":\"https:\\\/\\\/kibrisdakik.com\\\/wp-content\\\/uploads\\\/2024\\\/02\\\/ertugruloglu-maria-angela-holguin-cuellardan-bir-beklentimiz-yok-1707485900.webp.webp\",\"width\":710,\"height\":370},{\"@type\":\"BreadcrumbList\",\"@id\":\"https:\\\/\\\/kibrisdakik.com\\\/?p=29519#breadcrumb\",\"itemListElement\":[{\"@type\":\"ListItem\",\"position\":1,\"name\":\"Home\",\"item\":\"https:\\\/\\\/kibrisdakik.com\\\/\"},{\"@type\":\"ListItem\",\"position\":2,\"name\":\"Ertu\u011frulo\u011flu: Maria Angela Holguin Cuellar&#039;dan bir beklentimiz yok\"}]},{\"@type\":\"WebSite\",\"@id\":\"https:\\\/\\\/kibrisdakik.com\\\/#website\",\"url\":\"https:\\\/\\\/kibrisdakik.com\\\/\",\"name\":\"\",\"description\":\"Tam vaktinde haber\",\"potentialAction\":[{\"@type\":\"SearchAction\",\"target\":{\"@type\":\"EntryPoint\",\"urlTemplate\":\"https:\\\/\\\/kibrisdakik.com\\\/?s={search_term_string}\"},\"query-input\":{\"@type\":\"PropertyValueSpecification\",\"valueRequired\":true,\"valueName\":\"search_term_string\"}}],\"inLanguage\":\"tr\"},{\"@type\":\"Person\",\"@id\":\"https:\\\/\\\/kibrisdakik.com\\\/#\\\/schema\\\/person\\\/9cd9d437bbb44f72b73ba127e06d8e79\",\"name\":\"admin\",\"image\":{\"@type\":\"ImageObject\",\"inLanguage\":\"tr\",\"@id\":\"https:\\\/\\\/secure.gravatar.com\\\/avatar\\\/ccc17943b9d660506c869530f897617f7cb1c21a4bf30023f252596d83e1f007?s=96&d=mm&r=g\",\"url\":\"https:\\\/\\\/secure.gravatar.com\\\/avatar\\\/ccc17943b9d660506c869530f897617f7cb1c21a4bf30023f252596d83e1f007?s=96&d=mm&r=g\",\"contentUrl\":\"https:\\\/\\\/secure.gravatar.com\\\/avatar\\\/ccc17943b9d660506c869530f897617f7cb1c21a4bf30023f252596d83e1f007?s=96&d=mm&r=g\",\"caption\":\"admin\"},\"sameAs\":[\"https:\\\/\\\/kibrisdakik.com\"],\"url\":\"https:\\\/\\\/kibrisdakik.com\\\/?author=1\"}]}<\/script>\n<!-- \/ Yoast SEO plugin. -->","yoast_head_json":{"title":"Ertu\u011frulo\u011flu: Maria Angela Holguin Cuellar&#039;dan bir beklentimiz yok -","robots":{"index":"index","follow":"follow","max-snippet":"max-snippet:-1","max-image-preview":"max-image-preview:large","max-video-preview":"max-video-preview:-1"},"canonical":"https:\/\/kibrisdakik.com\/?p=29519","og_locale":"tr_TR","og_type":"article","og_title":"Ertu\u011frulo\u011flu: Maria Angela Holguin Cuellar&#039;dan bir beklentimiz yok -","og_description":"Ankara&#8217;da bas\u0131n mensuplar\u0131yla bir araya gelen Ertu\u011frulo\u011flu, ziyaretine ili\u015fkin a\u00e7\u0131klamalarda bulundu ve g\u00fcndeme ili\u015fkin sorular\u0131 yan\u0131tlad\u0131. T\u00fcrkiye&#8217;deki ziyaretlerinde Cumhurba\u015fkan\u0131 Yard\u0131mc\u0131s\u0131 Cevdet Y\u0131lmaz, D\u0131\u015fi\u015fleri Bakan\u0131 Hakan Fidan ve Milli Savunma Bakan\u0131 Ya\u015far G\u00fcler ile temaslarda bulundu\u011funu kaydeden Ertu\u011frulo\u011flu, Guterres&#8217;in K\u0131br\u0131s \u015eahsi Temsilcisi Cuellar&#8217;\u0131n T\u00fcrkiye&#8217;deki temaslar\u0131n\u0131n en g\u00fcncel konular\u0131 oldu\u011funu s\u00f6yledi. Ertu\u011frulo\u011flu, 2017&#8217;de Crans Montana&#8217;da \u00e7\u00f6ken m\u00fczakere","og_url":"https:\/\/kibrisdakik.com\/?p=29519","article_published_time":"2024-02-09T14:13:31+00:00","og_image":[{"width":710,"height":370,"url":"https:\/\/kibrisdakik.com\/wp-content\/uploads\/2024\/02\/ertugruloglu-maria-angela-holguin-cuellardan-bir-beklentimiz-yok-1707485900.webp.webp","type":"image\/webp"}],"author":"admin","twitter_card":"summary_large_image","twitter_misc":{"Yazan:":"admin","Tahmini okuma s\u00fcresi":"7 dakika"},"schema":{"@context":"https:\/\/schema.org","@graph":[{"@type":"Article","@id":"https:\/\/kibrisdakik.com\/?p=29519#article","isPartOf":{"@id":"https:\/\/kibrisdakik.com\/?p=29519"},"author":{"name":"admin","@id":"https:\/\/kibrisdakik.com\/#\/schema\/person\/9cd9d437bbb44f72b73ba127e06d8e79"},"headline":"Ertu\u011frulo\u011flu: Maria Angela Holguin Cuellar&#039;dan bir beklentimiz yok","datePublished":"2024-02-09T14:13:31+00:00","mainEntityOfPage":{"@id":"https:\/\/kibrisdakik.com\/?p=29519"},"wordCount":1372,"commentCount":0,"image":{"@id":"https:\/\/kibrisdakik.com\/?p=29519#primaryimage"},"thumbnailUrl":"https:\/\/kibrisdakik.com\/wp-content\/uploads\/2024\/02\/ertugruloglu-maria-angela-holguin-cuellardan-bir-beklentimiz-yok-1707485900.webp.webp","articleSection":["Ekonomi"],"inLanguage":"tr","potentialAction":[{"@type":"CommentAction","name":"Comment","target":["https:\/\/kibrisdakik.com\/?p=29519#respond"]}]},{"@type":"WebPage","@id":"https:\/\/kibrisdakik.com\/?p=29519","url":"https:\/\/kibrisdakik.com\/?p=29519","name":"Ertu\u011frulo\u011flu: Maria Angela Holguin Cuellar&#039;dan bir beklentimiz yok -","isPartOf":{"@id":"https:\/\/kibrisdakik.com\/#website"},"primaryImageOfPage":{"@id":"https:\/\/kibrisdakik.com\/?p=29519#primaryimage"},"image":{"@id":"https:\/\/kibrisdakik.com\/?p=29519#primaryimage"},"thumbnailUrl":"https:\/\/kibrisdakik.com\/wp-content\/uploads\/2024\/02\/ertugruloglu-maria-angela-holguin-cuellardan-bir-beklentimiz-yok-1707485900.webp.webp","datePublished":"2024-02-09T14:13:31+00:00","author":{"@id":"https:\/\/kibrisdakik.com\/#\/schema\/person\/9cd9d437bbb44f72b73ba127e06d8e79"},"breadcrumb":{"@id":"https:\/\/kibrisdakik.com\/?p=29519#breadcrumb"},"inLanguage":"tr","potentialAction":[{"@type":"ReadAction","target":["https:\/\/kibrisdakik.com\/?p=29519"]}]},{"@type":"ImageObject","inLanguage":"tr","@id":"https:\/\/kibrisdakik.com\/?p=29519#primaryimage","url":"https:\/\/kibrisdakik.com\/wp-content\/uploads\/2024\/02\/ertugruloglu-maria-angela-holguin-cuellardan-bir-beklentimiz-yok-1707485900.webp.webp","contentUrl":"https:\/\/kibrisdakik.com\/wp-content\/uploads\/2024\/02\/ertugruloglu-maria-angela-holguin-cuellardan-bir-beklentimiz-yok-1707485900.webp.webp","width":710,"height":370},{"@type":"BreadcrumbList","@id":"https:\/\/kibrisdakik.com\/?p=29519#breadcrumb","itemListElement":[{"@type":"ListItem","position":1,"name":"Home","item":"https:\/\/kibrisdakik.com\/"},{"@type":"ListItem","position":2,"name":"Ertu\u011frulo\u011flu: Maria Angela Holguin Cuellar&#039;dan bir beklentimiz yok"}]},{"@type":"WebSite","@id":"https:\/\/kibrisdakik.com\/#website","url":"https:\/\/kibrisdakik.com\/","name":"","description":"Tam vaktinde haber","potentialAction":[{"@type":"SearchAction","target":{"@type":"EntryPoint","urlTemplate":"https:\/\/kibrisdakik.com\/?s={search_term_string}"},"query-input":{"@type":"PropertyValueSpecification","valueRequired":true,"valueName":"search_term_string"}}],"inLanguage":"tr"},{"@type":"Person","@id":"https:\/\/kibrisdakik.com\/#\/schema\/person\/9cd9d437bbb44f72b73ba127e06d8e79","name":"admin","image":{"@type":"ImageObject","inLanguage":"tr","@id":"https:\/\/secure.gravatar.com\/avatar\/ccc17943b9d660506c869530f897617f7cb1c21a4bf30023f252596d83e1f007?s=96&d=mm&r=g","url":"https:\/\/secure.gravatar.com\/avatar\/ccc17943b9d660506c869530f897617f7cb1c21a4bf30023f252596d83e1f007?s=96&d=mm&r=g","contentUrl":"https:\/\/secure.gravatar.com\/avatar\/ccc17943b9d660506c869530f897617f7cb1c21a4bf30023f252596d83e1f007?s=96&d=mm&r=g","caption":"admin"},"sameAs":["https:\/\/kibrisdakik.com"],"url":"https:\/\/kibrisdakik.com\/?author=1"}]}},"_links":{"self":[{"href":"https:\/\/kibrisdakik.com\/index.php?rest_route=\/wp\/v2\/posts\/29519","targetHints":{"allow":["GET"]}}],"collection":[{"href":"https:\/\/kibrisdakik.com\/index.php?rest_route=\/wp\/v2\/posts"}],"about":[{"href":"https:\/\/kibrisdakik.com\/index.php?rest_route=\/wp\/v2\/types\/post"}],"author":[{"embeddable":true,"href":"https:\/\/kibrisdakik.com\/index.php?rest_route=\/wp\/v2\/users\/1"}],"replies":[{"embeddable":true,"href":"https:\/\/kibrisdakik.com\/index.php?rest_route=%2Fwp%2Fv2%2Fcomments&post=29519"}],"version-history":[{"count":0,"href":"https:\/\/kibrisdakik.com\/index.php?rest_route=\/wp\/v2\/posts\/29519\/revisions"}],"wp:featuredmedia":[{"embeddable":true,"href":"https:\/\/kibrisdakik.com\/index.php?rest_route=\/wp\/v2\/media\/29520"}],"wp:attachment":[{"href":"https:\/\/kibrisdakik.com\/index.php?rest_route=%2Fwp%2Fv2%2Fmedia&parent=29519"}],"wp:term":[{"taxonomy":"category","embeddable":true,"href":"https:\/\/kibrisdakik.com\/index.php?rest_route=%2Fwp%2Fv2%2Fcategories&post=29519"},{"taxonomy":"post_tag","embeddable":true,"href":"https:\/\/kibrisdakik.com\/index.php?rest_route=%2Fwp%2Fv2%2Ftags&post=29519"}],"curies":[{"name":"wp","href":"https:\/\/api.w.org\/{rel}","templated":true}]}}