{"id":29537,"date":"2024-02-09T16:07:53","date_gmt":"2024-02-09T16:07:53","guid":{"rendered":"https:\/\/kibrisdakik.com\/index.php\/2024\/02\/09\/polisten-suruculere-uyari-pazar-gunu-kaplica-tatlisu-sahil-seridi-yolu-uzerinde-bisiklet-yarisi-yapilacak\/"},"modified":"2024-02-09T16:07:53","modified_gmt":"2024-02-09T16:07:53","slug":"polisten-suruculere-uyari-pazar-gunu-kaplica-tatlisu-sahil-seridi-yolu-uzerinde-bisiklet-yarisi-yapilacak","status":"publish","type":"post","link":"https:\/\/kibrisdakik.com\/?p=29537","title":{"rendered":"Polisten s\u00fcr\u00fcc\u00fclere uyar\u0131\u2026 Pazar g\u00fcn\u00fc Kapl\u0131ca-Tatl\u0131su Sahil \u015eeridi Yolu \u00fczerinde bisiklet yar\u0131\u015f\u0131 yap\u0131lacak"},"content":{"rendered":"<p><img decoding=\"async\" src=\"https:\/\/www.kibristurk.com\/images\/haberler\/2024\/02\/polisten-suruculere-uyari-pazar-gunu-kaplica-tatlisu-sahil-seridi-yolu-uzerinde-bisiklet-yarisi-yapilacak-1707494124.webp\" \/><\/p>\n<p style=\"text-align:left\"><span style=\"font-size:16px\"><span style=\"font-family:Merriweather,serif !important\"><span style=\"color:#000000\"><span style=\"background-color:#ffffff\">Polis Bas\u0131n Subayl\u0131\u011f\u0131\u2019ndan yap\u0131lan a\u00e7\u0131klamada, belirtilen tarih ve saatler aras\u0131nda, bisikletli sporcular\u0131n, Kapl\u0131ca\u2019da yar\u0131\u015fa ba\u015flay\u0131p, Kapl\u0131ca-Tatl\u0131su Sahil \u015eeridi Yolunu takiben Zambak Tatil K\u00f6y\u00fcne gelerek, yar\u0131\u015f\u0131 burada bitirece\u011fi ifade edildi.<\/span><\/span><\/span><\/span><\/p>\n<p style=\"text-align:left\"><span style=\"font-size:16px\"><span style=\"font-family:Merriweather,serif !important\"><span style=\"color:#000000\"><span style=\"background-color:#ffffff\">Yar\u0131\u015f s\u00fcresince bisikletli sporculara Polis Eskortunun e\u015flik edece\u011fi belirtilen a\u00e7\u0131klamada, bahse konu yol g\u00fczergah\u0131n\u0131 kullanacak s\u00fcr\u00fcc\u00fclerin kendileri ile sporcular\u0131n can ve mal g\u00fcvenlikleri a\u00e7\u0131s\u0131ndan yava\u015f ve dikkatli seyretmeleri, ayr\u0131ca trafik i\u015faret ve i\u015faret\u00e7ilerine uymalar\u0131 istendi.<\/span><\/span><\/span><\/span><\/p>\n","protected":false},"excerpt":{"rendered":"<p>Polis Bas\u0131n Subayl\u0131\u011f\u0131\u2019ndan yap\u0131lan a\u00e7\u0131klamada, belirtilen tarih ve saatler aras\u0131nda, bisikletli sporcular\u0131n, Kapl\u0131ca\u2019da yar\u0131\u015fa ba\u015flay\u0131p, Kapl\u0131ca-Tatl\u0131su Sahil \u015eeridi Yolunu takiben Zambak Tatil K\u00f6y\u00fcne gelerek, yar\u0131\u015f\u0131 burada bitirece\u011fi ifade edildi. Yar\u0131\u015f s\u00fcresince bisikletli sporculara Polis Eskortunun e\u015flik edece\u011fi belirtilen a\u00e7\u0131klamada, bahse konu yol g\u00fczergah\u0131n\u0131 kullanacak s\u00fcr\u00fcc\u00fclerin kendileri ile sporcular\u0131n can ve mal g\u00fcvenlikleri a\u00e7\u0131s\u0131ndan yava\u015f ve<\/p>\n","protected":false},"author":1,"featured_media":29538,"comment_status":"open","ping_status":"open","sticky":false,"template":"","format":"standard","meta":{"footnotes":""},"categories":[85],"tags":[],"class_list":["post-29537","post","type-post","status-publish","format-standard","has-post-thumbnail","hentry","category-spor"],"yoast_head":"<!-- This site is optimized with the Yoast SEO plugin v27.4 - https:\/\/yoast.com\/product\/yoast-seo-wordpress\/ -->\n<title>Polisten s\u00fcr\u00fcc\u00fclere uyar\u0131\u2026 Pazar g\u00fcn\u00fc Kapl\u0131ca-Tatl\u0131su Sahil \u015eeridi Yolu \u00fczerinde bisiklet yar\u0131\u015f\u0131 yap\u0131lacak -<\/title>\n<meta name=\"robots\" content=\"index, follow, max-snippet:-1, max-image-preview:large, max-video-preview:-1\" \/>\n<link rel=\"canonical\" href=\"https:\/\/kibrisdakik.com\/?p=29537\" \/>\n<meta property=\"og:locale\" content=\"tr_TR\" \/>\n<meta property=\"og:type\" content=\"article\" \/>\n<meta property=\"og:title\" content=\"Polisten s\u00fcr\u00fcc\u00fclere uyar\u0131\u2026 Pazar g\u00fcn\u00fc Kapl\u0131ca-Tatl\u0131su Sahil \u015eeridi Yolu \u00fczerinde bisiklet yar\u0131\u015f\u0131 yap\u0131lacak -\" \/>\n<meta property=\"og:description\" content=\"Polis Bas\u0131n Subayl\u0131\u011f\u0131\u2019ndan yap\u0131lan a\u00e7\u0131klamada, belirtilen tarih ve saatler aras\u0131nda, bisikletli sporcular\u0131n, Kapl\u0131ca\u2019da yar\u0131\u015fa ba\u015flay\u0131p, Kapl\u0131ca-Tatl\u0131su Sahil \u015eeridi Yolunu takiben Zambak Tatil K\u00f6y\u00fcne gelerek, yar\u0131\u015f\u0131 burada bitirece\u011fi ifade edildi. Yar\u0131\u015f s\u00fcresince bisikletli sporculara Polis Eskortunun e\u015flik edece\u011fi belirtilen a\u00e7\u0131klamada, bahse konu yol g\u00fczergah\u0131n\u0131 kullanacak s\u00fcr\u00fcc\u00fclerin kendileri ile sporcular\u0131n can ve mal g\u00fcvenlikleri a\u00e7\u0131s\u0131ndan yava\u015f ve\" \/>\n<meta property=\"og:url\" content=\"https:\/\/kibrisdakik.com\/?p=29537\" \/>\n<meta property=\"article:published_time\" content=\"2024-02-09T16:07:53+00:00\" \/>\n<meta property=\"og:image\" content=\"https:\/\/kibrisdakik.com\/wp-content\/uploads\/2024\/02\/polisten-suruculere-uyari-pazar-gunu-kaplica-tatlisu-sahil-seridi-yolu-uzerinde-bisiklet-yarisi-yapilacak-1707494124.webp.webp\" \/>\n\t<meta property=\"og:image:width\" content=\"710\" \/>\n\t<meta property=\"og:image:height\" content=\"370\" \/>\n\t<meta property=\"og:image:type\" content=\"image\/webp\" \/>\n<meta name=\"author\" content=\"admin\" \/>\n<meta name=\"twitter:card\" content=\"summary_large_image\" \/>\n<meta name=\"twitter:label1\" content=\"Yazan:\" \/>\n\t<meta name=\"twitter:data1\" content=\"admin\" \/>\n<script type=\"application\/ld+json\" class=\"yoast-schema-graph\">{\"@context\":\"https:\\\/\\\/schema.org\",\"@graph\":[{\"@type\":\"Article\",\"@id\":\"https:\\\/\\\/kibrisdakik.com\\\/?p=29537#article\",\"isPartOf\":{\"@id\":\"https:\\\/\\\/kibrisdakik.com\\\/?p=29537\"},\"author\":{\"name\":\"admin\",\"@id\":\"https:\\\/\\\/kibrisdakik.com\\\/#\\\/schema\\\/person\\\/9cd9d437bbb44f72b73ba127e06d8e79\"},\"headline\":\"Polisten s\u00fcr\u00fcc\u00fclere uyar\u0131\u2026 Pazar g\u00fcn\u00fc Kapl\u0131ca-Tatl\u0131su Sahil \u015eeridi Yolu \u00fczerinde bisiklet yar\u0131\u015f\u0131 yap\u0131lacak\",\"datePublished\":\"2024-02-09T16:07:53+00:00\",\"mainEntityOfPage\":{\"@id\":\"https:\\\/\\\/kibrisdakik.com\\\/?p=29537\"},\"wordCount\":117,\"commentCount\":0,\"image\":{\"@id\":\"https:\\\/\\\/kibrisdakik.com\\\/?p=29537#primaryimage\"},\"thumbnailUrl\":\"https:\\\/\\\/kibrisdakik.com\\\/wp-content\\\/uploads\\\/2024\\\/02\\\/polisten-suruculere-uyari-pazar-gunu-kaplica-tatlisu-sahil-seridi-yolu-uzerinde-bisiklet-yarisi-yapilacak-1707494124.webp.webp\",\"articleSection\":[\"Spor\"],\"inLanguage\":\"tr\",\"potentialAction\":[{\"@type\":\"CommentAction\",\"name\":\"Comment\",\"target\":[\"https:\\\/\\\/kibrisdakik.com\\\/?p=29537#respond\"]}]},{\"@type\":\"WebPage\",\"@id\":\"https:\\\/\\\/kibrisdakik.com\\\/?p=29537\",\"url\":\"https:\\\/\\\/kibrisdakik.com\\\/?p=29537\",\"name\":\"Polisten s\u00fcr\u00fcc\u00fclere uyar\u0131\u2026 Pazar g\u00fcn\u00fc Kapl\u0131ca-Tatl\u0131su Sahil \u015eeridi Yolu \u00fczerinde bisiklet yar\u0131\u015f\u0131 yap\u0131lacak -\",\"isPartOf\":{\"@id\":\"https:\\\/\\\/kibrisdakik.com\\\/#website\"},\"primaryImageOfPage\":{\"@id\":\"https:\\\/\\\/kibrisdakik.com\\\/?p=29537#primaryimage\"},\"image\":{\"@id\":\"https:\\\/\\\/kibrisdakik.com\\\/?p=29537#primaryimage\"},\"thumbnailUrl\":\"https:\\\/\\\/kibrisdakik.com\\\/wp-content\\\/uploads\\\/2024\\\/02\\\/polisten-suruculere-uyari-pazar-gunu-kaplica-tatlisu-sahil-seridi-yolu-uzerinde-bisiklet-yarisi-yapilacak-1707494124.webp.webp\",\"datePublished\":\"2024-02-09T16:07:53+00:00\",\"author\":{\"@id\":\"https:\\\/\\\/kibrisdakik.com\\\/#\\\/schema\\\/person\\\/9cd9d437bbb44f72b73ba127e06d8e79\"},\"breadcrumb\":{\"@id\":\"https:\\\/\\\/kibrisdakik.com\\\/?p=29537#breadcrumb\"},\"inLanguage\":\"tr\",\"potentialAction\":[{\"@type\":\"ReadAction\",\"target\":[\"https:\\\/\\\/kibrisdakik.com\\\/?p=29537\"]}]},{\"@type\":\"ImageObject\",\"inLanguage\":\"tr\",\"@id\":\"https:\\\/\\\/kibrisdakik.com\\\/?p=29537#primaryimage\",\"url\":\"https:\\\/\\\/kibrisdakik.com\\\/wp-content\\\/uploads\\\/2024\\\/02\\\/polisten-suruculere-uyari-pazar-gunu-kaplica-tatlisu-sahil-seridi-yolu-uzerinde-bisiklet-yarisi-yapilacak-1707494124.webp.webp\",\"contentUrl\":\"https:\\\/\\\/kibrisdakik.com\\\/wp-content\\\/uploads\\\/2024\\\/02\\\/polisten-suruculere-uyari-pazar-gunu-kaplica-tatlisu-sahil-seridi-yolu-uzerinde-bisiklet-yarisi-yapilacak-1707494124.webp.webp\",\"width\":710,\"height\":370},{\"@type\":\"BreadcrumbList\",\"@id\":\"https:\\\/\\\/kibrisdakik.com\\\/?p=29537#breadcrumb\",\"itemListElement\":[{\"@type\":\"ListItem\",\"position\":1,\"name\":\"Home\",\"item\":\"https:\\\/\\\/kibrisdakik.com\\\/\"},{\"@type\":\"ListItem\",\"position\":2,\"name\":\"Polisten s\u00fcr\u00fcc\u00fclere uyar\u0131\u2026 Pazar g\u00fcn\u00fc Kapl\u0131ca-Tatl\u0131su Sahil \u015eeridi Yolu \u00fczerinde bisiklet yar\u0131\u015f\u0131 yap\u0131lacak\"}]},{\"@type\":\"WebSite\",\"@id\":\"https:\\\/\\\/kibrisdakik.com\\\/#website\",\"url\":\"https:\\\/\\\/kibrisdakik.com\\\/\",\"name\":\"\",\"description\":\"Tam vaktinde haber\",\"potentialAction\":[{\"@type\":\"SearchAction\",\"target\":{\"@type\":\"EntryPoint\",\"urlTemplate\":\"https:\\\/\\\/kibrisdakik.com\\\/?s={search_term_string}\"},\"query-input\":{\"@type\":\"PropertyValueSpecification\",\"valueRequired\":true,\"valueName\":\"search_term_string\"}}],\"inLanguage\":\"tr\"},{\"@type\":\"Person\",\"@id\":\"https:\\\/\\\/kibrisdakik.com\\\/#\\\/schema\\\/person\\\/9cd9d437bbb44f72b73ba127e06d8e79\",\"name\":\"admin\",\"image\":{\"@type\":\"ImageObject\",\"inLanguage\":\"tr\",\"@id\":\"https:\\\/\\\/secure.gravatar.com\\\/avatar\\\/ccc17943b9d660506c869530f897617f7cb1c21a4bf30023f252596d83e1f007?s=96&d=mm&r=g\",\"url\":\"https:\\\/\\\/secure.gravatar.com\\\/avatar\\\/ccc17943b9d660506c869530f897617f7cb1c21a4bf30023f252596d83e1f007?s=96&d=mm&r=g\",\"contentUrl\":\"https:\\\/\\\/secure.gravatar.com\\\/avatar\\\/ccc17943b9d660506c869530f897617f7cb1c21a4bf30023f252596d83e1f007?s=96&d=mm&r=g\",\"caption\":\"admin\"},\"sameAs\":[\"https:\\\/\\\/kibrisdakik.com\"],\"url\":\"https:\\\/\\\/kibrisdakik.com\\\/?author=1\"}]}<\/script>\n<!-- \/ Yoast SEO plugin. -->","yoast_head_json":{"title":"Polisten s\u00fcr\u00fcc\u00fclere uyar\u0131\u2026 Pazar g\u00fcn\u00fc Kapl\u0131ca-Tatl\u0131su Sahil \u015eeridi Yolu \u00fczerinde bisiklet yar\u0131\u015f\u0131 yap\u0131lacak -","robots":{"index":"index","follow":"follow","max-snippet":"max-snippet:-1","max-image-preview":"max-image-preview:large","max-video-preview":"max-video-preview:-1"},"canonical":"https:\/\/kibrisdakik.com\/?p=29537","og_locale":"tr_TR","og_type":"article","og_title":"Polisten s\u00fcr\u00fcc\u00fclere uyar\u0131\u2026 Pazar g\u00fcn\u00fc Kapl\u0131ca-Tatl\u0131su Sahil \u015eeridi Yolu \u00fczerinde bisiklet yar\u0131\u015f\u0131 yap\u0131lacak -","og_description":"Polis Bas\u0131n Subayl\u0131\u011f\u0131\u2019ndan yap\u0131lan a\u00e7\u0131klamada, belirtilen tarih ve saatler aras\u0131nda, bisikletli sporcular\u0131n, Kapl\u0131ca\u2019da yar\u0131\u015fa ba\u015flay\u0131p, Kapl\u0131ca-Tatl\u0131su Sahil \u015eeridi Yolunu takiben Zambak Tatil K\u00f6y\u00fcne gelerek, yar\u0131\u015f\u0131 burada bitirece\u011fi ifade edildi. Yar\u0131\u015f s\u00fcresince bisikletli sporculara Polis Eskortunun e\u015flik edece\u011fi belirtilen a\u00e7\u0131klamada, bahse konu yol g\u00fczergah\u0131n\u0131 kullanacak s\u00fcr\u00fcc\u00fclerin kendileri ile sporcular\u0131n can ve mal g\u00fcvenlikleri a\u00e7\u0131s\u0131ndan yava\u015f ve","og_url":"https:\/\/kibrisdakik.com\/?p=29537","article_published_time":"2024-02-09T16:07:53+00:00","og_image":[{"width":710,"height":370,"url":"https:\/\/kibrisdakik.com\/wp-content\/uploads\/2024\/02\/polisten-suruculere-uyari-pazar-gunu-kaplica-tatlisu-sahil-seridi-yolu-uzerinde-bisiklet-yarisi-yapilacak-1707494124.webp.webp","type":"image\/webp"}],"author":"admin","twitter_card":"summary_large_image","twitter_misc":{"Yazan:":"admin"},"schema":{"@context":"https:\/\/schema.org","@graph":[{"@type":"Article","@id":"https:\/\/kibrisdakik.com\/?p=29537#article","isPartOf":{"@id":"https:\/\/kibrisdakik.com\/?p=29537"},"author":{"name":"admin","@id":"https:\/\/kibrisdakik.com\/#\/schema\/person\/9cd9d437bbb44f72b73ba127e06d8e79"},"headline":"Polisten s\u00fcr\u00fcc\u00fclere uyar\u0131\u2026 Pazar g\u00fcn\u00fc Kapl\u0131ca-Tatl\u0131su Sahil \u015eeridi Yolu \u00fczerinde bisiklet yar\u0131\u015f\u0131 yap\u0131lacak","datePublished":"2024-02-09T16:07:53+00:00","mainEntityOfPage":{"@id":"https:\/\/kibrisdakik.com\/?p=29537"},"wordCount":117,"commentCount":0,"image":{"@id":"https:\/\/kibrisdakik.com\/?p=29537#primaryimage"},"thumbnailUrl":"https:\/\/kibrisdakik.com\/wp-content\/uploads\/2024\/02\/polisten-suruculere-uyari-pazar-gunu-kaplica-tatlisu-sahil-seridi-yolu-uzerinde-bisiklet-yarisi-yapilacak-1707494124.webp.webp","articleSection":["Spor"],"inLanguage":"tr","potentialAction":[{"@type":"CommentAction","name":"Comment","target":["https:\/\/kibrisdakik.com\/?p=29537#respond"]}]},{"@type":"WebPage","@id":"https:\/\/kibrisdakik.com\/?p=29537","url":"https:\/\/kibrisdakik.com\/?p=29537","name":"Polisten s\u00fcr\u00fcc\u00fclere uyar\u0131\u2026 Pazar g\u00fcn\u00fc Kapl\u0131ca-Tatl\u0131su Sahil \u015eeridi Yolu \u00fczerinde bisiklet yar\u0131\u015f\u0131 yap\u0131lacak -","isPartOf":{"@id":"https:\/\/kibrisdakik.com\/#website"},"primaryImageOfPage":{"@id":"https:\/\/kibrisdakik.com\/?p=29537#primaryimage"},"image":{"@id":"https:\/\/kibrisdakik.com\/?p=29537#primaryimage"},"thumbnailUrl":"https:\/\/kibrisdakik.com\/wp-content\/uploads\/2024\/02\/polisten-suruculere-uyari-pazar-gunu-kaplica-tatlisu-sahil-seridi-yolu-uzerinde-bisiklet-yarisi-yapilacak-1707494124.webp.webp","datePublished":"2024-02-09T16:07:53+00:00","author":{"@id":"https:\/\/kibrisdakik.com\/#\/schema\/person\/9cd9d437bbb44f72b73ba127e06d8e79"},"breadcrumb":{"@id":"https:\/\/kibrisdakik.com\/?p=29537#breadcrumb"},"inLanguage":"tr","potentialAction":[{"@type":"ReadAction","target":["https:\/\/kibrisdakik.com\/?p=29537"]}]},{"@type":"ImageObject","inLanguage":"tr","@id":"https:\/\/kibrisdakik.com\/?p=29537#primaryimage","url":"https:\/\/kibrisdakik.com\/wp-content\/uploads\/2024\/02\/polisten-suruculere-uyari-pazar-gunu-kaplica-tatlisu-sahil-seridi-yolu-uzerinde-bisiklet-yarisi-yapilacak-1707494124.webp.webp","contentUrl":"https:\/\/kibrisdakik.com\/wp-content\/uploads\/2024\/02\/polisten-suruculere-uyari-pazar-gunu-kaplica-tatlisu-sahil-seridi-yolu-uzerinde-bisiklet-yarisi-yapilacak-1707494124.webp.webp","width":710,"height":370},{"@type":"BreadcrumbList","@id":"https:\/\/kibrisdakik.com\/?p=29537#breadcrumb","itemListElement":[{"@type":"ListItem","position":1,"name":"Home","item":"https:\/\/kibrisdakik.com\/"},{"@type":"ListItem","position":2,"name":"Polisten s\u00fcr\u00fcc\u00fclere uyar\u0131\u2026 Pazar g\u00fcn\u00fc Kapl\u0131ca-Tatl\u0131su Sahil \u015eeridi Yolu \u00fczerinde bisiklet yar\u0131\u015f\u0131 yap\u0131lacak"}]},{"@type":"WebSite","@id":"https:\/\/kibrisdakik.com\/#website","url":"https:\/\/kibrisdakik.com\/","name":"","description":"Tam vaktinde haber","potentialAction":[{"@type":"SearchAction","target":{"@type":"EntryPoint","urlTemplate":"https:\/\/kibrisdakik.com\/?s={search_term_string}"},"query-input":{"@type":"PropertyValueSpecification","valueRequired":true,"valueName":"search_term_string"}}],"inLanguage":"tr"},{"@type":"Person","@id":"https:\/\/kibrisdakik.com\/#\/schema\/person\/9cd9d437bbb44f72b73ba127e06d8e79","name":"admin","image":{"@type":"ImageObject","inLanguage":"tr","@id":"https:\/\/secure.gravatar.com\/avatar\/ccc17943b9d660506c869530f897617f7cb1c21a4bf30023f252596d83e1f007?s=96&d=mm&r=g","url":"https:\/\/secure.gravatar.com\/avatar\/ccc17943b9d660506c869530f897617f7cb1c21a4bf30023f252596d83e1f007?s=96&d=mm&r=g","contentUrl":"https:\/\/secure.gravatar.com\/avatar\/ccc17943b9d660506c869530f897617f7cb1c21a4bf30023f252596d83e1f007?s=96&d=mm&r=g","caption":"admin"},"sameAs":["https:\/\/kibrisdakik.com"],"url":"https:\/\/kibrisdakik.com\/?author=1"}]}},"_links":{"self":[{"href":"https:\/\/kibrisdakik.com\/index.php?rest_route=\/wp\/v2\/posts\/29537","targetHints":{"allow":["GET"]}}],"collection":[{"href":"https:\/\/kibrisdakik.com\/index.php?rest_route=\/wp\/v2\/posts"}],"about":[{"href":"https:\/\/kibrisdakik.com\/index.php?rest_route=\/wp\/v2\/types\/post"}],"author":[{"embeddable":true,"href":"https:\/\/kibrisdakik.com\/index.php?rest_route=\/wp\/v2\/users\/1"}],"replies":[{"embeddable":true,"href":"https:\/\/kibrisdakik.com\/index.php?rest_route=%2Fwp%2Fv2%2Fcomments&post=29537"}],"version-history":[{"count":0,"href":"https:\/\/kibrisdakik.com\/index.php?rest_route=\/wp\/v2\/posts\/29537\/revisions"}],"wp:featuredmedia":[{"embeddable":true,"href":"https:\/\/kibrisdakik.com\/index.php?rest_route=\/wp\/v2\/media\/29538"}],"wp:attachment":[{"href":"https:\/\/kibrisdakik.com\/index.php?rest_route=%2Fwp%2Fv2%2Fmedia&parent=29537"}],"wp:term":[{"taxonomy":"category","embeddable":true,"href":"https:\/\/kibrisdakik.com\/index.php?rest_route=%2Fwp%2Fv2%2Fcategories&post=29537"},{"taxonomy":"post_tag","embeddable":true,"href":"https:\/\/kibrisdakik.com\/index.php?rest_route=%2Fwp%2Fv2%2Ftags&post=29537"}],"curies":[{"name":"wp","href":"https:\/\/api.w.org\/{rel}","templated":true}]}}