{"id":29559,"date":"2024-02-09T18:09:55","date_gmt":"2024-02-09T18:09:55","guid":{"rendered":"https:\/\/kibrisdakik.com\/index.php\/2024\/02\/09\/ozersay-maliye-bakanligi-arikli-hakkinda-vergi-incelemesi-baslatti\/"},"modified":"2024-02-09T18:09:55","modified_gmt":"2024-02-09T18:09:55","slug":"ozersay-maliye-bakanligi-arikli-hakkinda-vergi-incelemesi-baslatti","status":"publish","type":"post","link":"https:\/\/kibrisdakik.com\/?p=29559","title":{"rendered":"\u00d6zersay: \u201cMaliye Bakanl\u0131\u011f\u0131, Ar\u0131kl\u0131 hakk\u0131nda vergi incelemesi ba\u015flatt\u0131\u201d"},"content":{"rendered":"<p><img decoding=\"async\" src=\"https:\/\/www.kibristurk.com\/images\/haberler\/2024\/02\/ozersay-maliye-bakanligi-arikli-hakkinda-vergi-incelemesi-baslatti-1707492109.webp\" \/><\/p>\n<p style=\"text-align:left\"><span style=\"font-size:16px\"><span style=\"font-family:Merriweather,serif !important\"><span style=\"color:#000000\"><span style=\"background-color:#ffffff\">\u00d6zersay yapt\u0131\u011f\u0131 a\u00e7\u0131klamada, \u201cHat\u0131rlanaca\u011f\u0131 \u00fczere yakla\u015f\u0131k \u00fc\u00e7 hafta \u00f6nce say\u0131n Ar\u0131kl\u0131\u2019n\u0131n servetinin kayna\u011f\u0131 olarak g\u00f6sterdi\u011fi \u015firketler ve di\u011fer gelirleri ba\u011flam\u0131nda devlete vergi verip vermedi\u011fi hakk\u0131nda Maliye Bakanl\u0131\u011f\u0131\u2019na sorular sormu\u015f ve say\u0131n Ar\u0131kl\u0131\u2019n\u0131n a\u00e7\u0131klamas\u0131nda s\u00f6yledi\u011fi \u015fekilde bir gelir s\u00f6z konusuysa bu gelirlere dair ne kadar vergi verdi\u011fini sorgulam\u0131\u015ft\u0131k. Ba\u015fvurumuzda ayr\u0131ca geriye do\u011fru yedi y\u0131l i\u00e7erisinde bir vergi incelemesi yap\u0131lmas\u0131 talebinde de bulunmu\u015ftuk. Taraf\u0131m\u0131za g\u00f6nderilen resmi yaz\u0131da vergi incelemesi yap\u0131ld\u0131\u011f\u0131 bilgisi verilmektedir. Bunu kamuoyu ile payla\u015fmak istiyoruz\u201d ifadelerini kulland\u0131.<\/span><\/span><\/span><\/span><\/p>\n<p style=\"text-align:left\"><span style=\"font-size:16px\"><span style=\"font-family:Merriweather,serif !important\"><span style=\"color:#000000\"><span style=\"background-color:#ffffff\">\u201cMemleketin d\u00fczl\u00fc\u011fe \u00e7\u0131kabilmesi ancak ve ancak temiz ve d\u00fcr\u00fcst siyasetle m\u00fcmk\u00fcnd\u00fcr\u201d diyen \u00d6zersay, \u201cBunun i\u00e7in de g\u00f6revde bulunan herkesin mal varl\u0131\u011f\u0131n\u0131n, servetinin kayna\u011f\u0131n\u0131 hi\u00e7 \u00e7ekinmeden \u015feffaf \u015fekilde izah edebiliyor konumda olmal\u0131d\u0131r. \u00d6zellikle Bakanl\u0131k ve benzeri g\u00f6revlere geldikten sonra ani baz\u0131 zenginle\u015fmeler olduysa, servetinde, mal varl\u0131\u011f\u0131nda art\u0131\u015f olduysa kamuoyunu da ikna edebilecek makul a\u00e7\u0131klamalar yap\u0131lmas\u0131 bir ihtiya\u00e7t\u0131r\u201d dedi.<\/span><\/span><\/span><\/span><\/p>\n<p style=\"text-align:left\">&nbsp;<\/p>\n<p style=\"text-align:left\"><span style=\"font-size:16px\"><span style=\"font-family:Merriweather,serif !important\"><span style=\"color:#000000\"><span style=\"background-color:#ffffff\">Devlet kademelerinde bulunanlar\u0131n g\u00fcven verecek \u015fekilde mal beyan\u0131nda bulunmalar\u0131 gerekti\u011fine i\u015faret eden \u00d6zersay, \u201cBiz Halk\u0131n Partisi olarak bu konular\u0131n takip\u00e7isi olmaya devam edece\u011fiz\u201d ifadelerini kulland\u0131.<\/span><\/span><\/span><\/span><\/p>\n","protected":false},"excerpt":{"rendered":"<p>\u00d6zersay yapt\u0131\u011f\u0131 a\u00e7\u0131klamada, \u201cHat\u0131rlanaca\u011f\u0131 \u00fczere yakla\u015f\u0131k \u00fc\u00e7 hafta \u00f6nce say\u0131n Ar\u0131kl\u0131\u2019n\u0131n servetinin kayna\u011f\u0131 olarak g\u00f6sterdi\u011fi \u015firketler ve di\u011fer gelirleri ba\u011flam\u0131nda devlete vergi verip vermedi\u011fi hakk\u0131nda Maliye Bakanl\u0131\u011f\u0131\u2019na sorular sormu\u015f ve say\u0131n Ar\u0131kl\u0131\u2019n\u0131n a\u00e7\u0131klamas\u0131nda s\u00f6yledi\u011fi \u015fekilde bir gelir s\u00f6z konusuysa bu gelirlere dair ne kadar vergi verdi\u011fini sorgulam\u0131\u015ft\u0131k. Ba\u015fvurumuzda ayr\u0131ca geriye do\u011fru yedi y\u0131l i\u00e7erisinde bir<\/p>\n","protected":false},"author":1,"featured_media":29560,"comment_status":"open","ping_status":"open","sticky":false,"template":"","format":"standard","meta":{"footnotes":""},"categories":[85],"tags":[],"class_list":["post-29559","post","type-post","status-publish","format-standard","has-post-thumbnail","hentry","category-spor"],"yoast_head":"<!-- This site is optimized with the Yoast SEO plugin v27.5 - https:\/\/yoast.com\/product\/yoast-seo-wordpress\/ -->\n<title>\u00d6zersay: \u201cMaliye Bakanl\u0131\u011f\u0131, Ar\u0131kl\u0131 hakk\u0131nda vergi incelemesi ba\u015flatt\u0131\u201d -<\/title>\n<meta name=\"robots\" content=\"index, follow, max-snippet:-1, max-image-preview:large, max-video-preview:-1\" \/>\n<link rel=\"canonical\" href=\"https:\/\/kibrisdakik.com\/?p=29559\" \/>\n<meta property=\"og:locale\" content=\"tr_TR\" \/>\n<meta property=\"og:type\" content=\"article\" \/>\n<meta property=\"og:title\" content=\"\u00d6zersay: \u201cMaliye Bakanl\u0131\u011f\u0131, Ar\u0131kl\u0131 hakk\u0131nda vergi incelemesi ba\u015flatt\u0131\u201d -\" \/>\n<meta property=\"og:description\" content=\"\u00d6zersay yapt\u0131\u011f\u0131 a\u00e7\u0131klamada, \u201cHat\u0131rlanaca\u011f\u0131 \u00fczere yakla\u015f\u0131k \u00fc\u00e7 hafta \u00f6nce say\u0131n Ar\u0131kl\u0131\u2019n\u0131n servetinin kayna\u011f\u0131 olarak g\u00f6sterdi\u011fi \u015firketler ve di\u011fer gelirleri ba\u011flam\u0131nda devlete vergi verip vermedi\u011fi hakk\u0131nda Maliye Bakanl\u0131\u011f\u0131\u2019na sorular sormu\u015f ve say\u0131n Ar\u0131kl\u0131\u2019n\u0131n a\u00e7\u0131klamas\u0131nda s\u00f6yledi\u011fi \u015fekilde bir gelir s\u00f6z konusuysa bu gelirlere dair ne kadar vergi verdi\u011fini sorgulam\u0131\u015ft\u0131k. Ba\u015fvurumuzda ayr\u0131ca geriye do\u011fru yedi y\u0131l i\u00e7erisinde bir\" \/>\n<meta property=\"og:url\" content=\"https:\/\/kibrisdakik.com\/?p=29559\" \/>\n<meta property=\"article:published_time\" content=\"2024-02-09T18:09:55+00:00\" \/>\n<meta property=\"og:image\" content=\"https:\/\/kibrisdakik.com\/wp-content\/uploads\/2024\/02\/ozersay-maliye-bakanligi-arikli-hakkinda-vergi-incelemesi-baslatti-1707492109.webp.webp\" \/>\n\t<meta property=\"og:image:width\" content=\"710\" \/>\n\t<meta property=\"og:image:height\" content=\"370\" \/>\n\t<meta property=\"og:image:type\" content=\"image\/webp\" \/>\n<meta name=\"author\" content=\"admin\" \/>\n<meta name=\"twitter:card\" content=\"summary_large_image\" \/>\n<meta name=\"twitter:label1\" content=\"Yazan:\" \/>\n\t<meta name=\"twitter:data1\" content=\"admin\" \/>\n\t<meta name=\"twitter:label2\" content=\"Tahmini okuma s\u00fcresi\" \/>\n\t<meta name=\"twitter:data2\" content=\"1 dakika\" \/>\n<script type=\"application\/ld+json\" class=\"yoast-schema-graph\">{\"@context\":\"https:\\\/\\\/schema.org\",\"@graph\":[{\"@type\":\"Article\",\"@id\":\"https:\\\/\\\/kibrisdakik.com\\\/?p=29559#article\",\"isPartOf\":{\"@id\":\"https:\\\/\\\/kibrisdakik.com\\\/?p=29559\"},\"author\":{\"name\":\"admin\",\"@id\":\"https:\\\/\\\/kibrisdakik.com\\\/#\\\/schema\\\/person\\\/9cd9d437bbb44f72b73ba127e06d8e79\"},\"headline\":\"\u00d6zersay: \u201cMaliye Bakanl\u0131\u011f\u0131, Ar\u0131kl\u0131 hakk\u0131nda vergi incelemesi ba\u015flatt\u0131\u201d\",\"datePublished\":\"2024-02-09T18:09:55+00:00\",\"mainEntityOfPage\":{\"@id\":\"https:\\\/\\\/kibrisdakik.com\\\/?p=29559\"},\"wordCount\":241,\"commentCount\":0,\"image\":{\"@id\":\"https:\\\/\\\/kibrisdakik.com\\\/?p=29559#primaryimage\"},\"thumbnailUrl\":\"https:\\\/\\\/kibrisdakik.com\\\/wp-content\\\/uploads\\\/2024\\\/02\\\/ozersay-maliye-bakanligi-arikli-hakkinda-vergi-incelemesi-baslatti-1707492109.webp.webp\",\"articleSection\":[\"Spor\"],\"inLanguage\":\"tr\",\"potentialAction\":[{\"@type\":\"CommentAction\",\"name\":\"Comment\",\"target\":[\"https:\\\/\\\/kibrisdakik.com\\\/?p=29559#respond\"]}]},{\"@type\":\"WebPage\",\"@id\":\"https:\\\/\\\/kibrisdakik.com\\\/?p=29559\",\"url\":\"https:\\\/\\\/kibrisdakik.com\\\/?p=29559\",\"name\":\"\u00d6zersay: \u201cMaliye Bakanl\u0131\u011f\u0131, Ar\u0131kl\u0131 hakk\u0131nda vergi incelemesi ba\u015flatt\u0131\u201d -\",\"isPartOf\":{\"@id\":\"https:\\\/\\\/kibrisdakik.com\\\/#website\"},\"primaryImageOfPage\":{\"@id\":\"https:\\\/\\\/kibrisdakik.com\\\/?p=29559#primaryimage\"},\"image\":{\"@id\":\"https:\\\/\\\/kibrisdakik.com\\\/?p=29559#primaryimage\"},\"thumbnailUrl\":\"https:\\\/\\\/kibrisdakik.com\\\/wp-content\\\/uploads\\\/2024\\\/02\\\/ozersay-maliye-bakanligi-arikli-hakkinda-vergi-incelemesi-baslatti-1707492109.webp.webp\",\"datePublished\":\"2024-02-09T18:09:55+00:00\",\"author\":{\"@id\":\"https:\\\/\\\/kibrisdakik.com\\\/#\\\/schema\\\/person\\\/9cd9d437bbb44f72b73ba127e06d8e79\"},\"breadcrumb\":{\"@id\":\"https:\\\/\\\/kibrisdakik.com\\\/?p=29559#breadcrumb\"},\"inLanguage\":\"tr\",\"potentialAction\":[{\"@type\":\"ReadAction\",\"target\":[\"https:\\\/\\\/kibrisdakik.com\\\/?p=29559\"]}]},{\"@type\":\"ImageObject\",\"inLanguage\":\"tr\",\"@id\":\"https:\\\/\\\/kibrisdakik.com\\\/?p=29559#primaryimage\",\"url\":\"https:\\\/\\\/kibrisdakik.com\\\/wp-content\\\/uploads\\\/2024\\\/02\\\/ozersay-maliye-bakanligi-arikli-hakkinda-vergi-incelemesi-baslatti-1707492109.webp.webp\",\"contentUrl\":\"https:\\\/\\\/kibrisdakik.com\\\/wp-content\\\/uploads\\\/2024\\\/02\\\/ozersay-maliye-bakanligi-arikli-hakkinda-vergi-incelemesi-baslatti-1707492109.webp.webp\",\"width\":710,\"height\":370},{\"@type\":\"BreadcrumbList\",\"@id\":\"https:\\\/\\\/kibrisdakik.com\\\/?p=29559#breadcrumb\",\"itemListElement\":[{\"@type\":\"ListItem\",\"position\":1,\"name\":\"Home\",\"item\":\"https:\\\/\\\/kibrisdakik.com\\\/\"},{\"@type\":\"ListItem\",\"position\":2,\"name\":\"\u00d6zersay: \u201cMaliye Bakanl\u0131\u011f\u0131, Ar\u0131kl\u0131 hakk\u0131nda vergi incelemesi ba\u015flatt\u0131\u201d\"}]},{\"@type\":\"WebSite\",\"@id\":\"https:\\\/\\\/kibrisdakik.com\\\/#website\",\"url\":\"https:\\\/\\\/kibrisdakik.com\\\/\",\"name\":\"\",\"description\":\"Tam vaktinde haber\",\"potentialAction\":[{\"@type\":\"SearchAction\",\"target\":{\"@type\":\"EntryPoint\",\"urlTemplate\":\"https:\\\/\\\/kibrisdakik.com\\\/?s={search_term_string}\"},\"query-input\":{\"@type\":\"PropertyValueSpecification\",\"valueRequired\":true,\"valueName\":\"search_term_string\"}}],\"inLanguage\":\"tr\"},{\"@type\":\"Person\",\"@id\":\"https:\\\/\\\/kibrisdakik.com\\\/#\\\/schema\\\/person\\\/9cd9d437bbb44f72b73ba127e06d8e79\",\"name\":\"admin\",\"image\":{\"@type\":\"ImageObject\",\"inLanguage\":\"tr\",\"@id\":\"https:\\\/\\\/secure.gravatar.com\\\/avatar\\\/ccc17943b9d660506c869530f897617f7cb1c21a4bf30023f252596d83e1f007?s=96&d=mm&r=g\",\"url\":\"https:\\\/\\\/secure.gravatar.com\\\/avatar\\\/ccc17943b9d660506c869530f897617f7cb1c21a4bf30023f252596d83e1f007?s=96&d=mm&r=g\",\"contentUrl\":\"https:\\\/\\\/secure.gravatar.com\\\/avatar\\\/ccc17943b9d660506c869530f897617f7cb1c21a4bf30023f252596d83e1f007?s=96&d=mm&r=g\",\"caption\":\"admin\"},\"sameAs\":[\"https:\\\/\\\/kibrisdakik.com\"],\"url\":\"https:\\\/\\\/kibrisdakik.com\\\/?author=1\"}]}<\/script>\n<!-- \/ Yoast SEO plugin. -->","yoast_head_json":{"title":"\u00d6zersay: \u201cMaliye Bakanl\u0131\u011f\u0131, Ar\u0131kl\u0131 hakk\u0131nda vergi incelemesi ba\u015flatt\u0131\u201d -","robots":{"index":"index","follow":"follow","max-snippet":"max-snippet:-1","max-image-preview":"max-image-preview:large","max-video-preview":"max-video-preview:-1"},"canonical":"https:\/\/kibrisdakik.com\/?p=29559","og_locale":"tr_TR","og_type":"article","og_title":"\u00d6zersay: \u201cMaliye Bakanl\u0131\u011f\u0131, Ar\u0131kl\u0131 hakk\u0131nda vergi incelemesi ba\u015flatt\u0131\u201d -","og_description":"\u00d6zersay yapt\u0131\u011f\u0131 a\u00e7\u0131klamada, \u201cHat\u0131rlanaca\u011f\u0131 \u00fczere yakla\u015f\u0131k \u00fc\u00e7 hafta \u00f6nce say\u0131n Ar\u0131kl\u0131\u2019n\u0131n servetinin kayna\u011f\u0131 olarak g\u00f6sterdi\u011fi \u015firketler ve di\u011fer gelirleri ba\u011flam\u0131nda devlete vergi verip vermedi\u011fi hakk\u0131nda Maliye Bakanl\u0131\u011f\u0131\u2019na sorular sormu\u015f ve say\u0131n Ar\u0131kl\u0131\u2019n\u0131n a\u00e7\u0131klamas\u0131nda s\u00f6yledi\u011fi \u015fekilde bir gelir s\u00f6z konusuysa bu gelirlere dair ne kadar vergi verdi\u011fini sorgulam\u0131\u015ft\u0131k. Ba\u015fvurumuzda ayr\u0131ca geriye do\u011fru yedi y\u0131l i\u00e7erisinde bir","og_url":"https:\/\/kibrisdakik.com\/?p=29559","article_published_time":"2024-02-09T18:09:55+00:00","og_image":[{"width":710,"height":370,"url":"https:\/\/kibrisdakik.com\/wp-content\/uploads\/2024\/02\/ozersay-maliye-bakanligi-arikli-hakkinda-vergi-incelemesi-baslatti-1707492109.webp.webp","type":"image\/webp"}],"author":"admin","twitter_card":"summary_large_image","twitter_misc":{"Yazan:":"admin","Tahmini okuma s\u00fcresi":"1 dakika"},"schema":{"@context":"https:\/\/schema.org","@graph":[{"@type":"Article","@id":"https:\/\/kibrisdakik.com\/?p=29559#article","isPartOf":{"@id":"https:\/\/kibrisdakik.com\/?p=29559"},"author":{"name":"admin","@id":"https:\/\/kibrisdakik.com\/#\/schema\/person\/9cd9d437bbb44f72b73ba127e06d8e79"},"headline":"\u00d6zersay: \u201cMaliye Bakanl\u0131\u011f\u0131, Ar\u0131kl\u0131 hakk\u0131nda vergi incelemesi ba\u015flatt\u0131\u201d","datePublished":"2024-02-09T18:09:55+00:00","mainEntityOfPage":{"@id":"https:\/\/kibrisdakik.com\/?p=29559"},"wordCount":241,"commentCount":0,"image":{"@id":"https:\/\/kibrisdakik.com\/?p=29559#primaryimage"},"thumbnailUrl":"https:\/\/kibrisdakik.com\/wp-content\/uploads\/2024\/02\/ozersay-maliye-bakanligi-arikli-hakkinda-vergi-incelemesi-baslatti-1707492109.webp.webp","articleSection":["Spor"],"inLanguage":"tr","potentialAction":[{"@type":"CommentAction","name":"Comment","target":["https:\/\/kibrisdakik.com\/?p=29559#respond"]}]},{"@type":"WebPage","@id":"https:\/\/kibrisdakik.com\/?p=29559","url":"https:\/\/kibrisdakik.com\/?p=29559","name":"\u00d6zersay: \u201cMaliye Bakanl\u0131\u011f\u0131, Ar\u0131kl\u0131 hakk\u0131nda vergi incelemesi ba\u015flatt\u0131\u201d -","isPartOf":{"@id":"https:\/\/kibrisdakik.com\/#website"},"primaryImageOfPage":{"@id":"https:\/\/kibrisdakik.com\/?p=29559#primaryimage"},"image":{"@id":"https:\/\/kibrisdakik.com\/?p=29559#primaryimage"},"thumbnailUrl":"https:\/\/kibrisdakik.com\/wp-content\/uploads\/2024\/02\/ozersay-maliye-bakanligi-arikli-hakkinda-vergi-incelemesi-baslatti-1707492109.webp.webp","datePublished":"2024-02-09T18:09:55+00:00","author":{"@id":"https:\/\/kibrisdakik.com\/#\/schema\/person\/9cd9d437bbb44f72b73ba127e06d8e79"},"breadcrumb":{"@id":"https:\/\/kibrisdakik.com\/?p=29559#breadcrumb"},"inLanguage":"tr","potentialAction":[{"@type":"ReadAction","target":["https:\/\/kibrisdakik.com\/?p=29559"]}]},{"@type":"ImageObject","inLanguage":"tr","@id":"https:\/\/kibrisdakik.com\/?p=29559#primaryimage","url":"https:\/\/kibrisdakik.com\/wp-content\/uploads\/2024\/02\/ozersay-maliye-bakanligi-arikli-hakkinda-vergi-incelemesi-baslatti-1707492109.webp.webp","contentUrl":"https:\/\/kibrisdakik.com\/wp-content\/uploads\/2024\/02\/ozersay-maliye-bakanligi-arikli-hakkinda-vergi-incelemesi-baslatti-1707492109.webp.webp","width":710,"height":370},{"@type":"BreadcrumbList","@id":"https:\/\/kibrisdakik.com\/?p=29559#breadcrumb","itemListElement":[{"@type":"ListItem","position":1,"name":"Home","item":"https:\/\/kibrisdakik.com\/"},{"@type":"ListItem","position":2,"name":"\u00d6zersay: \u201cMaliye Bakanl\u0131\u011f\u0131, Ar\u0131kl\u0131 hakk\u0131nda vergi incelemesi ba\u015flatt\u0131\u201d"}]},{"@type":"WebSite","@id":"https:\/\/kibrisdakik.com\/#website","url":"https:\/\/kibrisdakik.com\/","name":"","description":"Tam vaktinde haber","potentialAction":[{"@type":"SearchAction","target":{"@type":"EntryPoint","urlTemplate":"https:\/\/kibrisdakik.com\/?s={search_term_string}"},"query-input":{"@type":"PropertyValueSpecification","valueRequired":true,"valueName":"search_term_string"}}],"inLanguage":"tr"},{"@type":"Person","@id":"https:\/\/kibrisdakik.com\/#\/schema\/person\/9cd9d437bbb44f72b73ba127e06d8e79","name":"admin","image":{"@type":"ImageObject","inLanguage":"tr","@id":"https:\/\/secure.gravatar.com\/avatar\/ccc17943b9d660506c869530f897617f7cb1c21a4bf30023f252596d83e1f007?s=96&d=mm&r=g","url":"https:\/\/secure.gravatar.com\/avatar\/ccc17943b9d660506c869530f897617f7cb1c21a4bf30023f252596d83e1f007?s=96&d=mm&r=g","contentUrl":"https:\/\/secure.gravatar.com\/avatar\/ccc17943b9d660506c869530f897617f7cb1c21a4bf30023f252596d83e1f007?s=96&d=mm&r=g","caption":"admin"},"sameAs":["https:\/\/kibrisdakik.com"],"url":"https:\/\/kibrisdakik.com\/?author=1"}]}},"_links":{"self":[{"href":"https:\/\/kibrisdakik.com\/index.php?rest_route=\/wp\/v2\/posts\/29559","targetHints":{"allow":["GET"]}}],"collection":[{"href":"https:\/\/kibrisdakik.com\/index.php?rest_route=\/wp\/v2\/posts"}],"about":[{"href":"https:\/\/kibrisdakik.com\/index.php?rest_route=\/wp\/v2\/types\/post"}],"author":[{"embeddable":true,"href":"https:\/\/kibrisdakik.com\/index.php?rest_route=\/wp\/v2\/users\/1"}],"replies":[{"embeddable":true,"href":"https:\/\/kibrisdakik.com\/index.php?rest_route=%2Fwp%2Fv2%2Fcomments&post=29559"}],"version-history":[{"count":0,"href":"https:\/\/kibrisdakik.com\/index.php?rest_route=\/wp\/v2\/posts\/29559\/revisions"}],"wp:featuredmedia":[{"embeddable":true,"href":"https:\/\/kibrisdakik.com\/index.php?rest_route=\/wp\/v2\/media\/29560"}],"wp:attachment":[{"href":"https:\/\/kibrisdakik.com\/index.php?rest_route=%2Fwp%2Fv2%2Fmedia&parent=29559"}],"wp:term":[{"taxonomy":"category","embeddable":true,"href":"https:\/\/kibrisdakik.com\/index.php?rest_route=%2Fwp%2Fv2%2Fcategories&post=29559"},{"taxonomy":"post_tag","embeddable":true,"href":"https:\/\/kibrisdakik.com\/index.php?rest_route=%2Fwp%2Fv2%2Ftags&post=29559"}],"curies":[{"name":"wp","href":"https:\/\/api.w.org\/{rel}","templated":true}]}}