{"id":29577,"date":"2024-02-10T08:31:56","date_gmt":"2024-02-10T08:31:56","guid":{"rendered":"https:\/\/kibrisdakik.com\/index.php\/2024\/02\/10\/cumhurbaskani-tatar-golf-federasyonu-heyetini-kabul-etti\/"},"modified":"2024-02-10T08:31:56","modified_gmt":"2024-02-10T08:31:56","slug":"cumhurbaskani-tatar-golf-federasyonu-heyetini-kabul-etti","status":"publish","type":"post","link":"https:\/\/kibrisdakik.com\/?p=29577","title":{"rendered":"Cumhurba\u015fkan\u0131 Tatar Golf Federasyonu heyetini kabul etti"},"content":{"rendered":"<p><img decoding=\"async\" src=\"https:\/\/www.kibristurk.com\/images\/haberler\/2024\/02\/cumhurbaskani-tatar-golf-federasyonu-heyetini-kabul-etti-1707552005.webp\" \/><\/p>\n<p style=\"text-align:left\"><span style=\"font-size:16px\"><span style=\"font-family:Merriweather,serif !important\"><span style=\"color:#000000\"><span style=\"background-color:#ffffff\">Cumhurba\u015fkanl\u0131\u011f\u0131ndan yap\u0131lan a\u00e7\u0131klamaya g\u00f6re, Cumhurba\u015fkan\u0131 Ersin Tatar kabuldeki konu\u015fmas\u0131nda, \u00f6zellikle turizm b\u00f6lgelerinde &nbsp;golfun yayg\u0131n oldu\u011funu belirterek, gen\u00e7lerin de golfa te\u015fvik edilmesinin \u00f6nemli oldu\u011fu d\u00fc\u015f\u00fcncesini payla\u015ft\u0131.<\/span><\/span><\/span><\/span><\/p>\n<p style=\"text-align:left\"><span style=\"font-size:16px\"><span style=\"font-family:Merriweather,serif !important\"><span style=\"color:#000000\"><span style=\"background-color:#ffffff\">Golf Federasyonu\u2019nun golf k\u00fclt\u00fcr\u00fcn\u00fc ve sporunu yayg\u0131nla\u015ft\u0131rmak i\u00e7in y\u00fcr\u00fctt\u00fc\u011f\u00fc projelere destek belirten Cumhurba\u015fkan\u0131 Tatar, golfun, iklim ko\u015fullar\u0131n\u0131n da uygunlu\u011fu dolay\u0131s\u0131yla turizm a\u00e7\u0131s\u0131ndan \u00fclkeye &nbsp;\u00f6nemli katk\u0131 sa\u011flayaca\u011f\u0131n\u0131 ifade etti.<\/span><\/span><\/span><\/span><\/p>\n<p style=\"text-align:left\"><span style=\"font-size:16px\"><span style=\"font-family:Merriweather,serif !important\"><span style=\"color:#000000\"><span style=\"background-color:#ffffff\">Golfun bir k\u00fclt\u00fcr ve spor etkinli\u011fi olarak \u00fclkede tan\u0131t\u0131lmas\u0131 ve yayg\u0131nla\u015fmas\u0131n\u0131n \u00fclke imaj\u0131na olumlu yans\u0131mas\u0131n\u0131n olaca\u011f\u0131na i\u015faret eden Cumhurba\u015fkan\u0131 Tatar, federasyon yetkililerine \u00e7al\u0131\u015fmalar\u0131nda ba\u015far\u0131lar diledi.<\/span><\/span><\/span><\/span><\/p>\n","protected":false},"excerpt":{"rendered":"<p>Cumhurba\u015fkanl\u0131\u011f\u0131ndan yap\u0131lan a\u00e7\u0131klamaya g\u00f6re, Cumhurba\u015fkan\u0131 Ersin Tatar kabuldeki konu\u015fmas\u0131nda, \u00f6zellikle turizm b\u00f6lgelerinde &nbsp;golfun yayg\u0131n oldu\u011funu belirterek, gen\u00e7lerin de golfa te\u015fvik edilmesinin \u00f6nemli oldu\u011fu d\u00fc\u015f\u00fcncesini payla\u015ft\u0131. Golf Federasyonu\u2019nun golf k\u00fclt\u00fcr\u00fcn\u00fc ve sporunu yayg\u0131nla\u015ft\u0131rmak i\u00e7in y\u00fcr\u00fctt\u00fc\u011f\u00fc projelere destek belirten Cumhurba\u015fkan\u0131 Tatar, golfun, iklim ko\u015fullar\u0131n\u0131n da uygunlu\u011fu dolay\u0131s\u0131yla turizm a\u00e7\u0131s\u0131ndan \u00fclkeye &nbsp;\u00f6nemli katk\u0131 sa\u011flayaca\u011f\u0131n\u0131 ifade etti. Golfun bir<\/p>\n","protected":false},"author":1,"featured_media":29578,"comment_status":"open","ping_status":"open","sticky":false,"template":"","format":"standard","meta":{"footnotes":""},"categories":[79],"tags":[],"class_list":["post-29577","post","type-post","status-publish","format-standard","has-post-thumbnail","hentry","category-ekonomi"],"yoast_head":"<!-- This site is optimized with the Yoast SEO plugin v27.5 - https:\/\/yoast.com\/product\/yoast-seo-wordpress\/ -->\n<title>Cumhurba\u015fkan\u0131 Tatar Golf Federasyonu heyetini kabul etti -<\/title>\n<meta name=\"robots\" content=\"index, follow, max-snippet:-1, max-image-preview:large, max-video-preview:-1\" \/>\n<link rel=\"canonical\" href=\"https:\/\/kibrisdakik.com\/?p=29577\" \/>\n<meta property=\"og:locale\" content=\"tr_TR\" \/>\n<meta property=\"og:type\" content=\"article\" \/>\n<meta property=\"og:title\" content=\"Cumhurba\u015fkan\u0131 Tatar Golf Federasyonu heyetini kabul etti -\" \/>\n<meta property=\"og:description\" content=\"Cumhurba\u015fkanl\u0131\u011f\u0131ndan yap\u0131lan a\u00e7\u0131klamaya g\u00f6re, Cumhurba\u015fkan\u0131 Ersin Tatar kabuldeki konu\u015fmas\u0131nda, \u00f6zellikle turizm b\u00f6lgelerinde &nbsp;golfun yayg\u0131n oldu\u011funu belirterek, gen\u00e7lerin de golfa te\u015fvik edilmesinin \u00f6nemli oldu\u011fu d\u00fc\u015f\u00fcncesini payla\u015ft\u0131. Golf Federasyonu\u2019nun golf k\u00fclt\u00fcr\u00fcn\u00fc ve sporunu yayg\u0131nla\u015ft\u0131rmak i\u00e7in y\u00fcr\u00fctt\u00fc\u011f\u00fc projelere destek belirten Cumhurba\u015fkan\u0131 Tatar, golfun, iklim ko\u015fullar\u0131n\u0131n da uygunlu\u011fu dolay\u0131s\u0131yla turizm a\u00e7\u0131s\u0131ndan \u00fclkeye &nbsp;\u00f6nemli katk\u0131 sa\u011flayaca\u011f\u0131n\u0131 ifade etti. Golfun bir\" \/>\n<meta property=\"og:url\" content=\"https:\/\/kibrisdakik.com\/?p=29577\" \/>\n<meta property=\"article:published_time\" content=\"2024-02-10T08:31:56+00:00\" \/>\n<meta property=\"og:image\" content=\"https:\/\/kibrisdakik.com\/wp-content\/uploads\/2024\/02\/cumhurbaskani-tatar-golf-federasyonu-heyetini-kabul-etti-1707552005.webp.webp\" \/>\n\t<meta property=\"og:image:width\" content=\"710\" \/>\n\t<meta property=\"og:image:height\" content=\"370\" \/>\n\t<meta property=\"og:image:type\" content=\"image\/webp\" \/>\n<meta name=\"author\" content=\"admin\" \/>\n<meta name=\"twitter:card\" content=\"summary_large_image\" \/>\n<meta name=\"twitter:label1\" content=\"Yazan:\" \/>\n\t<meta name=\"twitter:data1\" content=\"admin\" \/>\n\t<meta name=\"twitter:label2\" content=\"Tahmini okuma s\u00fcresi\" \/>\n\t<meta name=\"twitter:data2\" content=\"1 dakika\" \/>\n<script type=\"application\/ld+json\" class=\"yoast-schema-graph\">{\"@context\":\"https:\\\/\\\/schema.org\",\"@graph\":[{\"@type\":\"Article\",\"@id\":\"https:\\\/\\\/kibrisdakik.com\\\/?p=29577#article\",\"isPartOf\":{\"@id\":\"https:\\\/\\\/kibrisdakik.com\\\/?p=29577\"},\"author\":{\"name\":\"admin\",\"@id\":\"https:\\\/\\\/kibrisdakik.com\\\/#\\\/schema\\\/person\\\/9cd9d437bbb44f72b73ba127e06d8e79\"},\"headline\":\"Cumhurba\u015fkan\u0131 Tatar Golf Federasyonu heyetini kabul etti\",\"datePublished\":\"2024-02-10T08:31:56+00:00\",\"mainEntityOfPage\":{\"@id\":\"https:\\\/\\\/kibrisdakik.com\\\/?p=29577\"},\"wordCount\":145,\"commentCount\":0,\"image\":{\"@id\":\"https:\\\/\\\/kibrisdakik.com\\\/?p=29577#primaryimage\"},\"thumbnailUrl\":\"https:\\\/\\\/kibrisdakik.com\\\/wp-content\\\/uploads\\\/2024\\\/02\\\/cumhurbaskani-tatar-golf-federasyonu-heyetini-kabul-etti-1707552005.webp.webp\",\"articleSection\":[\"Ekonomi\"],\"inLanguage\":\"tr\",\"potentialAction\":[{\"@type\":\"CommentAction\",\"name\":\"Comment\",\"target\":[\"https:\\\/\\\/kibrisdakik.com\\\/?p=29577#respond\"]}]},{\"@type\":\"WebPage\",\"@id\":\"https:\\\/\\\/kibrisdakik.com\\\/?p=29577\",\"url\":\"https:\\\/\\\/kibrisdakik.com\\\/?p=29577\",\"name\":\"Cumhurba\u015fkan\u0131 Tatar Golf Federasyonu heyetini kabul etti -\",\"isPartOf\":{\"@id\":\"https:\\\/\\\/kibrisdakik.com\\\/#website\"},\"primaryImageOfPage\":{\"@id\":\"https:\\\/\\\/kibrisdakik.com\\\/?p=29577#primaryimage\"},\"image\":{\"@id\":\"https:\\\/\\\/kibrisdakik.com\\\/?p=29577#primaryimage\"},\"thumbnailUrl\":\"https:\\\/\\\/kibrisdakik.com\\\/wp-content\\\/uploads\\\/2024\\\/02\\\/cumhurbaskani-tatar-golf-federasyonu-heyetini-kabul-etti-1707552005.webp.webp\",\"datePublished\":\"2024-02-10T08:31:56+00:00\",\"author\":{\"@id\":\"https:\\\/\\\/kibrisdakik.com\\\/#\\\/schema\\\/person\\\/9cd9d437bbb44f72b73ba127e06d8e79\"},\"breadcrumb\":{\"@id\":\"https:\\\/\\\/kibrisdakik.com\\\/?p=29577#breadcrumb\"},\"inLanguage\":\"tr\",\"potentialAction\":[{\"@type\":\"ReadAction\",\"target\":[\"https:\\\/\\\/kibrisdakik.com\\\/?p=29577\"]}]},{\"@type\":\"ImageObject\",\"inLanguage\":\"tr\",\"@id\":\"https:\\\/\\\/kibrisdakik.com\\\/?p=29577#primaryimage\",\"url\":\"https:\\\/\\\/kibrisdakik.com\\\/wp-content\\\/uploads\\\/2024\\\/02\\\/cumhurbaskani-tatar-golf-federasyonu-heyetini-kabul-etti-1707552005.webp.webp\",\"contentUrl\":\"https:\\\/\\\/kibrisdakik.com\\\/wp-content\\\/uploads\\\/2024\\\/02\\\/cumhurbaskani-tatar-golf-federasyonu-heyetini-kabul-etti-1707552005.webp.webp\",\"width\":710,\"height\":370},{\"@type\":\"BreadcrumbList\",\"@id\":\"https:\\\/\\\/kibrisdakik.com\\\/?p=29577#breadcrumb\",\"itemListElement\":[{\"@type\":\"ListItem\",\"position\":1,\"name\":\"Home\",\"item\":\"https:\\\/\\\/kibrisdakik.com\\\/\"},{\"@type\":\"ListItem\",\"position\":2,\"name\":\"Cumhurba\u015fkan\u0131 Tatar Golf Federasyonu heyetini kabul etti\"}]},{\"@type\":\"WebSite\",\"@id\":\"https:\\\/\\\/kibrisdakik.com\\\/#website\",\"url\":\"https:\\\/\\\/kibrisdakik.com\\\/\",\"name\":\"\",\"description\":\"Tam vaktinde haber\",\"potentialAction\":[{\"@type\":\"SearchAction\",\"target\":{\"@type\":\"EntryPoint\",\"urlTemplate\":\"https:\\\/\\\/kibrisdakik.com\\\/?s={search_term_string}\"},\"query-input\":{\"@type\":\"PropertyValueSpecification\",\"valueRequired\":true,\"valueName\":\"search_term_string\"}}],\"inLanguage\":\"tr\"},{\"@type\":\"Person\",\"@id\":\"https:\\\/\\\/kibrisdakik.com\\\/#\\\/schema\\\/person\\\/9cd9d437bbb44f72b73ba127e06d8e79\",\"name\":\"admin\",\"image\":{\"@type\":\"ImageObject\",\"inLanguage\":\"tr\",\"@id\":\"https:\\\/\\\/secure.gravatar.com\\\/avatar\\\/ccc17943b9d660506c869530f897617f7cb1c21a4bf30023f252596d83e1f007?s=96&d=mm&r=g\",\"url\":\"https:\\\/\\\/secure.gravatar.com\\\/avatar\\\/ccc17943b9d660506c869530f897617f7cb1c21a4bf30023f252596d83e1f007?s=96&d=mm&r=g\",\"contentUrl\":\"https:\\\/\\\/secure.gravatar.com\\\/avatar\\\/ccc17943b9d660506c869530f897617f7cb1c21a4bf30023f252596d83e1f007?s=96&d=mm&r=g\",\"caption\":\"admin\"},\"sameAs\":[\"https:\\\/\\\/kibrisdakik.com\"],\"url\":\"https:\\\/\\\/kibrisdakik.com\\\/?author=1\"}]}<\/script>\n<!-- \/ Yoast SEO plugin. -->","yoast_head_json":{"title":"Cumhurba\u015fkan\u0131 Tatar Golf Federasyonu heyetini kabul etti -","robots":{"index":"index","follow":"follow","max-snippet":"max-snippet:-1","max-image-preview":"max-image-preview:large","max-video-preview":"max-video-preview:-1"},"canonical":"https:\/\/kibrisdakik.com\/?p=29577","og_locale":"tr_TR","og_type":"article","og_title":"Cumhurba\u015fkan\u0131 Tatar Golf Federasyonu heyetini kabul etti -","og_description":"Cumhurba\u015fkanl\u0131\u011f\u0131ndan yap\u0131lan a\u00e7\u0131klamaya g\u00f6re, Cumhurba\u015fkan\u0131 Ersin Tatar kabuldeki konu\u015fmas\u0131nda, \u00f6zellikle turizm b\u00f6lgelerinde &nbsp;golfun yayg\u0131n oldu\u011funu belirterek, gen\u00e7lerin de golfa te\u015fvik edilmesinin \u00f6nemli oldu\u011fu d\u00fc\u015f\u00fcncesini payla\u015ft\u0131. Golf Federasyonu\u2019nun golf k\u00fclt\u00fcr\u00fcn\u00fc ve sporunu yayg\u0131nla\u015ft\u0131rmak i\u00e7in y\u00fcr\u00fctt\u00fc\u011f\u00fc projelere destek belirten Cumhurba\u015fkan\u0131 Tatar, golfun, iklim ko\u015fullar\u0131n\u0131n da uygunlu\u011fu dolay\u0131s\u0131yla turizm a\u00e7\u0131s\u0131ndan \u00fclkeye &nbsp;\u00f6nemli katk\u0131 sa\u011flayaca\u011f\u0131n\u0131 ifade etti. Golfun bir","og_url":"https:\/\/kibrisdakik.com\/?p=29577","article_published_time":"2024-02-10T08:31:56+00:00","og_image":[{"width":710,"height":370,"url":"https:\/\/kibrisdakik.com\/wp-content\/uploads\/2024\/02\/cumhurbaskani-tatar-golf-federasyonu-heyetini-kabul-etti-1707552005.webp.webp","type":"image\/webp"}],"author":"admin","twitter_card":"summary_large_image","twitter_misc":{"Yazan:":"admin","Tahmini okuma s\u00fcresi":"1 dakika"},"schema":{"@context":"https:\/\/schema.org","@graph":[{"@type":"Article","@id":"https:\/\/kibrisdakik.com\/?p=29577#article","isPartOf":{"@id":"https:\/\/kibrisdakik.com\/?p=29577"},"author":{"name":"admin","@id":"https:\/\/kibrisdakik.com\/#\/schema\/person\/9cd9d437bbb44f72b73ba127e06d8e79"},"headline":"Cumhurba\u015fkan\u0131 Tatar Golf Federasyonu heyetini kabul etti","datePublished":"2024-02-10T08:31:56+00:00","mainEntityOfPage":{"@id":"https:\/\/kibrisdakik.com\/?p=29577"},"wordCount":145,"commentCount":0,"image":{"@id":"https:\/\/kibrisdakik.com\/?p=29577#primaryimage"},"thumbnailUrl":"https:\/\/kibrisdakik.com\/wp-content\/uploads\/2024\/02\/cumhurbaskani-tatar-golf-federasyonu-heyetini-kabul-etti-1707552005.webp.webp","articleSection":["Ekonomi"],"inLanguage":"tr","potentialAction":[{"@type":"CommentAction","name":"Comment","target":["https:\/\/kibrisdakik.com\/?p=29577#respond"]}]},{"@type":"WebPage","@id":"https:\/\/kibrisdakik.com\/?p=29577","url":"https:\/\/kibrisdakik.com\/?p=29577","name":"Cumhurba\u015fkan\u0131 Tatar Golf Federasyonu heyetini kabul etti -","isPartOf":{"@id":"https:\/\/kibrisdakik.com\/#website"},"primaryImageOfPage":{"@id":"https:\/\/kibrisdakik.com\/?p=29577#primaryimage"},"image":{"@id":"https:\/\/kibrisdakik.com\/?p=29577#primaryimage"},"thumbnailUrl":"https:\/\/kibrisdakik.com\/wp-content\/uploads\/2024\/02\/cumhurbaskani-tatar-golf-federasyonu-heyetini-kabul-etti-1707552005.webp.webp","datePublished":"2024-02-10T08:31:56+00:00","author":{"@id":"https:\/\/kibrisdakik.com\/#\/schema\/person\/9cd9d437bbb44f72b73ba127e06d8e79"},"breadcrumb":{"@id":"https:\/\/kibrisdakik.com\/?p=29577#breadcrumb"},"inLanguage":"tr","potentialAction":[{"@type":"ReadAction","target":["https:\/\/kibrisdakik.com\/?p=29577"]}]},{"@type":"ImageObject","inLanguage":"tr","@id":"https:\/\/kibrisdakik.com\/?p=29577#primaryimage","url":"https:\/\/kibrisdakik.com\/wp-content\/uploads\/2024\/02\/cumhurbaskani-tatar-golf-federasyonu-heyetini-kabul-etti-1707552005.webp.webp","contentUrl":"https:\/\/kibrisdakik.com\/wp-content\/uploads\/2024\/02\/cumhurbaskani-tatar-golf-federasyonu-heyetini-kabul-etti-1707552005.webp.webp","width":710,"height":370},{"@type":"BreadcrumbList","@id":"https:\/\/kibrisdakik.com\/?p=29577#breadcrumb","itemListElement":[{"@type":"ListItem","position":1,"name":"Home","item":"https:\/\/kibrisdakik.com\/"},{"@type":"ListItem","position":2,"name":"Cumhurba\u015fkan\u0131 Tatar Golf Federasyonu heyetini kabul etti"}]},{"@type":"WebSite","@id":"https:\/\/kibrisdakik.com\/#website","url":"https:\/\/kibrisdakik.com\/","name":"","description":"Tam vaktinde haber","potentialAction":[{"@type":"SearchAction","target":{"@type":"EntryPoint","urlTemplate":"https:\/\/kibrisdakik.com\/?s={search_term_string}"},"query-input":{"@type":"PropertyValueSpecification","valueRequired":true,"valueName":"search_term_string"}}],"inLanguage":"tr"},{"@type":"Person","@id":"https:\/\/kibrisdakik.com\/#\/schema\/person\/9cd9d437bbb44f72b73ba127e06d8e79","name":"admin","image":{"@type":"ImageObject","inLanguage":"tr","@id":"https:\/\/secure.gravatar.com\/avatar\/ccc17943b9d660506c869530f897617f7cb1c21a4bf30023f252596d83e1f007?s=96&d=mm&r=g","url":"https:\/\/secure.gravatar.com\/avatar\/ccc17943b9d660506c869530f897617f7cb1c21a4bf30023f252596d83e1f007?s=96&d=mm&r=g","contentUrl":"https:\/\/secure.gravatar.com\/avatar\/ccc17943b9d660506c869530f897617f7cb1c21a4bf30023f252596d83e1f007?s=96&d=mm&r=g","caption":"admin"},"sameAs":["https:\/\/kibrisdakik.com"],"url":"https:\/\/kibrisdakik.com\/?author=1"}]}},"_links":{"self":[{"href":"https:\/\/kibrisdakik.com\/index.php?rest_route=\/wp\/v2\/posts\/29577","targetHints":{"allow":["GET"]}}],"collection":[{"href":"https:\/\/kibrisdakik.com\/index.php?rest_route=\/wp\/v2\/posts"}],"about":[{"href":"https:\/\/kibrisdakik.com\/index.php?rest_route=\/wp\/v2\/types\/post"}],"author":[{"embeddable":true,"href":"https:\/\/kibrisdakik.com\/index.php?rest_route=\/wp\/v2\/users\/1"}],"replies":[{"embeddable":true,"href":"https:\/\/kibrisdakik.com\/index.php?rest_route=%2Fwp%2Fv2%2Fcomments&post=29577"}],"version-history":[{"count":0,"href":"https:\/\/kibrisdakik.com\/index.php?rest_route=\/wp\/v2\/posts\/29577\/revisions"}],"wp:featuredmedia":[{"embeddable":true,"href":"https:\/\/kibrisdakik.com\/index.php?rest_route=\/wp\/v2\/media\/29578"}],"wp:attachment":[{"href":"https:\/\/kibrisdakik.com\/index.php?rest_route=%2Fwp%2Fv2%2Fmedia&parent=29577"}],"wp:term":[{"taxonomy":"category","embeddable":true,"href":"https:\/\/kibrisdakik.com\/index.php?rest_route=%2Fwp%2Fv2%2Fcategories&post=29577"},{"taxonomy":"post_tag","embeddable":true,"href":"https:\/\/kibrisdakik.com\/index.php?rest_route=%2Fwp%2Fv2%2Ftags&post=29577"}],"curies":[{"name":"wp","href":"https:\/\/api.w.org\/{rel}","templated":true}]}}