{"id":2959,"date":"2023-03-09T21:31:25","date_gmt":"2023-03-09T21:31:25","guid":{"rendered":"https:\/\/kibrisdakik.com\/index.php\/2023\/03\/09\/is-sagligi-ve-guvenligi-uzmanlik-sertifikasi-almaya-hak-kazananlara-sertifikalari-verildi\/"},"modified":"2023-03-09T21:31:25","modified_gmt":"2023-03-09T21:31:25","slug":"is-sagligi-ve-guvenligi-uzmanlik-sertifikasi-almaya-hak-kazananlara-sertifikalari-verildi","status":"publish","type":"post","link":"https:\/\/kibrisdakik.com\/?p=2959","title":{"rendered":"\u0130\u015f Sa\u011fl\u0131\u011f\u0131 ve G\u00fcvenli\u011fi Uzmanl\u0131k Sertifikas\u0131 almaya hak kazananlara sertifikalar\u0131 verildi"},"content":{"rendered":"<p><\/p>\n<div>\n<div class=\"mariselle-image-container none\">\n                <img width=\"930\" height=\"426\" class=\"lazy-image\" alt=\"\" decoding=\"async\" loading=\"lazy\" sizes=\"auto, (max-width: 930px) 100vw, 930px\" src=\"https:\/\/brtk.net\/wp-content\/uploads\/2023\/03\/09\/calisma.jpg?ver=85ed241c618fec7c703c320d46654ad9\" srcset=\"https:\/\/brtk.net\/wp-content\/uploads\/2023\/03\/09\/calisma.jpg?ver=85ed241c618fec7c703c320d46654ad9 930w, https:\/\/brtk.net\/wp-content\/uploads\/2023\/03\/09\/calisma-300x137.jpg?ver=85ed241c618fec7c703c320d46654ad9 300w, https:\/\/brtk.net\/wp-content\/uploads\/2023\/03\/09\/calisma-768x352.jpg?ver=85ed241c618fec7c703c320d46654ad9 768w\"\/>                            <\/div>\n<p>\u00c7al\u0131\u015fma Dairesi taraf\u0131ndan d\u00fczenlenen \u201c\u0130\u015f Sa\u011fl\u0131\u011f\u0131 ve G\u00fcvenli\u011fi Uzmanl\u0131k Sertifikas\u0131 S\u0131nav\u0131\u201dnda ba\u015far\u0131l\u0131 olanlara sertifikalar\u0131 verildi.<\/p>\n<p>\u00c7al\u0131\u015fma ve Sosyal G\u00fcvenlik Bakanl\u0131\u011f\u0131\u2019nda yer alan t\u00f6rende, \u201c\u0130\u015f Sa\u011fl\u0131\u011f\u0131 ve G\u00fcvenli\u011fi\u00a0 Hizmeti Veren Ki\u015filerin Sertifikaland\u0131r\u0131lmas\u0131 ve Kurulu\u015flar\u0131n Yetkinlendirilmesi T\u00fcz\u00fc\u011f\u00fc\u201d kapsam\u0131nda yap\u0131lan s\u0131navda, i\u015f sa\u011fl\u0131\u011f\u0131 ve g\u00fcvenli\u011fi uzman\u0131 olmaya hak kazananlara sertifikalar\u0131n\u0131 \u00c7al\u0131\u015fma ve Sosyal G\u00fcvenlik Bakan\u0131 Hasan Ta\u00e7oy takdim etti.<\/p>\n<p>\u00c7al\u0131\u015fma ve Sosyal G\u00fcvenlik Bakanl\u0131\u011f\u0131 M\u00fcd\u00fcr\u00fc Meray D\u00fcr\u00fcst, \u00c7al\u0131\u015fma Dairesi M\u00fcd\u00fcr\u00fc Sezgi Ball\u0131\u00a0 ile \u0130\u015f Sa\u011fl\u0131\u011f\u0131\u00a0 ve G\u00fcvenli\u011finden Sorumlu\u00a0 K\u0131delimli \u00c7al\u0131\u015fma M\u00fcfetti\u015fi Fatma Cellato\u011flu da t\u00f6rende haz\u0131r bulundu.<\/p>\n<p>T\u00f6rende konu\u015fan \u00c7al\u0131\u015fma ve Sosyal G\u00fcvenlik Bakan\u0131 Ta\u00e7oy, 2011 y\u0131l\u0131ndan beri \u00c7al\u0131\u015fma Dairesi taraf\u0131ndan, \u0130\u015f Sa\u011fl\u0131\u011f\u0131 ve G\u00fcvenli\u011fi Uzmanl\u0131k s\u0131nav\u0131 d\u00fczenlendi\u011fini, payda\u015flarla i\u015fbirli\u011fi yap\u0131larak \u00c7al\u0131\u015fma Dairesi\u2019nin s\u0131n\u0131rl\u0131 olan m\u00fcfetti\u015f say\u0131s\u0131na\u00a0 yard\u0131mc\u0131 olacak i\u015f sa\u011fl\u0131\u011f\u0131 ve g\u00fcvenli\u011fi uzmanlar\u0131n\u0131n sekt\u00f6re kazand\u0131r\u0131ld\u0131\u011f\u0131n\u0131 ifade etti.<\/p>\n<p>2022-2023 Y\u0131l\u0131 \u0130\u015f Sa\u011fl\u0131\u011f\u0131 ve G\u00fcvenli\u011fi Uzmanl\u0131k S\u0131nav\u0131\u2019na 25 ki\u015finin kat\u0131ld\u0131\u011f\u0131n\u0131 ve 15 ki\u015finin ba\u015far\u0131l\u0131 oldu\u011funu kaydeden Ta\u00e7oy, bug\u00fcn itibariyle <a href=\"https:\/\/brtk.net\/\">KKTC<\/a>\u2019de 145 i\u015f sa\u011fl\u0131\u011f\u0131 ve g\u00fcvenli\u011fi uzman\u0131 olmas\u0131na ra\u011fmen halen piyasada eksiklik ya\u015fand\u0131\u011f\u0131na vurgu yapt\u0131.<\/p>\n<p>\u0130\u015f sa\u011fl\u0131\u011f\u0131 g\u00fcvenli\u011fi alan\u0131nda \u00f6nleyici-koruyucu hizmetlerin uygulanmas\u0131 ve kontrol\u00fcn\u00fcn yap\u0131lmas\u0131, i\u015f sa\u011fl\u0131\u011f\u0131 ve g\u00fcvenli\u011fi e\u011fitiminin toplumun t\u00fcm kesimlerine yayg\u0131nla\u015ft\u0131r\u0131lmas\u0131 i\u00e7in\u00a0 \u00c7al\u0131\u015fma ve Sosyal G\u00fcvenlik Bakanl\u0131\u011f\u0131\u2019na ve i\u015f sa\u011fl\u0131\u011f\u0131 g\u00fcvenli\u011fi uzmanlar\u0131 ile payda\u015f \u00f6rg\u00fctlere b\u00fcy\u00fck g\u00f6rev d\u00fc\u015ft\u00fc\u011f\u00fcne i\u015faret eden Ta\u00e7oy, \u201cHi\u00e7bir i\u015fin maliyeti insan hayat\u0131ndan\u00a0 daha de\u011ferli de\u011fildir. \u0130\u015f sa\u011fl\u0131\u011f\u0131 ve g\u00fcvenli\u011fi,insan hayat\u0131 i\u00e7in elzemdir\u2019\u2019 ifadelerini kulland\u0131.<\/p>\n<p>\u0130\u015f sa\u011fl\u0131\u011f\u0131 ve g\u00fcvenli\u011fi fark\u0131ndal\u0131\u011f\u0131n\u0131n yarat\u0131lmas\u0131 ve\u00a0 \u00e7al\u0131\u015fanlar\u0131n bilin\u00e7lendirilmesi amac\u0131yla bakanl\u0131k olarak\u00a0 bilgilendirici programlar haz\u0131rlad\u0131klar\u0131n\u0131 ve ilerleyen g\u00fcnlerde payla\u015facaklar\u0131n\u0131 anlatan Ta\u00e7oy,\u00a0 i\u015f kazalar\u0131n\u0131n en yayg\u0131n oldu\u011fu in\u015faat \u015fekt\u00f6r\u00fcnde\u00a0 in\u015faatlara ait k\u00fcnye olu\u015fturmak i\u00e7in \u00e7al\u0131\u015fma ba\u015flatt\u0131klar\u0131n\u0131\u00a0 da s\u00f6yledi. Her bir in\u015faat\u0131n k\u00fcnyesi olaca\u011f\u0131n\u0131 ve bu k\u00fcnyelerde i\u015f sa\u011fl\u0131\u011f\u0131 uzman\u0131n da\u00a0 yer alaca\u011f\u0131n\u0131 dile getiren Ta\u00e7oy, \u00fclke genelinde t\u00fcm i\u015fyerleri i\u00e7in\u00a0 ayn\u0131 k\u00fcnye uygulamas\u0131n\u0131\u00a0 olu\u015fturmay\u0131 hedeflediklerini\u00a0 de\u00a0 s\u00f6zlerine ekledi.<\/p>\n<p>Ta\u00e7oy, daha sonra \u0130\u015f Sa\u011fl\u0131\u011f\u0131 ve G\u00fcvenli\u011fi Uzmanl\u0131k S\u0131nav\u0131\u2019nda ba\u015far\u0131l\u0131 olanlara sertifikalar\u0131n\u0131 takdim ederek g\u00f6revlerinde ba\u015far\u0131lar diledi.<\/p>\n<\/p><\/div>\n<p><script async\n                    defer\n                    crossorigin=\"anonymous\"\n                    src=\"https:\/\/connect.facebook.net\/tr_TR\/sdk.js#xfbml=1&#038;version=v3.3\"\n            ><\/script><\/p>\n","protected":false},"excerpt":{"rendered":"<p>\u00c7al\u0131\u015fma Dairesi taraf\u0131ndan d\u00fczenlenen \u201c\u0130\u015f Sa\u011fl\u0131\u011f\u0131 ve G\u00fcvenli\u011fi Uzmanl\u0131k Sertifikas\u0131 S\u0131nav\u0131\u201dnda ba\u015far\u0131l\u0131 olanlara sertifikalar\u0131 verildi. \u00c7al\u0131\u015fma ve Sosyal G\u00fcvenlik Bakanl\u0131\u011f\u0131\u2019nda yer alan t\u00f6rende, \u201c\u0130\u015f Sa\u011fl\u0131\u011f\u0131 ve G\u00fcvenli\u011fi\u00a0 Hizmeti Veren Ki\u015filerin Sertifikaland\u0131r\u0131lmas\u0131 ve Kurulu\u015flar\u0131n Yetkinlendirilmesi T\u00fcz\u00fc\u011f\u00fc\u201d kapsam\u0131nda yap\u0131lan s\u0131navda, i\u015f sa\u011fl\u0131\u011f\u0131 ve g\u00fcvenli\u011fi uzman\u0131 olmaya hak kazananlara sertifikalar\u0131n\u0131 \u00c7al\u0131\u015fma ve Sosyal G\u00fcvenlik Bakan\u0131 Hasan Ta\u00e7oy takdim<\/p>\n","protected":false},"author":1,"featured_media":2960,"comment_status":"open","ping_status":"open","sticky":false,"template":"","format":"standard","meta":{"footnotes":""},"categories":[1],"tags":[],"class_list":["post-2959","post","type-post","status-publish","format-standard","has-post-thumbnail","hentry","category-gundem"],"yoast_head":"<!-- This site is optimized with the Yoast SEO plugin v27.5 - https:\/\/yoast.com\/product\/yoast-seo-wordpress\/ -->\n<title>\u0130\u015f Sa\u011fl\u0131\u011f\u0131 ve G\u00fcvenli\u011fi Uzmanl\u0131k Sertifikas\u0131 almaya hak kazananlara sertifikalar\u0131 verildi -<\/title>\n<meta name=\"robots\" content=\"index, follow, max-snippet:-1, max-image-preview:large, max-video-preview:-1\" \/>\n<link rel=\"canonical\" href=\"https:\/\/kibrisdakik.com\/?p=2959\" \/>\n<meta property=\"og:locale\" content=\"tr_TR\" \/>\n<meta property=\"og:type\" content=\"article\" \/>\n<meta property=\"og:title\" content=\"\u0130\u015f Sa\u011fl\u0131\u011f\u0131 ve G\u00fcvenli\u011fi Uzmanl\u0131k Sertifikas\u0131 almaya hak kazananlara sertifikalar\u0131 verildi -\" \/>\n<meta property=\"og:description\" content=\"\u00c7al\u0131\u015fma Dairesi taraf\u0131ndan d\u00fczenlenen \u201c\u0130\u015f Sa\u011fl\u0131\u011f\u0131 ve G\u00fcvenli\u011fi Uzmanl\u0131k Sertifikas\u0131 S\u0131nav\u0131\u201dnda ba\u015far\u0131l\u0131 olanlara sertifikalar\u0131 verildi. \u00c7al\u0131\u015fma ve Sosyal G\u00fcvenlik Bakanl\u0131\u011f\u0131\u2019nda yer alan t\u00f6rende, \u201c\u0130\u015f Sa\u011fl\u0131\u011f\u0131 ve G\u00fcvenli\u011fi\u00a0 Hizmeti Veren Ki\u015filerin Sertifikaland\u0131r\u0131lmas\u0131 ve Kurulu\u015flar\u0131n Yetkinlendirilmesi T\u00fcz\u00fc\u011f\u00fc\u201d kapsam\u0131nda yap\u0131lan s\u0131navda, i\u015f sa\u011fl\u0131\u011f\u0131 ve g\u00fcvenli\u011fi uzman\u0131 olmaya hak kazananlara sertifikalar\u0131n\u0131 \u00c7al\u0131\u015fma ve Sosyal G\u00fcvenlik Bakan\u0131 Hasan Ta\u00e7oy takdim\" \/>\n<meta property=\"og:url\" content=\"https:\/\/kibrisdakik.com\/?p=2959\" \/>\n<meta property=\"article:published_time\" content=\"2023-03-09T21:31:25+00:00\" \/>\n<meta property=\"og:image\" content=\"https:\/\/kibrisdakik.com\/wp-content\/uploads\/2023\/03\/calisma-740x420.jpg\" \/>\n\t<meta property=\"og:image:width\" content=\"930\" \/>\n\t<meta property=\"og:image:height\" content=\"426\" \/>\n\t<meta property=\"og:image:type\" content=\"image\/jpeg\" \/>\n<meta name=\"author\" content=\"admin\" \/>\n<meta name=\"twitter:card\" content=\"summary_large_image\" \/>\n<meta name=\"twitter:label1\" content=\"Yazan:\" \/>\n\t<meta name=\"twitter:data1\" content=\"admin\" \/>\n\t<meta name=\"twitter:label2\" content=\"Tahmini okuma s\u00fcresi\" \/>\n\t<meta name=\"twitter:data2\" content=\"3 dakika\" \/>\n<script type=\"application\/ld+json\" class=\"yoast-schema-graph\">{\"@context\":\"https:\\\/\\\/schema.org\",\"@graph\":[{\"@type\":\"Article\",\"@id\":\"https:\\\/\\\/kibrisdakik.com\\\/?p=2959#article\",\"isPartOf\":{\"@id\":\"https:\\\/\\\/kibrisdakik.com\\\/?p=2959\"},\"author\":{\"name\":\"admin\",\"@id\":\"https:\\\/\\\/kibrisdakik.com\\\/#\\\/schema\\\/person\\\/9cd9d437bbb44f72b73ba127e06d8e79\"},\"headline\":\"\u0130\u015f Sa\u011fl\u0131\u011f\u0131 ve G\u00fcvenli\u011fi Uzmanl\u0131k Sertifikas\u0131 almaya hak kazananlara sertifikalar\u0131 verildi\",\"datePublished\":\"2023-03-09T21:31:25+00:00\",\"mainEntityOfPage\":{\"@id\":\"https:\\\/\\\/kibrisdakik.com\\\/?p=2959\"},\"wordCount\":520,\"commentCount\":0,\"image\":{\"@id\":\"https:\\\/\\\/kibrisdakik.com\\\/?p=2959#primaryimage\"},\"thumbnailUrl\":\"https:\\\/\\\/kibrisdakik.com\\\/wp-content\\\/uploads\\\/2023\\\/03\\\/calisma-740x420.jpg\",\"articleSection\":[\"G\u00fcndem\"],\"inLanguage\":\"tr\",\"potentialAction\":[{\"@type\":\"CommentAction\",\"name\":\"Comment\",\"target\":[\"https:\\\/\\\/kibrisdakik.com\\\/?p=2959#respond\"]}]},{\"@type\":\"WebPage\",\"@id\":\"https:\\\/\\\/kibrisdakik.com\\\/?p=2959\",\"url\":\"https:\\\/\\\/kibrisdakik.com\\\/?p=2959\",\"name\":\"\u0130\u015f Sa\u011fl\u0131\u011f\u0131 ve G\u00fcvenli\u011fi Uzmanl\u0131k Sertifikas\u0131 almaya hak kazananlara sertifikalar\u0131 verildi -\",\"isPartOf\":{\"@id\":\"https:\\\/\\\/kibrisdakik.com\\\/#website\"},\"primaryImageOfPage\":{\"@id\":\"https:\\\/\\\/kibrisdakik.com\\\/?p=2959#primaryimage\"},\"image\":{\"@id\":\"https:\\\/\\\/kibrisdakik.com\\\/?p=2959#primaryimage\"},\"thumbnailUrl\":\"https:\\\/\\\/kibrisdakik.com\\\/wp-content\\\/uploads\\\/2023\\\/03\\\/calisma-740x420.jpg\",\"datePublished\":\"2023-03-09T21:31:25+00:00\",\"author\":{\"@id\":\"https:\\\/\\\/kibrisdakik.com\\\/#\\\/schema\\\/person\\\/9cd9d437bbb44f72b73ba127e06d8e79\"},\"breadcrumb\":{\"@id\":\"https:\\\/\\\/kibrisdakik.com\\\/?p=2959#breadcrumb\"},\"inLanguage\":\"tr\",\"potentialAction\":[{\"@type\":\"ReadAction\",\"target\":[\"https:\\\/\\\/kibrisdakik.com\\\/?p=2959\"]}]},{\"@type\":\"ImageObject\",\"inLanguage\":\"tr\",\"@id\":\"https:\\\/\\\/kibrisdakik.com\\\/?p=2959#primaryimage\",\"url\":\"https:\\\/\\\/kibrisdakik.com\\\/wp-content\\\/uploads\\\/2023\\\/03\\\/calisma-740x420.jpg\",\"contentUrl\":\"https:\\\/\\\/kibrisdakik.com\\\/wp-content\\\/uploads\\\/2023\\\/03\\\/calisma-740x420.jpg\",\"width\":930,\"height\":426},{\"@type\":\"BreadcrumbList\",\"@id\":\"https:\\\/\\\/kibrisdakik.com\\\/?p=2959#breadcrumb\",\"itemListElement\":[{\"@type\":\"ListItem\",\"position\":1,\"name\":\"Home\",\"item\":\"https:\\\/\\\/kibrisdakik.com\\\/\"},{\"@type\":\"ListItem\",\"position\":2,\"name\":\"\u0130\u015f Sa\u011fl\u0131\u011f\u0131 ve G\u00fcvenli\u011fi Uzmanl\u0131k Sertifikas\u0131 almaya hak kazananlara sertifikalar\u0131 verildi\"}]},{\"@type\":\"WebSite\",\"@id\":\"https:\\\/\\\/kibrisdakik.com\\\/#website\",\"url\":\"https:\\\/\\\/kibrisdakik.com\\\/\",\"name\":\"\",\"description\":\"Tam vaktinde haber\",\"potentialAction\":[{\"@type\":\"SearchAction\",\"target\":{\"@type\":\"EntryPoint\",\"urlTemplate\":\"https:\\\/\\\/kibrisdakik.com\\\/?s={search_term_string}\"},\"query-input\":{\"@type\":\"PropertyValueSpecification\",\"valueRequired\":true,\"valueName\":\"search_term_string\"}}],\"inLanguage\":\"tr\"},{\"@type\":\"Person\",\"@id\":\"https:\\\/\\\/kibrisdakik.com\\\/#\\\/schema\\\/person\\\/9cd9d437bbb44f72b73ba127e06d8e79\",\"name\":\"admin\",\"image\":{\"@type\":\"ImageObject\",\"inLanguage\":\"tr\",\"@id\":\"https:\\\/\\\/secure.gravatar.com\\\/avatar\\\/ccc17943b9d660506c869530f897617f7cb1c21a4bf30023f252596d83e1f007?s=96&d=mm&r=g\",\"url\":\"https:\\\/\\\/secure.gravatar.com\\\/avatar\\\/ccc17943b9d660506c869530f897617f7cb1c21a4bf30023f252596d83e1f007?s=96&d=mm&r=g\",\"contentUrl\":\"https:\\\/\\\/secure.gravatar.com\\\/avatar\\\/ccc17943b9d660506c869530f897617f7cb1c21a4bf30023f252596d83e1f007?s=96&d=mm&r=g\",\"caption\":\"admin\"},\"sameAs\":[\"https:\\\/\\\/kibrisdakik.com\"],\"url\":\"https:\\\/\\\/kibrisdakik.com\\\/?author=1\"}]}<\/script>\n<!-- \/ Yoast SEO plugin. -->","yoast_head_json":{"title":"\u0130\u015f Sa\u011fl\u0131\u011f\u0131 ve G\u00fcvenli\u011fi Uzmanl\u0131k Sertifikas\u0131 almaya hak kazananlara sertifikalar\u0131 verildi -","robots":{"index":"index","follow":"follow","max-snippet":"max-snippet:-1","max-image-preview":"max-image-preview:large","max-video-preview":"max-video-preview:-1"},"canonical":"https:\/\/kibrisdakik.com\/?p=2959","og_locale":"tr_TR","og_type":"article","og_title":"\u0130\u015f Sa\u011fl\u0131\u011f\u0131 ve G\u00fcvenli\u011fi Uzmanl\u0131k Sertifikas\u0131 almaya hak kazananlara sertifikalar\u0131 verildi -","og_description":"\u00c7al\u0131\u015fma Dairesi taraf\u0131ndan d\u00fczenlenen \u201c\u0130\u015f Sa\u011fl\u0131\u011f\u0131 ve G\u00fcvenli\u011fi Uzmanl\u0131k Sertifikas\u0131 S\u0131nav\u0131\u201dnda ba\u015far\u0131l\u0131 olanlara sertifikalar\u0131 verildi. \u00c7al\u0131\u015fma ve Sosyal G\u00fcvenlik Bakanl\u0131\u011f\u0131\u2019nda yer alan t\u00f6rende, \u201c\u0130\u015f Sa\u011fl\u0131\u011f\u0131 ve G\u00fcvenli\u011fi\u00a0 Hizmeti Veren Ki\u015filerin Sertifikaland\u0131r\u0131lmas\u0131 ve Kurulu\u015flar\u0131n Yetkinlendirilmesi T\u00fcz\u00fc\u011f\u00fc\u201d kapsam\u0131nda yap\u0131lan s\u0131navda, i\u015f sa\u011fl\u0131\u011f\u0131 ve g\u00fcvenli\u011fi uzman\u0131 olmaya hak kazananlara sertifikalar\u0131n\u0131 \u00c7al\u0131\u015fma ve Sosyal G\u00fcvenlik Bakan\u0131 Hasan Ta\u00e7oy takdim","og_url":"https:\/\/kibrisdakik.com\/?p=2959","article_published_time":"2023-03-09T21:31:25+00:00","og_image":[{"width":930,"height":426,"url":"https:\/\/kibrisdakik.com\/wp-content\/uploads\/2023\/03\/calisma-740x420.jpg","type":"image\/jpeg"}],"author":"admin","twitter_card":"summary_large_image","twitter_misc":{"Yazan:":"admin","Tahmini okuma s\u00fcresi":"3 dakika"},"schema":{"@context":"https:\/\/schema.org","@graph":[{"@type":"Article","@id":"https:\/\/kibrisdakik.com\/?p=2959#article","isPartOf":{"@id":"https:\/\/kibrisdakik.com\/?p=2959"},"author":{"name":"admin","@id":"https:\/\/kibrisdakik.com\/#\/schema\/person\/9cd9d437bbb44f72b73ba127e06d8e79"},"headline":"\u0130\u015f Sa\u011fl\u0131\u011f\u0131 ve G\u00fcvenli\u011fi Uzmanl\u0131k Sertifikas\u0131 almaya hak kazananlara sertifikalar\u0131 verildi","datePublished":"2023-03-09T21:31:25+00:00","mainEntityOfPage":{"@id":"https:\/\/kibrisdakik.com\/?p=2959"},"wordCount":520,"commentCount":0,"image":{"@id":"https:\/\/kibrisdakik.com\/?p=2959#primaryimage"},"thumbnailUrl":"https:\/\/kibrisdakik.com\/wp-content\/uploads\/2023\/03\/calisma-740x420.jpg","articleSection":["G\u00fcndem"],"inLanguage":"tr","potentialAction":[{"@type":"CommentAction","name":"Comment","target":["https:\/\/kibrisdakik.com\/?p=2959#respond"]}]},{"@type":"WebPage","@id":"https:\/\/kibrisdakik.com\/?p=2959","url":"https:\/\/kibrisdakik.com\/?p=2959","name":"\u0130\u015f Sa\u011fl\u0131\u011f\u0131 ve G\u00fcvenli\u011fi Uzmanl\u0131k Sertifikas\u0131 almaya hak kazananlara sertifikalar\u0131 verildi -","isPartOf":{"@id":"https:\/\/kibrisdakik.com\/#website"},"primaryImageOfPage":{"@id":"https:\/\/kibrisdakik.com\/?p=2959#primaryimage"},"image":{"@id":"https:\/\/kibrisdakik.com\/?p=2959#primaryimage"},"thumbnailUrl":"https:\/\/kibrisdakik.com\/wp-content\/uploads\/2023\/03\/calisma-740x420.jpg","datePublished":"2023-03-09T21:31:25+00:00","author":{"@id":"https:\/\/kibrisdakik.com\/#\/schema\/person\/9cd9d437bbb44f72b73ba127e06d8e79"},"breadcrumb":{"@id":"https:\/\/kibrisdakik.com\/?p=2959#breadcrumb"},"inLanguage":"tr","potentialAction":[{"@type":"ReadAction","target":["https:\/\/kibrisdakik.com\/?p=2959"]}]},{"@type":"ImageObject","inLanguage":"tr","@id":"https:\/\/kibrisdakik.com\/?p=2959#primaryimage","url":"https:\/\/kibrisdakik.com\/wp-content\/uploads\/2023\/03\/calisma-740x420.jpg","contentUrl":"https:\/\/kibrisdakik.com\/wp-content\/uploads\/2023\/03\/calisma-740x420.jpg","width":930,"height":426},{"@type":"BreadcrumbList","@id":"https:\/\/kibrisdakik.com\/?p=2959#breadcrumb","itemListElement":[{"@type":"ListItem","position":1,"name":"Home","item":"https:\/\/kibrisdakik.com\/"},{"@type":"ListItem","position":2,"name":"\u0130\u015f Sa\u011fl\u0131\u011f\u0131 ve G\u00fcvenli\u011fi Uzmanl\u0131k Sertifikas\u0131 almaya hak kazananlara sertifikalar\u0131 verildi"}]},{"@type":"WebSite","@id":"https:\/\/kibrisdakik.com\/#website","url":"https:\/\/kibrisdakik.com\/","name":"","description":"Tam vaktinde haber","potentialAction":[{"@type":"SearchAction","target":{"@type":"EntryPoint","urlTemplate":"https:\/\/kibrisdakik.com\/?s={search_term_string}"},"query-input":{"@type":"PropertyValueSpecification","valueRequired":true,"valueName":"search_term_string"}}],"inLanguage":"tr"},{"@type":"Person","@id":"https:\/\/kibrisdakik.com\/#\/schema\/person\/9cd9d437bbb44f72b73ba127e06d8e79","name":"admin","image":{"@type":"ImageObject","inLanguage":"tr","@id":"https:\/\/secure.gravatar.com\/avatar\/ccc17943b9d660506c869530f897617f7cb1c21a4bf30023f252596d83e1f007?s=96&d=mm&r=g","url":"https:\/\/secure.gravatar.com\/avatar\/ccc17943b9d660506c869530f897617f7cb1c21a4bf30023f252596d83e1f007?s=96&d=mm&r=g","contentUrl":"https:\/\/secure.gravatar.com\/avatar\/ccc17943b9d660506c869530f897617f7cb1c21a4bf30023f252596d83e1f007?s=96&d=mm&r=g","caption":"admin"},"sameAs":["https:\/\/kibrisdakik.com"],"url":"https:\/\/kibrisdakik.com\/?author=1"}]}},"_links":{"self":[{"href":"https:\/\/kibrisdakik.com\/index.php?rest_route=\/wp\/v2\/posts\/2959","targetHints":{"allow":["GET"]}}],"collection":[{"href":"https:\/\/kibrisdakik.com\/index.php?rest_route=\/wp\/v2\/posts"}],"about":[{"href":"https:\/\/kibrisdakik.com\/index.php?rest_route=\/wp\/v2\/types\/post"}],"author":[{"embeddable":true,"href":"https:\/\/kibrisdakik.com\/index.php?rest_route=\/wp\/v2\/users\/1"}],"replies":[{"embeddable":true,"href":"https:\/\/kibrisdakik.com\/index.php?rest_route=%2Fwp%2Fv2%2Fcomments&post=2959"}],"version-history":[{"count":0,"href":"https:\/\/kibrisdakik.com\/index.php?rest_route=\/wp\/v2\/posts\/2959\/revisions"}],"wp:featuredmedia":[{"embeddable":true,"href":"https:\/\/kibrisdakik.com\/index.php?rest_route=\/wp\/v2\/media\/2960"}],"wp:attachment":[{"href":"https:\/\/kibrisdakik.com\/index.php?rest_route=%2Fwp%2Fv2%2Fmedia&parent=2959"}],"wp:term":[{"taxonomy":"category","embeddable":true,"href":"https:\/\/kibrisdakik.com\/index.php?rest_route=%2Fwp%2Fv2%2Fcategories&post=2959"},{"taxonomy":"post_tag","embeddable":true,"href":"https:\/\/kibrisdakik.com\/index.php?rest_route=%2Fwp%2Fv2%2Ftags&post=2959"}],"curies":[{"name":"wp","href":"https:\/\/api.w.org\/{rel}","templated":true}]}}