{"id":2961,"date":"2023-03-09T22:33:05","date_gmt":"2023-03-09T22:33:05","guid":{"rendered":"https:\/\/kibrisdakik.com\/index.php\/2023\/03\/09\/basbakan-ustel-irsen-kucuku-4-olum-yildonumunde-andi\/"},"modified":"2023-03-09T22:33:05","modified_gmt":"2023-03-09T22:33:05","slug":"basbakan-ustel-irsen-kucuku-4-olum-yildonumunde-andi","status":"publish","type":"post","link":"https:\/\/kibrisdakik.com\/?p=2961","title":{"rendered":"Ba\u015fbakan \u00dcstel \u0130rsen K\u00fc\u00e7\u00fck\u2019\u00fc 4. \u00f6l\u00fcm y\u0131ld\u00f6n\u00fcm\u00fcnde and\u0131"},"content":{"rendered":"<p><\/p>\n<div>\n<div class=\"mariselle-image-container none\">\n                <img width=\"747\" height=\"413\" class=\"lazy-image\" alt=\"\" decoding=\"async\" loading=\"lazy\" sizes=\"auto, (max-width: 747px) 100vw, 747px\" src=\"https:\/\/brtk.net\/wp-content\/uploads\/2023\/03\/09\/unal-ustel8.jpg?ver=1410f678dd4d35ebb93b76d25bd0b536\" srcset=\"https:\/\/brtk.net\/wp-content\/uploads\/2023\/03\/09\/unal-ustel8.jpg?ver=1410f678dd4d35ebb93b76d25bd0b536 747w, https:\/\/brtk.net\/wp-content\/uploads\/2023\/03\/09\/unal-ustel8-300x166.jpg?ver=1410f678dd4d35ebb93b76d25bd0b536 300w\"\/>                            <\/div>\n<p style=\"font-weight: 300;\">Ba\u015fbakan \u00dcnal \u00dcstel, merhum Ba\u015fbakan \u0130rsen K\u00fc\u00e7\u00fck\u2019\u00fc 4. \u00f6l\u00fcm y\u0131ld\u00f6n\u00fcm\u00fcnde and\u0131.<\/p>\n<p style=\"font-weight: 300;\"><span style=\"font-weight: 300 !important;\">\u00dcstel, yay\u0131mlad\u0131\u011f\u0131 anma mesaj\u0131nda, \u201c\u00dclkemizin yeti\u015ftirdi\u011fi \u00e7ok de\u011ferli siyasi liderlerden biri olan, Kurucu Meclis \u00dcyeli\u011fi, Milletvekilli\u011fi, Bakanl\u0131k ve Ba\u015fbakanl\u0131k g\u00f6revlerinde bulunmu\u015f, Erenk\u00f6y M\u00fccahidi olarak milli m\u00fccadeleye katk\u0131 koymu\u015f Kuzey K\u0131br\u0131s T\u00fcrk Cumhuriyeti\u2019nin Merhum Ba\u015fbakanlar\u0131ndan \u0130rsen K\u00fc\u00e7\u00fck\u2019\u00fc \u00f6l\u00fcm\u00fcn\u00fcn d\u00f6rd\u00fcnc\u00fc\u00a0 y\u0131l d\u00f6n\u00fcm\u00fcnde sayg\u0131 ve rahmetle an\u0131yoruz\u201d dedi.<\/span><\/p>\n<p style=\"font-weight: 300;\"><span style=\"font-weight: 300 !important;\">\u00dcstel, \u015f\u00f6yle devam etti:<\/span><\/p>\n<p style=\"font-weight: 300;\"><span style=\"font-weight: 300 !important;\">\u201c\u0130rsen K\u00fc\u00e7\u00fck, \u00e7ok sevdi\u011fi \u00fclkesine ve partisine \u00f6mr\u00fc yetti\u011fi s\u00fcrece \u00f6zveriyle hizmet etmi\u015f, insan ve vatan sevgisini her daim \u00f6n planda tutmu\u015f, son derece duyarl\u0131 ve sayg\u0131n ki\u015fili\u011fiyle \u00fclkemizin \u00e7ok sevilen ve yeri doldurulamayacak bir devlet adam\u0131yd\u0131. Siyaset ya\u015fam\u0131nda ve hayat\u0131 boyunca yer ald\u0131\u011f\u0131 t\u00fcm alanlardaki deneyimleri ve de\u011ferli \u00e7al\u0131\u015fmalar\u0131 her zaman hat\u0131rlanacak, gen\u00e7 nesillere \u00f6rnek olacakt\u0131r. Bir d\u00f6nem Ulusal Birlik Partisi Genel Ba\u015fkanl\u0131\u011f\u0131 g\u00f6revini de y\u00fcr\u00fcten Say\u0131n K\u00fc\u00e7\u00fck \u00e7ok iyi yeti\u015fmi\u015f \u00f6rnek bir siyaset\u00e7i ve bu \u00fclkenin yeti\u015ftirdi\u011fi ayd\u0131n bir ki\u015filikti. Milli m\u00fccadele y\u0131llar\u0131ndan, Devletimizin kurulu\u015funa kadar ge\u00e7en t\u00fcm tarihi d\u00f6nemlerde, <a href=\"https:\/\/brtk.net\/\">KKTC<\/a>\u2019nin kurulu\u015fundan itibaren bir\u00e7ok devlet kademesinde vermi\u015f oldu\u011fu de\u011ferli hizmetleri, bilgi ve deneyimleriyle bir devlet b\u00fcy\u00fc\u011f\u00fcm\u00fcz olarak daima yolumuzu ayd\u0131nlatacakt\u0131r.\u00a0<\/span>Bu anlaml\u0131 g\u00fcn vesilesiyle, Kuzey K\u0131br\u0131s T\u00fcrk Cumhuriyeti\u2019nin de\u011ferli Devlet Adam\u0131, Merhum Ba\u015fbakan\u0131m\u0131z Say\u0131n \u0130rsen K\u00fc\u00e7\u00fck\u2019\u00fcn manevi huzurunda sayg\u0131yla e\u011filiyor, aram\u0131zdan ayr\u0131l\u0131\u015f\u0131n\u0131n 4. y\u0131l\u0131nda sayg\u0131, \u00f6zlem ve rahmetle an\u0131yoruz.\u201d<\/p>\n<p>\u00a0<\/p>\n<\/p><\/div>\n<p><script async\n                    defer\n                    crossorigin=\"anonymous\"\n                    src=\"https:\/\/connect.facebook.net\/tr_TR\/sdk.js#xfbml=1&#038;version=v3.3\"\n            ><\/script><\/p>\n","protected":false},"excerpt":{"rendered":"<p>Ba\u015fbakan \u00dcnal \u00dcstel, merhum Ba\u015fbakan \u0130rsen K\u00fc\u00e7\u00fck\u2019\u00fc 4. \u00f6l\u00fcm y\u0131ld\u00f6n\u00fcm\u00fcnde and\u0131. \u00dcstel, yay\u0131mlad\u0131\u011f\u0131 anma mesaj\u0131nda, \u201c\u00dclkemizin yeti\u015ftirdi\u011fi \u00e7ok de\u011ferli siyasi liderlerden biri olan, Kurucu Meclis \u00dcyeli\u011fi, Milletvekilli\u011fi, Bakanl\u0131k ve Ba\u015fbakanl\u0131k g\u00f6revlerinde bulunmu\u015f, Erenk\u00f6y M\u00fccahidi olarak milli m\u00fccadeleye katk\u0131 koymu\u015f Kuzey K\u0131br\u0131s T\u00fcrk Cumhuriyeti\u2019nin Merhum Ba\u015fbakanlar\u0131ndan \u0130rsen K\u00fc\u00e7\u00fck\u2019\u00fc \u00f6l\u00fcm\u00fcn\u00fcn d\u00f6rd\u00fcnc\u00fc\u00a0 y\u0131l d\u00f6n\u00fcm\u00fcnde sayg\u0131 ve rahmetle an\u0131yoruz\u201d<\/p>\n","protected":false},"author":1,"featured_media":2962,"comment_status":"open","ping_status":"open","sticky":false,"template":"","format":"standard","meta":{"footnotes":""},"categories":[1],"tags":[],"class_list":["post-2961","post","type-post","status-publish","format-standard","has-post-thumbnail","hentry","category-gundem"],"yoast_head":"<!-- This site is optimized with the Yoast SEO plugin v27.4 - https:\/\/yoast.com\/product\/yoast-seo-wordpress\/ -->\n<title>Ba\u015fbakan \u00dcstel \u0130rsen K\u00fc\u00e7\u00fck\u2019\u00fc 4. \u00f6l\u00fcm y\u0131ld\u00f6n\u00fcm\u00fcnde and\u0131 -<\/title>\n<meta name=\"robots\" content=\"index, follow, max-snippet:-1, max-image-preview:large, max-video-preview:-1\" \/>\n<link rel=\"canonical\" href=\"https:\/\/kibrisdakik.com\/?p=2961\" \/>\n<meta property=\"og:locale\" content=\"tr_TR\" \/>\n<meta property=\"og:type\" content=\"article\" \/>\n<meta property=\"og:title\" content=\"Ba\u015fbakan \u00dcstel \u0130rsen K\u00fc\u00e7\u00fck\u2019\u00fc 4. \u00f6l\u00fcm y\u0131ld\u00f6n\u00fcm\u00fcnde and\u0131 -\" \/>\n<meta property=\"og:description\" content=\"Ba\u015fbakan \u00dcnal \u00dcstel, merhum Ba\u015fbakan \u0130rsen K\u00fc\u00e7\u00fck\u2019\u00fc 4. \u00f6l\u00fcm y\u0131ld\u00f6n\u00fcm\u00fcnde and\u0131. \u00dcstel, yay\u0131mlad\u0131\u011f\u0131 anma mesaj\u0131nda, \u201c\u00dclkemizin yeti\u015ftirdi\u011fi \u00e7ok de\u011ferli siyasi liderlerden biri olan, Kurucu Meclis \u00dcyeli\u011fi, Milletvekilli\u011fi, Bakanl\u0131k ve Ba\u015fbakanl\u0131k g\u00f6revlerinde bulunmu\u015f, Erenk\u00f6y M\u00fccahidi olarak milli m\u00fccadeleye katk\u0131 koymu\u015f Kuzey K\u0131br\u0131s T\u00fcrk Cumhuriyeti\u2019nin Merhum Ba\u015fbakanlar\u0131ndan \u0130rsen K\u00fc\u00e7\u00fck\u2019\u00fc \u00f6l\u00fcm\u00fcn\u00fcn d\u00f6rd\u00fcnc\u00fc\u00a0 y\u0131l d\u00f6n\u00fcm\u00fcnde sayg\u0131 ve rahmetle an\u0131yoruz\u201d\" \/>\n<meta property=\"og:url\" content=\"https:\/\/kibrisdakik.com\/?p=2961\" \/>\n<meta property=\"article:published_time\" content=\"2023-03-09T22:33:05+00:00\" \/>\n<meta property=\"og:image\" content=\"https:\/\/kibrisdakik.com\/wp-content\/uploads\/2023\/03\/unal-ustel8-740x413.jpg\" \/>\n\t<meta property=\"og:image:width\" content=\"747\" \/>\n\t<meta property=\"og:image:height\" content=\"413\" \/>\n\t<meta property=\"og:image:type\" content=\"image\/jpeg\" \/>\n<meta name=\"author\" content=\"admin\" \/>\n<meta name=\"twitter:card\" content=\"summary_large_image\" \/>\n<meta name=\"twitter:label1\" content=\"Yazan:\" \/>\n\t<meta name=\"twitter:data1\" content=\"admin\" \/>\n\t<meta name=\"twitter:label2\" content=\"Tahmini okuma s\u00fcresi\" \/>\n\t<meta name=\"twitter:data2\" content=\"2 dakika\" \/>\n<script type=\"application\/ld+json\" class=\"yoast-schema-graph\">{\"@context\":\"https:\\\/\\\/schema.org\",\"@graph\":[{\"@type\":\"Article\",\"@id\":\"https:\\\/\\\/kibrisdakik.com\\\/?p=2961#article\",\"isPartOf\":{\"@id\":\"https:\\\/\\\/kibrisdakik.com\\\/?p=2961\"},\"author\":{\"name\":\"admin\",\"@id\":\"https:\\\/\\\/kibrisdakik.com\\\/#\\\/schema\\\/person\\\/9cd9d437bbb44f72b73ba127e06d8e79\"},\"headline\":\"Ba\u015fbakan \u00dcstel \u0130rsen K\u00fc\u00e7\u00fck\u2019\u00fc 4. \u00f6l\u00fcm y\u0131ld\u00f6n\u00fcm\u00fcnde and\u0131\",\"datePublished\":\"2023-03-09T22:33:05+00:00\",\"mainEntityOfPage\":{\"@id\":\"https:\\\/\\\/kibrisdakik.com\\\/?p=2961\"},\"wordCount\":318,\"commentCount\":0,\"image\":{\"@id\":\"https:\\\/\\\/kibrisdakik.com\\\/?p=2961#primaryimage\"},\"thumbnailUrl\":\"https:\\\/\\\/kibrisdakik.com\\\/wp-content\\\/uploads\\\/2023\\\/03\\\/unal-ustel8-740x413.jpg\",\"articleSection\":[\"G\u00fcndem\"],\"inLanguage\":\"tr\",\"potentialAction\":[{\"@type\":\"CommentAction\",\"name\":\"Comment\",\"target\":[\"https:\\\/\\\/kibrisdakik.com\\\/?p=2961#respond\"]}]},{\"@type\":\"WebPage\",\"@id\":\"https:\\\/\\\/kibrisdakik.com\\\/?p=2961\",\"url\":\"https:\\\/\\\/kibrisdakik.com\\\/?p=2961\",\"name\":\"Ba\u015fbakan \u00dcstel \u0130rsen K\u00fc\u00e7\u00fck\u2019\u00fc 4. \u00f6l\u00fcm y\u0131ld\u00f6n\u00fcm\u00fcnde and\u0131 -\",\"isPartOf\":{\"@id\":\"https:\\\/\\\/kibrisdakik.com\\\/#website\"},\"primaryImageOfPage\":{\"@id\":\"https:\\\/\\\/kibrisdakik.com\\\/?p=2961#primaryimage\"},\"image\":{\"@id\":\"https:\\\/\\\/kibrisdakik.com\\\/?p=2961#primaryimage\"},\"thumbnailUrl\":\"https:\\\/\\\/kibrisdakik.com\\\/wp-content\\\/uploads\\\/2023\\\/03\\\/unal-ustel8-740x413.jpg\",\"datePublished\":\"2023-03-09T22:33:05+00:00\",\"author\":{\"@id\":\"https:\\\/\\\/kibrisdakik.com\\\/#\\\/schema\\\/person\\\/9cd9d437bbb44f72b73ba127e06d8e79\"},\"breadcrumb\":{\"@id\":\"https:\\\/\\\/kibrisdakik.com\\\/?p=2961#breadcrumb\"},\"inLanguage\":\"tr\",\"potentialAction\":[{\"@type\":\"ReadAction\",\"target\":[\"https:\\\/\\\/kibrisdakik.com\\\/?p=2961\"]}]},{\"@type\":\"ImageObject\",\"inLanguage\":\"tr\",\"@id\":\"https:\\\/\\\/kibrisdakik.com\\\/?p=2961#primaryimage\",\"url\":\"https:\\\/\\\/kibrisdakik.com\\\/wp-content\\\/uploads\\\/2023\\\/03\\\/unal-ustel8-740x413.jpg\",\"contentUrl\":\"https:\\\/\\\/kibrisdakik.com\\\/wp-content\\\/uploads\\\/2023\\\/03\\\/unal-ustel8-740x413.jpg\",\"width\":747,\"height\":413},{\"@type\":\"BreadcrumbList\",\"@id\":\"https:\\\/\\\/kibrisdakik.com\\\/?p=2961#breadcrumb\",\"itemListElement\":[{\"@type\":\"ListItem\",\"position\":1,\"name\":\"Home\",\"item\":\"https:\\\/\\\/kibrisdakik.com\\\/\"},{\"@type\":\"ListItem\",\"position\":2,\"name\":\"Ba\u015fbakan \u00dcstel \u0130rsen K\u00fc\u00e7\u00fck\u2019\u00fc 4. \u00f6l\u00fcm y\u0131ld\u00f6n\u00fcm\u00fcnde and\u0131\"}]},{\"@type\":\"WebSite\",\"@id\":\"https:\\\/\\\/kibrisdakik.com\\\/#website\",\"url\":\"https:\\\/\\\/kibrisdakik.com\\\/\",\"name\":\"\",\"description\":\"Tam vaktinde haber\",\"potentialAction\":[{\"@type\":\"SearchAction\",\"target\":{\"@type\":\"EntryPoint\",\"urlTemplate\":\"https:\\\/\\\/kibrisdakik.com\\\/?s={search_term_string}\"},\"query-input\":{\"@type\":\"PropertyValueSpecification\",\"valueRequired\":true,\"valueName\":\"search_term_string\"}}],\"inLanguage\":\"tr\"},{\"@type\":\"Person\",\"@id\":\"https:\\\/\\\/kibrisdakik.com\\\/#\\\/schema\\\/person\\\/9cd9d437bbb44f72b73ba127e06d8e79\",\"name\":\"admin\",\"image\":{\"@type\":\"ImageObject\",\"inLanguage\":\"tr\",\"@id\":\"https:\\\/\\\/secure.gravatar.com\\\/avatar\\\/ccc17943b9d660506c869530f897617f7cb1c21a4bf30023f252596d83e1f007?s=96&d=mm&r=g\",\"url\":\"https:\\\/\\\/secure.gravatar.com\\\/avatar\\\/ccc17943b9d660506c869530f897617f7cb1c21a4bf30023f252596d83e1f007?s=96&d=mm&r=g\",\"contentUrl\":\"https:\\\/\\\/secure.gravatar.com\\\/avatar\\\/ccc17943b9d660506c869530f897617f7cb1c21a4bf30023f252596d83e1f007?s=96&d=mm&r=g\",\"caption\":\"admin\"},\"sameAs\":[\"https:\\\/\\\/kibrisdakik.com\"],\"url\":\"https:\\\/\\\/kibrisdakik.com\\\/?author=1\"}]}<\/script>\n<!-- \/ Yoast SEO plugin. -->","yoast_head_json":{"title":"Ba\u015fbakan \u00dcstel \u0130rsen K\u00fc\u00e7\u00fck\u2019\u00fc 4. \u00f6l\u00fcm y\u0131ld\u00f6n\u00fcm\u00fcnde and\u0131 -","robots":{"index":"index","follow":"follow","max-snippet":"max-snippet:-1","max-image-preview":"max-image-preview:large","max-video-preview":"max-video-preview:-1"},"canonical":"https:\/\/kibrisdakik.com\/?p=2961","og_locale":"tr_TR","og_type":"article","og_title":"Ba\u015fbakan \u00dcstel \u0130rsen K\u00fc\u00e7\u00fck\u2019\u00fc 4. \u00f6l\u00fcm y\u0131ld\u00f6n\u00fcm\u00fcnde and\u0131 -","og_description":"Ba\u015fbakan \u00dcnal \u00dcstel, merhum Ba\u015fbakan \u0130rsen K\u00fc\u00e7\u00fck\u2019\u00fc 4. \u00f6l\u00fcm y\u0131ld\u00f6n\u00fcm\u00fcnde and\u0131. \u00dcstel, yay\u0131mlad\u0131\u011f\u0131 anma mesaj\u0131nda, \u201c\u00dclkemizin yeti\u015ftirdi\u011fi \u00e7ok de\u011ferli siyasi liderlerden biri olan, Kurucu Meclis \u00dcyeli\u011fi, Milletvekilli\u011fi, Bakanl\u0131k ve Ba\u015fbakanl\u0131k g\u00f6revlerinde bulunmu\u015f, Erenk\u00f6y M\u00fccahidi olarak milli m\u00fccadeleye katk\u0131 koymu\u015f Kuzey K\u0131br\u0131s T\u00fcrk Cumhuriyeti\u2019nin Merhum Ba\u015fbakanlar\u0131ndan \u0130rsen K\u00fc\u00e7\u00fck\u2019\u00fc \u00f6l\u00fcm\u00fcn\u00fcn d\u00f6rd\u00fcnc\u00fc\u00a0 y\u0131l d\u00f6n\u00fcm\u00fcnde sayg\u0131 ve rahmetle an\u0131yoruz\u201d","og_url":"https:\/\/kibrisdakik.com\/?p=2961","article_published_time":"2023-03-09T22:33:05+00:00","og_image":[{"width":747,"height":413,"url":"https:\/\/kibrisdakik.com\/wp-content\/uploads\/2023\/03\/unal-ustel8-740x413.jpg","type":"image\/jpeg"}],"author":"admin","twitter_card":"summary_large_image","twitter_misc":{"Yazan:":"admin","Tahmini okuma s\u00fcresi":"2 dakika"},"schema":{"@context":"https:\/\/schema.org","@graph":[{"@type":"Article","@id":"https:\/\/kibrisdakik.com\/?p=2961#article","isPartOf":{"@id":"https:\/\/kibrisdakik.com\/?p=2961"},"author":{"name":"admin","@id":"https:\/\/kibrisdakik.com\/#\/schema\/person\/9cd9d437bbb44f72b73ba127e06d8e79"},"headline":"Ba\u015fbakan \u00dcstel \u0130rsen K\u00fc\u00e7\u00fck\u2019\u00fc 4. \u00f6l\u00fcm y\u0131ld\u00f6n\u00fcm\u00fcnde and\u0131","datePublished":"2023-03-09T22:33:05+00:00","mainEntityOfPage":{"@id":"https:\/\/kibrisdakik.com\/?p=2961"},"wordCount":318,"commentCount":0,"image":{"@id":"https:\/\/kibrisdakik.com\/?p=2961#primaryimage"},"thumbnailUrl":"https:\/\/kibrisdakik.com\/wp-content\/uploads\/2023\/03\/unal-ustel8-740x413.jpg","articleSection":["G\u00fcndem"],"inLanguage":"tr","potentialAction":[{"@type":"CommentAction","name":"Comment","target":["https:\/\/kibrisdakik.com\/?p=2961#respond"]}]},{"@type":"WebPage","@id":"https:\/\/kibrisdakik.com\/?p=2961","url":"https:\/\/kibrisdakik.com\/?p=2961","name":"Ba\u015fbakan \u00dcstel \u0130rsen K\u00fc\u00e7\u00fck\u2019\u00fc 4. \u00f6l\u00fcm y\u0131ld\u00f6n\u00fcm\u00fcnde and\u0131 -","isPartOf":{"@id":"https:\/\/kibrisdakik.com\/#website"},"primaryImageOfPage":{"@id":"https:\/\/kibrisdakik.com\/?p=2961#primaryimage"},"image":{"@id":"https:\/\/kibrisdakik.com\/?p=2961#primaryimage"},"thumbnailUrl":"https:\/\/kibrisdakik.com\/wp-content\/uploads\/2023\/03\/unal-ustel8-740x413.jpg","datePublished":"2023-03-09T22:33:05+00:00","author":{"@id":"https:\/\/kibrisdakik.com\/#\/schema\/person\/9cd9d437bbb44f72b73ba127e06d8e79"},"breadcrumb":{"@id":"https:\/\/kibrisdakik.com\/?p=2961#breadcrumb"},"inLanguage":"tr","potentialAction":[{"@type":"ReadAction","target":["https:\/\/kibrisdakik.com\/?p=2961"]}]},{"@type":"ImageObject","inLanguage":"tr","@id":"https:\/\/kibrisdakik.com\/?p=2961#primaryimage","url":"https:\/\/kibrisdakik.com\/wp-content\/uploads\/2023\/03\/unal-ustel8-740x413.jpg","contentUrl":"https:\/\/kibrisdakik.com\/wp-content\/uploads\/2023\/03\/unal-ustel8-740x413.jpg","width":747,"height":413},{"@type":"BreadcrumbList","@id":"https:\/\/kibrisdakik.com\/?p=2961#breadcrumb","itemListElement":[{"@type":"ListItem","position":1,"name":"Home","item":"https:\/\/kibrisdakik.com\/"},{"@type":"ListItem","position":2,"name":"Ba\u015fbakan \u00dcstel \u0130rsen K\u00fc\u00e7\u00fck\u2019\u00fc 4. \u00f6l\u00fcm y\u0131ld\u00f6n\u00fcm\u00fcnde and\u0131"}]},{"@type":"WebSite","@id":"https:\/\/kibrisdakik.com\/#website","url":"https:\/\/kibrisdakik.com\/","name":"","description":"Tam vaktinde haber","potentialAction":[{"@type":"SearchAction","target":{"@type":"EntryPoint","urlTemplate":"https:\/\/kibrisdakik.com\/?s={search_term_string}"},"query-input":{"@type":"PropertyValueSpecification","valueRequired":true,"valueName":"search_term_string"}}],"inLanguage":"tr"},{"@type":"Person","@id":"https:\/\/kibrisdakik.com\/#\/schema\/person\/9cd9d437bbb44f72b73ba127e06d8e79","name":"admin","image":{"@type":"ImageObject","inLanguage":"tr","@id":"https:\/\/secure.gravatar.com\/avatar\/ccc17943b9d660506c869530f897617f7cb1c21a4bf30023f252596d83e1f007?s=96&d=mm&r=g","url":"https:\/\/secure.gravatar.com\/avatar\/ccc17943b9d660506c869530f897617f7cb1c21a4bf30023f252596d83e1f007?s=96&d=mm&r=g","contentUrl":"https:\/\/secure.gravatar.com\/avatar\/ccc17943b9d660506c869530f897617f7cb1c21a4bf30023f252596d83e1f007?s=96&d=mm&r=g","caption":"admin"},"sameAs":["https:\/\/kibrisdakik.com"],"url":"https:\/\/kibrisdakik.com\/?author=1"}]}},"_links":{"self":[{"href":"https:\/\/kibrisdakik.com\/index.php?rest_route=\/wp\/v2\/posts\/2961","targetHints":{"allow":["GET"]}}],"collection":[{"href":"https:\/\/kibrisdakik.com\/index.php?rest_route=\/wp\/v2\/posts"}],"about":[{"href":"https:\/\/kibrisdakik.com\/index.php?rest_route=\/wp\/v2\/types\/post"}],"author":[{"embeddable":true,"href":"https:\/\/kibrisdakik.com\/index.php?rest_route=\/wp\/v2\/users\/1"}],"replies":[{"embeddable":true,"href":"https:\/\/kibrisdakik.com\/index.php?rest_route=%2Fwp%2Fv2%2Fcomments&post=2961"}],"version-history":[{"count":0,"href":"https:\/\/kibrisdakik.com\/index.php?rest_route=\/wp\/v2\/posts\/2961\/revisions"}],"wp:featuredmedia":[{"embeddable":true,"href":"https:\/\/kibrisdakik.com\/index.php?rest_route=\/wp\/v2\/media\/2962"}],"wp:attachment":[{"href":"https:\/\/kibrisdakik.com\/index.php?rest_route=%2Fwp%2Fv2%2Fmedia&parent=2961"}],"wp:term":[{"taxonomy":"category","embeddable":true,"href":"https:\/\/kibrisdakik.com\/index.php?rest_route=%2Fwp%2Fv2%2Fcategories&post=2961"},{"taxonomy":"post_tag","embeddable":true,"href":"https:\/\/kibrisdakik.com\/index.php?rest_route=%2Fwp%2Fv2%2Ftags&post=2961"}],"curies":[{"name":"wp","href":"https:\/\/api.w.org\/{rel}","templated":true}]}}