{"id":29723,"date":"2024-02-12T07:29:44","date_gmt":"2024-02-12T07:29:44","guid":{"rendered":"https:\/\/kibrisdakik.com\/index.php\/2024\/02\/12\/meksikada-ucak-plaja-acil-inis-yapti-1-kisi-oldu\/"},"modified":"2024-02-12T07:29:44","modified_gmt":"2024-02-12T07:29:44","slug":"meksikada-ucak-plaja-acil-inis-yapti-1-kisi-oldu","status":"publish","type":"post","link":"https:\/\/kibrisdakik.com\/?p=29723","title":{"rendered":"Meksika&#039;da u\u00e7ak plaja acil ini\u015f yapt\u0131: 1 ki\u015fi \u00f6ld\u00fc"},"content":{"rendered":"<p><img decoding=\"async\" src=\"https:\/\/www.kibristurk.com\/images\/haberler\/2024\/02\/meksikada-ucak-plaja-acil-inis-yapti-1-kisi-oldu-1707722060.webp\" \/><\/p>\n<p>Meksika&#8217;n\u0131n Oaxaca eyaleti yetkilileri, yapt\u0131klar\u0131 a\u00e7\u0131klamada 4 Kanadal\u0131 ve 1 Meksikal\u0131 sporcuyu ta\u015f\u0131yan u\u00e7a\u011f\u0131n \u00fclkenin g\u00fcneyindeki bir plaja acil ini\u015f yapt\u0131\u011f\u0131n\u0131 bildirdi.<\/p>\n<p>Yetkililer, u\u00e7a\u011f\u0131n acil ini\u015f s\u0131ras\u0131nda plajda bulunan bir ki\u015finin \u00f6l\u00fcm\u00fcne neden oldu\u011funu bildirdi.<\/p>\n<p>U\u00e7aktaki m\u00fcrettebat\u0131n tedavi alt\u0131na al\u0131nd\u0131\u011f\u0131n\u0131 ve durumlar\u0131n\u0131n &#8220;stabil&#8221; oldu\u011funu a\u00e7\u0131klayan yetkililer, u\u00e7a\u011f\u0131n neden acil ini\u015f yapt\u0131\u011f\u0131na dair herhangi bir bilgi payla\u015fmad\u0131.<\/p>\n","protected":false},"excerpt":{"rendered":"<p>Meksika&#8217;n\u0131n Oaxaca eyaleti yetkilileri, yapt\u0131klar\u0131 a\u00e7\u0131klamada 4 Kanadal\u0131 ve 1 Meksikal\u0131 sporcuyu ta\u015f\u0131yan u\u00e7a\u011f\u0131n \u00fclkenin g\u00fcneyindeki bir plaja acil ini\u015f yapt\u0131\u011f\u0131n\u0131 bildirdi. Yetkililer, u\u00e7a\u011f\u0131n acil ini\u015f s\u0131ras\u0131nda plajda bulunan bir ki\u015finin \u00f6l\u00fcm\u00fcne neden oldu\u011funu bildirdi. U\u00e7aktaki m\u00fcrettebat\u0131n tedavi alt\u0131na al\u0131nd\u0131\u011f\u0131n\u0131 ve durumlar\u0131n\u0131n &#8220;stabil&#8221; oldu\u011funu a\u00e7\u0131klayan yetkililer, u\u00e7a\u011f\u0131n neden acil ini\u015f yapt\u0131\u011f\u0131na dair herhangi bir bilgi<\/p>\n","protected":false},"author":1,"featured_media":29724,"comment_status":"open","ping_status":"open","sticky":false,"template":"","format":"standard","meta":{"footnotes":""},"categories":[1],"tags":[],"class_list":["post-29723","post","type-post","status-publish","format-standard","has-post-thumbnail","hentry","category-gundem"],"yoast_head":"<!-- This site is optimized with the Yoast SEO plugin v27.4 - https:\/\/yoast.com\/product\/yoast-seo-wordpress\/ -->\n<title>Meksika&#039;da u\u00e7ak plaja acil ini\u015f yapt\u0131: 1 ki\u015fi \u00f6ld\u00fc -<\/title>\n<meta name=\"robots\" content=\"index, follow, max-snippet:-1, max-image-preview:large, max-video-preview:-1\" \/>\n<link rel=\"canonical\" href=\"https:\/\/kibrisdakik.com\/?p=29723\" \/>\n<meta property=\"og:locale\" content=\"tr_TR\" \/>\n<meta property=\"og:type\" content=\"article\" \/>\n<meta property=\"og:title\" content=\"Meksika&#039;da u\u00e7ak plaja acil ini\u015f yapt\u0131: 1 ki\u015fi \u00f6ld\u00fc -\" \/>\n<meta property=\"og:description\" content=\"Meksika&#8217;n\u0131n Oaxaca eyaleti yetkilileri, yapt\u0131klar\u0131 a\u00e7\u0131klamada 4 Kanadal\u0131 ve 1 Meksikal\u0131 sporcuyu ta\u015f\u0131yan u\u00e7a\u011f\u0131n \u00fclkenin g\u00fcneyindeki bir plaja acil ini\u015f yapt\u0131\u011f\u0131n\u0131 bildirdi. Yetkililer, u\u00e7a\u011f\u0131n acil ini\u015f s\u0131ras\u0131nda plajda bulunan bir ki\u015finin \u00f6l\u00fcm\u00fcne neden oldu\u011funu bildirdi. U\u00e7aktaki m\u00fcrettebat\u0131n tedavi alt\u0131na al\u0131nd\u0131\u011f\u0131n\u0131 ve durumlar\u0131n\u0131n &#8220;stabil&#8221; oldu\u011funu a\u00e7\u0131klayan yetkililer, u\u00e7a\u011f\u0131n neden acil ini\u015f yapt\u0131\u011f\u0131na dair herhangi bir bilgi\" \/>\n<meta property=\"og:url\" content=\"https:\/\/kibrisdakik.com\/?p=29723\" \/>\n<meta property=\"article:published_time\" content=\"2024-02-12T07:29:44+00:00\" \/>\n<meta property=\"og:image\" content=\"https:\/\/kibrisdakik.com\/wp-content\/uploads\/2024\/02\/meksikada-ucak-plaja-acil-inis-yapti-1-kisi-oldu-1707722060.webp.webp\" \/>\n\t<meta property=\"og:image:width\" content=\"710\" \/>\n\t<meta property=\"og:image:height\" content=\"370\" \/>\n\t<meta property=\"og:image:type\" content=\"image\/webp\" \/>\n<meta name=\"author\" content=\"admin\" \/>\n<meta name=\"twitter:card\" content=\"summary_large_image\" \/>\n<meta name=\"twitter:label1\" content=\"Yazan:\" \/>\n\t<meta name=\"twitter:data1\" content=\"admin\" \/>\n<script type=\"application\/ld+json\" class=\"yoast-schema-graph\">{\"@context\":\"https:\\\/\\\/schema.org\",\"@graph\":[{\"@type\":\"Article\",\"@id\":\"https:\\\/\\\/kibrisdakik.com\\\/?p=29723#article\",\"isPartOf\":{\"@id\":\"https:\\\/\\\/kibrisdakik.com\\\/?p=29723\"},\"author\":{\"name\":\"admin\",\"@id\":\"https:\\\/\\\/kibrisdakik.com\\\/#\\\/schema\\\/person\\\/9cd9d437bbb44f72b73ba127e06d8e79\"},\"headline\":\"Meksika&#039;da u\u00e7ak plaja acil ini\u015f yapt\u0131: 1 ki\u015fi \u00f6ld\u00fc\",\"datePublished\":\"2024-02-12T07:29:44+00:00\",\"mainEntityOfPage\":{\"@id\":\"https:\\\/\\\/kibrisdakik.com\\\/?p=29723\"},\"wordCount\":95,\"commentCount\":0,\"image\":{\"@id\":\"https:\\\/\\\/kibrisdakik.com\\\/?p=29723#primaryimage\"},\"thumbnailUrl\":\"https:\\\/\\\/kibrisdakik.com\\\/wp-content\\\/uploads\\\/2024\\\/02\\\/meksikada-ucak-plaja-acil-inis-yapti-1-kisi-oldu-1707722060.webp.webp\",\"articleSection\":[\"G\u00fcndem\"],\"inLanguage\":\"tr\",\"potentialAction\":[{\"@type\":\"CommentAction\",\"name\":\"Comment\",\"target\":[\"https:\\\/\\\/kibrisdakik.com\\\/?p=29723#respond\"]}]},{\"@type\":\"WebPage\",\"@id\":\"https:\\\/\\\/kibrisdakik.com\\\/?p=29723\",\"url\":\"https:\\\/\\\/kibrisdakik.com\\\/?p=29723\",\"name\":\"Meksika&#039;da u\u00e7ak plaja acil ini\u015f yapt\u0131: 1 ki\u015fi \u00f6ld\u00fc -\",\"isPartOf\":{\"@id\":\"https:\\\/\\\/kibrisdakik.com\\\/#website\"},\"primaryImageOfPage\":{\"@id\":\"https:\\\/\\\/kibrisdakik.com\\\/?p=29723#primaryimage\"},\"image\":{\"@id\":\"https:\\\/\\\/kibrisdakik.com\\\/?p=29723#primaryimage\"},\"thumbnailUrl\":\"https:\\\/\\\/kibrisdakik.com\\\/wp-content\\\/uploads\\\/2024\\\/02\\\/meksikada-ucak-plaja-acil-inis-yapti-1-kisi-oldu-1707722060.webp.webp\",\"datePublished\":\"2024-02-12T07:29:44+00:00\",\"author\":{\"@id\":\"https:\\\/\\\/kibrisdakik.com\\\/#\\\/schema\\\/person\\\/9cd9d437bbb44f72b73ba127e06d8e79\"},\"breadcrumb\":{\"@id\":\"https:\\\/\\\/kibrisdakik.com\\\/?p=29723#breadcrumb\"},\"inLanguage\":\"tr\",\"potentialAction\":[{\"@type\":\"ReadAction\",\"target\":[\"https:\\\/\\\/kibrisdakik.com\\\/?p=29723\"]}]},{\"@type\":\"ImageObject\",\"inLanguage\":\"tr\",\"@id\":\"https:\\\/\\\/kibrisdakik.com\\\/?p=29723#primaryimage\",\"url\":\"https:\\\/\\\/kibrisdakik.com\\\/wp-content\\\/uploads\\\/2024\\\/02\\\/meksikada-ucak-plaja-acil-inis-yapti-1-kisi-oldu-1707722060.webp.webp\",\"contentUrl\":\"https:\\\/\\\/kibrisdakik.com\\\/wp-content\\\/uploads\\\/2024\\\/02\\\/meksikada-ucak-plaja-acil-inis-yapti-1-kisi-oldu-1707722060.webp.webp\",\"width\":710,\"height\":370},{\"@type\":\"BreadcrumbList\",\"@id\":\"https:\\\/\\\/kibrisdakik.com\\\/?p=29723#breadcrumb\",\"itemListElement\":[{\"@type\":\"ListItem\",\"position\":1,\"name\":\"Home\",\"item\":\"https:\\\/\\\/kibrisdakik.com\\\/\"},{\"@type\":\"ListItem\",\"position\":2,\"name\":\"Meksika&#039;da u\u00e7ak plaja acil ini\u015f yapt\u0131: 1 ki\u015fi \u00f6ld\u00fc\"}]},{\"@type\":\"WebSite\",\"@id\":\"https:\\\/\\\/kibrisdakik.com\\\/#website\",\"url\":\"https:\\\/\\\/kibrisdakik.com\\\/\",\"name\":\"\",\"description\":\"Tam vaktinde haber\",\"potentialAction\":[{\"@type\":\"SearchAction\",\"target\":{\"@type\":\"EntryPoint\",\"urlTemplate\":\"https:\\\/\\\/kibrisdakik.com\\\/?s={search_term_string}\"},\"query-input\":{\"@type\":\"PropertyValueSpecification\",\"valueRequired\":true,\"valueName\":\"search_term_string\"}}],\"inLanguage\":\"tr\"},{\"@type\":\"Person\",\"@id\":\"https:\\\/\\\/kibrisdakik.com\\\/#\\\/schema\\\/person\\\/9cd9d437bbb44f72b73ba127e06d8e79\",\"name\":\"admin\",\"image\":{\"@type\":\"ImageObject\",\"inLanguage\":\"tr\",\"@id\":\"https:\\\/\\\/secure.gravatar.com\\\/avatar\\\/ccc17943b9d660506c869530f897617f7cb1c21a4bf30023f252596d83e1f007?s=96&d=mm&r=g\",\"url\":\"https:\\\/\\\/secure.gravatar.com\\\/avatar\\\/ccc17943b9d660506c869530f897617f7cb1c21a4bf30023f252596d83e1f007?s=96&d=mm&r=g\",\"contentUrl\":\"https:\\\/\\\/secure.gravatar.com\\\/avatar\\\/ccc17943b9d660506c869530f897617f7cb1c21a4bf30023f252596d83e1f007?s=96&d=mm&r=g\",\"caption\":\"admin\"},\"sameAs\":[\"https:\\\/\\\/kibrisdakik.com\"],\"url\":\"https:\\\/\\\/kibrisdakik.com\\\/?author=1\"}]}<\/script>\n<!-- \/ Yoast SEO plugin. -->","yoast_head_json":{"title":"Meksika&#039;da u\u00e7ak plaja acil ini\u015f yapt\u0131: 1 ki\u015fi \u00f6ld\u00fc -","robots":{"index":"index","follow":"follow","max-snippet":"max-snippet:-1","max-image-preview":"max-image-preview:large","max-video-preview":"max-video-preview:-1"},"canonical":"https:\/\/kibrisdakik.com\/?p=29723","og_locale":"tr_TR","og_type":"article","og_title":"Meksika&#039;da u\u00e7ak plaja acil ini\u015f yapt\u0131: 1 ki\u015fi \u00f6ld\u00fc -","og_description":"Meksika&#8217;n\u0131n Oaxaca eyaleti yetkilileri, yapt\u0131klar\u0131 a\u00e7\u0131klamada 4 Kanadal\u0131 ve 1 Meksikal\u0131 sporcuyu ta\u015f\u0131yan u\u00e7a\u011f\u0131n \u00fclkenin g\u00fcneyindeki bir plaja acil ini\u015f yapt\u0131\u011f\u0131n\u0131 bildirdi. Yetkililer, u\u00e7a\u011f\u0131n acil ini\u015f s\u0131ras\u0131nda plajda bulunan bir ki\u015finin \u00f6l\u00fcm\u00fcne neden oldu\u011funu bildirdi. U\u00e7aktaki m\u00fcrettebat\u0131n tedavi alt\u0131na al\u0131nd\u0131\u011f\u0131n\u0131 ve durumlar\u0131n\u0131n &#8220;stabil&#8221; oldu\u011funu a\u00e7\u0131klayan yetkililer, u\u00e7a\u011f\u0131n neden acil ini\u015f yapt\u0131\u011f\u0131na dair herhangi bir bilgi","og_url":"https:\/\/kibrisdakik.com\/?p=29723","article_published_time":"2024-02-12T07:29:44+00:00","og_image":[{"width":710,"height":370,"url":"https:\/\/kibrisdakik.com\/wp-content\/uploads\/2024\/02\/meksikada-ucak-plaja-acil-inis-yapti-1-kisi-oldu-1707722060.webp.webp","type":"image\/webp"}],"author":"admin","twitter_card":"summary_large_image","twitter_misc":{"Yazan:":"admin"},"schema":{"@context":"https:\/\/schema.org","@graph":[{"@type":"Article","@id":"https:\/\/kibrisdakik.com\/?p=29723#article","isPartOf":{"@id":"https:\/\/kibrisdakik.com\/?p=29723"},"author":{"name":"admin","@id":"https:\/\/kibrisdakik.com\/#\/schema\/person\/9cd9d437bbb44f72b73ba127e06d8e79"},"headline":"Meksika&#039;da u\u00e7ak plaja acil ini\u015f yapt\u0131: 1 ki\u015fi \u00f6ld\u00fc","datePublished":"2024-02-12T07:29:44+00:00","mainEntityOfPage":{"@id":"https:\/\/kibrisdakik.com\/?p=29723"},"wordCount":95,"commentCount":0,"image":{"@id":"https:\/\/kibrisdakik.com\/?p=29723#primaryimage"},"thumbnailUrl":"https:\/\/kibrisdakik.com\/wp-content\/uploads\/2024\/02\/meksikada-ucak-plaja-acil-inis-yapti-1-kisi-oldu-1707722060.webp.webp","articleSection":["G\u00fcndem"],"inLanguage":"tr","potentialAction":[{"@type":"CommentAction","name":"Comment","target":["https:\/\/kibrisdakik.com\/?p=29723#respond"]}]},{"@type":"WebPage","@id":"https:\/\/kibrisdakik.com\/?p=29723","url":"https:\/\/kibrisdakik.com\/?p=29723","name":"Meksika&#039;da u\u00e7ak plaja acil ini\u015f yapt\u0131: 1 ki\u015fi \u00f6ld\u00fc -","isPartOf":{"@id":"https:\/\/kibrisdakik.com\/#website"},"primaryImageOfPage":{"@id":"https:\/\/kibrisdakik.com\/?p=29723#primaryimage"},"image":{"@id":"https:\/\/kibrisdakik.com\/?p=29723#primaryimage"},"thumbnailUrl":"https:\/\/kibrisdakik.com\/wp-content\/uploads\/2024\/02\/meksikada-ucak-plaja-acil-inis-yapti-1-kisi-oldu-1707722060.webp.webp","datePublished":"2024-02-12T07:29:44+00:00","author":{"@id":"https:\/\/kibrisdakik.com\/#\/schema\/person\/9cd9d437bbb44f72b73ba127e06d8e79"},"breadcrumb":{"@id":"https:\/\/kibrisdakik.com\/?p=29723#breadcrumb"},"inLanguage":"tr","potentialAction":[{"@type":"ReadAction","target":["https:\/\/kibrisdakik.com\/?p=29723"]}]},{"@type":"ImageObject","inLanguage":"tr","@id":"https:\/\/kibrisdakik.com\/?p=29723#primaryimage","url":"https:\/\/kibrisdakik.com\/wp-content\/uploads\/2024\/02\/meksikada-ucak-plaja-acil-inis-yapti-1-kisi-oldu-1707722060.webp.webp","contentUrl":"https:\/\/kibrisdakik.com\/wp-content\/uploads\/2024\/02\/meksikada-ucak-plaja-acil-inis-yapti-1-kisi-oldu-1707722060.webp.webp","width":710,"height":370},{"@type":"BreadcrumbList","@id":"https:\/\/kibrisdakik.com\/?p=29723#breadcrumb","itemListElement":[{"@type":"ListItem","position":1,"name":"Home","item":"https:\/\/kibrisdakik.com\/"},{"@type":"ListItem","position":2,"name":"Meksika&#039;da u\u00e7ak plaja acil ini\u015f yapt\u0131: 1 ki\u015fi \u00f6ld\u00fc"}]},{"@type":"WebSite","@id":"https:\/\/kibrisdakik.com\/#website","url":"https:\/\/kibrisdakik.com\/","name":"","description":"Tam vaktinde haber","potentialAction":[{"@type":"SearchAction","target":{"@type":"EntryPoint","urlTemplate":"https:\/\/kibrisdakik.com\/?s={search_term_string}"},"query-input":{"@type":"PropertyValueSpecification","valueRequired":true,"valueName":"search_term_string"}}],"inLanguage":"tr"},{"@type":"Person","@id":"https:\/\/kibrisdakik.com\/#\/schema\/person\/9cd9d437bbb44f72b73ba127e06d8e79","name":"admin","image":{"@type":"ImageObject","inLanguage":"tr","@id":"https:\/\/secure.gravatar.com\/avatar\/ccc17943b9d660506c869530f897617f7cb1c21a4bf30023f252596d83e1f007?s=96&d=mm&r=g","url":"https:\/\/secure.gravatar.com\/avatar\/ccc17943b9d660506c869530f897617f7cb1c21a4bf30023f252596d83e1f007?s=96&d=mm&r=g","contentUrl":"https:\/\/secure.gravatar.com\/avatar\/ccc17943b9d660506c869530f897617f7cb1c21a4bf30023f252596d83e1f007?s=96&d=mm&r=g","caption":"admin"},"sameAs":["https:\/\/kibrisdakik.com"],"url":"https:\/\/kibrisdakik.com\/?author=1"}]}},"_links":{"self":[{"href":"https:\/\/kibrisdakik.com\/index.php?rest_route=\/wp\/v2\/posts\/29723","targetHints":{"allow":["GET"]}}],"collection":[{"href":"https:\/\/kibrisdakik.com\/index.php?rest_route=\/wp\/v2\/posts"}],"about":[{"href":"https:\/\/kibrisdakik.com\/index.php?rest_route=\/wp\/v2\/types\/post"}],"author":[{"embeddable":true,"href":"https:\/\/kibrisdakik.com\/index.php?rest_route=\/wp\/v2\/users\/1"}],"replies":[{"embeddable":true,"href":"https:\/\/kibrisdakik.com\/index.php?rest_route=%2Fwp%2Fv2%2Fcomments&post=29723"}],"version-history":[{"count":0,"href":"https:\/\/kibrisdakik.com\/index.php?rest_route=\/wp\/v2\/posts\/29723\/revisions"}],"wp:featuredmedia":[{"embeddable":true,"href":"https:\/\/kibrisdakik.com\/index.php?rest_route=\/wp\/v2\/media\/29724"}],"wp:attachment":[{"href":"https:\/\/kibrisdakik.com\/index.php?rest_route=%2Fwp%2Fv2%2Fmedia&parent=29723"}],"wp:term":[{"taxonomy":"category","embeddable":true,"href":"https:\/\/kibrisdakik.com\/index.php?rest_route=%2Fwp%2Fv2%2Fcategories&post=29723"},{"taxonomy":"post_tag","embeddable":true,"href":"https:\/\/kibrisdakik.com\/index.php?rest_route=%2Fwp%2Fv2%2Ftags&post=29723"}],"curies":[{"name":"wp","href":"https:\/\/api.w.org\/{rel}","templated":true}]}}