{"id":29842,"date":"2024-02-12T21:20:55","date_gmt":"2024-02-12T21:20:55","guid":{"rendered":"https:\/\/kibrisdakik.com\/index.php\/2024\/02\/12\/cumhurbaskani-erdogan-birlesik-arap-emirliklerine-gitti\/"},"modified":"2024-02-12T21:20:55","modified_gmt":"2024-02-12T21:20:55","slug":"cumhurbaskani-erdogan-birlesik-arap-emirliklerine-gitti","status":"publish","type":"post","link":"https:\/\/kibrisdakik.com\/?p=29842","title":{"rendered":"Cumhurba\u015fkan\u0131 Erdo\u011fan, Birle\u015fik Arap Emirlikleri&#039;ne gitti"},"content":{"rendered":"<p><img decoding=\"async\" src=\"https:\/\/www.kibristurk.com\/images\/haberler\/2024\/02\/cumhurbaskani-erdogan-birlesik-arap-emirliklerine-gitti-1707771167.webp\" \/><\/p>\n<p>Cumhurba\u015fkan\u0131 Erdo\u011fan, Cumhurba\u015fkanl\u0131\u011f\u0131 K\u00fclliyesi&#8217;nde ger\u00e7ekle\u015fen Kabine Toplant\u0131s\u0131&#8217;n\u0131n ard\u0131ndan Birle\u015fik Arap Emirlikleri Devlet Ba\u015fkan\u0131 Muhammed bin Zayid en-Nehyan&#8217;\u0131n daveti \u00fczerine D\u00fcnya H\u00fck\u00fcmetler Zirvesi&#8217;ne kat\u0131lmak \u00fczere Esenbo\u011fa Havaliman\u0131&#8217;na ge\u00e7ti. Erdo\u011fan ve beraberindeki heyeti, Dubai&#8217;ye hareketinden \u00f6nce Ankara Valisi Vasip \u015eahin ve ilgililer u\u011furlad\u0131. Erdo\u011fan ile birlikte heyette D\u0131\u015fi\u015fleri Bakan\u0131 Hakan Fidan, Enerji ve Tabii Kaynaklar Bakan\u0131 Alparslan Bayraktar, Hazine ve Maliye Bakan\u0131 Mehmet \u015eim\u015fek, Milli Savunma Bakan\u0131 Ya\u015far G\u00fcler, Sa\u011fl\u0131k Bakan\u0131 Fahrettin Koca, Sanayi ve Teknoloji Bakan\u0131 Mehmet Fatih Kac\u0131r ile Ticaret Bakan\u0131 \u00d6mer Bolat yer ald\u0131.<\/p>\n","protected":false},"excerpt":{"rendered":"<p>Cumhurba\u015fkan\u0131 Erdo\u011fan, Cumhurba\u015fkanl\u0131\u011f\u0131 K\u00fclliyesi&#8217;nde ger\u00e7ekle\u015fen Kabine Toplant\u0131s\u0131&#8217;n\u0131n ard\u0131ndan Birle\u015fik Arap Emirlikleri Devlet Ba\u015fkan\u0131 Muhammed bin Zayid en-Nehyan&#8217;\u0131n daveti \u00fczerine D\u00fcnya H\u00fck\u00fcmetler Zirvesi&#8217;ne kat\u0131lmak \u00fczere Esenbo\u011fa Havaliman\u0131&#8217;na ge\u00e7ti. Erdo\u011fan ve beraberindeki heyeti, Dubai&#8217;ye hareketinden \u00f6nce Ankara Valisi Vasip \u015eahin ve ilgililer u\u011furlad\u0131. Erdo\u011fan ile birlikte heyette D\u0131\u015fi\u015fleri Bakan\u0131 Hakan Fidan, Enerji ve Tabii Kaynaklar Bakan\u0131 Alparslan<\/p>\n","protected":false},"author":1,"featured_media":29843,"comment_status":"open","ping_status":"open","sticky":false,"template":"","format":"standard","meta":{"footnotes":""},"categories":[1],"tags":[],"class_list":["post-29842","post","type-post","status-publish","format-standard","has-post-thumbnail","hentry","category-gundem"],"yoast_head":"<!-- This site is optimized with the Yoast SEO plugin v27.5 - https:\/\/yoast.com\/product\/yoast-seo-wordpress\/ -->\n<title>Cumhurba\u015fkan\u0131 Erdo\u011fan, Birle\u015fik Arap Emirlikleri&#039;ne gitti -<\/title>\n<meta name=\"robots\" content=\"index, follow, max-snippet:-1, max-image-preview:large, max-video-preview:-1\" \/>\n<link rel=\"canonical\" href=\"https:\/\/kibrisdakik.com\/?p=29842\" \/>\n<meta property=\"og:locale\" content=\"tr_TR\" \/>\n<meta property=\"og:type\" content=\"article\" \/>\n<meta property=\"og:title\" content=\"Cumhurba\u015fkan\u0131 Erdo\u011fan, Birle\u015fik Arap Emirlikleri&#039;ne gitti -\" \/>\n<meta property=\"og:description\" content=\"Cumhurba\u015fkan\u0131 Erdo\u011fan, Cumhurba\u015fkanl\u0131\u011f\u0131 K\u00fclliyesi&#8217;nde ger\u00e7ekle\u015fen Kabine Toplant\u0131s\u0131&#8217;n\u0131n ard\u0131ndan Birle\u015fik Arap Emirlikleri Devlet Ba\u015fkan\u0131 Muhammed bin Zayid en-Nehyan&#8217;\u0131n daveti \u00fczerine D\u00fcnya H\u00fck\u00fcmetler Zirvesi&#8217;ne kat\u0131lmak \u00fczere Esenbo\u011fa Havaliman\u0131&#8217;na ge\u00e7ti. Erdo\u011fan ve beraberindeki heyeti, Dubai&#8217;ye hareketinden \u00f6nce Ankara Valisi Vasip \u015eahin ve ilgililer u\u011furlad\u0131. Erdo\u011fan ile birlikte heyette D\u0131\u015fi\u015fleri Bakan\u0131 Hakan Fidan, Enerji ve Tabii Kaynaklar Bakan\u0131 Alparslan\" \/>\n<meta property=\"og:url\" content=\"https:\/\/kibrisdakik.com\/?p=29842\" \/>\n<meta property=\"article:published_time\" content=\"2024-02-12T21:20:55+00:00\" \/>\n<meta property=\"og:image\" content=\"https:\/\/kibrisdakik.com\/wp-content\/uploads\/2024\/02\/cumhurbaskani-erdogan-birlesik-arap-emirliklerine-gitti-1707771167.webp.webp\" \/>\n\t<meta property=\"og:image:width\" content=\"710\" \/>\n\t<meta property=\"og:image:height\" content=\"370\" \/>\n\t<meta property=\"og:image:type\" content=\"image\/webp\" \/>\n<meta name=\"author\" content=\"admin\" \/>\n<meta name=\"twitter:card\" content=\"summary_large_image\" \/>\n<meta name=\"twitter:label1\" content=\"Yazan:\" \/>\n\t<meta name=\"twitter:data1\" content=\"admin\" \/>\n\t<meta name=\"twitter:label2\" content=\"Tahmini okuma s\u00fcresi\" \/>\n\t<meta name=\"twitter:data2\" content=\"1 dakika\" \/>\n<script type=\"application\/ld+json\" class=\"yoast-schema-graph\">{\"@context\":\"https:\\\/\\\/schema.org\",\"@graph\":[{\"@type\":\"Article\",\"@id\":\"https:\\\/\\\/kibrisdakik.com\\\/?p=29842#article\",\"isPartOf\":{\"@id\":\"https:\\\/\\\/kibrisdakik.com\\\/?p=29842\"},\"author\":{\"name\":\"admin\",\"@id\":\"https:\\\/\\\/kibrisdakik.com\\\/#\\\/schema\\\/person\\\/9cd9d437bbb44f72b73ba127e06d8e79\"},\"headline\":\"Cumhurba\u015fkan\u0131 Erdo\u011fan, Birle\u015fik Arap Emirlikleri&#039;ne gitti\",\"datePublished\":\"2024-02-12T21:20:55+00:00\",\"mainEntityOfPage\":{\"@id\":\"https:\\\/\\\/kibrisdakik.com\\\/?p=29842\"},\"wordCount\":126,\"commentCount\":0,\"image\":{\"@id\":\"https:\\\/\\\/kibrisdakik.com\\\/?p=29842#primaryimage\"},\"thumbnailUrl\":\"https:\\\/\\\/kibrisdakik.com\\\/wp-content\\\/uploads\\\/2024\\\/02\\\/cumhurbaskani-erdogan-birlesik-arap-emirliklerine-gitti-1707771167.webp.webp\",\"articleSection\":[\"G\u00fcndem\"],\"inLanguage\":\"tr\",\"potentialAction\":[{\"@type\":\"CommentAction\",\"name\":\"Comment\",\"target\":[\"https:\\\/\\\/kibrisdakik.com\\\/?p=29842#respond\"]}]},{\"@type\":\"WebPage\",\"@id\":\"https:\\\/\\\/kibrisdakik.com\\\/?p=29842\",\"url\":\"https:\\\/\\\/kibrisdakik.com\\\/?p=29842\",\"name\":\"Cumhurba\u015fkan\u0131 Erdo\u011fan, Birle\u015fik Arap Emirlikleri&#039;ne gitti -\",\"isPartOf\":{\"@id\":\"https:\\\/\\\/kibrisdakik.com\\\/#website\"},\"primaryImageOfPage\":{\"@id\":\"https:\\\/\\\/kibrisdakik.com\\\/?p=29842#primaryimage\"},\"image\":{\"@id\":\"https:\\\/\\\/kibrisdakik.com\\\/?p=29842#primaryimage\"},\"thumbnailUrl\":\"https:\\\/\\\/kibrisdakik.com\\\/wp-content\\\/uploads\\\/2024\\\/02\\\/cumhurbaskani-erdogan-birlesik-arap-emirliklerine-gitti-1707771167.webp.webp\",\"datePublished\":\"2024-02-12T21:20:55+00:00\",\"author\":{\"@id\":\"https:\\\/\\\/kibrisdakik.com\\\/#\\\/schema\\\/person\\\/9cd9d437bbb44f72b73ba127e06d8e79\"},\"breadcrumb\":{\"@id\":\"https:\\\/\\\/kibrisdakik.com\\\/?p=29842#breadcrumb\"},\"inLanguage\":\"tr\",\"potentialAction\":[{\"@type\":\"ReadAction\",\"target\":[\"https:\\\/\\\/kibrisdakik.com\\\/?p=29842\"]}]},{\"@type\":\"ImageObject\",\"inLanguage\":\"tr\",\"@id\":\"https:\\\/\\\/kibrisdakik.com\\\/?p=29842#primaryimage\",\"url\":\"https:\\\/\\\/kibrisdakik.com\\\/wp-content\\\/uploads\\\/2024\\\/02\\\/cumhurbaskani-erdogan-birlesik-arap-emirliklerine-gitti-1707771167.webp.webp\",\"contentUrl\":\"https:\\\/\\\/kibrisdakik.com\\\/wp-content\\\/uploads\\\/2024\\\/02\\\/cumhurbaskani-erdogan-birlesik-arap-emirliklerine-gitti-1707771167.webp.webp\",\"width\":710,\"height\":370},{\"@type\":\"BreadcrumbList\",\"@id\":\"https:\\\/\\\/kibrisdakik.com\\\/?p=29842#breadcrumb\",\"itemListElement\":[{\"@type\":\"ListItem\",\"position\":1,\"name\":\"Home\",\"item\":\"https:\\\/\\\/kibrisdakik.com\\\/\"},{\"@type\":\"ListItem\",\"position\":2,\"name\":\"Cumhurba\u015fkan\u0131 Erdo\u011fan, Birle\u015fik Arap Emirlikleri&#039;ne gitti\"}]},{\"@type\":\"WebSite\",\"@id\":\"https:\\\/\\\/kibrisdakik.com\\\/#website\",\"url\":\"https:\\\/\\\/kibrisdakik.com\\\/\",\"name\":\"\",\"description\":\"Tam vaktinde haber\",\"potentialAction\":[{\"@type\":\"SearchAction\",\"target\":{\"@type\":\"EntryPoint\",\"urlTemplate\":\"https:\\\/\\\/kibrisdakik.com\\\/?s={search_term_string}\"},\"query-input\":{\"@type\":\"PropertyValueSpecification\",\"valueRequired\":true,\"valueName\":\"search_term_string\"}}],\"inLanguage\":\"tr\"},{\"@type\":\"Person\",\"@id\":\"https:\\\/\\\/kibrisdakik.com\\\/#\\\/schema\\\/person\\\/9cd9d437bbb44f72b73ba127e06d8e79\",\"name\":\"admin\",\"image\":{\"@type\":\"ImageObject\",\"inLanguage\":\"tr\",\"@id\":\"https:\\\/\\\/secure.gravatar.com\\\/avatar\\\/ccc17943b9d660506c869530f897617f7cb1c21a4bf30023f252596d83e1f007?s=96&d=mm&r=g\",\"url\":\"https:\\\/\\\/secure.gravatar.com\\\/avatar\\\/ccc17943b9d660506c869530f897617f7cb1c21a4bf30023f252596d83e1f007?s=96&d=mm&r=g\",\"contentUrl\":\"https:\\\/\\\/secure.gravatar.com\\\/avatar\\\/ccc17943b9d660506c869530f897617f7cb1c21a4bf30023f252596d83e1f007?s=96&d=mm&r=g\",\"caption\":\"admin\"},\"sameAs\":[\"https:\\\/\\\/kibrisdakik.com\"],\"url\":\"https:\\\/\\\/kibrisdakik.com\\\/?author=1\"}]}<\/script>\n<!-- \/ Yoast SEO plugin. -->","yoast_head_json":{"title":"Cumhurba\u015fkan\u0131 Erdo\u011fan, Birle\u015fik Arap Emirlikleri&#039;ne gitti -","robots":{"index":"index","follow":"follow","max-snippet":"max-snippet:-1","max-image-preview":"max-image-preview:large","max-video-preview":"max-video-preview:-1"},"canonical":"https:\/\/kibrisdakik.com\/?p=29842","og_locale":"tr_TR","og_type":"article","og_title":"Cumhurba\u015fkan\u0131 Erdo\u011fan, Birle\u015fik Arap Emirlikleri&#039;ne gitti -","og_description":"Cumhurba\u015fkan\u0131 Erdo\u011fan, Cumhurba\u015fkanl\u0131\u011f\u0131 K\u00fclliyesi&#8217;nde ger\u00e7ekle\u015fen Kabine Toplant\u0131s\u0131&#8217;n\u0131n ard\u0131ndan Birle\u015fik Arap Emirlikleri Devlet Ba\u015fkan\u0131 Muhammed bin Zayid en-Nehyan&#8217;\u0131n daveti \u00fczerine D\u00fcnya H\u00fck\u00fcmetler Zirvesi&#8217;ne kat\u0131lmak \u00fczere Esenbo\u011fa Havaliman\u0131&#8217;na ge\u00e7ti. Erdo\u011fan ve beraberindeki heyeti, Dubai&#8217;ye hareketinden \u00f6nce Ankara Valisi Vasip \u015eahin ve ilgililer u\u011furlad\u0131. Erdo\u011fan ile birlikte heyette D\u0131\u015fi\u015fleri Bakan\u0131 Hakan Fidan, Enerji ve Tabii Kaynaklar Bakan\u0131 Alparslan","og_url":"https:\/\/kibrisdakik.com\/?p=29842","article_published_time":"2024-02-12T21:20:55+00:00","og_image":[{"width":710,"height":370,"url":"https:\/\/kibrisdakik.com\/wp-content\/uploads\/2024\/02\/cumhurbaskani-erdogan-birlesik-arap-emirliklerine-gitti-1707771167.webp.webp","type":"image\/webp"}],"author":"admin","twitter_card":"summary_large_image","twitter_misc":{"Yazan:":"admin","Tahmini okuma s\u00fcresi":"1 dakika"},"schema":{"@context":"https:\/\/schema.org","@graph":[{"@type":"Article","@id":"https:\/\/kibrisdakik.com\/?p=29842#article","isPartOf":{"@id":"https:\/\/kibrisdakik.com\/?p=29842"},"author":{"name":"admin","@id":"https:\/\/kibrisdakik.com\/#\/schema\/person\/9cd9d437bbb44f72b73ba127e06d8e79"},"headline":"Cumhurba\u015fkan\u0131 Erdo\u011fan, Birle\u015fik Arap Emirlikleri&#039;ne gitti","datePublished":"2024-02-12T21:20:55+00:00","mainEntityOfPage":{"@id":"https:\/\/kibrisdakik.com\/?p=29842"},"wordCount":126,"commentCount":0,"image":{"@id":"https:\/\/kibrisdakik.com\/?p=29842#primaryimage"},"thumbnailUrl":"https:\/\/kibrisdakik.com\/wp-content\/uploads\/2024\/02\/cumhurbaskani-erdogan-birlesik-arap-emirliklerine-gitti-1707771167.webp.webp","articleSection":["G\u00fcndem"],"inLanguage":"tr","potentialAction":[{"@type":"CommentAction","name":"Comment","target":["https:\/\/kibrisdakik.com\/?p=29842#respond"]}]},{"@type":"WebPage","@id":"https:\/\/kibrisdakik.com\/?p=29842","url":"https:\/\/kibrisdakik.com\/?p=29842","name":"Cumhurba\u015fkan\u0131 Erdo\u011fan, Birle\u015fik Arap Emirlikleri&#039;ne gitti -","isPartOf":{"@id":"https:\/\/kibrisdakik.com\/#website"},"primaryImageOfPage":{"@id":"https:\/\/kibrisdakik.com\/?p=29842#primaryimage"},"image":{"@id":"https:\/\/kibrisdakik.com\/?p=29842#primaryimage"},"thumbnailUrl":"https:\/\/kibrisdakik.com\/wp-content\/uploads\/2024\/02\/cumhurbaskani-erdogan-birlesik-arap-emirliklerine-gitti-1707771167.webp.webp","datePublished":"2024-02-12T21:20:55+00:00","author":{"@id":"https:\/\/kibrisdakik.com\/#\/schema\/person\/9cd9d437bbb44f72b73ba127e06d8e79"},"breadcrumb":{"@id":"https:\/\/kibrisdakik.com\/?p=29842#breadcrumb"},"inLanguage":"tr","potentialAction":[{"@type":"ReadAction","target":["https:\/\/kibrisdakik.com\/?p=29842"]}]},{"@type":"ImageObject","inLanguage":"tr","@id":"https:\/\/kibrisdakik.com\/?p=29842#primaryimage","url":"https:\/\/kibrisdakik.com\/wp-content\/uploads\/2024\/02\/cumhurbaskani-erdogan-birlesik-arap-emirliklerine-gitti-1707771167.webp.webp","contentUrl":"https:\/\/kibrisdakik.com\/wp-content\/uploads\/2024\/02\/cumhurbaskani-erdogan-birlesik-arap-emirliklerine-gitti-1707771167.webp.webp","width":710,"height":370},{"@type":"BreadcrumbList","@id":"https:\/\/kibrisdakik.com\/?p=29842#breadcrumb","itemListElement":[{"@type":"ListItem","position":1,"name":"Home","item":"https:\/\/kibrisdakik.com\/"},{"@type":"ListItem","position":2,"name":"Cumhurba\u015fkan\u0131 Erdo\u011fan, Birle\u015fik Arap Emirlikleri&#039;ne gitti"}]},{"@type":"WebSite","@id":"https:\/\/kibrisdakik.com\/#website","url":"https:\/\/kibrisdakik.com\/","name":"","description":"Tam vaktinde haber","potentialAction":[{"@type":"SearchAction","target":{"@type":"EntryPoint","urlTemplate":"https:\/\/kibrisdakik.com\/?s={search_term_string}"},"query-input":{"@type":"PropertyValueSpecification","valueRequired":true,"valueName":"search_term_string"}}],"inLanguage":"tr"},{"@type":"Person","@id":"https:\/\/kibrisdakik.com\/#\/schema\/person\/9cd9d437bbb44f72b73ba127e06d8e79","name":"admin","image":{"@type":"ImageObject","inLanguage":"tr","@id":"https:\/\/secure.gravatar.com\/avatar\/ccc17943b9d660506c869530f897617f7cb1c21a4bf30023f252596d83e1f007?s=96&d=mm&r=g","url":"https:\/\/secure.gravatar.com\/avatar\/ccc17943b9d660506c869530f897617f7cb1c21a4bf30023f252596d83e1f007?s=96&d=mm&r=g","contentUrl":"https:\/\/secure.gravatar.com\/avatar\/ccc17943b9d660506c869530f897617f7cb1c21a4bf30023f252596d83e1f007?s=96&d=mm&r=g","caption":"admin"},"sameAs":["https:\/\/kibrisdakik.com"],"url":"https:\/\/kibrisdakik.com\/?author=1"}]}},"_links":{"self":[{"href":"https:\/\/kibrisdakik.com\/index.php?rest_route=\/wp\/v2\/posts\/29842","targetHints":{"allow":["GET"]}}],"collection":[{"href":"https:\/\/kibrisdakik.com\/index.php?rest_route=\/wp\/v2\/posts"}],"about":[{"href":"https:\/\/kibrisdakik.com\/index.php?rest_route=\/wp\/v2\/types\/post"}],"author":[{"embeddable":true,"href":"https:\/\/kibrisdakik.com\/index.php?rest_route=\/wp\/v2\/users\/1"}],"replies":[{"embeddable":true,"href":"https:\/\/kibrisdakik.com\/index.php?rest_route=%2Fwp%2Fv2%2Fcomments&post=29842"}],"version-history":[{"count":0,"href":"https:\/\/kibrisdakik.com\/index.php?rest_route=\/wp\/v2\/posts\/29842\/revisions"}],"wp:featuredmedia":[{"embeddable":true,"href":"https:\/\/kibrisdakik.com\/index.php?rest_route=\/wp\/v2\/media\/29843"}],"wp:attachment":[{"href":"https:\/\/kibrisdakik.com\/index.php?rest_route=%2Fwp%2Fv2%2Fmedia&parent=29842"}],"wp:term":[{"taxonomy":"category","embeddable":true,"href":"https:\/\/kibrisdakik.com\/index.php?rest_route=%2Fwp%2Fv2%2Fcategories&post=29842"},{"taxonomy":"post_tag","embeddable":true,"href":"https:\/\/kibrisdakik.com\/index.php?rest_route=%2Fwp%2Fv2%2Ftags&post=29842"}],"curies":[{"name":"wp","href":"https:\/\/api.w.org\/{rel}","templated":true}]}}