{"id":29887,"date":"2024-02-13T12:37:50","date_gmt":"2024-02-13T12:37:50","guid":{"rendered":"https:\/\/kibrisdakik.com\/index.php\/2024\/02\/13\/mecliste-narenciye-sektoru-konusuluyor\/"},"modified":"2024-02-13T12:37:50","modified_gmt":"2024-02-13T12:37:50","slug":"mecliste-narenciye-sektoru-konusuluyor","status":"publish","type":"post","link":"https:\/\/kibrisdakik.com\/?p=29887","title":{"rendered":"Meclis\u2019te narenciye sekt\u00f6r\u00fc konu\u015fuluyor"},"content":{"rendered":"<p><img decoding=\"async\" src=\"https:\/\/www.kibristurk.com\/images\/haberler\/2024\/02\/mecliste-narenciye-sektoru-konusuluyor-1707826393.webp\" \/><\/p>\n<p style=\"text-align:left\"><span style=\"font-size:16px\"><span style=\"font-family:Merriweather,serif !important\"><span style=\"color:#000000\"><span style=\"background-color:#ffffff\">Denetim g\u00f6reviyle saat 12.00\u2019de ba\u015flayan Meclis oturumunda, \u00fclkede tespit edilen rekt\u00f6r (ta\u015f\u0131y\u0131c\u0131) b\u00f6ce\u011fin sebep olabilece\u011fi ye\u015filleme hastal\u0131\u011f\u0131 riskinin narenciye ihracat\u0131nda yaratt\u0131\u011f\u0131 s\u0131k\u0131nt\u0131lar konu\u015fuluyor.<\/span><\/span><\/span><\/span><\/p>\n<p style=\"text-align:left\"><span style=\"font-size:16px\"><span style=\"font-family:Merriweather,serif !important\"><span style=\"color:#000000\"><span style=\"background-color:#ffffff\">Bu \u00e7er\u00e7evede, ilk s\u00f6z\u00fc Cumhuriyet\u00e7i T\u00fcrk Partisi (CTP) Lefke Milletvekili Salahi \u015eahiner ald\u0131.&nbsp;<\/span><\/span><\/span><\/span><\/p>\n<p style=\"text-align:left\"><span style=\"font-size:16px\"><span style=\"font-family:Merriweather,serif !important\"><span style=\"color:#000000\"><span style=\"background-color:#ffffff\"><span style=\"font-size:14pt\"><span style=\"font-family:Merriweather,serif !important\"><span style=\"color:#000000 !important\">-\u015eahiner: \u201cNarenciye \u00fcr\u00fcn\u00fcn\u00fcn dal\u0131nda kalmas\u0131n\u0131 kabul edemeyiz\u201d<\/span><\/span><\/span><\/span><\/span><\/span><\/span><\/p>\n<p style=\"text-align:left\"><span style=\"font-size:16px\"><span style=\"font-family:Merriweather,serif !important\"><span style=\"color:#000000\"><span style=\"background-color:#ffffff\"><span style=\"font-size:14pt\"><span style=\"font-family:Merriweather,serif !important\"><span style=\"color:#000000 !important\">CTP Milletvekili Salahi \u015eahiner,&nbsp;<\/span><\/span><\/span>\u015eahiner, &#8220;<span style=\"font-size:14pt\"><span style=\"font-family:Merriweather,serif !important\"><span style=\"color:#000000 !important\">H\u00fck\u00fcmet taraf\u0131ndan s\u00fcr\u00fcnd\u00fcr\u00fclen narenciye \u00fcreticisi\u201d konulu g\u00fcncel konu\u015fmas\u0131nda,&nbsp;<\/span><\/span><\/span><span style=\"font-size:14pt\"><span style=\"font-family:Merriweather,serif !important\"><span style=\"color:#000000 !important\">narenciye sekt\u00f6r\u00fcn\u00fcn uzun s\u00fcredir s\u0131k\u0131nt\u0131lar i\u00e7inde b\u0131rak\u0131ld\u0131\u011f\u0131n\u0131, s\u0131k\u0131nt\u0131lar\u0131n da giderek b\u00fcy\u00fcd\u00fc\u011f\u00fcn\u00fc belirtti. \u015eahiner, sekt\u00f6rdeki krizin art\u0131k Tar\u0131m Bakanl\u0131\u011f\u0131\u2019n\u0131 a\u015ft\u0131\u011f\u0131n\u0131 ve bir kriz masas\u0131 kurulmas\u0131 gerekti\u011fini kaydetti.<\/span><\/span><\/span><\/span><\/span><\/span><\/span><\/p>\n<p style=\"text-align:left\"><span style=\"font-size:16px\"><span style=\"font-family:Merriweather,serif !important\"><span style=\"color:#000000\"><span style=\"background-color:#ffffff\">B\u00f6lge halk\u0131 i\u00e7in narenciyenin \u00f6nemine vurgu yapan \u015eahiner, \u00fcretimin daimi ve sekt\u00f6r\u00fcn s\u00fcrd\u00fcr\u00fclebilir k\u0131l\u0131nmas\u0131 gerekti\u011fini vurgulad\u0131.<\/span><\/span><\/span><\/span><\/p>\n<p style=\"text-align:left\"><span style=\"font-size:16px\"><span style=\"font-family:Merriweather,serif !important\"><span style=\"color:#000000\"><span style=\"background-color:#ffffff\">\u015eahiner, \u201c\u00e7\u00f6z\u00fcm i\u00e7in \u00e7al\u0131\u015ft\u0131klar\u0131, konuyu yak\u0131ndan takip ettikleri\u201d y\u00f6n\u00fcnde a\u00e7\u0131klama yapmaya son vermelerini istedi\u011fi yetkililerden narenciye ithalat\u0131yla ilgili T\u00fcrkiye yetkilileriyle isti\u015fare ederek \u00e7\u00f6z\u00fcm \u00fcretmelerini istedi. \u015eahiner, konunun art\u0131k \u00fcreticilerin uykular\u0131n\u0131 ka\u00e7\u0131racak noktaya geldi\u011fini s\u00f6yledi.<\/span><\/span><\/span><\/span><\/p>\n<p style=\"text-align:left\"><span style=\"font-size:16px\"><span style=\"font-family:Merriweather,serif !important\"><span style=\"color:#000000\"><span style=\"background-color:#ffffff\">Hem maliyede yarataca\u011f\u0131 k\u00fclfet, hem de sonraki y\u0131l\u0131n rekoltesine edece\u011fi etki sebebiyle narenciye \u00fcr\u00fcn\u00fcn\u00fcn dal\u0131nda kalmas\u0131n\u0131n kabul edilemeyece\u011fine vurgu yapan \u015eahiner, \u00fcr\u00fcn\u00fcn fumigasyon yap\u0131larak pazarlanmas\u0131 durumunda dahi ihracata s\u0131n\u0131rlama getirilmesinden s\u00f6z edildi\u011fini belirterek, bunun olmas\u0131 halinde hi\u00e7bir \u00fcr\u00fcn sat\u0131\u015f\u0131n\u0131n yap\u0131lamayaca\u011f\u0131n\u0131 s\u00f6yledi. \u015eahiner, daha fazla zaman kaybedilmeden konunun T\u00fcrkiye yetkililerine anlat\u0131lmas\u0131 gerekti\u011fini kaydetti.<\/span><\/span><\/span><\/span><\/p>\n<p style=\"text-align:left\"><span style=\"font-size:16px\"><span style=\"font-family:Merriweather,serif !important\"><span style=\"color:#000000\"><span style=\"background-color:#ffffff\">-\u201cSo\u011fuk hava depolar\u0131nda ila\u00e7lanarak pazarlanmas\u0131n\u0131n \u00f6n\u00fcn\u00fcn a\u00e7\u0131lmas\u0131 elimizi g\u00fc\u00e7lendirir\u201d<\/span><\/span><\/span><\/span><\/p>\n<p style=\"text-align:left\"><span style=\"font-size:16px\"><span style=\"font-family:Merriweather,serif !important\"><span style=\"color:#000000\"><span style=\"background-color:#ffffff\">\u00dclkede ye\u015filleme hastal\u0131\u011f\u0131n\u0131n olmad\u0131\u011f\u0131n\u0131, sadece bu hastal\u0131\u011fa sebep olan rekt\u00f6r b\u00f6ce\u011fin g\u00f6r\u00fcld\u00fc\u011f\u00fcn\u00fc an\u0131msatan \u015eahiner, bu b\u00f6ce\u011fin T\u00fcrkiye ile yap\u0131lan ticarette t\u0131rlarla da ta\u015f\u0131nabilece\u011fine i\u015faret etti.<\/span><\/span><\/span><\/span><\/p>\n<p style=\"text-align:left\"><span style=\"font-size:16px\"><span style=\"font-family:Merriweather,serif !important\"><span style=\"color:#000000\"><span style=\"background-color:#ffffff\">Narenciye \u00fcr\u00fcn\u00fcn\u00fcn ithalat\u0131nda fumigasyon y\u00f6ntemiyle 20 bin tonla s\u0131n\u0131rland\u0131rma oldu\u011fu duyumunu aktararak bunun do\u011frulu\u011funu sorgulayan Salahi \u015eahiner, b\u00f6yle bir s\u0131n\u0131rlama olmas\u0131 halinde sorunun daha b\u00fcy\u00fck olaca\u011f\u0131n\u0131 s\u00f6yledi.<\/span><\/span><\/span><\/span><\/p>\n<p style=\"text-align:left\"><span style=\"font-size:16px\"><span style=\"font-family:Merriweather,serif !important\"><span style=\"color:#000000\"><span style=\"background-color:#ffffff\">Ba\u015fbakan \u00dcnal \u00dcstel\u2019in \u201c30 bin ton so\u011fuk hava deposu yat\u0131r\u0131m\u0131 yap\u0131laca\u011f\u0131\u201d a\u00e7\u0131klamas\u0131n\u0131 olumlu olarak de\u011ferlendiren \u015eahiner, \u201cSo\u011fuk hava depolar\u0131nda ila\u00e7lanarak pazarlanmas\u0131n\u0131n \u00f6n\u00fcn\u00fcn a\u00e7\u0131lmas\u0131 elimizi g\u00fc\u00e7lendirir\u201d dedi.<\/span><\/span><\/span><\/span><\/p>\n<p style=\"text-align:left\"><span style=\"font-size:16px\"><span style=\"font-family:Merriweather,serif !important\"><span style=\"color:#000000\"><span style=\"background-color:#ffffff\">Narenciye krizinin bu y\u0131l a\u015f\u0131lmas\u0131n\u0131n \u00f6nemine vurgu yapan \u015eahiner, \u00fcr\u00fcn\u00fcn Avrupa Birli\u011fi pazar\u0131na sat\u0131\u015f\u0131n\u0131n yap\u0131labilece\u011fi bir a\u00e7\u0131l\u0131ma ihtiya\u00e7 oldu\u011funu belirtti.<\/span><\/span><\/span><\/span><\/p>\n<p style=\"text-align:left\"><span style=\"font-size:16px\"><span style=\"font-family:Merriweather,serif !important\"><span style=\"color:#000000\"><span style=\"background-color:#ffffff\">\u015eahiner, rekoltenin en y\u00fcksek oldu\u011fu narenciye bah\u00e7elerinin sat\u0131\u015fa \u00e7\u0131kar\u0131ld\u0131\u011f\u0131n\u0131 da ekleyerek, \u201c\u00dcretemedi\u011fimiz zaman i\u00e7ine d\u00fc\u015fece\u011fimiz durum budur ve bizi bu duruma d\u00fc\u015f\u00fcren de h\u00fck\u00fcmetin ta kendisidir\u201d dedi.<\/span><\/span><\/span><\/span><\/p>\n<p style=\"text-align:left\"><span style=\"font-size:16px\"><span style=\"font-family:Merriweather,serif !important\"><span style=\"color:#000000\"><span style=\"background-color:#ffffff\">-\u00c7avu\u015f: &#8220;Bizi s\u0131k\u0131nt\u0131ya sokan 17 bin ton civar\u0131nda bir rakamd\u0131r\u201d<\/span><\/span><\/span><\/span><\/p>\n<p style=\"text-align:left\"><span style=\"font-size:16px\"><span style=\"font-family:Merriweather,serif !important\"><span style=\"color:#000000\"><span style=\"background-color:#ffffff\">\u015eahiner\u2019e yan\u0131t vermek \u00fczere s\u00f6z alan Tar\u0131m ve Do\u011fal Kaynaklar Bakan\u0131 H\u00fcseyin \u00c7avu\u015f, y\u00fczde 6\u2019ya kadar d\u00fc\u015fen Tar\u0131m b\u00fct\u00e7esi i\u00e7inde narenciyenin pay\u0131n\u0131 y\u00fczde 20\u2019ye \u00e7\u0131kard\u0131klar\u0131n\u0131 ve rekt\u00f6r b\u00f6ce\u011fin \u00fclkede g\u00f6r\u00fcld\u00fc\u011f\u00fc andan itibaren bakanl\u0131\u011f\u0131n \u00fczerine d\u00fc\u015feni yapt\u0131\u011f\u0131n\u0131, ihracat\u0131n h\u0131zland\u0131r\u0131lmas\u0131yla ilgili de \u00e7al\u0131\u015fmalar y\u00fcr\u00fctt\u00fc\u011f\u00fcn\u00fc kaydetti.<\/span><\/span><\/span><\/span><\/p>\n<p style=\"text-align:left\"><span style=\"font-size:16px\"><span style=\"font-family:Merriweather,serif !important\"><span style=\"color:#000000\"><span style=\"background-color:#ffffff\">\u00c7avu\u015f, fumigasyon ara\u00e7lar\u0131n\u0131 \u00fclkeye getirmek i\u00e7in iki kez Bakanlar Kurulu toplant\u0131s\u0131 yapt\u0131klar\u0131n\u0131 ve bu uygulamay\u0131 hayata ge\u00e7irdiklerini de ekledi.<\/span><\/span><\/span><\/span><\/p>\n<p style=\"text-align:left\"><span style=\"font-size:16px\"><span style=\"font-family:Merriweather,serif !important\"><span style=\"color:#000000\"><span style=\"background-color:#ffffff\">60 bin ton King-Mandora \u00fcr\u00fcn\u00fcn\u00fcn 20 bin tonunu s\u0131kmay\u0131 hedeflediklerini kaydeden \u00c7avu\u015f, 15 bin tonu&nbsp; T\u00fcrkiye\u2019ye, bir k\u0131sm\u0131n\u0131 Azerbaycan ile Irak\u2019a, bir k\u0131sm\u0131n\u0131 ise Ye\u015fil Hat \u00fczerinden Avrupa pazar\u0131na g\u00f6ndereceklerini belirtti.<\/span><\/span><\/span><\/span><\/p>\n<p style=\"text-align:left\"><span style=\"font-size:16px\"><span style=\"font-family:Merriweather,serif !important\"><span style=\"color:#000000\"><span style=\"background-color:#ffffff\">\u00c7avu\u015f, 17 bin ton civar\u0131nda bir rakam\u0131n kendilerini s\u0131k\u0131nt\u0131ya soktu\u011funu s\u00f6yleyerek, bu s\u0131k\u0131nt\u0131n\u0131n a\u015f\u0131lmas\u0131na y\u00f6nelik hem h\u00fck\u00fcmetin, hem de muhalefetin \u00e7aba g\u00f6sterdi\u011fini kaydetti. \u00c7avu\u015f, muhalefete bunun i\u00e7in te\u015fekk\u00fcr etti.<\/span><\/span><\/span><\/span><\/p>\n<p style=\"text-align:left\"><span style=\"font-size:16px\"><span style=\"font-family:Merriweather,serif !important\"><span style=\"color:#000000\"><span style=\"background-color:#ffffff\">Dal\u0131nda kalan bir \u00fcr\u00fcn olursa \u00fcreticinin muhakkak tazmin edilece\u011fini belirten \u00c7avu\u015f, ama\u00e7lar\u0131n\u0131n ise her \u00fcreticinin en iyi \u015fekilde hasad\u0131n\u0131 yapmas\u0131 oldu\u011funu aktard\u0131.<\/span><\/span><\/span><\/span><\/p>\n<p style=\"text-align:left\"><span style=\"font-size:16px\"><span style=\"font-family:Merriweather,serif !important\"><span style=\"color:#000000\"><span style=\"background-color:#ffffff\">T\u00fcm s\u0131k\u0131nt\u0131lara ra\u011fmen bakanl\u0131\u011f\u0131n s\u00fcreci iyi y\u00f6netti\u011fini ifade eden \u00c7avu\u015f, narenciye sekt\u00f6r\u00fcndeki s\u0131k\u0131nt\u0131n\u0131n rekolte veya kaliteden de\u011fil, rekt\u00f6r b\u00f6ce\u011finden kaynakl\u0131 oldu\u011funu belirtti.<\/span><\/span><\/span><\/span><\/p>\n<p style=\"text-align:left\"><span style=\"font-size:16px\"><span style=\"font-family:Merriweather,serif !important\"><span style=\"color:#000000\"><span style=\"background-color:#ffffff\">\u00c7avu\u015f, Cypfruvex\u2019e b\u00fcy\u00fck bir depolama tesisi kazand\u0131r\u0131lmas\u0131 ve alternatif i\u015fleme tesislerinin kurulmas\u0131n\u0131n g\u00fcndeme gelece\u011fini de ifade etti.<\/span><\/span><\/span><\/span><\/p>\n<p style=\"text-align:left\"><span style=\"font-size:16px\"><span style=\"font-family:Merriweather,serif !important\"><span style=\"color:#000000\"><span style=\"background-color:#ffffff\">H\u00fcseyin \u00c7avu\u015f, \u015eahiner\u2019in \u201cnarenciye \u00fcr\u00fcn\u00fcn\u00fcn ithalat\u0131nda fumigasyon y\u00f6ntemiyle 20 bin ton s\u0131n\u0131rland\u0131rma olup olmad\u0131\u011f\u0131\u201d y\u00f6n\u00fcndeki sorusuna, b\u00f6yle bir s\u0131n\u0131r\u0131n olmad\u0131\u011f\u0131 yan\u0131t\u0131n\u0131 verdi.<\/span><\/span><\/span><\/span><\/p>\n","protected":false},"excerpt":{"rendered":"<p>Denetim g\u00f6reviyle saat 12.00\u2019de ba\u015flayan Meclis oturumunda, \u00fclkede tespit edilen rekt\u00f6r (ta\u015f\u0131y\u0131c\u0131) b\u00f6ce\u011fin sebep olabilece\u011fi ye\u015filleme hastal\u0131\u011f\u0131 riskinin narenciye ihracat\u0131nda yaratt\u0131\u011f\u0131 s\u0131k\u0131nt\u0131lar konu\u015fuluyor. Bu \u00e7er\u00e7evede, ilk s\u00f6z\u00fc Cumhuriyet\u00e7i T\u00fcrk Partisi (CTP) Lefke Milletvekili Salahi \u015eahiner ald\u0131.&nbsp; -\u015eahiner: \u201cNarenciye \u00fcr\u00fcn\u00fcn\u00fcn dal\u0131nda kalmas\u0131n\u0131 kabul edemeyiz\u201d CTP Milletvekili Salahi \u015eahiner,&nbsp;\u015eahiner, &#8220;H\u00fck\u00fcmet taraf\u0131ndan s\u00fcr\u00fcnd\u00fcr\u00fclen narenciye \u00fcreticisi\u201d konulu g\u00fcncel konu\u015fmas\u0131nda,&nbsp;narenciye<\/p>\n","protected":false},"author":1,"featured_media":29888,"comment_status":"open","ping_status":"open","sticky":false,"template":"","format":"standard","meta":{"footnotes":""},"categories":[1],"tags":[],"class_list":["post-29887","post","type-post","status-publish","format-standard","has-post-thumbnail","hentry","category-gundem"],"yoast_head":"<!-- This site is optimized with the Yoast SEO plugin v27.4 - https:\/\/yoast.com\/product\/yoast-seo-wordpress\/ -->\n<title>Meclis\u2019te narenciye sekt\u00f6r\u00fc konu\u015fuluyor -<\/title>\n<meta name=\"robots\" content=\"index, follow, max-snippet:-1, max-image-preview:large, max-video-preview:-1\" \/>\n<link rel=\"canonical\" href=\"https:\/\/kibrisdakik.com\/?p=29887\" \/>\n<meta property=\"og:locale\" content=\"tr_TR\" \/>\n<meta property=\"og:type\" content=\"article\" \/>\n<meta property=\"og:title\" content=\"Meclis\u2019te narenciye sekt\u00f6r\u00fc konu\u015fuluyor -\" \/>\n<meta property=\"og:description\" content=\"Denetim g\u00f6reviyle saat 12.00\u2019de ba\u015flayan Meclis oturumunda, \u00fclkede tespit edilen rekt\u00f6r (ta\u015f\u0131y\u0131c\u0131) b\u00f6ce\u011fin sebep olabilece\u011fi ye\u015filleme hastal\u0131\u011f\u0131 riskinin narenciye ihracat\u0131nda yaratt\u0131\u011f\u0131 s\u0131k\u0131nt\u0131lar konu\u015fuluyor. Bu \u00e7er\u00e7evede, ilk s\u00f6z\u00fc Cumhuriyet\u00e7i T\u00fcrk Partisi (CTP) Lefke Milletvekili Salahi \u015eahiner ald\u0131.&nbsp; -\u015eahiner: \u201cNarenciye \u00fcr\u00fcn\u00fcn\u00fcn dal\u0131nda kalmas\u0131n\u0131 kabul edemeyiz\u201d CTP Milletvekili Salahi \u015eahiner,&nbsp;\u015eahiner, &#8220;H\u00fck\u00fcmet taraf\u0131ndan s\u00fcr\u00fcnd\u00fcr\u00fclen narenciye \u00fcreticisi\u201d konulu g\u00fcncel konu\u015fmas\u0131nda,&nbsp;narenciye\" \/>\n<meta property=\"og:url\" content=\"https:\/\/kibrisdakik.com\/?p=29887\" \/>\n<meta property=\"article:published_time\" content=\"2024-02-13T12:37:50+00:00\" \/>\n<meta property=\"og:image\" content=\"https:\/\/kibrisdakik.com\/wp-content\/uploads\/2024\/02\/mecliste-narenciye-sektoru-konusuluyor-1707826393.webp.webp\" \/>\n\t<meta property=\"og:image:width\" content=\"710\" \/>\n\t<meta property=\"og:image:height\" content=\"370\" \/>\n\t<meta property=\"og:image:type\" content=\"image\/webp\" \/>\n<meta name=\"author\" content=\"admin\" \/>\n<meta name=\"twitter:card\" content=\"summary_large_image\" \/>\n<meta name=\"twitter:label1\" content=\"Yazan:\" \/>\n\t<meta name=\"twitter:data1\" content=\"admin\" \/>\n\t<meta name=\"twitter:label2\" content=\"Tahmini okuma s\u00fcresi\" \/>\n\t<meta name=\"twitter:data2\" content=\"4 dakika\" \/>\n<script type=\"application\/ld+json\" class=\"yoast-schema-graph\">{\"@context\":\"https:\\\/\\\/schema.org\",\"@graph\":[{\"@type\":\"Article\",\"@id\":\"https:\\\/\\\/kibrisdakik.com\\\/?p=29887#article\",\"isPartOf\":{\"@id\":\"https:\\\/\\\/kibrisdakik.com\\\/?p=29887\"},\"author\":{\"name\":\"admin\",\"@id\":\"https:\\\/\\\/kibrisdakik.com\\\/#\\\/schema\\\/person\\\/9cd9d437bbb44f72b73ba127e06d8e79\"},\"headline\":\"Meclis\u2019te narenciye sekt\u00f6r\u00fc konu\u015fuluyor\",\"datePublished\":\"2024-02-13T12:37:50+00:00\",\"mainEntityOfPage\":{\"@id\":\"https:\\\/\\\/kibrisdakik.com\\\/?p=29887\"},\"wordCount\":882,\"commentCount\":0,\"image\":{\"@id\":\"https:\\\/\\\/kibrisdakik.com\\\/?p=29887#primaryimage\"},\"thumbnailUrl\":\"https:\\\/\\\/kibrisdakik.com\\\/wp-content\\\/uploads\\\/2024\\\/02\\\/mecliste-narenciye-sektoru-konusuluyor-1707826393.webp.webp\",\"articleSection\":[\"G\u00fcndem\"],\"inLanguage\":\"tr\",\"potentialAction\":[{\"@type\":\"CommentAction\",\"name\":\"Comment\",\"target\":[\"https:\\\/\\\/kibrisdakik.com\\\/?p=29887#respond\"]}]},{\"@type\":\"WebPage\",\"@id\":\"https:\\\/\\\/kibrisdakik.com\\\/?p=29887\",\"url\":\"https:\\\/\\\/kibrisdakik.com\\\/?p=29887\",\"name\":\"Meclis\u2019te narenciye sekt\u00f6r\u00fc konu\u015fuluyor -\",\"isPartOf\":{\"@id\":\"https:\\\/\\\/kibrisdakik.com\\\/#website\"},\"primaryImageOfPage\":{\"@id\":\"https:\\\/\\\/kibrisdakik.com\\\/?p=29887#primaryimage\"},\"image\":{\"@id\":\"https:\\\/\\\/kibrisdakik.com\\\/?p=29887#primaryimage\"},\"thumbnailUrl\":\"https:\\\/\\\/kibrisdakik.com\\\/wp-content\\\/uploads\\\/2024\\\/02\\\/mecliste-narenciye-sektoru-konusuluyor-1707826393.webp.webp\",\"datePublished\":\"2024-02-13T12:37:50+00:00\",\"author\":{\"@id\":\"https:\\\/\\\/kibrisdakik.com\\\/#\\\/schema\\\/person\\\/9cd9d437bbb44f72b73ba127e06d8e79\"},\"breadcrumb\":{\"@id\":\"https:\\\/\\\/kibrisdakik.com\\\/?p=29887#breadcrumb\"},\"inLanguage\":\"tr\",\"potentialAction\":[{\"@type\":\"ReadAction\",\"target\":[\"https:\\\/\\\/kibrisdakik.com\\\/?p=29887\"]}]},{\"@type\":\"ImageObject\",\"inLanguage\":\"tr\",\"@id\":\"https:\\\/\\\/kibrisdakik.com\\\/?p=29887#primaryimage\",\"url\":\"https:\\\/\\\/kibrisdakik.com\\\/wp-content\\\/uploads\\\/2024\\\/02\\\/mecliste-narenciye-sektoru-konusuluyor-1707826393.webp.webp\",\"contentUrl\":\"https:\\\/\\\/kibrisdakik.com\\\/wp-content\\\/uploads\\\/2024\\\/02\\\/mecliste-narenciye-sektoru-konusuluyor-1707826393.webp.webp\",\"width\":710,\"height\":370},{\"@type\":\"BreadcrumbList\",\"@id\":\"https:\\\/\\\/kibrisdakik.com\\\/?p=29887#breadcrumb\",\"itemListElement\":[{\"@type\":\"ListItem\",\"position\":1,\"name\":\"Home\",\"item\":\"https:\\\/\\\/kibrisdakik.com\\\/\"},{\"@type\":\"ListItem\",\"position\":2,\"name\":\"Meclis\u2019te narenciye sekt\u00f6r\u00fc konu\u015fuluyor\"}]},{\"@type\":\"WebSite\",\"@id\":\"https:\\\/\\\/kibrisdakik.com\\\/#website\",\"url\":\"https:\\\/\\\/kibrisdakik.com\\\/\",\"name\":\"\",\"description\":\"Tam vaktinde haber\",\"potentialAction\":[{\"@type\":\"SearchAction\",\"target\":{\"@type\":\"EntryPoint\",\"urlTemplate\":\"https:\\\/\\\/kibrisdakik.com\\\/?s={search_term_string}\"},\"query-input\":{\"@type\":\"PropertyValueSpecification\",\"valueRequired\":true,\"valueName\":\"search_term_string\"}}],\"inLanguage\":\"tr\"},{\"@type\":\"Person\",\"@id\":\"https:\\\/\\\/kibrisdakik.com\\\/#\\\/schema\\\/person\\\/9cd9d437bbb44f72b73ba127e06d8e79\",\"name\":\"admin\",\"image\":{\"@type\":\"ImageObject\",\"inLanguage\":\"tr\",\"@id\":\"https:\\\/\\\/secure.gravatar.com\\\/avatar\\\/ccc17943b9d660506c869530f897617f7cb1c21a4bf30023f252596d83e1f007?s=96&d=mm&r=g\",\"url\":\"https:\\\/\\\/secure.gravatar.com\\\/avatar\\\/ccc17943b9d660506c869530f897617f7cb1c21a4bf30023f252596d83e1f007?s=96&d=mm&r=g\",\"contentUrl\":\"https:\\\/\\\/secure.gravatar.com\\\/avatar\\\/ccc17943b9d660506c869530f897617f7cb1c21a4bf30023f252596d83e1f007?s=96&d=mm&r=g\",\"caption\":\"admin\"},\"sameAs\":[\"https:\\\/\\\/kibrisdakik.com\"],\"url\":\"https:\\\/\\\/kibrisdakik.com\\\/?author=1\"}]}<\/script>\n<!-- \/ Yoast SEO plugin. -->","yoast_head_json":{"title":"Meclis\u2019te narenciye sekt\u00f6r\u00fc konu\u015fuluyor -","robots":{"index":"index","follow":"follow","max-snippet":"max-snippet:-1","max-image-preview":"max-image-preview:large","max-video-preview":"max-video-preview:-1"},"canonical":"https:\/\/kibrisdakik.com\/?p=29887","og_locale":"tr_TR","og_type":"article","og_title":"Meclis\u2019te narenciye sekt\u00f6r\u00fc konu\u015fuluyor -","og_description":"Denetim g\u00f6reviyle saat 12.00\u2019de ba\u015flayan Meclis oturumunda, \u00fclkede tespit edilen rekt\u00f6r (ta\u015f\u0131y\u0131c\u0131) b\u00f6ce\u011fin sebep olabilece\u011fi ye\u015filleme hastal\u0131\u011f\u0131 riskinin narenciye ihracat\u0131nda yaratt\u0131\u011f\u0131 s\u0131k\u0131nt\u0131lar konu\u015fuluyor. Bu \u00e7er\u00e7evede, ilk s\u00f6z\u00fc Cumhuriyet\u00e7i T\u00fcrk Partisi (CTP) Lefke Milletvekili Salahi \u015eahiner ald\u0131.&nbsp; -\u015eahiner: \u201cNarenciye \u00fcr\u00fcn\u00fcn\u00fcn dal\u0131nda kalmas\u0131n\u0131 kabul edemeyiz\u201d CTP Milletvekili Salahi \u015eahiner,&nbsp;\u015eahiner, &#8220;H\u00fck\u00fcmet taraf\u0131ndan s\u00fcr\u00fcnd\u00fcr\u00fclen narenciye \u00fcreticisi\u201d konulu g\u00fcncel konu\u015fmas\u0131nda,&nbsp;narenciye","og_url":"https:\/\/kibrisdakik.com\/?p=29887","article_published_time":"2024-02-13T12:37:50+00:00","og_image":[{"width":710,"height":370,"url":"https:\/\/kibrisdakik.com\/wp-content\/uploads\/2024\/02\/mecliste-narenciye-sektoru-konusuluyor-1707826393.webp.webp","type":"image\/webp"}],"author":"admin","twitter_card":"summary_large_image","twitter_misc":{"Yazan:":"admin","Tahmini okuma s\u00fcresi":"4 dakika"},"schema":{"@context":"https:\/\/schema.org","@graph":[{"@type":"Article","@id":"https:\/\/kibrisdakik.com\/?p=29887#article","isPartOf":{"@id":"https:\/\/kibrisdakik.com\/?p=29887"},"author":{"name":"admin","@id":"https:\/\/kibrisdakik.com\/#\/schema\/person\/9cd9d437bbb44f72b73ba127e06d8e79"},"headline":"Meclis\u2019te narenciye sekt\u00f6r\u00fc konu\u015fuluyor","datePublished":"2024-02-13T12:37:50+00:00","mainEntityOfPage":{"@id":"https:\/\/kibrisdakik.com\/?p=29887"},"wordCount":882,"commentCount":0,"image":{"@id":"https:\/\/kibrisdakik.com\/?p=29887#primaryimage"},"thumbnailUrl":"https:\/\/kibrisdakik.com\/wp-content\/uploads\/2024\/02\/mecliste-narenciye-sektoru-konusuluyor-1707826393.webp.webp","articleSection":["G\u00fcndem"],"inLanguage":"tr","potentialAction":[{"@type":"CommentAction","name":"Comment","target":["https:\/\/kibrisdakik.com\/?p=29887#respond"]}]},{"@type":"WebPage","@id":"https:\/\/kibrisdakik.com\/?p=29887","url":"https:\/\/kibrisdakik.com\/?p=29887","name":"Meclis\u2019te narenciye sekt\u00f6r\u00fc konu\u015fuluyor -","isPartOf":{"@id":"https:\/\/kibrisdakik.com\/#website"},"primaryImageOfPage":{"@id":"https:\/\/kibrisdakik.com\/?p=29887#primaryimage"},"image":{"@id":"https:\/\/kibrisdakik.com\/?p=29887#primaryimage"},"thumbnailUrl":"https:\/\/kibrisdakik.com\/wp-content\/uploads\/2024\/02\/mecliste-narenciye-sektoru-konusuluyor-1707826393.webp.webp","datePublished":"2024-02-13T12:37:50+00:00","author":{"@id":"https:\/\/kibrisdakik.com\/#\/schema\/person\/9cd9d437bbb44f72b73ba127e06d8e79"},"breadcrumb":{"@id":"https:\/\/kibrisdakik.com\/?p=29887#breadcrumb"},"inLanguage":"tr","potentialAction":[{"@type":"ReadAction","target":["https:\/\/kibrisdakik.com\/?p=29887"]}]},{"@type":"ImageObject","inLanguage":"tr","@id":"https:\/\/kibrisdakik.com\/?p=29887#primaryimage","url":"https:\/\/kibrisdakik.com\/wp-content\/uploads\/2024\/02\/mecliste-narenciye-sektoru-konusuluyor-1707826393.webp.webp","contentUrl":"https:\/\/kibrisdakik.com\/wp-content\/uploads\/2024\/02\/mecliste-narenciye-sektoru-konusuluyor-1707826393.webp.webp","width":710,"height":370},{"@type":"BreadcrumbList","@id":"https:\/\/kibrisdakik.com\/?p=29887#breadcrumb","itemListElement":[{"@type":"ListItem","position":1,"name":"Home","item":"https:\/\/kibrisdakik.com\/"},{"@type":"ListItem","position":2,"name":"Meclis\u2019te narenciye sekt\u00f6r\u00fc konu\u015fuluyor"}]},{"@type":"WebSite","@id":"https:\/\/kibrisdakik.com\/#website","url":"https:\/\/kibrisdakik.com\/","name":"","description":"Tam vaktinde haber","potentialAction":[{"@type":"SearchAction","target":{"@type":"EntryPoint","urlTemplate":"https:\/\/kibrisdakik.com\/?s={search_term_string}"},"query-input":{"@type":"PropertyValueSpecification","valueRequired":true,"valueName":"search_term_string"}}],"inLanguage":"tr"},{"@type":"Person","@id":"https:\/\/kibrisdakik.com\/#\/schema\/person\/9cd9d437bbb44f72b73ba127e06d8e79","name":"admin","image":{"@type":"ImageObject","inLanguage":"tr","@id":"https:\/\/secure.gravatar.com\/avatar\/ccc17943b9d660506c869530f897617f7cb1c21a4bf30023f252596d83e1f007?s=96&d=mm&r=g","url":"https:\/\/secure.gravatar.com\/avatar\/ccc17943b9d660506c869530f897617f7cb1c21a4bf30023f252596d83e1f007?s=96&d=mm&r=g","contentUrl":"https:\/\/secure.gravatar.com\/avatar\/ccc17943b9d660506c869530f897617f7cb1c21a4bf30023f252596d83e1f007?s=96&d=mm&r=g","caption":"admin"},"sameAs":["https:\/\/kibrisdakik.com"],"url":"https:\/\/kibrisdakik.com\/?author=1"}]}},"_links":{"self":[{"href":"https:\/\/kibrisdakik.com\/index.php?rest_route=\/wp\/v2\/posts\/29887","targetHints":{"allow":["GET"]}}],"collection":[{"href":"https:\/\/kibrisdakik.com\/index.php?rest_route=\/wp\/v2\/posts"}],"about":[{"href":"https:\/\/kibrisdakik.com\/index.php?rest_route=\/wp\/v2\/types\/post"}],"author":[{"embeddable":true,"href":"https:\/\/kibrisdakik.com\/index.php?rest_route=\/wp\/v2\/users\/1"}],"replies":[{"embeddable":true,"href":"https:\/\/kibrisdakik.com\/index.php?rest_route=%2Fwp%2Fv2%2Fcomments&post=29887"}],"version-history":[{"count":0,"href":"https:\/\/kibrisdakik.com\/index.php?rest_route=\/wp\/v2\/posts\/29887\/revisions"}],"wp:featuredmedia":[{"embeddable":true,"href":"https:\/\/kibrisdakik.com\/index.php?rest_route=\/wp\/v2\/media\/29888"}],"wp:attachment":[{"href":"https:\/\/kibrisdakik.com\/index.php?rest_route=%2Fwp%2Fv2%2Fmedia&parent=29887"}],"wp:term":[{"taxonomy":"category","embeddable":true,"href":"https:\/\/kibrisdakik.com\/index.php?rest_route=%2Fwp%2Fv2%2Fcategories&post=29887"},{"taxonomy":"post_tag","embeddable":true,"href":"https:\/\/kibrisdakik.com\/index.php?rest_route=%2Fwp%2Fv2%2Ftags&post=29887"}],"curies":[{"name":"wp","href":"https:\/\/api.w.org\/{rel}","templated":true}]}}