{"id":29892,"date":"2024-02-13T12:51:51","date_gmt":"2024-02-13T12:51:51","guid":{"rendered":"https:\/\/kibrisdakik.com\/index.php\/2024\/02\/13\/kktcde-fenerbahce-coskusu-yasanacak\/"},"modified":"2024-02-13T12:51:51","modified_gmt":"2024-02-13T12:51:51","slug":"kktcde-fenerbahce-coskusu-yasanacak","status":"publish","type":"post","link":"https:\/\/kibrisdakik.com\/?p=29892","title":{"rendered":"KKTC\u2019de Fenerbah\u00e7e Co\u015fkusu Ya\u015fanacak"},"content":{"rendered":"<p><img decoding=\"async\" src=\"https:\/\/www.kibristurk.com\/images\/haberler\/2024\/02\/kktcde-fenerbahce-coskusu-yasanacak-1707822143.webp\" \/><\/p>\n<p>16 \u015eubat Cuma g\u00fcn\u00fc t\u00fcm d\u00fcnyada ve \u00fclkemizde ayn\u0131 anda vizyona girecek olan, \u00dcnl\u00fc oyuncular Nejat \u0130\u015fler, Timu\u00e7in Esen, Yi\u011fit \u00d6z\u015fener, Gonca Vuslateri, Y\u0131lmaz Bayraktar ve Birce Akalay\u2019\u0131n da rol ald\u0131\u011f\u0131 \u2018Zaferin Rengi\u2019, Mustafa Kemal Atat\u00fcrk \u00f6nderli\u011finde Anadolu\u2019da ba\u015flat\u0131lan milli m\u00fccadelenin i\u015fgal alt\u0131ndaki \u0130stanbul\u2019da b\u00fcy\u00fcmesini ve futbol zaferleriyle kenetlenip moral bulan T\u00fcrk halk\u0131n\u0131n ba\u011f\u0131ms\u0131zl\u0131k i\u00e7in direni\u015fini anlat\u0131yor. Filmde T\u00fcrk spor tarihine damgas\u0131n\u0131 vurmu\u015f General Harrington Kupas\u0131 ma\u00e7\u0131 konu ediliyor.<br \/>\nKKTC Fenerbah\u00e7eli \u0130\u015f \u0130nsanlar\u0131 Derne\u011fi (KKTCFB\u0130DER) \u00f6zellikle Fenerbah\u00e7elilerin merak ve heyecanla bekledikleri film i\u00e7in organizasyon d\u00fczenliyor. Lefko\u015fa Dereboyu\u2019nda bulunan Avenue Cinemax Salonlar\u0131nda g\u00f6sterime girecek olan filmi dernek \u00fcyeleri ve Sar\u0131 Lacivert renklere g\u00f6n\u00fcl veren taraftarlarla birlikte g\u00f6recek. 16 \u015eubat Cuma g\u00fcn\u00fc Avenue Sinema Salon 1 \u2018de toplu olarak g\u00f6sterilecek filme kay\u0131tlar devam ediyor. Konu ile ilgili olarak, dernek ba\u015fkan\u0131 Bur\u00e7in Aliusta taraf\u0131ndan yap\u0131lan duyuru \u015f\u00f6yle;<br \/>\n&nbsp;<br \/>\n&nbsp;<br \/>\n\u2018\u2019 De\u011ferli Fenerbah\u00e7eli Dostlar\u0131m\u0131z. \u00d6zellikle Sar\u0131 Lacivert renklere g\u00f6n\u00fcl vermi\u015f b\u00fcy\u00fck Fenerbah\u00e7e camiam\u0131z\u0131n merakla beklenen filmi \u2018Zaferin Rengi\u2019 i\u00e7in geri say\u0131m ba\u015flad\u0131. Yap\u0131mc\u0131l\u0131\u011f\u0131n\u0131 ve y\u00f6netmenli\u011fini Abdullah O\u011fuz\u2019un, ba\u015frollerini ise Kubilay Aka ile G\u00fclper \u00d6zdemir\u2019in \u00fcstlendi\u011fi film, 16 \u015eubat\u2019ta vizyona girecek. \u00dclkemizde de ayn\u0131 tarihte vizyona girecek olan filmi derne\u011fimiz KKTC Fenerbah\u00e7eli \u0130\u015f \u0130nsanlar\u0131 Derne\u011fimizin (KKTCFB\u0130DER) organizasyonu ile, Lefko\u015fa Avenue Cinemax salonunda siz Fenerbah\u00e7eli dostlar\u0131m\u0131z ile seyretmeyi, \u015fanl\u0131 tarihinizin en \u00f6nemli ba\u015far\u0131s\u0131na ve unutulmaz Harrington Kupas\u0131 zaferimizi bir kez daha b\u00fcy\u00fck duygularla izlemeyi arzu ediyoruz. \u00d6zellikle \u00e7ocuklar\u0131m\u0131z\u0131n ve gen\u00e7lerimizin kat\u0131l\u0131m\u0131 bizler i\u00e7in \u00e7ok \u00f6nemlidir. Bu nedenle 16 \u015eubat Cuma ak\u015fam\u0131 saat 20:30 da g\u00f6sterime girecek olan filmi, sar\u0131 lacivert formalar\u0131m\u0131zla hep birlikte izlemek, adeta bir trib\u00fcn havas\u0131nda bizlerle birlikte olmak isteyen t\u00fcm renkta\u015flar\u0131m\u0131z, s\u0131n\u0131rl\u0131 kat\u0131l\u0131m say\u0131s\u0131ndan dolay\u0131 en ge\u00e7 15 \u015eubat Per\u015fembe g\u00fcn\u00fcne kadar bizlere ula\u015fmas\u0131 ve kayd\u0131n\u0131 yapt\u0131rmas\u0131 gerekmektedir. \u2018\u2019<br \/>\nDernek ileti\u015fim numaram\u0131z; 0542 889 1907 \u2013 0533 869 1907<br \/>\nFilmin konusu; \u00dcnl\u00fc oyuncular Nejat \u0130\u015fler, Timu\u00e7in Esen, Yi\u011fit \u00d6z\u015fener, Gonca Vuslateri, Y\u0131lmaz Bayraktar ve Birce Akalay\u2019\u0131n da rol ald\u0131\u011f\u0131 \u2018Zaferin Rengi\u2019, Mustafa Kemal Atat\u00fcrk \u00f6nderli\u011finde Anadolu\u2019da ba\u015flat\u0131lan milli m\u00fccadelenin i\u015fgal alt\u0131ndaki \u0130stanbul\u2019da b\u00fcy\u00fcmesini ve futbol zaferleriyle kenetlenip moral bulan T\u00fcrk halk\u0131n\u0131n ba\u011f\u0131ms\u0131zl\u0131k i\u00e7in direni\u015fini anlat\u0131yor. Filmde T\u00fcrk spor tarihine damgas\u0131n\u0131 vurmu\u015f General Harington Kupas\u0131 ma\u00e7\u0131&nbsp;konu&nbsp;ediliyor.<\/p>\n","protected":false},"excerpt":{"rendered":"<p>16 \u015eubat Cuma g\u00fcn\u00fc t\u00fcm d\u00fcnyada ve \u00fclkemizde ayn\u0131 anda vizyona girecek olan, \u00dcnl\u00fc oyuncular Nejat \u0130\u015fler, Timu\u00e7in Esen, Yi\u011fit \u00d6z\u015fener, Gonca Vuslateri, Y\u0131lmaz Bayraktar ve Birce Akalay\u2019\u0131n da rol ald\u0131\u011f\u0131 \u2018Zaferin Rengi\u2019, Mustafa Kemal Atat\u00fcrk \u00f6nderli\u011finde Anadolu\u2019da ba\u015flat\u0131lan milli m\u00fccadelenin i\u015fgal alt\u0131ndaki \u0130stanbul\u2019da b\u00fcy\u00fcmesini ve futbol zaferleriyle kenetlenip moral bulan T\u00fcrk halk\u0131n\u0131n ba\u011f\u0131ms\u0131zl\u0131k i\u00e7in<\/p>\n","protected":false},"author":1,"featured_media":29893,"comment_status":"open","ping_status":"open","sticky":false,"template":"","format":"standard","meta":{"footnotes":""},"categories":[79],"tags":[],"class_list":["post-29892","post","type-post","status-publish","format-standard","has-post-thumbnail","hentry","category-ekonomi"],"yoast_head":"<!-- This site is optimized with the Yoast SEO plugin v27.4 - https:\/\/yoast.com\/product\/yoast-seo-wordpress\/ -->\n<title>KKTC\u2019de Fenerbah\u00e7e Co\u015fkusu Ya\u015fanacak -<\/title>\n<meta name=\"robots\" content=\"index, follow, max-snippet:-1, max-image-preview:large, max-video-preview:-1\" \/>\n<link rel=\"canonical\" href=\"https:\/\/kibrisdakik.com\/?p=29892\" \/>\n<meta property=\"og:locale\" content=\"tr_TR\" \/>\n<meta property=\"og:type\" content=\"article\" \/>\n<meta property=\"og:title\" content=\"KKTC\u2019de Fenerbah\u00e7e Co\u015fkusu Ya\u015fanacak -\" \/>\n<meta property=\"og:description\" content=\"16 \u015eubat Cuma g\u00fcn\u00fc t\u00fcm d\u00fcnyada ve \u00fclkemizde ayn\u0131 anda vizyona girecek olan, \u00dcnl\u00fc oyuncular Nejat \u0130\u015fler, Timu\u00e7in Esen, Yi\u011fit \u00d6z\u015fener, Gonca Vuslateri, Y\u0131lmaz Bayraktar ve Birce Akalay\u2019\u0131n da rol ald\u0131\u011f\u0131 \u2018Zaferin Rengi\u2019, Mustafa Kemal Atat\u00fcrk \u00f6nderli\u011finde Anadolu\u2019da ba\u015flat\u0131lan milli m\u00fccadelenin i\u015fgal alt\u0131ndaki \u0130stanbul\u2019da b\u00fcy\u00fcmesini ve futbol zaferleriyle kenetlenip moral bulan T\u00fcrk halk\u0131n\u0131n ba\u011f\u0131ms\u0131zl\u0131k i\u00e7in\" \/>\n<meta property=\"og:url\" content=\"https:\/\/kibrisdakik.com\/?p=29892\" \/>\n<meta property=\"article:published_time\" content=\"2024-02-13T12:51:51+00:00\" \/>\n<meta property=\"og:image\" content=\"https:\/\/kibrisdakik.com\/wp-content\/uploads\/2024\/02\/kktcde-fenerbahce-coskusu-yasanacak-1707822143.webp.webp\" \/>\n\t<meta property=\"og:image:width\" content=\"710\" \/>\n\t<meta property=\"og:image:height\" content=\"370\" \/>\n\t<meta property=\"og:image:type\" content=\"image\/webp\" \/>\n<meta name=\"author\" content=\"admin\" \/>\n<meta name=\"twitter:card\" content=\"summary_large_image\" \/>\n<meta name=\"twitter:label1\" content=\"Yazan:\" \/>\n\t<meta name=\"twitter:data1\" content=\"admin\" \/>\n\t<meta name=\"twitter:label2\" content=\"Tahmini okuma s\u00fcresi\" \/>\n\t<meta name=\"twitter:data2\" content=\"2 dakika\" \/>\n<script type=\"application\/ld+json\" class=\"yoast-schema-graph\">{\"@context\":\"https:\\\/\\\/schema.org\",\"@graph\":[{\"@type\":\"Article\",\"@id\":\"https:\\\/\\\/kibrisdakik.com\\\/?p=29892#article\",\"isPartOf\":{\"@id\":\"https:\\\/\\\/kibrisdakik.com\\\/?p=29892\"},\"author\":{\"name\":\"admin\",\"@id\":\"https:\\\/\\\/kibrisdakik.com\\\/#\\\/schema\\\/person\\\/9cd9d437bbb44f72b73ba127e06d8e79\"},\"headline\":\"KKTC\u2019de Fenerbah\u00e7e Co\u015fkusu Ya\u015fanacak\",\"datePublished\":\"2024-02-13T12:51:51+00:00\",\"mainEntityOfPage\":{\"@id\":\"https:\\\/\\\/kibrisdakik.com\\\/?p=29892\"},\"wordCount\":483,\"commentCount\":0,\"image\":{\"@id\":\"https:\\\/\\\/kibrisdakik.com\\\/?p=29892#primaryimage\"},\"thumbnailUrl\":\"https:\\\/\\\/kibrisdakik.com\\\/wp-content\\\/uploads\\\/2024\\\/02\\\/kktcde-fenerbahce-coskusu-yasanacak-1707822143.webp.webp\",\"articleSection\":[\"Ekonomi\"],\"inLanguage\":\"tr\",\"potentialAction\":[{\"@type\":\"CommentAction\",\"name\":\"Comment\",\"target\":[\"https:\\\/\\\/kibrisdakik.com\\\/?p=29892#respond\"]}]},{\"@type\":\"WebPage\",\"@id\":\"https:\\\/\\\/kibrisdakik.com\\\/?p=29892\",\"url\":\"https:\\\/\\\/kibrisdakik.com\\\/?p=29892\",\"name\":\"KKTC\u2019de Fenerbah\u00e7e Co\u015fkusu Ya\u015fanacak -\",\"isPartOf\":{\"@id\":\"https:\\\/\\\/kibrisdakik.com\\\/#website\"},\"primaryImageOfPage\":{\"@id\":\"https:\\\/\\\/kibrisdakik.com\\\/?p=29892#primaryimage\"},\"image\":{\"@id\":\"https:\\\/\\\/kibrisdakik.com\\\/?p=29892#primaryimage\"},\"thumbnailUrl\":\"https:\\\/\\\/kibrisdakik.com\\\/wp-content\\\/uploads\\\/2024\\\/02\\\/kktcde-fenerbahce-coskusu-yasanacak-1707822143.webp.webp\",\"datePublished\":\"2024-02-13T12:51:51+00:00\",\"author\":{\"@id\":\"https:\\\/\\\/kibrisdakik.com\\\/#\\\/schema\\\/person\\\/9cd9d437bbb44f72b73ba127e06d8e79\"},\"breadcrumb\":{\"@id\":\"https:\\\/\\\/kibrisdakik.com\\\/?p=29892#breadcrumb\"},\"inLanguage\":\"tr\",\"potentialAction\":[{\"@type\":\"ReadAction\",\"target\":[\"https:\\\/\\\/kibrisdakik.com\\\/?p=29892\"]}]},{\"@type\":\"ImageObject\",\"inLanguage\":\"tr\",\"@id\":\"https:\\\/\\\/kibrisdakik.com\\\/?p=29892#primaryimage\",\"url\":\"https:\\\/\\\/kibrisdakik.com\\\/wp-content\\\/uploads\\\/2024\\\/02\\\/kktcde-fenerbahce-coskusu-yasanacak-1707822143.webp.webp\",\"contentUrl\":\"https:\\\/\\\/kibrisdakik.com\\\/wp-content\\\/uploads\\\/2024\\\/02\\\/kktcde-fenerbahce-coskusu-yasanacak-1707822143.webp.webp\",\"width\":710,\"height\":370},{\"@type\":\"BreadcrumbList\",\"@id\":\"https:\\\/\\\/kibrisdakik.com\\\/?p=29892#breadcrumb\",\"itemListElement\":[{\"@type\":\"ListItem\",\"position\":1,\"name\":\"Home\",\"item\":\"https:\\\/\\\/kibrisdakik.com\\\/\"},{\"@type\":\"ListItem\",\"position\":2,\"name\":\"KKTC\u2019de Fenerbah\u00e7e Co\u015fkusu Ya\u015fanacak\"}]},{\"@type\":\"WebSite\",\"@id\":\"https:\\\/\\\/kibrisdakik.com\\\/#website\",\"url\":\"https:\\\/\\\/kibrisdakik.com\\\/\",\"name\":\"\",\"description\":\"Tam vaktinde haber\",\"potentialAction\":[{\"@type\":\"SearchAction\",\"target\":{\"@type\":\"EntryPoint\",\"urlTemplate\":\"https:\\\/\\\/kibrisdakik.com\\\/?s={search_term_string}\"},\"query-input\":{\"@type\":\"PropertyValueSpecification\",\"valueRequired\":true,\"valueName\":\"search_term_string\"}}],\"inLanguage\":\"tr\"},{\"@type\":\"Person\",\"@id\":\"https:\\\/\\\/kibrisdakik.com\\\/#\\\/schema\\\/person\\\/9cd9d437bbb44f72b73ba127e06d8e79\",\"name\":\"admin\",\"image\":{\"@type\":\"ImageObject\",\"inLanguage\":\"tr\",\"@id\":\"https:\\\/\\\/secure.gravatar.com\\\/avatar\\\/ccc17943b9d660506c869530f897617f7cb1c21a4bf30023f252596d83e1f007?s=96&d=mm&r=g\",\"url\":\"https:\\\/\\\/secure.gravatar.com\\\/avatar\\\/ccc17943b9d660506c869530f897617f7cb1c21a4bf30023f252596d83e1f007?s=96&d=mm&r=g\",\"contentUrl\":\"https:\\\/\\\/secure.gravatar.com\\\/avatar\\\/ccc17943b9d660506c869530f897617f7cb1c21a4bf30023f252596d83e1f007?s=96&d=mm&r=g\",\"caption\":\"admin\"},\"sameAs\":[\"https:\\\/\\\/kibrisdakik.com\"],\"url\":\"https:\\\/\\\/kibrisdakik.com\\\/?author=1\"}]}<\/script>\n<!-- \/ Yoast SEO plugin. -->","yoast_head_json":{"title":"KKTC\u2019de Fenerbah\u00e7e Co\u015fkusu Ya\u015fanacak -","robots":{"index":"index","follow":"follow","max-snippet":"max-snippet:-1","max-image-preview":"max-image-preview:large","max-video-preview":"max-video-preview:-1"},"canonical":"https:\/\/kibrisdakik.com\/?p=29892","og_locale":"tr_TR","og_type":"article","og_title":"KKTC\u2019de Fenerbah\u00e7e Co\u015fkusu Ya\u015fanacak -","og_description":"16 \u015eubat Cuma g\u00fcn\u00fc t\u00fcm d\u00fcnyada ve \u00fclkemizde ayn\u0131 anda vizyona girecek olan, \u00dcnl\u00fc oyuncular Nejat \u0130\u015fler, Timu\u00e7in Esen, Yi\u011fit \u00d6z\u015fener, Gonca Vuslateri, Y\u0131lmaz Bayraktar ve Birce Akalay\u2019\u0131n da rol ald\u0131\u011f\u0131 \u2018Zaferin Rengi\u2019, Mustafa Kemal Atat\u00fcrk \u00f6nderli\u011finde Anadolu\u2019da ba\u015flat\u0131lan milli m\u00fccadelenin i\u015fgal alt\u0131ndaki \u0130stanbul\u2019da b\u00fcy\u00fcmesini ve futbol zaferleriyle kenetlenip moral bulan T\u00fcrk halk\u0131n\u0131n ba\u011f\u0131ms\u0131zl\u0131k i\u00e7in","og_url":"https:\/\/kibrisdakik.com\/?p=29892","article_published_time":"2024-02-13T12:51:51+00:00","og_image":[{"width":710,"height":370,"url":"https:\/\/kibrisdakik.com\/wp-content\/uploads\/2024\/02\/kktcde-fenerbahce-coskusu-yasanacak-1707822143.webp.webp","type":"image\/webp"}],"author":"admin","twitter_card":"summary_large_image","twitter_misc":{"Yazan:":"admin","Tahmini okuma s\u00fcresi":"2 dakika"},"schema":{"@context":"https:\/\/schema.org","@graph":[{"@type":"Article","@id":"https:\/\/kibrisdakik.com\/?p=29892#article","isPartOf":{"@id":"https:\/\/kibrisdakik.com\/?p=29892"},"author":{"name":"admin","@id":"https:\/\/kibrisdakik.com\/#\/schema\/person\/9cd9d437bbb44f72b73ba127e06d8e79"},"headline":"KKTC\u2019de Fenerbah\u00e7e Co\u015fkusu Ya\u015fanacak","datePublished":"2024-02-13T12:51:51+00:00","mainEntityOfPage":{"@id":"https:\/\/kibrisdakik.com\/?p=29892"},"wordCount":483,"commentCount":0,"image":{"@id":"https:\/\/kibrisdakik.com\/?p=29892#primaryimage"},"thumbnailUrl":"https:\/\/kibrisdakik.com\/wp-content\/uploads\/2024\/02\/kktcde-fenerbahce-coskusu-yasanacak-1707822143.webp.webp","articleSection":["Ekonomi"],"inLanguage":"tr","potentialAction":[{"@type":"CommentAction","name":"Comment","target":["https:\/\/kibrisdakik.com\/?p=29892#respond"]}]},{"@type":"WebPage","@id":"https:\/\/kibrisdakik.com\/?p=29892","url":"https:\/\/kibrisdakik.com\/?p=29892","name":"KKTC\u2019de Fenerbah\u00e7e Co\u015fkusu Ya\u015fanacak -","isPartOf":{"@id":"https:\/\/kibrisdakik.com\/#website"},"primaryImageOfPage":{"@id":"https:\/\/kibrisdakik.com\/?p=29892#primaryimage"},"image":{"@id":"https:\/\/kibrisdakik.com\/?p=29892#primaryimage"},"thumbnailUrl":"https:\/\/kibrisdakik.com\/wp-content\/uploads\/2024\/02\/kktcde-fenerbahce-coskusu-yasanacak-1707822143.webp.webp","datePublished":"2024-02-13T12:51:51+00:00","author":{"@id":"https:\/\/kibrisdakik.com\/#\/schema\/person\/9cd9d437bbb44f72b73ba127e06d8e79"},"breadcrumb":{"@id":"https:\/\/kibrisdakik.com\/?p=29892#breadcrumb"},"inLanguage":"tr","potentialAction":[{"@type":"ReadAction","target":["https:\/\/kibrisdakik.com\/?p=29892"]}]},{"@type":"ImageObject","inLanguage":"tr","@id":"https:\/\/kibrisdakik.com\/?p=29892#primaryimage","url":"https:\/\/kibrisdakik.com\/wp-content\/uploads\/2024\/02\/kktcde-fenerbahce-coskusu-yasanacak-1707822143.webp.webp","contentUrl":"https:\/\/kibrisdakik.com\/wp-content\/uploads\/2024\/02\/kktcde-fenerbahce-coskusu-yasanacak-1707822143.webp.webp","width":710,"height":370},{"@type":"BreadcrumbList","@id":"https:\/\/kibrisdakik.com\/?p=29892#breadcrumb","itemListElement":[{"@type":"ListItem","position":1,"name":"Home","item":"https:\/\/kibrisdakik.com\/"},{"@type":"ListItem","position":2,"name":"KKTC\u2019de Fenerbah\u00e7e Co\u015fkusu Ya\u015fanacak"}]},{"@type":"WebSite","@id":"https:\/\/kibrisdakik.com\/#website","url":"https:\/\/kibrisdakik.com\/","name":"","description":"Tam vaktinde haber","potentialAction":[{"@type":"SearchAction","target":{"@type":"EntryPoint","urlTemplate":"https:\/\/kibrisdakik.com\/?s={search_term_string}"},"query-input":{"@type":"PropertyValueSpecification","valueRequired":true,"valueName":"search_term_string"}}],"inLanguage":"tr"},{"@type":"Person","@id":"https:\/\/kibrisdakik.com\/#\/schema\/person\/9cd9d437bbb44f72b73ba127e06d8e79","name":"admin","image":{"@type":"ImageObject","inLanguage":"tr","@id":"https:\/\/secure.gravatar.com\/avatar\/ccc17943b9d660506c869530f897617f7cb1c21a4bf30023f252596d83e1f007?s=96&d=mm&r=g","url":"https:\/\/secure.gravatar.com\/avatar\/ccc17943b9d660506c869530f897617f7cb1c21a4bf30023f252596d83e1f007?s=96&d=mm&r=g","contentUrl":"https:\/\/secure.gravatar.com\/avatar\/ccc17943b9d660506c869530f897617f7cb1c21a4bf30023f252596d83e1f007?s=96&d=mm&r=g","caption":"admin"},"sameAs":["https:\/\/kibrisdakik.com"],"url":"https:\/\/kibrisdakik.com\/?author=1"}]}},"_links":{"self":[{"href":"https:\/\/kibrisdakik.com\/index.php?rest_route=\/wp\/v2\/posts\/29892","targetHints":{"allow":["GET"]}}],"collection":[{"href":"https:\/\/kibrisdakik.com\/index.php?rest_route=\/wp\/v2\/posts"}],"about":[{"href":"https:\/\/kibrisdakik.com\/index.php?rest_route=\/wp\/v2\/types\/post"}],"author":[{"embeddable":true,"href":"https:\/\/kibrisdakik.com\/index.php?rest_route=\/wp\/v2\/users\/1"}],"replies":[{"embeddable":true,"href":"https:\/\/kibrisdakik.com\/index.php?rest_route=%2Fwp%2Fv2%2Fcomments&post=29892"}],"version-history":[{"count":0,"href":"https:\/\/kibrisdakik.com\/index.php?rest_route=\/wp\/v2\/posts\/29892\/revisions"}],"wp:featuredmedia":[{"embeddable":true,"href":"https:\/\/kibrisdakik.com\/index.php?rest_route=\/wp\/v2\/media\/29893"}],"wp:attachment":[{"href":"https:\/\/kibrisdakik.com\/index.php?rest_route=%2Fwp%2Fv2%2Fmedia&parent=29892"}],"wp:term":[{"taxonomy":"category","embeddable":true,"href":"https:\/\/kibrisdakik.com\/index.php?rest_route=%2Fwp%2Fv2%2Fcategories&post=29892"},{"taxonomy":"post_tag","embeddable":true,"href":"https:\/\/kibrisdakik.com\/index.php?rest_route=%2Fwp%2Fv2%2Ftags&post=29892"}],"curies":[{"name":"wp","href":"https:\/\/api.w.org\/{rel}","templated":true}]}}