{"id":29960,"date":"2024-02-13T20:02:52","date_gmt":"2024-02-13T20:02:52","guid":{"rendered":"https:\/\/kibrisdakik.com\/index.php\/2024\/02\/13\/msb-aci-haberi-duyurdu-kaza-sonucu-bir-asker-sehit-oldu\/"},"modified":"2024-02-13T20:02:52","modified_gmt":"2024-02-13T20:02:52","slug":"msb-aci-haberi-duyurdu-kaza-sonucu-bir-asker-sehit-oldu","status":"publish","type":"post","link":"https:\/\/kibrisdakik.com\/?p=29960","title":{"rendered":"MSB ac\u0131 haberi duyurdu: Kaza sonucu bir asker \u015fehit oldu"},"content":{"rendered":"<p><img decoding=\"async\" src=\"https:\/\/www.kibristurk.com\/images\/haberler\/2024\/02\/msb-aci-haberi-duyurdu-kaza-sonucu-bir-asker-sehit-oldu-1707850993.webp\" \/><\/p>\n<p>MSB&#8217;den yap\u0131lan a\u00e7\u0131klamaya g\u00f6re, 3\u2019\u00fcnc\u00fc Komando Tugay\u0131 Komutanl\u0131\u011f\u0131nca 13 \u015eubat tarihinde, personel ve malzeme sevki esnas\u0131nda ya\u015fanan ara\u00e7 kazas\u0131 sonucunda yaralanan, Ula\u015ft\u0131rma S\u00f6zle\u015fmeli Er Adem Kel derhal \u015e\u0131rnak Devlet Hastanesine sevk edilerek tedavisine ba\u015fland\u0131 ancak yap\u0131lan t\u00fcm m\u00fcdahalelere ra\u011fmen kurtar\u0131lamayarak&nbsp;\u015fehit&nbsp;oldu.<\/p>\n<p><strong>&#8220;AZ\u0130Z \u015eEH\u0130D\u0130M\u0130ZE RAHMET D\u0130LER\u0130Z&#8221;<\/strong><\/p>\n<p>Bakanl\u0131ktan yap\u0131lan a\u00e7\u0131klamada, \u201cBizleri derin bir ac\u0131 ve \u00fcz\u00fcnt\u00fcye bo\u011fan bu olayda, hayat\u0131n\u0131 kaybeden aziz \u015fehidimize Allah\u2019tan rahmet, kederli ailesine, T\u00fcrk Silahl\u0131 Kuvvetleri ile asil milletimize ba\u015fsa\u011fl\u0131\u011f\u0131 ve sab\u0131r dileriz\u201d ifadelerine yer verildi.<\/p>\n","protected":false},"excerpt":{"rendered":"<p>MSB&#8217;den yap\u0131lan a\u00e7\u0131klamaya g\u00f6re, 3\u2019\u00fcnc\u00fc Komando Tugay\u0131 Komutanl\u0131\u011f\u0131nca 13 \u015eubat tarihinde, personel ve malzeme sevki esnas\u0131nda ya\u015fanan ara\u00e7 kazas\u0131 sonucunda yaralanan, Ula\u015ft\u0131rma S\u00f6zle\u015fmeli Er Adem Kel derhal \u015e\u0131rnak Devlet Hastanesine sevk edilerek tedavisine ba\u015fland\u0131 ancak yap\u0131lan t\u00fcm m\u00fcdahalelere ra\u011fmen kurtar\u0131lamayarak&nbsp;\u015fehit&nbsp;oldu. &#8220;AZ\u0130Z \u015eEH\u0130D\u0130M\u0130ZE RAHMET D\u0130LER\u0130Z&#8221; Bakanl\u0131ktan yap\u0131lan a\u00e7\u0131klamada, \u201cBizleri derin bir ac\u0131 ve \u00fcz\u00fcnt\u00fcye bo\u011fan bu<\/p>\n","protected":false},"author":1,"featured_media":29961,"comment_status":"open","ping_status":"open","sticky":false,"template":"","format":"standard","meta":{"footnotes":""},"categories":[79],"tags":[],"class_list":["post-29960","post","type-post","status-publish","format-standard","has-post-thumbnail","hentry","category-ekonomi"],"yoast_head":"<!-- This site is optimized with the Yoast SEO plugin v27.4 - https:\/\/yoast.com\/product\/yoast-seo-wordpress\/ -->\n<title>MSB ac\u0131 haberi duyurdu: Kaza sonucu bir asker \u015fehit oldu -<\/title>\n<meta name=\"robots\" content=\"index, follow, max-snippet:-1, max-image-preview:large, max-video-preview:-1\" \/>\n<link rel=\"canonical\" href=\"https:\/\/kibrisdakik.com\/?p=29960\" \/>\n<meta property=\"og:locale\" content=\"tr_TR\" \/>\n<meta property=\"og:type\" content=\"article\" \/>\n<meta property=\"og:title\" content=\"MSB ac\u0131 haberi duyurdu: Kaza sonucu bir asker \u015fehit oldu -\" \/>\n<meta property=\"og:description\" content=\"MSB&#8217;den yap\u0131lan a\u00e7\u0131klamaya g\u00f6re, 3\u2019\u00fcnc\u00fc Komando Tugay\u0131 Komutanl\u0131\u011f\u0131nca 13 \u015eubat tarihinde, personel ve malzeme sevki esnas\u0131nda ya\u015fanan ara\u00e7 kazas\u0131 sonucunda yaralanan, Ula\u015ft\u0131rma S\u00f6zle\u015fmeli Er Adem Kel derhal \u015e\u0131rnak Devlet Hastanesine sevk edilerek tedavisine ba\u015fland\u0131 ancak yap\u0131lan t\u00fcm m\u00fcdahalelere ra\u011fmen kurtar\u0131lamayarak&nbsp;\u015fehit&nbsp;oldu. &#8220;AZ\u0130Z \u015eEH\u0130D\u0130M\u0130ZE RAHMET D\u0130LER\u0130Z&#8221; Bakanl\u0131ktan yap\u0131lan a\u00e7\u0131klamada, \u201cBizleri derin bir ac\u0131 ve \u00fcz\u00fcnt\u00fcye bo\u011fan bu\" \/>\n<meta property=\"og:url\" content=\"https:\/\/kibrisdakik.com\/?p=29960\" \/>\n<meta property=\"article:published_time\" content=\"2024-02-13T20:02:52+00:00\" \/>\n<meta property=\"og:image\" content=\"https:\/\/kibrisdakik.com\/wp-content\/uploads\/2024\/02\/msb-aci-haberi-duyurdu-kaza-sonucu-bir-asker-sehit-oldu-1707850993.webp.webp\" \/>\n\t<meta property=\"og:image:width\" content=\"710\" \/>\n\t<meta property=\"og:image:height\" content=\"370\" \/>\n\t<meta property=\"og:image:type\" content=\"image\/webp\" \/>\n<meta name=\"author\" content=\"admin\" \/>\n<meta name=\"twitter:card\" content=\"summary_large_image\" \/>\n<meta name=\"twitter:label1\" content=\"Yazan:\" \/>\n\t<meta name=\"twitter:data1\" content=\"admin\" \/>\n\t<meta name=\"twitter:label2\" content=\"Tahmini okuma s\u00fcresi\" \/>\n\t<meta name=\"twitter:data2\" content=\"1 dakika\" \/>\n<script type=\"application\/ld+json\" class=\"yoast-schema-graph\">{\"@context\":\"https:\\\/\\\/schema.org\",\"@graph\":[{\"@type\":\"Article\",\"@id\":\"https:\\\/\\\/kibrisdakik.com\\\/?p=29960#article\",\"isPartOf\":{\"@id\":\"https:\\\/\\\/kibrisdakik.com\\\/?p=29960\"},\"author\":{\"name\":\"admin\",\"@id\":\"https:\\\/\\\/kibrisdakik.com\\\/#\\\/schema\\\/person\\\/9cd9d437bbb44f72b73ba127e06d8e79\"},\"headline\":\"MSB ac\u0131 haberi duyurdu: Kaza sonucu bir asker \u015fehit oldu\",\"datePublished\":\"2024-02-13T20:02:52+00:00\",\"mainEntityOfPage\":{\"@id\":\"https:\\\/\\\/kibrisdakik.com\\\/?p=29960\"},\"wordCount\":124,\"commentCount\":0,\"image\":{\"@id\":\"https:\\\/\\\/kibrisdakik.com\\\/?p=29960#primaryimage\"},\"thumbnailUrl\":\"https:\\\/\\\/kibrisdakik.com\\\/wp-content\\\/uploads\\\/2024\\\/02\\\/msb-aci-haberi-duyurdu-kaza-sonucu-bir-asker-sehit-oldu-1707850993.webp.webp\",\"articleSection\":[\"Ekonomi\"],\"inLanguage\":\"tr\",\"potentialAction\":[{\"@type\":\"CommentAction\",\"name\":\"Comment\",\"target\":[\"https:\\\/\\\/kibrisdakik.com\\\/?p=29960#respond\"]}]},{\"@type\":\"WebPage\",\"@id\":\"https:\\\/\\\/kibrisdakik.com\\\/?p=29960\",\"url\":\"https:\\\/\\\/kibrisdakik.com\\\/?p=29960\",\"name\":\"MSB ac\u0131 haberi duyurdu: Kaza sonucu bir asker \u015fehit oldu -\",\"isPartOf\":{\"@id\":\"https:\\\/\\\/kibrisdakik.com\\\/#website\"},\"primaryImageOfPage\":{\"@id\":\"https:\\\/\\\/kibrisdakik.com\\\/?p=29960#primaryimage\"},\"image\":{\"@id\":\"https:\\\/\\\/kibrisdakik.com\\\/?p=29960#primaryimage\"},\"thumbnailUrl\":\"https:\\\/\\\/kibrisdakik.com\\\/wp-content\\\/uploads\\\/2024\\\/02\\\/msb-aci-haberi-duyurdu-kaza-sonucu-bir-asker-sehit-oldu-1707850993.webp.webp\",\"datePublished\":\"2024-02-13T20:02:52+00:00\",\"author\":{\"@id\":\"https:\\\/\\\/kibrisdakik.com\\\/#\\\/schema\\\/person\\\/9cd9d437bbb44f72b73ba127e06d8e79\"},\"breadcrumb\":{\"@id\":\"https:\\\/\\\/kibrisdakik.com\\\/?p=29960#breadcrumb\"},\"inLanguage\":\"tr\",\"potentialAction\":[{\"@type\":\"ReadAction\",\"target\":[\"https:\\\/\\\/kibrisdakik.com\\\/?p=29960\"]}]},{\"@type\":\"ImageObject\",\"inLanguage\":\"tr\",\"@id\":\"https:\\\/\\\/kibrisdakik.com\\\/?p=29960#primaryimage\",\"url\":\"https:\\\/\\\/kibrisdakik.com\\\/wp-content\\\/uploads\\\/2024\\\/02\\\/msb-aci-haberi-duyurdu-kaza-sonucu-bir-asker-sehit-oldu-1707850993.webp.webp\",\"contentUrl\":\"https:\\\/\\\/kibrisdakik.com\\\/wp-content\\\/uploads\\\/2024\\\/02\\\/msb-aci-haberi-duyurdu-kaza-sonucu-bir-asker-sehit-oldu-1707850993.webp.webp\",\"width\":710,\"height\":370},{\"@type\":\"BreadcrumbList\",\"@id\":\"https:\\\/\\\/kibrisdakik.com\\\/?p=29960#breadcrumb\",\"itemListElement\":[{\"@type\":\"ListItem\",\"position\":1,\"name\":\"Home\",\"item\":\"https:\\\/\\\/kibrisdakik.com\\\/\"},{\"@type\":\"ListItem\",\"position\":2,\"name\":\"MSB ac\u0131 haberi duyurdu: Kaza sonucu bir asker \u015fehit oldu\"}]},{\"@type\":\"WebSite\",\"@id\":\"https:\\\/\\\/kibrisdakik.com\\\/#website\",\"url\":\"https:\\\/\\\/kibrisdakik.com\\\/\",\"name\":\"\",\"description\":\"Tam vaktinde haber\",\"potentialAction\":[{\"@type\":\"SearchAction\",\"target\":{\"@type\":\"EntryPoint\",\"urlTemplate\":\"https:\\\/\\\/kibrisdakik.com\\\/?s={search_term_string}\"},\"query-input\":{\"@type\":\"PropertyValueSpecification\",\"valueRequired\":true,\"valueName\":\"search_term_string\"}}],\"inLanguage\":\"tr\"},{\"@type\":\"Person\",\"@id\":\"https:\\\/\\\/kibrisdakik.com\\\/#\\\/schema\\\/person\\\/9cd9d437bbb44f72b73ba127e06d8e79\",\"name\":\"admin\",\"image\":{\"@type\":\"ImageObject\",\"inLanguage\":\"tr\",\"@id\":\"https:\\\/\\\/secure.gravatar.com\\\/avatar\\\/ccc17943b9d660506c869530f897617f7cb1c21a4bf30023f252596d83e1f007?s=96&d=mm&r=g\",\"url\":\"https:\\\/\\\/secure.gravatar.com\\\/avatar\\\/ccc17943b9d660506c869530f897617f7cb1c21a4bf30023f252596d83e1f007?s=96&d=mm&r=g\",\"contentUrl\":\"https:\\\/\\\/secure.gravatar.com\\\/avatar\\\/ccc17943b9d660506c869530f897617f7cb1c21a4bf30023f252596d83e1f007?s=96&d=mm&r=g\",\"caption\":\"admin\"},\"sameAs\":[\"https:\\\/\\\/kibrisdakik.com\"],\"url\":\"https:\\\/\\\/kibrisdakik.com\\\/?author=1\"}]}<\/script>\n<!-- \/ Yoast SEO plugin. -->","yoast_head_json":{"title":"MSB ac\u0131 haberi duyurdu: Kaza sonucu bir asker \u015fehit oldu -","robots":{"index":"index","follow":"follow","max-snippet":"max-snippet:-1","max-image-preview":"max-image-preview:large","max-video-preview":"max-video-preview:-1"},"canonical":"https:\/\/kibrisdakik.com\/?p=29960","og_locale":"tr_TR","og_type":"article","og_title":"MSB ac\u0131 haberi duyurdu: Kaza sonucu bir asker \u015fehit oldu -","og_description":"MSB&#8217;den yap\u0131lan a\u00e7\u0131klamaya g\u00f6re, 3\u2019\u00fcnc\u00fc Komando Tugay\u0131 Komutanl\u0131\u011f\u0131nca 13 \u015eubat tarihinde, personel ve malzeme sevki esnas\u0131nda ya\u015fanan ara\u00e7 kazas\u0131 sonucunda yaralanan, Ula\u015ft\u0131rma S\u00f6zle\u015fmeli Er Adem Kel derhal \u015e\u0131rnak Devlet Hastanesine sevk edilerek tedavisine ba\u015fland\u0131 ancak yap\u0131lan t\u00fcm m\u00fcdahalelere ra\u011fmen kurtar\u0131lamayarak&nbsp;\u015fehit&nbsp;oldu. &#8220;AZ\u0130Z \u015eEH\u0130D\u0130M\u0130ZE RAHMET D\u0130LER\u0130Z&#8221; Bakanl\u0131ktan yap\u0131lan a\u00e7\u0131klamada, \u201cBizleri derin bir ac\u0131 ve \u00fcz\u00fcnt\u00fcye bo\u011fan bu","og_url":"https:\/\/kibrisdakik.com\/?p=29960","article_published_time":"2024-02-13T20:02:52+00:00","og_image":[{"width":710,"height":370,"url":"https:\/\/kibrisdakik.com\/wp-content\/uploads\/2024\/02\/msb-aci-haberi-duyurdu-kaza-sonucu-bir-asker-sehit-oldu-1707850993.webp.webp","type":"image\/webp"}],"author":"admin","twitter_card":"summary_large_image","twitter_misc":{"Yazan:":"admin","Tahmini okuma s\u00fcresi":"1 dakika"},"schema":{"@context":"https:\/\/schema.org","@graph":[{"@type":"Article","@id":"https:\/\/kibrisdakik.com\/?p=29960#article","isPartOf":{"@id":"https:\/\/kibrisdakik.com\/?p=29960"},"author":{"name":"admin","@id":"https:\/\/kibrisdakik.com\/#\/schema\/person\/9cd9d437bbb44f72b73ba127e06d8e79"},"headline":"MSB ac\u0131 haberi duyurdu: Kaza sonucu bir asker \u015fehit oldu","datePublished":"2024-02-13T20:02:52+00:00","mainEntityOfPage":{"@id":"https:\/\/kibrisdakik.com\/?p=29960"},"wordCount":124,"commentCount":0,"image":{"@id":"https:\/\/kibrisdakik.com\/?p=29960#primaryimage"},"thumbnailUrl":"https:\/\/kibrisdakik.com\/wp-content\/uploads\/2024\/02\/msb-aci-haberi-duyurdu-kaza-sonucu-bir-asker-sehit-oldu-1707850993.webp.webp","articleSection":["Ekonomi"],"inLanguage":"tr","potentialAction":[{"@type":"CommentAction","name":"Comment","target":["https:\/\/kibrisdakik.com\/?p=29960#respond"]}]},{"@type":"WebPage","@id":"https:\/\/kibrisdakik.com\/?p=29960","url":"https:\/\/kibrisdakik.com\/?p=29960","name":"MSB ac\u0131 haberi duyurdu: Kaza sonucu bir asker \u015fehit oldu -","isPartOf":{"@id":"https:\/\/kibrisdakik.com\/#website"},"primaryImageOfPage":{"@id":"https:\/\/kibrisdakik.com\/?p=29960#primaryimage"},"image":{"@id":"https:\/\/kibrisdakik.com\/?p=29960#primaryimage"},"thumbnailUrl":"https:\/\/kibrisdakik.com\/wp-content\/uploads\/2024\/02\/msb-aci-haberi-duyurdu-kaza-sonucu-bir-asker-sehit-oldu-1707850993.webp.webp","datePublished":"2024-02-13T20:02:52+00:00","author":{"@id":"https:\/\/kibrisdakik.com\/#\/schema\/person\/9cd9d437bbb44f72b73ba127e06d8e79"},"breadcrumb":{"@id":"https:\/\/kibrisdakik.com\/?p=29960#breadcrumb"},"inLanguage":"tr","potentialAction":[{"@type":"ReadAction","target":["https:\/\/kibrisdakik.com\/?p=29960"]}]},{"@type":"ImageObject","inLanguage":"tr","@id":"https:\/\/kibrisdakik.com\/?p=29960#primaryimage","url":"https:\/\/kibrisdakik.com\/wp-content\/uploads\/2024\/02\/msb-aci-haberi-duyurdu-kaza-sonucu-bir-asker-sehit-oldu-1707850993.webp.webp","contentUrl":"https:\/\/kibrisdakik.com\/wp-content\/uploads\/2024\/02\/msb-aci-haberi-duyurdu-kaza-sonucu-bir-asker-sehit-oldu-1707850993.webp.webp","width":710,"height":370},{"@type":"BreadcrumbList","@id":"https:\/\/kibrisdakik.com\/?p=29960#breadcrumb","itemListElement":[{"@type":"ListItem","position":1,"name":"Home","item":"https:\/\/kibrisdakik.com\/"},{"@type":"ListItem","position":2,"name":"MSB ac\u0131 haberi duyurdu: Kaza sonucu bir asker \u015fehit oldu"}]},{"@type":"WebSite","@id":"https:\/\/kibrisdakik.com\/#website","url":"https:\/\/kibrisdakik.com\/","name":"","description":"Tam vaktinde haber","potentialAction":[{"@type":"SearchAction","target":{"@type":"EntryPoint","urlTemplate":"https:\/\/kibrisdakik.com\/?s={search_term_string}"},"query-input":{"@type":"PropertyValueSpecification","valueRequired":true,"valueName":"search_term_string"}}],"inLanguage":"tr"},{"@type":"Person","@id":"https:\/\/kibrisdakik.com\/#\/schema\/person\/9cd9d437bbb44f72b73ba127e06d8e79","name":"admin","image":{"@type":"ImageObject","inLanguage":"tr","@id":"https:\/\/secure.gravatar.com\/avatar\/ccc17943b9d660506c869530f897617f7cb1c21a4bf30023f252596d83e1f007?s=96&d=mm&r=g","url":"https:\/\/secure.gravatar.com\/avatar\/ccc17943b9d660506c869530f897617f7cb1c21a4bf30023f252596d83e1f007?s=96&d=mm&r=g","contentUrl":"https:\/\/secure.gravatar.com\/avatar\/ccc17943b9d660506c869530f897617f7cb1c21a4bf30023f252596d83e1f007?s=96&d=mm&r=g","caption":"admin"},"sameAs":["https:\/\/kibrisdakik.com"],"url":"https:\/\/kibrisdakik.com\/?author=1"}]}},"_links":{"self":[{"href":"https:\/\/kibrisdakik.com\/index.php?rest_route=\/wp\/v2\/posts\/29960","targetHints":{"allow":["GET"]}}],"collection":[{"href":"https:\/\/kibrisdakik.com\/index.php?rest_route=\/wp\/v2\/posts"}],"about":[{"href":"https:\/\/kibrisdakik.com\/index.php?rest_route=\/wp\/v2\/types\/post"}],"author":[{"embeddable":true,"href":"https:\/\/kibrisdakik.com\/index.php?rest_route=\/wp\/v2\/users\/1"}],"replies":[{"embeddable":true,"href":"https:\/\/kibrisdakik.com\/index.php?rest_route=%2Fwp%2Fv2%2Fcomments&post=29960"}],"version-history":[{"count":0,"href":"https:\/\/kibrisdakik.com\/index.php?rest_route=\/wp\/v2\/posts\/29960\/revisions"}],"wp:featuredmedia":[{"embeddable":true,"href":"https:\/\/kibrisdakik.com\/index.php?rest_route=\/wp\/v2\/media\/29961"}],"wp:attachment":[{"href":"https:\/\/kibrisdakik.com\/index.php?rest_route=%2Fwp%2Fv2%2Fmedia&parent=29960"}],"wp:term":[{"taxonomy":"category","embeddable":true,"href":"https:\/\/kibrisdakik.com\/index.php?rest_route=%2Fwp%2Fv2%2Fcategories&post=29960"},{"taxonomy":"post_tag","embeddable":true,"href":"https:\/\/kibrisdakik.com\/index.php?rest_route=%2Fwp%2Fv2%2Ftags&post=29960"}],"curies":[{"name":"wp","href":"https:\/\/api.w.org\/{rel}","templated":true}]}}