{"id":29978,"date":"2024-02-14T09:16:33","date_gmt":"2024-02-14T09:16:33","guid":{"rendered":"https:\/\/kibrisdakik.com\/index.php\/2024\/02\/14\/sampiyonlar-liginde-heyecan-geri-dondu-real-madridde-ancelottiye-arda-guler-tepkisi\/"},"modified":"2024-02-14T09:16:33","modified_gmt":"2024-02-14T09:16:33","slug":"sampiyonlar-liginde-heyecan-geri-dondu-real-madridde-ancelottiye-arda-guler-tepkisi","status":"publish","type":"post","link":"https:\/\/kibrisdakik.com\/?p=29978","title":{"rendered":"\u015eampiyonlar Ligi&#039;nde heyecan geri d\u00f6nd\u00fc! Real Madrid&#039;de Ancelotti&#039;ye Arda G\u00fcler tepkisi"},"content":{"rendered":"<p><img decoding=\"async\" src=\"https:\/\/www.kibristurk.com\/images\/haberler\/2024\/02\/sampiyonlar-liginde-heyecan-geri-dondu-real-madridde-ancelottiye-arda-guler-tepkisi-1707901484.webp\" \/><\/p>\n<p>EFA \u015eampiyonlar Ligi&#8217;nde son 16 turu heyecan\u0131, d\u00fcn gece oynanan iki ma\u00e7la ba\u015flad\u0131.<\/p>\n<p><strong>REAL MADRID TEK GOLLE AVANTAJI KAPTI<\/strong><\/p>\n<p>\u0130spanyol devi Real Madrid, Almanya temsilcisi Leipzig ile deplasmanda kar\u015f\u0131 kar\u015f\u0131ya geldi. Real Madrid, Brahim Diaz&#8217;\u0131n 48. dakikada att\u0131\u011f\u0131 harika golle m\u00fccadeleden 1-0 \u00fcst\u00fcn ayr\u0131ld\u0131 ve \u00e7eyrek final i\u00e7in avantaj\u0131 eline ald\u0131.<\/p>\n<p>Brahim Diaz, gol sonras\u0131 sakatl\u0131\u011f\u0131 sebebiyle forma giyemeyen Jude Bellingham&#8217;\u0131n gol sevincini yapt\u0131. Bellingham ise gol sonras\u0131 &#8216;Aman Allah\u0131m Brahim!&#8217; \u015feklinde payla\u015f\u0131m yapt\u0131.<\/p>\n<p><strong>ARDA G\u00dcLER FORMA G\u0130YMED\u0130! ANCELOTTI&#8217;YE TEPK\u0130<\/strong><\/p>\n<p>Real Madrid&#8217;de milli futbolcu Arda G\u00fcler, yedek soyundu\u011fu m\u00fccadelede forma \u015fans\u0131 bulamad\u0131. Leipzig deplasman\u0131nda yaln\u0131zca iki de\u011fi\u015fiklik yapan Ancelotti&#8217;ye \u0130spanyol taraftarlar k\u00f6t\u00fc bir performans sergileyen Rodrygo&#8217;nun yerine Joselu&#8217;yu almas\u0131 sebebiyle tepki g\u00f6sterdi ve Arda G\u00fcler&#8217;i oyuna almad\u0131 gerekti\u011fini yazd\u0131.<br \/>\nLa Liga devinde di\u011fer de\u011fi\u015fiklik ise sakatlanan Brahim Diaz&#8217;\u0131n yerine Vazquez&#8217;in oyuna girmesiyle yap\u0131ld\u0131. \u0130ki de\u011fi\u015fiklik de 84. dakikada geldi.<br \/>\n&nbsp;<\/p>\n<p><strong>LUNIN TAR\u0130HE GE\u00c7T\u0130<\/strong><\/p>\n<p>Leipzig kar\u015f\u0131s\u0131nda Real Madrid kalesinde devle\u015fen Andriy Lunin, tarihe ge\u00e7en bir performansa imza att\u0131.<\/p>\n<p>Almanya deplasman\u0131nda 9 kurtar\u0131\u015f yapan Ukraynal\u0131 kaleci,&nbsp;Real Madrid&#8217;de bir \u015eampiyonlar Ligi ma\u00e7\u0131nda en \u00e7ok kurtar\u0131\u015f yapma rekorunu egale etti.<\/p>\n<p>Sakatl\u0131\u011f\u0131 sebebiyle uzun s\u00fcredir formas\u0131ndan uzak kalan Thibaut Courtois, Liverpool ile oynanan \u015eampiyonlar Ligi finalinde 9 kurtar\u0131\u015f yapm\u0131\u015f ve rekoru k\u0131rm\u0131\u015ft\u0131.<\/p>\n","protected":false},"excerpt":{"rendered":"<p>EFA \u015eampiyonlar Ligi&#8217;nde son 16 turu heyecan\u0131, d\u00fcn gece oynanan iki ma\u00e7la ba\u015flad\u0131. REAL MADRID TEK GOLLE AVANTAJI KAPTI \u0130spanyol devi Real Madrid, Almanya temsilcisi Leipzig ile deplasmanda kar\u015f\u0131 kar\u015f\u0131ya geldi. Real Madrid, Brahim Diaz&#8217;\u0131n 48. dakikada att\u0131\u011f\u0131 harika golle m\u00fccadeleden 1-0 \u00fcst\u00fcn ayr\u0131ld\u0131 ve \u00e7eyrek final i\u00e7in avantaj\u0131 eline ald\u0131. Brahim Diaz, gol sonras\u0131<\/p>\n","protected":false},"author":1,"featured_media":29979,"comment_status":"open","ping_status":"open","sticky":false,"template":"","format":"standard","meta":{"footnotes":""},"categories":[79],"tags":[],"class_list":["post-29978","post","type-post","status-publish","format-standard","has-post-thumbnail","hentry","category-ekonomi"],"yoast_head":"<!-- This site is optimized with the Yoast SEO plugin v27.4 - https:\/\/yoast.com\/product\/yoast-seo-wordpress\/ -->\n<title>\u015eampiyonlar Ligi&#039;nde heyecan geri d\u00f6nd\u00fc! Real Madrid&#039;de Ancelotti&#039;ye Arda G\u00fcler tepkisi -<\/title>\n<meta name=\"robots\" content=\"index, follow, max-snippet:-1, max-image-preview:large, max-video-preview:-1\" \/>\n<link rel=\"canonical\" href=\"https:\/\/kibrisdakik.com\/?p=29978\" \/>\n<meta property=\"og:locale\" content=\"tr_TR\" \/>\n<meta property=\"og:type\" content=\"article\" \/>\n<meta property=\"og:title\" content=\"\u015eampiyonlar Ligi&#039;nde heyecan geri d\u00f6nd\u00fc! Real Madrid&#039;de Ancelotti&#039;ye Arda G\u00fcler tepkisi -\" \/>\n<meta property=\"og:description\" content=\"EFA \u015eampiyonlar Ligi&#8217;nde son 16 turu heyecan\u0131, d\u00fcn gece oynanan iki ma\u00e7la ba\u015flad\u0131. REAL MADRID TEK GOLLE AVANTAJI KAPTI \u0130spanyol devi Real Madrid, Almanya temsilcisi Leipzig ile deplasmanda kar\u015f\u0131 kar\u015f\u0131ya geldi. Real Madrid, Brahim Diaz&#8217;\u0131n 48. dakikada att\u0131\u011f\u0131 harika golle m\u00fccadeleden 1-0 \u00fcst\u00fcn ayr\u0131ld\u0131 ve \u00e7eyrek final i\u00e7in avantaj\u0131 eline ald\u0131. Brahim Diaz, gol sonras\u0131\" \/>\n<meta property=\"og:url\" content=\"https:\/\/kibrisdakik.com\/?p=29978\" \/>\n<meta property=\"article:published_time\" content=\"2024-02-14T09:16:33+00:00\" \/>\n<meta property=\"og:image\" content=\"https:\/\/kibrisdakik.com\/wp-content\/uploads\/2024\/02\/sampiyonlar-liginde-heyecan-geri-dondu-real-madridde-ancelottiye-arda-guler-tepkisi-1707901484.webp.webp\" \/>\n\t<meta property=\"og:image:width\" content=\"710\" \/>\n\t<meta property=\"og:image:height\" content=\"370\" \/>\n\t<meta property=\"og:image:type\" content=\"image\/webp\" \/>\n<meta name=\"author\" content=\"admin\" \/>\n<meta name=\"twitter:card\" content=\"summary_large_image\" \/>\n<meta name=\"twitter:label1\" content=\"Yazan:\" \/>\n\t<meta name=\"twitter:data1\" content=\"admin\" \/>\n\t<meta name=\"twitter:label2\" content=\"Tahmini okuma s\u00fcresi\" \/>\n\t<meta name=\"twitter:data2\" content=\"1 dakika\" \/>\n<script type=\"application\/ld+json\" class=\"yoast-schema-graph\">{\"@context\":\"https:\\\/\\\/schema.org\",\"@graph\":[{\"@type\":\"Article\",\"@id\":\"https:\\\/\\\/kibrisdakik.com\\\/?p=29978#article\",\"isPartOf\":{\"@id\":\"https:\\\/\\\/kibrisdakik.com\\\/?p=29978\"},\"author\":{\"name\":\"admin\",\"@id\":\"https:\\\/\\\/kibrisdakik.com\\\/#\\\/schema\\\/person\\\/9cd9d437bbb44f72b73ba127e06d8e79\"},\"headline\":\"\u015eampiyonlar Ligi&#039;nde heyecan geri d\u00f6nd\u00fc! Real Madrid&#039;de Ancelotti&#039;ye Arda G\u00fcler tepkisi\",\"datePublished\":\"2024-02-14T09:16:33+00:00\",\"mainEntityOfPage\":{\"@id\":\"https:\\\/\\\/kibrisdakik.com\\\/?p=29978\"},\"wordCount\":255,\"commentCount\":0,\"image\":{\"@id\":\"https:\\\/\\\/kibrisdakik.com\\\/?p=29978#primaryimage\"},\"thumbnailUrl\":\"https:\\\/\\\/kibrisdakik.com\\\/wp-content\\\/uploads\\\/2024\\\/02\\\/sampiyonlar-liginde-heyecan-geri-dondu-real-madridde-ancelottiye-arda-guler-tepkisi-1707901484.webp.webp\",\"articleSection\":[\"Ekonomi\"],\"inLanguage\":\"tr\",\"potentialAction\":[{\"@type\":\"CommentAction\",\"name\":\"Comment\",\"target\":[\"https:\\\/\\\/kibrisdakik.com\\\/?p=29978#respond\"]}]},{\"@type\":\"WebPage\",\"@id\":\"https:\\\/\\\/kibrisdakik.com\\\/?p=29978\",\"url\":\"https:\\\/\\\/kibrisdakik.com\\\/?p=29978\",\"name\":\"\u015eampiyonlar Ligi&#039;nde heyecan geri d\u00f6nd\u00fc! Real Madrid&#039;de Ancelotti&#039;ye Arda G\u00fcler tepkisi -\",\"isPartOf\":{\"@id\":\"https:\\\/\\\/kibrisdakik.com\\\/#website\"},\"primaryImageOfPage\":{\"@id\":\"https:\\\/\\\/kibrisdakik.com\\\/?p=29978#primaryimage\"},\"image\":{\"@id\":\"https:\\\/\\\/kibrisdakik.com\\\/?p=29978#primaryimage\"},\"thumbnailUrl\":\"https:\\\/\\\/kibrisdakik.com\\\/wp-content\\\/uploads\\\/2024\\\/02\\\/sampiyonlar-liginde-heyecan-geri-dondu-real-madridde-ancelottiye-arda-guler-tepkisi-1707901484.webp.webp\",\"datePublished\":\"2024-02-14T09:16:33+00:00\",\"author\":{\"@id\":\"https:\\\/\\\/kibrisdakik.com\\\/#\\\/schema\\\/person\\\/9cd9d437bbb44f72b73ba127e06d8e79\"},\"breadcrumb\":{\"@id\":\"https:\\\/\\\/kibrisdakik.com\\\/?p=29978#breadcrumb\"},\"inLanguage\":\"tr\",\"potentialAction\":[{\"@type\":\"ReadAction\",\"target\":[\"https:\\\/\\\/kibrisdakik.com\\\/?p=29978\"]}]},{\"@type\":\"ImageObject\",\"inLanguage\":\"tr\",\"@id\":\"https:\\\/\\\/kibrisdakik.com\\\/?p=29978#primaryimage\",\"url\":\"https:\\\/\\\/kibrisdakik.com\\\/wp-content\\\/uploads\\\/2024\\\/02\\\/sampiyonlar-liginde-heyecan-geri-dondu-real-madridde-ancelottiye-arda-guler-tepkisi-1707901484.webp.webp\",\"contentUrl\":\"https:\\\/\\\/kibrisdakik.com\\\/wp-content\\\/uploads\\\/2024\\\/02\\\/sampiyonlar-liginde-heyecan-geri-dondu-real-madridde-ancelottiye-arda-guler-tepkisi-1707901484.webp.webp\",\"width\":710,\"height\":370},{\"@type\":\"BreadcrumbList\",\"@id\":\"https:\\\/\\\/kibrisdakik.com\\\/?p=29978#breadcrumb\",\"itemListElement\":[{\"@type\":\"ListItem\",\"position\":1,\"name\":\"Home\",\"item\":\"https:\\\/\\\/kibrisdakik.com\\\/\"},{\"@type\":\"ListItem\",\"position\":2,\"name\":\"\u015eampiyonlar Ligi&#039;nde heyecan geri d\u00f6nd\u00fc! Real Madrid&#039;de Ancelotti&#039;ye Arda G\u00fcler tepkisi\"}]},{\"@type\":\"WebSite\",\"@id\":\"https:\\\/\\\/kibrisdakik.com\\\/#website\",\"url\":\"https:\\\/\\\/kibrisdakik.com\\\/\",\"name\":\"\",\"description\":\"Tam vaktinde haber\",\"potentialAction\":[{\"@type\":\"SearchAction\",\"target\":{\"@type\":\"EntryPoint\",\"urlTemplate\":\"https:\\\/\\\/kibrisdakik.com\\\/?s={search_term_string}\"},\"query-input\":{\"@type\":\"PropertyValueSpecification\",\"valueRequired\":true,\"valueName\":\"search_term_string\"}}],\"inLanguage\":\"tr\"},{\"@type\":\"Person\",\"@id\":\"https:\\\/\\\/kibrisdakik.com\\\/#\\\/schema\\\/person\\\/9cd9d437bbb44f72b73ba127e06d8e79\",\"name\":\"admin\",\"image\":{\"@type\":\"ImageObject\",\"inLanguage\":\"tr\",\"@id\":\"https:\\\/\\\/secure.gravatar.com\\\/avatar\\\/ccc17943b9d660506c869530f897617f7cb1c21a4bf30023f252596d83e1f007?s=96&d=mm&r=g\",\"url\":\"https:\\\/\\\/secure.gravatar.com\\\/avatar\\\/ccc17943b9d660506c869530f897617f7cb1c21a4bf30023f252596d83e1f007?s=96&d=mm&r=g\",\"contentUrl\":\"https:\\\/\\\/secure.gravatar.com\\\/avatar\\\/ccc17943b9d660506c869530f897617f7cb1c21a4bf30023f252596d83e1f007?s=96&d=mm&r=g\",\"caption\":\"admin\"},\"sameAs\":[\"https:\\\/\\\/kibrisdakik.com\"],\"url\":\"https:\\\/\\\/kibrisdakik.com\\\/?author=1\"}]}<\/script>\n<!-- \/ Yoast SEO plugin. -->","yoast_head_json":{"title":"\u015eampiyonlar Ligi&#039;nde heyecan geri d\u00f6nd\u00fc! Real Madrid&#039;de Ancelotti&#039;ye Arda G\u00fcler tepkisi -","robots":{"index":"index","follow":"follow","max-snippet":"max-snippet:-1","max-image-preview":"max-image-preview:large","max-video-preview":"max-video-preview:-1"},"canonical":"https:\/\/kibrisdakik.com\/?p=29978","og_locale":"tr_TR","og_type":"article","og_title":"\u015eampiyonlar Ligi&#039;nde heyecan geri d\u00f6nd\u00fc! Real Madrid&#039;de Ancelotti&#039;ye Arda G\u00fcler tepkisi -","og_description":"EFA \u015eampiyonlar Ligi&#8217;nde son 16 turu heyecan\u0131, d\u00fcn gece oynanan iki ma\u00e7la ba\u015flad\u0131. REAL MADRID TEK GOLLE AVANTAJI KAPTI \u0130spanyol devi Real Madrid, Almanya temsilcisi Leipzig ile deplasmanda kar\u015f\u0131 kar\u015f\u0131ya geldi. Real Madrid, Brahim Diaz&#8217;\u0131n 48. dakikada att\u0131\u011f\u0131 harika golle m\u00fccadeleden 1-0 \u00fcst\u00fcn ayr\u0131ld\u0131 ve \u00e7eyrek final i\u00e7in avantaj\u0131 eline ald\u0131. Brahim Diaz, gol sonras\u0131","og_url":"https:\/\/kibrisdakik.com\/?p=29978","article_published_time":"2024-02-14T09:16:33+00:00","og_image":[{"width":710,"height":370,"url":"https:\/\/kibrisdakik.com\/wp-content\/uploads\/2024\/02\/sampiyonlar-liginde-heyecan-geri-dondu-real-madridde-ancelottiye-arda-guler-tepkisi-1707901484.webp.webp","type":"image\/webp"}],"author":"admin","twitter_card":"summary_large_image","twitter_misc":{"Yazan:":"admin","Tahmini okuma s\u00fcresi":"1 dakika"},"schema":{"@context":"https:\/\/schema.org","@graph":[{"@type":"Article","@id":"https:\/\/kibrisdakik.com\/?p=29978#article","isPartOf":{"@id":"https:\/\/kibrisdakik.com\/?p=29978"},"author":{"name":"admin","@id":"https:\/\/kibrisdakik.com\/#\/schema\/person\/9cd9d437bbb44f72b73ba127e06d8e79"},"headline":"\u015eampiyonlar Ligi&#039;nde heyecan geri d\u00f6nd\u00fc! Real Madrid&#039;de Ancelotti&#039;ye Arda G\u00fcler tepkisi","datePublished":"2024-02-14T09:16:33+00:00","mainEntityOfPage":{"@id":"https:\/\/kibrisdakik.com\/?p=29978"},"wordCount":255,"commentCount":0,"image":{"@id":"https:\/\/kibrisdakik.com\/?p=29978#primaryimage"},"thumbnailUrl":"https:\/\/kibrisdakik.com\/wp-content\/uploads\/2024\/02\/sampiyonlar-liginde-heyecan-geri-dondu-real-madridde-ancelottiye-arda-guler-tepkisi-1707901484.webp.webp","articleSection":["Ekonomi"],"inLanguage":"tr","potentialAction":[{"@type":"CommentAction","name":"Comment","target":["https:\/\/kibrisdakik.com\/?p=29978#respond"]}]},{"@type":"WebPage","@id":"https:\/\/kibrisdakik.com\/?p=29978","url":"https:\/\/kibrisdakik.com\/?p=29978","name":"\u015eampiyonlar Ligi&#039;nde heyecan geri d\u00f6nd\u00fc! Real Madrid&#039;de Ancelotti&#039;ye Arda G\u00fcler tepkisi -","isPartOf":{"@id":"https:\/\/kibrisdakik.com\/#website"},"primaryImageOfPage":{"@id":"https:\/\/kibrisdakik.com\/?p=29978#primaryimage"},"image":{"@id":"https:\/\/kibrisdakik.com\/?p=29978#primaryimage"},"thumbnailUrl":"https:\/\/kibrisdakik.com\/wp-content\/uploads\/2024\/02\/sampiyonlar-liginde-heyecan-geri-dondu-real-madridde-ancelottiye-arda-guler-tepkisi-1707901484.webp.webp","datePublished":"2024-02-14T09:16:33+00:00","author":{"@id":"https:\/\/kibrisdakik.com\/#\/schema\/person\/9cd9d437bbb44f72b73ba127e06d8e79"},"breadcrumb":{"@id":"https:\/\/kibrisdakik.com\/?p=29978#breadcrumb"},"inLanguage":"tr","potentialAction":[{"@type":"ReadAction","target":["https:\/\/kibrisdakik.com\/?p=29978"]}]},{"@type":"ImageObject","inLanguage":"tr","@id":"https:\/\/kibrisdakik.com\/?p=29978#primaryimage","url":"https:\/\/kibrisdakik.com\/wp-content\/uploads\/2024\/02\/sampiyonlar-liginde-heyecan-geri-dondu-real-madridde-ancelottiye-arda-guler-tepkisi-1707901484.webp.webp","contentUrl":"https:\/\/kibrisdakik.com\/wp-content\/uploads\/2024\/02\/sampiyonlar-liginde-heyecan-geri-dondu-real-madridde-ancelottiye-arda-guler-tepkisi-1707901484.webp.webp","width":710,"height":370},{"@type":"BreadcrumbList","@id":"https:\/\/kibrisdakik.com\/?p=29978#breadcrumb","itemListElement":[{"@type":"ListItem","position":1,"name":"Home","item":"https:\/\/kibrisdakik.com\/"},{"@type":"ListItem","position":2,"name":"\u015eampiyonlar Ligi&#039;nde heyecan geri d\u00f6nd\u00fc! Real Madrid&#039;de Ancelotti&#039;ye Arda G\u00fcler tepkisi"}]},{"@type":"WebSite","@id":"https:\/\/kibrisdakik.com\/#website","url":"https:\/\/kibrisdakik.com\/","name":"","description":"Tam vaktinde haber","potentialAction":[{"@type":"SearchAction","target":{"@type":"EntryPoint","urlTemplate":"https:\/\/kibrisdakik.com\/?s={search_term_string}"},"query-input":{"@type":"PropertyValueSpecification","valueRequired":true,"valueName":"search_term_string"}}],"inLanguage":"tr"},{"@type":"Person","@id":"https:\/\/kibrisdakik.com\/#\/schema\/person\/9cd9d437bbb44f72b73ba127e06d8e79","name":"admin","image":{"@type":"ImageObject","inLanguage":"tr","@id":"https:\/\/secure.gravatar.com\/avatar\/ccc17943b9d660506c869530f897617f7cb1c21a4bf30023f252596d83e1f007?s=96&d=mm&r=g","url":"https:\/\/secure.gravatar.com\/avatar\/ccc17943b9d660506c869530f897617f7cb1c21a4bf30023f252596d83e1f007?s=96&d=mm&r=g","contentUrl":"https:\/\/secure.gravatar.com\/avatar\/ccc17943b9d660506c869530f897617f7cb1c21a4bf30023f252596d83e1f007?s=96&d=mm&r=g","caption":"admin"},"sameAs":["https:\/\/kibrisdakik.com"],"url":"https:\/\/kibrisdakik.com\/?author=1"}]}},"_links":{"self":[{"href":"https:\/\/kibrisdakik.com\/index.php?rest_route=\/wp\/v2\/posts\/29978","targetHints":{"allow":["GET"]}}],"collection":[{"href":"https:\/\/kibrisdakik.com\/index.php?rest_route=\/wp\/v2\/posts"}],"about":[{"href":"https:\/\/kibrisdakik.com\/index.php?rest_route=\/wp\/v2\/types\/post"}],"author":[{"embeddable":true,"href":"https:\/\/kibrisdakik.com\/index.php?rest_route=\/wp\/v2\/users\/1"}],"replies":[{"embeddable":true,"href":"https:\/\/kibrisdakik.com\/index.php?rest_route=%2Fwp%2Fv2%2Fcomments&post=29978"}],"version-history":[{"count":0,"href":"https:\/\/kibrisdakik.com\/index.php?rest_route=\/wp\/v2\/posts\/29978\/revisions"}],"wp:featuredmedia":[{"embeddable":true,"href":"https:\/\/kibrisdakik.com\/index.php?rest_route=\/wp\/v2\/media\/29979"}],"wp:attachment":[{"href":"https:\/\/kibrisdakik.com\/index.php?rest_route=%2Fwp%2Fv2%2Fmedia&parent=29978"}],"wp:term":[{"taxonomy":"category","embeddable":true,"href":"https:\/\/kibrisdakik.com\/index.php?rest_route=%2Fwp%2Fv2%2Fcategories&post=29978"},{"taxonomy":"post_tag","embeddable":true,"href":"https:\/\/kibrisdakik.com\/index.php?rest_route=%2Fwp%2Fv2%2Ftags&post=29978"}],"curies":[{"name":"wp","href":"https:\/\/api.w.org\/{rel}","templated":true}]}}