{"id":30006,"date":"2024-02-14T13:27:48","date_gmt":"2024-02-14T13:27:48","guid":{"rendered":"https:\/\/kibrisdakik.com\/index.php\/2024\/02\/14\/maliye-bakani-berova-turksat-a-s-genel-mudur-yardimcisi-savasi-kabul-etti\/"},"modified":"2024-02-14T13:27:48","modified_gmt":"2024-02-14T13:27:48","slug":"maliye-bakani-berova-turksat-a-s-genel-mudur-yardimcisi-savasi-kabul-etti","status":"publish","type":"post","link":"https:\/\/kibrisdakik.com\/?p=30006","title":{"rendered":"Maliye Bakan\u0131 Berova, T\u00fcrksat A.\u015e genel m\u00fcd\u00fcr yard\u0131mc\u0131s\u0131 Sava\u015f\u2019\u0131 kabul etti"},"content":{"rendered":"<p><img decoding=\"async\" src=\"https:\/\/www.kibristurk.com\/images\/haberler\/2024\/02\/maliye-bakani-berova-turksat-as-genel-mudur-yardimcisi-savasi-kabul-etti-1707916763.webp\" \/><\/p>\n<p>BEROVA&nbsp;<br \/>\nMaliye Bakan\u0131 \u00d6zdemir Berova, g\u00f6reve geldi\u011fi g\u00fcnden itibaren, Kamu Mali Bili\u015fim alt yap\u0131s\u0131 dolay\u0131s\u0131yla otomasyon uygulamalar\u0131na \u00f6nem ve \u00f6ncelik verdi\u011fini her f\u0131rsatta dile getirdi\u011fini ve bu anlamda bir tak\u0131m iyile\u015ftirmeler sa\u011flad\u0131klar\u0131n\u0131 kaydederek, \u00f6zellikle G\u00fcmr\u00fck Otomasyon Sistemi\u2019nde g\u00f6zle g\u00f6r\u00fcl\u00fcr iyile\u015fmeler sa\u011fland\u0131\u011f\u0131n\u0131 belirtti.&nbsp;<\/p>\n<p>Bug\u00fcn T\u00fcrksat A.\u015e. Genel M\u00fcd\u00fcr Yard\u0131mc\u0131s\u0131 Sava\u015f\u2019\u0131 kabul\u00fcnde de koordinasyonun devam\u0131 konusundaki yol haritas\u0131 ile ilgili, bilgi al\u0131\u015f veri\u015finde bulunduklar\u0131n\u0131 kaydetti.&nbsp;<\/p>\n<p>SAVA\u015e&nbsp;<br \/>\nT\u00fcrksat A.\u015e. Genel M\u00fcd\u00fcr Yard\u0131mc\u0131s\u0131 Ahmet Sava\u015f da konu\u015fmas\u0131nda, T\u00fcrksat A.\u015e. olarak, Dijital D\u00f6n\u00fc\u015f\u00fcm Ofisi ile beraber KKTC\u2019de, e-devlet ve kurumlardaki e-d\u00f6n\u00fc\u015f\u00fcm projeleri i\u00e7in \u00e7al\u0131\u015ft\u0131klar\u0131n\u0131, bu kapsamda hayata ge\u00e7irilen G\u00fcmr\u00fck Otomasyon Sistemi ile ilgili de\u011ferlendirmelerde bulunmak amac\u0131yla Maliye Bakan\u0131 \u00d6zdemir Berova\u2019ya ziyaret ger\u00e7ekle\u015ftirdiklerini s\u00f6yledi. &nbsp;<\/p>\n<p>T\u00fcrksat A.\u015e. Genel M\u00fcd\u00fcr Yard\u0131mc\u0131s\u0131 Sava\u015f g\u00f6r\u00fc\u015fmede, Maliye Bakan\u0131 Berova\u2019n\u0131n g\u00f6r\u00fc\u015flerini de ald\u0131klar\u0131n\u0131 kaydederek, Bakan Berova\u2019n\u0131n konuya yak\u0131n ilgi ve alaka g\u00f6sterdi\u011fini de belirterek, te\u015fekk\u00fcr etti.&nbsp;<\/p>\n<p>G\u00f6r\u00fc\u015fme sonunda g\u00fcn\u00fcn an\u0131s\u0131na kar\u015f\u0131l\u0131kl\u0131 hediye teatisinde&nbsp;de&nbsp;bulunuldu.<\/p>\n","protected":false},"excerpt":{"rendered":"<p>BEROVA&nbsp; Maliye Bakan\u0131 \u00d6zdemir Berova, g\u00f6reve geldi\u011fi g\u00fcnden itibaren, Kamu Mali Bili\u015fim alt yap\u0131s\u0131 dolay\u0131s\u0131yla otomasyon uygulamalar\u0131na \u00f6nem ve \u00f6ncelik verdi\u011fini her f\u0131rsatta dile getirdi\u011fini ve bu anlamda bir tak\u0131m iyile\u015ftirmeler sa\u011flad\u0131klar\u0131n\u0131 kaydederek, \u00f6zellikle G\u00fcmr\u00fck Otomasyon Sistemi\u2019nde g\u00f6zle g\u00f6r\u00fcl\u00fcr iyile\u015fmeler sa\u011fland\u0131\u011f\u0131n\u0131 belirtti.&nbsp; Bug\u00fcn T\u00fcrksat A.\u015e. Genel M\u00fcd\u00fcr Yard\u0131mc\u0131s\u0131 Sava\u015f\u2019\u0131 kabul\u00fcnde de koordinasyonun devam\u0131 konusundaki yol<\/p>\n","protected":false},"author":1,"featured_media":30007,"comment_status":"open","ping_status":"open","sticky":false,"template":"","format":"standard","meta":{"footnotes":""},"categories":[1],"tags":[],"class_list":["post-30006","post","type-post","status-publish","format-standard","has-post-thumbnail","hentry","category-gundem"],"yoast_head":"<!-- This site is optimized with the Yoast SEO plugin v27.4 - https:\/\/yoast.com\/product\/yoast-seo-wordpress\/ -->\n<title>Maliye Bakan\u0131 Berova, T\u00fcrksat A.\u015e genel m\u00fcd\u00fcr yard\u0131mc\u0131s\u0131 Sava\u015f\u2019\u0131 kabul etti -<\/title>\n<meta name=\"robots\" content=\"index, follow, max-snippet:-1, max-image-preview:large, max-video-preview:-1\" \/>\n<link rel=\"canonical\" href=\"https:\/\/kibrisdakik.com\/?p=30006\" \/>\n<meta property=\"og:locale\" content=\"tr_TR\" \/>\n<meta property=\"og:type\" content=\"article\" \/>\n<meta property=\"og:title\" content=\"Maliye Bakan\u0131 Berova, T\u00fcrksat A.\u015e genel m\u00fcd\u00fcr yard\u0131mc\u0131s\u0131 Sava\u015f\u2019\u0131 kabul etti -\" \/>\n<meta property=\"og:description\" content=\"BEROVA&nbsp; Maliye Bakan\u0131 \u00d6zdemir Berova, g\u00f6reve geldi\u011fi g\u00fcnden itibaren, Kamu Mali Bili\u015fim alt yap\u0131s\u0131 dolay\u0131s\u0131yla otomasyon uygulamalar\u0131na \u00f6nem ve \u00f6ncelik verdi\u011fini her f\u0131rsatta dile getirdi\u011fini ve bu anlamda bir tak\u0131m iyile\u015ftirmeler sa\u011flad\u0131klar\u0131n\u0131 kaydederek, \u00f6zellikle G\u00fcmr\u00fck Otomasyon Sistemi\u2019nde g\u00f6zle g\u00f6r\u00fcl\u00fcr iyile\u015fmeler sa\u011fland\u0131\u011f\u0131n\u0131 belirtti.&nbsp; Bug\u00fcn T\u00fcrksat A.\u015e. Genel M\u00fcd\u00fcr Yard\u0131mc\u0131s\u0131 Sava\u015f\u2019\u0131 kabul\u00fcnde de koordinasyonun devam\u0131 konusundaki yol\" \/>\n<meta property=\"og:url\" content=\"https:\/\/kibrisdakik.com\/?p=30006\" \/>\n<meta property=\"article:published_time\" content=\"2024-02-14T13:27:48+00:00\" \/>\n<meta property=\"og:image\" content=\"https:\/\/kibrisdakik.com\/wp-content\/uploads\/2024\/02\/maliye-bakani-berova-turksat-as-genel-mudur-yardimcisi-savasi-kabul-etti-1707916763.webp.webp\" \/>\n\t<meta property=\"og:image:width\" content=\"710\" \/>\n\t<meta property=\"og:image:height\" content=\"370\" \/>\n\t<meta property=\"og:image:type\" content=\"image\/webp\" \/>\n<meta name=\"author\" content=\"admin\" \/>\n<meta name=\"twitter:card\" content=\"summary_large_image\" \/>\n<meta name=\"twitter:label1\" content=\"Yazan:\" \/>\n\t<meta name=\"twitter:data1\" content=\"admin\" \/>\n\t<meta name=\"twitter:label2\" content=\"Tahmini okuma s\u00fcresi\" \/>\n\t<meta name=\"twitter:data2\" content=\"1 dakika\" \/>\n<script type=\"application\/ld+json\" class=\"yoast-schema-graph\">{\"@context\":\"https:\\\/\\\/schema.org\",\"@graph\":[{\"@type\":\"Article\",\"@id\":\"https:\\\/\\\/kibrisdakik.com\\\/?p=30006#article\",\"isPartOf\":{\"@id\":\"https:\\\/\\\/kibrisdakik.com\\\/?p=30006\"},\"author\":{\"name\":\"admin\",\"@id\":\"https:\\\/\\\/kibrisdakik.com\\\/#\\\/schema\\\/person\\\/9cd9d437bbb44f72b73ba127e06d8e79\"},\"headline\":\"Maliye Bakan\u0131 Berova, T\u00fcrksat A.\u015e genel m\u00fcd\u00fcr yard\u0131mc\u0131s\u0131 Sava\u015f\u2019\u0131 kabul etti\",\"datePublished\":\"2024-02-14T13:27:48+00:00\",\"mainEntityOfPage\":{\"@id\":\"https:\\\/\\\/kibrisdakik.com\\\/?p=30006\"},\"wordCount\":256,\"commentCount\":0,\"image\":{\"@id\":\"https:\\\/\\\/kibrisdakik.com\\\/?p=30006#primaryimage\"},\"thumbnailUrl\":\"https:\\\/\\\/kibrisdakik.com\\\/wp-content\\\/uploads\\\/2024\\\/02\\\/maliye-bakani-berova-turksat-as-genel-mudur-yardimcisi-savasi-kabul-etti-1707916763.webp.webp\",\"articleSection\":[\"G\u00fcndem\"],\"inLanguage\":\"tr\",\"potentialAction\":[{\"@type\":\"CommentAction\",\"name\":\"Comment\",\"target\":[\"https:\\\/\\\/kibrisdakik.com\\\/?p=30006#respond\"]}]},{\"@type\":\"WebPage\",\"@id\":\"https:\\\/\\\/kibrisdakik.com\\\/?p=30006\",\"url\":\"https:\\\/\\\/kibrisdakik.com\\\/?p=30006\",\"name\":\"Maliye Bakan\u0131 Berova, T\u00fcrksat A.\u015e genel m\u00fcd\u00fcr yard\u0131mc\u0131s\u0131 Sava\u015f\u2019\u0131 kabul etti -\",\"isPartOf\":{\"@id\":\"https:\\\/\\\/kibrisdakik.com\\\/#website\"},\"primaryImageOfPage\":{\"@id\":\"https:\\\/\\\/kibrisdakik.com\\\/?p=30006#primaryimage\"},\"image\":{\"@id\":\"https:\\\/\\\/kibrisdakik.com\\\/?p=30006#primaryimage\"},\"thumbnailUrl\":\"https:\\\/\\\/kibrisdakik.com\\\/wp-content\\\/uploads\\\/2024\\\/02\\\/maliye-bakani-berova-turksat-as-genel-mudur-yardimcisi-savasi-kabul-etti-1707916763.webp.webp\",\"datePublished\":\"2024-02-14T13:27:48+00:00\",\"author\":{\"@id\":\"https:\\\/\\\/kibrisdakik.com\\\/#\\\/schema\\\/person\\\/9cd9d437bbb44f72b73ba127e06d8e79\"},\"breadcrumb\":{\"@id\":\"https:\\\/\\\/kibrisdakik.com\\\/?p=30006#breadcrumb\"},\"inLanguage\":\"tr\",\"potentialAction\":[{\"@type\":\"ReadAction\",\"target\":[\"https:\\\/\\\/kibrisdakik.com\\\/?p=30006\"]}]},{\"@type\":\"ImageObject\",\"inLanguage\":\"tr\",\"@id\":\"https:\\\/\\\/kibrisdakik.com\\\/?p=30006#primaryimage\",\"url\":\"https:\\\/\\\/kibrisdakik.com\\\/wp-content\\\/uploads\\\/2024\\\/02\\\/maliye-bakani-berova-turksat-as-genel-mudur-yardimcisi-savasi-kabul-etti-1707916763.webp.webp\",\"contentUrl\":\"https:\\\/\\\/kibrisdakik.com\\\/wp-content\\\/uploads\\\/2024\\\/02\\\/maliye-bakani-berova-turksat-as-genel-mudur-yardimcisi-savasi-kabul-etti-1707916763.webp.webp\",\"width\":710,\"height\":370},{\"@type\":\"BreadcrumbList\",\"@id\":\"https:\\\/\\\/kibrisdakik.com\\\/?p=30006#breadcrumb\",\"itemListElement\":[{\"@type\":\"ListItem\",\"position\":1,\"name\":\"Home\",\"item\":\"https:\\\/\\\/kibrisdakik.com\\\/\"},{\"@type\":\"ListItem\",\"position\":2,\"name\":\"Maliye Bakan\u0131 Berova, T\u00fcrksat A.\u015e genel m\u00fcd\u00fcr yard\u0131mc\u0131s\u0131 Sava\u015f\u2019\u0131 kabul etti\"}]},{\"@type\":\"WebSite\",\"@id\":\"https:\\\/\\\/kibrisdakik.com\\\/#website\",\"url\":\"https:\\\/\\\/kibrisdakik.com\\\/\",\"name\":\"\",\"description\":\"Tam vaktinde haber\",\"potentialAction\":[{\"@type\":\"SearchAction\",\"target\":{\"@type\":\"EntryPoint\",\"urlTemplate\":\"https:\\\/\\\/kibrisdakik.com\\\/?s={search_term_string}\"},\"query-input\":{\"@type\":\"PropertyValueSpecification\",\"valueRequired\":true,\"valueName\":\"search_term_string\"}}],\"inLanguage\":\"tr\"},{\"@type\":\"Person\",\"@id\":\"https:\\\/\\\/kibrisdakik.com\\\/#\\\/schema\\\/person\\\/9cd9d437bbb44f72b73ba127e06d8e79\",\"name\":\"admin\",\"image\":{\"@type\":\"ImageObject\",\"inLanguage\":\"tr\",\"@id\":\"https:\\\/\\\/secure.gravatar.com\\\/avatar\\\/ccc17943b9d660506c869530f897617f7cb1c21a4bf30023f252596d83e1f007?s=96&d=mm&r=g\",\"url\":\"https:\\\/\\\/secure.gravatar.com\\\/avatar\\\/ccc17943b9d660506c869530f897617f7cb1c21a4bf30023f252596d83e1f007?s=96&d=mm&r=g\",\"contentUrl\":\"https:\\\/\\\/secure.gravatar.com\\\/avatar\\\/ccc17943b9d660506c869530f897617f7cb1c21a4bf30023f252596d83e1f007?s=96&d=mm&r=g\",\"caption\":\"admin\"},\"sameAs\":[\"https:\\\/\\\/kibrisdakik.com\"],\"url\":\"https:\\\/\\\/kibrisdakik.com\\\/?author=1\"}]}<\/script>\n<!-- \/ Yoast SEO plugin. -->","yoast_head_json":{"title":"Maliye Bakan\u0131 Berova, T\u00fcrksat A.\u015e genel m\u00fcd\u00fcr yard\u0131mc\u0131s\u0131 Sava\u015f\u2019\u0131 kabul etti -","robots":{"index":"index","follow":"follow","max-snippet":"max-snippet:-1","max-image-preview":"max-image-preview:large","max-video-preview":"max-video-preview:-1"},"canonical":"https:\/\/kibrisdakik.com\/?p=30006","og_locale":"tr_TR","og_type":"article","og_title":"Maliye Bakan\u0131 Berova, T\u00fcrksat A.\u015e genel m\u00fcd\u00fcr yard\u0131mc\u0131s\u0131 Sava\u015f\u2019\u0131 kabul etti -","og_description":"BEROVA&nbsp; Maliye Bakan\u0131 \u00d6zdemir Berova, g\u00f6reve geldi\u011fi g\u00fcnden itibaren, Kamu Mali Bili\u015fim alt yap\u0131s\u0131 dolay\u0131s\u0131yla otomasyon uygulamalar\u0131na \u00f6nem ve \u00f6ncelik verdi\u011fini her f\u0131rsatta dile getirdi\u011fini ve bu anlamda bir tak\u0131m iyile\u015ftirmeler sa\u011flad\u0131klar\u0131n\u0131 kaydederek, \u00f6zellikle G\u00fcmr\u00fck Otomasyon Sistemi\u2019nde g\u00f6zle g\u00f6r\u00fcl\u00fcr iyile\u015fmeler sa\u011fland\u0131\u011f\u0131n\u0131 belirtti.&nbsp; Bug\u00fcn T\u00fcrksat A.\u015e. Genel M\u00fcd\u00fcr Yard\u0131mc\u0131s\u0131 Sava\u015f\u2019\u0131 kabul\u00fcnde de koordinasyonun devam\u0131 konusundaki yol","og_url":"https:\/\/kibrisdakik.com\/?p=30006","article_published_time":"2024-02-14T13:27:48+00:00","og_image":[{"width":710,"height":370,"url":"https:\/\/kibrisdakik.com\/wp-content\/uploads\/2024\/02\/maliye-bakani-berova-turksat-as-genel-mudur-yardimcisi-savasi-kabul-etti-1707916763.webp.webp","type":"image\/webp"}],"author":"admin","twitter_card":"summary_large_image","twitter_misc":{"Yazan:":"admin","Tahmini okuma s\u00fcresi":"1 dakika"},"schema":{"@context":"https:\/\/schema.org","@graph":[{"@type":"Article","@id":"https:\/\/kibrisdakik.com\/?p=30006#article","isPartOf":{"@id":"https:\/\/kibrisdakik.com\/?p=30006"},"author":{"name":"admin","@id":"https:\/\/kibrisdakik.com\/#\/schema\/person\/9cd9d437bbb44f72b73ba127e06d8e79"},"headline":"Maliye Bakan\u0131 Berova, T\u00fcrksat A.\u015e genel m\u00fcd\u00fcr yard\u0131mc\u0131s\u0131 Sava\u015f\u2019\u0131 kabul etti","datePublished":"2024-02-14T13:27:48+00:00","mainEntityOfPage":{"@id":"https:\/\/kibrisdakik.com\/?p=30006"},"wordCount":256,"commentCount":0,"image":{"@id":"https:\/\/kibrisdakik.com\/?p=30006#primaryimage"},"thumbnailUrl":"https:\/\/kibrisdakik.com\/wp-content\/uploads\/2024\/02\/maliye-bakani-berova-turksat-as-genel-mudur-yardimcisi-savasi-kabul-etti-1707916763.webp.webp","articleSection":["G\u00fcndem"],"inLanguage":"tr","potentialAction":[{"@type":"CommentAction","name":"Comment","target":["https:\/\/kibrisdakik.com\/?p=30006#respond"]}]},{"@type":"WebPage","@id":"https:\/\/kibrisdakik.com\/?p=30006","url":"https:\/\/kibrisdakik.com\/?p=30006","name":"Maliye Bakan\u0131 Berova, T\u00fcrksat A.\u015e genel m\u00fcd\u00fcr yard\u0131mc\u0131s\u0131 Sava\u015f\u2019\u0131 kabul etti -","isPartOf":{"@id":"https:\/\/kibrisdakik.com\/#website"},"primaryImageOfPage":{"@id":"https:\/\/kibrisdakik.com\/?p=30006#primaryimage"},"image":{"@id":"https:\/\/kibrisdakik.com\/?p=30006#primaryimage"},"thumbnailUrl":"https:\/\/kibrisdakik.com\/wp-content\/uploads\/2024\/02\/maliye-bakani-berova-turksat-as-genel-mudur-yardimcisi-savasi-kabul-etti-1707916763.webp.webp","datePublished":"2024-02-14T13:27:48+00:00","author":{"@id":"https:\/\/kibrisdakik.com\/#\/schema\/person\/9cd9d437bbb44f72b73ba127e06d8e79"},"breadcrumb":{"@id":"https:\/\/kibrisdakik.com\/?p=30006#breadcrumb"},"inLanguage":"tr","potentialAction":[{"@type":"ReadAction","target":["https:\/\/kibrisdakik.com\/?p=30006"]}]},{"@type":"ImageObject","inLanguage":"tr","@id":"https:\/\/kibrisdakik.com\/?p=30006#primaryimage","url":"https:\/\/kibrisdakik.com\/wp-content\/uploads\/2024\/02\/maliye-bakani-berova-turksat-as-genel-mudur-yardimcisi-savasi-kabul-etti-1707916763.webp.webp","contentUrl":"https:\/\/kibrisdakik.com\/wp-content\/uploads\/2024\/02\/maliye-bakani-berova-turksat-as-genel-mudur-yardimcisi-savasi-kabul-etti-1707916763.webp.webp","width":710,"height":370},{"@type":"BreadcrumbList","@id":"https:\/\/kibrisdakik.com\/?p=30006#breadcrumb","itemListElement":[{"@type":"ListItem","position":1,"name":"Home","item":"https:\/\/kibrisdakik.com\/"},{"@type":"ListItem","position":2,"name":"Maliye Bakan\u0131 Berova, T\u00fcrksat A.\u015e genel m\u00fcd\u00fcr yard\u0131mc\u0131s\u0131 Sava\u015f\u2019\u0131 kabul etti"}]},{"@type":"WebSite","@id":"https:\/\/kibrisdakik.com\/#website","url":"https:\/\/kibrisdakik.com\/","name":"","description":"Tam vaktinde haber","potentialAction":[{"@type":"SearchAction","target":{"@type":"EntryPoint","urlTemplate":"https:\/\/kibrisdakik.com\/?s={search_term_string}"},"query-input":{"@type":"PropertyValueSpecification","valueRequired":true,"valueName":"search_term_string"}}],"inLanguage":"tr"},{"@type":"Person","@id":"https:\/\/kibrisdakik.com\/#\/schema\/person\/9cd9d437bbb44f72b73ba127e06d8e79","name":"admin","image":{"@type":"ImageObject","inLanguage":"tr","@id":"https:\/\/secure.gravatar.com\/avatar\/ccc17943b9d660506c869530f897617f7cb1c21a4bf30023f252596d83e1f007?s=96&d=mm&r=g","url":"https:\/\/secure.gravatar.com\/avatar\/ccc17943b9d660506c869530f897617f7cb1c21a4bf30023f252596d83e1f007?s=96&d=mm&r=g","contentUrl":"https:\/\/secure.gravatar.com\/avatar\/ccc17943b9d660506c869530f897617f7cb1c21a4bf30023f252596d83e1f007?s=96&d=mm&r=g","caption":"admin"},"sameAs":["https:\/\/kibrisdakik.com"],"url":"https:\/\/kibrisdakik.com\/?author=1"}]}},"_links":{"self":[{"href":"https:\/\/kibrisdakik.com\/index.php?rest_route=\/wp\/v2\/posts\/30006","targetHints":{"allow":["GET"]}}],"collection":[{"href":"https:\/\/kibrisdakik.com\/index.php?rest_route=\/wp\/v2\/posts"}],"about":[{"href":"https:\/\/kibrisdakik.com\/index.php?rest_route=\/wp\/v2\/types\/post"}],"author":[{"embeddable":true,"href":"https:\/\/kibrisdakik.com\/index.php?rest_route=\/wp\/v2\/users\/1"}],"replies":[{"embeddable":true,"href":"https:\/\/kibrisdakik.com\/index.php?rest_route=%2Fwp%2Fv2%2Fcomments&post=30006"}],"version-history":[{"count":0,"href":"https:\/\/kibrisdakik.com\/index.php?rest_route=\/wp\/v2\/posts\/30006\/revisions"}],"wp:featuredmedia":[{"embeddable":true,"href":"https:\/\/kibrisdakik.com\/index.php?rest_route=\/wp\/v2\/media\/30007"}],"wp:attachment":[{"href":"https:\/\/kibrisdakik.com\/index.php?rest_route=%2Fwp%2Fv2%2Fmedia&parent=30006"}],"wp:term":[{"taxonomy":"category","embeddable":true,"href":"https:\/\/kibrisdakik.com\/index.php?rest_route=%2Fwp%2Fv2%2Fcategories&post=30006"},{"taxonomy":"post_tag","embeddable":true,"href":"https:\/\/kibrisdakik.com\/index.php?rest_route=%2Fwp%2Fv2%2Ftags&post=30006"}],"curies":[{"name":"wp","href":"https:\/\/api.w.org\/{rel}","templated":true}]}}