{"id":30074,"date":"2024-02-15T10:36:14","date_gmt":"2024-02-15T10:36:14","guid":{"rendered":"https:\/\/kibrisdakik.com\/index.php\/2024\/02\/15\/meclis-baskani-tore-gazimagusa-taksiciler-birligini-kabul-etti\/"},"modified":"2024-02-15T10:36:14","modified_gmt":"2024-02-15T10:36:14","slug":"meclis-baskani-tore-gazimagusa-taksiciler-birligini-kabul-etti","status":"publish","type":"post","link":"https:\/\/kibrisdakik.com\/?p=30074","title":{"rendered":"Meclis Ba\u015fkan\u0131 T\u00f6re, Gazima\u011fusa Taksiciler Birli\u011fi\u2019ni kabul etti"},"content":{"rendered":"<p><img decoding=\"async\" src=\"https:\/\/www.kibristurk.com\/images\/haberler\/2024\/02\/meclis-baskani-tore-gazimagusa-taksiciler-birligini-kabul-etti-1707992854.webp\" \/><\/p>\n<p><span style=\"font-size:11pt\"><span style=\"font-family:Calibri,sans-serif\">Meclis Bas\u0131n B\u00fcrosu\u2019ndan yap\u0131lan a\u00e7\u0131klamaya g\u00f6re, Gazima\u011fusa Taksiciler Birli\u011fi yetkilileri T\u00f6re\u2019ye sorunlar\u0131n\u0131 aktard\u0131.<\/span><\/span><\/p>\n<p>&nbsp;<\/p>\n<p><span style=\"font-size:11pt\"><span style=\"font-family:Calibri,sans-serif\">Kabulde konu\u015fan T\u00f6re, \u00fclke genelinde yap\u0131lan kay\u0131t d\u0131\u015f\u0131 taksicili\u011fin hem esnaf\u0131n hem de devletin gelir kayb\u0131na sebep oldu\u011funu kaydetti. T\u00f6re, h\u00fck\u00fcmetin kay\u0131t d\u0131\u015f\u0131 taksicilik hakk\u0131nda bilgisi oldu\u011funu ve konunun yasal \u00e7er\u00e7evede ele al\u0131nmas\u0131 gerekti\u011fini belirtti.<\/span><\/span><\/p>\n<p>&nbsp;<\/p>\n<p><span style=\"font-size:11pt\"><span style=\"font-family:Calibri,sans-serif\">Yabanc\u0131 n\u00fcfustaki art\u0131\u015fla birlikte \u015fikayetlerin de artt\u0131\u011f\u0131n\u0131 anlatan T\u00f6re, \u00fc\u00e7\u00fcnc\u00fc d\u00fcnya \u00fclke vatanda\u015flar\u0131n\u0131n da ka\u00e7ak taksicilik yapt\u0131\u011f\u0131na i\u015faret etti ve konuyu h\u00fck\u00fcmet nezdinde dile getirerek gerekli giri\u015fimleri yapaca\u011f\u0131n\u0131 s\u00f6yledi.<\/span><\/span><\/p>\n<p>&nbsp;<\/p>\n<p><span style=\"font-size:11pt\"><span style=\"font-family:Calibri,sans-serif\">Gazima\u011fusa Taksiciler Birli\u011fi Ba\u015fkan\u0131 Muhammed Bibero\u011flu ise, kay\u0131t d\u0131\u015f\u0131 taksicilerle m\u00fccadele noktas\u0131nda Ba\u015fkan T\u00f6re\u2019den destek istedi ve taleplerini i\u00e7eren bir dosya sundu.<\/span><\/span><\/p>\n","protected":false},"excerpt":{"rendered":"<p>Meclis Bas\u0131n B\u00fcrosu\u2019ndan yap\u0131lan a\u00e7\u0131klamaya g\u00f6re, Gazima\u011fusa Taksiciler Birli\u011fi yetkilileri T\u00f6re\u2019ye sorunlar\u0131n\u0131 aktard\u0131. &nbsp; Kabulde konu\u015fan T\u00f6re, \u00fclke genelinde yap\u0131lan kay\u0131t d\u0131\u015f\u0131 taksicili\u011fin hem esnaf\u0131n hem de devletin gelir kayb\u0131na sebep oldu\u011funu kaydetti. T\u00f6re, h\u00fck\u00fcmetin kay\u0131t d\u0131\u015f\u0131 taksicilik hakk\u0131nda bilgisi oldu\u011funu ve konunun yasal \u00e7er\u00e7evede ele al\u0131nmas\u0131 gerekti\u011fini belirtti. &nbsp; Yabanc\u0131 n\u00fcfustaki art\u0131\u015fla birlikte \u015fikayetlerin<\/p>\n","protected":false},"author":1,"featured_media":30075,"comment_status":"open","ping_status":"open","sticky":false,"template":"","format":"standard","meta":{"footnotes":""},"categories":[85],"tags":[],"class_list":["post-30074","post","type-post","status-publish","format-standard","has-post-thumbnail","hentry","category-spor"],"yoast_head":"<!-- This site is optimized with the Yoast SEO plugin v28.4 - https:\/\/yoast.com\/product\/yoast-seo-wordpress\/ -->\n<title>Meclis Ba\u015fkan\u0131 T\u00f6re, Gazima\u011fusa Taksiciler Birli\u011fi\u2019ni kabul etti -<\/title>\n<meta name=\"robots\" content=\"index, follow, max-snippet:-1, max-image-preview:large, max-video-preview:-1\" \/>\n<link rel=\"canonical\" href=\"https:\/\/kibrisdakik.com\/?p=30074\" \/>\n<meta property=\"og:locale\" content=\"tr_TR\" \/>\n<meta property=\"og:type\" content=\"article\" \/>\n<meta property=\"og:title\" content=\"Meclis Ba\u015fkan\u0131 T\u00f6re, Gazima\u011fusa Taksiciler Birli\u011fi\u2019ni kabul etti -\" \/>\n<meta property=\"og:description\" content=\"Meclis Bas\u0131n B\u00fcrosu\u2019ndan yap\u0131lan a\u00e7\u0131klamaya g\u00f6re, Gazima\u011fusa Taksiciler Birli\u011fi yetkilileri T\u00f6re\u2019ye sorunlar\u0131n\u0131 aktard\u0131. &nbsp; Kabulde konu\u015fan T\u00f6re, \u00fclke genelinde yap\u0131lan kay\u0131t d\u0131\u015f\u0131 taksicili\u011fin hem esnaf\u0131n hem de devletin gelir kayb\u0131na sebep oldu\u011funu kaydetti. T\u00f6re, h\u00fck\u00fcmetin kay\u0131t d\u0131\u015f\u0131 taksicilik hakk\u0131nda bilgisi oldu\u011funu ve konunun yasal \u00e7er\u00e7evede ele al\u0131nmas\u0131 gerekti\u011fini belirtti. &nbsp; Yabanc\u0131 n\u00fcfustaki art\u0131\u015fla birlikte \u015fikayetlerin\" \/>\n<meta property=\"og:url\" content=\"https:\/\/kibrisdakik.com\/?p=30074\" \/>\n<meta property=\"article:published_time\" content=\"2024-02-15T10:36:14+00:00\" \/>\n<meta property=\"og:image\" content=\"https:\/\/kibrisdakik.com\/wp-content\/uploads\/2024\/02\/meclis-baskani-tore-gazimagusa-taksiciler-birligini-kabul-etti-1707992854.webp.webp\" \/>\n\t<meta property=\"og:image:width\" content=\"710\" \/>\n\t<meta property=\"og:image:height\" content=\"370\" \/>\n\t<meta property=\"og:image:type\" content=\"image\/webp\" \/>\n<meta name=\"author\" content=\"admin\" \/>\n<meta name=\"twitter:card\" content=\"summary_large_image\" \/>\n<meta name=\"twitter:label1\" content=\"Yazan:\" \/>\n\t<meta name=\"twitter:data1\" content=\"admin\" \/>\n\t<meta name=\"twitter:label2\" content=\"Tahmini okuma s\u00fcresi\" \/>\n\t<meta name=\"twitter:data2\" content=\"1 dakika\" \/>\n<script type=\"application\/ld+json\" class=\"yoast-schema-graph\">{\"@context\":\"https:\\\/\\\/schema.org\",\"@graph\":[{\"@type\":\"Article\",\"@id\":\"https:\\\/\\\/kibrisdakik.com\\\/?p=30074#article\",\"isPartOf\":{\"@id\":\"https:\\\/\\\/kibrisdakik.com\\\/?p=30074\"},\"author\":{\"name\":\"admin\",\"@id\":\"https:\\\/\\\/kibrisdakik.com\\\/#\\\/schema\\\/person\\\/9cd9d437bbb44f72b73ba127e06d8e79\"},\"headline\":\"Meclis Ba\u015fkan\u0131 T\u00f6re, Gazima\u011fusa Taksiciler Birli\u011fi\u2019ni kabul etti\",\"datePublished\":\"2024-02-15T10:36:14+00:00\",\"mainEntityOfPage\":{\"@id\":\"https:\\\/\\\/kibrisdakik.com\\\/?p=30074\"},\"wordCount\":170,\"commentCount\":0,\"publisher\":{\"@id\":\"https:\\\/\\\/kibrisdakik.com\\\/#organization\"},\"image\":{\"@id\":\"https:\\\/\\\/kibrisdakik.com\\\/?p=30074#primaryimage\"},\"thumbnailUrl\":\"https:\\\/\\\/kibrisdakik.com\\\/wp-content\\\/uploads\\\/2024\\\/02\\\/meclis-baskani-tore-gazimagusa-taksiciler-birligini-kabul-etti-1707992854.webp.webp\",\"articleSection\":[\"Spor\"],\"inLanguage\":\"tr\",\"potentialAction\":[{\"@type\":\"CommentAction\",\"name\":\"Comment\",\"target\":[\"https:\\\/\\\/kibrisdakik.com\\\/?p=30074#respond\"]}]},{\"@type\":\"WebPage\",\"@id\":\"https:\\\/\\\/kibrisdakik.com\\\/?p=30074\",\"url\":\"https:\\\/\\\/kibrisdakik.com\\\/?p=30074\",\"name\":\"Meclis Ba\u015fkan\u0131 T\u00f6re, Gazima\u011fusa Taksiciler Birli\u011fi\u2019ni kabul etti -\",\"isPartOf\":{\"@id\":\"https:\\\/\\\/kibrisdakik.com\\\/#website\"},\"primaryImageOfPage\":{\"@id\":\"https:\\\/\\\/kibrisdakik.com\\\/?p=30074#primaryimage\"},\"image\":{\"@id\":\"https:\\\/\\\/kibrisdakik.com\\\/?p=30074#primaryimage\"},\"thumbnailUrl\":\"https:\\\/\\\/kibrisdakik.com\\\/wp-content\\\/uploads\\\/2024\\\/02\\\/meclis-baskani-tore-gazimagusa-taksiciler-birligini-kabul-etti-1707992854.webp.webp\",\"datePublished\":\"2024-02-15T10:36:14+00:00\",\"breadcrumb\":{\"@id\":\"https:\\\/\\\/kibrisdakik.com\\\/?p=30074#breadcrumb\"},\"inLanguage\":\"tr\",\"potentialAction\":[{\"@type\":\"ReadAction\",\"target\":[\"https:\\\/\\\/kibrisdakik.com\\\/?p=30074\"]}]},{\"@type\":\"ImageObject\",\"inLanguage\":\"tr\",\"@id\":\"https:\\\/\\\/kibrisdakik.com\\\/?p=30074#primaryimage\",\"url\":\"https:\\\/\\\/kibrisdakik.com\\\/wp-content\\\/uploads\\\/2024\\\/02\\\/meclis-baskani-tore-gazimagusa-taksiciler-birligini-kabul-etti-1707992854.webp.webp\",\"contentUrl\":\"https:\\\/\\\/kibrisdakik.com\\\/wp-content\\\/uploads\\\/2024\\\/02\\\/meclis-baskani-tore-gazimagusa-taksiciler-birligini-kabul-etti-1707992854.webp.webp\",\"width\":710,\"height\":370},{\"@type\":\"BreadcrumbList\",\"@id\":\"https:\\\/\\\/kibrisdakik.com\\\/?p=30074#breadcrumb\",\"itemListElement\":[{\"@type\":\"ListItem\",\"position\":1,\"name\":\"Home\",\"item\":\"https:\\\/\\\/kibrisdakik.com\\\/\"},{\"@type\":\"ListItem\",\"position\":2,\"name\":\"Meclis Ba\u015fkan\u0131 T\u00f6re, Gazima\u011fusa Taksiciler Birli\u011fi\u2019ni kabul etti\"}]},{\"@type\":\"WebSite\",\"@id\":\"https:\\\/\\\/kibrisdakik.com\\\/#website\",\"url\":\"https:\\\/\\\/kibrisdakik.com\\\/\",\"name\":\"K\u0131br\u0131s Dakik\",\"description\":\"Tam vaktinde haber\",\"publisher\":{\"@id\":\"https:\\\/\\\/kibrisdakik.com\\\/#organization\"},\"potentialAction\":[{\"@type\":\"SearchAction\",\"target\":{\"@type\":\"EntryPoint\",\"urlTemplate\":\"https:\\\/\\\/kibrisdakik.com\\\/?s={search_term_string}\"},\"query-input\":{\"@type\":\"PropertyValueSpecification\",\"valueRequired\":true,\"valueName\":\"search_term_string\"}}],\"inLanguage\":\"tr\"},{\"@type\":\"Organization\",\"@id\":\"https:\\\/\\\/kibrisdakik.com\\\/#organization\",\"name\":\"K\u0131br\u0131s Dakik\",\"url\":\"https:\\\/\\\/kibrisdakik.com\\\/\",\"logo\":{\"@type\":\"ImageObject\",\"inLanguage\":\"tr\",\"@id\":\"https:\\\/\\\/kibrisdakik.com\\\/#\\\/schema\\\/logo\\\/image\\\/\",\"url\":\"https:\\\/\\\/kibrisdakik.com\\\/wp-content\\\/uploads\\\/2025\\\/10\\\/cropped-WhatsApp-Image-2025-10-02-at-12.58.31.jpeg\",\"contentUrl\":\"https:\\\/\\\/kibrisdakik.com\\\/wp-content\\\/uploads\\\/2025\\\/10\\\/cropped-WhatsApp-Image-2025-10-02-at-12.58.31.jpeg\",\"width\":1237,\"height\":190,\"caption\":\"K\u0131br\u0131s Dakik\"},\"image\":{\"@id\":\"https:\\\/\\\/kibrisdakik.com\\\/#\\\/schema\\\/logo\\\/image\\\/\"}},{\"@type\":\"Person\",\"@id\":\"https:\\\/\\\/kibrisdakik.com\\\/#\\\/schema\\\/person\\\/9cd9d437bbb44f72b73ba127e06d8e79\",\"name\":\"admin\",\"image\":{\"@type\":\"ImageObject\",\"inLanguage\":\"tr\",\"@id\":\"https:\\\/\\\/secure.gravatar.com\\\/avatar\\\/ccc17943b9d660506c869530f897617f7cb1c21a4bf30023f252596d83e1f007?s=96&d=mm&r=g\",\"url\":\"https:\\\/\\\/secure.gravatar.com\\\/avatar\\\/ccc17943b9d660506c869530f897617f7cb1c21a4bf30023f252596d83e1f007?s=96&d=mm&r=g\",\"contentUrl\":\"https:\\\/\\\/secure.gravatar.com\\\/avatar\\\/ccc17943b9d660506c869530f897617f7cb1c21a4bf30023f252596d83e1f007?s=96&d=mm&r=g\",\"caption\":\"admin\"},\"sameAs\":[\"https:\\\/\\\/kibrisdakik.com\"],\"url\":\"https:\\\/\\\/kibrisdakik.com\\\/?author=1\"}]}<\/script>\n<!-- \/ Yoast SEO plugin. -->","yoast_head_json":{"title":"Meclis Ba\u015fkan\u0131 T\u00f6re, Gazima\u011fusa Taksiciler Birli\u011fi\u2019ni kabul etti -","robots":{"index":"index","follow":"follow","max-snippet":"max-snippet:-1","max-image-preview":"max-image-preview:large","max-video-preview":"max-video-preview:-1"},"canonical":"https:\/\/kibrisdakik.com\/?p=30074","og_locale":"tr_TR","og_type":"article","og_title":"Meclis Ba\u015fkan\u0131 T\u00f6re, Gazima\u011fusa Taksiciler Birli\u011fi\u2019ni kabul etti -","og_description":"Meclis Bas\u0131n B\u00fcrosu\u2019ndan yap\u0131lan a\u00e7\u0131klamaya g\u00f6re, Gazima\u011fusa Taksiciler Birli\u011fi yetkilileri T\u00f6re\u2019ye sorunlar\u0131n\u0131 aktard\u0131. &nbsp; Kabulde konu\u015fan T\u00f6re, \u00fclke genelinde yap\u0131lan kay\u0131t d\u0131\u015f\u0131 taksicili\u011fin hem esnaf\u0131n hem de devletin gelir kayb\u0131na sebep oldu\u011funu kaydetti. T\u00f6re, h\u00fck\u00fcmetin kay\u0131t d\u0131\u015f\u0131 taksicilik hakk\u0131nda bilgisi oldu\u011funu ve konunun yasal \u00e7er\u00e7evede ele al\u0131nmas\u0131 gerekti\u011fini belirtti. &nbsp; Yabanc\u0131 n\u00fcfustaki art\u0131\u015fla birlikte \u015fikayetlerin","og_url":"https:\/\/kibrisdakik.com\/?p=30074","article_published_time":"2024-02-15T10:36:14+00:00","og_image":[{"width":710,"height":370,"url":"https:\/\/kibrisdakik.com\/wp-content\/uploads\/2024\/02\/meclis-baskani-tore-gazimagusa-taksiciler-birligini-kabul-etti-1707992854.webp.webp","type":"image\/webp"}],"author":"admin","twitter_card":"summary_large_image","twitter_misc":{"Yazan:":"admin","Tahmini okuma s\u00fcresi":"1 dakika"},"schema":{"@context":"https:\/\/schema.org","@graph":[{"@type":"Article","@id":"https:\/\/kibrisdakik.com\/?p=30074#article","isPartOf":{"@id":"https:\/\/kibrisdakik.com\/?p=30074"},"author":{"name":"admin","@id":"https:\/\/kibrisdakik.com\/#\/schema\/person\/9cd9d437bbb44f72b73ba127e06d8e79"},"headline":"Meclis Ba\u015fkan\u0131 T\u00f6re, Gazima\u011fusa Taksiciler Birli\u011fi\u2019ni kabul etti","datePublished":"2024-02-15T10:36:14+00:00","mainEntityOfPage":{"@id":"https:\/\/kibrisdakik.com\/?p=30074"},"wordCount":170,"commentCount":0,"publisher":{"@id":"https:\/\/kibrisdakik.com\/#organization"},"image":{"@id":"https:\/\/kibrisdakik.com\/?p=30074#primaryimage"},"thumbnailUrl":"https:\/\/kibrisdakik.com\/wp-content\/uploads\/2024\/02\/meclis-baskani-tore-gazimagusa-taksiciler-birligini-kabul-etti-1707992854.webp.webp","articleSection":["Spor"],"inLanguage":"tr","potentialAction":[{"@type":"CommentAction","name":"Comment","target":["https:\/\/kibrisdakik.com\/?p=30074#respond"]}]},{"@type":"WebPage","@id":"https:\/\/kibrisdakik.com\/?p=30074","url":"https:\/\/kibrisdakik.com\/?p=30074","name":"Meclis Ba\u015fkan\u0131 T\u00f6re, Gazima\u011fusa Taksiciler Birli\u011fi\u2019ni kabul etti -","isPartOf":{"@id":"https:\/\/kibrisdakik.com\/#website"},"primaryImageOfPage":{"@id":"https:\/\/kibrisdakik.com\/?p=30074#primaryimage"},"image":{"@id":"https:\/\/kibrisdakik.com\/?p=30074#primaryimage"},"thumbnailUrl":"https:\/\/kibrisdakik.com\/wp-content\/uploads\/2024\/02\/meclis-baskani-tore-gazimagusa-taksiciler-birligini-kabul-etti-1707992854.webp.webp","datePublished":"2024-02-15T10:36:14+00:00","breadcrumb":{"@id":"https:\/\/kibrisdakik.com\/?p=30074#breadcrumb"},"inLanguage":"tr","potentialAction":[{"@type":"ReadAction","target":["https:\/\/kibrisdakik.com\/?p=30074"]}]},{"@type":"ImageObject","inLanguage":"tr","@id":"https:\/\/kibrisdakik.com\/?p=30074#primaryimage","url":"https:\/\/kibrisdakik.com\/wp-content\/uploads\/2024\/02\/meclis-baskani-tore-gazimagusa-taksiciler-birligini-kabul-etti-1707992854.webp.webp","contentUrl":"https:\/\/kibrisdakik.com\/wp-content\/uploads\/2024\/02\/meclis-baskani-tore-gazimagusa-taksiciler-birligini-kabul-etti-1707992854.webp.webp","width":710,"height":370},{"@type":"BreadcrumbList","@id":"https:\/\/kibrisdakik.com\/?p=30074#breadcrumb","itemListElement":[{"@type":"ListItem","position":1,"name":"Home","item":"https:\/\/kibrisdakik.com\/"},{"@type":"ListItem","position":2,"name":"Meclis Ba\u015fkan\u0131 T\u00f6re, Gazima\u011fusa Taksiciler Birli\u011fi\u2019ni kabul etti"}]},{"@type":"WebSite","@id":"https:\/\/kibrisdakik.com\/#website","url":"https:\/\/kibrisdakik.com\/","name":"K\u0131br\u0131s Dakik","description":"Tam vaktinde haber","publisher":{"@id":"https:\/\/kibrisdakik.com\/#organization"},"potentialAction":[{"@type":"SearchAction","target":{"@type":"EntryPoint","urlTemplate":"https:\/\/kibrisdakik.com\/?s={search_term_string}"},"query-input":{"@type":"PropertyValueSpecification","valueRequired":true,"valueName":"search_term_string"}}],"inLanguage":"tr"},{"@type":"Organization","@id":"https:\/\/kibrisdakik.com\/#organization","name":"K\u0131br\u0131s Dakik","url":"https:\/\/kibrisdakik.com\/","logo":{"@type":"ImageObject","inLanguage":"tr","@id":"https:\/\/kibrisdakik.com\/#\/schema\/logo\/image\/","url":"https:\/\/kibrisdakik.com\/wp-content\/uploads\/2025\/10\/cropped-WhatsApp-Image-2025-10-02-at-12.58.31.jpeg","contentUrl":"https:\/\/kibrisdakik.com\/wp-content\/uploads\/2025\/10\/cropped-WhatsApp-Image-2025-10-02-at-12.58.31.jpeg","width":1237,"height":190,"caption":"K\u0131br\u0131s Dakik"},"image":{"@id":"https:\/\/kibrisdakik.com\/#\/schema\/logo\/image\/"}},{"@type":"Person","@id":"https:\/\/kibrisdakik.com\/#\/schema\/person\/9cd9d437bbb44f72b73ba127e06d8e79","name":"admin","image":{"@type":"ImageObject","inLanguage":"tr","@id":"https:\/\/secure.gravatar.com\/avatar\/ccc17943b9d660506c869530f897617f7cb1c21a4bf30023f252596d83e1f007?s=96&d=mm&r=g","url":"https:\/\/secure.gravatar.com\/avatar\/ccc17943b9d660506c869530f897617f7cb1c21a4bf30023f252596d83e1f007?s=96&d=mm&r=g","contentUrl":"https:\/\/secure.gravatar.com\/avatar\/ccc17943b9d660506c869530f897617f7cb1c21a4bf30023f252596d83e1f007?s=96&d=mm&r=g","caption":"admin"},"sameAs":["https:\/\/kibrisdakik.com"],"url":"https:\/\/kibrisdakik.com\/?author=1"}]}},"_links":{"self":[{"href":"https:\/\/kibrisdakik.com\/index.php?rest_route=\/wp\/v2\/posts\/30074","targetHints":{"allow":["GET"]}}],"collection":[{"href":"https:\/\/kibrisdakik.com\/index.php?rest_route=\/wp\/v2\/posts"}],"about":[{"href":"https:\/\/kibrisdakik.com\/index.php?rest_route=\/wp\/v2\/types\/post"}],"author":[{"embeddable":true,"href":"https:\/\/kibrisdakik.com\/index.php?rest_route=\/wp\/v2\/users\/1"}],"replies":[{"embeddable":true,"href":"https:\/\/kibrisdakik.com\/index.php?rest_route=%2Fwp%2Fv2%2Fcomments&post=30074"}],"version-history":[{"count":0,"href":"https:\/\/kibrisdakik.com\/index.php?rest_route=\/wp\/v2\/posts\/30074\/revisions"}],"wp:featuredmedia":[{"embeddable":true,"href":"https:\/\/kibrisdakik.com\/index.php?rest_route=\/wp\/v2\/media\/30075"}],"wp:attachment":[{"href":"https:\/\/kibrisdakik.com\/index.php?rest_route=%2Fwp%2Fv2%2Fmedia&parent=30074"}],"wp:term":[{"taxonomy":"category","embeddable":true,"href":"https:\/\/kibrisdakik.com\/index.php?rest_route=%2Fwp%2Fv2%2Fcategories&post=30074"},{"taxonomy":"post_tag","embeddable":true,"href":"https:\/\/kibrisdakik.com\/index.php?rest_route=%2Fwp%2Fv2%2Ftags&post=30074"}],"curies":[{"name":"wp","href":"https:\/\/api.w.org\/{rel}","templated":true}]}}