{"id":30082,"date":"2024-02-15T11:28:54","date_gmt":"2024-02-15T11:28:54","guid":{"rendered":"https:\/\/kibrisdakik.com\/index.php\/2024\/02\/15\/demokrasi-sehitleri-cumartesi-anilacak\/"},"modified":"2024-02-15T11:28:54","modified_gmt":"2024-02-15T11:28:54","slug":"demokrasi-sehitleri-cumartesi-anilacak","status":"publish","type":"post","link":"https:\/\/kibrisdakik.com\/?p=30082","title":{"rendered":"Demokrasi \u015eehitleri Cumartesi an\u0131lacak"},"content":{"rendered":"<p><img decoding=\"async\" src=\"https:\/\/www.kibristurk.com\/images\/haberler\/2024\/02\/demokrasi-sehitleri-cumartesi-anilacak-1707995744.webp\" \/><\/p>\n<p style=\"text-align:left\"><span style=\"font-size:16px\"><span style=\"font-family:Merriweather,serif !important\"><span style=\"color:#000000\"><span style=\"background-color:#ffffff\">Demokrasi \u015eehitlerini Ya\u015fatma Derne\u011fi Ba\u015fkan\u0131 Burhan Eraslan yapt\u0131\u011f\u0131 a\u00e7\u0131klamada,&nbsp; &#8220;<span style=\"font-size:14pt\"><span style=\"font-family:Merriweather,serif !important\"><span style=\"color:#000000 !important\">Demokrasiye, bar\u0131\u015fa, ifade \u00f6zg\u00fcrl\u00fc\u011f\u00fcne ve eme\u011fin hakk\u0131n\u0131 alma m\u00fccadelesine g\u00f6n\u00fclden inan\u0131p, bu u\u011furda \u0131srarla m\u00fccadele etmi\u015f olan ve s\u0131rf bu nedenle gerici karanl\u0131k \u00e7evrelerin sald\u0131r\u0131 hedefi olup en temel insan hakk\u0131 olan ya\u015fam haklar\u0131 ellerinden al\u0131nan ve failleri de me\u00e7hul kalan Demokrasi \u015eehitlerini anaca\u011f\u0131z&#8221; dedi.<\/span><\/span><\/span><\/span><\/span><\/span><\/span><\/p>\n<p style=\"text-align:left\"><span style=\"font-size:16px\"><span style=\"font-family:Merriweather,serif !important\"><span style=\"color:#000000\"><span style=\"background-color:#ffffff\"><span style=\"font-size:14pt\"><span style=\"font-family:Merriweather,serif !important\"><span style=\"color:#000000 !important\">Eraslan, anma t\u00f6reninin, \u015fehitlerin&nbsp;<\/span><\/span><\/span>Lefko\u015fa mezarl\u0131\u011f\u0131ndaki kabirleri ba\u015f\u0131nda saat 11.00\u2019de d\u00fczenlenece\u011fini kaydetti.<\/span><\/span><\/span><\/span><\/p>\n<p style=\"text-align:left\"><span style=\"font-size:16px\"><span style=\"font-family:Merriweather,serif !important\"><span style=\"color:#000000\"><span style=\"background-color:#ffffff\">&nbsp;<\/span><\/span><\/span><\/span><\/p>\n<p style=\"text-align:left\"><span style=\"font-size:16px\"><span style=\"font-family:Merriweather,serif !important\"><span style=\"color:#000000\"><span style=\"background-color:#ffffff\">A\u00e7\u0131klamada Demokrasi \u015eehitleri \u015f\u00f6yle s\u0131raland\u0131:<\/span><\/span><\/span><\/span><\/p>\n<p style=\"text-align:left\">&nbsp;<\/p>\n<p style=\"text-align:left\"><span style=\"font-size:16px\"><span style=\"font-family:Merriweather,serif !important\"><span style=\"color:#000000\"><span style=\"background-color:#ffffff\">&#8220;1958 y\u0131l\u0131nda Lefko\u015fa\u2019da cinayetlere kurban giden ink\u0131l\u00e2p\u00e7\u0131 gazetesi yazar\u0131 ve sendikac\u0131 Faz\u0131l \u00d6nder ve T\u00fcrk E\u011fitim Kul\u00fcb\u00fc (TEK) y\u00f6neticisi ve sendikac\u0131 Ahmet Yahya, 1962 y\u0131l\u0131nda Lefko\u015fa\u2019da cinayetlere kurban giden Cumhuriyet gazetesi yazar ve yay\u0131nc\u0131lar\u0131 Ahmet Muzaffer G\u00fcrkan ve Ayhan Hikmet, 1965 y\u0131l\u0131nda Lefko\u015fa-Larnaka yolu \u00fczerinde cinayete kurban giden Emek\u00e7i, \u0130nk\u0131l\u00e2p\u00e7\u0131 ve Cumhuriyet gazeteleri yazar\u0131 ve sendikac\u0131 Dervi\u015f Ali Kavazo\u011flu, 1976-1979 y\u0131llar\u0131nda \u0130stanbul, Ankara ve Adana\u2019da cinayetlere kurban giden d\u00f6nemin y\u00fcksek \u00f6\u011frenim gen\u00e7li\u011fi \u00f6rg\u00fct\u00fc K\u0131br\u0131sl\u0131lar \u00d6\u011frenim ve Gen\u00e7lik Federasyonu (K\u00d6GEF) \u00fcyeleri \u00d6zer Elmas, Mehmet \u00d6mer, Muharrem \u00d6zdemir, Mustafa Ertan, Ercan Turgut ve Sad\u0131k Cemil ile 1996 y\u0131l\u0131nda Lefko\u015fa\u2019da cinayete kurban giden Yenid\u00fczen gazetesi yazarlar\u0131ndan Kutlu Adal\u0131.&#8221;&nbsp;<\/span><\/span><\/span><\/span><\/p>\n","protected":false},"excerpt":{"rendered":"<p>Demokrasi \u015eehitlerini Ya\u015fatma Derne\u011fi Ba\u015fkan\u0131 Burhan Eraslan yapt\u0131\u011f\u0131 a\u00e7\u0131klamada,&nbsp; &#8220;Demokrasiye, bar\u0131\u015fa, ifade \u00f6zg\u00fcrl\u00fc\u011f\u00fcne ve eme\u011fin hakk\u0131n\u0131 alma m\u00fccadelesine g\u00f6n\u00fclden inan\u0131p, bu u\u011furda \u0131srarla m\u00fccadele etmi\u015f olan ve s\u0131rf bu nedenle gerici karanl\u0131k \u00e7evrelerin sald\u0131r\u0131 hedefi olup en temel insan hakk\u0131 olan ya\u015fam haklar\u0131 ellerinden al\u0131nan ve failleri de me\u00e7hul kalan Demokrasi \u015eehitlerini anaca\u011f\u0131z&#8221; dedi. Eraslan,<\/p>\n","protected":false},"author":1,"featured_media":30083,"comment_status":"open","ping_status":"open","sticky":false,"template":"","format":"standard","meta":{"footnotes":""},"categories":[1],"tags":[],"class_list":["post-30082","post","type-post","status-publish","format-standard","has-post-thumbnail","hentry","category-gundem"],"yoast_head":"<!-- This site is optimized with the Yoast SEO plugin v27.5 - https:\/\/yoast.com\/product\/yoast-seo-wordpress\/ -->\n<title>Demokrasi \u015eehitleri Cumartesi an\u0131lacak -<\/title>\n<meta name=\"robots\" content=\"index, follow, max-snippet:-1, max-image-preview:large, max-video-preview:-1\" \/>\n<link rel=\"canonical\" href=\"https:\/\/kibrisdakik.com\/?p=30082\" \/>\n<meta property=\"og:locale\" content=\"tr_TR\" \/>\n<meta property=\"og:type\" content=\"article\" \/>\n<meta property=\"og:title\" content=\"Demokrasi \u015eehitleri Cumartesi an\u0131lacak -\" \/>\n<meta property=\"og:description\" content=\"Demokrasi \u015eehitlerini Ya\u015fatma Derne\u011fi Ba\u015fkan\u0131 Burhan Eraslan yapt\u0131\u011f\u0131 a\u00e7\u0131klamada,&nbsp; &#8220;Demokrasiye, bar\u0131\u015fa, ifade \u00f6zg\u00fcrl\u00fc\u011f\u00fcne ve eme\u011fin hakk\u0131n\u0131 alma m\u00fccadelesine g\u00f6n\u00fclden inan\u0131p, bu u\u011furda \u0131srarla m\u00fccadele etmi\u015f olan ve s\u0131rf bu nedenle gerici karanl\u0131k \u00e7evrelerin sald\u0131r\u0131 hedefi olup en temel insan hakk\u0131 olan ya\u015fam haklar\u0131 ellerinden al\u0131nan ve failleri de me\u00e7hul kalan Demokrasi \u015eehitlerini anaca\u011f\u0131z&#8221; dedi. Eraslan,\" \/>\n<meta property=\"og:url\" content=\"https:\/\/kibrisdakik.com\/?p=30082\" \/>\n<meta property=\"article:published_time\" content=\"2024-02-15T11:28:54+00:00\" \/>\n<meta property=\"og:image\" content=\"https:\/\/kibrisdakik.com\/wp-content\/uploads\/2024\/02\/demokrasi-sehitleri-cumartesi-anilacak-1707995744.webp.webp\" \/>\n\t<meta property=\"og:image:width\" content=\"710\" \/>\n\t<meta property=\"og:image:height\" content=\"370\" \/>\n\t<meta property=\"og:image:type\" content=\"image\/webp\" \/>\n<meta name=\"author\" content=\"admin\" \/>\n<meta name=\"twitter:card\" content=\"summary_large_image\" \/>\n<meta name=\"twitter:label1\" content=\"Yazan:\" \/>\n\t<meta name=\"twitter:data1\" content=\"admin\" \/>\n\t<meta name=\"twitter:label2\" content=\"Tahmini okuma s\u00fcresi\" \/>\n\t<meta name=\"twitter:data2\" content=\"1 dakika\" \/>\n<script type=\"application\/ld+json\" class=\"yoast-schema-graph\">{\"@context\":\"https:\\\/\\\/schema.org\",\"@graph\":[{\"@type\":\"Article\",\"@id\":\"https:\\\/\\\/kibrisdakik.com\\\/?p=30082#article\",\"isPartOf\":{\"@id\":\"https:\\\/\\\/kibrisdakik.com\\\/?p=30082\"},\"author\":{\"name\":\"admin\",\"@id\":\"https:\\\/\\\/kibrisdakik.com\\\/#\\\/schema\\\/person\\\/9cd9d437bbb44f72b73ba127e06d8e79\"},\"headline\":\"Demokrasi \u015eehitleri Cumartesi an\u0131lacak\",\"datePublished\":\"2024-02-15T11:28:54+00:00\",\"mainEntityOfPage\":{\"@id\":\"https:\\\/\\\/kibrisdakik.com\\\/?p=30082\"},\"wordCount\":257,\"commentCount\":0,\"image\":{\"@id\":\"https:\\\/\\\/kibrisdakik.com\\\/?p=30082#primaryimage\"},\"thumbnailUrl\":\"https:\\\/\\\/kibrisdakik.com\\\/wp-content\\\/uploads\\\/2024\\\/02\\\/demokrasi-sehitleri-cumartesi-anilacak-1707995744.webp.webp\",\"articleSection\":[\"G\u00fcndem\"],\"inLanguage\":\"tr\",\"potentialAction\":[{\"@type\":\"CommentAction\",\"name\":\"Comment\",\"target\":[\"https:\\\/\\\/kibrisdakik.com\\\/?p=30082#respond\"]}]},{\"@type\":\"WebPage\",\"@id\":\"https:\\\/\\\/kibrisdakik.com\\\/?p=30082\",\"url\":\"https:\\\/\\\/kibrisdakik.com\\\/?p=30082\",\"name\":\"Demokrasi \u015eehitleri Cumartesi an\u0131lacak -\",\"isPartOf\":{\"@id\":\"https:\\\/\\\/kibrisdakik.com\\\/#website\"},\"primaryImageOfPage\":{\"@id\":\"https:\\\/\\\/kibrisdakik.com\\\/?p=30082#primaryimage\"},\"image\":{\"@id\":\"https:\\\/\\\/kibrisdakik.com\\\/?p=30082#primaryimage\"},\"thumbnailUrl\":\"https:\\\/\\\/kibrisdakik.com\\\/wp-content\\\/uploads\\\/2024\\\/02\\\/demokrasi-sehitleri-cumartesi-anilacak-1707995744.webp.webp\",\"datePublished\":\"2024-02-15T11:28:54+00:00\",\"author\":{\"@id\":\"https:\\\/\\\/kibrisdakik.com\\\/#\\\/schema\\\/person\\\/9cd9d437bbb44f72b73ba127e06d8e79\"},\"breadcrumb\":{\"@id\":\"https:\\\/\\\/kibrisdakik.com\\\/?p=30082#breadcrumb\"},\"inLanguage\":\"tr\",\"potentialAction\":[{\"@type\":\"ReadAction\",\"target\":[\"https:\\\/\\\/kibrisdakik.com\\\/?p=30082\"]}]},{\"@type\":\"ImageObject\",\"inLanguage\":\"tr\",\"@id\":\"https:\\\/\\\/kibrisdakik.com\\\/?p=30082#primaryimage\",\"url\":\"https:\\\/\\\/kibrisdakik.com\\\/wp-content\\\/uploads\\\/2024\\\/02\\\/demokrasi-sehitleri-cumartesi-anilacak-1707995744.webp.webp\",\"contentUrl\":\"https:\\\/\\\/kibrisdakik.com\\\/wp-content\\\/uploads\\\/2024\\\/02\\\/demokrasi-sehitleri-cumartesi-anilacak-1707995744.webp.webp\",\"width\":710,\"height\":370},{\"@type\":\"BreadcrumbList\",\"@id\":\"https:\\\/\\\/kibrisdakik.com\\\/?p=30082#breadcrumb\",\"itemListElement\":[{\"@type\":\"ListItem\",\"position\":1,\"name\":\"Home\",\"item\":\"https:\\\/\\\/kibrisdakik.com\\\/\"},{\"@type\":\"ListItem\",\"position\":2,\"name\":\"Demokrasi \u015eehitleri Cumartesi an\u0131lacak\"}]},{\"@type\":\"WebSite\",\"@id\":\"https:\\\/\\\/kibrisdakik.com\\\/#website\",\"url\":\"https:\\\/\\\/kibrisdakik.com\\\/\",\"name\":\"\",\"description\":\"Tam vaktinde haber\",\"potentialAction\":[{\"@type\":\"SearchAction\",\"target\":{\"@type\":\"EntryPoint\",\"urlTemplate\":\"https:\\\/\\\/kibrisdakik.com\\\/?s={search_term_string}\"},\"query-input\":{\"@type\":\"PropertyValueSpecification\",\"valueRequired\":true,\"valueName\":\"search_term_string\"}}],\"inLanguage\":\"tr\"},{\"@type\":\"Person\",\"@id\":\"https:\\\/\\\/kibrisdakik.com\\\/#\\\/schema\\\/person\\\/9cd9d437bbb44f72b73ba127e06d8e79\",\"name\":\"admin\",\"image\":{\"@type\":\"ImageObject\",\"inLanguage\":\"tr\",\"@id\":\"https:\\\/\\\/secure.gravatar.com\\\/avatar\\\/ccc17943b9d660506c869530f897617f7cb1c21a4bf30023f252596d83e1f007?s=96&d=mm&r=g\",\"url\":\"https:\\\/\\\/secure.gravatar.com\\\/avatar\\\/ccc17943b9d660506c869530f897617f7cb1c21a4bf30023f252596d83e1f007?s=96&d=mm&r=g\",\"contentUrl\":\"https:\\\/\\\/secure.gravatar.com\\\/avatar\\\/ccc17943b9d660506c869530f897617f7cb1c21a4bf30023f252596d83e1f007?s=96&d=mm&r=g\",\"caption\":\"admin\"},\"sameAs\":[\"https:\\\/\\\/kibrisdakik.com\"],\"url\":\"https:\\\/\\\/kibrisdakik.com\\\/?author=1\"}]}<\/script>\n<!-- \/ Yoast SEO plugin. -->","yoast_head_json":{"title":"Demokrasi \u015eehitleri Cumartesi an\u0131lacak -","robots":{"index":"index","follow":"follow","max-snippet":"max-snippet:-1","max-image-preview":"max-image-preview:large","max-video-preview":"max-video-preview:-1"},"canonical":"https:\/\/kibrisdakik.com\/?p=30082","og_locale":"tr_TR","og_type":"article","og_title":"Demokrasi \u015eehitleri Cumartesi an\u0131lacak -","og_description":"Demokrasi \u015eehitlerini Ya\u015fatma Derne\u011fi Ba\u015fkan\u0131 Burhan Eraslan yapt\u0131\u011f\u0131 a\u00e7\u0131klamada,&nbsp; &#8220;Demokrasiye, bar\u0131\u015fa, ifade \u00f6zg\u00fcrl\u00fc\u011f\u00fcne ve eme\u011fin hakk\u0131n\u0131 alma m\u00fccadelesine g\u00f6n\u00fclden inan\u0131p, bu u\u011furda \u0131srarla m\u00fccadele etmi\u015f olan ve s\u0131rf bu nedenle gerici karanl\u0131k \u00e7evrelerin sald\u0131r\u0131 hedefi olup en temel insan hakk\u0131 olan ya\u015fam haklar\u0131 ellerinden al\u0131nan ve failleri de me\u00e7hul kalan Demokrasi \u015eehitlerini anaca\u011f\u0131z&#8221; dedi. Eraslan,","og_url":"https:\/\/kibrisdakik.com\/?p=30082","article_published_time":"2024-02-15T11:28:54+00:00","og_image":[{"width":710,"height":370,"url":"https:\/\/kibrisdakik.com\/wp-content\/uploads\/2024\/02\/demokrasi-sehitleri-cumartesi-anilacak-1707995744.webp.webp","type":"image\/webp"}],"author":"admin","twitter_card":"summary_large_image","twitter_misc":{"Yazan:":"admin","Tahmini okuma s\u00fcresi":"1 dakika"},"schema":{"@context":"https:\/\/schema.org","@graph":[{"@type":"Article","@id":"https:\/\/kibrisdakik.com\/?p=30082#article","isPartOf":{"@id":"https:\/\/kibrisdakik.com\/?p=30082"},"author":{"name":"admin","@id":"https:\/\/kibrisdakik.com\/#\/schema\/person\/9cd9d437bbb44f72b73ba127e06d8e79"},"headline":"Demokrasi \u015eehitleri Cumartesi an\u0131lacak","datePublished":"2024-02-15T11:28:54+00:00","mainEntityOfPage":{"@id":"https:\/\/kibrisdakik.com\/?p=30082"},"wordCount":257,"commentCount":0,"image":{"@id":"https:\/\/kibrisdakik.com\/?p=30082#primaryimage"},"thumbnailUrl":"https:\/\/kibrisdakik.com\/wp-content\/uploads\/2024\/02\/demokrasi-sehitleri-cumartesi-anilacak-1707995744.webp.webp","articleSection":["G\u00fcndem"],"inLanguage":"tr","potentialAction":[{"@type":"CommentAction","name":"Comment","target":["https:\/\/kibrisdakik.com\/?p=30082#respond"]}]},{"@type":"WebPage","@id":"https:\/\/kibrisdakik.com\/?p=30082","url":"https:\/\/kibrisdakik.com\/?p=30082","name":"Demokrasi \u015eehitleri Cumartesi an\u0131lacak -","isPartOf":{"@id":"https:\/\/kibrisdakik.com\/#website"},"primaryImageOfPage":{"@id":"https:\/\/kibrisdakik.com\/?p=30082#primaryimage"},"image":{"@id":"https:\/\/kibrisdakik.com\/?p=30082#primaryimage"},"thumbnailUrl":"https:\/\/kibrisdakik.com\/wp-content\/uploads\/2024\/02\/demokrasi-sehitleri-cumartesi-anilacak-1707995744.webp.webp","datePublished":"2024-02-15T11:28:54+00:00","author":{"@id":"https:\/\/kibrisdakik.com\/#\/schema\/person\/9cd9d437bbb44f72b73ba127e06d8e79"},"breadcrumb":{"@id":"https:\/\/kibrisdakik.com\/?p=30082#breadcrumb"},"inLanguage":"tr","potentialAction":[{"@type":"ReadAction","target":["https:\/\/kibrisdakik.com\/?p=30082"]}]},{"@type":"ImageObject","inLanguage":"tr","@id":"https:\/\/kibrisdakik.com\/?p=30082#primaryimage","url":"https:\/\/kibrisdakik.com\/wp-content\/uploads\/2024\/02\/demokrasi-sehitleri-cumartesi-anilacak-1707995744.webp.webp","contentUrl":"https:\/\/kibrisdakik.com\/wp-content\/uploads\/2024\/02\/demokrasi-sehitleri-cumartesi-anilacak-1707995744.webp.webp","width":710,"height":370},{"@type":"BreadcrumbList","@id":"https:\/\/kibrisdakik.com\/?p=30082#breadcrumb","itemListElement":[{"@type":"ListItem","position":1,"name":"Home","item":"https:\/\/kibrisdakik.com\/"},{"@type":"ListItem","position":2,"name":"Demokrasi \u015eehitleri Cumartesi an\u0131lacak"}]},{"@type":"WebSite","@id":"https:\/\/kibrisdakik.com\/#website","url":"https:\/\/kibrisdakik.com\/","name":"","description":"Tam vaktinde haber","potentialAction":[{"@type":"SearchAction","target":{"@type":"EntryPoint","urlTemplate":"https:\/\/kibrisdakik.com\/?s={search_term_string}"},"query-input":{"@type":"PropertyValueSpecification","valueRequired":true,"valueName":"search_term_string"}}],"inLanguage":"tr"},{"@type":"Person","@id":"https:\/\/kibrisdakik.com\/#\/schema\/person\/9cd9d437bbb44f72b73ba127e06d8e79","name":"admin","image":{"@type":"ImageObject","inLanguage":"tr","@id":"https:\/\/secure.gravatar.com\/avatar\/ccc17943b9d660506c869530f897617f7cb1c21a4bf30023f252596d83e1f007?s=96&d=mm&r=g","url":"https:\/\/secure.gravatar.com\/avatar\/ccc17943b9d660506c869530f897617f7cb1c21a4bf30023f252596d83e1f007?s=96&d=mm&r=g","contentUrl":"https:\/\/secure.gravatar.com\/avatar\/ccc17943b9d660506c869530f897617f7cb1c21a4bf30023f252596d83e1f007?s=96&d=mm&r=g","caption":"admin"},"sameAs":["https:\/\/kibrisdakik.com"],"url":"https:\/\/kibrisdakik.com\/?author=1"}]}},"_links":{"self":[{"href":"https:\/\/kibrisdakik.com\/index.php?rest_route=\/wp\/v2\/posts\/30082","targetHints":{"allow":["GET"]}}],"collection":[{"href":"https:\/\/kibrisdakik.com\/index.php?rest_route=\/wp\/v2\/posts"}],"about":[{"href":"https:\/\/kibrisdakik.com\/index.php?rest_route=\/wp\/v2\/types\/post"}],"author":[{"embeddable":true,"href":"https:\/\/kibrisdakik.com\/index.php?rest_route=\/wp\/v2\/users\/1"}],"replies":[{"embeddable":true,"href":"https:\/\/kibrisdakik.com\/index.php?rest_route=%2Fwp%2Fv2%2Fcomments&post=30082"}],"version-history":[{"count":0,"href":"https:\/\/kibrisdakik.com\/index.php?rest_route=\/wp\/v2\/posts\/30082\/revisions"}],"wp:featuredmedia":[{"embeddable":true,"href":"https:\/\/kibrisdakik.com\/index.php?rest_route=\/wp\/v2\/media\/30083"}],"wp:attachment":[{"href":"https:\/\/kibrisdakik.com\/index.php?rest_route=%2Fwp%2Fv2%2Fmedia&parent=30082"}],"wp:term":[{"taxonomy":"category","embeddable":true,"href":"https:\/\/kibrisdakik.com\/index.php?rest_route=%2Fwp%2Fv2%2Fcategories&post=30082"},{"taxonomy":"post_tag","embeddable":true,"href":"https:\/\/kibrisdakik.com\/index.php?rest_route=%2Fwp%2Fv2%2Ftags&post=30082"}],"curies":[{"name":"wp","href":"https:\/\/api.w.org\/{rel}","templated":true}]}}