{"id":30094,"date":"2024-02-15T12:25:00","date_gmt":"2024-02-15T12:25:00","guid":{"rendered":"https:\/\/kibrisdakik.com\/index.php\/2024\/02\/15\/tmtnin-ilk-bayraktari-albay-riza-vuruskan-anildi\/"},"modified":"2024-02-15T12:25:00","modified_gmt":"2024-02-15T12:25:00","slug":"tmtnin-ilk-bayraktari-albay-riza-vuruskan-anildi","status":"publish","type":"post","link":"https:\/\/kibrisdakik.com\/?p=30094","title":{"rendered":"TMT\u2019nin ilk bayraktar\u0131 Albay R\u0131za Vuru\u015fkan an\u0131ld\u0131"},"content":{"rendered":"<p><img decoding=\"async\" src=\"https:\/\/www.kibristurk.com\/images\/haberler\/2024\/02\/tmtnin-ilk-bayraktari-albay-riza-vuruskan-anildi-1708000048.webp\" \/><\/p>\n<p style=\"text-align:left\"><span style=\"font-size:16px\"><span style=\"font-family:Merriweather,serif !important\"><span style=\"color:#000000\"><span style=\"background-color:#ffffff\">Sayg\u0131 duru\u015fu ve \u0130stiklal Mar\u015f\u0131 ile ba\u015flayan t\u00f6rende, konu\u015fmalar\u0131n ard\u0131ndan milli m\u00fccadelede g\u00f6rev yapan m\u00fccahitlere madalyalar\u0131 takdim edildi.<\/span><\/span><\/span><\/span><\/p>\n<p style=\"text-align:left\"><span style=\"font-size:16px\"><span style=\"font-family:Merriweather,serif !important\"><span style=\"color:#000000\"><span style=\"background-color:#ffffff\">T\u00f6rene, Cumhurba\u015fkan\u0131 Ersin Tatar, Cumhuriyet Meclisi Ba\u015fkan\u0131 Zorlu T\u00f6re, G\u00fcvenlik Kuvvetleri Komutan\u0131 T\u00fcmgeneral Osman Ayta\u00e7, m\u00fccahitler, aileleri, askeri ve di\u011fer yetkililer kat\u0131ld\u0131.<\/span><\/span><\/span><\/span><\/p>\n<p style=\"text-align:left\"><span style=\"font-size:16px\"><span style=\"font-family:Merriweather,serif !important\"><span style=\"color:#000000\"><span style=\"background-color:#ffffff\">-T\u00f6re: \u201cEgemenlikten, ba\u011f\u0131ms\u0131zl\u0131ktan, istiklalden, vatandan vazge\u00e7mek yok\u201d<\/span><\/span><\/span><\/span><\/p>\n<p style=\"text-align:left\"><span style=\"font-size:16px\"><span style=\"font-family:Merriweather,serif !important\"><span style=\"color:#000000\"><span style=\"background-color:#ffffff\">Cumhuriyet Meclisi Ba\u015fkan\u0131 Zorlu T\u00f6re t\u00f6rende yapt\u0131\u011f\u0131 konu\u015fmada, \u201cNereden nerelere geldik\u201d diyerek, direni\u015fler sergilendi\u011fini, canlar, kanlar verildi\u011fini kaydederek, \u201cCan\u0131 cana, kan\u0131 kana katarak bug\u00fcnlere geldik\u201d diye konu\u015ftu.<\/span><\/span><\/span><\/span><\/p>\n<p style=\"text-align:left\"><span style=\"font-size:16px\"><span style=\"font-family:Merriweather,serif !important\"><span style=\"color:#000000\"><span style=\"background-color:#ffffff\">K\u0131br\u0131s T\u00fcrk halk\u0131n\u0131n yokluklar g\u00f6rd\u00fc\u011f\u00fcn\u00fc, s\u0131k\u0131nt\u0131lar \u00e7ekti\u011fini, ac\u0131lar ya\u015fad\u0131\u011f\u0131n\u0131 ifade eden T\u00f6re, \u201cAma y\u0131lmad\u0131k\u201d vurgusu yapt\u0131. Ali R\u0131za Vuru\u015fkan, Dani\u015f Karabelen, \u0130smail Kansu, Kenan Coygun\u2019a, \u201cBozkurt\u201d denildi\u011fine dikkat \u00e7eken T\u00f6re, \u201cBunun bir anlam\u0131 vard\u0131. Bozkurt, boyun e\u011fmez, esareti kabul etmez, boyunduru\u011fa girmez, daima h\u00fcr ya\u015far, ba\u015f\u0131 dik olur\u201d dedi.<\/span><\/span><\/span><\/span><\/p>\n<p style=\"text-align:left\"><span style=\"font-size:16px\"><span style=\"font-family:Merriweather,serif !important\"><span style=\"color:#000000\"><span style=\"background-color:#ffffff\">Oyunlar\u0131n devam etti\u011fini dile getiren Zorlu T\u00f6re, \u201cDevlet sahibi, cumhuriyet sahibi olduk\u201d diyerek, Ulu \u00d6nder Mustafa Kemal Atat\u00fcrk\u2019\u00fcn, \u201cCumhuriyet en b\u00fcy\u00fck bayramd\u0131r. Benim karakterim ba\u011f\u0131ms\u0131zl\u0131kt\u0131r\u201d s\u00f6zlerine i\u015faret etti. T\u00fcrk\u2019\u00fcn karakterinde istiklal ve ba\u011f\u0131ms\u0131zl\u0131k a\u015fk\u0131 oldu\u011funu vurgulayan Zorlu T\u00f6re, \u201cEvet d\u00fcnyada ve K\u0131br\u0131s\u2019ta bar\u0131\u015f olsun ama egemenlikten, ba\u011f\u0131ms\u0131zl\u0131ktan, istiklalden, vatandan vazge\u00e7mek yok\u201d \u015feklinde konu\u015ftu.<\/span><\/span><\/span><\/span><\/p>\n<p style=\"text-align:left\"><span style=\"font-size:16px\"><span style=\"font-family:Merriweather,serif !important\"><span style=\"color:#000000\"><span style=\"background-color:#ffffff\">Bunlardan vazge\u00e7erek, bar\u0131\u015f yap\u0131lmas\u0131 durumunda bunun ad\u0131n\u0131n \u201cteslimiyet\u201d olaca\u011f\u0131n\u0131 kaydeden T\u00f6re, milli davan\u0131n, daima milli d\u00fc\u015f\u00fcncelerle korunmas\u0131 gerekti\u011fini s\u00f6yledi.<\/span><\/span><\/span><\/span><\/p>\n<p style=\"text-align:left\"><span style=\"font-size:16px\"><span style=\"font-family:Merriweather,serif !important\"><span style=\"color:#000000\"><span style=\"background-color:#ffffff\">Gaflete d\u00fc\u015fmemek gerekti\u011finin alt\u0131n\u0131 \u00e7izen Meclis Ba\u015fkan\u0131 T\u00f6re, \u201cDahili ve harici bedhahlara \u00e7ok dikkat etmeliyiz\u201d dedi. T\u00f6re, Atat\u00fcrk\u2019\u00fcn Gen\u00e7li\u011fe Hitabesini okuyup, anlamak gerekti\u011fini belirtti.<\/span><\/span><\/span><\/span><\/p>\n<p style=\"text-align:left\"><span style=\"font-size:16px\"><span style=\"font-family:Merriweather,serif !important\"><span style=\"color:#000000\"><span style=\"background-color:#ffffff\">Gelinen noktada KKTC\u2019den, T\u00fcrk ordusundan vazge\u00e7menin asla m\u00fcmk\u00fcn olmad\u0131\u011f\u0131n\u0131 vurgulayan T\u00f6re, \u201c\u015eair ne dedi? G\u00f6ndere \u00e7ekilen bayrak bir daha inmez. G\u00f6klere y\u00fckselen sancak, Allah\u2019\u0131n huzurunda e\u011filiriz ancak\u2026 S\u00f6z konusu vatansa, milletse, bayraksa, istiklalse gerisi teferruatt\u0131r. Kimseye bo\u011fun e\u011fmeyiz\u201d diye konu\u015ftu.<\/span><\/span><\/span><\/span><\/p>\n<p style=\"text-align:left\"><span style=\"font-size:16px\"><span style=\"font-family:Merriweather,serif !important\"><span style=\"color:#000000\"><span style=\"background-color:#ffffff\">\u201cBug\u00fcn hayattay\u0131z ama vatan i\u00e7in can verenlerden daha b\u00fcy\u00fck de\u011filiz. Onlar bizden b\u00fcy\u00fckt\u00fcr. \u00c7\u00fcnk\u00fc onlar can verdiler\u2026\u201d diyen Meclis Ba\u015fkan\u0131 T\u00f6re, Ta\u015fkent, Atl\u0131lar, Murata\u011fa, Sandallar katliamlar\u0131n\u0131 hat\u0131rlatt\u0131.<\/span><\/span><\/span><\/span><\/p>\n<p style=\"text-align:left\"><span style=\"font-size:16px\"><span style=\"font-family:Merriweather,serif !important\"><span style=\"color:#000000\"><span style=\"background-color:#ffffff\">\u201c\u015eimdi bize hikaye, masal okuyanlar var\u201d diyen Zorlu T\u00f6re, Avrupa ve Birle\u015fmi\u015f Milletler\u2019in, Gazze\u2019de, Filistin\u2019de, Bosna Hersek\u2019te neler oldu\u011funa bakmas\u0131 gerekti\u011fini s\u00f6yledi. \u201cBiliyorlar ama hepsi sessiz\u201d diye konu\u015fan T\u00f6re, K\u0131br\u0131s T\u00fcrk halk\u0131n\u0131n, anavatan T\u00fcrkiye\u2019ye, kahraman T\u00fcrk ordusuna, TMT\u2019nin mukavemet ruhuna g\u00fcvenerek, yoluna devam edece\u011fini kaydetti.<\/span><\/span><\/span><\/span><\/p>\n<p style=\"text-align:left\"><span style=\"font-size:16px\"><span style=\"font-family:Merriweather,serif !important\"><span style=\"color:#000000\"><span style=\"background-color:#ffffff\">K\u0131br\u0131s davas\u0131nda g\u00f6rev yapan komutanlar ve T\u00fcrkiye\u2019nin vefat eden yetkililerini rahmetle anan Meclis Ba\u015fkan\u0131 T\u00f6re, \u201c\u015eehitlerimiz bize daima \u0131\u015f\u0131k tutsun. Ruhlar\u0131 \u015fad olsun\u201d dedi.<\/span><\/span><\/span><\/span><\/p>\n<p style=\"text-align:left\"><span style=\"font-size:16px\"><span style=\"font-family:Merriweather,serif !important\"><span style=\"color:#000000\"><span style=\"background-color:#ffffff\">-Bayar: \u201c20 Temmuz 1974 Mutlu Bar\u0131\u015f Harekat\u0131 bar\u0131\u015f, \u00f6zg\u00fcrl\u00fck ve egemen devletimizin temelidir, tescilidir. Art\u0131k geri d\u00f6n\u00fc\u015f olamaz\u201d<\/span><\/span><\/span><\/span><\/p>\n<p style=\"text-align:left\"><span style=\"font-size:16px\"><span style=\"font-family:Merriweather,serif !important\"><span style=\"color:#000000\"><span style=\"background-color:#ffffff\">TMT M\u00fccahitler Derne\u011fi Genel Ba\u015fkan\u0131 Celal Bayar da, Ali R\u0131za Vuru\u015fkan\u2019\u0131n, TMT\u2019nin efsane komutan\u0131 oldu\u011funu vurgulayarak, TMT\u2019nin direni\u015f hareketini planlayan ve ba\u015flatan \u00fc\u00e7 \u00f6nemli kahraman T\u00fcrk subay\u0131n\u0131n dikkat \u00e7ekti\u011fini belirterek, bu isimleri; Dani\u015f Karabelen, \u0130smail Tansu ve R\u0131za Vuru\u015fkan olarak s\u0131ralad\u0131.<\/span><\/span><\/span><\/span><\/p>\n<p style=\"text-align:left\"><span style=\"font-size:16px\"><span style=\"font-family:Merriweather,serif !important\"><span style=\"color:#000000\"><span style=\"background-color:#ffffff\">Bayar, bu \u00fc\u00e7 subay\u0131n sahas\u0131nda deneyimli, Kore\u2019de 1952-1953 y\u0131llar\u0131nda sava\u015fm\u0131\u015f, birbirlerini yak\u0131ndan tan\u0131yan kahraman silah arkada\u015flar\u0131 ve vatansever ki\u015filer oldu\u011funu ifade etti.<\/span><\/span><\/span><\/span><\/p>\n<p style=\"text-align:left\"><span style=\"font-size:16px\"><span style=\"font-family:Merriweather,serif !important\"><span style=\"color:#000000\"><span style=\"background-color:#ffffff\">K\u0131br\u0131s\u2019taki gizli direni\u015fin hikayesinin, tam 66 y\u0131l \u00f6nce Ankara\u2019da, 1958 y\u0131l\u0131n\u0131n May\u0131s ay\u0131nda Genelkurmay Ba\u015fkanl\u0131\u011f\u0131 Harekat \u015eubesi\u2019nin odalar\u0131ndan birinde ba\u015flad\u0131\u011f\u0131n\u0131 anlatan Bayar, TMT\u2019nin, K\u0131br\u0131s\u2019\u0131n, \u201cKuvayi Milliyesi\u201d olarak bilindi\u011fini ifade etti.<\/span><\/span><\/span><\/span><\/p>\n<p style=\"text-align:left\"><span style=\"font-size:16px\"><span style=\"font-family:Merriweather,serif !important\"><span style=\"color:#000000\"><span style=\"background-color:#ffffff\">R\u0131za Vuru\u015fkan\u2019\u0131n, 31 Temmuz 1958\u2019de, ilk seferde 7 silah arkada\u015f\u0131 subayla K\u0131br\u0131s\u2019a ayak bast\u0131\u011f\u0131n\u0131 ve 1 A\u011fustos 1958\u2019de ulvi g\u00f6revine ba\u015flad\u0131\u011f\u0131n\u0131 dile getiren Bayar, \u201cK\u0131br\u0131s T\u00fcrklerinin kaderini etkileyecek d\u00f6n\u00fcm noktas\u0131 bu \u015fekilde ba\u015flam\u0131\u015f oldu\u201d dedi.<\/span><\/span><\/span><\/span><\/p>\n<p style=\"text-align:left\"><span style=\"font-size:16px\"><span style=\"font-family:Merriweather,serif !important\"><span style=\"color:#000000\"><span style=\"background-color:#ffffff\">Vuru\u015fkan\u2019\u0131n, g\u00f6r\u00fcn\u00fcrdeki g\u00f6revinin m\u00fcfetti\u015flik oldu\u011funu ve pasaportunda da \u201cAli Conan\u201d ismi yaz\u0131l\u0131 oldu\u011funu belirten Celal Bayar, \u201cKod ad\u0131 Bozkurt\u2019tur, liderlik kodu Bayraktar. \u0130lk efsanevi Bozkurt\u2019umuzdur\u201d diye konu\u015ftu.<\/span><\/span><\/span><\/span><\/p>\n<p style=\"text-align:left\"><span style=\"font-size:16px\"><span style=\"font-family:Merriweather,serif !important\"><span style=\"color:#000000\"><span style=\"background-color:#ffffff\">T\u00fcmgeneral Dani\u015f Karabelen taraf\u0131ndan Vuru\u015fkan\u2019a 8 maddelik yaz\u0131l\u0131 bir g\u00f6rev talimat\u0131 verildi\u011fini ifade eden Bayar, talimat\u0131n ilk maddesini \u015f\u00f6yle dile getirdi:<\/span><\/span><\/span><\/span><\/p>\n<p style=\"text-align:left\"><span style=\"font-size:16px\"><span style=\"font-family:Merriweather,serif !important\"><span style=\"color:#000000\"><span style=\"background-color:#ffffff\">\u201cK\u0131br\u0131s T\u00fcrk toplumunun, Rumlar\u0131n EOKA \u00f6rg\u00fct\u00fcn\u00fcn sald\u0131r\u0131lar\u0131na kar\u015f\u0131 can ve mal g\u00fcvenli\u011fini sa\u011flamak ve TC h\u00fck\u00fcmetinin izledi\u011fi K\u0131br\u0131s politikas\u0131n\u0131 desteklemek maksad\u0131yla K\u0131br\u0131s\u2019ta gizli ve silahl\u0131 bir yeralt\u0131 \u00f6rg\u00fct\u00fc kurmakla g\u00f6revlisiniz.\u201d<\/span><\/span><\/span><\/span><\/p>\n<p style=\"text-align:left\"><span style=\"font-size:16px\"><span style=\"font-family:Merriweather,serif !important\"><span style=\"color:#000000\"><span style=\"background-color:#ffffff\">Dani\u015f Karabelen, \u0130smail Tansu ve R\u0131za Vuru\u015fkan\u2019\u0131n, hayatta olmasalar da K\u0131br\u0131s T\u00fcrklerinin kalplerinde sonsuza kadar ya\u015fayacaklar\u0131n\u0131n alt\u0131n\u0131 \u00e7izen Bayar, \u201cOnlar\u0131 her zaman rahmet ve sayg\u0131yla an\u0131yoruz. Ruhlar\u0131 \u015fad olsun\u201d dedi.<\/span><\/span><\/span><\/span><\/p>\n<p style=\"text-align:left\"><span style=\"font-size:16px\"><span style=\"font-family:Merriweather,serif !important\"><span style=\"color:#000000\"><span style=\"background-color:#ffffff\">\u201c20 Temmuz 1974 Mutlu Bar\u0131\u015f Harekat\u0131 bar\u0131\u015f, \u00f6zg\u00fcrl\u00fck ve egemen devletimizin temelidir, tescilidir. Art\u0131k geri d\u00f6n\u00fc\u015f olamaz\u201d vurgusu yapan Bayar, ya\u015fayabilir ve kal\u0131c\u0131 \u00e7\u00f6z\u00fcm\u00fcn ancak iki egemen devlet temelinde m\u00fcmk\u00fcn oldu\u011funu s\u00f6yledi.<\/span><\/span><\/span><\/span><\/p>\n<p style=\"text-align:left\"><span style=\"font-size:16px\"><span style=\"font-family:Merriweather,serif !important\"><span style=\"color:#000000\"><span style=\"background-color:#ffffff\">TMT M\u00fccahitler Derne\u011fi Genel Ba\u015fkan\u0131 Bayar, \u201cYa\u015fas\u0131n KKTC, ya\u015fas\u0131n anavatan\u201d diyerek, konu\u015fmas\u0131n\u0131 tamamlad\u0131.<\/span><\/span><\/span><\/span><\/p>\n<p style=\"text-align:left\"><span style=\"font-size:16px\"><span style=\"font-family:Merriweather,serif !important\"><span style=\"color:#000000\"><span style=\"background-color:#ffffff\">-Serez: \u201cHi\u00e7biri hayata olmayan efsanevi T\u00fcrk subaylar\u0131 daima kalplerimizdedir\u201d dedi.<\/span><\/span><\/span><\/span><\/p>\n<p style=\"text-align:left\"><span style=\"font-size:16px\"><span style=\"font-family:Merriweather,serif !important\"><span style=\"color:#000000\"><span style=\"background-color:#ffffff\">TMT M\u00fccahitler Derne\u011fi Genel Ba\u015fkan Yard\u0131mc\u0131s\u0131 \u00c7etin Serez de, R\u0131za Vuru\u015fkan\u2019\u0131n, inan\u00e7l\u0131, cesur ve kendisini T\u00fcrkl\u00fc\u011fe adad\u0131\u011f\u0131n\u0131 belirterek, Vuru\u015fkan\u2019\u0131n, hayat\u0131 pahas\u0131na olsa da verilen her g\u00f6revi ba\u015far\u0131ya ula\u015ft\u0131rmak i\u00e7in canla ba\u015fla \u00e7al\u0131\u015ft\u0131\u011f\u0131n\u0131 s\u00f6yledi. Serez, Vuru\u015fkan\u2019\u0131n \u00f6zge\u00e7mi\u015fi hakk\u0131nda da bilgiler verdi.<\/span><\/span><\/span><\/span><\/p>\n<p style=\"text-align:left\"><span style=\"font-size:16px\"><span style=\"font-family:Merriweather,serif !important\"><span style=\"color:#000000\"><span style=\"background-color:#ffffff\">1958 y\u0131l\u0131nda K\u0131br\u0131s T\u00fcrk\u00fc\u2019n\u00fcn can, mal ve \u015ferefini korumak amac\u0131yla anavatan T\u00fcrkiye\u2019nin de deste\u011fi ile TMT\u2019nin kuruldu\u011funu dile getiren Serez, \u00d6zel Harp Dairesi\u2019ne ba\u011fl\u0131 olarak kurulan TMT\u2019nin kurucu kadrosunun bayraktar R\u0131za Vuru\u015fkan ile birlikte K\u0131br\u0131s\u2019a g\u00f6nderildi\u011fini ifade etti.<\/span><\/span><\/span><\/span><\/p>\n<p style=\"text-align:left\"><span style=\"font-size:16px\"><span style=\"font-family:Merriweather,serif !important\"><span style=\"color:#000000\"><span style=\"background-color:#ffffff\">K\u0131sa s\u00fcrede \u00e7al\u0131\u015fmalar\u0131n tamamland\u0131\u011f\u0131n\u0131 ve te\u015fkilat\u0131n ada sath\u0131nda \u00f6rg\u00fctlendi\u011fini kaydeden \u00c7etin Serez, \u201cHi\u00e7biri hayata olmayan bu efsanevi T\u00fcrk subaylar\u0131 daima kalplerimizdedir\u201d dedi.<\/span><\/span><\/span><\/span><\/p>\n<p style=\"text-align:left\"><span style=\"font-size:16px\"><span style=\"font-family:Merriweather,serif !important\"><span style=\"color:#000000\"><span style=\"background-color:#ffffff\">Bayraktar R\u0131za Vuru\u015fkan\u2019\u0131n 58 \u00fcniversite \u00f6\u011frencisi ile Erenk\u00f6y\u2019e de \u00e7\u0131kt\u0131\u011f\u0131n\u0131 belirten Serez, Vuru\u015fkan\u2019\u0131n, 15 \u015eubat 1979\u2019da Ankara\u2019da vefat etti\u011fini ve naa\u015f\u0131n\u0131n Ankara Cebeci \u015eehitli\u011fi\u2019nde bulundu\u011funu s\u00f6yledi.<\/span><\/span><\/span><\/span><\/p>\n<p style=\"text-align:left\"><span style=\"font-size:16px\"><span style=\"font-family:Merriweather,serif !important\"><span style=\"color:#000000\"><span style=\"background-color:#ffffff\">Konu\u015fmalar\u0131n ard\u0131ndan madalya takdim edilen m\u00fccahitlerin isimleri \u015f\u00f6yle:<\/span><\/span><\/span><\/span><\/p>\n<p style=\"text-align:left\"><span style=\"font-size:16px\"><span style=\"font-family:Merriweather,serif !important\"><span style=\"color:#000000\"><span style=\"background-color:#ffffff\">\u201cCavit Atalar, \u015eefki Bilsoy, Ahmet Halit Fedai, Ahmet Kusetta, Safa Keyfi, Mustafa Ba\u015fman, Kufi \u00d6zayg\u0131n, Kemal Okan, Cevdet Atalar, Cemal Yeti\u015f, \u0130brahim \u015ei\u015fman, Salahi Alg\u0131nay, \u015eener Yorgozlu, Eray Tam\u00e7elik\u201d<\/span><\/span><\/span><\/span><\/p>\n","protected":false},"excerpt":{"rendered":"<p>Sayg\u0131 duru\u015fu ve \u0130stiklal Mar\u015f\u0131 ile ba\u015flayan t\u00f6rende, konu\u015fmalar\u0131n ard\u0131ndan milli m\u00fccadelede g\u00f6rev yapan m\u00fccahitlere madalyalar\u0131 takdim edildi. T\u00f6rene, Cumhurba\u015fkan\u0131 Ersin Tatar, Cumhuriyet Meclisi Ba\u015fkan\u0131 Zorlu T\u00f6re, G\u00fcvenlik Kuvvetleri Komutan\u0131 T\u00fcmgeneral Osman Ayta\u00e7, m\u00fccahitler, aileleri, askeri ve di\u011fer yetkililer kat\u0131ld\u0131. -T\u00f6re: \u201cEgemenlikten, ba\u011f\u0131ms\u0131zl\u0131ktan, istiklalden, vatandan vazge\u00e7mek yok\u201d Cumhuriyet Meclisi Ba\u015fkan\u0131 Zorlu T\u00f6re t\u00f6rende yapt\u0131\u011f\u0131 konu\u015fmada,<\/p>\n","protected":false},"author":1,"featured_media":30095,"comment_status":"open","ping_status":"open","sticky":false,"template":"","format":"standard","meta":{"footnotes":""},"categories":[1],"tags":[],"class_list":["post-30094","post","type-post","status-publish","format-standard","has-post-thumbnail","hentry","category-gundem"],"yoast_head":"<!-- This site is optimized with the Yoast SEO plugin v27.5 - https:\/\/yoast.com\/product\/yoast-seo-wordpress\/ -->\n<title>TMT\u2019nin ilk bayraktar\u0131 Albay R\u0131za Vuru\u015fkan an\u0131ld\u0131 -<\/title>\n<meta name=\"robots\" content=\"index, follow, max-snippet:-1, max-image-preview:large, max-video-preview:-1\" \/>\n<link rel=\"canonical\" href=\"https:\/\/kibrisdakik.com\/?p=30094\" \/>\n<meta property=\"og:locale\" content=\"tr_TR\" \/>\n<meta property=\"og:type\" content=\"article\" \/>\n<meta property=\"og:title\" content=\"TMT\u2019nin ilk bayraktar\u0131 Albay R\u0131za Vuru\u015fkan an\u0131ld\u0131 -\" \/>\n<meta property=\"og:description\" content=\"Sayg\u0131 duru\u015fu ve \u0130stiklal Mar\u015f\u0131 ile ba\u015flayan t\u00f6rende, konu\u015fmalar\u0131n ard\u0131ndan milli m\u00fccadelede g\u00f6rev yapan m\u00fccahitlere madalyalar\u0131 takdim edildi. T\u00f6rene, Cumhurba\u015fkan\u0131 Ersin Tatar, Cumhuriyet Meclisi Ba\u015fkan\u0131 Zorlu T\u00f6re, G\u00fcvenlik Kuvvetleri Komutan\u0131 T\u00fcmgeneral Osman Ayta\u00e7, m\u00fccahitler, aileleri, askeri ve di\u011fer yetkililer kat\u0131ld\u0131. -T\u00f6re: \u201cEgemenlikten, ba\u011f\u0131ms\u0131zl\u0131ktan, istiklalden, vatandan vazge\u00e7mek yok\u201d Cumhuriyet Meclisi Ba\u015fkan\u0131 Zorlu T\u00f6re t\u00f6rende yapt\u0131\u011f\u0131 konu\u015fmada,\" \/>\n<meta property=\"og:url\" content=\"https:\/\/kibrisdakik.com\/?p=30094\" \/>\n<meta property=\"article:published_time\" content=\"2024-02-15T12:25:00+00:00\" \/>\n<meta property=\"og:image\" content=\"https:\/\/kibrisdakik.com\/wp-content\/uploads\/2024\/02\/tmtnin-ilk-bayraktari-albay-riza-vuruskan-anildi-1708000048.webp.webp\" \/>\n\t<meta property=\"og:image:width\" content=\"710\" \/>\n\t<meta property=\"og:image:height\" content=\"370\" \/>\n\t<meta property=\"og:image:type\" content=\"image\/webp\" \/>\n<meta name=\"author\" content=\"admin\" \/>\n<meta name=\"twitter:card\" content=\"summary_large_image\" \/>\n<meta name=\"twitter:label1\" content=\"Yazan:\" \/>\n\t<meta name=\"twitter:data1\" content=\"admin\" \/>\n\t<meta name=\"twitter:label2\" content=\"Tahmini okuma s\u00fcresi\" \/>\n\t<meta name=\"twitter:data2\" content=\"6 dakika\" \/>\n<script type=\"application\/ld+json\" class=\"yoast-schema-graph\">{\"@context\":\"https:\\\/\\\/schema.org\",\"@graph\":[{\"@type\":\"Article\",\"@id\":\"https:\\\/\\\/kibrisdakik.com\\\/?p=30094#article\",\"isPartOf\":{\"@id\":\"https:\\\/\\\/kibrisdakik.com\\\/?p=30094\"},\"author\":{\"name\":\"admin\",\"@id\":\"https:\\\/\\\/kibrisdakik.com\\\/#\\\/schema\\\/person\\\/9cd9d437bbb44f72b73ba127e06d8e79\"},\"headline\":\"TMT\u2019nin ilk bayraktar\u0131 Albay R\u0131za Vuru\u015fkan an\u0131ld\u0131\",\"datePublished\":\"2024-02-15T12:25:00+00:00\",\"mainEntityOfPage\":{\"@id\":\"https:\\\/\\\/kibrisdakik.com\\\/?p=30094\"},\"wordCount\":1238,\"commentCount\":0,\"image\":{\"@id\":\"https:\\\/\\\/kibrisdakik.com\\\/?p=30094#primaryimage\"},\"thumbnailUrl\":\"https:\\\/\\\/kibrisdakik.com\\\/wp-content\\\/uploads\\\/2024\\\/02\\\/tmtnin-ilk-bayraktari-albay-riza-vuruskan-anildi-1708000048.webp.webp\",\"articleSection\":[\"G\u00fcndem\"],\"inLanguage\":\"tr\",\"potentialAction\":[{\"@type\":\"CommentAction\",\"name\":\"Comment\",\"target\":[\"https:\\\/\\\/kibrisdakik.com\\\/?p=30094#respond\"]}]},{\"@type\":\"WebPage\",\"@id\":\"https:\\\/\\\/kibrisdakik.com\\\/?p=30094\",\"url\":\"https:\\\/\\\/kibrisdakik.com\\\/?p=30094\",\"name\":\"TMT\u2019nin ilk bayraktar\u0131 Albay R\u0131za Vuru\u015fkan an\u0131ld\u0131 -\",\"isPartOf\":{\"@id\":\"https:\\\/\\\/kibrisdakik.com\\\/#website\"},\"primaryImageOfPage\":{\"@id\":\"https:\\\/\\\/kibrisdakik.com\\\/?p=30094#primaryimage\"},\"image\":{\"@id\":\"https:\\\/\\\/kibrisdakik.com\\\/?p=30094#primaryimage\"},\"thumbnailUrl\":\"https:\\\/\\\/kibrisdakik.com\\\/wp-content\\\/uploads\\\/2024\\\/02\\\/tmtnin-ilk-bayraktari-albay-riza-vuruskan-anildi-1708000048.webp.webp\",\"datePublished\":\"2024-02-15T12:25:00+00:00\",\"author\":{\"@id\":\"https:\\\/\\\/kibrisdakik.com\\\/#\\\/schema\\\/person\\\/9cd9d437bbb44f72b73ba127e06d8e79\"},\"breadcrumb\":{\"@id\":\"https:\\\/\\\/kibrisdakik.com\\\/?p=30094#breadcrumb\"},\"inLanguage\":\"tr\",\"potentialAction\":[{\"@type\":\"ReadAction\",\"target\":[\"https:\\\/\\\/kibrisdakik.com\\\/?p=30094\"]}]},{\"@type\":\"ImageObject\",\"inLanguage\":\"tr\",\"@id\":\"https:\\\/\\\/kibrisdakik.com\\\/?p=30094#primaryimage\",\"url\":\"https:\\\/\\\/kibrisdakik.com\\\/wp-content\\\/uploads\\\/2024\\\/02\\\/tmtnin-ilk-bayraktari-albay-riza-vuruskan-anildi-1708000048.webp.webp\",\"contentUrl\":\"https:\\\/\\\/kibrisdakik.com\\\/wp-content\\\/uploads\\\/2024\\\/02\\\/tmtnin-ilk-bayraktari-albay-riza-vuruskan-anildi-1708000048.webp.webp\",\"width\":710,\"height\":370},{\"@type\":\"BreadcrumbList\",\"@id\":\"https:\\\/\\\/kibrisdakik.com\\\/?p=30094#breadcrumb\",\"itemListElement\":[{\"@type\":\"ListItem\",\"position\":1,\"name\":\"Home\",\"item\":\"https:\\\/\\\/kibrisdakik.com\\\/\"},{\"@type\":\"ListItem\",\"position\":2,\"name\":\"TMT\u2019nin ilk bayraktar\u0131 Albay R\u0131za Vuru\u015fkan an\u0131ld\u0131\"}]},{\"@type\":\"WebSite\",\"@id\":\"https:\\\/\\\/kibrisdakik.com\\\/#website\",\"url\":\"https:\\\/\\\/kibrisdakik.com\\\/\",\"name\":\"\",\"description\":\"Tam vaktinde haber\",\"potentialAction\":[{\"@type\":\"SearchAction\",\"target\":{\"@type\":\"EntryPoint\",\"urlTemplate\":\"https:\\\/\\\/kibrisdakik.com\\\/?s={search_term_string}\"},\"query-input\":{\"@type\":\"PropertyValueSpecification\",\"valueRequired\":true,\"valueName\":\"search_term_string\"}}],\"inLanguage\":\"tr\"},{\"@type\":\"Person\",\"@id\":\"https:\\\/\\\/kibrisdakik.com\\\/#\\\/schema\\\/person\\\/9cd9d437bbb44f72b73ba127e06d8e79\",\"name\":\"admin\",\"image\":{\"@type\":\"ImageObject\",\"inLanguage\":\"tr\",\"@id\":\"https:\\\/\\\/secure.gravatar.com\\\/avatar\\\/ccc17943b9d660506c869530f897617f7cb1c21a4bf30023f252596d83e1f007?s=96&d=mm&r=g\",\"url\":\"https:\\\/\\\/secure.gravatar.com\\\/avatar\\\/ccc17943b9d660506c869530f897617f7cb1c21a4bf30023f252596d83e1f007?s=96&d=mm&r=g\",\"contentUrl\":\"https:\\\/\\\/secure.gravatar.com\\\/avatar\\\/ccc17943b9d660506c869530f897617f7cb1c21a4bf30023f252596d83e1f007?s=96&d=mm&r=g\",\"caption\":\"admin\"},\"sameAs\":[\"https:\\\/\\\/kibrisdakik.com\"],\"url\":\"https:\\\/\\\/kibrisdakik.com\\\/?author=1\"}]}<\/script>\n<!-- \/ Yoast SEO plugin. -->","yoast_head_json":{"title":"TMT\u2019nin ilk bayraktar\u0131 Albay R\u0131za Vuru\u015fkan an\u0131ld\u0131 -","robots":{"index":"index","follow":"follow","max-snippet":"max-snippet:-1","max-image-preview":"max-image-preview:large","max-video-preview":"max-video-preview:-1"},"canonical":"https:\/\/kibrisdakik.com\/?p=30094","og_locale":"tr_TR","og_type":"article","og_title":"TMT\u2019nin ilk bayraktar\u0131 Albay R\u0131za Vuru\u015fkan an\u0131ld\u0131 -","og_description":"Sayg\u0131 duru\u015fu ve \u0130stiklal Mar\u015f\u0131 ile ba\u015flayan t\u00f6rende, konu\u015fmalar\u0131n ard\u0131ndan milli m\u00fccadelede g\u00f6rev yapan m\u00fccahitlere madalyalar\u0131 takdim edildi. T\u00f6rene, Cumhurba\u015fkan\u0131 Ersin Tatar, Cumhuriyet Meclisi Ba\u015fkan\u0131 Zorlu T\u00f6re, G\u00fcvenlik Kuvvetleri Komutan\u0131 T\u00fcmgeneral Osman Ayta\u00e7, m\u00fccahitler, aileleri, askeri ve di\u011fer yetkililer kat\u0131ld\u0131. -T\u00f6re: \u201cEgemenlikten, ba\u011f\u0131ms\u0131zl\u0131ktan, istiklalden, vatandan vazge\u00e7mek yok\u201d Cumhuriyet Meclisi Ba\u015fkan\u0131 Zorlu T\u00f6re t\u00f6rende yapt\u0131\u011f\u0131 konu\u015fmada,","og_url":"https:\/\/kibrisdakik.com\/?p=30094","article_published_time":"2024-02-15T12:25:00+00:00","og_image":[{"width":710,"height":370,"url":"https:\/\/kibrisdakik.com\/wp-content\/uploads\/2024\/02\/tmtnin-ilk-bayraktari-albay-riza-vuruskan-anildi-1708000048.webp.webp","type":"image\/webp"}],"author":"admin","twitter_card":"summary_large_image","twitter_misc":{"Yazan:":"admin","Tahmini okuma s\u00fcresi":"6 dakika"},"schema":{"@context":"https:\/\/schema.org","@graph":[{"@type":"Article","@id":"https:\/\/kibrisdakik.com\/?p=30094#article","isPartOf":{"@id":"https:\/\/kibrisdakik.com\/?p=30094"},"author":{"name":"admin","@id":"https:\/\/kibrisdakik.com\/#\/schema\/person\/9cd9d437bbb44f72b73ba127e06d8e79"},"headline":"TMT\u2019nin ilk bayraktar\u0131 Albay R\u0131za Vuru\u015fkan an\u0131ld\u0131","datePublished":"2024-02-15T12:25:00+00:00","mainEntityOfPage":{"@id":"https:\/\/kibrisdakik.com\/?p=30094"},"wordCount":1238,"commentCount":0,"image":{"@id":"https:\/\/kibrisdakik.com\/?p=30094#primaryimage"},"thumbnailUrl":"https:\/\/kibrisdakik.com\/wp-content\/uploads\/2024\/02\/tmtnin-ilk-bayraktari-albay-riza-vuruskan-anildi-1708000048.webp.webp","articleSection":["G\u00fcndem"],"inLanguage":"tr","potentialAction":[{"@type":"CommentAction","name":"Comment","target":["https:\/\/kibrisdakik.com\/?p=30094#respond"]}]},{"@type":"WebPage","@id":"https:\/\/kibrisdakik.com\/?p=30094","url":"https:\/\/kibrisdakik.com\/?p=30094","name":"TMT\u2019nin ilk bayraktar\u0131 Albay R\u0131za Vuru\u015fkan an\u0131ld\u0131 -","isPartOf":{"@id":"https:\/\/kibrisdakik.com\/#website"},"primaryImageOfPage":{"@id":"https:\/\/kibrisdakik.com\/?p=30094#primaryimage"},"image":{"@id":"https:\/\/kibrisdakik.com\/?p=30094#primaryimage"},"thumbnailUrl":"https:\/\/kibrisdakik.com\/wp-content\/uploads\/2024\/02\/tmtnin-ilk-bayraktari-albay-riza-vuruskan-anildi-1708000048.webp.webp","datePublished":"2024-02-15T12:25:00+00:00","author":{"@id":"https:\/\/kibrisdakik.com\/#\/schema\/person\/9cd9d437bbb44f72b73ba127e06d8e79"},"breadcrumb":{"@id":"https:\/\/kibrisdakik.com\/?p=30094#breadcrumb"},"inLanguage":"tr","potentialAction":[{"@type":"ReadAction","target":["https:\/\/kibrisdakik.com\/?p=30094"]}]},{"@type":"ImageObject","inLanguage":"tr","@id":"https:\/\/kibrisdakik.com\/?p=30094#primaryimage","url":"https:\/\/kibrisdakik.com\/wp-content\/uploads\/2024\/02\/tmtnin-ilk-bayraktari-albay-riza-vuruskan-anildi-1708000048.webp.webp","contentUrl":"https:\/\/kibrisdakik.com\/wp-content\/uploads\/2024\/02\/tmtnin-ilk-bayraktari-albay-riza-vuruskan-anildi-1708000048.webp.webp","width":710,"height":370},{"@type":"BreadcrumbList","@id":"https:\/\/kibrisdakik.com\/?p=30094#breadcrumb","itemListElement":[{"@type":"ListItem","position":1,"name":"Home","item":"https:\/\/kibrisdakik.com\/"},{"@type":"ListItem","position":2,"name":"TMT\u2019nin ilk bayraktar\u0131 Albay R\u0131za Vuru\u015fkan an\u0131ld\u0131"}]},{"@type":"WebSite","@id":"https:\/\/kibrisdakik.com\/#website","url":"https:\/\/kibrisdakik.com\/","name":"","description":"Tam vaktinde haber","potentialAction":[{"@type":"SearchAction","target":{"@type":"EntryPoint","urlTemplate":"https:\/\/kibrisdakik.com\/?s={search_term_string}"},"query-input":{"@type":"PropertyValueSpecification","valueRequired":true,"valueName":"search_term_string"}}],"inLanguage":"tr"},{"@type":"Person","@id":"https:\/\/kibrisdakik.com\/#\/schema\/person\/9cd9d437bbb44f72b73ba127e06d8e79","name":"admin","image":{"@type":"ImageObject","inLanguage":"tr","@id":"https:\/\/secure.gravatar.com\/avatar\/ccc17943b9d660506c869530f897617f7cb1c21a4bf30023f252596d83e1f007?s=96&d=mm&r=g","url":"https:\/\/secure.gravatar.com\/avatar\/ccc17943b9d660506c869530f897617f7cb1c21a4bf30023f252596d83e1f007?s=96&d=mm&r=g","contentUrl":"https:\/\/secure.gravatar.com\/avatar\/ccc17943b9d660506c869530f897617f7cb1c21a4bf30023f252596d83e1f007?s=96&d=mm&r=g","caption":"admin"},"sameAs":["https:\/\/kibrisdakik.com"],"url":"https:\/\/kibrisdakik.com\/?author=1"}]}},"_links":{"self":[{"href":"https:\/\/kibrisdakik.com\/index.php?rest_route=\/wp\/v2\/posts\/30094","targetHints":{"allow":["GET"]}}],"collection":[{"href":"https:\/\/kibrisdakik.com\/index.php?rest_route=\/wp\/v2\/posts"}],"about":[{"href":"https:\/\/kibrisdakik.com\/index.php?rest_route=\/wp\/v2\/types\/post"}],"author":[{"embeddable":true,"href":"https:\/\/kibrisdakik.com\/index.php?rest_route=\/wp\/v2\/users\/1"}],"replies":[{"embeddable":true,"href":"https:\/\/kibrisdakik.com\/index.php?rest_route=%2Fwp%2Fv2%2Fcomments&post=30094"}],"version-history":[{"count":0,"href":"https:\/\/kibrisdakik.com\/index.php?rest_route=\/wp\/v2\/posts\/30094\/revisions"}],"wp:featuredmedia":[{"embeddable":true,"href":"https:\/\/kibrisdakik.com\/index.php?rest_route=\/wp\/v2\/media\/30095"}],"wp:attachment":[{"href":"https:\/\/kibrisdakik.com\/index.php?rest_route=%2Fwp%2Fv2%2Fmedia&parent=30094"}],"wp:term":[{"taxonomy":"category","embeddable":true,"href":"https:\/\/kibrisdakik.com\/index.php?rest_route=%2Fwp%2Fv2%2Fcategories&post=30094"},{"taxonomy":"post_tag","embeddable":true,"href":"https:\/\/kibrisdakik.com\/index.php?rest_route=%2Fwp%2Fv2%2Ftags&post=30094"}],"curies":[{"name":"wp","href":"https:\/\/api.w.org\/{rel}","templated":true}]}}