{"id":30128,"date":"2024-02-15T15:33:00","date_gmt":"2024-02-15T15:33:00","guid":{"rendered":"https:\/\/kibrisdakik.com\/index.php\/2024\/02\/15\/fransa-duyurdu-ukrayna-ile-guvenlik-anlasmasi-imzalanacak\/"},"modified":"2024-02-15T15:33:00","modified_gmt":"2024-02-15T15:33:00","slug":"fransa-duyurdu-ukrayna-ile-guvenlik-anlasmasi-imzalanacak","status":"publish","type":"post","link":"https:\/\/kibrisdakik.com\/?p=30128","title":{"rendered":"Fransa duyurdu: Ukrayna ile g\u00fcvenlik anla\u015fmas\u0131 imzalanacak"},"content":{"rendered":"<p><img decoding=\"async\" src=\"https:\/\/www.kibristurk.com\/images\/haberler\/2024\/02\/fransa-duyurdu-ukrayna-ile-guvenlik-anlasmasi-imzalanacak-1708010580.webp\" \/><\/p>\n<p>Cumhurba\u015fkanl\u0131\u011f\u0131 Saray\u0131 Elysee&#8217;den yap\u0131lan a\u00e7\u0131klamada iki liderin cephedeki durumu,&nbsp;Ukrayna&#8217;n\u0131n askeri, ekonomik ve insani ihtiya\u00e7lar\u0131n\u0131 ve \u00fclkenin&nbsp;Fransa&#8217;n\u0131n tam destek verdi\u011fi Avrupa Birli\u011fi&#8217;ne kat\u0131lma \u00e7abalar\u0131na ili\u015fkin m\u00fczakereleri de g\u00f6r\u00fc\u015fmede ele alacaklar\u0131 belirtildi.<\/p>\n<p>Anla\u015fman\u0131n kapsam\u0131 hakk\u0131nda ise detay payla\u015f\u0131lmad\u0131. Fakat askeri te\u00e7hizat tedariki, Ukrayna ordusunun e\u011fitimi ya da savunma sanayinin g\u00fc\u00e7lendirilmesi gibi konular\u0131n g\u00fcndemde olaca\u011f\u0131 tahmin ediliyor.&nbsp;<\/p>\n<p>Euronews T\u00fcrk\u00e7e&#8217;nin haberine g\u00f6re Elysee, &#8220;Bu anla\u015fma, Temmuz 2023&#8217;te Vilnius&#8217;ta d\u00fczenlenen NATO zirvesi G7 \u00fclkelerinin verdi\u011fi taahh\u00fctlerin devam\u0131 niteli\u011findedir.&#8221; dedi.<\/p>\n<p>Zirvede&nbsp;G7 \u00fclkeleri Ukrayna&#8217;ya Rus sald\u0131r\u0131s\u0131yla m\u00fccadele etmesine yard\u0131mc\u0131 olmak ve Moskova&#8217;y\u0131 cayd\u0131rmak i\u00e7in &#8220;uzun vadeli&#8221; askeri destek sa\u011flamay\u0131 taahh\u00fct etmi\u015fti.&nbsp;<\/p>\n<p>Cumhurba\u015fkan\u0131 Emmanuel&nbsp;Macron bu y\u0131l\u0131n ba\u015flar\u0131nda Fransa&#8217;n\u0131n, Ukrayna&#8217;n\u0131n k\u0131sa bir s\u00fcre \u00f6nce Birle\u015fik Krall\u0131k ile imzalad\u0131\u011f\u0131 ve 10 y\u0131l\u0131 kapsayan anla\u015fma modeline benzer ikili bir anla\u015fma m\u00fczakere etti\u011fini s\u00f6ylemi\u015fti.<\/p>\n<p>Birle\u015fik Krall\u0131k, Ba\u015fbakan Rishi Sunak&#8217;\u0131n 12 Ocak&#8217;ta Kiev&#8217;e yapt\u0131\u011f\u0131 ziyaret s\u0131ras\u0131nda Ukrayna ile g\u00fcvenlik anla\u015fmas\u0131 imzalayan ilk \u00fclke olmu\u015ftu.&nbsp;<\/p>\n<p>Ukrayna Devlet Ba\u015fkan\u0131&#8217;n\u0131n Fransa&#8217;n\u0131n ard\u0131ndan ikinci dura\u011f\u0131&nbsp;Almanya&nbsp;olacak.&nbsp;Zelenskiy cuma g\u00fcn\u00fc Alman \u015eans\u00f6lye Olaf Scholz ile g\u00f6r\u00fc\u015fecek.&nbsp;<\/p>\n<p>Ertesi g\u00fcn de M\u00fcnih G\u00fcvenlik Konferans\u0131&#8217;na kat\u0131lacak ve konferans \u00e7er\u00e7evesinde ABD Ba\u015fkan Yard\u0131mc\u0131s\u0131 Kamala Harris, \u00c7ek Cumhurba\u015fkan\u0131 Petr Pavel, Danimarka Ba\u015fbakan\u0131 Mette Frederiksen ve Hollanda Ba\u015fbakan\u0131 Mark Rutte ile ikili g\u00f6r\u00fc\u015fmelerde bulunacak.<\/p>\n","protected":false},"excerpt":{"rendered":"<p>Cumhurba\u015fkanl\u0131\u011f\u0131 Saray\u0131 Elysee&#8217;den yap\u0131lan a\u00e7\u0131klamada iki liderin cephedeki durumu,&nbsp;Ukrayna&#8217;n\u0131n askeri, ekonomik ve insani ihtiya\u00e7lar\u0131n\u0131 ve \u00fclkenin&nbsp;Fransa&#8217;n\u0131n tam destek verdi\u011fi Avrupa Birli\u011fi&#8217;ne kat\u0131lma \u00e7abalar\u0131na ili\u015fkin m\u00fczakereleri de g\u00f6r\u00fc\u015fmede ele alacaklar\u0131 belirtildi. Anla\u015fman\u0131n kapsam\u0131 hakk\u0131nda ise detay payla\u015f\u0131lmad\u0131. Fakat askeri te\u00e7hizat tedariki, Ukrayna ordusunun e\u011fitimi ya da savunma sanayinin g\u00fc\u00e7lendirilmesi gibi konular\u0131n g\u00fcndemde olaca\u011f\u0131 tahmin ediliyor.&nbsp; Euronews<\/p>\n","protected":false},"author":1,"featured_media":30129,"comment_status":"open","ping_status":"open","sticky":false,"template":"","format":"standard","meta":{"footnotes":""},"categories":[1],"tags":[],"class_list":["post-30128","post","type-post","status-publish","format-standard","has-post-thumbnail","hentry","category-gundem"],"yoast_head":"<!-- This site is optimized with the Yoast SEO plugin v27.4 - https:\/\/yoast.com\/product\/yoast-seo-wordpress\/ -->\n<title>Fransa duyurdu: Ukrayna ile g\u00fcvenlik anla\u015fmas\u0131 imzalanacak -<\/title>\n<meta name=\"robots\" content=\"index, follow, max-snippet:-1, max-image-preview:large, max-video-preview:-1\" \/>\n<link rel=\"canonical\" href=\"https:\/\/kibrisdakik.com\/?p=30128\" \/>\n<meta property=\"og:locale\" content=\"tr_TR\" \/>\n<meta property=\"og:type\" content=\"article\" \/>\n<meta property=\"og:title\" content=\"Fransa duyurdu: Ukrayna ile g\u00fcvenlik anla\u015fmas\u0131 imzalanacak -\" \/>\n<meta property=\"og:description\" content=\"Cumhurba\u015fkanl\u0131\u011f\u0131 Saray\u0131 Elysee&#8217;den yap\u0131lan a\u00e7\u0131klamada iki liderin cephedeki durumu,&nbsp;Ukrayna&#8217;n\u0131n askeri, ekonomik ve insani ihtiya\u00e7lar\u0131n\u0131 ve \u00fclkenin&nbsp;Fransa&#8217;n\u0131n tam destek verdi\u011fi Avrupa Birli\u011fi&#8217;ne kat\u0131lma \u00e7abalar\u0131na ili\u015fkin m\u00fczakereleri de g\u00f6r\u00fc\u015fmede ele alacaklar\u0131 belirtildi. Anla\u015fman\u0131n kapsam\u0131 hakk\u0131nda ise detay payla\u015f\u0131lmad\u0131. Fakat askeri te\u00e7hizat tedariki, Ukrayna ordusunun e\u011fitimi ya da savunma sanayinin g\u00fc\u00e7lendirilmesi gibi konular\u0131n g\u00fcndemde olaca\u011f\u0131 tahmin ediliyor.&nbsp; Euronews\" \/>\n<meta property=\"og:url\" content=\"https:\/\/kibrisdakik.com\/?p=30128\" \/>\n<meta property=\"article:published_time\" content=\"2024-02-15T15:33:00+00:00\" \/>\n<meta property=\"og:image\" content=\"https:\/\/kibrisdakik.com\/wp-content\/uploads\/2024\/02\/fransa-duyurdu-ukrayna-ile-guvenlik-anlasmasi-imzalanacak-1708010580.webp.webp\" \/>\n\t<meta property=\"og:image:width\" content=\"710\" \/>\n\t<meta property=\"og:image:height\" content=\"370\" \/>\n\t<meta property=\"og:image:type\" content=\"image\/webp\" \/>\n<meta name=\"author\" content=\"admin\" \/>\n<meta name=\"twitter:card\" content=\"summary_large_image\" \/>\n<meta name=\"twitter:label1\" content=\"Yazan:\" \/>\n\t<meta name=\"twitter:data1\" content=\"admin\" \/>\n\t<meta name=\"twitter:label2\" content=\"Tahmini okuma s\u00fcresi\" \/>\n\t<meta name=\"twitter:data2\" content=\"1 dakika\" \/>\n<script type=\"application\/ld+json\" class=\"yoast-schema-graph\">{\"@context\":\"https:\\\/\\\/schema.org\",\"@graph\":[{\"@type\":\"Article\",\"@id\":\"https:\\\/\\\/kibrisdakik.com\\\/?p=30128#article\",\"isPartOf\":{\"@id\":\"https:\\\/\\\/kibrisdakik.com\\\/?p=30128\"},\"author\":{\"name\":\"admin\",\"@id\":\"https:\\\/\\\/kibrisdakik.com\\\/#\\\/schema\\\/person\\\/9cd9d437bbb44f72b73ba127e06d8e79\"},\"headline\":\"Fransa duyurdu: Ukrayna ile g\u00fcvenlik anla\u015fmas\u0131 imzalanacak\",\"datePublished\":\"2024-02-15T15:33:00+00:00\",\"mainEntityOfPage\":{\"@id\":\"https:\\\/\\\/kibrisdakik.com\\\/?p=30128\"},\"wordCount\":305,\"commentCount\":0,\"image\":{\"@id\":\"https:\\\/\\\/kibrisdakik.com\\\/?p=30128#primaryimage\"},\"thumbnailUrl\":\"https:\\\/\\\/kibrisdakik.com\\\/wp-content\\\/uploads\\\/2024\\\/02\\\/fransa-duyurdu-ukrayna-ile-guvenlik-anlasmasi-imzalanacak-1708010580.webp.webp\",\"articleSection\":[\"G\u00fcndem\"],\"inLanguage\":\"tr\",\"potentialAction\":[{\"@type\":\"CommentAction\",\"name\":\"Comment\",\"target\":[\"https:\\\/\\\/kibrisdakik.com\\\/?p=30128#respond\"]}]},{\"@type\":\"WebPage\",\"@id\":\"https:\\\/\\\/kibrisdakik.com\\\/?p=30128\",\"url\":\"https:\\\/\\\/kibrisdakik.com\\\/?p=30128\",\"name\":\"Fransa duyurdu: Ukrayna ile g\u00fcvenlik anla\u015fmas\u0131 imzalanacak -\",\"isPartOf\":{\"@id\":\"https:\\\/\\\/kibrisdakik.com\\\/#website\"},\"primaryImageOfPage\":{\"@id\":\"https:\\\/\\\/kibrisdakik.com\\\/?p=30128#primaryimage\"},\"image\":{\"@id\":\"https:\\\/\\\/kibrisdakik.com\\\/?p=30128#primaryimage\"},\"thumbnailUrl\":\"https:\\\/\\\/kibrisdakik.com\\\/wp-content\\\/uploads\\\/2024\\\/02\\\/fransa-duyurdu-ukrayna-ile-guvenlik-anlasmasi-imzalanacak-1708010580.webp.webp\",\"datePublished\":\"2024-02-15T15:33:00+00:00\",\"author\":{\"@id\":\"https:\\\/\\\/kibrisdakik.com\\\/#\\\/schema\\\/person\\\/9cd9d437bbb44f72b73ba127e06d8e79\"},\"breadcrumb\":{\"@id\":\"https:\\\/\\\/kibrisdakik.com\\\/?p=30128#breadcrumb\"},\"inLanguage\":\"tr\",\"potentialAction\":[{\"@type\":\"ReadAction\",\"target\":[\"https:\\\/\\\/kibrisdakik.com\\\/?p=30128\"]}]},{\"@type\":\"ImageObject\",\"inLanguage\":\"tr\",\"@id\":\"https:\\\/\\\/kibrisdakik.com\\\/?p=30128#primaryimage\",\"url\":\"https:\\\/\\\/kibrisdakik.com\\\/wp-content\\\/uploads\\\/2024\\\/02\\\/fransa-duyurdu-ukrayna-ile-guvenlik-anlasmasi-imzalanacak-1708010580.webp.webp\",\"contentUrl\":\"https:\\\/\\\/kibrisdakik.com\\\/wp-content\\\/uploads\\\/2024\\\/02\\\/fransa-duyurdu-ukrayna-ile-guvenlik-anlasmasi-imzalanacak-1708010580.webp.webp\",\"width\":710,\"height\":370},{\"@type\":\"BreadcrumbList\",\"@id\":\"https:\\\/\\\/kibrisdakik.com\\\/?p=30128#breadcrumb\",\"itemListElement\":[{\"@type\":\"ListItem\",\"position\":1,\"name\":\"Home\",\"item\":\"https:\\\/\\\/kibrisdakik.com\\\/\"},{\"@type\":\"ListItem\",\"position\":2,\"name\":\"Fransa duyurdu: Ukrayna ile g\u00fcvenlik anla\u015fmas\u0131 imzalanacak\"}]},{\"@type\":\"WebSite\",\"@id\":\"https:\\\/\\\/kibrisdakik.com\\\/#website\",\"url\":\"https:\\\/\\\/kibrisdakik.com\\\/\",\"name\":\"\",\"description\":\"Tam vaktinde haber\",\"potentialAction\":[{\"@type\":\"SearchAction\",\"target\":{\"@type\":\"EntryPoint\",\"urlTemplate\":\"https:\\\/\\\/kibrisdakik.com\\\/?s={search_term_string}\"},\"query-input\":{\"@type\":\"PropertyValueSpecification\",\"valueRequired\":true,\"valueName\":\"search_term_string\"}}],\"inLanguage\":\"tr\"},{\"@type\":\"Person\",\"@id\":\"https:\\\/\\\/kibrisdakik.com\\\/#\\\/schema\\\/person\\\/9cd9d437bbb44f72b73ba127e06d8e79\",\"name\":\"admin\",\"image\":{\"@type\":\"ImageObject\",\"inLanguage\":\"tr\",\"@id\":\"https:\\\/\\\/secure.gravatar.com\\\/avatar\\\/ccc17943b9d660506c869530f897617f7cb1c21a4bf30023f252596d83e1f007?s=96&d=mm&r=g\",\"url\":\"https:\\\/\\\/secure.gravatar.com\\\/avatar\\\/ccc17943b9d660506c869530f897617f7cb1c21a4bf30023f252596d83e1f007?s=96&d=mm&r=g\",\"contentUrl\":\"https:\\\/\\\/secure.gravatar.com\\\/avatar\\\/ccc17943b9d660506c869530f897617f7cb1c21a4bf30023f252596d83e1f007?s=96&d=mm&r=g\",\"caption\":\"admin\"},\"sameAs\":[\"https:\\\/\\\/kibrisdakik.com\"],\"url\":\"https:\\\/\\\/kibrisdakik.com\\\/?author=1\"}]}<\/script>\n<!-- \/ Yoast SEO plugin. -->","yoast_head_json":{"title":"Fransa duyurdu: Ukrayna ile g\u00fcvenlik anla\u015fmas\u0131 imzalanacak -","robots":{"index":"index","follow":"follow","max-snippet":"max-snippet:-1","max-image-preview":"max-image-preview:large","max-video-preview":"max-video-preview:-1"},"canonical":"https:\/\/kibrisdakik.com\/?p=30128","og_locale":"tr_TR","og_type":"article","og_title":"Fransa duyurdu: Ukrayna ile g\u00fcvenlik anla\u015fmas\u0131 imzalanacak -","og_description":"Cumhurba\u015fkanl\u0131\u011f\u0131 Saray\u0131 Elysee&#8217;den yap\u0131lan a\u00e7\u0131klamada iki liderin cephedeki durumu,&nbsp;Ukrayna&#8217;n\u0131n askeri, ekonomik ve insani ihtiya\u00e7lar\u0131n\u0131 ve \u00fclkenin&nbsp;Fransa&#8217;n\u0131n tam destek verdi\u011fi Avrupa Birli\u011fi&#8217;ne kat\u0131lma \u00e7abalar\u0131na ili\u015fkin m\u00fczakereleri de g\u00f6r\u00fc\u015fmede ele alacaklar\u0131 belirtildi. Anla\u015fman\u0131n kapsam\u0131 hakk\u0131nda ise detay payla\u015f\u0131lmad\u0131. Fakat askeri te\u00e7hizat tedariki, Ukrayna ordusunun e\u011fitimi ya da savunma sanayinin g\u00fc\u00e7lendirilmesi gibi konular\u0131n g\u00fcndemde olaca\u011f\u0131 tahmin ediliyor.&nbsp; Euronews","og_url":"https:\/\/kibrisdakik.com\/?p=30128","article_published_time":"2024-02-15T15:33:00+00:00","og_image":[{"width":710,"height":370,"url":"https:\/\/kibrisdakik.com\/wp-content\/uploads\/2024\/02\/fransa-duyurdu-ukrayna-ile-guvenlik-anlasmasi-imzalanacak-1708010580.webp.webp","type":"image\/webp"}],"author":"admin","twitter_card":"summary_large_image","twitter_misc":{"Yazan:":"admin","Tahmini okuma s\u00fcresi":"1 dakika"},"schema":{"@context":"https:\/\/schema.org","@graph":[{"@type":"Article","@id":"https:\/\/kibrisdakik.com\/?p=30128#article","isPartOf":{"@id":"https:\/\/kibrisdakik.com\/?p=30128"},"author":{"name":"admin","@id":"https:\/\/kibrisdakik.com\/#\/schema\/person\/9cd9d437bbb44f72b73ba127e06d8e79"},"headline":"Fransa duyurdu: Ukrayna ile g\u00fcvenlik anla\u015fmas\u0131 imzalanacak","datePublished":"2024-02-15T15:33:00+00:00","mainEntityOfPage":{"@id":"https:\/\/kibrisdakik.com\/?p=30128"},"wordCount":305,"commentCount":0,"image":{"@id":"https:\/\/kibrisdakik.com\/?p=30128#primaryimage"},"thumbnailUrl":"https:\/\/kibrisdakik.com\/wp-content\/uploads\/2024\/02\/fransa-duyurdu-ukrayna-ile-guvenlik-anlasmasi-imzalanacak-1708010580.webp.webp","articleSection":["G\u00fcndem"],"inLanguage":"tr","potentialAction":[{"@type":"CommentAction","name":"Comment","target":["https:\/\/kibrisdakik.com\/?p=30128#respond"]}]},{"@type":"WebPage","@id":"https:\/\/kibrisdakik.com\/?p=30128","url":"https:\/\/kibrisdakik.com\/?p=30128","name":"Fransa duyurdu: Ukrayna ile g\u00fcvenlik anla\u015fmas\u0131 imzalanacak -","isPartOf":{"@id":"https:\/\/kibrisdakik.com\/#website"},"primaryImageOfPage":{"@id":"https:\/\/kibrisdakik.com\/?p=30128#primaryimage"},"image":{"@id":"https:\/\/kibrisdakik.com\/?p=30128#primaryimage"},"thumbnailUrl":"https:\/\/kibrisdakik.com\/wp-content\/uploads\/2024\/02\/fransa-duyurdu-ukrayna-ile-guvenlik-anlasmasi-imzalanacak-1708010580.webp.webp","datePublished":"2024-02-15T15:33:00+00:00","author":{"@id":"https:\/\/kibrisdakik.com\/#\/schema\/person\/9cd9d437bbb44f72b73ba127e06d8e79"},"breadcrumb":{"@id":"https:\/\/kibrisdakik.com\/?p=30128#breadcrumb"},"inLanguage":"tr","potentialAction":[{"@type":"ReadAction","target":["https:\/\/kibrisdakik.com\/?p=30128"]}]},{"@type":"ImageObject","inLanguage":"tr","@id":"https:\/\/kibrisdakik.com\/?p=30128#primaryimage","url":"https:\/\/kibrisdakik.com\/wp-content\/uploads\/2024\/02\/fransa-duyurdu-ukrayna-ile-guvenlik-anlasmasi-imzalanacak-1708010580.webp.webp","contentUrl":"https:\/\/kibrisdakik.com\/wp-content\/uploads\/2024\/02\/fransa-duyurdu-ukrayna-ile-guvenlik-anlasmasi-imzalanacak-1708010580.webp.webp","width":710,"height":370},{"@type":"BreadcrumbList","@id":"https:\/\/kibrisdakik.com\/?p=30128#breadcrumb","itemListElement":[{"@type":"ListItem","position":1,"name":"Home","item":"https:\/\/kibrisdakik.com\/"},{"@type":"ListItem","position":2,"name":"Fransa duyurdu: Ukrayna ile g\u00fcvenlik anla\u015fmas\u0131 imzalanacak"}]},{"@type":"WebSite","@id":"https:\/\/kibrisdakik.com\/#website","url":"https:\/\/kibrisdakik.com\/","name":"","description":"Tam vaktinde haber","potentialAction":[{"@type":"SearchAction","target":{"@type":"EntryPoint","urlTemplate":"https:\/\/kibrisdakik.com\/?s={search_term_string}"},"query-input":{"@type":"PropertyValueSpecification","valueRequired":true,"valueName":"search_term_string"}}],"inLanguage":"tr"},{"@type":"Person","@id":"https:\/\/kibrisdakik.com\/#\/schema\/person\/9cd9d437bbb44f72b73ba127e06d8e79","name":"admin","image":{"@type":"ImageObject","inLanguage":"tr","@id":"https:\/\/secure.gravatar.com\/avatar\/ccc17943b9d660506c869530f897617f7cb1c21a4bf30023f252596d83e1f007?s=96&d=mm&r=g","url":"https:\/\/secure.gravatar.com\/avatar\/ccc17943b9d660506c869530f897617f7cb1c21a4bf30023f252596d83e1f007?s=96&d=mm&r=g","contentUrl":"https:\/\/secure.gravatar.com\/avatar\/ccc17943b9d660506c869530f897617f7cb1c21a4bf30023f252596d83e1f007?s=96&d=mm&r=g","caption":"admin"},"sameAs":["https:\/\/kibrisdakik.com"],"url":"https:\/\/kibrisdakik.com\/?author=1"}]}},"_links":{"self":[{"href":"https:\/\/kibrisdakik.com\/index.php?rest_route=\/wp\/v2\/posts\/30128","targetHints":{"allow":["GET"]}}],"collection":[{"href":"https:\/\/kibrisdakik.com\/index.php?rest_route=\/wp\/v2\/posts"}],"about":[{"href":"https:\/\/kibrisdakik.com\/index.php?rest_route=\/wp\/v2\/types\/post"}],"author":[{"embeddable":true,"href":"https:\/\/kibrisdakik.com\/index.php?rest_route=\/wp\/v2\/users\/1"}],"replies":[{"embeddable":true,"href":"https:\/\/kibrisdakik.com\/index.php?rest_route=%2Fwp%2Fv2%2Fcomments&post=30128"}],"version-history":[{"count":0,"href":"https:\/\/kibrisdakik.com\/index.php?rest_route=\/wp\/v2\/posts\/30128\/revisions"}],"wp:featuredmedia":[{"embeddable":true,"href":"https:\/\/kibrisdakik.com\/index.php?rest_route=\/wp\/v2\/media\/30129"}],"wp:attachment":[{"href":"https:\/\/kibrisdakik.com\/index.php?rest_route=%2Fwp%2Fv2%2Fmedia&parent=30128"}],"wp:term":[{"taxonomy":"category","embeddable":true,"href":"https:\/\/kibrisdakik.com\/index.php?rest_route=%2Fwp%2Fv2%2Fcategories&post=30128"},{"taxonomy":"post_tag","embeddable":true,"href":"https:\/\/kibrisdakik.com\/index.php?rest_route=%2Fwp%2Fv2%2Ftags&post=30128"}],"curies":[{"name":"wp","href":"https:\/\/api.w.org\/{rel}","templated":true}]}}