{"id":30138,"date":"2024-02-15T16:35:23","date_gmt":"2024-02-15T16:35:23","guid":{"rendered":"https:\/\/kibrisdakik.com\/index.php\/2024\/02\/15\/gazimagusa-belediyesi-tir-garajini-tarim-bakanliginin-kullanimina-verdi-narenciye-ve-enginar-ihracatinda-kullanilacak\/"},"modified":"2024-02-15T16:35:23","modified_gmt":"2024-02-15T16:35:23","slug":"gazimagusa-belediyesi-tir-garajini-tarim-bakanliginin-kullanimina-verdi-narenciye-ve-enginar-ihracatinda-kullanilacak","status":"publish","type":"post","link":"https:\/\/kibrisdakik.com\/?p=30138","title":{"rendered":"Gazima\u011fusa Belediyesi t\u0131r garaj\u0131n\u0131 Tar\u0131m Bakanl\u0131\u011f\u0131n\u0131n kullan\u0131m\u0131na verdi&#8230;Narenciye ve enginar ihracat\u0131nda kullan\u0131lacak"},"content":{"rendered":"<p><img decoding=\"async\" src=\"https:\/\/www.kibristurk.com\/images\/haberler\/2024\/02\/gazimagusa-belediyesi-tir-garajini-tarim-bakanliginin-kullanimina-verdinarenciye-ve-enginar-ihracatinda-kullanilacak-1708013471.webp\" \/><\/p>\n<p style=\"text-align:left\"><span style=\"font-size:16px\"><span style=\"font-family:Merriweather,serif !important\"><span style=\"color:#000000\"><span style=\"background-color:#ffffff\">Tar\u0131m ve Do\u011fal Kaynaklar Bakanl\u0131\u011f\u0131ndan yap\u0131lan a\u00e7\u0131klamaya g\u00f6re, ya\u015fanan sorunlar, Gazima\u011fusa Liman Ba\u015fkanl\u0131\u011f\u0131nda, Tar\u0131m ve Do\u011fal Kaynaklar Bakan\u0131 H\u00fcseyin \u00c7avu\u015f\u2019un kat\u0131ld\u0131\u011f\u0131 toplant\u0131da ele ald\u0131.<\/span><\/span><\/span><\/span><\/p>\n<p style=\"text-align:left\"><span style=\"font-size:16px\"><span style=\"font-family:Merriweather,serif !important\"><span style=\"color:#000000\"><span style=\"background-color:#ffffff\">&nbsp;<\/span><\/span><\/span><\/span><\/p>\n<p style=\"text-align:left\"><span style=\"font-size:16px\"><span style=\"font-family:Merriweather,serif !important\"><span style=\"color:#000000\"><span style=\"background-color:#ffffff\">Toplant\u0131ya Gazima\u011fusa Kaymakam\u0131 \u00d6zden Keser ile Gazima\u011fusa Belediyesi ve Gazima\u011fusa Liman Ba\u015fkanl\u0131\u011f\u0131ndan yetkililer kat\u0131ld\u0131.<\/span><\/span><\/span><\/span><\/p>\n<p style=\"text-align:left\"><span style=\"font-size:16px\"><span style=\"font-family:Merriweather,serif !important\"><span style=\"color:#000000\"><span style=\"background-color:#ffffff\">&nbsp;<\/span><\/span><\/span><\/span><\/p>\n<p style=\"text-align:left\"><span style=\"font-size:16px\"><span style=\"font-family:Merriweather,serif !important\"><span style=\"color:#000000\"><span style=\"background-color:#ffffff\">A\u00e7\u0131klamada, Gazima\u011fusa Belediyesinin tasarrufunda bulunan, Larnaka yolundaki t\u0131r garaj\u0131n\u0131n, Tar\u0131m Bakanl\u0131\u011f\u0131n\u0131n kullan\u0131m\u0131na verilmesiyle sorunlar\u0131n son bulmas\u0131 beklendi\u011fi kaydedildi.<\/span><\/span><\/span><\/span><br \/>\n&nbsp;<\/p>\n<p style=\"text-align:left\"><span style=\"font-size:16px\"><span style=\"font-family:Merriweather,serif !important\"><span style=\"color:#000000\"><span style=\"background-color:#ffffff\">-T\u00fcrkiye\u2019ye ihra\u00e7 edilecek narenciye ve enginar, burada ila\u00e7lan\u0131p t\u0131rlara y\u00fcklendikten sonra limana g\u00f6t\u00fcr\u00fclecek<\/span><\/span><\/span><\/span><\/p>\n<p style=\"text-align:left\">\n<span style=\"font-size:16px\"><span style=\"font-family:Merriweather,serif !important\"><span style=\"color:#000000\"><span style=\"background-color:#ffffff\">\u0130la\u00e7laman\u0131n art\u0131k daha geni\u015f bir alanda yap\u0131lmas\u0131n\u0131n planlad\u0131\u011f\u0131 dile getirilen a\u00e7\u0131klamaya g\u00f6re,<br \/>\nT\u00fcrkiye\u2019ye ihra\u00e7 edilecek narenciye ve enginar, burada ila\u00e7lan\u0131p t\u0131rlara y\u00fcklendikten sonra limana g\u00f6t\u00fcr\u00fclecek.<\/span><\/span><\/span><\/span><\/p>\n<p style=\"text-align:left\">\n<span style=\"font-size:16px\"><span style=\"font-family:Merriweather,serif !important\"><span style=\"color:#000000\"><span style=\"background-color:#ffffff\">T\u00fcrkiye\u2019deki yetkililer de bu alanda, ihra\u00e7 olacak olan narenciye ve enginar\u0131 kontrol edebilecek.<\/p>\n<p>A\u00e7\u0131klamada \u201c\u00d6zellikle narenciye ve enginar \u00fcreticileri art\u0131k \u00fcrettikleri sebzeleri ve meyveleri, T\u00fcrkiye pazar\u0131na rahatl\u0131kla g\u00f6nderebilecek.\u201d ifadelerine yer verildi.<\/span><\/span><\/span><\/span><\/p>\n","protected":false},"excerpt":{"rendered":"<p>Tar\u0131m ve Do\u011fal Kaynaklar Bakanl\u0131\u011f\u0131ndan yap\u0131lan a\u00e7\u0131klamaya g\u00f6re, ya\u015fanan sorunlar, Gazima\u011fusa Liman Ba\u015fkanl\u0131\u011f\u0131nda, Tar\u0131m ve Do\u011fal Kaynaklar Bakan\u0131 H\u00fcseyin \u00c7avu\u015f\u2019un kat\u0131ld\u0131\u011f\u0131 toplant\u0131da ele ald\u0131. &nbsp; Toplant\u0131ya Gazima\u011fusa Kaymakam\u0131 \u00d6zden Keser ile Gazima\u011fusa Belediyesi ve Gazima\u011fusa Liman Ba\u015fkanl\u0131\u011f\u0131ndan yetkililer kat\u0131ld\u0131. &nbsp; A\u00e7\u0131klamada, Gazima\u011fusa Belediyesinin tasarrufunda bulunan, Larnaka yolundaki t\u0131r garaj\u0131n\u0131n, Tar\u0131m Bakanl\u0131\u011f\u0131n\u0131n kullan\u0131m\u0131na verilmesiyle sorunlar\u0131n son<\/p>\n","protected":false},"author":1,"featured_media":30139,"comment_status":"open","ping_status":"open","sticky":false,"template":"","format":"standard","meta":{"footnotes":""},"categories":[1],"tags":[],"class_list":["post-30138","post","type-post","status-publish","format-standard","has-post-thumbnail","hentry","category-gundem"],"yoast_head":"<!-- This site is optimized with the Yoast SEO plugin v27.5 - https:\/\/yoast.com\/product\/yoast-seo-wordpress\/ -->\n<title>Gazima\u011fusa Belediyesi t\u0131r garaj\u0131n\u0131 Tar\u0131m Bakanl\u0131\u011f\u0131n\u0131n kullan\u0131m\u0131na verdi...Narenciye ve enginar ihracat\u0131nda kullan\u0131lacak -<\/title>\n<meta name=\"robots\" content=\"index, follow, max-snippet:-1, max-image-preview:large, max-video-preview:-1\" \/>\n<link rel=\"canonical\" href=\"https:\/\/kibrisdakik.com\/?p=30138\" \/>\n<meta property=\"og:locale\" content=\"tr_TR\" \/>\n<meta property=\"og:type\" content=\"article\" \/>\n<meta property=\"og:title\" content=\"Gazima\u011fusa Belediyesi t\u0131r garaj\u0131n\u0131 Tar\u0131m Bakanl\u0131\u011f\u0131n\u0131n kullan\u0131m\u0131na verdi...Narenciye ve enginar ihracat\u0131nda kullan\u0131lacak -\" \/>\n<meta property=\"og:description\" content=\"Tar\u0131m ve Do\u011fal Kaynaklar Bakanl\u0131\u011f\u0131ndan yap\u0131lan a\u00e7\u0131klamaya g\u00f6re, ya\u015fanan sorunlar, Gazima\u011fusa Liman Ba\u015fkanl\u0131\u011f\u0131nda, Tar\u0131m ve Do\u011fal Kaynaklar Bakan\u0131 H\u00fcseyin \u00c7avu\u015f\u2019un kat\u0131ld\u0131\u011f\u0131 toplant\u0131da ele ald\u0131. &nbsp; Toplant\u0131ya Gazima\u011fusa Kaymakam\u0131 \u00d6zden Keser ile Gazima\u011fusa Belediyesi ve Gazima\u011fusa Liman Ba\u015fkanl\u0131\u011f\u0131ndan yetkililer kat\u0131ld\u0131. &nbsp; A\u00e7\u0131klamada, Gazima\u011fusa Belediyesinin tasarrufunda bulunan, Larnaka yolundaki t\u0131r garaj\u0131n\u0131n, Tar\u0131m Bakanl\u0131\u011f\u0131n\u0131n kullan\u0131m\u0131na verilmesiyle sorunlar\u0131n son\" \/>\n<meta property=\"og:url\" content=\"https:\/\/kibrisdakik.com\/?p=30138\" \/>\n<meta property=\"article:published_time\" content=\"2024-02-15T16:35:23+00:00\" \/>\n<meta property=\"og:image\" content=\"https:\/\/kibrisdakik.com\/wp-content\/uploads\/2024\/02\/gazimagusa-belediyesi-tir-garajini-tarim-bakanliginin-kullanimina-verdinarenciye-ve-enginar-ihracatinda-kullanilacak-1708013471.webp.webp\" \/>\n\t<meta property=\"og:image:width\" content=\"710\" \/>\n\t<meta property=\"og:image:height\" content=\"370\" \/>\n\t<meta property=\"og:image:type\" content=\"image\/webp\" \/>\n<meta name=\"author\" content=\"admin\" \/>\n<meta name=\"twitter:card\" content=\"summary_large_image\" \/>\n<meta name=\"twitter:label1\" content=\"Yazan:\" \/>\n\t<meta name=\"twitter:data1\" content=\"admin\" \/>\n\t<meta name=\"twitter:label2\" content=\"Tahmini okuma s\u00fcresi\" \/>\n\t<meta name=\"twitter:data2\" content=\"1 dakika\" \/>\n<script type=\"application\/ld+json\" class=\"yoast-schema-graph\">{\"@context\":\"https:\\\/\\\/schema.org\",\"@graph\":[{\"@type\":\"Article\",\"@id\":\"https:\\\/\\\/kibrisdakik.com\\\/?p=30138#article\",\"isPartOf\":{\"@id\":\"https:\\\/\\\/kibrisdakik.com\\\/?p=30138\"},\"author\":{\"name\":\"admin\",\"@id\":\"https:\\\/\\\/kibrisdakik.com\\\/#\\\/schema\\\/person\\\/9cd9d437bbb44f72b73ba127e06d8e79\"},\"headline\":\"Gazima\u011fusa Belediyesi t\u0131r garaj\u0131n\u0131 Tar\u0131m Bakanl\u0131\u011f\u0131n\u0131n kullan\u0131m\u0131na verdi&#8230;Narenciye ve enginar ihracat\u0131nda kullan\u0131lacak\",\"datePublished\":\"2024-02-15T16:35:23+00:00\",\"mainEntityOfPage\":{\"@id\":\"https:\\\/\\\/kibrisdakik.com\\\/?p=30138\"},\"wordCount\":220,\"commentCount\":0,\"image\":{\"@id\":\"https:\\\/\\\/kibrisdakik.com\\\/?p=30138#primaryimage\"},\"thumbnailUrl\":\"https:\\\/\\\/kibrisdakik.com\\\/wp-content\\\/uploads\\\/2024\\\/02\\\/gazimagusa-belediyesi-tir-garajini-tarim-bakanliginin-kullanimina-verdinarenciye-ve-enginar-ihracatinda-kullanilacak-1708013471.webp.webp\",\"articleSection\":[\"G\u00fcndem\"],\"inLanguage\":\"tr\",\"potentialAction\":[{\"@type\":\"CommentAction\",\"name\":\"Comment\",\"target\":[\"https:\\\/\\\/kibrisdakik.com\\\/?p=30138#respond\"]}]},{\"@type\":\"WebPage\",\"@id\":\"https:\\\/\\\/kibrisdakik.com\\\/?p=30138\",\"url\":\"https:\\\/\\\/kibrisdakik.com\\\/?p=30138\",\"name\":\"Gazima\u011fusa Belediyesi t\u0131r garaj\u0131n\u0131 Tar\u0131m Bakanl\u0131\u011f\u0131n\u0131n kullan\u0131m\u0131na verdi...Narenciye ve enginar ihracat\u0131nda kullan\u0131lacak -\",\"isPartOf\":{\"@id\":\"https:\\\/\\\/kibrisdakik.com\\\/#website\"},\"primaryImageOfPage\":{\"@id\":\"https:\\\/\\\/kibrisdakik.com\\\/?p=30138#primaryimage\"},\"image\":{\"@id\":\"https:\\\/\\\/kibrisdakik.com\\\/?p=30138#primaryimage\"},\"thumbnailUrl\":\"https:\\\/\\\/kibrisdakik.com\\\/wp-content\\\/uploads\\\/2024\\\/02\\\/gazimagusa-belediyesi-tir-garajini-tarim-bakanliginin-kullanimina-verdinarenciye-ve-enginar-ihracatinda-kullanilacak-1708013471.webp.webp\",\"datePublished\":\"2024-02-15T16:35:23+00:00\",\"author\":{\"@id\":\"https:\\\/\\\/kibrisdakik.com\\\/#\\\/schema\\\/person\\\/9cd9d437bbb44f72b73ba127e06d8e79\"},\"breadcrumb\":{\"@id\":\"https:\\\/\\\/kibrisdakik.com\\\/?p=30138#breadcrumb\"},\"inLanguage\":\"tr\",\"potentialAction\":[{\"@type\":\"ReadAction\",\"target\":[\"https:\\\/\\\/kibrisdakik.com\\\/?p=30138\"]}]},{\"@type\":\"ImageObject\",\"inLanguage\":\"tr\",\"@id\":\"https:\\\/\\\/kibrisdakik.com\\\/?p=30138#primaryimage\",\"url\":\"https:\\\/\\\/kibrisdakik.com\\\/wp-content\\\/uploads\\\/2024\\\/02\\\/gazimagusa-belediyesi-tir-garajini-tarim-bakanliginin-kullanimina-verdinarenciye-ve-enginar-ihracatinda-kullanilacak-1708013471.webp.webp\",\"contentUrl\":\"https:\\\/\\\/kibrisdakik.com\\\/wp-content\\\/uploads\\\/2024\\\/02\\\/gazimagusa-belediyesi-tir-garajini-tarim-bakanliginin-kullanimina-verdinarenciye-ve-enginar-ihracatinda-kullanilacak-1708013471.webp.webp\",\"width\":710,\"height\":370},{\"@type\":\"BreadcrumbList\",\"@id\":\"https:\\\/\\\/kibrisdakik.com\\\/?p=30138#breadcrumb\",\"itemListElement\":[{\"@type\":\"ListItem\",\"position\":1,\"name\":\"Home\",\"item\":\"https:\\\/\\\/kibrisdakik.com\\\/\"},{\"@type\":\"ListItem\",\"position\":2,\"name\":\"Gazima\u011fusa Belediyesi t\u0131r garaj\u0131n\u0131 Tar\u0131m Bakanl\u0131\u011f\u0131n\u0131n kullan\u0131m\u0131na verdi&#8230;Narenciye ve enginar ihracat\u0131nda kullan\u0131lacak\"}]},{\"@type\":\"WebSite\",\"@id\":\"https:\\\/\\\/kibrisdakik.com\\\/#website\",\"url\":\"https:\\\/\\\/kibrisdakik.com\\\/\",\"name\":\"\",\"description\":\"Tam vaktinde haber\",\"potentialAction\":[{\"@type\":\"SearchAction\",\"target\":{\"@type\":\"EntryPoint\",\"urlTemplate\":\"https:\\\/\\\/kibrisdakik.com\\\/?s={search_term_string}\"},\"query-input\":{\"@type\":\"PropertyValueSpecification\",\"valueRequired\":true,\"valueName\":\"search_term_string\"}}],\"inLanguage\":\"tr\"},{\"@type\":\"Person\",\"@id\":\"https:\\\/\\\/kibrisdakik.com\\\/#\\\/schema\\\/person\\\/9cd9d437bbb44f72b73ba127e06d8e79\",\"name\":\"admin\",\"image\":{\"@type\":\"ImageObject\",\"inLanguage\":\"tr\",\"@id\":\"https:\\\/\\\/secure.gravatar.com\\\/avatar\\\/ccc17943b9d660506c869530f897617f7cb1c21a4bf30023f252596d83e1f007?s=96&d=mm&r=g\",\"url\":\"https:\\\/\\\/secure.gravatar.com\\\/avatar\\\/ccc17943b9d660506c869530f897617f7cb1c21a4bf30023f252596d83e1f007?s=96&d=mm&r=g\",\"contentUrl\":\"https:\\\/\\\/secure.gravatar.com\\\/avatar\\\/ccc17943b9d660506c869530f897617f7cb1c21a4bf30023f252596d83e1f007?s=96&d=mm&r=g\",\"caption\":\"admin\"},\"sameAs\":[\"https:\\\/\\\/kibrisdakik.com\"],\"url\":\"https:\\\/\\\/kibrisdakik.com\\\/?author=1\"}]}<\/script>\n<!-- \/ Yoast SEO plugin. -->","yoast_head_json":{"title":"Gazima\u011fusa Belediyesi t\u0131r garaj\u0131n\u0131 Tar\u0131m Bakanl\u0131\u011f\u0131n\u0131n kullan\u0131m\u0131na verdi...Narenciye ve enginar ihracat\u0131nda kullan\u0131lacak -","robots":{"index":"index","follow":"follow","max-snippet":"max-snippet:-1","max-image-preview":"max-image-preview:large","max-video-preview":"max-video-preview:-1"},"canonical":"https:\/\/kibrisdakik.com\/?p=30138","og_locale":"tr_TR","og_type":"article","og_title":"Gazima\u011fusa Belediyesi t\u0131r garaj\u0131n\u0131 Tar\u0131m Bakanl\u0131\u011f\u0131n\u0131n kullan\u0131m\u0131na verdi...Narenciye ve enginar ihracat\u0131nda kullan\u0131lacak -","og_description":"Tar\u0131m ve Do\u011fal Kaynaklar Bakanl\u0131\u011f\u0131ndan yap\u0131lan a\u00e7\u0131klamaya g\u00f6re, ya\u015fanan sorunlar, Gazima\u011fusa Liman Ba\u015fkanl\u0131\u011f\u0131nda, Tar\u0131m ve Do\u011fal Kaynaklar Bakan\u0131 H\u00fcseyin \u00c7avu\u015f\u2019un kat\u0131ld\u0131\u011f\u0131 toplant\u0131da ele ald\u0131. &nbsp; Toplant\u0131ya Gazima\u011fusa Kaymakam\u0131 \u00d6zden Keser ile Gazima\u011fusa Belediyesi ve Gazima\u011fusa Liman Ba\u015fkanl\u0131\u011f\u0131ndan yetkililer kat\u0131ld\u0131. &nbsp; A\u00e7\u0131klamada, Gazima\u011fusa Belediyesinin tasarrufunda bulunan, Larnaka yolundaki t\u0131r garaj\u0131n\u0131n, Tar\u0131m Bakanl\u0131\u011f\u0131n\u0131n kullan\u0131m\u0131na verilmesiyle sorunlar\u0131n son","og_url":"https:\/\/kibrisdakik.com\/?p=30138","article_published_time":"2024-02-15T16:35:23+00:00","og_image":[{"width":710,"height":370,"url":"https:\/\/kibrisdakik.com\/wp-content\/uploads\/2024\/02\/gazimagusa-belediyesi-tir-garajini-tarim-bakanliginin-kullanimina-verdinarenciye-ve-enginar-ihracatinda-kullanilacak-1708013471.webp.webp","type":"image\/webp"}],"author":"admin","twitter_card":"summary_large_image","twitter_misc":{"Yazan:":"admin","Tahmini okuma s\u00fcresi":"1 dakika"},"schema":{"@context":"https:\/\/schema.org","@graph":[{"@type":"Article","@id":"https:\/\/kibrisdakik.com\/?p=30138#article","isPartOf":{"@id":"https:\/\/kibrisdakik.com\/?p=30138"},"author":{"name":"admin","@id":"https:\/\/kibrisdakik.com\/#\/schema\/person\/9cd9d437bbb44f72b73ba127e06d8e79"},"headline":"Gazima\u011fusa Belediyesi t\u0131r garaj\u0131n\u0131 Tar\u0131m Bakanl\u0131\u011f\u0131n\u0131n kullan\u0131m\u0131na verdi&#8230;Narenciye ve enginar ihracat\u0131nda kullan\u0131lacak","datePublished":"2024-02-15T16:35:23+00:00","mainEntityOfPage":{"@id":"https:\/\/kibrisdakik.com\/?p=30138"},"wordCount":220,"commentCount":0,"image":{"@id":"https:\/\/kibrisdakik.com\/?p=30138#primaryimage"},"thumbnailUrl":"https:\/\/kibrisdakik.com\/wp-content\/uploads\/2024\/02\/gazimagusa-belediyesi-tir-garajini-tarim-bakanliginin-kullanimina-verdinarenciye-ve-enginar-ihracatinda-kullanilacak-1708013471.webp.webp","articleSection":["G\u00fcndem"],"inLanguage":"tr","potentialAction":[{"@type":"CommentAction","name":"Comment","target":["https:\/\/kibrisdakik.com\/?p=30138#respond"]}]},{"@type":"WebPage","@id":"https:\/\/kibrisdakik.com\/?p=30138","url":"https:\/\/kibrisdakik.com\/?p=30138","name":"Gazima\u011fusa Belediyesi t\u0131r garaj\u0131n\u0131 Tar\u0131m Bakanl\u0131\u011f\u0131n\u0131n kullan\u0131m\u0131na verdi...Narenciye ve enginar ihracat\u0131nda kullan\u0131lacak -","isPartOf":{"@id":"https:\/\/kibrisdakik.com\/#website"},"primaryImageOfPage":{"@id":"https:\/\/kibrisdakik.com\/?p=30138#primaryimage"},"image":{"@id":"https:\/\/kibrisdakik.com\/?p=30138#primaryimage"},"thumbnailUrl":"https:\/\/kibrisdakik.com\/wp-content\/uploads\/2024\/02\/gazimagusa-belediyesi-tir-garajini-tarim-bakanliginin-kullanimina-verdinarenciye-ve-enginar-ihracatinda-kullanilacak-1708013471.webp.webp","datePublished":"2024-02-15T16:35:23+00:00","author":{"@id":"https:\/\/kibrisdakik.com\/#\/schema\/person\/9cd9d437bbb44f72b73ba127e06d8e79"},"breadcrumb":{"@id":"https:\/\/kibrisdakik.com\/?p=30138#breadcrumb"},"inLanguage":"tr","potentialAction":[{"@type":"ReadAction","target":["https:\/\/kibrisdakik.com\/?p=30138"]}]},{"@type":"ImageObject","inLanguage":"tr","@id":"https:\/\/kibrisdakik.com\/?p=30138#primaryimage","url":"https:\/\/kibrisdakik.com\/wp-content\/uploads\/2024\/02\/gazimagusa-belediyesi-tir-garajini-tarim-bakanliginin-kullanimina-verdinarenciye-ve-enginar-ihracatinda-kullanilacak-1708013471.webp.webp","contentUrl":"https:\/\/kibrisdakik.com\/wp-content\/uploads\/2024\/02\/gazimagusa-belediyesi-tir-garajini-tarim-bakanliginin-kullanimina-verdinarenciye-ve-enginar-ihracatinda-kullanilacak-1708013471.webp.webp","width":710,"height":370},{"@type":"BreadcrumbList","@id":"https:\/\/kibrisdakik.com\/?p=30138#breadcrumb","itemListElement":[{"@type":"ListItem","position":1,"name":"Home","item":"https:\/\/kibrisdakik.com\/"},{"@type":"ListItem","position":2,"name":"Gazima\u011fusa Belediyesi t\u0131r garaj\u0131n\u0131 Tar\u0131m Bakanl\u0131\u011f\u0131n\u0131n kullan\u0131m\u0131na verdi&#8230;Narenciye ve enginar ihracat\u0131nda kullan\u0131lacak"}]},{"@type":"WebSite","@id":"https:\/\/kibrisdakik.com\/#website","url":"https:\/\/kibrisdakik.com\/","name":"","description":"Tam vaktinde haber","potentialAction":[{"@type":"SearchAction","target":{"@type":"EntryPoint","urlTemplate":"https:\/\/kibrisdakik.com\/?s={search_term_string}"},"query-input":{"@type":"PropertyValueSpecification","valueRequired":true,"valueName":"search_term_string"}}],"inLanguage":"tr"},{"@type":"Person","@id":"https:\/\/kibrisdakik.com\/#\/schema\/person\/9cd9d437bbb44f72b73ba127e06d8e79","name":"admin","image":{"@type":"ImageObject","inLanguage":"tr","@id":"https:\/\/secure.gravatar.com\/avatar\/ccc17943b9d660506c869530f897617f7cb1c21a4bf30023f252596d83e1f007?s=96&d=mm&r=g","url":"https:\/\/secure.gravatar.com\/avatar\/ccc17943b9d660506c869530f897617f7cb1c21a4bf30023f252596d83e1f007?s=96&d=mm&r=g","contentUrl":"https:\/\/secure.gravatar.com\/avatar\/ccc17943b9d660506c869530f897617f7cb1c21a4bf30023f252596d83e1f007?s=96&d=mm&r=g","caption":"admin"},"sameAs":["https:\/\/kibrisdakik.com"],"url":"https:\/\/kibrisdakik.com\/?author=1"}]}},"_links":{"self":[{"href":"https:\/\/kibrisdakik.com\/index.php?rest_route=\/wp\/v2\/posts\/30138","targetHints":{"allow":["GET"]}}],"collection":[{"href":"https:\/\/kibrisdakik.com\/index.php?rest_route=\/wp\/v2\/posts"}],"about":[{"href":"https:\/\/kibrisdakik.com\/index.php?rest_route=\/wp\/v2\/types\/post"}],"author":[{"embeddable":true,"href":"https:\/\/kibrisdakik.com\/index.php?rest_route=\/wp\/v2\/users\/1"}],"replies":[{"embeddable":true,"href":"https:\/\/kibrisdakik.com\/index.php?rest_route=%2Fwp%2Fv2%2Fcomments&post=30138"}],"version-history":[{"count":0,"href":"https:\/\/kibrisdakik.com\/index.php?rest_route=\/wp\/v2\/posts\/30138\/revisions"}],"wp:featuredmedia":[{"embeddable":true,"href":"https:\/\/kibrisdakik.com\/index.php?rest_route=\/wp\/v2\/media\/30139"}],"wp:attachment":[{"href":"https:\/\/kibrisdakik.com\/index.php?rest_route=%2Fwp%2Fv2%2Fmedia&parent=30138"}],"wp:term":[{"taxonomy":"category","embeddable":true,"href":"https:\/\/kibrisdakik.com\/index.php?rest_route=%2Fwp%2Fv2%2Fcategories&post=30138"},{"taxonomy":"post_tag","embeddable":true,"href":"https:\/\/kibrisdakik.com\/index.php?rest_route=%2Fwp%2Fv2%2Ftags&post=30138"}],"curies":[{"name":"wp","href":"https:\/\/api.w.org\/{rel}","templated":true}]}}