{"id":30142,"date":"2024-02-15T16:48:13","date_gmt":"2024-02-15T16:48:13","guid":{"rendered":"https:\/\/kibrisdakik.com\/index.php\/2024\/02\/15\/dincyurek-parkinson-hastalarinin-istemsiz-hareketlerini-istemli-hareketlere-donusturecek-beyin-ameliyati-yapildi\/"},"modified":"2024-02-15T16:48:13","modified_gmt":"2024-02-15T16:48:13","slug":"dincyurek-parkinson-hastalarinin-istemsiz-hareketlerini-istemli-hareketlere-donusturecek-beyin-ameliyati-yapildi","status":"publish","type":"post","link":"https:\/\/kibrisdakik.com\/?p=30142","title":{"rendered":"Din\u00e7y\u00fcrek: &quot;Parkinson hastalar\u0131n\u0131n istemsiz hareketlerini istemli hareketlere d\u00f6n\u00fc\u015ft\u00fcrecek beyin ameliyat\u0131 yap\u0131ld\u0131&quot;"},"content":{"rendered":"<p><img decoding=\"async\" src=\"https:\/\/www.kibristurk.com\/images\/haberler\/2024\/02\/dincyurek-parkinson-hastalarinin-istemsiz-hareketlerini-istemli-hareketlere-donusturecek-beyin-ameliyati-yapildi-1708012234.webp\" \/><\/p>\n<p style=\"text-align:left\"><span style=\"font-size:16px\"><span style=\"font-family:Merriweather,serif !important\"><span style=\"color:#000000\"><span style=\"background-color:#ffffff\">Din\u00e7y\u00fcrek yaz\u0131l\u0131 a\u00e7\u0131klamas\u0131nda, ameliyat esnas\u0131nda ekibin \u00e7al\u0131\u015fmalar\u0131n\u0131 bir m\u00fcddet inceledi\u011fini ve bilgisayar destekli ameliyat s\u0131ras\u0131nda, beyne bir elektrot yerle\u015ftirilerek bir pil vas\u0131tas\u0131yla beyindeki uyar\u0131lar\u0131n d\u00fczenlendi\u011fini ve hastan\u0131n istemsiz kas\u0131lmalar\u0131ndan an\u0131nda kurtuldu\u011funu belirtti.<\/span><\/span><\/span><\/span><\/p>\n<p style=\"text-align:left\"><span style=\"font-size:16px\"><span style=\"font-family:Merriweather,serif !important\"><span style=\"color:#000000\"><span style=\"background-color:#ffffff\">Hastan\u0131n sa\u011fl\u0131\u011f\u0131na kavu\u015fmas\u0131 ve bu ameliyat\u0131n KKTC\u2019de ger\u00e7ekle\u015ftirilmesinin \u00f6nemine vurgu yapan Din\u00e7y\u00fcrek, benzer ameliyatlar\u0131n T\u00fcrkiye&#8217;de de sadece belirli merkezlerde yap\u0131ld\u0131\u011f\u0131n\u0131 ve KKTC&#8217;de bu ameliyat\u0131n yap\u0131lmas\u0131n\u0131n \u00f6nemli bir geli\u015fme oldu\u011funu kaydetti. Din\u00e7y\u00fcrtek, eme\u011fi ge\u00e7en t\u00fcm ekibe te\u015fekk\u00fcr etti.<\/span><\/span><\/span><\/span><\/p>\n<p style=\"text-align:left\"><span style=\"font-size:16px\"><span style=\"font-family:Merriweather,serif !important\"><span style=\"color:#000000\"><span style=\"background-color:#ffffff\">-U\u00e7ar<\/span><\/span><\/span><\/span><\/p>\n<p style=\"text-align:left\"><span style=\"font-size:16px\"><span style=\"font-family:Merriweather,serif !important\"><span style=\"color:#000000\"><span style=\"background-color:#ffffff\">KKTC&#8217;de ilk kez ger\u00e7ekle\u015ftirilen ameliyata e\u015flik eden Beyin ve Sinir Cerrahisi Uzman\u0131 Prof. Dr. Tanju U\u00e7ar, bu t\u00fcr ameliyatlar\u0131n beyin cerrahisi alan\u0131nda giderek daha fazla kullan\u0131ld\u0131\u011f\u0131n\u0131 belirtti. U\u00e7ar, Parkinson hastalar\u0131 ba\u015fta olmak \u00fczere, \u00e7e\u015fitli hareket bozukluklar\u0131, titremeler ve psikiyatrik hastal\u0131klar gibi bir\u00e7ok durumda kullan\u0131lan bu cerrahi tedavi y\u00f6nteminin modern teknolojiyle birle\u015ferek \u00e7ok \u00f6nemli bir hale geldi\u011fini vurgulad\u0131. U\u00e7ar, bu ameliyat\u0131n KKTC&#8217;de yap\u0131lmas\u0131n\u0131n \u00f6nemine de dikkat \u00e7ekti.<\/span><\/span><\/span><\/span><\/p>\n<p style=\"text-align:left\"><span style=\"font-size:16px\"><span style=\"font-family:Merriweather,serif !important\"><span style=\"color:#000000\"><span style=\"background-color:#ffffff\">-Ozankaya<\/span><\/span><\/span><\/span><\/p>\n<p style=\"text-align:left\"><span style=\"font-size:16px\"><span style=\"font-family:Merriweather,serif !important\"><span style=\"color:#000000\"><span style=\"background-color:#ffffff\">Burhan Nalbanto\u011flu Devlet Hastanesi Beyin ve Sinir Cerrahisi Uzman\u0131 Dr. \u00c7a\u011f\u0131n Ozankaya ise Prof. Dr. Tanju U\u00e7ar&#8217;\u0131n operasyona b\u00fcy\u00fck katk\u0131lar\u0131 oldu\u011funu vurgulayarak, bu konuda ald\u0131klar\u0131 e\u011fitim, uygulama safhas\u0131ndaki ve fonksiyonel n\u00f6ro\u015firurji konusundaki deste\u011fi i\u00e7in U\u00e7ar\u2019a te\u015fekk\u00fcr etti.<\/span><\/span><\/span><\/span><\/p>\n<p style=\"text-align:left\"><span style=\"font-size:16px\"><span style=\"font-family:Merriweather,serif !important\"><span style=\"color:#000000\"><span style=\"background-color:#ffffff\">62 ya\u015f\u0131nda bir kad\u0131n hastaya yap\u0131lan ameliyat\u0131n ba\u015far\u0131yla tamamland\u0131\u011f\u0131n\u0131, hastan\u0131n durumunun iyi oldu\u011funu belirten Ozankaya, bu geli\u015fmeyle &nbsp;\u00f6nemli bir ad\u0131m at\u0131ld\u0131\u011f\u0131n\u0131 ve hastalar\u0131n sa\u011fl\u0131\u011f\u0131na y\u00f6nelik umut verici bir gelecek sunuldu\u011funu vurgulad\u0131.&nbsp;<\/span><\/span><\/span><\/span><\/p>\n<p style=\"text-align:left\"><span style=\"font-size:16px\"><span style=\"font-family:Merriweather,serif !important\"><span style=\"color:#000000\"><span style=\"background-color:#ffffff\">Ozankaya, Bakan Din\u00e7y\u00fcrek\u2019e bu a\u015famaya gelene dek sa\u011flad\u0131\u011f\u0131 her t\u00fcrl\u00fc imkan ve destek i\u00e7in te\u015fekk\u00fcr de etti.<\/span><\/span><\/span><\/span><\/p>\n","protected":false},"excerpt":{"rendered":"<p>Din\u00e7y\u00fcrek yaz\u0131l\u0131 a\u00e7\u0131klamas\u0131nda, ameliyat esnas\u0131nda ekibin \u00e7al\u0131\u015fmalar\u0131n\u0131 bir m\u00fcddet inceledi\u011fini ve bilgisayar destekli ameliyat s\u0131ras\u0131nda, beyne bir elektrot yerle\u015ftirilerek bir pil vas\u0131tas\u0131yla beyindeki uyar\u0131lar\u0131n d\u00fczenlendi\u011fini ve hastan\u0131n istemsiz kas\u0131lmalar\u0131ndan an\u0131nda kurtuldu\u011funu belirtti. Hastan\u0131n sa\u011fl\u0131\u011f\u0131na kavu\u015fmas\u0131 ve bu ameliyat\u0131n KKTC\u2019de ger\u00e7ekle\u015ftirilmesinin \u00f6nemine vurgu yapan Din\u00e7y\u00fcrek, benzer ameliyatlar\u0131n T\u00fcrkiye&#8217;de de sadece belirli merkezlerde yap\u0131ld\u0131\u011f\u0131n\u0131 ve KKTC&#8217;de bu<\/p>\n","protected":false},"author":1,"featured_media":30143,"comment_status":"open","ping_status":"open","sticky":false,"template":"","format":"standard","meta":{"footnotes":""},"categories":[79],"tags":[],"class_list":["post-30142","post","type-post","status-publish","format-standard","has-post-thumbnail","hentry","category-ekonomi"],"yoast_head":"<!-- This site is optimized with the Yoast SEO plugin v27.5 - https:\/\/yoast.com\/product\/yoast-seo-wordpress\/ -->\n<title>Din\u00e7y\u00fcrek: &quot;Parkinson hastalar\u0131n\u0131n istemsiz hareketlerini istemli hareketlere d\u00f6n\u00fc\u015ft\u00fcrecek beyin ameliyat\u0131 yap\u0131ld\u0131&quot; -<\/title>\n<meta name=\"robots\" content=\"index, follow, max-snippet:-1, max-image-preview:large, max-video-preview:-1\" \/>\n<link rel=\"canonical\" href=\"https:\/\/kibrisdakik.com\/?p=30142\" \/>\n<meta property=\"og:locale\" content=\"tr_TR\" \/>\n<meta property=\"og:type\" content=\"article\" \/>\n<meta property=\"og:title\" content=\"Din\u00e7y\u00fcrek: &quot;Parkinson hastalar\u0131n\u0131n istemsiz hareketlerini istemli hareketlere d\u00f6n\u00fc\u015ft\u00fcrecek beyin ameliyat\u0131 yap\u0131ld\u0131&quot; -\" \/>\n<meta property=\"og:description\" content=\"Din\u00e7y\u00fcrek yaz\u0131l\u0131 a\u00e7\u0131klamas\u0131nda, ameliyat esnas\u0131nda ekibin \u00e7al\u0131\u015fmalar\u0131n\u0131 bir m\u00fcddet inceledi\u011fini ve bilgisayar destekli ameliyat s\u0131ras\u0131nda, beyne bir elektrot yerle\u015ftirilerek bir pil vas\u0131tas\u0131yla beyindeki uyar\u0131lar\u0131n d\u00fczenlendi\u011fini ve hastan\u0131n istemsiz kas\u0131lmalar\u0131ndan an\u0131nda kurtuldu\u011funu belirtti. Hastan\u0131n sa\u011fl\u0131\u011f\u0131na kavu\u015fmas\u0131 ve bu ameliyat\u0131n KKTC\u2019de ger\u00e7ekle\u015ftirilmesinin \u00f6nemine vurgu yapan Din\u00e7y\u00fcrek, benzer ameliyatlar\u0131n T\u00fcrkiye&#8217;de de sadece belirli merkezlerde yap\u0131ld\u0131\u011f\u0131n\u0131 ve KKTC&#8217;de bu\" \/>\n<meta property=\"og:url\" content=\"https:\/\/kibrisdakik.com\/?p=30142\" \/>\n<meta property=\"article:published_time\" content=\"2024-02-15T16:48:13+00:00\" \/>\n<meta property=\"og:image\" content=\"https:\/\/kibrisdakik.com\/wp-content\/uploads\/2024\/02\/dincyurek-parkinson-hastalarinin-istemsiz-hareketlerini-istemli-hareketlere-donusturecek-beyin-ameliyati-yapildi-1708012234.webp.webp\" \/>\n\t<meta property=\"og:image:width\" content=\"710\" \/>\n\t<meta property=\"og:image:height\" content=\"370\" \/>\n\t<meta property=\"og:image:type\" content=\"image\/webp\" \/>\n<meta name=\"author\" content=\"admin\" \/>\n<meta name=\"twitter:card\" content=\"summary_large_image\" \/>\n<meta name=\"twitter:label1\" content=\"Yazan:\" \/>\n\t<meta name=\"twitter:data1\" content=\"admin\" \/>\n\t<meta name=\"twitter:label2\" content=\"Tahmini okuma s\u00fcresi\" \/>\n\t<meta name=\"twitter:data2\" content=\"2 dakika\" \/>\n<script type=\"application\/ld+json\" class=\"yoast-schema-graph\">{\"@context\":\"https:\\\/\\\/schema.org\",\"@graph\":[{\"@type\":\"Article\",\"@id\":\"https:\\\/\\\/kibrisdakik.com\\\/?p=30142#article\",\"isPartOf\":{\"@id\":\"https:\\\/\\\/kibrisdakik.com\\\/?p=30142\"},\"author\":{\"name\":\"admin\",\"@id\":\"https:\\\/\\\/kibrisdakik.com\\\/#\\\/schema\\\/person\\\/9cd9d437bbb44f72b73ba127e06d8e79\"},\"headline\":\"Din\u00e7y\u00fcrek: &quot;Parkinson hastalar\u0131n\u0131n istemsiz hareketlerini istemli hareketlere d\u00f6n\u00fc\u015ft\u00fcrecek beyin ameliyat\u0131 yap\u0131ld\u0131&quot;\",\"datePublished\":\"2024-02-15T16:48:13+00:00\",\"mainEntityOfPage\":{\"@id\":\"https:\\\/\\\/kibrisdakik.com\\\/?p=30142\"},\"wordCount\":365,\"commentCount\":0,\"image\":{\"@id\":\"https:\\\/\\\/kibrisdakik.com\\\/?p=30142#primaryimage\"},\"thumbnailUrl\":\"https:\\\/\\\/kibrisdakik.com\\\/wp-content\\\/uploads\\\/2024\\\/02\\\/dincyurek-parkinson-hastalarinin-istemsiz-hareketlerini-istemli-hareketlere-donusturecek-beyin-ameliyati-yapildi-1708012234.webp.webp\",\"articleSection\":[\"Ekonomi\"],\"inLanguage\":\"tr\",\"potentialAction\":[{\"@type\":\"CommentAction\",\"name\":\"Comment\",\"target\":[\"https:\\\/\\\/kibrisdakik.com\\\/?p=30142#respond\"]}]},{\"@type\":\"WebPage\",\"@id\":\"https:\\\/\\\/kibrisdakik.com\\\/?p=30142\",\"url\":\"https:\\\/\\\/kibrisdakik.com\\\/?p=30142\",\"name\":\"Din\u00e7y\u00fcrek: &quot;Parkinson hastalar\u0131n\u0131n istemsiz hareketlerini istemli hareketlere d\u00f6n\u00fc\u015ft\u00fcrecek beyin ameliyat\u0131 yap\u0131ld\u0131&quot; -\",\"isPartOf\":{\"@id\":\"https:\\\/\\\/kibrisdakik.com\\\/#website\"},\"primaryImageOfPage\":{\"@id\":\"https:\\\/\\\/kibrisdakik.com\\\/?p=30142#primaryimage\"},\"image\":{\"@id\":\"https:\\\/\\\/kibrisdakik.com\\\/?p=30142#primaryimage\"},\"thumbnailUrl\":\"https:\\\/\\\/kibrisdakik.com\\\/wp-content\\\/uploads\\\/2024\\\/02\\\/dincyurek-parkinson-hastalarinin-istemsiz-hareketlerini-istemli-hareketlere-donusturecek-beyin-ameliyati-yapildi-1708012234.webp.webp\",\"datePublished\":\"2024-02-15T16:48:13+00:00\",\"author\":{\"@id\":\"https:\\\/\\\/kibrisdakik.com\\\/#\\\/schema\\\/person\\\/9cd9d437bbb44f72b73ba127e06d8e79\"},\"breadcrumb\":{\"@id\":\"https:\\\/\\\/kibrisdakik.com\\\/?p=30142#breadcrumb\"},\"inLanguage\":\"tr\",\"potentialAction\":[{\"@type\":\"ReadAction\",\"target\":[\"https:\\\/\\\/kibrisdakik.com\\\/?p=30142\"]}]},{\"@type\":\"ImageObject\",\"inLanguage\":\"tr\",\"@id\":\"https:\\\/\\\/kibrisdakik.com\\\/?p=30142#primaryimage\",\"url\":\"https:\\\/\\\/kibrisdakik.com\\\/wp-content\\\/uploads\\\/2024\\\/02\\\/dincyurek-parkinson-hastalarinin-istemsiz-hareketlerini-istemli-hareketlere-donusturecek-beyin-ameliyati-yapildi-1708012234.webp.webp\",\"contentUrl\":\"https:\\\/\\\/kibrisdakik.com\\\/wp-content\\\/uploads\\\/2024\\\/02\\\/dincyurek-parkinson-hastalarinin-istemsiz-hareketlerini-istemli-hareketlere-donusturecek-beyin-ameliyati-yapildi-1708012234.webp.webp\",\"width\":710,\"height\":370},{\"@type\":\"BreadcrumbList\",\"@id\":\"https:\\\/\\\/kibrisdakik.com\\\/?p=30142#breadcrumb\",\"itemListElement\":[{\"@type\":\"ListItem\",\"position\":1,\"name\":\"Home\",\"item\":\"https:\\\/\\\/kibrisdakik.com\\\/\"},{\"@type\":\"ListItem\",\"position\":2,\"name\":\"Din\u00e7y\u00fcrek: &quot;Parkinson hastalar\u0131n\u0131n istemsiz hareketlerini istemli hareketlere d\u00f6n\u00fc\u015ft\u00fcrecek beyin ameliyat\u0131 yap\u0131ld\u0131&quot;\"}]},{\"@type\":\"WebSite\",\"@id\":\"https:\\\/\\\/kibrisdakik.com\\\/#website\",\"url\":\"https:\\\/\\\/kibrisdakik.com\\\/\",\"name\":\"\",\"description\":\"Tam vaktinde haber\",\"potentialAction\":[{\"@type\":\"SearchAction\",\"target\":{\"@type\":\"EntryPoint\",\"urlTemplate\":\"https:\\\/\\\/kibrisdakik.com\\\/?s={search_term_string}\"},\"query-input\":{\"@type\":\"PropertyValueSpecification\",\"valueRequired\":true,\"valueName\":\"search_term_string\"}}],\"inLanguage\":\"tr\"},{\"@type\":\"Person\",\"@id\":\"https:\\\/\\\/kibrisdakik.com\\\/#\\\/schema\\\/person\\\/9cd9d437bbb44f72b73ba127e06d8e79\",\"name\":\"admin\",\"image\":{\"@type\":\"ImageObject\",\"inLanguage\":\"tr\",\"@id\":\"https:\\\/\\\/secure.gravatar.com\\\/avatar\\\/ccc17943b9d660506c869530f897617f7cb1c21a4bf30023f252596d83e1f007?s=96&d=mm&r=g\",\"url\":\"https:\\\/\\\/secure.gravatar.com\\\/avatar\\\/ccc17943b9d660506c869530f897617f7cb1c21a4bf30023f252596d83e1f007?s=96&d=mm&r=g\",\"contentUrl\":\"https:\\\/\\\/secure.gravatar.com\\\/avatar\\\/ccc17943b9d660506c869530f897617f7cb1c21a4bf30023f252596d83e1f007?s=96&d=mm&r=g\",\"caption\":\"admin\"},\"sameAs\":[\"https:\\\/\\\/kibrisdakik.com\"],\"url\":\"https:\\\/\\\/kibrisdakik.com\\\/?author=1\"}]}<\/script>\n<!-- \/ Yoast SEO plugin. -->","yoast_head_json":{"title":"Din\u00e7y\u00fcrek: &quot;Parkinson hastalar\u0131n\u0131n istemsiz hareketlerini istemli hareketlere d\u00f6n\u00fc\u015ft\u00fcrecek beyin ameliyat\u0131 yap\u0131ld\u0131&quot; -","robots":{"index":"index","follow":"follow","max-snippet":"max-snippet:-1","max-image-preview":"max-image-preview:large","max-video-preview":"max-video-preview:-1"},"canonical":"https:\/\/kibrisdakik.com\/?p=30142","og_locale":"tr_TR","og_type":"article","og_title":"Din\u00e7y\u00fcrek: &quot;Parkinson hastalar\u0131n\u0131n istemsiz hareketlerini istemli hareketlere d\u00f6n\u00fc\u015ft\u00fcrecek beyin ameliyat\u0131 yap\u0131ld\u0131&quot; -","og_description":"Din\u00e7y\u00fcrek yaz\u0131l\u0131 a\u00e7\u0131klamas\u0131nda, ameliyat esnas\u0131nda ekibin \u00e7al\u0131\u015fmalar\u0131n\u0131 bir m\u00fcddet inceledi\u011fini ve bilgisayar destekli ameliyat s\u0131ras\u0131nda, beyne bir elektrot yerle\u015ftirilerek bir pil vas\u0131tas\u0131yla beyindeki uyar\u0131lar\u0131n d\u00fczenlendi\u011fini ve hastan\u0131n istemsiz kas\u0131lmalar\u0131ndan an\u0131nda kurtuldu\u011funu belirtti. Hastan\u0131n sa\u011fl\u0131\u011f\u0131na kavu\u015fmas\u0131 ve bu ameliyat\u0131n KKTC\u2019de ger\u00e7ekle\u015ftirilmesinin \u00f6nemine vurgu yapan Din\u00e7y\u00fcrek, benzer ameliyatlar\u0131n T\u00fcrkiye&#8217;de de sadece belirli merkezlerde yap\u0131ld\u0131\u011f\u0131n\u0131 ve KKTC&#8217;de bu","og_url":"https:\/\/kibrisdakik.com\/?p=30142","article_published_time":"2024-02-15T16:48:13+00:00","og_image":[{"width":710,"height":370,"url":"https:\/\/kibrisdakik.com\/wp-content\/uploads\/2024\/02\/dincyurek-parkinson-hastalarinin-istemsiz-hareketlerini-istemli-hareketlere-donusturecek-beyin-ameliyati-yapildi-1708012234.webp.webp","type":"image\/webp"}],"author":"admin","twitter_card":"summary_large_image","twitter_misc":{"Yazan:":"admin","Tahmini okuma s\u00fcresi":"2 dakika"},"schema":{"@context":"https:\/\/schema.org","@graph":[{"@type":"Article","@id":"https:\/\/kibrisdakik.com\/?p=30142#article","isPartOf":{"@id":"https:\/\/kibrisdakik.com\/?p=30142"},"author":{"name":"admin","@id":"https:\/\/kibrisdakik.com\/#\/schema\/person\/9cd9d437bbb44f72b73ba127e06d8e79"},"headline":"Din\u00e7y\u00fcrek: &quot;Parkinson hastalar\u0131n\u0131n istemsiz hareketlerini istemli hareketlere d\u00f6n\u00fc\u015ft\u00fcrecek beyin ameliyat\u0131 yap\u0131ld\u0131&quot;","datePublished":"2024-02-15T16:48:13+00:00","mainEntityOfPage":{"@id":"https:\/\/kibrisdakik.com\/?p=30142"},"wordCount":365,"commentCount":0,"image":{"@id":"https:\/\/kibrisdakik.com\/?p=30142#primaryimage"},"thumbnailUrl":"https:\/\/kibrisdakik.com\/wp-content\/uploads\/2024\/02\/dincyurek-parkinson-hastalarinin-istemsiz-hareketlerini-istemli-hareketlere-donusturecek-beyin-ameliyati-yapildi-1708012234.webp.webp","articleSection":["Ekonomi"],"inLanguage":"tr","potentialAction":[{"@type":"CommentAction","name":"Comment","target":["https:\/\/kibrisdakik.com\/?p=30142#respond"]}]},{"@type":"WebPage","@id":"https:\/\/kibrisdakik.com\/?p=30142","url":"https:\/\/kibrisdakik.com\/?p=30142","name":"Din\u00e7y\u00fcrek: &quot;Parkinson hastalar\u0131n\u0131n istemsiz hareketlerini istemli hareketlere d\u00f6n\u00fc\u015ft\u00fcrecek beyin ameliyat\u0131 yap\u0131ld\u0131&quot; -","isPartOf":{"@id":"https:\/\/kibrisdakik.com\/#website"},"primaryImageOfPage":{"@id":"https:\/\/kibrisdakik.com\/?p=30142#primaryimage"},"image":{"@id":"https:\/\/kibrisdakik.com\/?p=30142#primaryimage"},"thumbnailUrl":"https:\/\/kibrisdakik.com\/wp-content\/uploads\/2024\/02\/dincyurek-parkinson-hastalarinin-istemsiz-hareketlerini-istemli-hareketlere-donusturecek-beyin-ameliyati-yapildi-1708012234.webp.webp","datePublished":"2024-02-15T16:48:13+00:00","author":{"@id":"https:\/\/kibrisdakik.com\/#\/schema\/person\/9cd9d437bbb44f72b73ba127e06d8e79"},"breadcrumb":{"@id":"https:\/\/kibrisdakik.com\/?p=30142#breadcrumb"},"inLanguage":"tr","potentialAction":[{"@type":"ReadAction","target":["https:\/\/kibrisdakik.com\/?p=30142"]}]},{"@type":"ImageObject","inLanguage":"tr","@id":"https:\/\/kibrisdakik.com\/?p=30142#primaryimage","url":"https:\/\/kibrisdakik.com\/wp-content\/uploads\/2024\/02\/dincyurek-parkinson-hastalarinin-istemsiz-hareketlerini-istemli-hareketlere-donusturecek-beyin-ameliyati-yapildi-1708012234.webp.webp","contentUrl":"https:\/\/kibrisdakik.com\/wp-content\/uploads\/2024\/02\/dincyurek-parkinson-hastalarinin-istemsiz-hareketlerini-istemli-hareketlere-donusturecek-beyin-ameliyati-yapildi-1708012234.webp.webp","width":710,"height":370},{"@type":"BreadcrumbList","@id":"https:\/\/kibrisdakik.com\/?p=30142#breadcrumb","itemListElement":[{"@type":"ListItem","position":1,"name":"Home","item":"https:\/\/kibrisdakik.com\/"},{"@type":"ListItem","position":2,"name":"Din\u00e7y\u00fcrek: &quot;Parkinson hastalar\u0131n\u0131n istemsiz hareketlerini istemli hareketlere d\u00f6n\u00fc\u015ft\u00fcrecek beyin ameliyat\u0131 yap\u0131ld\u0131&quot;"}]},{"@type":"WebSite","@id":"https:\/\/kibrisdakik.com\/#website","url":"https:\/\/kibrisdakik.com\/","name":"","description":"Tam vaktinde haber","potentialAction":[{"@type":"SearchAction","target":{"@type":"EntryPoint","urlTemplate":"https:\/\/kibrisdakik.com\/?s={search_term_string}"},"query-input":{"@type":"PropertyValueSpecification","valueRequired":true,"valueName":"search_term_string"}}],"inLanguage":"tr"},{"@type":"Person","@id":"https:\/\/kibrisdakik.com\/#\/schema\/person\/9cd9d437bbb44f72b73ba127e06d8e79","name":"admin","image":{"@type":"ImageObject","inLanguage":"tr","@id":"https:\/\/secure.gravatar.com\/avatar\/ccc17943b9d660506c869530f897617f7cb1c21a4bf30023f252596d83e1f007?s=96&d=mm&r=g","url":"https:\/\/secure.gravatar.com\/avatar\/ccc17943b9d660506c869530f897617f7cb1c21a4bf30023f252596d83e1f007?s=96&d=mm&r=g","contentUrl":"https:\/\/secure.gravatar.com\/avatar\/ccc17943b9d660506c869530f897617f7cb1c21a4bf30023f252596d83e1f007?s=96&d=mm&r=g","caption":"admin"},"sameAs":["https:\/\/kibrisdakik.com"],"url":"https:\/\/kibrisdakik.com\/?author=1"}]}},"_links":{"self":[{"href":"https:\/\/kibrisdakik.com\/index.php?rest_route=\/wp\/v2\/posts\/30142","targetHints":{"allow":["GET"]}}],"collection":[{"href":"https:\/\/kibrisdakik.com\/index.php?rest_route=\/wp\/v2\/posts"}],"about":[{"href":"https:\/\/kibrisdakik.com\/index.php?rest_route=\/wp\/v2\/types\/post"}],"author":[{"embeddable":true,"href":"https:\/\/kibrisdakik.com\/index.php?rest_route=\/wp\/v2\/users\/1"}],"replies":[{"embeddable":true,"href":"https:\/\/kibrisdakik.com\/index.php?rest_route=%2Fwp%2Fv2%2Fcomments&post=30142"}],"version-history":[{"count":0,"href":"https:\/\/kibrisdakik.com\/index.php?rest_route=\/wp\/v2\/posts\/30142\/revisions"}],"wp:featuredmedia":[{"embeddable":true,"href":"https:\/\/kibrisdakik.com\/index.php?rest_route=\/wp\/v2\/media\/30143"}],"wp:attachment":[{"href":"https:\/\/kibrisdakik.com\/index.php?rest_route=%2Fwp%2Fv2%2Fmedia&parent=30142"}],"wp:term":[{"taxonomy":"category","embeddable":true,"href":"https:\/\/kibrisdakik.com\/index.php?rest_route=%2Fwp%2Fv2%2Fcategories&post=30142"},{"taxonomy":"post_tag","embeddable":true,"href":"https:\/\/kibrisdakik.com\/index.php?rest_route=%2Fwp%2Fv2%2Ftags&post=30142"}],"curies":[{"name":"wp","href":"https:\/\/api.w.org\/{rel}","templated":true}]}}