{"id":30202,"date":"2024-02-16T11:03:58","date_gmt":"2024-02-16T11:03:58","guid":{"rendered":"https:\/\/kibrisdakik.com\/index.php\/2024\/02\/16\/komsudan-kanli-tuzak-kaza-susu-verilen-cinayet-5-ay-sonra-aydinlatildi\/"},"modified":"2024-02-16T11:03:58","modified_gmt":"2024-02-16T11:03:58","slug":"komsudan-kanli-tuzak-kaza-susu-verilen-cinayet-5-ay-sonra-aydinlatildi","status":"publish","type":"post","link":"https:\/\/kibrisdakik.com\/?p=30202","title":{"rendered":"Kom\u015fudan kanl\u0131 tuzak | Kaza s\u00fcs\u00fc verilen cinayet 5 ay sonra ayd\u0131nlat\u0131ld\u0131"},"content":{"rendered":"<p><\/p>\n<p>Denizli&#8217;de 5 ay \u00f6nce tek tarafl\u0131 trafik kazas\u0131nda hayat\u0131n\u0131 kaybetti\u011fi bildirilen ya\u015fl\u0131 adam\u0131n, kom\u015fular\u0131 taraf\u0131ndan \u00f6ld\u00fcr\u00fcld\u00fc\u011f\u00fc ortaya \u00e7\u0131kt\u0131.<\/p>\n<p>Olay,&nbsp;Ac\u0131payam il\u00e7esine ba\u011fl\u0131 Kelek\u00e7i Mahallesi&#8217;nde 16 Eyl\u00fcl 2023 tarihinde meydana geldi.<\/p>\n<p>Cihan G.,&nbsp;112 Acil \u00c7a\u011fr\u0131 Merkezini arayarak kom\u015fusu&nbsp;\u015eahin Demirten&#8217;in (64) evine 500 metre kala motosiklet kazas\u0131 ge\u00e7irdi\u011fi ihbar\u0131nda bulundu.<\/p>\n<p>\u0130hbar \u00fczerine b\u00f6lgeye ula\u015fan sa\u011fl\u0131k ekipleri, ya\u015fl\u0131 adam\u0131n hayat\u0131n\u0131 kaybetti\u011fini belirledi. \u0130lk incelemede kalp krizi ge\u00e7irdi\u011fi i\u00e7in kaza yapt\u0131\u011f\u0131 de\u011ferlendirilen 2 \u00e7ocuk babas\u0131 Demirten, \u015f\u00fcpheli bir durum olmamas\u0131 nedeniyle ertesi g\u00fcn mahalle mezarl\u0131\u011f\u0131nda topra\u011fa verildi.<\/p>\n<p><strong>YEN\u0130DEN \u0130NCELEME \u0130\u00c7\u0130N BA\u015eVURU<\/strong><\/p>\n<p>Babalar\u0131n\u0131n bug\u00fcne kadar hi\u00e7 kaza yapmamas\u0131, olay yerinde g\u00f6rd\u00fckleri k\u0131r\u0131k sopa par\u00e7alar\u0131 ve b\u00f6lgedeki par\u00e7a par\u00e7a kan izlerinden ku\u015fkulanan \u015eahin Demirten&#8217;in \u00e7ocuklar\u0131, kazan\u0131n meydana geldi\u011fi b\u00f6lgedeki t\u00fcm unsurlar\u0131 tek tek kayda alarak Cumhuriyet Savc\u0131l\u0131\u011f\u0131na normal \u00f6l\u00fcm olarak rapor edilen dosyan\u0131n yeniden incelenmesi i\u00e7in dilek\u00e7e verdi.<\/p>\n<p><img decoding=\"async\" alt=\"Kom\u015fudan kanl\u0131 tuzak | Kaza s\u00fcs\u00fc verilen cinayet 5 ay sonra ayd\u0131nlat\u0131ld\u0131 - 1\" src=\"https:\/\/cdn1.ntv.com.tr\/gorsel\/g1lxzXJ01k-BR8EiEYdv2Q.jpg?width=960&amp;mode=crop&amp;scale=both\" \/><\/p>\n<p><strong>4 AYLIK \u00c7ALI\u015eMA<\/strong><\/p>\n<p>Ailenin ku\u015fkular\u0131n\u0131 dikkate alan savc\u0131l\u0131k, dosyay\u0131 ara\u015ft\u0131r\u0131lmas\u0131 i\u00e7in Denizli \u0130l Jandarma Komutanl\u0131\u011f\u0131na ba\u011fl\u0131 JASAT dedektiflerine teslim etti. Daha \u00f6nceden de bir\u00e7ok&nbsp;faili me\u00e7hul olay\u0131 ayd\u0131nlatan Denizli JASAT&#8217;\u0131n uzman ekibi, ekim ay\u0131n\u0131n ortalar\u0131nda adli t\u0131p raporlar\u0131n\u0131n \u00e7\u0131kmas\u0131n\u0131n ard\u0131ndan i\u011fneyle kuyu kazar gibi 4 ay titiz bir \u00e7al\u0131\u015fma y\u00fcr\u00fctt\u00fc.<\/p>\n<p><strong>5 AY SONRA \u0130T\u0130RAF ETT\u0130LER&nbsp;<\/strong><\/p>\n<p>Olay yerindeki delillerin titiz bir \u015fekilde toplanmas\u0131 ve kaza yapt\u0131\u011f\u0131 iddia edilen motosiklette herhangi k\u0131r\u0131k bir par\u00e7a bulunmamas\u0131ndan yola \u00e7\u0131kan jandarma dedektifleri, yapt\u0131\u011f\u0131 \u00e7al\u0131\u015fmalarda 450 ki\u015fiyle yap\u0131lan m\u00fclakat, al\u0131nan ifadeler, teknik ve fiziki takiple olay\u0131 ayd\u0131nlatt\u0131. \u015eahin Demirten&#8217;in kom\u015fusu olan aile taraf\u0131ndan sopalarla d\u00f6v\u00fclerek \u00f6ld\u00fcr\u00fcld\u00fc\u011f\u00fcn\u00fc tespit edildi. Olayla ilgili olarak Demirten ile aralar\u0131nda ge\u00e7mi\u015fe dayal\u0131 husumet bulunan Hasan G., e\u015fi Makbule G., o\u011flu Cihan G. ve k\u0131z\u0131 Serap G. g\u00f6zalt\u0131na al\u0131nd\u0131. Jandarma karakolunda sorgulanan \u015f\u00fcphelilerden Cihan G., su\u00e7unu itiraf ederek olay g\u00fcn\u00fc ya\u015fananlar\u0131 anlatt\u0131.<\/p>\n<p><strong>SAHTE FREN \u0130Z\u0130 \u0130LE KAZA S\u00dcS\u00dc<\/strong><\/p>\n<p>Madde ba\u011f\u0131ml\u0131s\u0131 oldu\u011fu iddia edilen Cihan G.&#8217;nin ge\u00e7mi\u015fte \u015eahin Demirten&#8217;in yolunu keserek para istemesi ve ya\u015fanan tart\u0131\u015fmalar\u0131n husumete d\u00f6n\u00fc\u015fmesiyle devam eden olayda, cinayet g\u00fcn\u00fc yine Cihan G.&#8217;nin \u015eahin Demirten&#8217;in \u00f6n\u00fcne \u00e7\u0131k\u0131p tart\u0131\u015fman\u0131n ard\u0131ndan ba\u015f\u0131na sopa ile vurdu\u011fu ve sonras\u0131nda ailenin di\u011fer \u00fcyelerinin de kavgaya dahil olduklar\u0131 tespit edildi. Cinayete kaza s\u00fcs\u00fc vermek isteyen ailenin, \u015eahin Demirten ve motosikletini 50 metre s\u00fcr\u00fckledikleri, yaral\u0131 \u015fahs\u0131 ta\u015flar\u0131n \u00fczerine y\u00fcz\u00fcst\u00fc yat\u0131rd\u0131klar\u0131 anla\u015f\u0131ld\u0131. Su\u00e7tan kurtulmak i\u00e7in plan yapan hatta 112&#8217;yi arayarak kaza ihbar\u0131nda bulunan aileyi, olay yerinde unuttuklar\u0131 ve evlerinin \u00f6n\u00fcndekilerle ayn\u0131 olan odun par\u00e7alar\u0131 ele verdi.<\/p>\n<p><strong>ZANLILAR ADL\u0130YEDE<\/strong><\/p>\n<p>\u015eahin Demirten&#8217;i sopalarla d\u00f6verek \u00f6ld\u00fcrd\u00fcklerini itiraf eden aile fertleri, d\u00fcn olay yerinde yapt\u0131r\u0131lan ke\u015ffin ard\u0131ndan bu sabah saatlerinde Ac\u0131payam Adliyesine sevk edildi. Demirten&#8217;in \u00e7ocuklar\u0131 Ceyhun Demirten ve Ceylan Ka\u00e7ar ile eski e\u015fi, adliye getirilen \u015f\u00fcphelilere tepki g\u00f6sterdi. \u015eahin Demirten&#8217;in eski e\u015fi Z\u00fchra Erten, g\u00fcvenlik tedbirleri alt\u0131na adliyeye sevk edilen \u015f\u00fcphelilere \u201cKatiller. Biz size ekmek a\u015f verdik. \u00c7ocuklar\u0131ma ac\u0131 \u00e7ektirdiniz. Cuma g\u00fcn\u00fc \u00f6ld\u00fcrd\u00fcn\u00fcz, Cuma g\u00fcn\u00fc tutukland\u0131n\u0131z.&#8221; diye ba\u011f\u0131rd\u0131.<\/p>\n","protected":false},"excerpt":{"rendered":"<p>Denizli&#8217;de 5 ay \u00f6nce tek tarafl\u0131 trafik kazas\u0131nda hayat\u0131n\u0131 kaybetti\u011fi bildirilen ya\u015fl\u0131 adam\u0131n, kom\u015fular\u0131 taraf\u0131ndan \u00f6ld\u00fcr\u00fcld\u00fc\u011f\u00fc ortaya \u00e7\u0131kt\u0131. Olay,&nbsp;Ac\u0131payam il\u00e7esine ba\u011fl\u0131 Kelek\u00e7i Mahallesi&#8217;nde 16 Eyl\u00fcl 2023 tarihinde meydana geldi. Cihan G.,&nbsp;112 Acil \u00c7a\u011fr\u0131 Merkezini arayarak kom\u015fusu&nbsp;\u015eahin Demirten&#8217;in (64) evine 500 metre kala motosiklet kazas\u0131 ge\u00e7irdi\u011fi ihbar\u0131nda bulundu. \u0130hbar \u00fczerine b\u00f6lgeye ula\u015fan sa\u011fl\u0131k ekipleri, ya\u015fl\u0131 adam\u0131n<\/p>\n","protected":false},"author":1,"featured_media":30203,"comment_status":"open","ping_status":"open","sticky":false,"template":"","format":"standard","meta":{"footnotes":""},"categories":[85],"tags":[],"class_list":["post-30202","post","type-post","status-publish","format-standard","has-post-thumbnail","hentry","category-spor"],"yoast_head":"<!-- This site is optimized with the Yoast SEO plugin v27.5 - https:\/\/yoast.com\/product\/yoast-seo-wordpress\/ -->\n<title>Kom\u015fudan kanl\u0131 tuzak | Kaza s\u00fcs\u00fc verilen cinayet 5 ay sonra ayd\u0131nlat\u0131ld\u0131 -<\/title>\n<meta name=\"robots\" content=\"index, follow, max-snippet:-1, max-image-preview:large, max-video-preview:-1\" \/>\n<link rel=\"canonical\" href=\"https:\/\/kibrisdakik.com\/?p=30202\" \/>\n<meta property=\"og:locale\" content=\"tr_TR\" \/>\n<meta property=\"og:type\" content=\"article\" \/>\n<meta property=\"og:title\" content=\"Kom\u015fudan kanl\u0131 tuzak | Kaza s\u00fcs\u00fc verilen cinayet 5 ay sonra ayd\u0131nlat\u0131ld\u0131 -\" \/>\n<meta property=\"og:description\" content=\"Denizli&#8217;de 5 ay \u00f6nce tek tarafl\u0131 trafik kazas\u0131nda hayat\u0131n\u0131 kaybetti\u011fi bildirilen ya\u015fl\u0131 adam\u0131n, kom\u015fular\u0131 taraf\u0131ndan \u00f6ld\u00fcr\u00fcld\u00fc\u011f\u00fc ortaya \u00e7\u0131kt\u0131. Olay,&nbsp;Ac\u0131payam il\u00e7esine ba\u011fl\u0131 Kelek\u00e7i Mahallesi&#8217;nde 16 Eyl\u00fcl 2023 tarihinde meydana geldi. Cihan G.,&nbsp;112 Acil \u00c7a\u011fr\u0131 Merkezini arayarak kom\u015fusu&nbsp;\u015eahin Demirten&#8217;in (64) evine 500 metre kala motosiklet kazas\u0131 ge\u00e7irdi\u011fi ihbar\u0131nda bulundu. \u0130hbar \u00fczerine b\u00f6lgeye ula\u015fan sa\u011fl\u0131k ekipleri, ya\u015fl\u0131 adam\u0131n\" \/>\n<meta property=\"og:url\" content=\"https:\/\/kibrisdakik.com\/?p=30202\" \/>\n<meta property=\"article:published_time\" content=\"2024-02-16T11:03:58+00:00\" \/>\n<meta property=\"og:image\" content=\"https:\/\/kibrisdakik.com\/wp-content\/uploads\/2024\/02\/g1lxzXJ01k-BR8EiEYdv2Q-740x420.jpg\" \/>\n\t<meta property=\"og:image:width\" content=\"960\" \/>\n\t<meta property=\"og:image:height\" content=\"640\" \/>\n\t<meta property=\"og:image:type\" content=\"image\/jpeg\" \/>\n<meta name=\"author\" content=\"admin\" \/>\n<meta name=\"twitter:card\" content=\"summary_large_image\" \/>\n<meta name=\"twitter:label1\" content=\"Yazan:\" \/>\n\t<meta name=\"twitter:data1\" content=\"admin\" \/>\n\t<meta name=\"twitter:label2\" content=\"Tahmini okuma s\u00fcresi\" \/>\n\t<meta name=\"twitter:data2\" content=\"3 dakika\" \/>\n<script type=\"application\/ld+json\" class=\"yoast-schema-graph\">{\"@context\":\"https:\\\/\\\/schema.org\",\"@graph\":[{\"@type\":\"Article\",\"@id\":\"https:\\\/\\\/kibrisdakik.com\\\/?p=30202#article\",\"isPartOf\":{\"@id\":\"https:\\\/\\\/kibrisdakik.com\\\/?p=30202\"},\"author\":{\"name\":\"admin\",\"@id\":\"https:\\\/\\\/kibrisdakik.com\\\/#\\\/schema\\\/person\\\/9cd9d437bbb44f72b73ba127e06d8e79\"},\"headline\":\"Kom\u015fudan kanl\u0131 tuzak | Kaza s\u00fcs\u00fc verilen cinayet 5 ay sonra ayd\u0131nlat\u0131ld\u0131\",\"datePublished\":\"2024-02-16T11:03:58+00:00\",\"mainEntityOfPage\":{\"@id\":\"https:\\\/\\\/kibrisdakik.com\\\/?p=30202\"},\"wordCount\":628,\"commentCount\":0,\"image\":{\"@id\":\"https:\\\/\\\/kibrisdakik.com\\\/?p=30202#primaryimage\"},\"thumbnailUrl\":\"https:\\\/\\\/kibrisdakik.com\\\/wp-content\\\/uploads\\\/2024\\\/02\\\/g1lxzXJ01k-BR8EiEYdv2Q-740x420.jpg\",\"articleSection\":[\"Spor\"],\"inLanguage\":\"tr\",\"potentialAction\":[{\"@type\":\"CommentAction\",\"name\":\"Comment\",\"target\":[\"https:\\\/\\\/kibrisdakik.com\\\/?p=30202#respond\"]}]},{\"@type\":\"WebPage\",\"@id\":\"https:\\\/\\\/kibrisdakik.com\\\/?p=30202\",\"url\":\"https:\\\/\\\/kibrisdakik.com\\\/?p=30202\",\"name\":\"Kom\u015fudan kanl\u0131 tuzak | Kaza s\u00fcs\u00fc verilen cinayet 5 ay sonra ayd\u0131nlat\u0131ld\u0131 -\",\"isPartOf\":{\"@id\":\"https:\\\/\\\/kibrisdakik.com\\\/#website\"},\"primaryImageOfPage\":{\"@id\":\"https:\\\/\\\/kibrisdakik.com\\\/?p=30202#primaryimage\"},\"image\":{\"@id\":\"https:\\\/\\\/kibrisdakik.com\\\/?p=30202#primaryimage\"},\"thumbnailUrl\":\"https:\\\/\\\/kibrisdakik.com\\\/wp-content\\\/uploads\\\/2024\\\/02\\\/g1lxzXJ01k-BR8EiEYdv2Q-740x420.jpg\",\"datePublished\":\"2024-02-16T11:03:58+00:00\",\"author\":{\"@id\":\"https:\\\/\\\/kibrisdakik.com\\\/#\\\/schema\\\/person\\\/9cd9d437bbb44f72b73ba127e06d8e79\"},\"breadcrumb\":{\"@id\":\"https:\\\/\\\/kibrisdakik.com\\\/?p=30202#breadcrumb\"},\"inLanguage\":\"tr\",\"potentialAction\":[{\"@type\":\"ReadAction\",\"target\":[\"https:\\\/\\\/kibrisdakik.com\\\/?p=30202\"]}]},{\"@type\":\"ImageObject\",\"inLanguage\":\"tr\",\"@id\":\"https:\\\/\\\/kibrisdakik.com\\\/?p=30202#primaryimage\",\"url\":\"https:\\\/\\\/kibrisdakik.com\\\/wp-content\\\/uploads\\\/2024\\\/02\\\/g1lxzXJ01k-BR8EiEYdv2Q-740x420.jpg\",\"contentUrl\":\"https:\\\/\\\/kibrisdakik.com\\\/wp-content\\\/uploads\\\/2024\\\/02\\\/g1lxzXJ01k-BR8EiEYdv2Q-740x420.jpg\",\"width\":960,\"height\":640},{\"@type\":\"BreadcrumbList\",\"@id\":\"https:\\\/\\\/kibrisdakik.com\\\/?p=30202#breadcrumb\",\"itemListElement\":[{\"@type\":\"ListItem\",\"position\":1,\"name\":\"Home\",\"item\":\"https:\\\/\\\/kibrisdakik.com\\\/\"},{\"@type\":\"ListItem\",\"position\":2,\"name\":\"Kom\u015fudan kanl\u0131 tuzak | Kaza s\u00fcs\u00fc verilen cinayet 5 ay sonra ayd\u0131nlat\u0131ld\u0131\"}]},{\"@type\":\"WebSite\",\"@id\":\"https:\\\/\\\/kibrisdakik.com\\\/#website\",\"url\":\"https:\\\/\\\/kibrisdakik.com\\\/\",\"name\":\"\",\"description\":\"Tam vaktinde haber\",\"potentialAction\":[{\"@type\":\"SearchAction\",\"target\":{\"@type\":\"EntryPoint\",\"urlTemplate\":\"https:\\\/\\\/kibrisdakik.com\\\/?s={search_term_string}\"},\"query-input\":{\"@type\":\"PropertyValueSpecification\",\"valueRequired\":true,\"valueName\":\"search_term_string\"}}],\"inLanguage\":\"tr\"},{\"@type\":\"Person\",\"@id\":\"https:\\\/\\\/kibrisdakik.com\\\/#\\\/schema\\\/person\\\/9cd9d437bbb44f72b73ba127e06d8e79\",\"name\":\"admin\",\"image\":{\"@type\":\"ImageObject\",\"inLanguage\":\"tr\",\"@id\":\"https:\\\/\\\/secure.gravatar.com\\\/avatar\\\/ccc17943b9d660506c869530f897617f7cb1c21a4bf30023f252596d83e1f007?s=96&d=mm&r=g\",\"url\":\"https:\\\/\\\/secure.gravatar.com\\\/avatar\\\/ccc17943b9d660506c869530f897617f7cb1c21a4bf30023f252596d83e1f007?s=96&d=mm&r=g\",\"contentUrl\":\"https:\\\/\\\/secure.gravatar.com\\\/avatar\\\/ccc17943b9d660506c869530f897617f7cb1c21a4bf30023f252596d83e1f007?s=96&d=mm&r=g\",\"caption\":\"admin\"},\"sameAs\":[\"https:\\\/\\\/kibrisdakik.com\"],\"url\":\"https:\\\/\\\/kibrisdakik.com\\\/?author=1\"}]}<\/script>\n<!-- \/ Yoast SEO plugin. -->","yoast_head_json":{"title":"Kom\u015fudan kanl\u0131 tuzak | Kaza s\u00fcs\u00fc verilen cinayet 5 ay sonra ayd\u0131nlat\u0131ld\u0131 -","robots":{"index":"index","follow":"follow","max-snippet":"max-snippet:-1","max-image-preview":"max-image-preview:large","max-video-preview":"max-video-preview:-1"},"canonical":"https:\/\/kibrisdakik.com\/?p=30202","og_locale":"tr_TR","og_type":"article","og_title":"Kom\u015fudan kanl\u0131 tuzak | Kaza s\u00fcs\u00fc verilen cinayet 5 ay sonra ayd\u0131nlat\u0131ld\u0131 -","og_description":"Denizli&#8217;de 5 ay \u00f6nce tek tarafl\u0131 trafik kazas\u0131nda hayat\u0131n\u0131 kaybetti\u011fi bildirilen ya\u015fl\u0131 adam\u0131n, kom\u015fular\u0131 taraf\u0131ndan \u00f6ld\u00fcr\u00fcld\u00fc\u011f\u00fc ortaya \u00e7\u0131kt\u0131. Olay,&nbsp;Ac\u0131payam il\u00e7esine ba\u011fl\u0131 Kelek\u00e7i Mahallesi&#8217;nde 16 Eyl\u00fcl 2023 tarihinde meydana geldi. Cihan G.,&nbsp;112 Acil \u00c7a\u011fr\u0131 Merkezini arayarak kom\u015fusu&nbsp;\u015eahin Demirten&#8217;in (64) evine 500 metre kala motosiklet kazas\u0131 ge\u00e7irdi\u011fi ihbar\u0131nda bulundu. \u0130hbar \u00fczerine b\u00f6lgeye ula\u015fan sa\u011fl\u0131k ekipleri, ya\u015fl\u0131 adam\u0131n","og_url":"https:\/\/kibrisdakik.com\/?p=30202","article_published_time":"2024-02-16T11:03:58+00:00","og_image":[{"width":960,"height":640,"url":"https:\/\/kibrisdakik.com\/wp-content\/uploads\/2024\/02\/g1lxzXJ01k-BR8EiEYdv2Q-740x420.jpg","type":"image\/jpeg"}],"author":"admin","twitter_card":"summary_large_image","twitter_misc":{"Yazan:":"admin","Tahmini okuma s\u00fcresi":"3 dakika"},"schema":{"@context":"https:\/\/schema.org","@graph":[{"@type":"Article","@id":"https:\/\/kibrisdakik.com\/?p=30202#article","isPartOf":{"@id":"https:\/\/kibrisdakik.com\/?p=30202"},"author":{"name":"admin","@id":"https:\/\/kibrisdakik.com\/#\/schema\/person\/9cd9d437bbb44f72b73ba127e06d8e79"},"headline":"Kom\u015fudan kanl\u0131 tuzak | Kaza s\u00fcs\u00fc verilen cinayet 5 ay sonra ayd\u0131nlat\u0131ld\u0131","datePublished":"2024-02-16T11:03:58+00:00","mainEntityOfPage":{"@id":"https:\/\/kibrisdakik.com\/?p=30202"},"wordCount":628,"commentCount":0,"image":{"@id":"https:\/\/kibrisdakik.com\/?p=30202#primaryimage"},"thumbnailUrl":"https:\/\/kibrisdakik.com\/wp-content\/uploads\/2024\/02\/g1lxzXJ01k-BR8EiEYdv2Q-740x420.jpg","articleSection":["Spor"],"inLanguage":"tr","potentialAction":[{"@type":"CommentAction","name":"Comment","target":["https:\/\/kibrisdakik.com\/?p=30202#respond"]}]},{"@type":"WebPage","@id":"https:\/\/kibrisdakik.com\/?p=30202","url":"https:\/\/kibrisdakik.com\/?p=30202","name":"Kom\u015fudan kanl\u0131 tuzak | Kaza s\u00fcs\u00fc verilen cinayet 5 ay sonra ayd\u0131nlat\u0131ld\u0131 -","isPartOf":{"@id":"https:\/\/kibrisdakik.com\/#website"},"primaryImageOfPage":{"@id":"https:\/\/kibrisdakik.com\/?p=30202#primaryimage"},"image":{"@id":"https:\/\/kibrisdakik.com\/?p=30202#primaryimage"},"thumbnailUrl":"https:\/\/kibrisdakik.com\/wp-content\/uploads\/2024\/02\/g1lxzXJ01k-BR8EiEYdv2Q-740x420.jpg","datePublished":"2024-02-16T11:03:58+00:00","author":{"@id":"https:\/\/kibrisdakik.com\/#\/schema\/person\/9cd9d437bbb44f72b73ba127e06d8e79"},"breadcrumb":{"@id":"https:\/\/kibrisdakik.com\/?p=30202#breadcrumb"},"inLanguage":"tr","potentialAction":[{"@type":"ReadAction","target":["https:\/\/kibrisdakik.com\/?p=30202"]}]},{"@type":"ImageObject","inLanguage":"tr","@id":"https:\/\/kibrisdakik.com\/?p=30202#primaryimage","url":"https:\/\/kibrisdakik.com\/wp-content\/uploads\/2024\/02\/g1lxzXJ01k-BR8EiEYdv2Q-740x420.jpg","contentUrl":"https:\/\/kibrisdakik.com\/wp-content\/uploads\/2024\/02\/g1lxzXJ01k-BR8EiEYdv2Q-740x420.jpg","width":960,"height":640},{"@type":"BreadcrumbList","@id":"https:\/\/kibrisdakik.com\/?p=30202#breadcrumb","itemListElement":[{"@type":"ListItem","position":1,"name":"Home","item":"https:\/\/kibrisdakik.com\/"},{"@type":"ListItem","position":2,"name":"Kom\u015fudan kanl\u0131 tuzak | Kaza s\u00fcs\u00fc verilen cinayet 5 ay sonra ayd\u0131nlat\u0131ld\u0131"}]},{"@type":"WebSite","@id":"https:\/\/kibrisdakik.com\/#website","url":"https:\/\/kibrisdakik.com\/","name":"","description":"Tam vaktinde haber","potentialAction":[{"@type":"SearchAction","target":{"@type":"EntryPoint","urlTemplate":"https:\/\/kibrisdakik.com\/?s={search_term_string}"},"query-input":{"@type":"PropertyValueSpecification","valueRequired":true,"valueName":"search_term_string"}}],"inLanguage":"tr"},{"@type":"Person","@id":"https:\/\/kibrisdakik.com\/#\/schema\/person\/9cd9d437bbb44f72b73ba127e06d8e79","name":"admin","image":{"@type":"ImageObject","inLanguage":"tr","@id":"https:\/\/secure.gravatar.com\/avatar\/ccc17943b9d660506c869530f897617f7cb1c21a4bf30023f252596d83e1f007?s=96&d=mm&r=g","url":"https:\/\/secure.gravatar.com\/avatar\/ccc17943b9d660506c869530f897617f7cb1c21a4bf30023f252596d83e1f007?s=96&d=mm&r=g","contentUrl":"https:\/\/secure.gravatar.com\/avatar\/ccc17943b9d660506c869530f897617f7cb1c21a4bf30023f252596d83e1f007?s=96&d=mm&r=g","caption":"admin"},"sameAs":["https:\/\/kibrisdakik.com"],"url":"https:\/\/kibrisdakik.com\/?author=1"}]}},"_links":{"self":[{"href":"https:\/\/kibrisdakik.com\/index.php?rest_route=\/wp\/v2\/posts\/30202","targetHints":{"allow":["GET"]}}],"collection":[{"href":"https:\/\/kibrisdakik.com\/index.php?rest_route=\/wp\/v2\/posts"}],"about":[{"href":"https:\/\/kibrisdakik.com\/index.php?rest_route=\/wp\/v2\/types\/post"}],"author":[{"embeddable":true,"href":"https:\/\/kibrisdakik.com\/index.php?rest_route=\/wp\/v2\/users\/1"}],"replies":[{"embeddable":true,"href":"https:\/\/kibrisdakik.com\/index.php?rest_route=%2Fwp%2Fv2%2Fcomments&post=30202"}],"version-history":[{"count":0,"href":"https:\/\/kibrisdakik.com\/index.php?rest_route=\/wp\/v2\/posts\/30202\/revisions"}],"wp:featuredmedia":[{"embeddable":true,"href":"https:\/\/kibrisdakik.com\/index.php?rest_route=\/wp\/v2\/media\/30203"}],"wp:attachment":[{"href":"https:\/\/kibrisdakik.com\/index.php?rest_route=%2Fwp%2Fv2%2Fmedia&parent=30202"}],"wp:term":[{"taxonomy":"category","embeddable":true,"href":"https:\/\/kibrisdakik.com\/index.php?rest_route=%2Fwp%2Fv2%2Fcategories&post=30202"},{"taxonomy":"post_tag","embeddable":true,"href":"https:\/\/kibrisdakik.com\/index.php?rest_route=%2Fwp%2Fv2%2Ftags&post=30202"}],"curies":[{"name":"wp","href":"https:\/\/api.w.org\/{rel}","templated":true}]}}