{"id":30226,"date":"2024-02-16T13:13:51","date_gmt":"2024-02-16T13:13:51","guid":{"rendered":"https:\/\/kibrisdakik.com\/index.php\/2024\/02\/16\/cayonunde-cocuk-parki-dinlenme-ve-piknik-alani-projesinin-temelleri-atildi\/"},"modified":"2024-02-16T13:13:51","modified_gmt":"2024-02-16T13:13:51","slug":"cayonunde-cocuk-parki-dinlenme-ve-piknik-alani-projesinin-temelleri-atildi","status":"publish","type":"post","link":"https:\/\/kibrisdakik.com\/?p=30226","title":{"rendered":"\u00c7ay\u00f6n\u00fc\u2019nde \u00c7ocuk Park\u0131, Dinlenme ve Piknik Alan\u0131 Projesi\u201dnin temelleri at\u0131ld\u0131"},"content":{"rendered":"<p><img decoding=\"async\" src=\"https:\/\/www.kibristurk.com\/images\/haberler\/2024\/02\/cayonunde-cocuk-parki-dinlenme-ve-piknik-alani-projesinin-temelleri-atildi-1708088704.webp\" \/><\/p>\n<p>Beyarmudu Belediye Ba\u015fkan\u0131 B\u00fclent Bebek, konuyla ilgili yaz\u0131l\u0131 a\u00e7\u0131klamas\u0131nda, \u201c\u00c7ay\u00f6n\u00fc k\u00f6y\u00fcm\u00fczde halk\u0131m\u0131z\u0131n hak etti\u011fi bir yat\u0131r\u0131m\u0131n daha temelini bug\u00fcn itibariyle att\u0131k. Yakla\u015f\u0131k 3.5 d\u00f6n\u00fcml\u00fck bir alan\u0131 piknik alan\u0131, dinlenme alan\u0131 ve \u00e7ocuk park\u0131 olarak d\u00fczenliyoruz.&nbsp; Hedefimiz 8 Nisan\u2019da projeyi bitirmek b\u00f6lgemize hay\u0131rl\u0131 olsun.\u201d dedi.&nbsp;<\/p>\n","protected":false},"excerpt":{"rendered":"<p>Beyarmudu Belediye Ba\u015fkan\u0131 B\u00fclent Bebek, konuyla ilgili yaz\u0131l\u0131 a\u00e7\u0131klamas\u0131nda, \u201c\u00c7ay\u00f6n\u00fc k\u00f6y\u00fcm\u00fczde halk\u0131m\u0131z\u0131n hak etti\u011fi bir yat\u0131r\u0131m\u0131n daha temelini bug\u00fcn itibariyle att\u0131k. Yakla\u015f\u0131k 3.5 d\u00f6n\u00fcml\u00fck bir alan\u0131 piknik alan\u0131, dinlenme alan\u0131 ve \u00e7ocuk park\u0131 olarak d\u00fczenliyoruz.&nbsp; Hedefimiz 8 Nisan\u2019da projeyi bitirmek b\u00f6lgemize hay\u0131rl\u0131 olsun.\u201d dedi.&nbsp;<\/p>\n","protected":false},"author":1,"featured_media":30227,"comment_status":"open","ping_status":"open","sticky":false,"template":"","format":"standard","meta":{"footnotes":""},"categories":[86],"tags":[],"class_list":["post-30226","post","type-post","status-publish","format-standard","has-post-thumbnail","hentry","category-turkiye"],"yoast_head":"<!-- This site is optimized with the Yoast SEO plugin v27.5 - https:\/\/yoast.com\/product\/yoast-seo-wordpress\/ -->\n<title>\u00c7ay\u00f6n\u00fc\u2019nde \u00c7ocuk Park\u0131, Dinlenme ve Piknik Alan\u0131 Projesi\u201dnin temelleri at\u0131ld\u0131 -<\/title>\n<meta name=\"robots\" content=\"index, follow, max-snippet:-1, max-image-preview:large, max-video-preview:-1\" \/>\n<link rel=\"canonical\" href=\"https:\/\/kibrisdakik.com\/?p=30226\" \/>\n<meta property=\"og:locale\" content=\"tr_TR\" \/>\n<meta property=\"og:type\" content=\"article\" \/>\n<meta property=\"og:title\" content=\"\u00c7ay\u00f6n\u00fc\u2019nde \u00c7ocuk Park\u0131, Dinlenme ve Piknik Alan\u0131 Projesi\u201dnin temelleri at\u0131ld\u0131 -\" \/>\n<meta property=\"og:description\" content=\"Beyarmudu Belediye Ba\u015fkan\u0131 B\u00fclent Bebek, konuyla ilgili yaz\u0131l\u0131 a\u00e7\u0131klamas\u0131nda, \u201c\u00c7ay\u00f6n\u00fc k\u00f6y\u00fcm\u00fczde halk\u0131m\u0131z\u0131n hak etti\u011fi bir yat\u0131r\u0131m\u0131n daha temelini bug\u00fcn itibariyle att\u0131k. Yakla\u015f\u0131k 3.5 d\u00f6n\u00fcml\u00fck bir alan\u0131 piknik alan\u0131, dinlenme alan\u0131 ve \u00e7ocuk park\u0131 olarak d\u00fczenliyoruz.&nbsp; Hedefimiz 8 Nisan\u2019da projeyi bitirmek b\u00f6lgemize hay\u0131rl\u0131 olsun.\u201d dedi.&nbsp;\" \/>\n<meta property=\"og:url\" content=\"https:\/\/kibrisdakik.com\/?p=30226\" \/>\n<meta property=\"article:published_time\" content=\"2024-02-16T13:13:51+00:00\" \/>\n<meta property=\"og:image\" content=\"https:\/\/kibrisdakik.com\/wp-content\/uploads\/2024\/02\/cayonunde-cocuk-parki-dinlenme-ve-piknik-alani-projesinin-temelleri-atildi-1708088704.webp.webp\" \/>\n\t<meta property=\"og:image:width\" content=\"710\" \/>\n\t<meta property=\"og:image:height\" content=\"370\" \/>\n\t<meta property=\"og:image:type\" content=\"image\/webp\" \/>\n<meta name=\"author\" content=\"admin\" \/>\n<meta name=\"twitter:card\" content=\"summary_large_image\" \/>\n<meta name=\"twitter:label1\" content=\"Yazan:\" \/>\n\t<meta name=\"twitter:data1\" content=\"admin\" \/>\n<script type=\"application\/ld+json\" class=\"yoast-schema-graph\">{\"@context\":\"https:\\\/\\\/schema.org\",\"@graph\":[{\"@type\":\"Article\",\"@id\":\"https:\\\/\\\/kibrisdakik.com\\\/?p=30226#article\",\"isPartOf\":{\"@id\":\"https:\\\/\\\/kibrisdakik.com\\\/?p=30226\"},\"author\":{\"name\":\"admin\",\"@id\":\"https:\\\/\\\/kibrisdakik.com\\\/#\\\/schema\\\/person\\\/9cd9d437bbb44f72b73ba127e06d8e79\"},\"headline\":\"\u00c7ay\u00f6n\u00fc\u2019nde \u00c7ocuk Park\u0131, Dinlenme ve Piknik Alan\u0131 Projesi\u201dnin temelleri at\u0131ld\u0131\",\"datePublished\":\"2024-02-16T13:13:51+00:00\",\"mainEntityOfPage\":{\"@id\":\"https:\\\/\\\/kibrisdakik.com\\\/?p=30226\"},\"wordCount\":84,\"commentCount\":0,\"image\":{\"@id\":\"https:\\\/\\\/kibrisdakik.com\\\/?p=30226#primaryimage\"},\"thumbnailUrl\":\"https:\\\/\\\/kibrisdakik.com\\\/wp-content\\\/uploads\\\/2024\\\/02\\\/cayonunde-cocuk-parki-dinlenme-ve-piknik-alani-projesinin-temelleri-atildi-1708088704.webp.webp\",\"articleSection\":[\"T\u00fcrkiye\"],\"inLanguage\":\"tr\",\"potentialAction\":[{\"@type\":\"CommentAction\",\"name\":\"Comment\",\"target\":[\"https:\\\/\\\/kibrisdakik.com\\\/?p=30226#respond\"]}]},{\"@type\":\"WebPage\",\"@id\":\"https:\\\/\\\/kibrisdakik.com\\\/?p=30226\",\"url\":\"https:\\\/\\\/kibrisdakik.com\\\/?p=30226\",\"name\":\"\u00c7ay\u00f6n\u00fc\u2019nde \u00c7ocuk Park\u0131, Dinlenme ve Piknik Alan\u0131 Projesi\u201dnin temelleri at\u0131ld\u0131 -\",\"isPartOf\":{\"@id\":\"https:\\\/\\\/kibrisdakik.com\\\/#website\"},\"primaryImageOfPage\":{\"@id\":\"https:\\\/\\\/kibrisdakik.com\\\/?p=30226#primaryimage\"},\"image\":{\"@id\":\"https:\\\/\\\/kibrisdakik.com\\\/?p=30226#primaryimage\"},\"thumbnailUrl\":\"https:\\\/\\\/kibrisdakik.com\\\/wp-content\\\/uploads\\\/2024\\\/02\\\/cayonunde-cocuk-parki-dinlenme-ve-piknik-alani-projesinin-temelleri-atildi-1708088704.webp.webp\",\"datePublished\":\"2024-02-16T13:13:51+00:00\",\"author\":{\"@id\":\"https:\\\/\\\/kibrisdakik.com\\\/#\\\/schema\\\/person\\\/9cd9d437bbb44f72b73ba127e06d8e79\"},\"breadcrumb\":{\"@id\":\"https:\\\/\\\/kibrisdakik.com\\\/?p=30226#breadcrumb\"},\"inLanguage\":\"tr\",\"potentialAction\":[{\"@type\":\"ReadAction\",\"target\":[\"https:\\\/\\\/kibrisdakik.com\\\/?p=30226\"]}]},{\"@type\":\"ImageObject\",\"inLanguage\":\"tr\",\"@id\":\"https:\\\/\\\/kibrisdakik.com\\\/?p=30226#primaryimage\",\"url\":\"https:\\\/\\\/kibrisdakik.com\\\/wp-content\\\/uploads\\\/2024\\\/02\\\/cayonunde-cocuk-parki-dinlenme-ve-piknik-alani-projesinin-temelleri-atildi-1708088704.webp.webp\",\"contentUrl\":\"https:\\\/\\\/kibrisdakik.com\\\/wp-content\\\/uploads\\\/2024\\\/02\\\/cayonunde-cocuk-parki-dinlenme-ve-piknik-alani-projesinin-temelleri-atildi-1708088704.webp.webp\",\"width\":710,\"height\":370},{\"@type\":\"BreadcrumbList\",\"@id\":\"https:\\\/\\\/kibrisdakik.com\\\/?p=30226#breadcrumb\",\"itemListElement\":[{\"@type\":\"ListItem\",\"position\":1,\"name\":\"Home\",\"item\":\"https:\\\/\\\/kibrisdakik.com\\\/\"},{\"@type\":\"ListItem\",\"position\":2,\"name\":\"\u00c7ay\u00f6n\u00fc\u2019nde \u00c7ocuk Park\u0131, Dinlenme ve Piknik Alan\u0131 Projesi\u201dnin temelleri at\u0131ld\u0131\"}]},{\"@type\":\"WebSite\",\"@id\":\"https:\\\/\\\/kibrisdakik.com\\\/#website\",\"url\":\"https:\\\/\\\/kibrisdakik.com\\\/\",\"name\":\"\",\"description\":\"Tam vaktinde haber\",\"potentialAction\":[{\"@type\":\"SearchAction\",\"target\":{\"@type\":\"EntryPoint\",\"urlTemplate\":\"https:\\\/\\\/kibrisdakik.com\\\/?s={search_term_string}\"},\"query-input\":{\"@type\":\"PropertyValueSpecification\",\"valueRequired\":true,\"valueName\":\"search_term_string\"}}],\"inLanguage\":\"tr\"},{\"@type\":\"Person\",\"@id\":\"https:\\\/\\\/kibrisdakik.com\\\/#\\\/schema\\\/person\\\/9cd9d437bbb44f72b73ba127e06d8e79\",\"name\":\"admin\",\"image\":{\"@type\":\"ImageObject\",\"inLanguage\":\"tr\",\"@id\":\"https:\\\/\\\/secure.gravatar.com\\\/avatar\\\/ccc17943b9d660506c869530f897617f7cb1c21a4bf30023f252596d83e1f007?s=96&d=mm&r=g\",\"url\":\"https:\\\/\\\/secure.gravatar.com\\\/avatar\\\/ccc17943b9d660506c869530f897617f7cb1c21a4bf30023f252596d83e1f007?s=96&d=mm&r=g\",\"contentUrl\":\"https:\\\/\\\/secure.gravatar.com\\\/avatar\\\/ccc17943b9d660506c869530f897617f7cb1c21a4bf30023f252596d83e1f007?s=96&d=mm&r=g\",\"caption\":\"admin\"},\"sameAs\":[\"https:\\\/\\\/kibrisdakik.com\"],\"url\":\"https:\\\/\\\/kibrisdakik.com\\\/?author=1\"}]}<\/script>\n<!-- \/ Yoast SEO plugin. -->","yoast_head_json":{"title":"\u00c7ay\u00f6n\u00fc\u2019nde \u00c7ocuk Park\u0131, Dinlenme ve Piknik Alan\u0131 Projesi\u201dnin temelleri at\u0131ld\u0131 -","robots":{"index":"index","follow":"follow","max-snippet":"max-snippet:-1","max-image-preview":"max-image-preview:large","max-video-preview":"max-video-preview:-1"},"canonical":"https:\/\/kibrisdakik.com\/?p=30226","og_locale":"tr_TR","og_type":"article","og_title":"\u00c7ay\u00f6n\u00fc\u2019nde \u00c7ocuk Park\u0131, Dinlenme ve Piknik Alan\u0131 Projesi\u201dnin temelleri at\u0131ld\u0131 -","og_description":"Beyarmudu Belediye Ba\u015fkan\u0131 B\u00fclent Bebek, konuyla ilgili yaz\u0131l\u0131 a\u00e7\u0131klamas\u0131nda, \u201c\u00c7ay\u00f6n\u00fc k\u00f6y\u00fcm\u00fczde halk\u0131m\u0131z\u0131n hak etti\u011fi bir yat\u0131r\u0131m\u0131n daha temelini bug\u00fcn itibariyle att\u0131k. Yakla\u015f\u0131k 3.5 d\u00f6n\u00fcml\u00fck bir alan\u0131 piknik alan\u0131, dinlenme alan\u0131 ve \u00e7ocuk park\u0131 olarak d\u00fczenliyoruz.&nbsp; Hedefimiz 8 Nisan\u2019da projeyi bitirmek b\u00f6lgemize hay\u0131rl\u0131 olsun.\u201d dedi.&nbsp;","og_url":"https:\/\/kibrisdakik.com\/?p=30226","article_published_time":"2024-02-16T13:13:51+00:00","og_image":[{"width":710,"height":370,"url":"https:\/\/kibrisdakik.com\/wp-content\/uploads\/2024\/02\/cayonunde-cocuk-parki-dinlenme-ve-piknik-alani-projesinin-temelleri-atildi-1708088704.webp.webp","type":"image\/webp"}],"author":"admin","twitter_card":"summary_large_image","twitter_misc":{"Yazan:":"admin"},"schema":{"@context":"https:\/\/schema.org","@graph":[{"@type":"Article","@id":"https:\/\/kibrisdakik.com\/?p=30226#article","isPartOf":{"@id":"https:\/\/kibrisdakik.com\/?p=30226"},"author":{"name":"admin","@id":"https:\/\/kibrisdakik.com\/#\/schema\/person\/9cd9d437bbb44f72b73ba127e06d8e79"},"headline":"\u00c7ay\u00f6n\u00fc\u2019nde \u00c7ocuk Park\u0131, Dinlenme ve Piknik Alan\u0131 Projesi\u201dnin temelleri at\u0131ld\u0131","datePublished":"2024-02-16T13:13:51+00:00","mainEntityOfPage":{"@id":"https:\/\/kibrisdakik.com\/?p=30226"},"wordCount":84,"commentCount":0,"image":{"@id":"https:\/\/kibrisdakik.com\/?p=30226#primaryimage"},"thumbnailUrl":"https:\/\/kibrisdakik.com\/wp-content\/uploads\/2024\/02\/cayonunde-cocuk-parki-dinlenme-ve-piknik-alani-projesinin-temelleri-atildi-1708088704.webp.webp","articleSection":["T\u00fcrkiye"],"inLanguage":"tr","potentialAction":[{"@type":"CommentAction","name":"Comment","target":["https:\/\/kibrisdakik.com\/?p=30226#respond"]}]},{"@type":"WebPage","@id":"https:\/\/kibrisdakik.com\/?p=30226","url":"https:\/\/kibrisdakik.com\/?p=30226","name":"\u00c7ay\u00f6n\u00fc\u2019nde \u00c7ocuk Park\u0131, Dinlenme ve Piknik Alan\u0131 Projesi\u201dnin temelleri at\u0131ld\u0131 -","isPartOf":{"@id":"https:\/\/kibrisdakik.com\/#website"},"primaryImageOfPage":{"@id":"https:\/\/kibrisdakik.com\/?p=30226#primaryimage"},"image":{"@id":"https:\/\/kibrisdakik.com\/?p=30226#primaryimage"},"thumbnailUrl":"https:\/\/kibrisdakik.com\/wp-content\/uploads\/2024\/02\/cayonunde-cocuk-parki-dinlenme-ve-piknik-alani-projesinin-temelleri-atildi-1708088704.webp.webp","datePublished":"2024-02-16T13:13:51+00:00","author":{"@id":"https:\/\/kibrisdakik.com\/#\/schema\/person\/9cd9d437bbb44f72b73ba127e06d8e79"},"breadcrumb":{"@id":"https:\/\/kibrisdakik.com\/?p=30226#breadcrumb"},"inLanguage":"tr","potentialAction":[{"@type":"ReadAction","target":["https:\/\/kibrisdakik.com\/?p=30226"]}]},{"@type":"ImageObject","inLanguage":"tr","@id":"https:\/\/kibrisdakik.com\/?p=30226#primaryimage","url":"https:\/\/kibrisdakik.com\/wp-content\/uploads\/2024\/02\/cayonunde-cocuk-parki-dinlenme-ve-piknik-alani-projesinin-temelleri-atildi-1708088704.webp.webp","contentUrl":"https:\/\/kibrisdakik.com\/wp-content\/uploads\/2024\/02\/cayonunde-cocuk-parki-dinlenme-ve-piknik-alani-projesinin-temelleri-atildi-1708088704.webp.webp","width":710,"height":370},{"@type":"BreadcrumbList","@id":"https:\/\/kibrisdakik.com\/?p=30226#breadcrumb","itemListElement":[{"@type":"ListItem","position":1,"name":"Home","item":"https:\/\/kibrisdakik.com\/"},{"@type":"ListItem","position":2,"name":"\u00c7ay\u00f6n\u00fc\u2019nde \u00c7ocuk Park\u0131, Dinlenme ve Piknik Alan\u0131 Projesi\u201dnin temelleri at\u0131ld\u0131"}]},{"@type":"WebSite","@id":"https:\/\/kibrisdakik.com\/#website","url":"https:\/\/kibrisdakik.com\/","name":"","description":"Tam vaktinde haber","potentialAction":[{"@type":"SearchAction","target":{"@type":"EntryPoint","urlTemplate":"https:\/\/kibrisdakik.com\/?s={search_term_string}"},"query-input":{"@type":"PropertyValueSpecification","valueRequired":true,"valueName":"search_term_string"}}],"inLanguage":"tr"},{"@type":"Person","@id":"https:\/\/kibrisdakik.com\/#\/schema\/person\/9cd9d437bbb44f72b73ba127e06d8e79","name":"admin","image":{"@type":"ImageObject","inLanguage":"tr","@id":"https:\/\/secure.gravatar.com\/avatar\/ccc17943b9d660506c869530f897617f7cb1c21a4bf30023f252596d83e1f007?s=96&d=mm&r=g","url":"https:\/\/secure.gravatar.com\/avatar\/ccc17943b9d660506c869530f897617f7cb1c21a4bf30023f252596d83e1f007?s=96&d=mm&r=g","contentUrl":"https:\/\/secure.gravatar.com\/avatar\/ccc17943b9d660506c869530f897617f7cb1c21a4bf30023f252596d83e1f007?s=96&d=mm&r=g","caption":"admin"},"sameAs":["https:\/\/kibrisdakik.com"],"url":"https:\/\/kibrisdakik.com\/?author=1"}]}},"_links":{"self":[{"href":"https:\/\/kibrisdakik.com\/index.php?rest_route=\/wp\/v2\/posts\/30226","targetHints":{"allow":["GET"]}}],"collection":[{"href":"https:\/\/kibrisdakik.com\/index.php?rest_route=\/wp\/v2\/posts"}],"about":[{"href":"https:\/\/kibrisdakik.com\/index.php?rest_route=\/wp\/v2\/types\/post"}],"author":[{"embeddable":true,"href":"https:\/\/kibrisdakik.com\/index.php?rest_route=\/wp\/v2\/users\/1"}],"replies":[{"embeddable":true,"href":"https:\/\/kibrisdakik.com\/index.php?rest_route=%2Fwp%2Fv2%2Fcomments&post=30226"}],"version-history":[{"count":0,"href":"https:\/\/kibrisdakik.com\/index.php?rest_route=\/wp\/v2\/posts\/30226\/revisions"}],"wp:featuredmedia":[{"embeddable":true,"href":"https:\/\/kibrisdakik.com\/index.php?rest_route=\/wp\/v2\/media\/30227"}],"wp:attachment":[{"href":"https:\/\/kibrisdakik.com\/index.php?rest_route=%2Fwp%2Fv2%2Fmedia&parent=30226"}],"wp:term":[{"taxonomy":"category","embeddable":true,"href":"https:\/\/kibrisdakik.com\/index.php?rest_route=%2Fwp%2Fv2%2Fcategories&post=30226"},{"taxonomy":"post_tag","embeddable":true,"href":"https:\/\/kibrisdakik.com\/index.php?rest_route=%2Fwp%2Fv2%2Ftags&post=30226"}],"curies":[{"name":"wp","href":"https:\/\/api.w.org\/{rel}","templated":true}]}}